{"id":48555,"date":"2022-10-25T12:00:37","date_gmt":"2022-10-25T10:00:37","guid":{"rendered":"https:\/\/www.revistarambla.com\/?p=48555"},"modified":"2024-07-11T19:04:00","modified_gmt":"2024-07-11T17:04:00","slug":"europa-entre-guerra-crisis-y-un-invierno-que-puede-ser-helado","status":"publish","type":"post","link":"https:\/\/www.revistarambla.com\/en\/europa-entre-guerra-crisis-y-un-invierno-que-puede-ser-helado\/","title":{"rendered":"Europa entre guerra, crisis y un invierno que puede ser helado"},"content":{"rendered":"<p>La crisis europea es sostenida y va en aumento, agravada por el impacto cada vez m\u00e1s visible del conflicto Rusia-Ucrania en la vida cotidiana. Los aumentos exorbitantes, especialmente en electricidad, combustibles y servicios, hacen explotar los presupuestos familiares y desencadenan la c\u00f3lera sindical.<\/p>\n<h2><strong>La c\u00f3lera francesa<\/strong><\/h2>\n<p>En Francia, el martes 18 de octubre se realiz\u00f3 una jornada interprofesional de protesta. Hab\u00edan pasado solo tres d\u00edas desde la masiva movilizaci\u00f3n convocada por la Nueva Uni\u00f3n Popular Ecologista y Social (NUPES), que en las legislativas de junio pasado se convirti\u00f3 en la segunda fuerza m\u00e1s votada. Como de costumbre, la batalla de cifras complica el balance: mientras que los organizadores estimaron la participaci\u00f3n el martes en unas 300.000 personas, los portavoces oficiales indicaron un n\u00famero tres veces menor.<\/p>\n<p>La huelga sectorial, que se inici\u00f3 a fines de septiembre en las refiner\u00edas de petr\u00f3leo, se extendi\u00f3 el martes 18 a otros sectores, con impactos parciales: servicio p\u00fablico, energ\u00eda, transporte urbano, industria alimentaria, comercio y personal de institutos profesionales. Las dos principales reivindicaciones fueron la exigencia de un aumento salarial y la oposici\u00f3n categ\u00f3rica a que los trabajadores en lucha sean forzados a volver al trabajo. Saltando fronteras, el 8 y el 9 de octubre varios centenares de activistas hab\u00edan manifestado y bloqueado instalaciones de Total Energie tambi\u00e9n en B\u00e9lgica.<\/p>\n<p>En la industria petrolera francesa, el conflicto sindical continu\u00f3 a\u00fan hasta el jueves 20. Ese d\u00eda se normalizaron tres de los cinco centros aun paralizados luego de que los huelguistas alcanzaran logros aceptables. El suministro de combustible en las estaciones de servicio fue ca\u00f3tico en Francia desde fines del mes pasado.<\/p>\n<p>Para la Confederaci\u00f3n General del Trabajo (CGT) de Francia, \u201ca pesar de los enormes beneficios que obtienen\u00a0las compa\u00f1\u00edas petroleras, en particular Total y Exxon, \u00e9stas se niegan a aceptar las exigencias de los trabajadores\u201d. La CGT subraya que el reclamo consiste en recuperar la p\u00e9rdida del poder salarial causada por la inflaci\u00f3n y asegurar una mejor distribuci\u00f3n de la riqueza creada por los trabajadores mientras se pagan miles de millones de euros en dividendos a los accionistas.<\/p>\n<p>Se calcula que solo en el primer semestre del a\u00f1o en curso, TotalEnergies registr\u00f3 m\u00e1s de 10.000 millones de d\u00f3lares de beneficios. Este gigante petroqu\u00edmico, con sede en Francia,\u00a0cuenta con 105.000 trabajadores en 130 pa\u00edses. En 2021\u00a0contabiliz\u00f3 ingresos por 184,7\u00a0miles de millones de d\u00f3lares.<\/p>\n<h2>Roma a la calle<\/h2>\n<p>En Italia, las principales centrales sindicales del pa\u00eds realizaron el s\u00e1bado 22 de octubre una manifestaci\u00f3n unitaria que convocaron en Roma en defensa de la \u201cSalud y la Seguridad en el Trabajo\u201d. Argumentan que en lo que va de 2022 se produjeron 600 muertes y 400 mil accidentes laborales, as\u00ed como un alt\u00edsimo n\u00famero de irregularidades empresariales que irrespeta el cumplimiento de cl\u00e1usulas b\u00e1sicas. Para los convocantes, \u00abno se trata solo de n\u00fameros, sino tambi\u00e9n de la vida de las personas, su dignidad y sus derechos\u201d.<\/p>\n<p>Esta convocatoria, que seg\u00fan varios analistas pol\u00edticos puede calentar los motores de la protesta social, dio continuidad a la masiva movilizaci\u00f3n sindical que la Confederaci\u00f3n General Italiana del Trabajo (CGIL, su sigla en italiano) convoc\u00f3 el 8 de octubre en esa capital, exactamente un a\u00f1o despu\u00e9s del ataque por parte de grupos neonazis contra su sede central y menos de dos semanas despu\u00e9s de la victoria electoral de la extrema derecha de\u00a0<em>Fratelli d\u2019Italia.<\/em>\u00a0Resultado que puso en tensi\u00f3n al movimiento sindical y las fuerzas pol\u00edticas progresistas.<\/p>\n<p>Las dos reivindicaciones de esta primera protesta luego de las recientes elecciones italianas fueron la defensa de un salario m\u00ednimo digno y la b\u00fasqueda de alternativas al conflicto b\u00e9lico entre Rusia y Ucrania.\u00a0\u00a0\u00abFrenar la guerra con negociaciones, no con el env\u00edo de armas\u00bb, constituy\u00f3 una de las consignas de la manifestaci\u00f3n.<\/p>\n<h2><strong>Se despierta Suiza<\/strong><\/h2>\n<p>En la peque\u00f1a Bellinzona, capital del cant\u00f3n Tesino, fronterizo con Italia, los trabajadores de la construcci\u00f3n dieron el pitazo inicial de un proceso de movilizaciones que se ampliar\u00e1 nacionalmente en las pr\u00f3ximas semanas.<\/p>\n<p>M\u00e1s de 2 mil quinientas personas participaron el lunes 17 de octubre en una marcha (en una ciudad de apenas 40 mil habitantes) que continuar\u00e1 con futuras manifestaciones el 1 de noviembre en Basilea; el 7 y el 8 en otras cinco ciudades de la Suiza francesa, y el 11 en Z\u00farich, donde se realizar\u00e1 una jornada nacional.<\/p>\n<p>Lo que est\u00e1 en juego es la negociaci\u00f3n de un nuevo Convenio Colectivo de Trabajo con la patronal empresaria de la construcci\u00f3n. Seg\u00fan el sindicato UNIA, la patronal insiste en sus condiciones reaccionarias. Ignora las reivindicaciones de los trabajadores y busca negociar eventuales aumentos salariales imponiendo el deterioro de las condiciones de trabajo. Para el sindicato helv\u00e9tico, la realidad es parad\u00f3jica: en un pa\u00eds donde se est\u00e1 construyendo m\u00e1s que nunca, las condiciones laborales son cada d\u00eda peores. La patronal procura suprimir todas las regulaciones pertinentes a las horas de trabajo imponiendo jornadas diarias de hasta 12 horas (sin contar el traslado hasta las obras) y semanas de hasta 58 horas. \u201cSe trata de un ataque a la salud y a la vida familiar de los trabajadores de la construcci\u00f3n\u201d, denuncia el sindicato.<\/p>\n<p>El malestar social, con distintos rostros y reivindicaciones concretas, se manifest\u00f3 tambi\u00e9n en la segunda semana de octubre\u00a0cuando los choferes del transporte p\u00fablico de Ginebra paralizaron el servicio durante 36 horas para exigir \u2013con relativo \u00e9xito\u2013 un reajuste salarial para compensar el deterioro del nivel de vida.<\/p>\n<p>Por su parte, el 17 de octubre\u00a0entraron en huelga por tres d\u00edas, en el aeropuerto suizo de Z\u00farich, los pilotos de Eurowings, filial de Lufthansa de Alemania. Como consecuencia, se cancel\u00f3 la mayor\u00eda de los vuelos de esa compa\u00f1\u00eda de bajos costos con origen y destino en Z\u00farich. Un d\u00eda antes, los pilotos de SWISS International Air Lines \u2013otra filial de Lufthansa\u2013, votaron la huelga si en los pr\u00f3ximos d\u00edas el directorio de la empresa no presenta una propuesta aceptable en cuanto a salarios y condiciones de trabajo.<\/p>\n<h2><strong>Malestar en otros pa\u00edses<\/strong><\/h2>\n<p>En Espa\u00f1a, los sindicatos del sector ferroviario est\u00e1n convocando una huelga de la empresa Renfe (Red Nacional de Ferrocarriles Espa\u00f1oles) para el 28 de octubre y paros parciales el 7 y el 11 de noviembre. Las protestas son resultado de la inacci\u00f3n de la empresa para acordar el nuevo convenio colectivo, indican los promotores de dicha medida de fuerza.\u00a0Los sindicatos exigen, adem\u00e1s, que se d\u00e9 respuesta \u201ca la evidente falta de personal en todas las \u00e1reas y colectivos de la empresa\u201d mediante la pr\u00f3rroga de los contratos temporales.<\/p>\n<p>Unas 15 mil personas, seg\u00fan fuentes oficiales, se movilizaron el 15 de octubre en Madrid para exigir la\u00a0actualizaci\u00f3n de pensiones y salarios\u00a0conforme al \u00cdndice de Precios de Consumo. Dos de las principales centrales sindicales espa\u00f1olas (Comisiones Obreras y UGT), anticiparon una jornada de protesta nacional para el 3 de noviembre. En tanto, sectores de la izquierda anticapitalista organizan encuentros y debates en 40 ciudades para replicar en la pen\u00ednsula las protestas que se est\u00e1n dando en B\u00e9lgica, Francia y Gran Breta\u00f1a.<\/p>\n<p>Octubre tambi\u00e9n ha despertado en un ambiente de c\u00f3lera en Gran Breta\u00f1a, donde se esperan nuevas manifestaciones en las pr\u00f3ximas semanas. El 1 de octubre, varias protestas sociales desbordaron las calles de los centros urbanos m\u00e1s grandes con reivindicaciones precisas que van desde el aumento salarial hasta la protecci\u00f3n del clima.<\/p>\n<p>Adicionalmente, diversas organizaciones \u2013en particular del movimiento juvenil\u2013 han convocado nuevas movilizaciones en distintas ciudades europeas\u00a0durante las pr\u00f3ximas semanas, retomando la iniciativa de ganar las calles en defensa del clima. Convencidos de que la sociedad civil planetaria en general y la europea en particular, deben exigir resultados concretos a la Conferencia de las Naciones Unidas sobre el Cambio Clim\u00e1tico, la COP27 que se realizar\u00e1 en Sharm el-Sheikh, Egipto, del 6 al 18 de noviembre.<\/p>\n<p>Europa palpita. Se moviliza y protesta ante la dimensi\u00f3n de la crisis econ\u00f3mica y social. En paralelo, comienza a tomar fuerza entre expertos y analistas \u2013y m\u00e1s tibiamente entre sindicatos y actores sociales\u2013 la pregunta sobre qui\u00e9n pagar\u00e1 la factura principal de la guerra Ucrania-Rusia y de la futura reconstrucci\u00f3n de Ucrania. En este conflicto, en el propio coraz\u00f3n europeo, nada es gratis. La industria b\u00e9lico-armamentista, la principal beneficiada, le saca punta al l\u00e1piz y se refriega las manos. La ciudadan\u00eda europea, ya sancionada por el aumento estrepitoso de los precios de los combustibles y la energ\u00eda, empieza a alzar la voz.<\/p>","protected":false},"excerpt":{"rendered":"<p>Una parte significativa de Europa se convirti\u00f3 la tercera semana de octubre en una olla a presi\u00f3n en la que empez\u00f3 a calentarse la sopa del conflicto. A este ritmo, de mantenerse prendida la cocina, el continente se dirige hacia una etapa muy tensa debido a las consecuencias directas de la guerra, entre ellas la creciente tensi\u00f3n social.<\/p>","protected":false},"author":24,"featured_media":48556,"comment_status":"open","ping_status":"closed","sticky":false,"template":"","format":"standard","meta":{"footnotes":""},"categories":[4108],"tags":[],"class_list":["post-48555","post","type-post","status-publish","format-standard","has-post-thumbnail","hentry","category-el-apunte-de-sergio-ferrari"],"yoast_head":"<!-- This site is optimized with the Yoast SEO plugin v27.5 - https:\/\/yoast.com\/product\/yoast-seo-wordpress\/ -->\n<title>Europa entre guerra, crisis y un invierno que puede ser helado - Revista Rambla<\/title>\n<meta name=\"robots\" content=\"index, follow, max-snippet:-1, max-image-preview:large, max-video-preview:-1\" \/>\n<link rel=\"canonical\" href=\"https:\/\/www.revistarambla.com\/en\/europa-entre-guerra-crisis-y-un-invierno-que-puede-ser-helado\/\" \/>\n<meta property=\"og:locale\" content=\"en_GB\" \/>\n<meta property=\"og:type\" content=\"article\" \/>\n<meta property=\"og:title\" content=\"Europa entre guerra, crisis y un invierno que puede ser helado - Revista Rambla\" \/>\n<meta property=\"og:description\" content=\"Una parte significativa de Europa se convirti\u00f3 la tercera semana de octubre en una olla a presi\u00f3n en la que empez\u00f3 a calentarse la sopa del conflicto. A este ritmo, de mantenerse prendida la cocina, el continente se dirige hacia una etapa muy tensa debido a las consecuencias directas de la guerra, entre ellas la creciente tensi\u00f3n social.\" \/>\n<meta property=\"og:url\" content=\"https:\/\/www.revistarambla.com\/en\/europa-entre-guerra-crisis-y-un-invierno-que-puede-ser-helado\/\" \/>\n<meta property=\"og:site_name\" content=\"Revista Rambla\" \/>\n<meta property=\"article:publisher\" content=\"https:\/\/www.facebook.com\/revistarambla\/\" \/>\n<meta property=\"article:author\" content=\"https:\/\/www.facebook.com\/sergio.ferrari.9655\" \/>\n<meta property=\"article:published_time\" content=\"2022-10-25T10:00:37+00:00\" \/>\n<meta property=\"article:modified_time\" content=\"2024-07-11T17:04:00+00:00\" \/>\n<meta property=\"og:image\" content=\"https:\/\/www.revistarambla.com\/wp-content\/uploads\/2022\/10\/Movilizacion-sindical-en-Francia-Foto-CGT-768x436-1.jpg\" \/>\n\t<meta property=\"og:image:width\" content=\"768\" \/>\n\t<meta property=\"og:image:height\" content=\"436\" \/>\n\t<meta property=\"og:image:type\" content=\"image\/jpeg\" \/>\n<meta name=\"author\" content=\"Sergio Ferrari\" \/>\n<meta name=\"twitter:card\" content=\"summary_large_image\" \/>\n<meta name=\"twitter:creator\" content=\"@SergiooFerrari\" \/>\n<meta name=\"twitter:site\" content=\"@revistarambla\" \/>\n<meta name=\"twitter:label1\" content=\"Written by\" \/>\n\t<meta name=\"twitter:data1\" content=\"Sergio Ferrari\" \/>\n\t<meta name=\"twitter:label2\" content=\"Estimated reading time\" \/>\n\t<meta name=\"twitter:data2\" content=\"7 minutes\" \/>\n<script type=\"application\/ld+json\" class=\"yoast-schema-graph\">{\"@context\":\"https:\\\/\\\/schema.org\",\"@graph\":[{\"@type\":\"Article\",\"@id\":\"https:\\\/\\\/www.revistarambla.com\\\/europa-entre-guerra-crisis-y-un-invierno-que-puede-ser-helado\\\/#article\",\"isPartOf\":{\"@id\":\"https:\\\/\\\/www.revistarambla.com\\\/europa-entre-guerra-crisis-y-un-invierno-que-puede-ser-helado\\\/\"},\"author\":{\"name\":\"Sergio Ferrari\",\"@id\":\"https:\\\/\\\/www.revistarambla.com\\\/#\\\/schema\\\/person\\\/339e2410a25811f9912d8a8551fa5d96\"},\"headline\":\"Europa entre guerra, crisis y un invierno que puede ser helado\",\"datePublished\":\"2022-10-25T10:00:37+00:00\",\"dateModified\":\"2024-07-11T17:04:00+00:00\",\"mainEntityOfPage\":{\"@id\":\"https:\\\/\\\/www.revistarambla.com\\\/europa-entre-guerra-crisis-y-un-invierno-que-puede-ser-helado\\\/\"},\"wordCount\":1477,\"commentCount\":0,\"publisher\":{\"@id\":\"https:\\\/\\\/www.revistarambla.com\\\/#organization\"},\"image\":{\"@id\":\"https:\\\/\\\/www.revistarambla.com\\\/europa-entre-guerra-crisis-y-un-invierno-que-puede-ser-helado\\\/#primaryimage\"},\"thumbnailUrl\":\"https:\\\/\\\/www.revistarambla.com\\\/wp-content\\\/uploads\\\/2022\\\/10\\\/Movilizacion-sindical-en-Francia-Foto-CGT-768x436-1.jpg\",\"articleSection\":[\"El Apunte\"],\"inLanguage\":\"en-GB\",\"potentialAction\":[{\"@type\":\"CommentAction\",\"name\":\"Comment\",\"target\":[\"https:\\\/\\\/www.revistarambla.com\\\/europa-entre-guerra-crisis-y-un-invierno-que-puede-ser-helado\\\/#respond\"]}]},{\"@type\":\"WebPage\",\"@id\":\"https:\\\/\\\/www.revistarambla.com\\\/europa-entre-guerra-crisis-y-un-invierno-que-puede-ser-helado\\\/\",\"url\":\"https:\\\/\\\/www.revistarambla.com\\\/europa-entre-guerra-crisis-y-un-invierno-que-puede-ser-helado\\\/\",\"name\":\"Europa entre guerra, crisis y un invierno que puede ser helado - Revista Rambla\",\"isPartOf\":{\"@id\":\"https:\\\/\\\/www.revistarambla.com\\\/#website\"},\"primaryImageOfPage\":{\"@id\":\"https:\\\/\\\/www.revistarambla.com\\\/europa-entre-guerra-crisis-y-un-invierno-que-puede-ser-helado\\\/#primaryimage\"},\"image\":{\"@id\":\"https:\\\/\\\/www.revistarambla.com\\\/europa-entre-guerra-crisis-y-un-invierno-que-puede-ser-helado\\\/#primaryimage\"},\"thumbnailUrl\":\"https:\\\/\\\/www.revistarambla.com\\\/wp-content\\\/uploads\\\/2022\\\/10\\\/Movilizacion-sindical-en-Francia-Foto-CGT-768x436-1.jpg\",\"datePublished\":\"2022-10-25T10:00:37+00:00\",\"dateModified\":\"2024-07-11T17:04:00+00:00\",\"breadcrumb\":{\"@id\":\"https:\\\/\\\/www.revistarambla.com\\\/europa-entre-guerra-crisis-y-un-invierno-que-puede-ser-helado\\\/#breadcrumb\"},\"inLanguage\":\"en-GB\",\"potentialAction\":[{\"@type\":\"ReadAction\",\"target\":[\"https:\\\/\\\/www.revistarambla.com\\\/europa-entre-guerra-crisis-y-un-invierno-que-puede-ser-helado\\\/\"]}]},{\"@type\":\"ImageObject\",\"inLanguage\":\"en-GB\",\"@id\":\"https:\\\/\\\/www.revistarambla.com\\\/europa-entre-guerra-crisis-y-un-invierno-que-puede-ser-helado\\\/#primaryimage\",\"url\":\"https:\\\/\\\/www.revistarambla.com\\\/wp-content\\\/uploads\\\/2022\\\/10\\\/Movilizacion-sindical-en-Francia-Foto-CGT-768x436-1.jpg\",\"contentUrl\":\"https:\\\/\\\/www.revistarambla.com\\\/wp-content\\\/uploads\\\/2022\\\/10\\\/Movilizacion-sindical-en-Francia-Foto-CGT-768x436-1.jpg\",\"width\":768,\"height\":436},{\"@type\":\"BreadcrumbList\",\"@id\":\"https:\\\/\\\/www.revistarambla.com\\\/europa-entre-guerra-crisis-y-un-invierno-que-puede-ser-helado\\\/#breadcrumb\",\"itemListElement\":[{\"@type\":\"ListItem\",\"position\":1,\"name\":\"Portada\",\"item\":\"https:\\\/\\\/www.revistarambla.com\\\/\"},{\"@type\":\"ListItem\",\"position\":2,\"name\":\"Europa entre guerra, crisis y un invierno que puede ser helado\"}]},{\"@type\":\"WebSite\",\"@id\":\"https:\\\/\\\/www.revistarambla.com\\\/#website\",\"url\":\"https:\\\/\\\/www.revistarambla.com\\\/\",\"name\":\"Revista Rambla Barcelona\",\"description\":\"Periodismo independiente\",\"publisher\":{\"@id\":\"https:\\\/\\\/www.revistarambla.com\\\/#organization\"},\"potentialAction\":[{\"@type\":\"SearchAction\",\"target\":{\"@type\":\"EntryPoint\",\"urlTemplate\":\"https:\\\/\\\/www.revistarambla.com\\\/?s={search_term_string}\"},\"query-input\":{\"@type\":\"PropertyValueSpecification\",\"valueRequired\":true,\"valueName\":\"search_term_string\"}}],\"inLanguage\":\"en-GB\"},{\"@type\":\"Organization\",\"@id\":\"https:\\\/\\\/www.revistarambla.com\\\/#organization\",\"name\":\"Revista Rambla\",\"url\":\"https:\\\/\\\/www.revistarambla.com\\\/\",\"logo\":{\"@type\":\"ImageObject\",\"inLanguage\":\"en-GB\",\"@id\":\"https:\\\/\\\/www.revistarambla.com\\\/#\\\/schema\\\/logo\\\/image\\\/\",\"url\":\"https:\\\/\\\/www.revistarambla.com\\\/wp-content\\\/uploads\\\/2020\\\/09\\\/banner_rambla_1900x600_BB.png\",\"contentUrl\":\"https:\\\/\\\/www.revistarambla.com\\\/wp-content\\\/uploads\\\/2020\\\/09\\\/banner_rambla_1900x600_BB.png\",\"width\":1900,\"height\":600,\"caption\":\"Revista Rambla\"},\"image\":{\"@id\":\"https:\\\/\\\/www.revistarambla.com\\\/#\\\/schema\\\/logo\\\/image\\\/\"},\"sameAs\":[\"https:\\\/\\\/www.facebook.com\\\/revistarambla\\\/\",\"https:\\\/\\\/x.com\\\/revistarambla\",\"https:\\\/\\\/www.instagram.com\\\/revista_rambla\",\"https:\\\/\\\/es.linkedin.com\\\/company\\\/revista-rambla\"]},{\"@type\":\"Person\",\"@id\":\"https:\\\/\\\/www.revistarambla.com\\\/#\\\/schema\\\/person\\\/339e2410a25811f9912d8a8551fa5d96\",\"name\":\"Sergio Ferrari\",\"description\":\"Periodista argentino radicado en Berna, Suiza. Acreditado ante el Gobierno suizo. Colaborador regular de numerosos medios latinoamericanos y europeos.\",\"sameAs\":[\"https:\\\/\\\/www.voltairenet.org\\\/auteur120173.html?lang=es\",\"https:\\\/\\\/www.facebook.com\\\/sergio.ferrari.9655\",\"https:\\\/\\\/x.com\\\/SergiooFerrari\"]}]}<\/script>\n<!-- \/ Yoast SEO plugin. -->","yoast_head_json":{"title":"Europa entre guerra, crisis y un invierno que puede ser helado - Revista Rambla","robots":{"index":"index","follow":"follow","max-snippet":"max-snippet:-1","max-image-preview":"max-image-preview:large","max-video-preview":"max-video-preview:-1"},"canonical":"https:\/\/www.revistarambla.com\/en\/europa-entre-guerra-crisis-y-un-invierno-que-puede-ser-helado\/","og_locale":"en_GB","og_type":"article","og_title":"Europa entre guerra, crisis y un invierno que puede ser helado - Revista Rambla","og_description":"Una parte significativa de Europa se convirti\u00f3 la tercera semana de octubre en una olla a presi\u00f3n en la que empez\u00f3 a calentarse la sopa del conflicto. A este ritmo, de mantenerse prendida la cocina, el continente se dirige hacia una etapa muy tensa debido a las consecuencias directas de la guerra, entre ellas la creciente tensi\u00f3n social.","og_url":"https:\/\/www.revistarambla.com\/en\/europa-entre-guerra-crisis-y-un-invierno-que-puede-ser-helado\/","og_site_name":"Revista Rambla","article_publisher":"https:\/\/www.facebook.com\/revistarambla\/","article_author":"https:\/\/www.facebook.com\/sergio.ferrari.9655","article_published_time":"2022-10-25T10:00:37+00:00","article_modified_time":"2024-07-11T17:04:00+00:00","og_image":[{"width":768,"height":436,"url":"https:\/\/www.revistarambla.com\/wp-content\/uploads\/2022\/10\/Movilizacion-sindical-en-Francia-Foto-CGT-768x436-1.jpg","type":"image\/jpeg"}],"author":"Sergio Ferrari","twitter_card":"summary_large_image","twitter_creator":"@SergiooFerrari","twitter_site":"@revistarambla","twitter_misc":{"Written by":"Sergio Ferrari","Estimated reading time":"7 minutes"},"schema":{"@context":"https:\/\/schema.org","@graph":[{"@type":"Article","@id":"https:\/\/www.revistarambla.com\/europa-entre-guerra-crisis-y-un-invierno-que-puede-ser-helado\/#article","isPartOf":{"@id":"https:\/\/www.revistarambla.com\/europa-entre-guerra-crisis-y-un-invierno-que-puede-ser-helado\/"},"author":{"name":"Sergio Ferrari","@id":"https:\/\/www.revistarambla.com\/#\/schema\/person\/339e2410a25811f9912d8a8551fa5d96"},"headline":"Europa entre guerra, crisis y un invierno que puede ser helado","datePublished":"2022-10-25T10:00:37+00:00","dateModified":"2024-07-11T17:04:00+00:00","mainEntityOfPage":{"@id":"https:\/\/www.revistarambla.com\/europa-entre-guerra-crisis-y-un-invierno-que-puede-ser-helado\/"},"wordCount":1477,"commentCount":0,"publisher":{"@id":"https:\/\/www.revistarambla.com\/#organization"},"image":{"@id":"https:\/\/www.revistarambla.com\/europa-entre-guerra-crisis-y-un-invierno-que-puede-ser-helado\/#primaryimage"},"thumbnailUrl":"https:\/\/www.revistarambla.com\/wp-content\/uploads\/2022\/10\/Movilizacion-sindical-en-Francia-Foto-CGT-768x436-1.jpg","articleSection":["El Apunte"],"inLanguage":"en-GB","potentialAction":[{"@type":"CommentAction","name":"Comment","target":["https:\/\/www.revistarambla.com\/europa-entre-guerra-crisis-y-un-invierno-que-puede-ser-helado\/#respond"]}]},{"@type":"WebPage","@id":"https:\/\/www.revistarambla.com\/europa-entre-guerra-crisis-y-un-invierno-que-puede-ser-helado\/","url":"https:\/\/www.revistarambla.com\/europa-entre-guerra-crisis-y-un-invierno-que-puede-ser-helado\/","name":"Europa entre guerra, crisis y un invierno que puede ser helado - Revista Rambla","isPartOf":{"@id":"https:\/\/www.revistarambla.com\/#website"},"primaryImageOfPage":{"@id":"https:\/\/www.revistarambla.com\/europa-entre-guerra-crisis-y-un-invierno-que-puede-ser-helado\/#primaryimage"},"image":{"@id":"https:\/\/www.revistarambla.com\/europa-entre-guerra-crisis-y-un-invierno-que-puede-ser-helado\/#primaryimage"},"thumbnailUrl":"https:\/\/www.revistarambla.com\/wp-content\/uploads\/2022\/10\/Movilizacion-sindical-en-Francia-Foto-CGT-768x436-1.jpg","datePublished":"2022-10-25T10:00:37+00:00","dateModified":"2024-07-11T17:04:00+00:00","breadcrumb":{"@id":"https:\/\/www.revistarambla.com\/europa-entre-guerra-crisis-y-un-invierno-que-puede-ser-helado\/#breadcrumb"},"inLanguage":"en-GB","potentialAction":[{"@type":"ReadAction","target":["https:\/\/www.revistarambla.com\/europa-entre-guerra-crisis-y-un-invierno-que-puede-ser-helado\/"]}]},{"@type":"ImageObject","inLanguage":"en-GB","@id":"https:\/\/www.revistarambla.com\/europa-entre-guerra-crisis-y-un-invierno-que-puede-ser-helado\/#primaryimage","url":"https:\/\/www.revistarambla.com\/wp-content\/uploads\/2022\/10\/Movilizacion-sindical-en-Francia-Foto-CGT-768x436-1.jpg","contentUrl":"https:\/\/www.revistarambla.com\/wp-content\/uploads\/2022\/10\/Movilizacion-sindical-en-Francia-Foto-CGT-768x436-1.jpg","width":768,"height":436},{"@type":"BreadcrumbList","@id":"https:\/\/www.revistarambla.com\/europa-entre-guerra-crisis-y-un-invierno-que-puede-ser-helado\/#breadcrumb","itemListElement":[{"@type":"ListItem","position":1,"name":"Portada","item":"https:\/\/www.revistarambla.com\/"},{"@type":"ListItem","position":2,"name":"Europa entre guerra, crisis y un invierno que puede ser helado"}]},{"@type":"WebSite","@id":"https:\/\/www.revistarambla.com\/#website","url":"https:\/\/www.revistarambla.com\/","name":"Revista Rambla Barcelona","description":"Periodismo independiente","publisher":{"@id":"https:\/\/www.revistarambla.com\/#organization"},"potentialAction":[{"@type":"SearchAction","target":{"@type":"EntryPoint","urlTemplate":"https:\/\/www.revistarambla.com\/?s={search_term_string}"},"query-input":{"@type":"PropertyValueSpecification","valueRequired":true,"valueName":"search_term_string"}}],"inLanguage":"en-GB"},{"@type":"Organization","@id":"https:\/\/www.revistarambla.com\/#organization","name":"Revista Rambla","url":"https:\/\/www.revistarambla.com\/","logo":{"@type":"ImageObject","inLanguage":"en-GB","@id":"https:\/\/www.revistarambla.com\/#\/schema\/logo\/image\/","url":"https:\/\/www.revistarambla.com\/wp-content\/uploads\/2020\/09\/banner_rambla_1900x600_BB.png","contentUrl":"https:\/\/www.revistarambla.com\/wp-content\/uploads\/2020\/09\/banner_rambla_1900x600_BB.png","width":1900,"height":600,"caption":"Revista Rambla"},"image":{"@id":"https:\/\/www.revistarambla.com\/#\/schema\/logo\/image\/"},"sameAs":["https:\/\/www.facebook.com\/revistarambla\/","https:\/\/x.com\/revistarambla","https:\/\/www.instagram.com\/revista_rambla","https:\/\/es.linkedin.com\/company\/revista-rambla"]},{"@type":"Person","@id":"https:\/\/www.revistarambla.com\/#\/schema\/person\/339e2410a25811f9912d8a8551fa5d96","name":"Sergio Ferrari","description":"Periodista argentino radicado en Berna, Suiza. Acreditado ante el Gobierno suizo. Colaborador regular de numerosos medios latinoamericanos y europeos.","sameAs":["https:\/\/www.voltairenet.org\/auteur120173.html?lang=es","https:\/\/www.facebook.com\/sergio.ferrari.9655","https:\/\/x.com\/SergiooFerrari"]}]}},"_links":{"self":[{"href":"https:\/\/www.revistarambla.com\/en\/wp-json\/wp\/v2\/posts\/48555","targetHints":{"allow":["GET"]}}],"collection":[{"href":"https:\/\/www.revistarambla.com\/en\/wp-json\/wp\/v2\/posts"}],"about":[{"href":"https:\/\/www.revistarambla.com\/en\/wp-json\/wp\/v2\/types\/post"}],"author":[{"embeddable":true,"href":"https:\/\/www.revistarambla.com\/en\/wp-json\/wp\/v2\/users\/24"}],"replies":[{"embeddable":true,"href":"https:\/\/www.revistarambla.com\/en\/wp-json\/wp\/v2\/comments?post=48555"}],"version-history":[{"count":1,"href":"https:\/\/www.revistarambla.com\/en\/wp-json\/wp\/v2\/posts\/48555\/revisions"}],"predecessor-version":[{"id":48557,"href":"https:\/\/www.revistarambla.com\/en\/wp-json\/wp\/v2\/posts\/48555\/revisions\/48557"}],"wp:featuredmedia":[{"embeddable":true,"href":"https:\/\/www.revistarambla.com\/en\/wp-json\/wp\/v2\/media\/48556"}],"wp:attachment":[{"href":"https:\/\/www.revistarambla.com\/en\/wp-json\/wp\/v2\/media?parent=48555"}],"wp:term":[{"taxonomy":"category","embeddable":true,"href":"https:\/\/www.revistarambla.com\/en\/wp-json\/wp\/v2\/categories?post=48555"},{"taxonomy":"post_tag","embeddable":true,"href":"https:\/\/www.revistarambla.com\/en\/wp-json\/wp\/v2\/tags?post=48555"}],"curies":[{"name":"wp","href":"https:\/\/api.w.org\/{rel}","templated":true}]}}