{"id":4808,"date":"2014-02-14T22:49:07","date_gmt":"2014-02-14T22:49:07","guid":{"rendered":"https:\/\/www.revistarambla.com\/vomito-luego-existo\/"},"modified":"2024-04-20T19:42:52","modified_gmt":"2024-04-20T17:42:52","slug":"vomito-luego-existo","status":"publish","type":"post","link":"https:\/\/www.revistarambla.com\/en\/vomito-luego-existo\/","title":{"rendered":"Vomito, luego existo"},"content":{"rendered":"<p>Muy bajo debemos haber ca\u00eddo si nuestra mirada permanece impasible ante el naufragio de cuerpos hinchados que recibe la playa.<\/p>\n<p>Juntar palabras para intentar contar algo siempre provoca desasosiego. Primero es la desaz\u00f3n frente al reto de hilvanar ideas, de articular las frases adecuadas. Luego la incertidumbre de saber qui\u00e9n podr\u00e1 leer lo escrito, incluso la angustia al pensar que tal vez ese lector ni exista. Imagino que estas preocupaciones son compartidas tambi\u00e9n por aquellos que por sus ocupaciones se ven obligados a realizar intervenciones p\u00fablicas. Y por eso mismo, estoy convencido de que al trascender la muerte de trece inmigrantes ahogados cuando intentaban entrar en Ceuta, <a href=\"https:\/\/www.revistarambla.com\/en\/actualidad\/estado-espanol\/\">Estado espa\u00f1ol<\/a>, el presidente auton\u00f3mico de esta ciudad africana, Juan Vivas, medit\u00f3 profundamente sus palabras antes de asegurar en una entrevista radiof\u00f3nica que la guardia civil que recibi\u00f3 con material antidisturbios a los potenciales cad\u00e1veres \u201cen ning\u00fan caso (lo hizo) con intenci\u00f3n de hacer da\u00f1o, ni a los inmigrantes\u201d.<\/p>\n<p>Quiero pensar que Vivas tiene raz\u00f3n. Que los guardias que compet\u00edan con las fuerzas <a href=\"https:\/\/www.revistarambla.com\/en\/el-satrapa-mohamed-vi-empuja-a-miles-de-ninos-mujeres-y-jovenes-vulnerables-contra-las-fuerzas-armadas-espanolas\/\">marroqu\u00edes<\/a> en controlar la situaci\u00f3n, en ning\u00fan momento pretend\u00edan herir a los j\u00f3venes africanos. Al contrario, ellos y sus colegas de la respetable monarqu\u00eda alau\u00ed solo buscaban protegerlos de los elementos disparando para alejar las olas que agotaban sus pocas fuerzas, arremetiendo contra los pe\u00f1ascos que magullaban sus miembros, dispersando las algas que buscaban ahogar su aliento, embistiendo con sus escudos contra los peces y cangrejos que pretend\u00edan morder sus delicadas carnes. E imagino la frustraci\u00f3n de los miembros de la benem\u00e9rita al comprobar que sus esfuerzos fueron en vano y no pudieron impedir la muerte de estos trece infelices, o los que a\u00fan puedan llegar a la costa acunados por el t\u00e9trico ir y venir de las mareas.<\/p>\n<p><img decoding=\"async\" class=\"aligncenter wp-image-4807 size-full\" src=\"https:\/\/www.revistarambla.com\/wp-content\/uploads\/2014\/02\/Ceuta_revRambla_02.jpg\" alt=\"inmigrantes\" width=\"700\" height=\"252\" srcset=\"https:\/\/www.revistarambla.com\/wp-content\/uploads\/2014\/02\/Ceuta_revRambla_02.jpg 700w, https:\/\/www.revistarambla.com\/wp-content\/uploads\/2014\/02\/Ceuta_revRambla_02-300x108.jpg 300w, https:\/\/www.revistarambla.com\/wp-content\/uploads\/2014\/02\/Ceuta_revRambla_02-500x180.jpg 500w\" sizes=\"(max-width: 700px) 100vw, 700px\" \/><\/p>\n<p>Puede que Vivas tenga raz\u00f3n y que detr\u00e1s del drama no se esconda m\u00e1s que la letal conjunci\u00f3n de imprudencia e ignorancia, propia de gentes llegadas de tierras remotas y retrasadas. Imprudentes empe\u00f1ados en desde\u00f1ar las preventivas concertinas que pretend\u00edan mantenerlos a salvo de las malas intenciones de las olas, los\u00a0 pe\u00f1ascos traicioneros, las algas asesinas y los mordiscos inmisericordes de los cangrejos y los boquerones. Ignorancia de mentalidades atrasadas que responden con violencia primitiva ante la presencia de unos uniformados con \u00f3rdenes de protegerlos y que en su cortedad de entendimiento llegan a percibir como seres malignos y qui\u00e9n sabe si hasta demoniacos.<\/p>\n<p>Seguro que todos estos elementos fueron analizados sosegadamente por el presidente aut\u00f3nomo ceut\u00ed antes de realizar sus declaraciones. Porque de lo contrario solo quedar\u00eda otra posible explicaci\u00f3n para sus palabras: que considerase que las mismas estaban a la altura del nivel intelectual de su receptor, esto es, del ciudadano medio que escucha la radio. Y en ese caso solo podr\u00edamos pensar que para Juan Vivas la capacidad de raciocinio de quienes le escuchan, potenciales votantes de su partido, es nula, que todos nosotros no somos m\u00e1s que una panda de imb\u00e9ciles, retrasados, deficientes, lelos, est\u00fapidos, anormales dignos de ser incluidos en alg\u00fan tratado frenol\u00f3gico de C\u00e9sare Lombroso.<\/p>\n<p>Y puede que de nuevo tenga raz\u00f3n. Porque muy bajo debemos haber ca\u00eddo si nuestra mirada permanece impasible ante el naufragio de cuerpos hinchados que recibe la playa. Aunque eso s\u00ed, en esta ocasi\u00f3n resulta por completo in\u00fatil que busquemos palabras que permitan dar forma a nuestras sensaciones, a nuestro horror. No. Para afrontar la tragedia, o las palabras meditadas de tanto responsable pol\u00edtico, resulta in\u00fatil recurrir al diccionario en busca del l\u00e9xico preciso y la conjunci\u00f3n adecuada. Eso habr\u00e1 que dejarlo para un segundo m\u00e1s tarde. Porque la primera reacci\u00f3n m\u00ednimamente humana tras lo sucedido solo puede ser una: vomitar. Y si es posible que nuestro v\u00f3mito inunde sus despachos.<\/p>","protected":false},"excerpt":{"rendered":"<p>Muy bajo debemos haber ca\u00eddo si nuestra mirada permanece impasible ante el naufragio de cuerpos hinchados que recibe la playa. Juntar palabras para intentar contar algo siempre provoca desasosiego. Primero es la desaz\u00f3n frente al reto de hilvanar ideas, de articular las frases adecuadas. Luego la incertidumbre de saber qui\u00e9n [&hellip;]<\/p>\n","protected":false},"author":3,"featured_media":4807,"comment_status":"open","ping_status":"open","sticky":false,"template":"","format":"standard","meta":{"footnotes":""},"categories":[72],"tags":[],"class_list":["post-4808","post","type-post","status-publish","format-standard","has-post-thumbnail","hentry","category-opinion"],"yoast_head":"<!-- This site is optimized with the Yoast SEO plugin v27.5 - https:\/\/yoast.com\/product\/yoast-seo-wordpress\/ -->\n<title>Vomito, luego existo - Revista Rambla<\/title>\n<meta name=\"description\" content=\"Estoy convencido de que al trascender la muerte de trece inmigrantes ahogados cuando intentaban entrar en Ceuta\" \/>\n<meta name=\"robots\" content=\"index, follow, max-snippet:-1, max-image-preview:large, max-video-preview:-1\" \/>\n<link rel=\"canonical\" href=\"https:\/\/www.revistarambla.com\/en\/vomito-luego-existo\/\" \/>\n<meta property=\"og:locale\" content=\"en_GB\" \/>\n<meta property=\"og:type\" content=\"article\" \/>\n<meta property=\"og:title\" content=\"Vomito, luego existo - Revista Rambla\" \/>\n<meta property=\"og:description\" content=\"Estoy convencido de que al trascender la muerte de trece inmigrantes ahogados cuando intentaban entrar en Ceuta\" \/>\n<meta property=\"og:url\" content=\"https:\/\/www.revistarambla.com\/en\/vomito-luego-existo\/\" \/>\n<meta property=\"og:site_name\" content=\"Revista Rambla\" \/>\n<meta property=\"article:publisher\" content=\"https:\/\/www.facebook.com\/revistarambla\/\" \/>\n<meta property=\"article:author\" content=\"https:\/\/www.facebook.com\/revistarambla\" \/>\n<meta property=\"article:published_time\" content=\"2014-02-14T22:49:07+00:00\" \/>\n<meta property=\"article:modified_time\" content=\"2024-04-20T17:42:52+00:00\" \/>\n<meta property=\"og:image\" content=\"https:\/\/www.revistarambla.com\/wp-content\/uploads\/2014\/02\/Ceuta_revRambla_02.jpg\" \/>\n\t<meta property=\"og:image:width\" content=\"700\" \/>\n\t<meta property=\"og:image:height\" content=\"252\" \/>\n\t<meta property=\"og:image:type\" content=\"image\/jpeg\" \/>\n<meta name=\"author\" content=\"R@mbla\" \/>\n<meta name=\"twitter:card\" content=\"summary_large_image\" \/>\n<meta name=\"twitter:creator\" content=\"@revistarambla\" \/>\n<meta name=\"twitter:site\" content=\"@revistarambla\" \/>\n<meta name=\"twitter:label1\" content=\"Written by\" \/>\n\t<meta name=\"twitter:data1\" content=\"R@mbla\" \/>\n\t<meta name=\"twitter:label2\" content=\"Estimated reading time\" \/>\n\t<meta name=\"twitter:data2\" content=\"4 minutes\" \/>\n<script type=\"application\/ld+json\" class=\"yoast-schema-graph\">{\"@context\":\"https:\\\/\\\/schema.org\",\"@graph\":[{\"@type\":\"Article\",\"@id\":\"https:\\\/\\\/www.revistarambla.com\\\/vomito-luego-existo\\\/#article\",\"isPartOf\":{\"@id\":\"https:\\\/\\\/www.revistarambla.com\\\/vomito-luego-existo\\\/\"},\"author\":{\"name\":\"R@mbla\",\"@id\":\"https:\\\/\\\/www.revistarambla.com\\\/#\\\/schema\\\/person\\\/a146a5a2550b94981a75131180e1bd9c\"},\"headline\":\"Vomito, luego existo\",\"datePublished\":\"2014-02-14T22:49:07+00:00\",\"dateModified\":\"2024-04-20T17:42:52+00:00\",\"mainEntityOfPage\":{\"@id\":\"https:\\\/\\\/www.revistarambla.com\\\/vomito-luego-existo\\\/\"},\"wordCount\":671,\"commentCount\":0,\"publisher\":{\"@id\":\"https:\\\/\\\/www.revistarambla.com\\\/#organization\"},\"image\":{\"@id\":\"https:\\\/\\\/www.revistarambla.com\\\/vomito-luego-existo\\\/#primaryimage\"},\"thumbnailUrl\":\"https:\\\/\\\/www.revistarambla.com\\\/wp-content\\\/uploads\\\/2014\\\/02\\\/Ceuta_revRambla_02.jpg\",\"articleSection\":[\"Opiniones\"],\"inLanguage\":\"en-GB\",\"potentialAction\":[{\"@type\":\"CommentAction\",\"name\":\"Comment\",\"target\":[\"https:\\\/\\\/www.revistarambla.com\\\/vomito-luego-existo\\\/#respond\"]}]},{\"@type\":\"WebPage\",\"@id\":\"https:\\\/\\\/www.revistarambla.com\\\/vomito-luego-existo\\\/\",\"url\":\"https:\\\/\\\/www.revistarambla.com\\\/vomito-luego-existo\\\/\",\"name\":\"Vomito, luego existo - Revista Rambla\",\"isPartOf\":{\"@id\":\"https:\\\/\\\/www.revistarambla.com\\\/#website\"},\"primaryImageOfPage\":{\"@id\":\"https:\\\/\\\/www.revistarambla.com\\\/vomito-luego-existo\\\/#primaryimage\"},\"image\":{\"@id\":\"https:\\\/\\\/www.revistarambla.com\\\/vomito-luego-existo\\\/#primaryimage\"},\"thumbnailUrl\":\"https:\\\/\\\/www.revistarambla.com\\\/wp-content\\\/uploads\\\/2014\\\/02\\\/Ceuta_revRambla_02.jpg\",\"datePublished\":\"2014-02-14T22:49:07+00:00\",\"dateModified\":\"2024-04-20T17:42:52+00:00\",\"description\":\"Estoy convencido de que al trascender la muerte de trece inmigrantes ahogados cuando intentaban entrar en Ceuta\",\"breadcrumb\":{\"@id\":\"https:\\\/\\\/www.revistarambla.com\\\/vomito-luego-existo\\\/#breadcrumb\"},\"inLanguage\":\"en-GB\",\"potentialAction\":[{\"@type\":\"ReadAction\",\"target\":[\"https:\\\/\\\/www.revistarambla.com\\\/vomito-luego-existo\\\/\"]}]},{\"@type\":\"ImageObject\",\"inLanguage\":\"en-GB\",\"@id\":\"https:\\\/\\\/www.revistarambla.com\\\/vomito-luego-existo\\\/#primaryimage\",\"url\":\"https:\\\/\\\/www.revistarambla.com\\\/wp-content\\\/uploads\\\/2014\\\/02\\\/Ceuta_revRambla_02.jpg\",\"contentUrl\":\"https:\\\/\\\/www.revistarambla.com\\\/wp-content\\\/uploads\\\/2014\\\/02\\\/Ceuta_revRambla_02.jpg\",\"width\":700,\"height\":252,\"caption\":\"alt\"},{\"@type\":\"BreadcrumbList\",\"@id\":\"https:\\\/\\\/www.revistarambla.com\\\/vomito-luego-existo\\\/#breadcrumb\",\"itemListElement\":[{\"@type\":\"ListItem\",\"position\":1,\"name\":\"Portada\",\"item\":\"https:\\\/\\\/www.revistarambla.com\\\/\"},{\"@type\":\"ListItem\",\"position\":2,\"name\":\"Vomito, luego existo\"}]},{\"@type\":\"WebSite\",\"@id\":\"https:\\\/\\\/www.revistarambla.com\\\/#website\",\"url\":\"https:\\\/\\\/www.revistarambla.com\\\/\",\"name\":\"Revista Rambla Barcelona\",\"description\":\"Periodismo independiente\",\"publisher\":{\"@id\":\"https:\\\/\\\/www.revistarambla.com\\\/#organization\"},\"potentialAction\":[{\"@type\":\"SearchAction\",\"target\":{\"@type\":\"EntryPoint\",\"urlTemplate\":\"https:\\\/\\\/www.revistarambla.com\\\/?s={search_term_string}\"},\"query-input\":{\"@type\":\"PropertyValueSpecification\",\"valueRequired\":true,\"valueName\":\"search_term_string\"}}],\"inLanguage\":\"en-GB\"},{\"@type\":\"Organization\",\"@id\":\"https:\\\/\\\/www.revistarambla.com\\\/#organization\",\"name\":\"Revista Rambla\",\"url\":\"https:\\\/\\\/www.revistarambla.com\\\/\",\"logo\":{\"@type\":\"ImageObject\",\"inLanguage\":\"en-GB\",\"@id\":\"https:\\\/\\\/www.revistarambla.com\\\/#\\\/schema\\\/logo\\\/image\\\/\",\"url\":\"https:\\\/\\\/www.revistarambla.com\\\/wp-content\\\/uploads\\\/2020\\\/09\\\/banner_rambla_1900x600_BB.png\",\"contentUrl\":\"https:\\\/\\\/www.revistarambla.com\\\/wp-content\\\/uploads\\\/2020\\\/09\\\/banner_rambla_1900x600_BB.png\",\"width\":1900,\"height\":600,\"caption\":\"Revista Rambla\"},\"image\":{\"@id\":\"https:\\\/\\\/www.revistarambla.com\\\/#\\\/schema\\\/logo\\\/image\\\/\"},\"sameAs\":[\"https:\\\/\\\/www.facebook.com\\\/revistarambla\\\/\",\"https:\\\/\\\/x.com\\\/revistarambla\",\"https:\\\/\\\/www.instagram.com\\\/revista_rambla\",\"https:\\\/\\\/es.linkedin.com\\\/company\\\/revista-rambla\"]},{\"@type\":\"Person\",\"@id\":\"https:\\\/\\\/www.revistarambla.com\\\/#\\\/schema\\\/person\\\/a146a5a2550b94981a75131180e1bd9c\",\"name\":\"R@mbla\",\"description\":\"Este art\u00edculo ha sido redactado y\\\/o validado por el equipo de redacci\u00f3n de Revista Rambla.\",\"sameAs\":[\"https:\\\/\\\/www.revistarambla.com\\\/\",\"https:\\\/\\\/www.facebook.com\\\/revistarambla\",\"https:\\\/\\\/x.com\\\/revistarambla\"]}]}<\/script>\n<!-- \/ Yoast SEO plugin. -->","yoast_head_json":{"title":"Vomito, luego existo - Revista Rambla","description":"Estoy convencido de que al trascender la muerte de trece inmigrantes ahogados cuando intentaban entrar en Ceuta","robots":{"index":"index","follow":"follow","max-snippet":"max-snippet:-1","max-image-preview":"max-image-preview:large","max-video-preview":"max-video-preview:-1"},"canonical":"https:\/\/www.revistarambla.com\/en\/vomito-luego-existo\/","og_locale":"en_GB","og_type":"article","og_title":"Vomito, luego existo - Revista Rambla","og_description":"Estoy convencido de que al trascender la muerte de trece inmigrantes ahogados cuando intentaban entrar en Ceuta","og_url":"https:\/\/www.revistarambla.com\/en\/vomito-luego-existo\/","og_site_name":"Revista Rambla","article_publisher":"https:\/\/www.facebook.com\/revistarambla\/","article_author":"https:\/\/www.facebook.com\/revistarambla","article_published_time":"2014-02-14T22:49:07+00:00","article_modified_time":"2024-04-20T17:42:52+00:00","og_image":[{"width":700,"height":252,"url":"https:\/\/www.revistarambla.com\/wp-content\/uploads\/2014\/02\/Ceuta_revRambla_02.jpg","type":"image\/jpeg"}],"author":"R@mbla","twitter_card":"summary_large_image","twitter_creator":"@revistarambla","twitter_site":"@revistarambla","twitter_misc":{"Written by":"R@mbla","Estimated reading time":"4 minutes"},"schema":{"@context":"https:\/\/schema.org","@graph":[{"@type":"Article","@id":"https:\/\/www.revistarambla.com\/vomito-luego-existo\/#article","isPartOf":{"@id":"https:\/\/www.revistarambla.com\/vomito-luego-existo\/"},"author":{"name":"R@mbla","@id":"https:\/\/www.revistarambla.com\/#\/schema\/person\/a146a5a2550b94981a75131180e1bd9c"},"headline":"Vomito, luego existo","datePublished":"2014-02-14T22:49:07+00:00","dateModified":"2024-04-20T17:42:52+00:00","mainEntityOfPage":{"@id":"https:\/\/www.revistarambla.com\/vomito-luego-existo\/"},"wordCount":671,"commentCount":0,"publisher":{"@id":"https:\/\/www.revistarambla.com\/#organization"},"image":{"@id":"https:\/\/www.revistarambla.com\/vomito-luego-existo\/#primaryimage"},"thumbnailUrl":"https:\/\/www.revistarambla.com\/wp-content\/uploads\/2014\/02\/Ceuta_revRambla_02.jpg","articleSection":["Opiniones"],"inLanguage":"en-GB","potentialAction":[{"@type":"CommentAction","name":"Comment","target":["https:\/\/www.revistarambla.com\/vomito-luego-existo\/#respond"]}]},{"@type":"WebPage","@id":"https:\/\/www.revistarambla.com\/vomito-luego-existo\/","url":"https:\/\/www.revistarambla.com\/vomito-luego-existo\/","name":"Vomito, luego existo - Revista Rambla","isPartOf":{"@id":"https:\/\/www.revistarambla.com\/#website"},"primaryImageOfPage":{"@id":"https:\/\/www.revistarambla.com\/vomito-luego-existo\/#primaryimage"},"image":{"@id":"https:\/\/www.revistarambla.com\/vomito-luego-existo\/#primaryimage"},"thumbnailUrl":"https:\/\/www.revistarambla.com\/wp-content\/uploads\/2014\/02\/Ceuta_revRambla_02.jpg","datePublished":"2014-02-14T22:49:07+00:00","dateModified":"2024-04-20T17:42:52+00:00","description":"Estoy convencido de que al trascender la muerte de trece inmigrantes ahogados cuando intentaban entrar en Ceuta","breadcrumb":{"@id":"https:\/\/www.revistarambla.com\/vomito-luego-existo\/#breadcrumb"},"inLanguage":"en-GB","potentialAction":[{"@type":"ReadAction","target":["https:\/\/www.revistarambla.com\/vomito-luego-existo\/"]}]},{"@type":"ImageObject","inLanguage":"en-GB","@id":"https:\/\/www.revistarambla.com\/vomito-luego-existo\/#primaryimage","url":"https:\/\/www.revistarambla.com\/wp-content\/uploads\/2014\/02\/Ceuta_revRambla_02.jpg","contentUrl":"https:\/\/www.revistarambla.com\/wp-content\/uploads\/2014\/02\/Ceuta_revRambla_02.jpg","width":700,"height":252,"caption":"alt"},{"@type":"BreadcrumbList","@id":"https:\/\/www.revistarambla.com\/vomito-luego-existo\/#breadcrumb","itemListElement":[{"@type":"ListItem","position":1,"name":"Portada","item":"https:\/\/www.revistarambla.com\/"},{"@type":"ListItem","position":2,"name":"Vomito, luego existo"}]},{"@type":"WebSite","@id":"https:\/\/www.revistarambla.com\/#website","url":"https:\/\/www.revistarambla.com\/","name":"Revista Rambla Barcelona","description":"Periodismo independiente","publisher":{"@id":"https:\/\/www.revistarambla.com\/#organization"},"potentialAction":[{"@type":"SearchAction","target":{"@type":"EntryPoint","urlTemplate":"https:\/\/www.revistarambla.com\/?s={search_term_string}"},"query-input":{"@type":"PropertyValueSpecification","valueRequired":true,"valueName":"search_term_string"}}],"inLanguage":"en-GB"},{"@type":"Organization","@id":"https:\/\/www.revistarambla.com\/#organization","name":"Revista Rambla","url":"https:\/\/www.revistarambla.com\/","logo":{"@type":"ImageObject","inLanguage":"en-GB","@id":"https:\/\/www.revistarambla.com\/#\/schema\/logo\/image\/","url":"https:\/\/www.revistarambla.com\/wp-content\/uploads\/2020\/09\/banner_rambla_1900x600_BB.png","contentUrl":"https:\/\/www.revistarambla.com\/wp-content\/uploads\/2020\/09\/banner_rambla_1900x600_BB.png","width":1900,"height":600,"caption":"Revista Rambla"},"image":{"@id":"https:\/\/www.revistarambla.com\/#\/schema\/logo\/image\/"},"sameAs":["https:\/\/www.facebook.com\/revistarambla\/","https:\/\/x.com\/revistarambla","https:\/\/www.instagram.com\/revista_rambla","https:\/\/es.linkedin.com\/company\/revista-rambla"]},{"@type":"Person","@id":"https:\/\/www.revistarambla.com\/#\/schema\/person\/a146a5a2550b94981a75131180e1bd9c","name":"R@mbla","description":"Este art\u00edculo ha sido redactado y\/o validado por el equipo de redacci\u00f3n de Revista Rambla.","sameAs":["https:\/\/www.revistarambla.com\/","https:\/\/www.facebook.com\/revistarambla","https:\/\/x.com\/revistarambla"]}]}},"_links":{"self":[{"href":"https:\/\/www.revistarambla.com\/en\/wp-json\/wp\/v2\/posts\/4808","targetHints":{"allow":["GET"]}}],"collection":[{"href":"https:\/\/www.revistarambla.com\/en\/wp-json\/wp\/v2\/posts"}],"about":[{"href":"https:\/\/www.revistarambla.com\/en\/wp-json\/wp\/v2\/types\/post"}],"author":[{"embeddable":true,"href":"https:\/\/www.revistarambla.com\/en\/wp-json\/wp\/v2\/users\/3"}],"replies":[{"embeddable":true,"href":"https:\/\/www.revistarambla.com\/en\/wp-json\/wp\/v2\/comments?post=4808"}],"version-history":[{"count":2,"href":"https:\/\/www.revistarambla.com\/en\/wp-json\/wp\/v2\/posts\/4808\/revisions"}],"predecessor-version":[{"id":59511,"href":"https:\/\/www.revistarambla.com\/en\/wp-json\/wp\/v2\/posts\/4808\/revisions\/59511"}],"wp:featuredmedia":[{"embeddable":true,"href":"https:\/\/www.revistarambla.com\/en\/wp-json\/wp\/v2\/media\/4807"}],"wp:attachment":[{"href":"https:\/\/www.revistarambla.com\/en\/wp-json\/wp\/v2\/media?parent=4808"}],"wp:term":[{"taxonomy":"category","embeddable":true,"href":"https:\/\/www.revistarambla.com\/en\/wp-json\/wp\/v2\/categories?post=4808"},{"taxonomy":"post_tag","embeddable":true,"href":"https:\/\/www.revistarambla.com\/en\/wp-json\/wp\/v2\/tags?post=4808"}],"curies":[{"name":"wp","href":"https:\/\/api.w.org\/{rel}","templated":true}]}}