{"id":47933,"date":"2022-10-19T19:48:21","date_gmt":"2022-10-19T17:48:21","guid":{"rendered":"https:\/\/www.revistarambla.com\/?p=47933"},"modified":"2022-10-19T19:48:21","modified_gmt":"2022-10-19T17:48:21","slug":"esto-no-ha-terminado","status":"publish","type":"post","link":"https:\/\/www.revistarambla.com\/en\/esto-no-ha-terminado\/","title":{"rendered":"Esto no ha terminado"},"content":{"rendered":"<p><strong>\u00a0<\/strong>\u00bfLes suena la frase? La habr\u00e1n o\u00eddo en un mont\u00f3n de pel\u00edculas de acci\u00f3n o de terror adolescente. Cuando ya todo el mundo da por desarticulada la c\u00e9lula terrorista o resuelto el misterio de los cr\u00edmenes en el internado, el protagonista suelta la susodicha cantinela, anunciando un \u00faltimo sobresalto, un giro inopinado del guion: a\u00fan queda por ver una escena de mamporros con el cerebro de la conspiraci\u00f3n, todav\u00eda nos espera un susto al descubrir que el psic\u00f3pata sanguinario era ese ni\u00f1ato con acn\u00e9 que le pasaba los apuntes a la chica.<\/p>\n<p>Habr\u00eda que guardarse de an\u00e1lisis demasiado concluyentes acerca de la salida de JxCat del gobierno de la\u00a0<em>Generalitat<\/em>. S\u00ed, el acontecimiento es in\u00e9dito, trat\u00e1ndose de una fuerza pol\u00edtica con tal apego al poder. Y, desde luego, la ruptura de la coalici\u00f3n independentista marca el final de una etapa, por mucho que esa entente no fuese operativa y encubriese una lucha incesante entre ERC y\u00a0<em>Junts<\/em>. Sin embargo, aqu\u00ed tambi\u00e9n cabe decir que\u00a0<em>esto no ha terminado<\/em>.<\/p>\n<p>Quienes se sorprenden de la evoluci\u00f3n del mundo convergente es porque la contemplan como un fen\u00f3meno puramente nacional. En realidad, no es sino la expresi\u00f3n particular, concreta, de una tendencia que atraviesa al conjunto de las naciones occidentales y que constituye uno de los rasgos caracter\u00edsticos de la actual crisis de la globalizaci\u00f3n neoliberal. Lo que ocurre en Catalunya no es ajeno a lo que ha acontecido con el viejo Partido Republicano americano, que pudo pasar del conservadurismo cl\u00e1sico de\u00a0<strong>John McCain<\/strong>\u00a0\u2013 por citar un exponente representativo de esa tradici\u00f3n \u2013 al populismo golpista de\u00a0<strong>Trump<\/strong>. Ni tampoco es ajena la deriva de la derecha nacionalista catalana al esp\u00edritu que ha hecho emerger de las filas de los\u00a0<em>tory<\/em>\u00a0\u2013 liberales y clasistas hasta la m\u00e9dula, pero no por ello menos realistas \u2013 figuras histri\u00f3nicas como\u00a0<strong>Boris Johnson<\/strong>\u00a0o gente tan ideologizada como\u00a0<strong>Liz Truss<\/strong>, capaz de llevar en una semana la econom\u00eda del Reino Unido al borde del abismo.<\/p>\n<p>Las clases sociales disponen una representaci\u00f3n\u00a0<em>aproximada<\/em>\u00a0a trav\u00e9s de los distintos partidos pol\u00edticos. Hoy, esa representaci\u00f3n est\u00e1 en entredicho. Pero no cabe hablar de una p\u00e9rdida de estima ciudadana referida exclusivamente a los partidos, sino de un cuestionamiento de todas las\u00a0<em>intermediaciones<\/em>\u00a0sobre las que se sustenta el funcionamiento de las democracias. Sin embargo, es en la p\u00e9rdida de autoridad de esas formaciones donde encontramos una de las manifestaciones m\u00e1s sobresalientes de lo que Ignacio\u00a0<strong>S\u00e1nchez-Cuenca<\/strong>\u00a0califica como\u00a0<strong><em>\u201cEl desorden pol\u00edtico\u201d<\/em><\/strong>\u00a0(Ed. Catarata).<em>\u201cEl apoyo a los llamados \u201cpartidos populistas\u201d, que he preferido caracterizar como fuerzas antiestablishment, es la manifestaci\u00f3n m\u00e1s visible del estado de desorden en el que se encuentran muchas democracias representativas. (\u2026) Ese voto hay que ponerlo en relaci\u00f3n con estas otras tendencias: (i) una menguante participaci\u00f3n electoral en el mundo, (ii) un aumento de la polarizaci\u00f3n (medida como peso electoral de partidos a la izquierda de la socialdemocracia y a la derecha del conservadurismo tradicional), (iii) un aumento de la volatilidad, (iv) un pesimismo generalizado sobre el futuro (sobre todo en los pa\u00edses desarrollados) y (v) una percepci\u00f3n extendida de que los pol\u00edticos tradicionales no se preocupan suficientemente por lo que piensa y quiere la ciudadan\u00eda. Todo ello sumado dibuja una pol\u00edtica inestable y desordenada en su funcionamiento.\u201d<\/em><\/p>\n<p><em>\u00a0\u00a0\u00a0\u00a0\u00a0\u00a0\u00a0\u00a0\u00a0\u00a0\u00a0\u00a0<\/em>La salida de\u00a0<em>Junts\u00a0<\/em>del\u00a0<em>govern<\/em>\u00a0se ha producido de modo\u00a0<em>trumpista<\/em>; como\u00a0<em>trumpista\u00a0<\/em>es la apuesta de quienes han propiciado la ruptura, empezando por\u00a0<strong>Puigdemont<\/strong>. El resultado de la consulta a las bases era previsible: el sentimentalismo y la radicalidad laten siempre con mayor fuerza entre las huestes del nacional-populismo que en sus cuadros. Sobre todo en este caso. Los depositarios del\u00a0<em>\u201cgen convergente\u201d<\/em>\u00a0que evoca\u00a0<strong>Enric Juliana<\/strong>\u00a0no gustan de perder posiciones institucionales. Pero, para permanecer en ellas, cabalgaron un movimiento que ahora les sobrepasa.\u00a0<strong>Raimon Obiols<\/strong>\u00a0dice que el pujolismo siempre alent\u00f3 el temor a la desaparici\u00f3n de la identidad catalana. La inflamaci\u00f3n de ese temor, muy propio las clases medias catalanoparlantes, en el contexto cr\u00edtico de un cambio de \u00e9poca, rumbo a lo desconocido, lleva hoy a una decantaci\u00f3n hacia la extrema derecha. Algunos comentaristas hablan de que\u00a0<em>Junts<\/em>\u00a0se ha pegado un tiro en el pie. Y, es cierto, hace mucho fr\u00edo fuera del gobierno. Otros vaticinan una escisi\u00f3n del partido. El mismo<strong>\u00a0Juliana<\/strong>\u00a0dice que no ser\u00eda sorprendente asistir a una en\u00e9sima reactivaci\u00f3n del famoso gen, en torno a una propuesta nacionalista, dispuesta a pactar con quien se tercie, ya sea el PSOE o el PP. S\u00ed, todo eso es posible. Sin embargo, la apuesta por actuar como una fuerza desestabilizadora \u2013 por ser justamente eso: una apuesta y, como tal, una opci\u00f3n llena de riesgos \u2013 no resulta tan infundada como podr\u00eda parecer. Es la pol\u00edtica del\u00a0<em>\u201ccuanto peor,<\/em>\u00a0<em>mejor\u201d<\/em>\u00a0en una \u00e9poca en que la posibilidad de una cat\u00e1strofe planetaria, nuclear o clim\u00e1tica, se antoja a la orden del d\u00eda. Si las pr\u00f3ximas elecciones generales llevasen a\u00a0<strong>Feijoo<\/strong>\u00a0a la Moncloa \u2013 acaso de la mano de\u00a0<em>Vox<\/em>\u00a0-, la relaci\u00f3n entre Espa\u00f1a y Catalunya podr\u00eda tensarse de nuevo, favoreciendo a quienes mantuvieron el estandarte de la confrontaci\u00f3n frente a los entreguistas de ERC. \u00bfHip\u00f3tesis aventurera? Desde luego. Pero en sinton\u00eda con el\u00a0<em>zeitgeist<\/em>\u00a0de los tiempos que vivimos. \u00bfAcaso no ha ganado\u00a0<strong>Giorgia<\/strong>\u00a0<strong>Meloni<\/strong>\u00a0las elecciones italianas, a grito pelado y sin que se alteren los mercados? \u00bfAlguien duda de que el partido de\u00a0<strong>Marine Le Pen<\/strong>\u00a0pueda hacerse con la presidencia de la Rep\u00fablica francesa a la pr\u00f3xima ocasi\u00f3n? Si nos referimos a nuevos sustos nacional-populistas, desde luego\u00a0<em>esto no<\/em>\u00a0<em>ha terminado<\/em>.<\/p>\n<p>Y el caso es que ese virus ha infectado toda la vida pol\u00edtica. Los liderazgos unipersonales, el verticalismo, la superficialidad, el tacticismo desaforado y la adhesi\u00f3n a las formas plebiscitarias, han desplazado la reflexi\u00f3n colectiva y las responsabilidades compartidas, han cancelado el debate estrat\u00e9gico. Prueba de ello, la actitud de ERC, supuesta vencedora del pulso con sus ex-socios de gobierno. \u00bfPodr\u00e1 sostenerse un ejecutivo republicano en solitario?\u00a0<em>Junts<\/em>\u00a0ya lo ha declarado ileg\u00edtimo. La CUP hace tiempo que dej\u00f3 de apoyarlo. PP y\u00a0<em>Ciudadanos<\/em>\u00a0reclaman la convocatoria de elecciones. La incorporaci\u00f3n de perfiles procedentes del \u00e1mbito convergente, socialista e incluso de los\u00a0<em>comunes<\/em>\u00a0es m\u00e1s un juego de espejos que un gui\u00f1o de complicidad hacia esos espacios. Ninguna de las personalidades cooptadas los representa. En realidad, se trata de conferir a ERC un semblante de centralidad pol\u00edtica\u2026 cuando, de hecho, est\u00e1 negando el pan y la sal a las fuerzas que le tienden la mano para facilitar la gobernabilidad del pa\u00eds. El nuevo ejecutivo de\u00a0<strong>Aragon\u00e9s<\/strong>\u00a0pretende maquillar la l\u00ednea dictada por\u00a0<strong>Oriol Junqueras<\/strong>: ni\u00a0<em>comunes<\/em>\u00a0en el gobierno, ni presupuestos pactados con los socialistas.\u00a0<strong>Junqueras<\/strong>\u00a0prefiere unas cuentas prorrogadas \u2013 lo que supondr\u00eda, entre otros sinsabores, la imposibilidad de implementar m\u00e1s de 3.000 millones de euros de fondos europeos \u2013 a un pacto con su bestia negra, el PSC. Por justicia, ante la condena por elevaci\u00f3n de los l\u00edderes del\u00a0<em>\u201cproc\u00e9s\u201d<\/em>, y tambi\u00e9n por voluntad de apaciguamiento, la izquierda les sac\u00f3 de la c\u00e1rcel. Pero el fact\u00f3tum de ERC, personaje de rencores tenaces, no ha perdonado a\u00a0<strong>Miquel Iceta<\/strong>\u00a0que no acudiese en peregrinaci\u00f3n a besar su anillo cardenalicio. ERC acaba filtr\u00e1ndolo todo a trav\u00e9s de la estrechez de su mentalidad nacionalista.<\/p>\n<p>En este caso, el c\u00e1lculo se basa en los esca\u00f1os de que dispone en el Congreso de los Diputados, decisivos para la aprobaci\u00f3n de los PGE. A cambio de eso, \u00a1que dejen a ERC ir a su aire en Catalunya! Pero, cuidado. El miedo cerval a ser acusado de traici\u00f3n pesa mucho en Catalunya y tal vez se trate de subir la apuesta. La\u00a0<em>\u201cdesjudicializaci\u00f3n del conflicto\u201d<\/em> de la que habla\u00a0<strong>Junqueras<\/strong>\u00a0se asemeja a la exigencia de cosas que van mucho m\u00e1s all\u00e1 de aquello que, razonablemente, deber\u00eda hacer el gobierno de\u00a0<strong>Pedro S\u00e1nchez<\/strong>. (A saber, la adecuaci\u00f3n de los delitos de sedici\u00f3n y rebeli\u00f3n a los est\u00e1ndares europeos).\u00a0<strong>Junqueras<\/strong>\u00a0querr\u00eda sin duda que los indultos se ampliasen a las inhabilitaciones para desempe\u00f1ar cargos p\u00fablicos, transformando as\u00ed la medida de gracia del gobierno en una\u00a0<em>amnist\u00eda de<\/em>\u00a0<em>facto<\/em>. El independentismo no habr\u00eda hecho, pues, nada reprobable, merecedor de sanci\u00f3n. La mitad de la sociedad catalana que vio pisoteados sus derechos el 6 y 7 de septiembre de 2017 en lo que, no por incruento, dej\u00f3 de ser una suerte de golpe de Estado, quedar\u00eda por ende reducida al silencio, borrada de la realidad nacional. Habr\u00e1 que estar atentos. No ser\u00eda la primera vez que ERC se entregase a la frivolidad para sacar pecho ante sus votantes. Basta con recordar la votaci\u00f3n de la reforma laboral.<\/p>\n<p>A no ser que intervenga m\u00e1s adelante un cambio de actitud, el artefacto gubernamental de<strong> Pere Aragon\u00e9s<\/strong> parece concebido para ir tirando hasta las elecciones municipales. Y, eventualmente, convocar despu\u00e9s unos comicios auton\u00f3micos. Veremos lo que da de s\u00ed una maniobra que s\u00f3lo cuenta con el respaldo de 33 diputados. En ausencia de acuerdos con la izquierda para responder a la apremiante necesidad social de que las administraciones se consagren por fin al\u00a0<em>gobierno de las cosas<\/em>, su singladura se anuncia poco halag\u00fce\u00f1a. La derecha nacionalista se revuelve contra las instituciones, so\u00f1ando con asaltarlas y vaciarlas de sustancia democr\u00e1tica. Pero el partido de los menestrales y la peque\u00f1a burgues\u00eda por antonomasia, con sus veleidades e inconsistencias, tampoco dejar\u00e1 de procurarnos sobresaltos. Que la izquierda se esfuerce por hacerse o\u00edr en medio del tumulto. Desde luego,\u00a0<em>esto no ha terminado<\/em>.<\/p>","protected":false},"excerpt":{"rendered":"<p>A no ser que intervenga m\u00e1s adelante un cambio de actitud, el artefacto gubernamental de Pere Aragon\u00e9s parece concebido para ir tirando hasta las elecciones municipales. Y, eventualmente, convocar despu\u00e9s unos comicios auton\u00f3micos. Veremos lo que da de s\u00ed una maniobra que s\u00f3lo cuenta con el respaldo de 33 diputados.<\/p>","protected":false},"author":207,"featured_media":28899,"comment_status":"open","ping_status":"open","sticky":false,"template":"","format":"standard","meta":{"footnotes":""},"categories":[72],"tags":[],"class_list":["post-47933","post","type-post","status-publish","format-standard","has-post-thumbnail","hentry","category-opinion"],"yoast_head":"<!-- This site is optimized with the Yoast SEO plugin v27.5 - https:\/\/yoast.com\/product\/yoast-seo-wordpress\/ -->\n<title>Esto no ha terminado - Revista Rambla<\/title>\n<meta name=\"robots\" content=\"index, follow, max-snippet:-1, max-image-preview:large, max-video-preview:-1\" \/>\n<link rel=\"canonical\" href=\"https:\/\/www.revistarambla.com\/en\/esto-no-ha-terminado\/\" \/>\n<meta property=\"og:locale\" content=\"en_GB\" \/>\n<meta property=\"og:type\" content=\"article\" \/>\n<meta property=\"og:title\" content=\"Esto no ha terminado - Revista Rambla\" \/>\n<meta property=\"og:description\" content=\"A no ser que intervenga m\u00e1s adelante un cambio de actitud, el artefacto gubernamental de Pere Aragon\u00e9s parece concebido para ir tirando hasta las elecciones municipales. Y, eventualmente, convocar despu\u00e9s unos comicios auton\u00f3micos. Veremos lo que da de s\u00ed una maniobra que s\u00f3lo cuenta con el respaldo de 33 diputados.\" \/>\n<meta property=\"og:url\" content=\"https:\/\/www.revistarambla.com\/en\/esto-no-ha-terminado\/\" \/>\n<meta property=\"og:site_name\" content=\"Revista Rambla\" \/>\n<meta property=\"article:publisher\" content=\"https:\/\/www.facebook.com\/revistarambla\/\" \/>\n<meta property=\"article:author\" content=\"https:\/\/www.facebook.com\/lluis.rabell\" \/>\n<meta property=\"article:published_time\" content=\"2022-10-19T17:48:21+00:00\" \/>\n<meta property=\"og:image\" content=\"https:\/\/www.revistarambla.com\/wp-content\/uploads\/2021\/03\/laura-borras-pere-aragones.jpeg\" \/>\n\t<meta property=\"og:image:width\" content=\"1200\" \/>\n\t<meta property=\"og:image:height\" content=\"675\" \/>\n\t<meta property=\"og:image:type\" content=\"image\/jpeg\" \/>\n<meta name=\"author\" content=\"Llu\u00eds Rabell\" \/>\n<meta name=\"twitter:card\" content=\"summary_large_image\" \/>\n<meta name=\"twitter:creator\" content=\"@LluisRabell\" \/>\n<meta name=\"twitter:site\" content=\"@revistarambla\" \/>\n<meta name=\"twitter:label1\" content=\"Written by\" \/>\n\t<meta name=\"twitter:data1\" content=\"Llu\u00eds Rabell\" \/>\n\t<meta name=\"twitter:label2\" content=\"Estimated reading time\" \/>\n\t<meta name=\"twitter:data2\" content=\"8 minutes\" \/>\n<script type=\"application\/ld+json\" class=\"yoast-schema-graph\">{\"@context\":\"https:\\\/\\\/schema.org\",\"@graph\":[{\"@type\":\"Article\",\"@id\":\"https:\\\/\\\/www.revistarambla.com\\\/esto-no-ha-terminado\\\/#article\",\"isPartOf\":{\"@id\":\"https:\\\/\\\/www.revistarambla.com\\\/esto-no-ha-terminado\\\/\"},\"author\":{\"name\":\"Llu\u00eds Rabell\",\"@id\":\"https:\\\/\\\/www.revistarambla.com\\\/#\\\/schema\\\/person\\\/3ba9277f13f33db9ef7848c9777ce347\"},\"headline\":\"Esto no ha terminado\",\"datePublished\":\"2022-10-19T17:48:21+00:00\",\"mainEntityOfPage\":{\"@id\":\"https:\\\/\\\/www.revistarambla.com\\\/esto-no-ha-terminado\\\/\"},\"wordCount\":1691,\"commentCount\":0,\"publisher\":{\"@id\":\"https:\\\/\\\/www.revistarambla.com\\\/#organization\"},\"image\":{\"@id\":\"https:\\\/\\\/www.revistarambla.com\\\/esto-no-ha-terminado\\\/#primaryimage\"},\"thumbnailUrl\":\"https:\\\/\\\/www.revistarambla.com\\\/wp-content\\\/uploads\\\/2021\\\/03\\\/laura-borras-pere-aragones.jpeg\",\"articleSection\":[\"Opiniones\"],\"inLanguage\":\"en-GB\",\"potentialAction\":[{\"@type\":\"CommentAction\",\"name\":\"Comment\",\"target\":[\"https:\\\/\\\/www.revistarambla.com\\\/esto-no-ha-terminado\\\/#respond\"]}]},{\"@type\":\"WebPage\",\"@id\":\"https:\\\/\\\/www.revistarambla.com\\\/esto-no-ha-terminado\\\/\",\"url\":\"https:\\\/\\\/www.revistarambla.com\\\/esto-no-ha-terminado\\\/\",\"name\":\"Esto no ha terminado - Revista Rambla\",\"isPartOf\":{\"@id\":\"https:\\\/\\\/www.revistarambla.com\\\/#website\"},\"primaryImageOfPage\":{\"@id\":\"https:\\\/\\\/www.revistarambla.com\\\/esto-no-ha-terminado\\\/#primaryimage\"},\"image\":{\"@id\":\"https:\\\/\\\/www.revistarambla.com\\\/esto-no-ha-terminado\\\/#primaryimage\"},\"thumbnailUrl\":\"https:\\\/\\\/www.revistarambla.com\\\/wp-content\\\/uploads\\\/2021\\\/03\\\/laura-borras-pere-aragones.jpeg\",\"datePublished\":\"2022-10-19T17:48:21+00:00\",\"breadcrumb\":{\"@id\":\"https:\\\/\\\/www.revistarambla.com\\\/esto-no-ha-terminado\\\/#breadcrumb\"},\"inLanguage\":\"en-GB\",\"potentialAction\":[{\"@type\":\"ReadAction\",\"target\":[\"https:\\\/\\\/www.revistarambla.com\\\/esto-no-ha-terminado\\\/\"]}]},{\"@type\":\"ImageObject\",\"inLanguage\":\"en-GB\",\"@id\":\"https:\\\/\\\/www.revistarambla.com\\\/esto-no-ha-terminado\\\/#primaryimage\",\"url\":\"https:\\\/\\\/www.revistarambla.com\\\/wp-content\\\/uploads\\\/2021\\\/03\\\/laura-borras-pere-aragones.jpeg\",\"contentUrl\":\"https:\\\/\\\/www.revistarambla.com\\\/wp-content\\\/uploads\\\/2021\\\/03\\\/laura-borras-pere-aragones.jpeg\",\"width\":1200,\"height\":675},{\"@type\":\"BreadcrumbList\",\"@id\":\"https:\\\/\\\/www.revistarambla.com\\\/esto-no-ha-terminado\\\/#breadcrumb\",\"itemListElement\":[{\"@type\":\"ListItem\",\"position\":1,\"name\":\"Portada\",\"item\":\"https:\\\/\\\/www.revistarambla.com\\\/\"},{\"@type\":\"ListItem\",\"position\":2,\"name\":\"Esto no ha terminado\"}]},{\"@type\":\"WebSite\",\"@id\":\"https:\\\/\\\/www.revistarambla.com\\\/#website\",\"url\":\"https:\\\/\\\/www.revistarambla.com\\\/\",\"name\":\"Revista Rambla Barcelona\",\"description\":\"Periodismo independiente\",\"publisher\":{\"@id\":\"https:\\\/\\\/www.revistarambla.com\\\/#organization\"},\"potentialAction\":[{\"@type\":\"SearchAction\",\"target\":{\"@type\":\"EntryPoint\",\"urlTemplate\":\"https:\\\/\\\/www.revistarambla.com\\\/?s={search_term_string}\"},\"query-input\":{\"@type\":\"PropertyValueSpecification\",\"valueRequired\":true,\"valueName\":\"search_term_string\"}}],\"inLanguage\":\"en-GB\"},{\"@type\":\"Organization\",\"@id\":\"https:\\\/\\\/www.revistarambla.com\\\/#organization\",\"name\":\"Revista Rambla\",\"url\":\"https:\\\/\\\/www.revistarambla.com\\\/\",\"logo\":{\"@type\":\"ImageObject\",\"inLanguage\":\"en-GB\",\"@id\":\"https:\\\/\\\/www.revistarambla.com\\\/#\\\/schema\\\/logo\\\/image\\\/\",\"url\":\"https:\\\/\\\/www.revistarambla.com\\\/wp-content\\\/uploads\\\/2020\\\/09\\\/banner_rambla_1900x600_BB.png\",\"contentUrl\":\"https:\\\/\\\/www.revistarambla.com\\\/wp-content\\\/uploads\\\/2020\\\/09\\\/banner_rambla_1900x600_BB.png\",\"width\":1900,\"height\":600,\"caption\":\"Revista Rambla\"},\"image\":{\"@id\":\"https:\\\/\\\/www.revistarambla.com\\\/#\\\/schema\\\/logo\\\/image\\\/\"},\"sameAs\":[\"https:\\\/\\\/www.facebook.com\\\/revistarambla\\\/\",\"https:\\\/\\\/x.com\\\/revistarambla\",\"https:\\\/\\\/www.instagram.com\\\/revista_rambla\",\"https:\\\/\\\/es.linkedin.com\\\/company\\\/revista-rambla\"]},{\"@type\":\"Person\",\"@id\":\"https:\\\/\\\/www.revistarambla.com\\\/#\\\/schema\\\/person\\\/3ba9277f13f33db9ef7848c9777ce347\",\"name\":\"Llu\u00eds Rabell\",\"description\":\"Barcelona, 1954. Traductor, activista y pol\u00edtico. Diputado del Parlament de Catalunya entre 2015 y 2017, lider\u00f3 el grupo parlamentario de Catalunya S\u00ed que es Pot.\",\"sameAs\":[\"https:\\\/\\\/lluisrabell.com\\\/blog\\\/\",\"https:\\\/\\\/www.facebook.com\\\/lluis.rabell\",\"https:\\\/\\\/x.com\\\/LluisRabell\",\"https:\\\/\\\/es.wikipedia.org\\\/wiki\\\/Llus_Rabell\"]}]}<\/script>\n<!-- \/ Yoast SEO plugin. -->","yoast_head_json":{"title":"Esto no ha terminado - Revista Rambla","robots":{"index":"index","follow":"follow","max-snippet":"max-snippet:-1","max-image-preview":"max-image-preview:large","max-video-preview":"max-video-preview:-1"},"canonical":"https:\/\/www.revistarambla.com\/en\/esto-no-ha-terminado\/","og_locale":"en_GB","og_type":"article","og_title":"Esto no ha terminado - Revista Rambla","og_description":"A no ser que intervenga m\u00e1s adelante un cambio de actitud, el artefacto gubernamental de Pere Aragon\u00e9s parece concebido para ir tirando hasta las elecciones municipales. Y, eventualmente, convocar despu\u00e9s unos comicios auton\u00f3micos. Veremos lo que da de s\u00ed una maniobra que s\u00f3lo cuenta con el respaldo de 33 diputados.","og_url":"https:\/\/www.revistarambla.com\/en\/esto-no-ha-terminado\/","og_site_name":"Revista Rambla","article_publisher":"https:\/\/www.facebook.com\/revistarambla\/","article_author":"https:\/\/www.facebook.com\/lluis.rabell","article_published_time":"2022-10-19T17:48:21+00:00","og_image":[{"width":1200,"height":675,"url":"https:\/\/www.revistarambla.com\/wp-content\/uploads\/2021\/03\/laura-borras-pere-aragones.jpeg","type":"image\/jpeg"}],"author":"Llu\u00eds Rabell","twitter_card":"summary_large_image","twitter_creator":"@LluisRabell","twitter_site":"@revistarambla","twitter_misc":{"Written by":"Llu\u00eds Rabell","Estimated reading time":"8 minutes"},"schema":{"@context":"https:\/\/schema.org","@graph":[{"@type":"Article","@id":"https:\/\/www.revistarambla.com\/esto-no-ha-terminado\/#article","isPartOf":{"@id":"https:\/\/www.revistarambla.com\/esto-no-ha-terminado\/"},"author":{"name":"Llu\u00eds Rabell","@id":"https:\/\/www.revistarambla.com\/#\/schema\/person\/3ba9277f13f33db9ef7848c9777ce347"},"headline":"Esto no ha terminado","datePublished":"2022-10-19T17:48:21+00:00","mainEntityOfPage":{"@id":"https:\/\/www.revistarambla.com\/esto-no-ha-terminado\/"},"wordCount":1691,"commentCount":0,"publisher":{"@id":"https:\/\/www.revistarambla.com\/#organization"},"image":{"@id":"https:\/\/www.revistarambla.com\/esto-no-ha-terminado\/#primaryimage"},"thumbnailUrl":"https:\/\/www.revistarambla.com\/wp-content\/uploads\/2021\/03\/laura-borras-pere-aragones.jpeg","articleSection":["Opiniones"],"inLanguage":"en-GB","potentialAction":[{"@type":"CommentAction","name":"Comment","target":["https:\/\/www.revistarambla.com\/esto-no-ha-terminado\/#respond"]}]},{"@type":"WebPage","@id":"https:\/\/www.revistarambla.com\/esto-no-ha-terminado\/","url":"https:\/\/www.revistarambla.com\/esto-no-ha-terminado\/","name":"Esto no ha terminado - Revista Rambla","isPartOf":{"@id":"https:\/\/www.revistarambla.com\/#website"},"primaryImageOfPage":{"@id":"https:\/\/www.revistarambla.com\/esto-no-ha-terminado\/#primaryimage"},"image":{"@id":"https:\/\/www.revistarambla.com\/esto-no-ha-terminado\/#primaryimage"},"thumbnailUrl":"https:\/\/www.revistarambla.com\/wp-content\/uploads\/2021\/03\/laura-borras-pere-aragones.jpeg","datePublished":"2022-10-19T17:48:21+00:00","breadcrumb":{"@id":"https:\/\/www.revistarambla.com\/esto-no-ha-terminado\/#breadcrumb"},"inLanguage":"en-GB","potentialAction":[{"@type":"ReadAction","target":["https:\/\/www.revistarambla.com\/esto-no-ha-terminado\/"]}]},{"@type":"ImageObject","inLanguage":"en-GB","@id":"https:\/\/www.revistarambla.com\/esto-no-ha-terminado\/#primaryimage","url":"https:\/\/www.revistarambla.com\/wp-content\/uploads\/2021\/03\/laura-borras-pere-aragones.jpeg","contentUrl":"https:\/\/www.revistarambla.com\/wp-content\/uploads\/2021\/03\/laura-borras-pere-aragones.jpeg","width":1200,"height":675},{"@type":"BreadcrumbList","@id":"https:\/\/www.revistarambla.com\/esto-no-ha-terminado\/#breadcrumb","itemListElement":[{"@type":"ListItem","position":1,"name":"Portada","item":"https:\/\/www.revistarambla.com\/"},{"@type":"ListItem","position":2,"name":"Esto no ha terminado"}]},{"@type":"WebSite","@id":"https:\/\/www.revistarambla.com\/#website","url":"https:\/\/www.revistarambla.com\/","name":"Revista Rambla Barcelona","description":"Periodismo independiente","publisher":{"@id":"https:\/\/www.revistarambla.com\/#organization"},"potentialAction":[{"@type":"SearchAction","target":{"@type":"EntryPoint","urlTemplate":"https:\/\/www.revistarambla.com\/?s={search_term_string}"},"query-input":{"@type":"PropertyValueSpecification","valueRequired":true,"valueName":"search_term_string"}}],"inLanguage":"en-GB"},{"@type":"Organization","@id":"https:\/\/www.revistarambla.com\/#organization","name":"Revista Rambla","url":"https:\/\/www.revistarambla.com\/","logo":{"@type":"ImageObject","inLanguage":"en-GB","@id":"https:\/\/www.revistarambla.com\/#\/schema\/logo\/image\/","url":"https:\/\/www.revistarambla.com\/wp-content\/uploads\/2020\/09\/banner_rambla_1900x600_BB.png","contentUrl":"https:\/\/www.revistarambla.com\/wp-content\/uploads\/2020\/09\/banner_rambla_1900x600_BB.png","width":1900,"height":600,"caption":"Revista Rambla"},"image":{"@id":"https:\/\/www.revistarambla.com\/#\/schema\/logo\/image\/"},"sameAs":["https:\/\/www.facebook.com\/revistarambla\/","https:\/\/x.com\/revistarambla","https:\/\/www.instagram.com\/revista_rambla","https:\/\/es.linkedin.com\/company\/revista-rambla"]},{"@type":"Person","@id":"https:\/\/www.revistarambla.com\/#\/schema\/person\/3ba9277f13f33db9ef7848c9777ce347","name":"Llu\u00eds Rabell","description":"Barcelona, 1954. Traductor, activista y pol\u00edtico. Diputado del Parlament de Catalunya entre 2015 y 2017, lider\u00f3 el grupo parlamentario de Catalunya S\u00ed que es Pot.","sameAs":["https:\/\/lluisrabell.com\/blog\/","https:\/\/www.facebook.com\/lluis.rabell","https:\/\/x.com\/LluisRabell","https:\/\/es.wikipedia.org\/wiki\/Llus_Rabell"]}]}},"_links":{"self":[{"href":"https:\/\/www.revistarambla.com\/en\/wp-json\/wp\/v2\/posts\/47933","targetHints":{"allow":["GET"]}}],"collection":[{"href":"https:\/\/www.revistarambla.com\/en\/wp-json\/wp\/v2\/posts"}],"about":[{"href":"https:\/\/www.revistarambla.com\/en\/wp-json\/wp\/v2\/types\/post"}],"author":[{"embeddable":true,"href":"https:\/\/www.revistarambla.com\/en\/wp-json\/wp\/v2\/users\/207"}],"replies":[{"embeddable":true,"href":"https:\/\/www.revistarambla.com\/en\/wp-json\/wp\/v2\/comments?post=47933"}],"version-history":[{"count":1,"href":"https:\/\/www.revistarambla.com\/en\/wp-json\/wp\/v2\/posts\/47933\/revisions"}],"predecessor-version":[{"id":47934,"href":"https:\/\/www.revistarambla.com\/en\/wp-json\/wp\/v2\/posts\/47933\/revisions\/47934"}],"wp:featuredmedia":[{"embeddable":true,"href":"https:\/\/www.revistarambla.com\/en\/wp-json\/wp\/v2\/media\/28899"}],"wp:attachment":[{"href":"https:\/\/www.revistarambla.com\/en\/wp-json\/wp\/v2\/media?parent=47933"}],"wp:term":[{"taxonomy":"category","embeddable":true,"href":"https:\/\/www.revistarambla.com\/en\/wp-json\/wp\/v2\/categories?post=47933"},{"taxonomy":"post_tag","embeddable":true,"href":"https:\/\/www.revistarambla.com\/en\/wp-json\/wp\/v2\/tags?post=47933"}],"curies":[{"name":"wp","href":"https:\/\/api.w.org\/{rel}","templated":true}]}}