{"id":47762,"date":"2022-10-14T19:43:55","date_gmt":"2022-10-14T17:43:55","guid":{"rendered":"https:\/\/www.revistarambla.com\/?p=47762"},"modified":"2022-10-14T19:57:45","modified_gmt":"2022-10-14T17:57:45","slug":"annie-ernaux-mujer-premio-nobel-y-antisionista","status":"publish","type":"post","link":"https:\/\/www.revistarambla.com\/en\/annie-ernaux-mujer-premio-nobel-y-antisionista\/","title":{"rendered":"Annie Ernaux, mujer, premio nobel y antisionista"},"content":{"rendered":"<p>Y claro, en la cl\u00e1sica pol\u00edtica de perseguir a todo aquel que denuncie los cr\u00edmenes del sionismo, medios de comunicaci\u00f3n ligados estrechamente a la casta c\u00edvico-militar que rige a la entidad israel\u00ed, han criticado que la Academia Sueca haya reconocido con el Premio Nobel de Literatura a la escritora francesa Annie Ernaux.<!--more--> Efectivamente, el pasado jueves 6 de octubre apenas se conoci\u00f3 el nombre de la nueva Premio Nobel de Literatura, el diario <em>The Jerusal\u00e9n Post<\/em> (1) que suele entregar la visi\u00f3n de las administraciones israel\u00edes titul\u00f3 un art\u00edculo donde se\u00f1alan su rechazo al otorgamiento de este importante premio: \u201cEl BDS apoyado repetidamente por la nueva premio Nobel Annie Ernaux\u201d. Con ello se minimiza su importancia literaria y se pretende demonizar a la intelectual francesa y situarla en el bando de los antisemitas y antijud\u00edos, que es el mecanismo usado por los detentadores de la ideolog\u00eda sionista, para generar una campa\u00f1a de desprestigio contra todo aquel que critique la pol\u00edtica racista, de apartheid y criminal en esencia, que practica Israel contra el pueblo palestino.<\/p>\n<p><img decoding=\"async\" class=\"aligncenter wp-image-47764 size-full\" src=\"https:\/\/www.revistarambla.com\/wp-content\/uploads\/2022\/10\/Screenshot-2022-10-14-at-19-41-01-Annie-Ernaux-Mujer-Premio-Nobel-y-Antisionista-HISPANTV.png\" alt=\"\" width=\"530\" height=\"443\" srcset=\"https:\/\/www.revistarambla.com\/wp-content\/uploads\/2022\/10\/Screenshot-2022-10-14-at-19-41-01-Annie-Ernaux-Mujer-Premio-Nobel-y-Antisionista-HISPANTV.png 530w, https:\/\/www.revistarambla.com\/wp-content\/uploads\/2022\/10\/Screenshot-2022-10-14-at-19-41-01-Annie-Ernaux-Mujer-Premio-Nobel-y-Antisionista-HISPANTV-437x365.png 437w, https:\/\/www.revistarambla.com\/wp-content\/uploads\/2022\/10\/Screenshot-2022-10-14-at-19-41-01-Annie-Ernaux-Mujer-Premio-Nobel-y-Antisionista-HISPANTV-14x12.png 14w\" sizes=\"(max-width: 530px) 100vw, 530px\" \/><\/p>\n<p>Est\u00e1 pronta a comenzar una operaci\u00f3n pol\u00edtica-medi\u00e1tica destinada a influir sobre la Academia Sueca para retirar el premio obtenido por la escritora francesa y si ello no es as\u00ed, al menos minimizar su obra en aras de un supuesto antisemitismo. Las pruebas para este nuevo lloriqueo sionista, ha sido la posici\u00f3n pol\u00edtica de la escritora francesa de clara oposici\u00f3n a la ocupaci\u00f3n y colonizaci\u00f3n israel\u00ed de palestina. La condena a sus cr\u00edmenes y la necesidad de impulsar la denominada campa\u00f1a de Boicot, Desinversi\u00f3n y Sanciones \u2013 BDS \u2013 que tanto duele al r\u00e9gimen sionista por las p\u00e9rdidas econ\u00f3micas que significan para el ente israel\u00ed. Annie Ernaux ha sido una activa cr\u00edtica de cualquier tipo de e cooperaci\u00f3n art\u00edstica-cultural entre Francia e Israel pues tal conducta significa un blanqueo de la imagen de un r\u00e9gimen que comete cr\u00edmenes contra el pueblo palestino.<\/p>\n<p>Para los pol\u00edticos sionistas, sus agencias de relaciones p\u00fablicas y sus aliados del tipo Joe Biden, la premier inglesa Liz Truss, autodefinida como \u201cuna gran sionista y una gran defensora de Israel\u201d la tarea ser\u00e1 presentar a cualquiera con cierta impronta, que se atreva a poner en el banquillo de los acusados a uno de los reg\u00edmenes m\u00e1s criminales de los \u00faltimos 50 a\u00f1os, como es Israel, como un peligro para la \u201ccreaci\u00f3n de un mundo tolerante, respetuoso y alejado de los discurso de odio\u201d aunque sea efectivamente el sionismo y sus serviles aliados los que propician la intolerancia y las acciones destinadas a poner mordazas en las bocas, escritos y acciones de quienes denuncian a Israel como entidad segregacionista, que pr\u00e1ctica una pol\u00edtica de apartheid similar e incluso peor que aquella del r\u00e9gimen racista sudafricano.<\/p>\n<p>Para los defensores del sionismo su objetivo es que destaquen y premien s\u00f3lo aquellas obras y trayectorias de incondicionales de Israel y su ideolog\u00eda. Tal vez a The Jerusal\u00e9n Post le gustar\u00eda que los autores de los numerosos libros Superventas, que nos entregan la variedad de oficios y ocupaciones desarrolladas por prisioneros en los campos de concentraci\u00f3n del nacionalismo, tales como: \u201cEl sastre de Auschwitz\u201d, \u201cEl Tatuador de Auschwitz\u201d. \u201cLa bailarina de Auschwitz\u201d, \u201cLa bibliotecaria de Auschwitz\u201d, \u201cEl farmac\u00e9utico de Auschwitz\u201d, \u201cEl chico que sigui\u00f3 a su padre hasta Auschwitz\u201d, \u201cEl ni\u00f1o de pijama a rayas\u201d y as\u00ed una suma sigue en el cat\u00e1logo de la muestra del sufrimiento de aquellos europeos de creencia jud\u00eda. Una innumerable bibliograf\u00eda literaria y filmogr\u00e1fica (2) que a trav\u00e9s de una estudiada inversi\u00f3n pretende mantener vigente el tema de los cr\u00edmenes del Tercer Reich.<\/p>\n<p>Claro est\u00e1, que lo anterior s\u00f3lo estar\u00eda relacionado con los europeos de creencia jud\u00eda, pues la muerte de 26 millones de sovi\u00e9ticos, 300 mil hombres, mujeres y ni\u00f1os con discapacidad mental (3) decenas de miles de miembros del pueblo roma europeo. Homosexuales, prisioneros de guerra y pol\u00edticos que tambi\u00e9n estuvieron confinados en campos de concentraci\u00f3n nazis no son parte de ning\u00fan recuerdo de exterminio. Es el recuerdo exclusivo y excluyente que tan bien lo ha trabajado el sionismo, que durante d\u00e9cadas nos han llevado por el camino de conmovernos, s\u00f3lo por el sufrimiento de aquellos europeos de creencia jud\u00eda, asesinados por el r\u00e9gimen del Tercer Reich y que tan bien lo describe como lo describe el intelectual Norman Finkelstein \u2013 cuyo padre y madre estuvieron confinados en los campos de concentraci\u00f3n de Auschwitz y Majdanek \u2013 como \u201cla Industria del Holocausto\u201d (4).<\/p>\n<p>Enhorabuena una mujer, escritora y adem\u00e1s con pasi\u00f3n y posici\u00f3n pol\u00edtico sin tapujos es merecedora de un Premio nobel de Literatura. La n\u00famero 18 en 119 a\u00f1os de premios mayoritariamente masculinos. A la escritora Annie Ernaux el sionismo no le perdona que no haya callado en un pa\u00eds como Francia donde el lobby sionista ha escalado a altas esferas del poder. No le perdona que en mayo del a\u00f1o 2019 haya firmado una carta junto a m\u00e1s de un centenar de artistas franceses llamando a ejercer un Boicot al festival Eurovisi\u00f3n que se celebrar\u00eda en Tel Aviv \u2013 en territorio de la palestina hist\u00f3rica ocupada \u2013 como tambi\u00e9n que la televisi\u00f3n p\u00fablica francesa no transmitiera este evento destinado a blanquear la imagen de un r\u00e9gimen, que a pocos kil\u00f3metros del escenario asesinaba, en esos d\u00edas a hombres, mujeres y ni\u00f1os palestinos. Ah\u00ed detr\u00e1s del Muro de segregaci\u00f3n que rodea Cisjordania y de la bloqueada Franja de Gaza.<\/p>\n<p>El sionismo no le perdona a Annie Ernaux que el a\u00f1o 2018 haya firmado una carta junto a 80 artistas expresando su firme oposici\u00f3n a tener cualquier v\u00ednculo intercultural franco-israel\u00ed \u201ctal hecho blanquea la imagen de una entidad criminal\u2026es una obligaci\u00f3n moral, para cualquier persona con conciencia rechazar la normalizaci\u00f3n de las relaciones con Israel\u201d signaba esta carta. Como tampoco que en ejercicio de su libertad a, prendida en un pa\u00eds que fue capaz de enfrentar al nacionalsocialismo a trav\u00e9s de sus grupos de resistencia, que apoyara\u00a0 la liberaci\u00f3n de George Abdallah, cat\u00f3lico maronita, sentenciado y preso en Francia, por haber concretado como miembro de las Facciones Armadas Revolucionarias Libaneses \u00a0\u2013 de la cual fue cofundador \u2013 la muerte de del agregado militar estadounidense y agente de la CIA en Beirut, teniente coronel Charles R. Ray y del agente del Mossad bajo la mascarada de diplom\u00e1tico Yaakov bar-Simantov. Esto, en momentos que El L\u00edbano estaba bajo ocupaci\u00f3n de estados unidos y la entidad israel\u00ed. Para Annie Ernaux la libertad de Abdallah era una exigencia pues se trataba de \u201cun hombre comprometido con el pueblo palestino y contra la colonizaci\u00f3n\u00bb.<\/p>\n<p>En mayo del a\u00f1o 2021 pocos d\u00edas del t\u00e9rmino de la operaci\u00f3n de Exterminio llevado a cabo por Israel contra la Franja de Gaza, Annie Ernaux nuevamente puso al sionismo en el lugar que debe estar: el estrado de los criminales, al firmar una carta titulada \u201cUna Carta Contra el Apartheid\u201d\u00a0que daba cuenta de los ataques y cr\u00edmenes cometidos contra la poblaci\u00f3n palestina en Israel y los cr\u00edmenes cometidos contra el pueblo palestino tanto en Cisjordania como en la Franja de gaza \u201cEnmarcar esto como una guerra entre dos bandos iguales es falso y enga\u00f1oso. Israel es la potencia colonizadora. Palestina est\u00e1 colonizada. Esto no es un conflicto: esto es apartheid\u201d, dec\u00eda la carta firmada, entre otros, por Ernaux.<\/p>\n<p>La Academia Sueca reconoci\u00f3 el pasado jueves 6 de octubre con el Premio Nobel de Literatura a la escritora francesa Annie Ernaux, \u00abpor el coraje y la agudeza cl\u00ednica con los que descubre las ra\u00edces, alineamientos y limitaciones colectivas de la memoria personal\u00bb. Agregar\u00eda, que tambi\u00e9n merece el reconocimiento por traer desde el recuerdo lo que es presente a\u00fan: la tragedia que soporta el pueblo palestino a manos del r\u00e9gimen infanticida israel\u00ed. Ya eso pone a Ernaux en lo m\u00e1s alto del ser humano, la que se conmueve y no calla interesadamente. Pues tal vez podr\u00eda recibir el aplauso medi\u00e1tico de los mass media estadounidenses, franceses, brit\u00e1nicos, alemanes si no fuera la que es: una mujer comprometida, l\u00facida y con coraje.<\/p>\n<p>Annie Ernaux es una firme partidaria de llevar adelante, hasta el fin del sionismo, la campa\u00f1a de Boicot, Desinversi\u00f3n y Sanciones \u2013 BDS \u2013 de tal manera de incrementar la presi\u00f3n global para poner t\u00e9rmino a 74 a\u00f1os de ocupaci\u00f3n y colonizaci\u00f3n de palestina. Proceso que ha significado muerte para decena de miles de hombres, mujeres y ni\u00f1os. El robo de las riquezas palestinas, la sionizaci\u00f3n de sus ciudades, la pretensi\u00f3n de invisibilizar su historia, cercarla con muros, impedir el retorno de sus hijos e hijas. Llenar su tierra con colonos extranjeros.<\/p>\n<p>En la conferencia de prensa tras conocer el galard\u00f3n otorgado, Annie Ernaux sostuvo \u201ceste premio representa algo inmenso teniendo en cuenta mis or\u00edgenes. Es una responsabilidad. Hoy pienso en las personas oscuras, en mi familia. He escrito para los que han luchado mucho. El escribir es el acto pol\u00edtico m\u00e1s importante y he hecho de la literatura un compromiso con los derechos de los m\u00e1s desfavorecidos y de las mujeres. Mi trabajo es pol\u00edtico, aunque no participe en movimientos sociales o pol\u00edticos y la responsabilidad a la que me refiero es la de continuar la lucha contra todas las injusticias, las que sean\u00bb Que buena noticia Annie Ernaux, porque eso significa que seguir\u00e1s poniendo el dedo en la llaga de la herida que significa para el pueblo palestino en particular y el mundo en general el tener que soportar una ideolog\u00eda criminal como la sionista.<\/p>\n<h4>Notas:<\/h4>\n<p>(1) https:\/\/www.jpost.com\/bds-threat\/article-719059.<\/p>\n<p>(2) Sobre todo, en la \u00faltima d\u00e9cada ha existido una explosi\u00f3n de series, documentales y remakes de creaciones vinculadas a lo que Israel denomina Holocausto. En cadenas como Netflix, Amazon prime y la industria cinematogr\u00e1fica estadounidense se suceden los t\u00edtulos. Fauda. El \u00faltimo tren a Auschwitz. Escape de Sobibor. El Pianista. La Lista de Schindler. El Hijo de Sa\u00fal. El libro negro. La zona gris, Resistencia. El diario de Ana Frank y as\u00ed suma y sigue. Pregunte usted qu\u00e9 pel\u00edculas se han hecho en Hollywood sobre Al Nakba, sobre los cr\u00edmenes del sionismo contra el pueblo palestino y claro.<\/p>\n<p>(3) <a href=\"https:\/\/www.dw.com\/es\/qui%C3%A9nes-eran-los-discapacitados-que-mataron-los-nazis\/a-38669593\">https:\/\/www.dw.com\/es\/qui%C3%A9nes-eran-los-discapacitados-que-mataron-los-nazis\/a-38669593<\/a><\/p>\n<p>(4) https:\/\/www.akal.com\/libro\/la-industria-del-holocausto_34967\/Norman G. Finkelstein expone la tesis de que la memoria del Holocausto no comenz\u00f3 a adquirir la importancia de la que goza hoy d\u00eda hasta despu\u00e9s de la guerra \u00e1rabe-israel\u00ed de 1967. Esta guerra demostr\u00f3 la fuerza militar de Israel y consigui\u00f3 que Estados Unidos lo considerara un importante aliado en Oriente Pr\u00f3ximo. Esta nueva situaci\u00f3n estrat\u00e9gica de Israel sirvi\u00f3 a los l\u00edderes de la comunidad jud\u00eda estadounidense para explotar el Holocausto con el fin de promover su nueva situaci\u00f3n privilegiada, y para inmunizar a la pol\u00edtica de Israel contra toda cr\u00edtica. As\u00ed, Finkelstein sostiene que uno de los mayores peligros para la memoria de las v\u00edctimas del nazismo procede precisamente de aquellos que se erigen en sus guardianes.<\/p>\n<h4>Bibliograf\u00eda<\/h4>\n<p>\u201cLes armoires vides\u201d en 1974. Publicado en ingl\u00e9s como \u201cCleaned Out\u201d.\u00a0\u00abCe qu\u2019ils disent ou rien\u00bb \u2013 \u00abLo que dicen va\u00bb \u2013 \u00abLa femme gel\u00e9e\u00bb \u2013 \u00abLa mujer congelada\u00bb \u2013 \u201cLa place\u201d \u2013 \u201cEl lugar de un hombre\u201d -. \u201cLa honte\u201d \u2013 \u201cVerg\u00fcenza\u201d \u2013 publicada en 1997. L\u2019\u00e9v\u00e9nement\u201d \u2013 \u201cHappening\u201d \u2013 del a\u00f1o 2000. Su libro m\u00e1s aclamado por la cr\u00edtica es \u00abLes ann\u00e9es\u00bb \u2013 \u00abLos a\u00f1os\u00bb) \u2013 publicado en el 2008 y descrito por los cr\u00edticos como \u00abla primera autobiograf\u00eda colectiva\u00bb, describe a la propia Ernaux y a la sociedad francesa en general desde el final de la Segunda Guerra Mundial hasta el siglo XXI.\u00a0\u00abM\u00e9moire de fille\u00bb \u2013 \u00abHistoria de una ni\u00f1a\u00bb \u2013 de Ernaux, de 2016, sigue la mayor\u00eda de edad de una mujer joven en la d\u00e9cada de 1950, mientras que \u00abPassion Simple\u00bb \u2013 \u00abSimple Passion\u00bb \u2013 y \u00abSe perdre \u00ab- (\u00abGetting Lost\u00bb \u2013 que da cuenta del romance de Annie Ernaux con un diplom\u00e1tico ruso.<\/p>\n<p><em>(*) Publicado originalmente en Hispan TV. Lea <span style=\"text-decoration: underline;\"><a href=\"https:\/\/www.hispantv.com\/noticias\/opinion\/553109\/annie-ernaux-mujer-premio-nobel-antisionista\">aqu\u00ed<\/a><\/span> el original.<\/em><\/p>","protected":false},"excerpt":{"rendered":"<p>Enhorabuena. Una mujer, de origen obrero, escritora con una narrativa punzante, que no deja indiferente, dotada, adem\u00e1s, de una gran pasi\u00f3n y posici\u00f3n pol\u00edtica antisionista, sin tapujos, ha sido merecedora del Premio Nobel de Literatura 2022. <\/p>","protected":false},"author":323,"featured_media":47763,"comment_status":"open","ping_status":"open","sticky":false,"template":"","format":"standard","meta":{"footnotes":""},"categories":[60],"tags":[],"class_list":["post-47762","post","type-post","status-publish","format-standard","has-post-thumbnail","hentry","category-libros"],"yoast_head":"<!-- This site is optimized with the Yoast SEO plugin v27.5 - https:\/\/yoast.com\/product\/yoast-seo-wordpress\/ -->\n<title>Annie Ernaux, mujer, premio nobel y antisionista - Revista Rambla<\/title>\n<meta name=\"robots\" content=\"index, follow, max-snippet:-1, max-image-preview:large, max-video-preview:-1\" \/>\n<link rel=\"canonical\" href=\"https:\/\/www.revistarambla.com\/en\/annie-ernaux-mujer-premio-nobel-y-antisionista\/\" \/>\n<meta property=\"og:locale\" content=\"en_GB\" \/>\n<meta property=\"og:type\" content=\"article\" \/>\n<meta property=\"og:title\" content=\"Annie Ernaux, mujer, premio nobel y antisionista - Revista Rambla\" \/>\n<meta property=\"og:description\" content=\"Enhorabuena. Una mujer, de origen obrero, escritora con una narrativa punzante, que no deja indiferente, dotada, adem\u00e1s, de una gran pasi\u00f3n y posici\u00f3n pol\u00edtica antisionista, sin tapujos, ha sido merecedora del Premio Nobel de Literatura 2022.\" \/>\n<meta property=\"og:url\" content=\"https:\/\/www.revistarambla.com\/en\/annie-ernaux-mujer-premio-nobel-y-antisionista\/\" \/>\n<meta property=\"og:site_name\" content=\"Revista Rambla\" \/>\n<meta property=\"article:publisher\" content=\"https:\/\/www.facebook.com\/revistarambla\/\" \/>\n<meta property=\"article:published_time\" content=\"2022-10-14T17:43:55+00:00\" \/>\n<meta property=\"article:modified_time\" content=\"2022-10-14T17:57:45+00:00\" \/>\n<meta property=\"og:image\" content=\"https:\/\/www.revistarambla.com\/wp-content\/uploads\/2022\/10\/04493609_xl.jpg\" \/>\n\t<meta property=\"og:image:width\" content=\"880\" \/>\n\t<meta property=\"og:image:height\" content=\"495\" \/>\n\t<meta property=\"og:image:type\" content=\"image\/jpeg\" \/>\n<meta name=\"author\" content=\"Pablo Jofr\u00e9 Leal\" \/>\n<meta name=\"twitter:card\" content=\"summary_large_image\" \/>\n<meta name=\"twitter:creator\" content=\"@pablojofreleal\" \/>\n<meta name=\"twitter:site\" content=\"@revistarambla\" \/>\n<meta name=\"twitter:label1\" content=\"Written by\" \/>\n\t<meta name=\"twitter:data1\" content=\"Pablo Jofr\u00e9 Leal\" \/>\n\t<meta name=\"twitter:label2\" content=\"Estimated reading time\" \/>\n\t<meta name=\"twitter:data2\" content=\"10 minutes\" \/>\n<script type=\"application\/ld+json\" class=\"yoast-schema-graph\">{\"@context\":\"https:\\\/\\\/schema.org\",\"@graph\":[{\"@type\":\"Article\",\"@id\":\"https:\\\/\\\/www.revistarambla.com\\\/annie-ernaux-mujer-premio-nobel-y-antisionista\\\/#article\",\"isPartOf\":{\"@id\":\"https:\\\/\\\/www.revistarambla.com\\\/annie-ernaux-mujer-premio-nobel-y-antisionista\\\/\"},\"author\":{\"name\":\"Pablo Jofr\u00e9 Leal\",\"@id\":\"https:\\\/\\\/www.revistarambla.com\\\/#\\\/schema\\\/person\\\/99562de337bd2ae62dfbb6abd2e99990\"},\"headline\":\"Annie Ernaux, mujer, premio nobel y antisionista\",\"datePublished\":\"2022-10-14T17:43:55+00:00\",\"dateModified\":\"2022-10-14T17:57:45+00:00\",\"mainEntityOfPage\":{\"@id\":\"https:\\\/\\\/www.revistarambla.com\\\/annie-ernaux-mujer-premio-nobel-y-antisionista\\\/\"},\"wordCount\":2106,\"commentCount\":0,\"publisher\":{\"@id\":\"https:\\\/\\\/www.revistarambla.com\\\/#organization\"},\"image\":{\"@id\":\"https:\\\/\\\/www.revistarambla.com\\\/annie-ernaux-mujer-premio-nobel-y-antisionista\\\/#primaryimage\"},\"thumbnailUrl\":\"https:\\\/\\\/www.revistarambla.com\\\/wp-content\\\/uploads\\\/2022\\\/10\\\/04493609_xl.jpg\",\"articleSection\":[\"Libros\"],\"inLanguage\":\"en-GB\",\"potentialAction\":[{\"@type\":\"CommentAction\",\"name\":\"Comment\",\"target\":[\"https:\\\/\\\/www.revistarambla.com\\\/annie-ernaux-mujer-premio-nobel-y-antisionista\\\/#respond\"]}]},{\"@type\":\"WebPage\",\"@id\":\"https:\\\/\\\/www.revistarambla.com\\\/annie-ernaux-mujer-premio-nobel-y-antisionista\\\/\",\"url\":\"https:\\\/\\\/www.revistarambla.com\\\/annie-ernaux-mujer-premio-nobel-y-antisionista\\\/\",\"name\":\"Annie Ernaux, mujer, premio nobel y antisionista - Revista Rambla\",\"isPartOf\":{\"@id\":\"https:\\\/\\\/www.revistarambla.com\\\/#website\"},\"primaryImageOfPage\":{\"@id\":\"https:\\\/\\\/www.revistarambla.com\\\/annie-ernaux-mujer-premio-nobel-y-antisionista\\\/#primaryimage\"},\"image\":{\"@id\":\"https:\\\/\\\/www.revistarambla.com\\\/annie-ernaux-mujer-premio-nobel-y-antisionista\\\/#primaryimage\"},\"thumbnailUrl\":\"https:\\\/\\\/www.revistarambla.com\\\/wp-content\\\/uploads\\\/2022\\\/10\\\/04493609_xl.jpg\",\"datePublished\":\"2022-10-14T17:43:55+00:00\",\"dateModified\":\"2022-10-14T17:57:45+00:00\",\"breadcrumb\":{\"@id\":\"https:\\\/\\\/www.revistarambla.com\\\/annie-ernaux-mujer-premio-nobel-y-antisionista\\\/#breadcrumb\"},\"inLanguage\":\"en-GB\",\"potentialAction\":[{\"@type\":\"ReadAction\",\"target\":[\"https:\\\/\\\/www.revistarambla.com\\\/annie-ernaux-mujer-premio-nobel-y-antisionista\\\/\"]}]},{\"@type\":\"ImageObject\",\"inLanguage\":\"en-GB\",\"@id\":\"https:\\\/\\\/www.revistarambla.com\\\/annie-ernaux-mujer-premio-nobel-y-antisionista\\\/#primaryimage\",\"url\":\"https:\\\/\\\/www.revistarambla.com\\\/wp-content\\\/uploads\\\/2022\\\/10\\\/04493609_xl.jpg\",\"contentUrl\":\"https:\\\/\\\/www.revistarambla.com\\\/wp-content\\\/uploads\\\/2022\\\/10\\\/04493609_xl.jpg\",\"width\":880,\"height\":495},{\"@type\":\"BreadcrumbList\",\"@id\":\"https:\\\/\\\/www.revistarambla.com\\\/annie-ernaux-mujer-premio-nobel-y-antisionista\\\/#breadcrumb\",\"itemListElement\":[{\"@type\":\"ListItem\",\"position\":1,\"name\":\"Portada\",\"item\":\"https:\\\/\\\/www.revistarambla.com\\\/\"},{\"@type\":\"ListItem\",\"position\":2,\"name\":\"Annie Ernaux, mujer, premio nobel y antisionista\"}]},{\"@type\":\"WebSite\",\"@id\":\"https:\\\/\\\/www.revistarambla.com\\\/#website\",\"url\":\"https:\\\/\\\/www.revistarambla.com\\\/\",\"name\":\"Revista Rambla Barcelona\",\"description\":\"Periodismo independiente\",\"publisher\":{\"@id\":\"https:\\\/\\\/www.revistarambla.com\\\/#organization\"},\"potentialAction\":[{\"@type\":\"SearchAction\",\"target\":{\"@type\":\"EntryPoint\",\"urlTemplate\":\"https:\\\/\\\/www.revistarambla.com\\\/?s={search_term_string}\"},\"query-input\":{\"@type\":\"PropertyValueSpecification\",\"valueRequired\":true,\"valueName\":\"search_term_string\"}}],\"inLanguage\":\"en-GB\"},{\"@type\":\"Organization\",\"@id\":\"https:\\\/\\\/www.revistarambla.com\\\/#organization\",\"name\":\"Revista Rambla\",\"url\":\"https:\\\/\\\/www.revistarambla.com\\\/\",\"logo\":{\"@type\":\"ImageObject\",\"inLanguage\":\"en-GB\",\"@id\":\"https:\\\/\\\/www.revistarambla.com\\\/#\\\/schema\\\/logo\\\/image\\\/\",\"url\":\"https:\\\/\\\/www.revistarambla.com\\\/wp-content\\\/uploads\\\/2020\\\/09\\\/banner_rambla_1900x600_BB.png\",\"contentUrl\":\"https:\\\/\\\/www.revistarambla.com\\\/wp-content\\\/uploads\\\/2020\\\/09\\\/banner_rambla_1900x600_BB.png\",\"width\":1900,\"height\":600,\"caption\":\"Revista Rambla\"},\"image\":{\"@id\":\"https:\\\/\\\/www.revistarambla.com\\\/#\\\/schema\\\/logo\\\/image\\\/\"},\"sameAs\":[\"https:\\\/\\\/www.facebook.com\\\/revistarambla\\\/\",\"https:\\\/\\\/x.com\\\/revistarambla\",\"https:\\\/\\\/www.instagram.com\\\/revista_rambla\",\"https:\\\/\\\/es.linkedin.com\\\/company\\\/revista-rambla\"]},{\"@type\":\"Person\",\"@id\":\"https:\\\/\\\/www.revistarambla.com\\\/#\\\/schema\\\/person\\\/99562de337bd2ae62dfbb6abd2e99990\",\"name\":\"Pablo Jofr\u00e9 Leal\",\"description\":\"Periodista y escritor chileno. Analista internacional, Master en Relaciones internacionales por la Universidad Complutense de Madrid. Especialista en temas principalmente de Latinoam\u00e9rica, Oriente Medio y el Magreb.\",\"sameAs\":[\"https:\\\/\\\/www.telesurtv.net\\\/staff\\\/pleal\",\"https:\\\/\\\/x.com\\\/pablojofreleal\"]}]}<\/script>\n<!-- \/ Yoast SEO plugin. -->","yoast_head_json":{"title":"Annie Ernaux, mujer, premio nobel y antisionista - Revista Rambla","robots":{"index":"index","follow":"follow","max-snippet":"max-snippet:-1","max-image-preview":"max-image-preview:large","max-video-preview":"max-video-preview:-1"},"canonical":"https:\/\/www.revistarambla.com\/en\/annie-ernaux-mujer-premio-nobel-y-antisionista\/","og_locale":"en_GB","og_type":"article","og_title":"Annie Ernaux, mujer, premio nobel y antisionista - Revista Rambla","og_description":"Enhorabuena. Una mujer, de origen obrero, escritora con una narrativa punzante, que no deja indiferente, dotada, adem\u00e1s, de una gran pasi\u00f3n y posici\u00f3n pol\u00edtica antisionista, sin tapujos, ha sido merecedora del Premio Nobel de Literatura 2022.","og_url":"https:\/\/www.revistarambla.com\/en\/annie-ernaux-mujer-premio-nobel-y-antisionista\/","og_site_name":"Revista Rambla","article_publisher":"https:\/\/www.facebook.com\/revistarambla\/","article_published_time":"2022-10-14T17:43:55+00:00","article_modified_time":"2022-10-14T17:57:45+00:00","og_image":[{"width":880,"height":495,"url":"https:\/\/www.revistarambla.com\/wp-content\/uploads\/2022\/10\/04493609_xl.jpg","type":"image\/jpeg"}],"author":"Pablo Jofr\u00e9 Leal","twitter_card":"summary_large_image","twitter_creator":"@pablojofreleal","twitter_site":"@revistarambla","twitter_misc":{"Written by":"Pablo Jofr\u00e9 Leal","Estimated reading time":"10 minutes"},"schema":{"@context":"https:\/\/schema.org","@graph":[{"@type":"Article","@id":"https:\/\/www.revistarambla.com\/annie-ernaux-mujer-premio-nobel-y-antisionista\/#article","isPartOf":{"@id":"https:\/\/www.revistarambla.com\/annie-ernaux-mujer-premio-nobel-y-antisionista\/"},"author":{"name":"Pablo Jofr\u00e9 Leal","@id":"https:\/\/www.revistarambla.com\/#\/schema\/person\/99562de337bd2ae62dfbb6abd2e99990"},"headline":"Annie Ernaux, mujer, premio nobel y antisionista","datePublished":"2022-10-14T17:43:55+00:00","dateModified":"2022-10-14T17:57:45+00:00","mainEntityOfPage":{"@id":"https:\/\/www.revistarambla.com\/annie-ernaux-mujer-premio-nobel-y-antisionista\/"},"wordCount":2106,"commentCount":0,"publisher":{"@id":"https:\/\/www.revistarambla.com\/#organization"},"image":{"@id":"https:\/\/www.revistarambla.com\/annie-ernaux-mujer-premio-nobel-y-antisionista\/#primaryimage"},"thumbnailUrl":"https:\/\/www.revistarambla.com\/wp-content\/uploads\/2022\/10\/04493609_xl.jpg","articleSection":["Libros"],"inLanguage":"en-GB","potentialAction":[{"@type":"CommentAction","name":"Comment","target":["https:\/\/www.revistarambla.com\/annie-ernaux-mujer-premio-nobel-y-antisionista\/#respond"]}]},{"@type":"WebPage","@id":"https:\/\/www.revistarambla.com\/annie-ernaux-mujer-premio-nobel-y-antisionista\/","url":"https:\/\/www.revistarambla.com\/annie-ernaux-mujer-premio-nobel-y-antisionista\/","name":"Annie Ernaux, mujer, premio nobel y antisionista - Revista Rambla","isPartOf":{"@id":"https:\/\/www.revistarambla.com\/#website"},"primaryImageOfPage":{"@id":"https:\/\/www.revistarambla.com\/annie-ernaux-mujer-premio-nobel-y-antisionista\/#primaryimage"},"image":{"@id":"https:\/\/www.revistarambla.com\/annie-ernaux-mujer-premio-nobel-y-antisionista\/#primaryimage"},"thumbnailUrl":"https:\/\/www.revistarambla.com\/wp-content\/uploads\/2022\/10\/04493609_xl.jpg","datePublished":"2022-10-14T17:43:55+00:00","dateModified":"2022-10-14T17:57:45+00:00","breadcrumb":{"@id":"https:\/\/www.revistarambla.com\/annie-ernaux-mujer-premio-nobel-y-antisionista\/#breadcrumb"},"inLanguage":"en-GB","potentialAction":[{"@type":"ReadAction","target":["https:\/\/www.revistarambla.com\/annie-ernaux-mujer-premio-nobel-y-antisionista\/"]}]},{"@type":"ImageObject","inLanguage":"en-GB","@id":"https:\/\/www.revistarambla.com\/annie-ernaux-mujer-premio-nobel-y-antisionista\/#primaryimage","url":"https:\/\/www.revistarambla.com\/wp-content\/uploads\/2022\/10\/04493609_xl.jpg","contentUrl":"https:\/\/www.revistarambla.com\/wp-content\/uploads\/2022\/10\/04493609_xl.jpg","width":880,"height":495},{"@type":"BreadcrumbList","@id":"https:\/\/www.revistarambla.com\/annie-ernaux-mujer-premio-nobel-y-antisionista\/#breadcrumb","itemListElement":[{"@type":"ListItem","position":1,"name":"Portada","item":"https:\/\/www.revistarambla.com\/"},{"@type":"ListItem","position":2,"name":"Annie Ernaux, mujer, premio nobel y antisionista"}]},{"@type":"WebSite","@id":"https:\/\/www.revistarambla.com\/#website","url":"https:\/\/www.revistarambla.com\/","name":"Revista Rambla Barcelona","description":"Periodismo independiente","publisher":{"@id":"https:\/\/www.revistarambla.com\/#organization"},"potentialAction":[{"@type":"SearchAction","target":{"@type":"EntryPoint","urlTemplate":"https:\/\/www.revistarambla.com\/?s={search_term_string}"},"query-input":{"@type":"PropertyValueSpecification","valueRequired":true,"valueName":"search_term_string"}}],"inLanguage":"en-GB"},{"@type":"Organization","@id":"https:\/\/www.revistarambla.com\/#organization","name":"Revista Rambla","url":"https:\/\/www.revistarambla.com\/","logo":{"@type":"ImageObject","inLanguage":"en-GB","@id":"https:\/\/www.revistarambla.com\/#\/schema\/logo\/image\/","url":"https:\/\/www.revistarambla.com\/wp-content\/uploads\/2020\/09\/banner_rambla_1900x600_BB.png","contentUrl":"https:\/\/www.revistarambla.com\/wp-content\/uploads\/2020\/09\/banner_rambla_1900x600_BB.png","width":1900,"height":600,"caption":"Revista Rambla"},"image":{"@id":"https:\/\/www.revistarambla.com\/#\/schema\/logo\/image\/"},"sameAs":["https:\/\/www.facebook.com\/revistarambla\/","https:\/\/x.com\/revistarambla","https:\/\/www.instagram.com\/revista_rambla","https:\/\/es.linkedin.com\/company\/revista-rambla"]},{"@type":"Person","@id":"https:\/\/www.revistarambla.com\/#\/schema\/person\/99562de337bd2ae62dfbb6abd2e99990","name":"Pablo Jofr\u00e9 Leal","description":"Periodista y escritor chileno. Analista internacional, Master en Relaciones internacionales por la Universidad Complutense de Madrid. Especialista en temas principalmente de Latinoam\u00e9rica, Oriente Medio y el Magreb.","sameAs":["https:\/\/www.telesurtv.net\/staff\/pleal","https:\/\/x.com\/pablojofreleal"]}]}},"_links":{"self":[{"href":"https:\/\/www.revistarambla.com\/en\/wp-json\/wp\/v2\/posts\/47762","targetHints":{"allow":["GET"]}}],"collection":[{"href":"https:\/\/www.revistarambla.com\/en\/wp-json\/wp\/v2\/posts"}],"about":[{"href":"https:\/\/www.revistarambla.com\/en\/wp-json\/wp\/v2\/types\/post"}],"author":[{"embeddable":true,"href":"https:\/\/www.revistarambla.com\/en\/wp-json\/wp\/v2\/users\/323"}],"replies":[{"embeddable":true,"href":"https:\/\/www.revistarambla.com\/en\/wp-json\/wp\/v2\/comments?post=47762"}],"version-history":[{"count":1,"href":"https:\/\/www.revistarambla.com\/en\/wp-json\/wp\/v2\/posts\/47762\/revisions"}],"predecessor-version":[{"id":47765,"href":"https:\/\/www.revistarambla.com\/en\/wp-json\/wp\/v2\/posts\/47762\/revisions\/47765"}],"wp:featuredmedia":[{"embeddable":true,"href":"https:\/\/www.revistarambla.com\/en\/wp-json\/wp\/v2\/media\/47763"}],"wp:attachment":[{"href":"https:\/\/www.revistarambla.com\/en\/wp-json\/wp\/v2\/media?parent=47762"}],"wp:term":[{"taxonomy":"category","embeddable":true,"href":"https:\/\/www.revistarambla.com\/en\/wp-json\/wp\/v2\/categories?post=47762"},{"taxonomy":"post_tag","embeddable":true,"href":"https:\/\/www.revistarambla.com\/en\/wp-json\/wp\/v2\/tags?post=47762"}],"curies":[{"name":"wp","href":"https:\/\/api.w.org\/{rel}","templated":true}]}}