{"id":47703,"date":"2022-10-13T12:55:51","date_gmt":"2022-10-13T10:55:51","guid":{"rendered":"https:\/\/www.revistarambla.com\/?p=47703"},"modified":"2022-10-13T12:55:51","modified_gmt":"2022-10-13T10:55:51","slug":"la-orchestra-fireluche-encabeza-la-segunda-semana-del-lem-2022","status":"publish","type":"post","link":"https:\/\/www.revistarambla.com\/en\/la-orchestra-fireluche-encabeza-la-segunda-semana-del-lem-2022\/","title":{"rendered":"La Orchestra Fireluche encabeza la segunda semana del LEM 2022"},"content":{"rendered":"<p>El Dispositivo LEM 2022, que empez\u00f3 el pasado 6 de octubre, llega a su segunda semana, encabezada por la\u00a0Orchestra Fireluche, que presentar\u00e1 su\u00a0nuevo disco\u00a0en Barcelona este viernes 14 de octubre en el\u00a0Centre Artes\u00e0 Tradicion\u00e0rius. Es un concierto que aspira a repetir el\u00a0gran \u00e9xito de p\u00fablico\u00a0del primer fin de semana del festival.<\/p>\n<p>El de la Fireluche no ser\u00e1 el \u00fanico concierto de la segunda semana de la 27\u00aa edici\u00f3n del Encuentro Internacional de M\u00fasica Experimental de Gr\u00e0cia-Barcelona. El jueves 13, en la sede de\u00a0Gr\u00e0cia Territori Sonor\u00a0(Igualada, 10), la entidad organizadora del LEM, actuar\u00e1n el grupo polaco\u00a0Radio Internazionale, en un intercambio con el Festival Intermediale, una aut\u00e9ntica lecci\u00f3n de ruidismo y deconstrucci\u00f3n sonora.<\/p>\n<p>El s\u00e1bado 15, adem\u00e1s, el teclista\u00a0Joan Bag\u00e9s presentar\u00e1 su &#8216;Discont\u00ednium Energ\u00e8tic&#8217; en la iglesia de\u00a0Sant Joan de Gr\u00e0cia, en la plaza de la Virreina, donde interpretar\u00e1 piezas contempor\u00e1neas con el \u00f3rgano del templo y con teclados electr\u00f3nicos y un \u00f3rgano construido en cart\u00f3n.<\/p>\n<h3>El \u00faltimo disco de Pau Riba<\/h3>\n<p>Tras publicar &#8216;Ataraxia&#8217; en 2019 junto a\u00a0Pau Riba, la Orchestra Fireluche ha editado la continuaci\u00f3n de esta colaboraci\u00f3n,\u00a0&#8216;Segona florada&#8217;, un \u00e1lbum con diez temas llenos de referencias familiares, grabados entre octubre de 2021 y enero 2022. Contiene, entre otras canciones, &#8216;D&#8217;Aina&#8217;, la \u00faltima que compuso Pau Riba.<\/p>\n<p>Con\u00a0m\u00e1s de veinte a\u00f1os de trayectoria, la Orchestra Fireluche es una formaci\u00f3n instrumental de La Cellera de Ter (Girona) que trabaja con instrumentos cl\u00e1sicos y de culturas diversas, y tambi\u00e9n con pianos de juguete, material reciclado, curiosos artefactos y otros elementos no convencionales. Tiene un estilo \u00fanico que conecta, por ejemplo, con la escuela de\u00a0Pascal Comelade. En 2017 protagoniz\u00f3 una de las actuaciones m\u00e1s celebradas de esa edici\u00f3n del LEM, en la que intervino el propio Riba.<\/p>\n<h3>Experimentaci\u00f3n en una iglesia<\/h3>\n<p>En cuanto a Joan Bag\u00e9s, protagonizar\u00e1 la primera acci\u00f3n del LEM en la emblem\u00e1tica parroquia de Sant Joan Baptista de Gr\u00e0cia. Miembro de una conocida familia de m\u00fasicos, vive a caballo entre Par\u00eds y Barcelona y trabaja a la vez en el \u00e1mbito de la\u00a0m\u00fasica contempor\u00e1nea\u00a0y en de la\u00a0experimentaci\u00f3n electroac\u00fastica. Ha tocado en pa\u00edses como Francia, B\u00e9lgica y Argentina.<\/p>\n<p>La sesi\u00f3n que ha preparado para el LEM es un concierto con obras de compositores de la talla de\u00a0Arvo Part,\u00a0Philip Glass,\u00a0Alvin Lucier,\u00a0Francesc Llopart,\u00a0Xavier Gelabert\u00a0y el propio Bag\u00e9s, que tocar\u00e1 con instrumentos rara vez mezclados.<\/p>\n<h3>Segundo fin de semana tras un gran inicio<\/h3>\n<p>El LEM comenz\u00f3 la semana pasada con\u00a0tres conciertos\u00a0y la inauguraci\u00f3n de una exposici\u00f3n fotogr\u00e1fica. En la actuaci\u00f3n del s\u00e1bado pasado, un cartel totalmente femenino reuni\u00f3 a un centenar de personas el centro c\u00edvico La Sedeta para escuchar a\u00a0Veus Lliures, el primer colectivo de improvisaci\u00f3n vocal de Espa\u00f1a\u00a0formado \u00edntegramente por mujeres, y las tres piezas del proyecto\u00a0Teranyines, que reuni\u00f3 a tres parejas de creadoras sonoras y bailarinas de butoh.<\/p>","protected":false},"excerpt":{"rendered":"<p>El festival empez\u00f3 la semana pasada con un \u00e9xito de p\u00fablico considerable<\/p>","protected":false},"author":3,"featured_media":47704,"comment_status":"open","ping_status":"open","sticky":false,"template":"","format":"standard","meta":{"footnotes":""},"categories":[65],"tags":[],"class_list":["post-47703","post","type-post","status-publish","format-standard","has-post-thumbnail","hentry","category-musica"],"yoast_head":"<!-- This site is optimized with the Yoast SEO plugin v27.5 - https:\/\/yoast.com\/product\/yoast-seo-wordpress\/ -->\n<title>La Orchestra Fireluche encabeza la segunda semana del LEM 2022 - Revista Rambla<\/title>\n<meta name=\"robots\" content=\"index, follow, max-snippet:-1, max-image-preview:large, max-video-preview:-1\" \/>\n<link rel=\"canonical\" href=\"https:\/\/www.revistarambla.com\/en\/la-orchestra-fireluche-encabeza-la-segunda-semana-del-lem-2022\/\" \/>\n<meta property=\"og:locale\" content=\"en_GB\" \/>\n<meta property=\"og:type\" content=\"article\" \/>\n<meta property=\"og:title\" content=\"La Orchestra Fireluche encabeza la segunda semana del LEM 2022 - Revista Rambla\" \/>\n<meta property=\"og:description\" content=\"El festival empez\u00f3 la semana pasada con un \u00e9xito de p\u00fablico considerable\" \/>\n<meta property=\"og:url\" content=\"https:\/\/www.revistarambla.com\/en\/la-orchestra-fireluche-encabeza-la-segunda-semana-del-lem-2022\/\" \/>\n<meta property=\"og:site_name\" content=\"Revista Rambla\" \/>\n<meta property=\"article:publisher\" content=\"https:\/\/www.facebook.com\/revistarambla\/\" \/>\n<meta property=\"article:author\" content=\"https:\/\/www.facebook.com\/revistarambla\" \/>\n<meta property=\"article:published_time\" content=\"2022-10-13T10:55:51+00:00\" \/>\n<meta property=\"og:image\" content=\"https:\/\/www.revistarambla.com\/wp-content\/uploads\/2022\/10\/1-1.jpg\" \/>\n\t<meta property=\"og:image:width\" content=\"1921\" \/>\n\t<meta property=\"og:image:height\" content=\"1081\" \/>\n\t<meta property=\"og:image:type\" content=\"image\/jpeg\" \/>\n<meta name=\"author\" content=\"R@mbla\" \/>\n<meta name=\"twitter:card\" content=\"summary_large_image\" \/>\n<meta name=\"twitter:creator\" content=\"@revistarambla\" \/>\n<meta name=\"twitter:site\" content=\"@revistarambla\" \/>\n<meta name=\"twitter:label1\" content=\"Written by\" \/>\n\t<meta name=\"twitter:data1\" content=\"R@mbla\" \/>\n\t<meta name=\"twitter:label2\" content=\"Estimated reading time\" \/>\n\t<meta name=\"twitter:data2\" content=\"3 minutes\" \/>\n<script type=\"application\/ld+json\" class=\"yoast-schema-graph\">{\"@context\":\"https:\\\/\\\/schema.org\",\"@graph\":[{\"@type\":\"Article\",\"@id\":\"https:\\\/\\\/www.revistarambla.com\\\/la-orchestra-fireluche-encabeza-la-segunda-semana-del-lem-2022\\\/#article\",\"isPartOf\":{\"@id\":\"https:\\\/\\\/www.revistarambla.com\\\/la-orchestra-fireluche-encabeza-la-segunda-semana-del-lem-2022\\\/\"},\"author\":{\"name\":\"R@mbla\",\"@id\":\"https:\\\/\\\/www.revistarambla.com\\\/#\\\/schema\\\/person\\\/a146a5a2550b94981a75131180e1bd9c\"},\"headline\":\"La Orchestra Fireluche encabeza la segunda semana del LEM 2022\",\"datePublished\":\"2022-10-13T10:55:51+00:00\",\"mainEntityOfPage\":{\"@id\":\"https:\\\/\\\/www.revistarambla.com\\\/la-orchestra-fireluche-encabeza-la-segunda-semana-del-lem-2022\\\/\"},\"wordCount\":536,\"commentCount\":0,\"publisher\":{\"@id\":\"https:\\\/\\\/www.revistarambla.com\\\/#organization\"},\"image\":{\"@id\":\"https:\\\/\\\/www.revistarambla.com\\\/la-orchestra-fireluche-encabeza-la-segunda-semana-del-lem-2022\\\/#primaryimage\"},\"thumbnailUrl\":\"https:\\\/\\\/www.revistarambla.com\\\/wp-content\\\/uploads\\\/2022\\\/10\\\/1-1.jpg\",\"articleSection\":[\"M\u00fasica\"],\"inLanguage\":\"en-GB\",\"potentialAction\":[{\"@type\":\"CommentAction\",\"name\":\"Comment\",\"target\":[\"https:\\\/\\\/www.revistarambla.com\\\/la-orchestra-fireluche-encabeza-la-segunda-semana-del-lem-2022\\\/#respond\"]}]},{\"@type\":\"WebPage\",\"@id\":\"https:\\\/\\\/www.revistarambla.com\\\/la-orchestra-fireluche-encabeza-la-segunda-semana-del-lem-2022\\\/\",\"url\":\"https:\\\/\\\/www.revistarambla.com\\\/la-orchestra-fireluche-encabeza-la-segunda-semana-del-lem-2022\\\/\",\"name\":\"La Orchestra Fireluche encabeza la segunda semana del LEM 2022 - Revista Rambla\",\"isPartOf\":{\"@id\":\"https:\\\/\\\/www.revistarambla.com\\\/#website\"},\"primaryImageOfPage\":{\"@id\":\"https:\\\/\\\/www.revistarambla.com\\\/la-orchestra-fireluche-encabeza-la-segunda-semana-del-lem-2022\\\/#primaryimage\"},\"image\":{\"@id\":\"https:\\\/\\\/www.revistarambla.com\\\/la-orchestra-fireluche-encabeza-la-segunda-semana-del-lem-2022\\\/#primaryimage\"},\"thumbnailUrl\":\"https:\\\/\\\/www.revistarambla.com\\\/wp-content\\\/uploads\\\/2022\\\/10\\\/1-1.jpg\",\"datePublished\":\"2022-10-13T10:55:51+00:00\",\"breadcrumb\":{\"@id\":\"https:\\\/\\\/www.revistarambla.com\\\/la-orchestra-fireluche-encabeza-la-segunda-semana-del-lem-2022\\\/#breadcrumb\"},\"inLanguage\":\"en-GB\",\"potentialAction\":[{\"@type\":\"ReadAction\",\"target\":[\"https:\\\/\\\/www.revistarambla.com\\\/la-orchestra-fireluche-encabeza-la-segunda-semana-del-lem-2022\\\/\"]}]},{\"@type\":\"ImageObject\",\"inLanguage\":\"en-GB\",\"@id\":\"https:\\\/\\\/www.revistarambla.com\\\/la-orchestra-fireluche-encabeza-la-segunda-semana-del-lem-2022\\\/#primaryimage\",\"url\":\"https:\\\/\\\/www.revistarambla.com\\\/wp-content\\\/uploads\\\/2022\\\/10\\\/1-1.jpg\",\"contentUrl\":\"https:\\\/\\\/www.revistarambla.com\\\/wp-content\\\/uploads\\\/2022\\\/10\\\/1-1.jpg\",\"width\":1921,\"height\":1081},{\"@type\":\"BreadcrumbList\",\"@id\":\"https:\\\/\\\/www.revistarambla.com\\\/la-orchestra-fireluche-encabeza-la-segunda-semana-del-lem-2022\\\/#breadcrumb\",\"itemListElement\":[{\"@type\":\"ListItem\",\"position\":1,\"name\":\"Portada\",\"item\":\"https:\\\/\\\/www.revistarambla.com\\\/\"},{\"@type\":\"ListItem\",\"position\":2,\"name\":\"La Orchestra Fireluche encabeza la segunda semana del LEM 2022\"}]},{\"@type\":\"WebSite\",\"@id\":\"https:\\\/\\\/www.revistarambla.com\\\/#website\",\"url\":\"https:\\\/\\\/www.revistarambla.com\\\/\",\"name\":\"Revista Rambla Barcelona\",\"description\":\"Periodismo independiente\",\"publisher\":{\"@id\":\"https:\\\/\\\/www.revistarambla.com\\\/#organization\"},\"potentialAction\":[{\"@type\":\"SearchAction\",\"target\":{\"@type\":\"EntryPoint\",\"urlTemplate\":\"https:\\\/\\\/www.revistarambla.com\\\/?s={search_term_string}\"},\"query-input\":{\"@type\":\"PropertyValueSpecification\",\"valueRequired\":true,\"valueName\":\"search_term_string\"}}],\"inLanguage\":\"en-GB\"},{\"@type\":\"Organization\",\"@id\":\"https:\\\/\\\/www.revistarambla.com\\\/#organization\",\"name\":\"Revista Rambla\",\"url\":\"https:\\\/\\\/www.revistarambla.com\\\/\",\"logo\":{\"@type\":\"ImageObject\",\"inLanguage\":\"en-GB\",\"@id\":\"https:\\\/\\\/www.revistarambla.com\\\/#\\\/schema\\\/logo\\\/image\\\/\",\"url\":\"https:\\\/\\\/www.revistarambla.com\\\/wp-content\\\/uploads\\\/2020\\\/09\\\/banner_rambla_1900x600_BB.png\",\"contentUrl\":\"https:\\\/\\\/www.revistarambla.com\\\/wp-content\\\/uploads\\\/2020\\\/09\\\/banner_rambla_1900x600_BB.png\",\"width\":1900,\"height\":600,\"caption\":\"Revista Rambla\"},\"image\":{\"@id\":\"https:\\\/\\\/www.revistarambla.com\\\/#\\\/schema\\\/logo\\\/image\\\/\"},\"sameAs\":[\"https:\\\/\\\/www.facebook.com\\\/revistarambla\\\/\",\"https:\\\/\\\/x.com\\\/revistarambla\",\"https:\\\/\\\/www.instagram.com\\\/revista_rambla\",\"https:\\\/\\\/es.linkedin.com\\\/company\\\/revista-rambla\"]},{\"@type\":\"Person\",\"@id\":\"https:\\\/\\\/www.revistarambla.com\\\/#\\\/schema\\\/person\\\/a146a5a2550b94981a75131180e1bd9c\",\"name\":\"R@mbla\",\"description\":\"Este art\u00edculo ha sido redactado y\\\/o validado por el equipo de redacci\u00f3n de Revista Rambla.\",\"sameAs\":[\"https:\\\/\\\/www.revistarambla.com\\\/\",\"https:\\\/\\\/www.facebook.com\\\/revistarambla\",\"https:\\\/\\\/x.com\\\/revistarambla\"]}]}<\/script>\n<!-- \/ Yoast SEO plugin. -->","yoast_head_json":{"title":"La Orchestra Fireluche encabeza la segunda semana del LEM 2022 - Revista Rambla","robots":{"index":"index","follow":"follow","max-snippet":"max-snippet:-1","max-image-preview":"max-image-preview:large","max-video-preview":"max-video-preview:-1"},"canonical":"https:\/\/www.revistarambla.com\/en\/la-orchestra-fireluche-encabeza-la-segunda-semana-del-lem-2022\/","og_locale":"en_GB","og_type":"article","og_title":"La Orchestra Fireluche encabeza la segunda semana del LEM 2022 - Revista Rambla","og_description":"El festival empez\u00f3 la semana pasada con un \u00e9xito de p\u00fablico considerable","og_url":"https:\/\/www.revistarambla.com\/en\/la-orchestra-fireluche-encabeza-la-segunda-semana-del-lem-2022\/","og_site_name":"Revista Rambla","article_publisher":"https:\/\/www.facebook.com\/revistarambla\/","article_author":"https:\/\/www.facebook.com\/revistarambla","article_published_time":"2022-10-13T10:55:51+00:00","og_image":[{"width":1921,"height":1081,"url":"https:\/\/www.revistarambla.com\/wp-content\/uploads\/2022\/10\/1-1.jpg","type":"image\/jpeg"}],"author":"R@mbla","twitter_card":"summary_large_image","twitter_creator":"@revistarambla","twitter_site":"@revistarambla","twitter_misc":{"Written by":"R@mbla","Estimated reading time":"3 minutes"},"schema":{"@context":"https:\/\/schema.org","@graph":[{"@type":"Article","@id":"https:\/\/www.revistarambla.com\/la-orchestra-fireluche-encabeza-la-segunda-semana-del-lem-2022\/#article","isPartOf":{"@id":"https:\/\/www.revistarambla.com\/la-orchestra-fireluche-encabeza-la-segunda-semana-del-lem-2022\/"},"author":{"name":"R@mbla","@id":"https:\/\/www.revistarambla.com\/#\/schema\/person\/a146a5a2550b94981a75131180e1bd9c"},"headline":"La Orchestra Fireluche encabeza la segunda semana del LEM 2022","datePublished":"2022-10-13T10:55:51+00:00","mainEntityOfPage":{"@id":"https:\/\/www.revistarambla.com\/la-orchestra-fireluche-encabeza-la-segunda-semana-del-lem-2022\/"},"wordCount":536,"commentCount":0,"publisher":{"@id":"https:\/\/www.revistarambla.com\/#organization"},"image":{"@id":"https:\/\/www.revistarambla.com\/la-orchestra-fireluche-encabeza-la-segunda-semana-del-lem-2022\/#primaryimage"},"thumbnailUrl":"https:\/\/www.revistarambla.com\/wp-content\/uploads\/2022\/10\/1-1.jpg","articleSection":["M\u00fasica"],"inLanguage":"en-GB","potentialAction":[{"@type":"CommentAction","name":"Comment","target":["https:\/\/www.revistarambla.com\/la-orchestra-fireluche-encabeza-la-segunda-semana-del-lem-2022\/#respond"]}]},{"@type":"WebPage","@id":"https:\/\/www.revistarambla.com\/la-orchestra-fireluche-encabeza-la-segunda-semana-del-lem-2022\/","url":"https:\/\/www.revistarambla.com\/la-orchestra-fireluche-encabeza-la-segunda-semana-del-lem-2022\/","name":"La Orchestra Fireluche encabeza la segunda semana del LEM 2022 - Revista Rambla","isPartOf":{"@id":"https:\/\/www.revistarambla.com\/#website"},"primaryImageOfPage":{"@id":"https:\/\/www.revistarambla.com\/la-orchestra-fireluche-encabeza-la-segunda-semana-del-lem-2022\/#primaryimage"},"image":{"@id":"https:\/\/www.revistarambla.com\/la-orchestra-fireluche-encabeza-la-segunda-semana-del-lem-2022\/#primaryimage"},"thumbnailUrl":"https:\/\/www.revistarambla.com\/wp-content\/uploads\/2022\/10\/1-1.jpg","datePublished":"2022-10-13T10:55:51+00:00","breadcrumb":{"@id":"https:\/\/www.revistarambla.com\/la-orchestra-fireluche-encabeza-la-segunda-semana-del-lem-2022\/#breadcrumb"},"inLanguage":"en-GB","potentialAction":[{"@type":"ReadAction","target":["https:\/\/www.revistarambla.com\/la-orchestra-fireluche-encabeza-la-segunda-semana-del-lem-2022\/"]}]},{"@type":"ImageObject","inLanguage":"en-GB","@id":"https:\/\/www.revistarambla.com\/la-orchestra-fireluche-encabeza-la-segunda-semana-del-lem-2022\/#primaryimage","url":"https:\/\/www.revistarambla.com\/wp-content\/uploads\/2022\/10\/1-1.jpg","contentUrl":"https:\/\/www.revistarambla.com\/wp-content\/uploads\/2022\/10\/1-1.jpg","width":1921,"height":1081},{"@type":"BreadcrumbList","@id":"https:\/\/www.revistarambla.com\/la-orchestra-fireluche-encabeza-la-segunda-semana-del-lem-2022\/#breadcrumb","itemListElement":[{"@type":"ListItem","position":1,"name":"Portada","item":"https:\/\/www.revistarambla.com\/"},{"@type":"ListItem","position":2,"name":"La Orchestra Fireluche encabeza la segunda semana del LEM 2022"}]},{"@type":"WebSite","@id":"https:\/\/www.revistarambla.com\/#website","url":"https:\/\/www.revistarambla.com\/","name":"Revista Rambla Barcelona","description":"Periodismo independiente","publisher":{"@id":"https:\/\/www.revistarambla.com\/#organization"},"potentialAction":[{"@type":"SearchAction","target":{"@type":"EntryPoint","urlTemplate":"https:\/\/www.revistarambla.com\/?s={search_term_string}"},"query-input":{"@type":"PropertyValueSpecification","valueRequired":true,"valueName":"search_term_string"}}],"inLanguage":"en-GB"},{"@type":"Organization","@id":"https:\/\/www.revistarambla.com\/#organization","name":"Revista Rambla","url":"https:\/\/www.revistarambla.com\/","logo":{"@type":"ImageObject","inLanguage":"en-GB","@id":"https:\/\/www.revistarambla.com\/#\/schema\/logo\/image\/","url":"https:\/\/www.revistarambla.com\/wp-content\/uploads\/2020\/09\/banner_rambla_1900x600_BB.png","contentUrl":"https:\/\/www.revistarambla.com\/wp-content\/uploads\/2020\/09\/banner_rambla_1900x600_BB.png","width":1900,"height":600,"caption":"Revista Rambla"},"image":{"@id":"https:\/\/www.revistarambla.com\/#\/schema\/logo\/image\/"},"sameAs":["https:\/\/www.facebook.com\/revistarambla\/","https:\/\/x.com\/revistarambla","https:\/\/www.instagram.com\/revista_rambla","https:\/\/es.linkedin.com\/company\/revista-rambla"]},{"@type":"Person","@id":"https:\/\/www.revistarambla.com\/#\/schema\/person\/a146a5a2550b94981a75131180e1bd9c","name":"R@mbla","description":"Este art\u00edculo ha sido redactado y\/o validado por el equipo de redacci\u00f3n de Revista Rambla.","sameAs":["https:\/\/www.revistarambla.com\/","https:\/\/www.facebook.com\/revistarambla","https:\/\/x.com\/revistarambla"]}]}},"_links":{"self":[{"href":"https:\/\/www.revistarambla.com\/en\/wp-json\/wp\/v2\/posts\/47703","targetHints":{"allow":["GET"]}}],"collection":[{"href":"https:\/\/www.revistarambla.com\/en\/wp-json\/wp\/v2\/posts"}],"about":[{"href":"https:\/\/www.revistarambla.com\/en\/wp-json\/wp\/v2\/types\/post"}],"author":[{"embeddable":true,"href":"https:\/\/www.revistarambla.com\/en\/wp-json\/wp\/v2\/users\/3"}],"replies":[{"embeddable":true,"href":"https:\/\/www.revistarambla.com\/en\/wp-json\/wp\/v2\/comments?post=47703"}],"version-history":[{"count":1,"href":"https:\/\/www.revistarambla.com\/en\/wp-json\/wp\/v2\/posts\/47703\/revisions"}],"predecessor-version":[{"id":47705,"href":"https:\/\/www.revistarambla.com\/en\/wp-json\/wp\/v2\/posts\/47703\/revisions\/47705"}],"wp:featuredmedia":[{"embeddable":true,"href":"https:\/\/www.revistarambla.com\/en\/wp-json\/wp\/v2\/media\/47704"}],"wp:attachment":[{"href":"https:\/\/www.revistarambla.com\/en\/wp-json\/wp\/v2\/media?parent=47703"}],"wp:term":[{"taxonomy":"category","embeddable":true,"href":"https:\/\/www.revistarambla.com\/en\/wp-json\/wp\/v2\/categories?post=47703"},{"taxonomy":"post_tag","embeddable":true,"href":"https:\/\/www.revistarambla.com\/en\/wp-json\/wp\/v2\/tags?post=47703"}],"curies":[{"name":"wp","href":"https:\/\/api.w.org\/{rel}","templated":true}]}}