{"id":47696,"date":"2022-10-13T12:36:21","date_gmt":"2022-10-13T10:36:21","guid":{"rendered":"https:\/\/www.revistarambla.com\/?p=47696"},"modified":"2022-10-13T12:36:21","modified_gmt":"2022-10-13T10:36:21","slug":"confesiones-de-un-juez-imaginario-del-tribunal-supremo","status":"publish","type":"post","link":"https:\/\/www.revistarambla.com\/en\/confesiones-de-un-juez-imaginario-del-tribunal-supremo\/","title":{"rendered":"Confesiones de un juez imaginario del Tribunal Supremo"},"content":{"rendered":"<p style=\"text-align: left;\" align=\"JUSTIFY\">\u2015Ave Mar\u00eda pur\u00edsima.<\/p>\n<p style=\"text-align: left;\" align=\"JUSTIFY\">\u2015Sin pecado concebida.<\/p>\n<p style=\"text-align: left;\" align=\"JUSTIFY\">\u2015Padre, confieso que he pecado.<\/p>\n<p style=\"text-align: left;\" align=\"JUSTIFY\">\u2015Hoy vienes con cara de apurado. \u00bfQu\u00e9 has hecho, hijo?<\/p>\n<p style=\"text-align: left;\" align=\"JUSTIFY\">\u2015Nada.<\/p>\n<p style=\"text-align: left;\" align=\"JUSTIFY\">\u2015Entonces no tienes nada de lo que preocuparte.<\/p>\n<p style=\"text-align: left;\" align=\"JUSTIFY\">\u2015Eso no es cierto padre, tambi\u00e9n se puede pecar por omisi\u00f3n.<\/p>\n<p style=\"text-align: left;\" align=\"JUSTIFY\">\u2015\u00bfPuedes ser m\u00e1s expl\u00edcito?<\/p>\n<p style=\"text-align: left;\" align=\"JUSTIFY\">\u2015Me pusieron en un cargo muy importante para que no hiciera nada.<\/p>\n<p style=\"text-align: left;\" align=\"JUSTIFY\">\u2015\u00bfY qu\u00e9 era lo que ten\u00edas que haber hecho?<\/p>\n<p style=\"text-align: left;\" align=\"JUSTIFY\">\u2015Deber\u00eda haber reformado la Justicia. Los jueces somos un sector demasiado corporativista. Deber\u00eda haberla abierto al p\u00fablico en general. En otras palabras, sabemos mucho de lo nuestro, pero a veces ignoramos cosas de sentido com\u00fan. Te pondr\u00e9 un ejemplo: hace poco, hubo una sentencia que rebaj\u00f3 la pena de un asesino machista, que mat\u00f3 a su mujer delante de sus hijos. Por lo visto, la sentencia se basaba en una falta de acreditaci\u00f3n de la relaci\u00f3n del mal psicol\u00f3gico que sufren ahora los hijos, debido al trauma que les supuso haber contemplado dicha tragedia a tan tierna edad. Cualquier psic\u00f3logo o psiquiatra sabe que ese tipo de situaciones provocan enfermedades mentales para toda la vida. Pero no hace falta tal informe. Es algo de sentido com\u00fan. Adem\u00e1s, hacen falta m\u00e1s Juzgados y Tribunales. Por supuesto, creo que siempre es necesaria m\u00e1s formaci\u00f3n y m\u00e1s presupuesto para la Justicia y, sin embargo, ahora mismo se acaba de congelar. Sin embargo, yo no he contribuido a mejorar esa situaci\u00f3n y ni siquiera he dimitido. De hecho, he sido c\u00f3mplice durante muchos a\u00f1os de un bloqueo pol\u00edtico para controlar el poder judicial.<\/p>\n<p style=\"text-align: left;\" align=\"JUSTIFY\">\u2015\u00bfPero has hecho da\u00f1o a alguien?<\/p>\n<p style=\"text-align: left;\" align=\"JUSTIFY\">\u2015A la democracia.<\/p>\n<p style=\"text-align: left;\" align=\"JUSTIFY\">\u2015No entiendo.<\/p>\n<p style=\"text-align: left;\" align=\"JUSTIFY\">\u2015\u00bfPuedo hablarle con franqueza?<\/p>\n<p style=\"text-align: left;\" align=\"JUSTIFY\">\u2015Claro.<\/p>\n<p style=\"text-align: left;\" align=\"JUSTIFY\">\u2015He participado de forma pasiva en la destrucci\u00f3n de los l\u00edmites de la divisi\u00f3n de poderes. El Tribunal Supremo juzga a los pol\u00edticos y el Consejo General del Poder Judicial controla a los jueces.<\/p>\n<p style=\"text-align: left;\" align=\"JUSTIFY\">\u2015\u00bfY eso para qu\u00e9?<\/p>\n<p style=\"text-align: left;\" align=\"JUSTIFY\"><a name=\"Bookmark\"><\/a> \u2015<span style=\"font-size: medium;\">Para establecer una impunidad sobre los poderosos. En realidad la Justicia solo sirve para controlar a los pobres. De hecho, la mayor\u00eda de los pol\u00edticos y de la gente la alta sociedad tienen m\u00faltiples medios para escapar de ella. En otras palabras, en Espa\u00f1a la Justicia est\u00e1 muy politizada, pero a m\u00ed me han utilizado para intentar establecer una tiran\u00eda encubierta.<\/span><\/p>\n<p style=\"text-align: left;\" align=\"JUSTIFY\">\u2015<span style=\"font-size: medium;\">\u00bfY qu\u00e9 has hecho para remediarlo?<\/span><\/p>\n<p style=\"text-align: left;\" align=\"JUSTIFY\">\u2015<span style=\"font-size: medium;\">He dimitido y he estado a punto de hacer un v\u00eddeo y contar la verdad. Yo conozco muchos compa\u00f1eros que est\u00e1n metidos en asuntos turbios debido a todo esto. <\/span><\/p>\n<p style=\"text-align: left;\" align=\"JUSTIFY\">\u2015<span style=\"font-size: medium;\">Eres un buen juez y buen hombre. Has hecho bien en venir a confesarte. Supongo que has tenido un momento de debilidad, algo as\u00ed como la tentaci\u00f3n de Antonio. Ha sido el diablo con sus m\u00faltiples formas, que ha venido a tentarte. Tienes que volver a tu antiguo aislamiento jur\u00eddico. Yo te absuelvo de todos tus pecados y te mando como penitencia que reces diez avemar\u00edas y cojas otro puesto acorde a tu ejemplar carrera judicial y a tu buena reputaci\u00f3n, y pases p\u00e1gina de todo esto. Incluso te recomiendo que no vuelvas a hablar de este asunto con el pol\u00edtico X, cuando vayas con \u00e9l a jugar al golf.<\/span><\/p>","protected":false},"excerpt":{"rendered":"<p>\u2015Ave Mar\u00eda pur\u00edsima. \u2015Sin pecado concebida. \u2015Padre, confieso que he pecado. \u2015Hoy vienes con cara de apurado. \u00bfQu\u00e9 has hecho, hijo? \u2015Nada. \u2015Entonces no tienes nada de lo que preocuparte. \u2015Eso no es cierto padre, tambi\u00e9n se puede pecar por omisi\u00f3n. \u2015\u00bfPuedes ser m\u00e1s expl\u00edcito? \u2015Me pusieron en un cargo [&hellip;]<\/p>\n","protected":false},"author":294,"featured_media":47697,"comment_status":"open","ping_status":"open","sticky":false,"template":"","format":"standard","meta":{"footnotes":""},"categories":[3908],"tags":[],"class_list":["post-47696","post","type-post","status-publish","format-standard","has-post-thumbnail","hentry","category-la-bodeguita-de-hemingway"],"yoast_head":"<!-- This site is optimized with the Yoast SEO plugin v27.5 - https:\/\/yoast.com\/product\/yoast-seo-wordpress\/ -->\n<title>Confesiones de un juez imaginario del Tribunal Supremo - Revista Rambla<\/title>\n<meta name=\"robots\" content=\"index, follow, max-snippet:-1, max-image-preview:large, max-video-preview:-1\" \/>\n<link rel=\"canonical\" href=\"https:\/\/www.revistarambla.com\/en\/confesiones-de-un-juez-imaginario-del-tribunal-supremo\/\" \/>\n<meta property=\"og:locale\" content=\"en_GB\" \/>\n<meta property=\"og:type\" content=\"article\" \/>\n<meta property=\"og:title\" content=\"Confesiones de un juez imaginario del Tribunal Supremo - Revista Rambla\" \/>\n<meta property=\"og:description\" content=\"\u2015Ave Mar\u00eda pur\u00edsima. \u2015Sin pecado concebida. \u2015Padre, confieso que he pecado. \u2015Hoy vienes con cara de apurado. \u00bfQu\u00e9 has hecho, hijo? \u2015Nada. \u2015Entonces no tienes nada de lo que preocuparte. \u2015Eso no es cierto padre, tambi\u00e9n se puede pecar por omisi\u00f3n. \u2015\u00bfPuedes ser m\u00e1s expl\u00edcito? \u2015Me pusieron en un cargo [&hellip;]\" \/>\n<meta property=\"og:url\" content=\"https:\/\/www.revistarambla.com\/en\/confesiones-de-un-juez-imaginario-del-tribunal-supremo\/\" \/>\n<meta property=\"og:site_name\" content=\"Revista Rambla\" \/>\n<meta property=\"article:publisher\" content=\"https:\/\/www.facebook.com\/revistarambla\/\" \/>\n<meta property=\"article:published_time\" content=\"2022-10-13T10:36:21+00:00\" \/>\n<meta property=\"og:image\" content=\"https:\/\/www.revistarambla.com\/wp-content\/uploads\/2022\/10\/confession.jpg\" \/>\n\t<meta property=\"og:image:width\" content=\"1000\" \/>\n\t<meta property=\"og:image:height\" content=\"612\" \/>\n\t<meta property=\"og:image:type\" content=\"image\/jpeg\" \/>\n<meta name=\"author\" content=\"Jos\u00e9 Antonio Gamero Romero\" \/>\n<meta name=\"twitter:card\" content=\"summary_large_image\" \/>\n<meta name=\"twitter:creator\" content=\"@revistarambla\" \/>\n<meta name=\"twitter:site\" content=\"@revistarambla\" \/>\n<meta name=\"twitter:label1\" content=\"Written by\" \/>\n\t<meta name=\"twitter:data1\" content=\"Jos\u00e9 Antonio Gamero Romero\" \/>\n\t<meta name=\"twitter:label2\" content=\"Estimated reading time\" \/>\n\t<meta name=\"twitter:data2\" content=\"3 minutes\" \/>\n<script type=\"application\/ld+json\" class=\"yoast-schema-graph\">{\"@context\":\"https:\\\/\\\/schema.org\",\"@graph\":[{\"@type\":\"Article\",\"@id\":\"https:\\\/\\\/www.revistarambla.com\\\/confesiones-de-un-juez-imaginario-del-tribunal-supremo\\\/#article\",\"isPartOf\":{\"@id\":\"https:\\\/\\\/www.revistarambla.com\\\/confesiones-de-un-juez-imaginario-del-tribunal-supremo\\\/\"},\"author\":{\"name\":\"Jos\u00e9 Antonio Gamero Romero\",\"@id\":\"https:\\\/\\\/www.revistarambla.com\\\/#\\\/schema\\\/person\\\/94294f57cf4910853e3280fda7339bfc\"},\"headline\":\"Confesiones de un juez imaginario del Tribunal Supremo\",\"datePublished\":\"2022-10-13T10:36:21+00:00\",\"mainEntityOfPage\":{\"@id\":\"https:\\\/\\\/www.revistarambla.com\\\/confesiones-de-un-juez-imaginario-del-tribunal-supremo\\\/\"},\"wordCount\":568,\"commentCount\":0,\"publisher\":{\"@id\":\"https:\\\/\\\/www.revistarambla.com\\\/#organization\"},\"image\":{\"@id\":\"https:\\\/\\\/www.revistarambla.com\\\/confesiones-de-un-juez-imaginario-del-tribunal-supremo\\\/#primaryimage\"},\"thumbnailUrl\":\"https:\\\/\\\/www.revistarambla.com\\\/wp-content\\\/uploads\\\/2022\\\/10\\\/confession.jpg\",\"articleSection\":[\"La bodeguita de Hemingway\"],\"inLanguage\":\"en-GB\",\"potentialAction\":[{\"@type\":\"CommentAction\",\"name\":\"Comment\",\"target\":[\"https:\\\/\\\/www.revistarambla.com\\\/confesiones-de-un-juez-imaginario-del-tribunal-supremo\\\/#respond\"]}]},{\"@type\":\"WebPage\",\"@id\":\"https:\\\/\\\/www.revistarambla.com\\\/confesiones-de-un-juez-imaginario-del-tribunal-supremo\\\/\",\"url\":\"https:\\\/\\\/www.revistarambla.com\\\/confesiones-de-un-juez-imaginario-del-tribunal-supremo\\\/\",\"name\":\"Confesiones de un juez imaginario del Tribunal Supremo - Revista Rambla\",\"isPartOf\":{\"@id\":\"https:\\\/\\\/www.revistarambla.com\\\/#website\"},\"primaryImageOfPage\":{\"@id\":\"https:\\\/\\\/www.revistarambla.com\\\/confesiones-de-un-juez-imaginario-del-tribunal-supremo\\\/#primaryimage\"},\"image\":{\"@id\":\"https:\\\/\\\/www.revistarambla.com\\\/confesiones-de-un-juez-imaginario-del-tribunal-supremo\\\/#primaryimage\"},\"thumbnailUrl\":\"https:\\\/\\\/www.revistarambla.com\\\/wp-content\\\/uploads\\\/2022\\\/10\\\/confession.jpg\",\"datePublished\":\"2022-10-13T10:36:21+00:00\",\"breadcrumb\":{\"@id\":\"https:\\\/\\\/www.revistarambla.com\\\/confesiones-de-un-juez-imaginario-del-tribunal-supremo\\\/#breadcrumb\"},\"inLanguage\":\"en-GB\",\"potentialAction\":[{\"@type\":\"ReadAction\",\"target\":[\"https:\\\/\\\/www.revistarambla.com\\\/confesiones-de-un-juez-imaginario-del-tribunal-supremo\\\/\"]}]},{\"@type\":\"ImageObject\",\"inLanguage\":\"en-GB\",\"@id\":\"https:\\\/\\\/www.revistarambla.com\\\/confesiones-de-un-juez-imaginario-del-tribunal-supremo\\\/#primaryimage\",\"url\":\"https:\\\/\\\/www.revistarambla.com\\\/wp-content\\\/uploads\\\/2022\\\/10\\\/confession.jpg\",\"contentUrl\":\"https:\\\/\\\/www.revistarambla.com\\\/wp-content\\\/uploads\\\/2022\\\/10\\\/confession.jpg\",\"width\":1000,\"height\":612},{\"@type\":\"BreadcrumbList\",\"@id\":\"https:\\\/\\\/www.revistarambla.com\\\/confesiones-de-un-juez-imaginario-del-tribunal-supremo\\\/#breadcrumb\",\"itemListElement\":[{\"@type\":\"ListItem\",\"position\":1,\"name\":\"Portada\",\"item\":\"https:\\\/\\\/www.revistarambla.com\\\/\"},{\"@type\":\"ListItem\",\"position\":2,\"name\":\"Confesiones de un juez imaginario del Tribunal Supremo\"}]},{\"@type\":\"WebSite\",\"@id\":\"https:\\\/\\\/www.revistarambla.com\\\/#website\",\"url\":\"https:\\\/\\\/www.revistarambla.com\\\/\",\"name\":\"Revista Rambla Barcelona\",\"description\":\"Periodismo independiente\",\"publisher\":{\"@id\":\"https:\\\/\\\/www.revistarambla.com\\\/#organization\"},\"potentialAction\":[{\"@type\":\"SearchAction\",\"target\":{\"@type\":\"EntryPoint\",\"urlTemplate\":\"https:\\\/\\\/www.revistarambla.com\\\/?s={search_term_string}\"},\"query-input\":{\"@type\":\"PropertyValueSpecification\",\"valueRequired\":true,\"valueName\":\"search_term_string\"}}],\"inLanguage\":\"en-GB\"},{\"@type\":\"Organization\",\"@id\":\"https:\\\/\\\/www.revistarambla.com\\\/#organization\",\"name\":\"Revista Rambla\",\"url\":\"https:\\\/\\\/www.revistarambla.com\\\/\",\"logo\":{\"@type\":\"ImageObject\",\"inLanguage\":\"en-GB\",\"@id\":\"https:\\\/\\\/www.revistarambla.com\\\/#\\\/schema\\\/logo\\\/image\\\/\",\"url\":\"https:\\\/\\\/www.revistarambla.com\\\/wp-content\\\/uploads\\\/2020\\\/09\\\/banner_rambla_1900x600_BB.png\",\"contentUrl\":\"https:\\\/\\\/www.revistarambla.com\\\/wp-content\\\/uploads\\\/2020\\\/09\\\/banner_rambla_1900x600_BB.png\",\"width\":1900,\"height\":600,\"caption\":\"Revista Rambla\"},\"image\":{\"@id\":\"https:\\\/\\\/www.revistarambla.com\\\/#\\\/schema\\\/logo\\\/image\\\/\"},\"sameAs\":[\"https:\\\/\\\/www.facebook.com\\\/revistarambla\\\/\",\"https:\\\/\\\/x.com\\\/revistarambla\",\"https:\\\/\\\/www.instagram.com\\\/revista_rambla\",\"https:\\\/\\\/es.linkedin.com\\\/company\\\/revista-rambla\"]},{\"@type\":\"Person\",\"@id\":\"https:\\\/\\\/www.revistarambla.com\\\/#\\\/schema\\\/person\\\/94294f57cf4910853e3280fda7339bfc\",\"name\":\"Jos\u00e9 Antonio Gamero Romero\",\"description\":\"Escritor sevillano finalista del premio Azor\u00edn 2014. Ha publicado en diferentes revistas como Culturamas, E\u00f1e, Visor, etc. Sus libros son: 'La invenci\u00f3n de los gigantes' (Buc\u00e9falo 2016); 'Literatura tridimensional' (Adarve 2018); 'S\u00f3crates no vino a Espa\u00f1a' (Samarcanda 2018); 'La rep\u00fablica del fin del mundo' (Tandaia 2018) y 'La bodeguita de Hemingway'.\"}]}<\/script>\n<!-- \/ Yoast SEO plugin. -->","yoast_head_json":{"title":"Confesiones de un juez imaginario del Tribunal Supremo - Revista Rambla","robots":{"index":"index","follow":"follow","max-snippet":"max-snippet:-1","max-image-preview":"max-image-preview:large","max-video-preview":"max-video-preview:-1"},"canonical":"https:\/\/www.revistarambla.com\/en\/confesiones-de-un-juez-imaginario-del-tribunal-supremo\/","og_locale":"en_GB","og_type":"article","og_title":"Confesiones de un juez imaginario del Tribunal Supremo - Revista Rambla","og_description":"\u2015Ave Mar\u00eda pur\u00edsima. \u2015Sin pecado concebida. \u2015Padre, confieso que he pecado. \u2015Hoy vienes con cara de apurado. \u00bfQu\u00e9 has hecho, hijo? \u2015Nada. \u2015Entonces no tienes nada de lo que preocuparte. \u2015Eso no es cierto padre, tambi\u00e9n se puede pecar por omisi\u00f3n. \u2015\u00bfPuedes ser m\u00e1s expl\u00edcito? \u2015Me pusieron en un cargo [&hellip;]","og_url":"https:\/\/www.revistarambla.com\/en\/confesiones-de-un-juez-imaginario-del-tribunal-supremo\/","og_site_name":"Revista Rambla","article_publisher":"https:\/\/www.facebook.com\/revistarambla\/","article_published_time":"2022-10-13T10:36:21+00:00","og_image":[{"width":1000,"height":612,"url":"https:\/\/www.revistarambla.com\/wp-content\/uploads\/2022\/10\/confession.jpg","type":"image\/jpeg"}],"author":"Jos\u00e9 Antonio Gamero Romero","twitter_card":"summary_large_image","twitter_creator":"@revistarambla","twitter_site":"@revistarambla","twitter_misc":{"Written by":"Jos\u00e9 Antonio Gamero Romero","Estimated reading time":"3 minutes"},"schema":{"@context":"https:\/\/schema.org","@graph":[{"@type":"Article","@id":"https:\/\/www.revistarambla.com\/confesiones-de-un-juez-imaginario-del-tribunal-supremo\/#article","isPartOf":{"@id":"https:\/\/www.revistarambla.com\/confesiones-de-un-juez-imaginario-del-tribunal-supremo\/"},"author":{"name":"Jos\u00e9 Antonio Gamero Romero","@id":"https:\/\/www.revistarambla.com\/#\/schema\/person\/94294f57cf4910853e3280fda7339bfc"},"headline":"Confesiones de un juez imaginario del Tribunal Supremo","datePublished":"2022-10-13T10:36:21+00:00","mainEntityOfPage":{"@id":"https:\/\/www.revistarambla.com\/confesiones-de-un-juez-imaginario-del-tribunal-supremo\/"},"wordCount":568,"commentCount":0,"publisher":{"@id":"https:\/\/www.revistarambla.com\/#organization"},"image":{"@id":"https:\/\/www.revistarambla.com\/confesiones-de-un-juez-imaginario-del-tribunal-supremo\/#primaryimage"},"thumbnailUrl":"https:\/\/www.revistarambla.com\/wp-content\/uploads\/2022\/10\/confession.jpg","articleSection":["La bodeguita de Hemingway"],"inLanguage":"en-GB","potentialAction":[{"@type":"CommentAction","name":"Comment","target":["https:\/\/www.revistarambla.com\/confesiones-de-un-juez-imaginario-del-tribunal-supremo\/#respond"]}]},{"@type":"WebPage","@id":"https:\/\/www.revistarambla.com\/confesiones-de-un-juez-imaginario-del-tribunal-supremo\/","url":"https:\/\/www.revistarambla.com\/confesiones-de-un-juez-imaginario-del-tribunal-supremo\/","name":"Confesiones de un juez imaginario del Tribunal Supremo - Revista Rambla","isPartOf":{"@id":"https:\/\/www.revistarambla.com\/#website"},"primaryImageOfPage":{"@id":"https:\/\/www.revistarambla.com\/confesiones-de-un-juez-imaginario-del-tribunal-supremo\/#primaryimage"},"image":{"@id":"https:\/\/www.revistarambla.com\/confesiones-de-un-juez-imaginario-del-tribunal-supremo\/#primaryimage"},"thumbnailUrl":"https:\/\/www.revistarambla.com\/wp-content\/uploads\/2022\/10\/confession.jpg","datePublished":"2022-10-13T10:36:21+00:00","breadcrumb":{"@id":"https:\/\/www.revistarambla.com\/confesiones-de-un-juez-imaginario-del-tribunal-supremo\/#breadcrumb"},"inLanguage":"en-GB","potentialAction":[{"@type":"ReadAction","target":["https:\/\/www.revistarambla.com\/confesiones-de-un-juez-imaginario-del-tribunal-supremo\/"]}]},{"@type":"ImageObject","inLanguage":"en-GB","@id":"https:\/\/www.revistarambla.com\/confesiones-de-un-juez-imaginario-del-tribunal-supremo\/#primaryimage","url":"https:\/\/www.revistarambla.com\/wp-content\/uploads\/2022\/10\/confession.jpg","contentUrl":"https:\/\/www.revistarambla.com\/wp-content\/uploads\/2022\/10\/confession.jpg","width":1000,"height":612},{"@type":"BreadcrumbList","@id":"https:\/\/www.revistarambla.com\/confesiones-de-un-juez-imaginario-del-tribunal-supremo\/#breadcrumb","itemListElement":[{"@type":"ListItem","position":1,"name":"Portada","item":"https:\/\/www.revistarambla.com\/"},{"@type":"ListItem","position":2,"name":"Confesiones de un juez imaginario del Tribunal Supremo"}]},{"@type":"WebSite","@id":"https:\/\/www.revistarambla.com\/#website","url":"https:\/\/www.revistarambla.com\/","name":"Revista Rambla Barcelona","description":"Periodismo independiente","publisher":{"@id":"https:\/\/www.revistarambla.com\/#organization"},"potentialAction":[{"@type":"SearchAction","target":{"@type":"EntryPoint","urlTemplate":"https:\/\/www.revistarambla.com\/?s={search_term_string}"},"query-input":{"@type":"PropertyValueSpecification","valueRequired":true,"valueName":"search_term_string"}}],"inLanguage":"en-GB"},{"@type":"Organization","@id":"https:\/\/www.revistarambla.com\/#organization","name":"Revista Rambla","url":"https:\/\/www.revistarambla.com\/","logo":{"@type":"ImageObject","inLanguage":"en-GB","@id":"https:\/\/www.revistarambla.com\/#\/schema\/logo\/image\/","url":"https:\/\/www.revistarambla.com\/wp-content\/uploads\/2020\/09\/banner_rambla_1900x600_BB.png","contentUrl":"https:\/\/www.revistarambla.com\/wp-content\/uploads\/2020\/09\/banner_rambla_1900x600_BB.png","width":1900,"height":600,"caption":"Revista Rambla"},"image":{"@id":"https:\/\/www.revistarambla.com\/#\/schema\/logo\/image\/"},"sameAs":["https:\/\/www.facebook.com\/revistarambla\/","https:\/\/x.com\/revistarambla","https:\/\/www.instagram.com\/revista_rambla","https:\/\/es.linkedin.com\/company\/revista-rambla"]},{"@type":"Person","@id":"https:\/\/www.revistarambla.com\/#\/schema\/person\/94294f57cf4910853e3280fda7339bfc","name":"Jos\u00e9 Antonio Gamero Romero","description":"Escritor sevillano finalista del premio Azor\u00edn 2014. Ha publicado en diferentes revistas como Culturamas, E\u00f1e, Visor, etc. Sus libros son: 'La invenci\u00f3n de los gigantes' (Buc\u00e9falo 2016); 'Literatura tridimensional' (Adarve 2018); 'S\u00f3crates no vino a Espa\u00f1a' (Samarcanda 2018); 'La rep\u00fablica del fin del mundo' (Tandaia 2018) y 'La bodeguita de Hemingway'."}]}},"_links":{"self":[{"href":"https:\/\/www.revistarambla.com\/en\/wp-json\/wp\/v2\/posts\/47696","targetHints":{"allow":["GET"]}}],"collection":[{"href":"https:\/\/www.revistarambla.com\/en\/wp-json\/wp\/v2\/posts"}],"about":[{"href":"https:\/\/www.revistarambla.com\/en\/wp-json\/wp\/v2\/types\/post"}],"author":[{"embeddable":true,"href":"https:\/\/www.revistarambla.com\/en\/wp-json\/wp\/v2\/users\/294"}],"replies":[{"embeddable":true,"href":"https:\/\/www.revistarambla.com\/en\/wp-json\/wp\/v2\/comments?post=47696"}],"version-history":[{"count":1,"href":"https:\/\/www.revistarambla.com\/en\/wp-json\/wp\/v2\/posts\/47696\/revisions"}],"predecessor-version":[{"id":47698,"href":"https:\/\/www.revistarambla.com\/en\/wp-json\/wp\/v2\/posts\/47696\/revisions\/47698"}],"wp:featuredmedia":[{"embeddable":true,"href":"https:\/\/www.revistarambla.com\/en\/wp-json\/wp\/v2\/media\/47697"}],"wp:attachment":[{"href":"https:\/\/www.revistarambla.com\/en\/wp-json\/wp\/v2\/media?parent=47696"}],"wp:term":[{"taxonomy":"category","embeddable":true,"href":"https:\/\/www.revistarambla.com\/en\/wp-json\/wp\/v2\/categories?post=47696"},{"taxonomy":"post_tag","embeddable":true,"href":"https:\/\/www.revistarambla.com\/en\/wp-json\/wp\/v2\/tags?post=47696"}],"curies":[{"name":"wp","href":"https:\/\/api.w.org\/{rel}","templated":true}]}}