{"id":47587,"date":"2022-10-09T18:58:10","date_gmt":"2022-10-09T16:58:10","guid":{"rendered":"https:\/\/www.revistarambla.com\/?p=47587"},"modified":"2022-10-09T18:58:10","modified_gmt":"2022-10-09T16:58:10","slug":"la-pelicula-alemana-qazi-triunfa-en-el-calella-film-festival","status":"publish","type":"post","link":"https:\/\/www.revistarambla.com\/en\/la-pelicula-alemana-qazi-triunfa-en-el-calella-film-festival\/","title":{"rendered":"La pel\u00edcula alemana \u00abQazi\u00bb triunfa en el Calella Film Festival"},"content":{"rendered":"<p><span lang=\"AF\">La primera pel\u00edcula del director alem\u00e1n\u00a0<\/span><span lang=\"AF\">Jakob Gerhmann fue la triunfadora de la noche en la ceremonia de clausura del <a href=\"https:\/\/www.revistarambla.com\/en\/el-calella-film-festival-apoya-al-cine-independiente-la-canco-pop-abre-el-festival-de-cine-del-maresme\/\">Calella Film Festival<\/a>, el Festival de Cine del Maresme. <\/span><!--more--><\/p>\n<p><span lang=\"AF\">Su obra \u201cQazi\u201d se llev\u00f3 los galardones a la mejor pel\u00edcula y el premio del p\u00fablico, que ha apreciado los valores de una cinta que muestra la dureza de la vida de los inmigrantes pakistan\u00edes en Europa. \u00a0<\/span><\/p>\n<p style=\"font-weight: 400;\">Despu\u00e9s de recibir dos veces el galard\u00f3n del festival, la \u201cLlopa\u201d, Jakob Gerhmann, recordaba que \u201cesta pel\u00edcula tiene su origen en un cortometraje que rod\u00e9 mientras estudiaba cine. Cuando tuvimos presupuesto, pensamos en ampliar la historia y viajar a Pakist\u00e1n a rodar varias escenas\u201d.<\/p>\n<p style=\"font-weight: 400;\">El recorrido de \u201cQazi\u201d ha sido exitoso hasta el momento en m\u00e1s de 20 festivales por todo el mundo. Su director viaj\u00f3 directamente a Calella despu\u00e9s de recibir otro premio a la mejor pel\u00edcula en el Ethnokino Film Festival de Suiza. Ha cosechado tambi\u00e9n reconocimientos en diversos cert\u00e1menes espa\u00f1oles, en Italia, Estados Unidos y en su Alemania natal.<\/p>\n<figure id=\"attachment_47591\" aria-describedby=\"caption-attachment-47591\" style=\"width: 1709px\" class=\"wp-caption aligncenter\"><img decoding=\"async\" class=\"wp-image-47591 size-full\" src=\"https:\/\/www.revistarambla.com\/wp-content\/uploads\/2022\/10\/El-director-Jakob-Gerhmann-acumulo-dos-galardones-por-Qazi.jpg\" alt=\"El director Jakob Gerhmann acumul\u00f3 dos galardones por Qazi\" width=\"1709\" height=\"1479\" srcset=\"https:\/\/www.revistarambla.com\/wp-content\/uploads\/2022\/10\/El-director-Jakob-Gerhmann-acumulo-dos-galardones-por-Qazi.jpg 1709w, https:\/\/www.revistarambla.com\/wp-content\/uploads\/2022\/10\/El-director-Jakob-Gerhmann-acumulo-dos-galardones-por-Qazi-422x365.jpg 422w, https:\/\/www.revistarambla.com\/wp-content\/uploads\/2022\/10\/El-director-Jakob-Gerhmann-acumulo-dos-galardones-por-Qazi-840x727.jpg 840w, https:\/\/www.revistarambla.com\/wp-content\/uploads\/2022\/10\/El-director-Jakob-Gerhmann-acumulo-dos-galardones-por-Qazi-768x665.jpg 768w, https:\/\/www.revistarambla.com\/wp-content\/uploads\/2022\/10\/El-director-Jakob-Gerhmann-acumulo-dos-galardones-por-Qazi-1536x1329.jpg 1536w, https:\/\/www.revistarambla.com\/wp-content\/uploads\/2022\/10\/El-director-Jakob-Gerhmann-acumulo-dos-galardones-por-Qazi-14x12.jpg 14w\" sizes=\"(max-width: 1709px) 100vw, 1709px\" \/><figcaption id=\"caption-attachment-47591\" class=\"wp-caption-text\">El director Jakob Gerhmann acumul\u00f3 dos galardones por &#8216;Qazi&#8217;.<\/figcaption><\/figure>\n<p style=\"font-weight: 400;\">Jakob Gerhmann reconoce que \u201cha sido muy interesante contrastar las historias con la comunidad pakistan\u00ed de Calella y ver que se identificaban con ellas. Ha sido muy gratificante como cineasta saber que hemos reproducido bien sus experiencias\u201d.<\/p>\n<p style=\"font-weight: 400;\">En la secci\u00f3n \u201cLow Budget\u201d del Festival, la otra triunfadora ha sido \u201cHazlo por m\u00ed\u201d, la obra del director \u00c1lvaro de la Hoz. \u201cHazlo por m\u00ed\u201d acumul\u00f3 dos galardones. Zoe P\u00e9rez, una joven promesa del cine, se hizo con el premio a la mejor actriz, mientras que Pedro Pablo Picazo fue premiado como el mejor guionista.\u00a0<strong>\u00a0<\/strong><\/p>\n<h3 style=\"font-weight: 400;\"><strong>Manuela Velasco<\/strong><\/h3>\n<p style=\"font-weight: 400;\">Una de las invitadas del Calella Film Festival ha sido la actriz madrile\u00f1a Manuela Velasco, una habitual de la televisi\u00f3n y del cine.<\/p>\n<p style=\"font-weight: 400;\">Manuela Velasco acaba de participar en la pel\u00edcula de Santi Alvarado \u201cCuando los amos duermen\u201d. La actriz califica su \u00faltima actuaci\u00f3n como \u201cuna bizarrada maravillosa. Yo estoy deseando verla. En noviembre voy a rodar con Santi Requejo una pel\u00edcula muy social, que tiene que ver con la conciliaci\u00f3n laboral y la maternidad. O sea, nada que ver con la cinta de Santi Alvarado\u201d.<\/p>\n<p style=\"font-weight: 400;\">Manuela Velasco reconoc\u00eda que \u201cme ha sido complicado estar en un jurado, porque lo paso mal valorando. En este Calella Film Festival ha habido mucho nivel y hemos premiado cosas particulares de cada pel\u00edcula\u201d.<\/p>\n<p style=\"font-weight: 400;\">Despu\u00e9s de estar estos d\u00edas en Calella, Velasco cree que \u201ces maravilloso que algunos festivales apuesten por pel\u00edculas con un presupuesto m\u00e1s reducido. Es fundamental y necesario. Ojal\u00e1 hubiera m\u00e1s festivales o plataformas como \u00e9sta. Tener presupuesto no significa que tengas creatividad y talento. Yo lo aplaudo\u201d.<\/p>\n<p style=\"font-weight: 400;\">Y es que el jurado del Calella Film Festival ha sido de lujo, liderado por el actor Juli F\u00e0bregas, que ha formado equipo con actores, guionistas, directores, montadores y productores como Ramon Salas, Cl\u00e0udia Font, Eloi Tom\u00e0s, Manuela Velasco, Maria Molins y Norbert Llar\u00e0s.<\/p>\n<h3 style=\"font-weight: 400;\"><strong>Dos secciones<\/strong><\/h3>\n<p style=\"font-weight: 400;\">El Festival del Cine del Maresme consta de dos secciones. La secci\u00f3n \u00abLow Budget\u00bb proyecta cintas rodadas en todo el mundo con un presupuesto de menos de 500.000 euros. De esta manera, se apoya a los directores que apuestan por la creatividad y por sacar el m\u00e1ximo partido a sus recursos.<\/p>\n<p style=\"font-weight: 400;\">El presidente de la Asociaci\u00f3n Rosebud, Albert Guinart, explica que \u201chemos recibido m\u00e1s de 400 trabajos de pa\u00edses de todo el mundo. Es un festival que va creciendo en cada edici\u00f3n. Gran parte de las pel\u00edculas que proyectamos son producciones peque\u00f1as, de bajo presupuesto, con pocas opciones de ir a festival y generalmente sus directores vienen expresamente a presentarlas. Tambi\u00e9n es un sello muy distinto al de otros festivales que eligen pel\u00edculas m\u00e1s comerciales. Nosotros proyectamos pel\u00edculas que es dif\u00edcil visionar en otros festivales e, incluso, en plataformas\u201d.<\/p>\n<p style=\"font-weight: 400;\">En cambio, la Secci\u00f3n \u201cCreative Rosebud Awards\u201d est\u00e1 destinada a producciones de presupuesto m\u00e1s alto, sin l\u00edmite de presupuesto. La cinta biogr\u00e1fica \u201cMr. Wain\u201d, protagonizada por el actor Benedict Cumberbatch, ha recibido el premio a la mejor pel\u00edcula. Nicholas Cage ha obtenido el premio de mejor actor en esta secci\u00f3n por su papel principal en \u201cPig\u201d.<\/p>\n<figure id=\"attachment_47590\" aria-describedby=\"caption-attachment-47590\" style=\"width: 1124px\" class=\"wp-caption aligncenter\"><img decoding=\"async\" class=\"wp-image-47590 size-full\" src=\"https:\/\/www.revistarambla.com\/wp-content\/uploads\/2022\/10\/Zoe-Perez-mejor-actriz-por-Hazlo-por-mi.jpg\" alt=\"Zoe P\u00e9rez, mejor actriz por Hazlo por m\u00ed\" width=\"1124\" height=\"750\" srcset=\"https:\/\/www.revistarambla.com\/wp-content\/uploads\/2022\/10\/Zoe-Perez-mejor-actriz-por-Hazlo-por-mi.jpg 1124w, https:\/\/www.revistarambla.com\/wp-content\/uploads\/2022\/10\/Zoe-Perez-mejor-actriz-por-Hazlo-por-mi-547x365.jpg 547w, https:\/\/www.revistarambla.com\/wp-content\/uploads\/2022\/10\/Zoe-Perez-mejor-actriz-por-Hazlo-por-mi-840x560.jpg 840w, https:\/\/www.revistarambla.com\/wp-content\/uploads\/2022\/10\/Zoe-Perez-mejor-actriz-por-Hazlo-por-mi-768x512.jpg 768w, https:\/\/www.revistarambla.com\/wp-content\/uploads\/2022\/10\/Zoe-Perez-mejor-actriz-por-Hazlo-por-mi-18x12.jpg 18w\" sizes=\"(max-width: 1124px) 100vw, 1124px\" \/><figcaption id=\"caption-attachment-47590\" class=\"wp-caption-text\">Zoe P\u00e9rez, mejor actriz por &#8216;Hazlo por m\u00ed&#8217;.<\/figcaption><\/figure>\n<h3 style=\"font-weight: 400;\"><strong>Palmar\u00e9s del Calella Film Festival 2022:<\/strong><\/h3>\n<h4 style=\"font-weight: 400;\"><strong>Secci\u00f3n Low Budget<\/strong><\/h4>\n<ul>\n<li style=\"font-weight: 400;\"><strong>Mejor pel\u00edcula<\/strong>: \u201cQazi\u201d, de Jakob Gerhmann.<\/li>\n<li style=\"font-weight: 400;\"><strong>Premio del p\u00fablico<\/strong>: \u201cQazi\u201d, de Jakob Gerhmann.<\/li>\n<li style=\"font-weight: 400;\"><strong>Mejor actor:\u00a0<\/strong>Alexander<strong>\u00a0<\/strong>Peiler<strong>\u00a0<\/strong>por<strong>\u00a0<\/strong>\u201cSomehow\u00bb.<strong>\u00a0<\/strong><\/li>\n<li style=\"font-weight: 400;\"><strong>Mejor actriz:\u00a0<\/strong>Zoe P\u00e9rez por \u201cHazlo por m\u00ed\u201d.<\/li>\n<li style=\"font-weight: 400;\"><strong>Mejor guion: <\/strong>Pedro Pablo Picazo por \u201cHazlo por m\u00ed\u201d.<\/li>\n<li style=\"font-weight: 400;\"><strong>Mejor direcci\u00f3n:\u00a0<\/strong>Shailesh Bhimrao Dupare por \u201cPalyad\u201d.<\/li>\n<\/ul>\n<h4 style=\"font-weight: 400;\"><strong>Secci\u00f3n Creative Rosebud<\/strong><\/h4>\n<ul>\n<li style=\"font-weight: 400;\"><strong>Mejor pel\u00edcula<\/strong>: \u201cMr Wain\u201d, dirigida por Will Sharpe.<strong>\u00a0<\/strong><\/li>\n<li style=\"font-weight: 400;\"><strong>Mejor actor<\/strong>: Nicholas Cage por \u201cPig\u201d.<strong>\u00a0<\/strong><\/li>\n<li style=\"font-weight: 400;\"><strong>Mejor actriz<\/strong>: Anabela Moreira por \u201cThe last bath\u201d.<\/li>\n<li style=\"font-weight: 400;\"><strong>Mejor guion<\/strong>: Marc Dugain por \u201cEug\u00e9nie Grandet\u201d.<\/li>\n<li style=\"font-weight: 400;\"><strong>Mejor directora<\/strong>: Beatrice Baldacci por \u201cLa Tana\u201d.<\/li>\n<li style=\"font-weight: 400;\"><strong>Menci\u00f3n especial como mejores directores<\/strong>: Guido de Paula y Andr\u00e9s Riva por \u201cLas intemperies\u201d.<\/li>\n<\/ul>\n<p style=\"font-weight: 400;\"><strong>Premio al Concurso de Guion<\/strong>: Eloi Tom\u00e1s por \u201cEn Utila\u201d.<strong>\u00a0<\/strong><\/p>\n<p style=\"font-weight: 400;\"><strong>Premio Honor\u00edfico:\u00a0<\/strong>Montserrat Candini.<\/p>","protected":false},"excerpt":{"rendered":"<p>La pel\u00edcula muestra la dureza de la vida de los migrantes pakistan\u00edes en Europa. En la imagen, el director Jakob Gerhmann le muestra orgulloso sus dos galardones a la actriz Manuela Velasco.<\/p>","protected":false},"author":33,"featured_media":47592,"comment_status":"open","ping_status":"open","sticky":false,"template":"","format":"standard","meta":{"footnotes":""},"categories":[61],"tags":[],"class_list":["post-47587","post","type-post","status-publish","format-standard","has-post-thumbnail","hentry","category-cine"],"yoast_head":"<!-- This site is optimized with the Yoast SEO plugin v27.5 - https:\/\/yoast.com\/product\/yoast-seo-wordpress\/ -->\n<title>La pel\u00edcula alemana &quot;Qazi&quot; triunfa en el Calella Film Festival - Revista Rambla<\/title>\n<meta name=\"robots\" content=\"index, follow, max-snippet:-1, max-image-preview:large, max-video-preview:-1\" \/>\n<link rel=\"canonical\" href=\"https:\/\/www.revistarambla.com\/en\/la-pelicula-alemana-qazi-triunfa-en-el-calella-film-festival\/\" \/>\n<meta property=\"og:locale\" content=\"en_GB\" \/>\n<meta property=\"og:type\" content=\"article\" \/>\n<meta property=\"og:title\" content=\"La pel\u00edcula alemana &quot;Qazi&quot; triunfa en el Calella Film Festival - Revista Rambla\" \/>\n<meta property=\"og:description\" content=\"La pel\u00edcula muestra la dureza de la vida de los migrantes pakistan\u00edes en Europa. En la imagen, el director Jakob Gerhmann le muestra orgulloso sus dos galardones a la actriz Manuela Velasco.\" \/>\n<meta property=\"og:url\" content=\"https:\/\/www.revistarambla.com\/en\/la-pelicula-alemana-qazi-triunfa-en-el-calella-film-festival\/\" \/>\n<meta property=\"og:site_name\" content=\"Revista Rambla\" \/>\n<meta property=\"article:publisher\" content=\"https:\/\/www.facebook.com\/revistarambla\/\" \/>\n<meta property=\"article:published_time\" content=\"2022-10-09T16:58:10+00:00\" \/>\n<meta property=\"og:image\" content=\"https:\/\/www.revistarambla.com\/wp-content\/uploads\/2022\/10\/El-director-Jakob-Gerhmann-le-muestra-orgulloso-sus-dos-galardones-a-la-actriz-Manuela-Velasco.jpg\" \/>\n\t<meta property=\"og:image:width\" content=\"1024\" \/>\n\t<meta property=\"og:image:height\" content=\"759\" \/>\n\t<meta property=\"og:image:type\" content=\"image\/jpeg\" \/>\n<meta name=\"author\" content=\"\u00c0lex M. Franquet\" \/>\n<meta name=\"twitter:card\" content=\"summary_large_image\" \/>\n<meta name=\"twitter:creator\" content=\"@revistarambla\" \/>\n<meta name=\"twitter:site\" content=\"@revistarambla\" \/>\n<meta name=\"twitter:label1\" content=\"Written by\" \/>\n\t<meta name=\"twitter:data1\" content=\"\u00c0lex M. Franquet\" \/>\n\t<meta name=\"twitter:label2\" content=\"Estimated reading time\" \/>\n\t<meta name=\"twitter:data2\" content=\"5 minutes\" \/>\n<script type=\"application\/ld+json\" class=\"yoast-schema-graph\">{\"@context\":\"https:\\\/\\\/schema.org\",\"@graph\":[{\"@type\":\"Article\",\"@id\":\"https:\\\/\\\/www.revistarambla.com\\\/la-pelicula-alemana-qazi-triunfa-en-el-calella-film-festival\\\/#article\",\"isPartOf\":{\"@id\":\"https:\\\/\\\/www.revistarambla.com\\\/la-pelicula-alemana-qazi-triunfa-en-el-calella-film-festival\\\/\"},\"author\":{\"name\":\"\u00c0lex M. Franquet\",\"@id\":\"https:\\\/\\\/www.revistarambla.com\\\/#\\\/schema\\\/person\\\/f970e20c8f452a7910eb4defa5fe7d7d\"},\"headline\":\"La pel\u00edcula alemana \u00abQazi\u00bb triunfa en el Calella Film Festival\",\"datePublished\":\"2022-10-09T16:58:10+00:00\",\"mainEntityOfPage\":{\"@id\":\"https:\\\/\\\/www.revistarambla.com\\\/la-pelicula-alemana-qazi-triunfa-en-el-calella-film-festival\\\/\"},\"wordCount\":895,\"commentCount\":0,\"publisher\":{\"@id\":\"https:\\\/\\\/www.revistarambla.com\\\/#organization\"},\"image\":{\"@id\":\"https:\\\/\\\/www.revistarambla.com\\\/la-pelicula-alemana-qazi-triunfa-en-el-calella-film-festival\\\/#primaryimage\"},\"thumbnailUrl\":\"https:\\\/\\\/www.revistarambla.com\\\/wp-content\\\/uploads\\\/2022\\\/10\\\/El-director-Jakob-Gerhmann-le-muestra-orgulloso-sus-dos-galardones-a-la-actriz-Manuela-Velasco.jpg\",\"articleSection\":[\"Cine &amp; Series\"],\"inLanguage\":\"en-GB\",\"potentialAction\":[{\"@type\":\"CommentAction\",\"name\":\"Comment\",\"target\":[\"https:\\\/\\\/www.revistarambla.com\\\/la-pelicula-alemana-qazi-triunfa-en-el-calella-film-festival\\\/#respond\"]}]},{\"@type\":\"WebPage\",\"@id\":\"https:\\\/\\\/www.revistarambla.com\\\/la-pelicula-alemana-qazi-triunfa-en-el-calella-film-festival\\\/\",\"url\":\"https:\\\/\\\/www.revistarambla.com\\\/la-pelicula-alemana-qazi-triunfa-en-el-calella-film-festival\\\/\",\"name\":\"La pel\u00edcula alemana \\\"Qazi\\\" triunfa en el Calella Film Festival - Revista Rambla\",\"isPartOf\":{\"@id\":\"https:\\\/\\\/www.revistarambla.com\\\/#website\"},\"primaryImageOfPage\":{\"@id\":\"https:\\\/\\\/www.revistarambla.com\\\/la-pelicula-alemana-qazi-triunfa-en-el-calella-film-festival\\\/#primaryimage\"},\"image\":{\"@id\":\"https:\\\/\\\/www.revistarambla.com\\\/la-pelicula-alemana-qazi-triunfa-en-el-calella-film-festival\\\/#primaryimage\"},\"thumbnailUrl\":\"https:\\\/\\\/www.revistarambla.com\\\/wp-content\\\/uploads\\\/2022\\\/10\\\/El-director-Jakob-Gerhmann-le-muestra-orgulloso-sus-dos-galardones-a-la-actriz-Manuela-Velasco.jpg\",\"datePublished\":\"2022-10-09T16:58:10+00:00\",\"breadcrumb\":{\"@id\":\"https:\\\/\\\/www.revistarambla.com\\\/la-pelicula-alemana-qazi-triunfa-en-el-calella-film-festival\\\/#breadcrumb\"},\"inLanguage\":\"en-GB\",\"potentialAction\":[{\"@type\":\"ReadAction\",\"target\":[\"https:\\\/\\\/www.revistarambla.com\\\/la-pelicula-alemana-qazi-triunfa-en-el-calella-film-festival\\\/\"]}]},{\"@type\":\"ImageObject\",\"inLanguage\":\"en-GB\",\"@id\":\"https:\\\/\\\/www.revistarambla.com\\\/la-pelicula-alemana-qazi-triunfa-en-el-calella-film-festival\\\/#primaryimage\",\"url\":\"https:\\\/\\\/www.revistarambla.com\\\/wp-content\\\/uploads\\\/2022\\\/10\\\/El-director-Jakob-Gerhmann-le-muestra-orgulloso-sus-dos-galardones-a-la-actriz-Manuela-Velasco.jpg\",\"contentUrl\":\"https:\\\/\\\/www.revistarambla.com\\\/wp-content\\\/uploads\\\/2022\\\/10\\\/El-director-Jakob-Gerhmann-le-muestra-orgulloso-sus-dos-galardones-a-la-actriz-Manuela-Velasco.jpg\",\"width\":1024,\"height\":759},{\"@type\":\"BreadcrumbList\",\"@id\":\"https:\\\/\\\/www.revistarambla.com\\\/la-pelicula-alemana-qazi-triunfa-en-el-calella-film-festival\\\/#breadcrumb\",\"itemListElement\":[{\"@type\":\"ListItem\",\"position\":1,\"name\":\"Portada\",\"item\":\"https:\\\/\\\/www.revistarambla.com\\\/\"},{\"@type\":\"ListItem\",\"position\":2,\"name\":\"La pel\u00edcula alemana &#8220;Qazi&#8221; triunfa en el Calella Film Festival\"}]},{\"@type\":\"WebSite\",\"@id\":\"https:\\\/\\\/www.revistarambla.com\\\/#website\",\"url\":\"https:\\\/\\\/www.revistarambla.com\\\/\",\"name\":\"Revista Rambla Barcelona\",\"description\":\"Periodismo independiente\",\"publisher\":{\"@id\":\"https:\\\/\\\/www.revistarambla.com\\\/#organization\"},\"potentialAction\":[{\"@type\":\"SearchAction\",\"target\":{\"@type\":\"EntryPoint\",\"urlTemplate\":\"https:\\\/\\\/www.revistarambla.com\\\/?s={search_term_string}\"},\"query-input\":{\"@type\":\"PropertyValueSpecification\",\"valueRequired\":true,\"valueName\":\"search_term_string\"}}],\"inLanguage\":\"en-GB\"},{\"@type\":\"Organization\",\"@id\":\"https:\\\/\\\/www.revistarambla.com\\\/#organization\",\"name\":\"Revista Rambla\",\"url\":\"https:\\\/\\\/www.revistarambla.com\\\/\",\"logo\":{\"@type\":\"ImageObject\",\"inLanguage\":\"en-GB\",\"@id\":\"https:\\\/\\\/www.revistarambla.com\\\/#\\\/schema\\\/logo\\\/image\\\/\",\"url\":\"https:\\\/\\\/www.revistarambla.com\\\/wp-content\\\/uploads\\\/2020\\\/09\\\/banner_rambla_1900x600_BB.png\",\"contentUrl\":\"https:\\\/\\\/www.revistarambla.com\\\/wp-content\\\/uploads\\\/2020\\\/09\\\/banner_rambla_1900x600_BB.png\",\"width\":1900,\"height\":600,\"caption\":\"Revista Rambla\"},\"image\":{\"@id\":\"https:\\\/\\\/www.revistarambla.com\\\/#\\\/schema\\\/logo\\\/image\\\/\"},\"sameAs\":[\"https:\\\/\\\/www.facebook.com\\\/revistarambla\\\/\",\"https:\\\/\\\/x.com\\\/revistarambla\",\"https:\\\/\\\/www.instagram.com\\\/revista_rambla\",\"https:\\\/\\\/es.linkedin.com\\\/company\\\/revista-rambla\"]},{\"@type\":\"Person\",\"@id\":\"https:\\\/\\\/www.revistarambla.com\\\/#\\\/schema\\\/person\\\/f970e20c8f452a7910eb4defa5fe7d7d\",\"name\":\"\u00c0lex M. Franquet\",\"description\":\"-\",\"sameAs\":[\"https:\\\/\\\/www.revistarambla.com\\\/\"]}]}<\/script>\n<!-- \/ Yoast SEO plugin. -->","yoast_head_json":{"title":"La pel\u00edcula alemana \"Qazi\" triunfa en el Calella Film Festival - Revista Rambla","robots":{"index":"index","follow":"follow","max-snippet":"max-snippet:-1","max-image-preview":"max-image-preview:large","max-video-preview":"max-video-preview:-1"},"canonical":"https:\/\/www.revistarambla.com\/en\/la-pelicula-alemana-qazi-triunfa-en-el-calella-film-festival\/","og_locale":"en_GB","og_type":"article","og_title":"La pel\u00edcula alemana \"Qazi\" triunfa en el Calella Film Festival - Revista Rambla","og_description":"La pel\u00edcula muestra la dureza de la vida de los migrantes pakistan\u00edes en Europa. En la imagen, el director Jakob Gerhmann le muestra orgulloso sus dos galardones a la actriz Manuela Velasco.","og_url":"https:\/\/www.revistarambla.com\/en\/la-pelicula-alemana-qazi-triunfa-en-el-calella-film-festival\/","og_site_name":"Revista Rambla","article_publisher":"https:\/\/www.facebook.com\/revistarambla\/","article_published_time":"2022-10-09T16:58:10+00:00","og_image":[{"width":1024,"height":759,"url":"https:\/\/www.revistarambla.com\/wp-content\/uploads\/2022\/10\/El-director-Jakob-Gerhmann-le-muestra-orgulloso-sus-dos-galardones-a-la-actriz-Manuela-Velasco.jpg","type":"image\/jpeg"}],"author":"\u00c0lex M. Franquet","twitter_card":"summary_large_image","twitter_creator":"@revistarambla","twitter_site":"@revistarambla","twitter_misc":{"Written by":"\u00c0lex M. Franquet","Estimated reading time":"5 minutes"},"schema":{"@context":"https:\/\/schema.org","@graph":[{"@type":"Article","@id":"https:\/\/www.revistarambla.com\/la-pelicula-alemana-qazi-triunfa-en-el-calella-film-festival\/#article","isPartOf":{"@id":"https:\/\/www.revistarambla.com\/la-pelicula-alemana-qazi-triunfa-en-el-calella-film-festival\/"},"author":{"name":"\u00c0lex M. Franquet","@id":"https:\/\/www.revistarambla.com\/#\/schema\/person\/f970e20c8f452a7910eb4defa5fe7d7d"},"headline":"La pel\u00edcula alemana \u00abQazi\u00bb triunfa en el Calella Film Festival","datePublished":"2022-10-09T16:58:10+00:00","mainEntityOfPage":{"@id":"https:\/\/www.revistarambla.com\/la-pelicula-alemana-qazi-triunfa-en-el-calella-film-festival\/"},"wordCount":895,"commentCount":0,"publisher":{"@id":"https:\/\/www.revistarambla.com\/#organization"},"image":{"@id":"https:\/\/www.revistarambla.com\/la-pelicula-alemana-qazi-triunfa-en-el-calella-film-festival\/#primaryimage"},"thumbnailUrl":"https:\/\/www.revistarambla.com\/wp-content\/uploads\/2022\/10\/El-director-Jakob-Gerhmann-le-muestra-orgulloso-sus-dos-galardones-a-la-actriz-Manuela-Velasco.jpg","articleSection":["Cine &amp; Series"],"inLanguage":"en-GB","potentialAction":[{"@type":"CommentAction","name":"Comment","target":["https:\/\/www.revistarambla.com\/la-pelicula-alemana-qazi-triunfa-en-el-calella-film-festival\/#respond"]}]},{"@type":"WebPage","@id":"https:\/\/www.revistarambla.com\/la-pelicula-alemana-qazi-triunfa-en-el-calella-film-festival\/","url":"https:\/\/www.revistarambla.com\/la-pelicula-alemana-qazi-triunfa-en-el-calella-film-festival\/","name":"La pel\u00edcula alemana \"Qazi\" triunfa en el Calella Film Festival - Revista Rambla","isPartOf":{"@id":"https:\/\/www.revistarambla.com\/#website"},"primaryImageOfPage":{"@id":"https:\/\/www.revistarambla.com\/la-pelicula-alemana-qazi-triunfa-en-el-calella-film-festival\/#primaryimage"},"image":{"@id":"https:\/\/www.revistarambla.com\/la-pelicula-alemana-qazi-triunfa-en-el-calella-film-festival\/#primaryimage"},"thumbnailUrl":"https:\/\/www.revistarambla.com\/wp-content\/uploads\/2022\/10\/El-director-Jakob-Gerhmann-le-muestra-orgulloso-sus-dos-galardones-a-la-actriz-Manuela-Velasco.jpg","datePublished":"2022-10-09T16:58:10+00:00","breadcrumb":{"@id":"https:\/\/www.revistarambla.com\/la-pelicula-alemana-qazi-triunfa-en-el-calella-film-festival\/#breadcrumb"},"inLanguage":"en-GB","potentialAction":[{"@type":"ReadAction","target":["https:\/\/www.revistarambla.com\/la-pelicula-alemana-qazi-triunfa-en-el-calella-film-festival\/"]}]},{"@type":"ImageObject","inLanguage":"en-GB","@id":"https:\/\/www.revistarambla.com\/la-pelicula-alemana-qazi-triunfa-en-el-calella-film-festival\/#primaryimage","url":"https:\/\/www.revistarambla.com\/wp-content\/uploads\/2022\/10\/El-director-Jakob-Gerhmann-le-muestra-orgulloso-sus-dos-galardones-a-la-actriz-Manuela-Velasco.jpg","contentUrl":"https:\/\/www.revistarambla.com\/wp-content\/uploads\/2022\/10\/El-director-Jakob-Gerhmann-le-muestra-orgulloso-sus-dos-galardones-a-la-actriz-Manuela-Velasco.jpg","width":1024,"height":759},{"@type":"BreadcrumbList","@id":"https:\/\/www.revistarambla.com\/la-pelicula-alemana-qazi-triunfa-en-el-calella-film-festival\/#breadcrumb","itemListElement":[{"@type":"ListItem","position":1,"name":"Portada","item":"https:\/\/www.revistarambla.com\/"},{"@type":"ListItem","position":2,"name":"La pel\u00edcula alemana &#8220;Qazi&#8221; triunfa en el Calella Film Festival"}]},{"@type":"WebSite","@id":"https:\/\/www.revistarambla.com\/#website","url":"https:\/\/www.revistarambla.com\/","name":"Revista Rambla Barcelona","description":"Periodismo independiente","publisher":{"@id":"https:\/\/www.revistarambla.com\/#organization"},"potentialAction":[{"@type":"SearchAction","target":{"@type":"EntryPoint","urlTemplate":"https:\/\/www.revistarambla.com\/?s={search_term_string}"},"query-input":{"@type":"PropertyValueSpecification","valueRequired":true,"valueName":"search_term_string"}}],"inLanguage":"en-GB"},{"@type":"Organization","@id":"https:\/\/www.revistarambla.com\/#organization","name":"Revista Rambla","url":"https:\/\/www.revistarambla.com\/","logo":{"@type":"ImageObject","inLanguage":"en-GB","@id":"https:\/\/www.revistarambla.com\/#\/schema\/logo\/image\/","url":"https:\/\/www.revistarambla.com\/wp-content\/uploads\/2020\/09\/banner_rambla_1900x600_BB.png","contentUrl":"https:\/\/www.revistarambla.com\/wp-content\/uploads\/2020\/09\/banner_rambla_1900x600_BB.png","width":1900,"height":600,"caption":"Revista Rambla"},"image":{"@id":"https:\/\/www.revistarambla.com\/#\/schema\/logo\/image\/"},"sameAs":["https:\/\/www.facebook.com\/revistarambla\/","https:\/\/x.com\/revistarambla","https:\/\/www.instagram.com\/revista_rambla","https:\/\/es.linkedin.com\/company\/revista-rambla"]},{"@type":"Person","@id":"https:\/\/www.revistarambla.com\/#\/schema\/person\/f970e20c8f452a7910eb4defa5fe7d7d","name":"\u00c0lex M. Franquet","description":"-","sameAs":["https:\/\/www.revistarambla.com\/"]}]}},"_links":{"self":[{"href":"https:\/\/www.revistarambla.com\/en\/wp-json\/wp\/v2\/posts\/47587","targetHints":{"allow":["GET"]}}],"collection":[{"href":"https:\/\/www.revistarambla.com\/en\/wp-json\/wp\/v2\/posts"}],"about":[{"href":"https:\/\/www.revistarambla.com\/en\/wp-json\/wp\/v2\/types\/post"}],"author":[{"embeddable":true,"href":"https:\/\/www.revistarambla.com\/en\/wp-json\/wp\/v2\/users\/33"}],"replies":[{"embeddable":true,"href":"https:\/\/www.revistarambla.com\/en\/wp-json\/wp\/v2\/comments?post=47587"}],"version-history":[{"count":3,"href":"https:\/\/www.revistarambla.com\/en\/wp-json\/wp\/v2\/posts\/47587\/revisions"}],"predecessor-version":[{"id":47593,"href":"https:\/\/www.revistarambla.com\/en\/wp-json\/wp\/v2\/posts\/47587\/revisions\/47593"}],"wp:featuredmedia":[{"embeddable":true,"href":"https:\/\/www.revistarambla.com\/en\/wp-json\/wp\/v2\/media\/47592"}],"wp:attachment":[{"href":"https:\/\/www.revistarambla.com\/en\/wp-json\/wp\/v2\/media?parent=47587"}],"wp:term":[{"taxonomy":"category","embeddable":true,"href":"https:\/\/www.revistarambla.com\/en\/wp-json\/wp\/v2\/categories?post=47587"},{"taxonomy":"post_tag","embeddable":true,"href":"https:\/\/www.revistarambla.com\/en\/wp-json\/wp\/v2\/tags?post=47587"}],"curies":[{"name":"wp","href":"https:\/\/api.w.org\/{rel}","templated":true}]}}