{"id":47567,"date":"2022-10-08T18:54:43","date_gmt":"2022-10-08T16:54:43","guid":{"rendered":"https:\/\/www.revistarambla.com\/?p=47567"},"modified":"2022-10-08T18:54:43","modified_gmt":"2022-10-08T16:54:43","slug":"proximo-invierno-parodiando-al-viejo-oeste-americano","status":"publish","type":"post","link":"https:\/\/www.revistarambla.com\/en\/proximo-invierno-parodiando-al-viejo-oeste-americano\/","title":{"rendered":"Pr\u00f3ximo invierno parodiando al Viejo Oeste americano"},"content":{"rendered":"<p>El pr\u00f3ximo mes se cumplir\u00e1 un a\u00f1o que escribimos en este mismo Medio, un Art\u00edculo titulado: CAMINO DE LA PALMATORIA (Sobrevivir al Mercado El\u00e9ctrico).<\/p>\n<p>Como de costumbre, se trata de analizar los Indicadores oportunos para llegar a un alto grado de fiabilidad sobre lo que ocurrir\u00e1 a corto\/medio plazo, y el mercado el\u00e9ctrico lo ha demostrado con creces.<\/p>\n<p>Alg\u00fan buen amigo, a\u00fan lo recuerda, y me pregunta sobre lo que econ\u00f3micamente nos espera en Oto\u00f1o\/Invierno, cuesti\u00f3n, que cada vez se hace m\u00e1s dif\u00edcil pronosticar dado el devenir de las circunstancias conocidas, m\u00e1s algunas otras imprevistas que siempre llegan.<\/p>\n<p>Suelo sugerir de forma coloquial, que se pertrechen en sus domicilios mediante ropa de abrigo, bien en el sof\u00e1 con manta gruesa compartida, si fuera el caso, y, posterior traslado al lecho individual o de pareja, para un mejor provecho.<\/p>\n<p>Aquellos\/as que vayan a permanecer en sus domicilios a lo largo del d\u00eda, poner sobre sus hombros dependiendo del grado de fr\u00edo, otra manta, al estilo de aquellos ind\u00edgenas tribales que aparec\u00edan en las pel\u00edculas antiguas del Oeste, en largas filas caminando cuando eran deportados bajo dr\u00e1sticas temperaturas hacia las \u201creservas\u201d creadas por el ej\u00e9rcito USA.<\/p>\n<p>Indudablemente, se trata de un s\u00edmil, pero intenta exponer que en alguna forma tendremos que luchar contra el diab\u00f3lico carrusel de precios de electricidad en el que nos encontramos inmersos.<\/p>\n<p>Al fijarse el precio de la energ\u00eda el\u00e9ctrica diariamente en funci\u00f3n de un valor variable cada hora seg\u00fan oferta y demanda, el recurso ahorrativo de esperar a los fines de semana para efectuar la colada, aspiradora, horno, etc. ya apenas sirve, pues han descubierto tambi\u00e9n \u201clos del alza de precios\u201d la rentabilidad en dichos fines de semana, en cuanto al uso de dichos elementos, A\/C (Inverter) incluido.<\/p>\n<p>En lenguaje especial respecto a la informaci\u00f3n que se proporciona a los abonados, de precios por Megavatios; Kilovatios; sus tarifas horarias con m\u00e1ximos y m\u00ednimos, adem\u00e1s de contemplar la suma de compensaci\u00f3n que se paga a las el\u00e9ctricas, suponemos forma parte de la estrategia laber\u00edntica global, para convertir al usuario en viaje a ning\u00fan lugar.<\/p>\n<p>Seg\u00fan \u201cFotocasalife\u201d, en Espa\u00f1a, el consumo medio por persona al a\u00f1o es de 3.487 kWh, lo que se traduce en un gasto medio anual de 990\u20ac por hogar.<\/p>\n<p>La misma fuente asevera que desde abril 2021, fecha de inicio de nuestro \u201cCarrusel y durante dicho a\u00f1o, el coste medio interanual del recibo de la luz, bajo Tarifa Megavatio\/hora, se increment\u00f3 desde un m\u00ednimo de un 166,80% a un m\u00e1ximo del 469,84%.<\/p>\n<p>El a\u00f1o de 2022, no est\u00e1 siendo sido precisamente mod\u00e9lico para Espa\u00f1a en cuanto a dichos costes.<\/p>\n<p>Seg\u00fan El Mundo y otros Medios, referenciando a Eurostat, indican que la factura de la luz en Espa\u00f1a pilotaba a Europa (algo es algo), durante el primer semestre, con un precio de luz sumamente costoso.<\/p>\n<p>En agosto, interanualmente seg\u00fan EL CONFIDENCIAL, referenciando a EUROSTAT, compar\u00e1ndonos con nuestros vecinos: ocho veces superior a Francia; cuatro m\u00e1s que Alemania; y el doble que Portugal.<\/p>\n<p>Y no ser\u00e1, (se trata de una pregunta), que hayamos confundido la acepci\u00f3n de \u201cExcepci\u00f3n Ib\u00e9rica\u201d y resulte en sentido contrario.<\/p>\n<p>Hablando del fluido gas\u00edstico, recuerdan que d\u00edas atr\u00e1s les hablaba del \u201cBARAKA ESPA\u00d1OL SEG\u00daN EL MAGREB\u201d.<\/p>\n<p>Pues bien, Argelia a trav\u00e9s de su empresa estatal se encuentra cercana al acuerdo final con Naturgy, o al rev\u00e9s, da lo mismo, ambos forzados a mantener sus compromisos de suministros y econ\u00f3micos cara al otro, con un alza importante en los precios.<\/p>\n<p>Veremos en cu\u00e1nto se traduce el precio al consumidor final.<\/p>\n<p>Mientras tanto, al Plan de Contingencia del Gobierno respecto al Gas, le ha sonre\u00eddo la fortuna a trav\u00e9s del descenso del consumo industrial y convencional, disponiendo de cifras finales m\u00e1s realista cara al compromiso de ahorro contra\u00eddo con la UE, cuya presentaci\u00f3n se encuentra prevista para finales del presente mes.<\/p>\n<p>Resumiendo, este Pa\u00eds tendr\u00e1 que acostumbrarse cada d\u00eda m\u00e1s a \u201cvivir a salto de mata\u201d, esperando \u201ccu\u00e1nto y c\u00f3mo se limitar\u00e1 el precio del gas en una Europa dividida\u201d, y a \u201ccontar con los dedos de una mano, cu\u00e1nto supondr\u00e1 la rebaja del IVA del gas pera nuestros bolsillos.<\/p>\n<p>\u00bfQu\u00e9 quieren que les diga? La situaci\u00f3n de Europa comienza a parecerse a aquel documental de Basilio Mart\u00edn Patino: CANCIONES PARA DESPU\u00c9S DE UNA GUERRA (1971), en el cual, significaba el propio Autor, al principio, un entusiasmo sin l\u00edmites, para pasar despu\u00e9s a la crispaci\u00f3n y al deterioro. \u00bfLes suena?<\/p>\n<p>Y para colmo elecciones anticipadas en Dinamarca, tan solo a ocho meses vista<\/p>\n<p>\u00bfTendr\u00e1 raz\u00f3n Shakespeare cuando menciono: \u201calgo huele a podrido\u201d\u2026\u2026.no en Dinamarca, quiz\u00e1s ahora en Europa.<\/p>","protected":false},"excerpt":{"rendered":"<p>\u00bfNo os suena todo lo que ocurre en Europa a aquel Tema de Canciones para despu\u00e9s de una guerra, y ahora Dinamarca?<\/p>","protected":false},"author":305,"featured_media":6344,"comment_status":"open","ping_status":"open","sticky":false,"template":"","format":"standard","meta":{"footnotes":""},"categories":[72],"tags":[],"class_list":["post-47567","post","type-post","status-publish","format-standard","has-post-thumbnail","hentry","category-opinion"],"yoast_head":"<!-- This site is optimized with the Yoast SEO plugin v27.5 - https:\/\/yoast.com\/product\/yoast-seo-wordpress\/ -->\n<title>Pr\u00f3ximo invierno parodiando al Viejo Oeste americano - Revista Rambla<\/title>\n<meta name=\"robots\" content=\"index, follow, max-snippet:-1, max-image-preview:large, max-video-preview:-1\" \/>\n<link rel=\"canonical\" href=\"https:\/\/www.revistarambla.com\/en\/proximo-invierno-parodiando-al-viejo-oeste-americano\/\" \/>\n<meta property=\"og:locale\" content=\"en_GB\" \/>\n<meta property=\"og:type\" content=\"article\" \/>\n<meta property=\"og:title\" content=\"Pr\u00f3ximo invierno parodiando al Viejo Oeste americano - Revista Rambla\" \/>\n<meta property=\"og:description\" content=\"\u00bfNo os suena todo lo que ocurre en Europa a aquel Tema de Canciones para despu\u00e9s de una guerra, y ahora Dinamarca?\" \/>\n<meta property=\"og:url\" content=\"https:\/\/www.revistarambla.com\/en\/proximo-invierno-parodiando-al-viejo-oeste-americano\/\" \/>\n<meta property=\"og:site_name\" content=\"Revista Rambla\" \/>\n<meta property=\"article:publisher\" content=\"https:\/\/www.facebook.com\/revistarambla\/\" \/>\n<meta property=\"article:published_time\" content=\"2022-10-08T16:54:43+00:00\" \/>\n<meta property=\"og:image\" content=\"https:\/\/www.revistarambla.com\/wp-content\/uploads\/2014\/11\/pobreza-rambla-02.jpg\" \/>\n\t<meta property=\"og:image:width\" content=\"700\" \/>\n\t<meta property=\"og:image:height\" content=\"484\" \/>\n\t<meta property=\"og:image:type\" content=\"image\/jpeg\" \/>\n<meta name=\"author\" content=\"Jes\u00fas Antonio Rodr\u00edguez Morilla\" \/>\n<meta name=\"twitter:card\" content=\"summary_large_image\" \/>\n<meta name=\"twitter:creator\" content=\"@revistarambla\" \/>\n<meta name=\"twitter:site\" content=\"@revistarambla\" \/>\n<meta name=\"twitter:label1\" content=\"Written by\" \/>\n\t<meta name=\"twitter:data1\" content=\"Jes\u00fas Antonio Rodr\u00edguez Morilla\" \/>\n\t<meta name=\"twitter:label2\" content=\"Estimated reading time\" \/>\n\t<meta name=\"twitter:data2\" content=\"4 minutes\" \/>\n<script type=\"application\/ld+json\" class=\"yoast-schema-graph\">{\"@context\":\"https:\\\/\\\/schema.org\",\"@graph\":[{\"@type\":\"Article\",\"@id\":\"https:\\\/\\\/www.revistarambla.com\\\/proximo-invierno-parodiando-al-viejo-oeste-americano\\\/#article\",\"isPartOf\":{\"@id\":\"https:\\\/\\\/www.revistarambla.com\\\/proximo-invierno-parodiando-al-viejo-oeste-americano\\\/\"},\"author\":{\"name\":\"Jes\u00fas Antonio Rodr\u00edguez Morilla\",\"@id\":\"https:\\\/\\\/www.revistarambla.com\\\/#\\\/schema\\\/person\\\/eace802346abd966cd3ecb763f255a0a\"},\"headline\":\"Pr\u00f3ximo invierno parodiando al Viejo Oeste americano\",\"datePublished\":\"2022-10-08T16:54:43+00:00\",\"mainEntityOfPage\":{\"@id\":\"https:\\\/\\\/www.revistarambla.com\\\/proximo-invierno-parodiando-al-viejo-oeste-americano\\\/\"},\"wordCount\":850,\"commentCount\":0,\"publisher\":{\"@id\":\"https:\\\/\\\/www.revistarambla.com\\\/#organization\"},\"image\":{\"@id\":\"https:\\\/\\\/www.revistarambla.com\\\/proximo-invierno-parodiando-al-viejo-oeste-americano\\\/#primaryimage\"},\"thumbnailUrl\":\"https:\\\/\\\/www.revistarambla.com\\\/wp-content\\\/uploads\\\/2014\\\/11\\\/pobreza-rambla-02.jpg\",\"articleSection\":[\"Opiniones\"],\"inLanguage\":\"en-GB\",\"potentialAction\":[{\"@type\":\"CommentAction\",\"name\":\"Comment\",\"target\":[\"https:\\\/\\\/www.revistarambla.com\\\/proximo-invierno-parodiando-al-viejo-oeste-americano\\\/#respond\"]}]},{\"@type\":\"WebPage\",\"@id\":\"https:\\\/\\\/www.revistarambla.com\\\/proximo-invierno-parodiando-al-viejo-oeste-americano\\\/\",\"url\":\"https:\\\/\\\/www.revistarambla.com\\\/proximo-invierno-parodiando-al-viejo-oeste-americano\\\/\",\"name\":\"Pr\u00f3ximo invierno parodiando al Viejo Oeste americano - Revista Rambla\",\"isPartOf\":{\"@id\":\"https:\\\/\\\/www.revistarambla.com\\\/#website\"},\"primaryImageOfPage\":{\"@id\":\"https:\\\/\\\/www.revistarambla.com\\\/proximo-invierno-parodiando-al-viejo-oeste-americano\\\/#primaryimage\"},\"image\":{\"@id\":\"https:\\\/\\\/www.revistarambla.com\\\/proximo-invierno-parodiando-al-viejo-oeste-americano\\\/#primaryimage\"},\"thumbnailUrl\":\"https:\\\/\\\/www.revistarambla.com\\\/wp-content\\\/uploads\\\/2014\\\/11\\\/pobreza-rambla-02.jpg\",\"datePublished\":\"2022-10-08T16:54:43+00:00\",\"breadcrumb\":{\"@id\":\"https:\\\/\\\/www.revistarambla.com\\\/proximo-invierno-parodiando-al-viejo-oeste-americano\\\/#breadcrumb\"},\"inLanguage\":\"en-GB\",\"potentialAction\":[{\"@type\":\"ReadAction\",\"target\":[\"https:\\\/\\\/www.revistarambla.com\\\/proximo-invierno-parodiando-al-viejo-oeste-americano\\\/\"]}]},{\"@type\":\"ImageObject\",\"inLanguage\":\"en-GB\",\"@id\":\"https:\\\/\\\/www.revistarambla.com\\\/proximo-invierno-parodiando-al-viejo-oeste-americano\\\/#primaryimage\",\"url\":\"https:\\\/\\\/www.revistarambla.com\\\/wp-content\\\/uploads\\\/2014\\\/11\\\/pobreza-rambla-02.jpg\",\"contentUrl\":\"https:\\\/\\\/www.revistarambla.com\\\/wp-content\\\/uploads\\\/2014\\\/11\\\/pobreza-rambla-02.jpg\",\"width\":700,\"height\":484,\"caption\":\"alt\"},{\"@type\":\"BreadcrumbList\",\"@id\":\"https:\\\/\\\/www.revistarambla.com\\\/proximo-invierno-parodiando-al-viejo-oeste-americano\\\/#breadcrumb\",\"itemListElement\":[{\"@type\":\"ListItem\",\"position\":1,\"name\":\"Portada\",\"item\":\"https:\\\/\\\/www.revistarambla.com\\\/\"},{\"@type\":\"ListItem\",\"position\":2,\"name\":\"Pr\u00f3ximo invierno parodiando al Viejo Oeste americano\"}]},{\"@type\":\"WebSite\",\"@id\":\"https:\\\/\\\/www.revistarambla.com\\\/#website\",\"url\":\"https:\\\/\\\/www.revistarambla.com\\\/\",\"name\":\"Revista Rambla Barcelona\",\"description\":\"Periodismo independiente\",\"publisher\":{\"@id\":\"https:\\\/\\\/www.revistarambla.com\\\/#organization\"},\"potentialAction\":[{\"@type\":\"SearchAction\",\"target\":{\"@type\":\"EntryPoint\",\"urlTemplate\":\"https:\\\/\\\/www.revistarambla.com\\\/?s={search_term_string}\"},\"query-input\":{\"@type\":\"PropertyValueSpecification\",\"valueRequired\":true,\"valueName\":\"search_term_string\"}}],\"inLanguage\":\"en-GB\"},{\"@type\":\"Organization\",\"@id\":\"https:\\\/\\\/www.revistarambla.com\\\/#organization\",\"name\":\"Revista Rambla\",\"url\":\"https:\\\/\\\/www.revistarambla.com\\\/\",\"logo\":{\"@type\":\"ImageObject\",\"inLanguage\":\"en-GB\",\"@id\":\"https:\\\/\\\/www.revistarambla.com\\\/#\\\/schema\\\/logo\\\/image\\\/\",\"url\":\"https:\\\/\\\/www.revistarambla.com\\\/wp-content\\\/uploads\\\/2020\\\/09\\\/banner_rambla_1900x600_BB.png\",\"contentUrl\":\"https:\\\/\\\/www.revistarambla.com\\\/wp-content\\\/uploads\\\/2020\\\/09\\\/banner_rambla_1900x600_BB.png\",\"width\":1900,\"height\":600,\"caption\":\"Revista Rambla\"},\"image\":{\"@id\":\"https:\\\/\\\/www.revistarambla.com\\\/#\\\/schema\\\/logo\\\/image\\\/\"},\"sameAs\":[\"https:\\\/\\\/www.facebook.com\\\/revistarambla\\\/\",\"https:\\\/\\\/x.com\\\/revistarambla\",\"https:\\\/\\\/www.instagram.com\\\/revista_rambla\",\"https:\\\/\\\/es.linkedin.com\\\/company\\\/revista-rambla\"]},{\"@type\":\"Person\",\"@id\":\"https:\\\/\\\/www.revistarambla.com\\\/#\\\/schema\\\/person\\\/eace802346abd966cd3ecb763f255a0a\",\"name\":\"Jes\u00fas Antonio Rodr\u00edguez Morilla\",\"description\":\"Doctor en Derecho por la U.C.M. (Cum Laude). Licenciado en Derecho. Licenciado en Ciencias Pol\u00edticas. Caballero de M\u00e9rito de la Real Orden (Noruega).\",\"sameAs\":[\"https:\\\/\\\/www.modificadosobraspublicas.com\"]}]}<\/script>\n<!-- \/ Yoast SEO plugin. -->","yoast_head_json":{"title":"Pr\u00f3ximo invierno parodiando al Viejo Oeste americano - Revista Rambla","robots":{"index":"index","follow":"follow","max-snippet":"max-snippet:-1","max-image-preview":"max-image-preview:large","max-video-preview":"max-video-preview:-1"},"canonical":"https:\/\/www.revistarambla.com\/en\/proximo-invierno-parodiando-al-viejo-oeste-americano\/","og_locale":"en_GB","og_type":"article","og_title":"Pr\u00f3ximo invierno parodiando al Viejo Oeste americano - Revista Rambla","og_description":"\u00bfNo os suena todo lo que ocurre en Europa a aquel Tema de Canciones para despu\u00e9s de una guerra, y ahora Dinamarca?","og_url":"https:\/\/www.revistarambla.com\/en\/proximo-invierno-parodiando-al-viejo-oeste-americano\/","og_site_name":"Revista Rambla","article_publisher":"https:\/\/www.facebook.com\/revistarambla\/","article_published_time":"2022-10-08T16:54:43+00:00","og_image":[{"width":700,"height":484,"url":"https:\/\/www.revistarambla.com\/wp-content\/uploads\/2014\/11\/pobreza-rambla-02.jpg","type":"image\/jpeg"}],"author":"Jes\u00fas Antonio Rodr\u00edguez Morilla","twitter_card":"summary_large_image","twitter_creator":"@revistarambla","twitter_site":"@revistarambla","twitter_misc":{"Written by":"Jes\u00fas Antonio Rodr\u00edguez Morilla","Estimated reading time":"4 minutes"},"schema":{"@context":"https:\/\/schema.org","@graph":[{"@type":"Article","@id":"https:\/\/www.revistarambla.com\/proximo-invierno-parodiando-al-viejo-oeste-americano\/#article","isPartOf":{"@id":"https:\/\/www.revistarambla.com\/proximo-invierno-parodiando-al-viejo-oeste-americano\/"},"author":{"name":"Jes\u00fas Antonio Rodr\u00edguez Morilla","@id":"https:\/\/www.revistarambla.com\/#\/schema\/person\/eace802346abd966cd3ecb763f255a0a"},"headline":"Pr\u00f3ximo invierno parodiando al Viejo Oeste americano","datePublished":"2022-10-08T16:54:43+00:00","mainEntityOfPage":{"@id":"https:\/\/www.revistarambla.com\/proximo-invierno-parodiando-al-viejo-oeste-americano\/"},"wordCount":850,"commentCount":0,"publisher":{"@id":"https:\/\/www.revistarambla.com\/#organization"},"image":{"@id":"https:\/\/www.revistarambla.com\/proximo-invierno-parodiando-al-viejo-oeste-americano\/#primaryimage"},"thumbnailUrl":"https:\/\/www.revistarambla.com\/wp-content\/uploads\/2014\/11\/pobreza-rambla-02.jpg","articleSection":["Opiniones"],"inLanguage":"en-GB","potentialAction":[{"@type":"CommentAction","name":"Comment","target":["https:\/\/www.revistarambla.com\/proximo-invierno-parodiando-al-viejo-oeste-americano\/#respond"]}]},{"@type":"WebPage","@id":"https:\/\/www.revistarambla.com\/proximo-invierno-parodiando-al-viejo-oeste-americano\/","url":"https:\/\/www.revistarambla.com\/proximo-invierno-parodiando-al-viejo-oeste-americano\/","name":"Pr\u00f3ximo invierno parodiando al Viejo Oeste americano - Revista Rambla","isPartOf":{"@id":"https:\/\/www.revistarambla.com\/#website"},"primaryImageOfPage":{"@id":"https:\/\/www.revistarambla.com\/proximo-invierno-parodiando-al-viejo-oeste-americano\/#primaryimage"},"image":{"@id":"https:\/\/www.revistarambla.com\/proximo-invierno-parodiando-al-viejo-oeste-americano\/#primaryimage"},"thumbnailUrl":"https:\/\/www.revistarambla.com\/wp-content\/uploads\/2014\/11\/pobreza-rambla-02.jpg","datePublished":"2022-10-08T16:54:43+00:00","breadcrumb":{"@id":"https:\/\/www.revistarambla.com\/proximo-invierno-parodiando-al-viejo-oeste-americano\/#breadcrumb"},"inLanguage":"en-GB","potentialAction":[{"@type":"ReadAction","target":["https:\/\/www.revistarambla.com\/proximo-invierno-parodiando-al-viejo-oeste-americano\/"]}]},{"@type":"ImageObject","inLanguage":"en-GB","@id":"https:\/\/www.revistarambla.com\/proximo-invierno-parodiando-al-viejo-oeste-americano\/#primaryimage","url":"https:\/\/www.revistarambla.com\/wp-content\/uploads\/2014\/11\/pobreza-rambla-02.jpg","contentUrl":"https:\/\/www.revistarambla.com\/wp-content\/uploads\/2014\/11\/pobreza-rambla-02.jpg","width":700,"height":484,"caption":"alt"},{"@type":"BreadcrumbList","@id":"https:\/\/www.revistarambla.com\/proximo-invierno-parodiando-al-viejo-oeste-americano\/#breadcrumb","itemListElement":[{"@type":"ListItem","position":1,"name":"Portada","item":"https:\/\/www.revistarambla.com\/"},{"@type":"ListItem","position":2,"name":"Pr\u00f3ximo invierno parodiando al Viejo Oeste americano"}]},{"@type":"WebSite","@id":"https:\/\/www.revistarambla.com\/#website","url":"https:\/\/www.revistarambla.com\/","name":"Revista Rambla Barcelona","description":"Periodismo independiente","publisher":{"@id":"https:\/\/www.revistarambla.com\/#organization"},"potentialAction":[{"@type":"SearchAction","target":{"@type":"EntryPoint","urlTemplate":"https:\/\/www.revistarambla.com\/?s={search_term_string}"},"query-input":{"@type":"PropertyValueSpecification","valueRequired":true,"valueName":"search_term_string"}}],"inLanguage":"en-GB"},{"@type":"Organization","@id":"https:\/\/www.revistarambla.com\/#organization","name":"Revista Rambla","url":"https:\/\/www.revistarambla.com\/","logo":{"@type":"ImageObject","inLanguage":"en-GB","@id":"https:\/\/www.revistarambla.com\/#\/schema\/logo\/image\/","url":"https:\/\/www.revistarambla.com\/wp-content\/uploads\/2020\/09\/banner_rambla_1900x600_BB.png","contentUrl":"https:\/\/www.revistarambla.com\/wp-content\/uploads\/2020\/09\/banner_rambla_1900x600_BB.png","width":1900,"height":600,"caption":"Revista Rambla"},"image":{"@id":"https:\/\/www.revistarambla.com\/#\/schema\/logo\/image\/"},"sameAs":["https:\/\/www.facebook.com\/revistarambla\/","https:\/\/x.com\/revistarambla","https:\/\/www.instagram.com\/revista_rambla","https:\/\/es.linkedin.com\/company\/revista-rambla"]},{"@type":"Person","@id":"https:\/\/www.revistarambla.com\/#\/schema\/person\/eace802346abd966cd3ecb763f255a0a","name":"Jes\u00fas Antonio Rodr\u00edguez Morilla","description":"Doctor en Derecho por la U.C.M. (Cum Laude). Licenciado en Derecho. Licenciado en Ciencias Pol\u00edticas. Caballero de M\u00e9rito de la Real Orden (Noruega).","sameAs":["https:\/\/www.modificadosobraspublicas.com"]}]}},"_links":{"self":[{"href":"https:\/\/www.revistarambla.com\/en\/wp-json\/wp\/v2\/posts\/47567","targetHints":{"allow":["GET"]}}],"collection":[{"href":"https:\/\/www.revistarambla.com\/en\/wp-json\/wp\/v2\/posts"}],"about":[{"href":"https:\/\/www.revistarambla.com\/en\/wp-json\/wp\/v2\/types\/post"}],"author":[{"embeddable":true,"href":"https:\/\/www.revistarambla.com\/en\/wp-json\/wp\/v2\/users\/305"}],"replies":[{"embeddable":true,"href":"https:\/\/www.revistarambla.com\/en\/wp-json\/wp\/v2\/comments?post=47567"}],"version-history":[{"count":1,"href":"https:\/\/www.revistarambla.com\/en\/wp-json\/wp\/v2\/posts\/47567\/revisions"}],"predecessor-version":[{"id":47568,"href":"https:\/\/www.revistarambla.com\/en\/wp-json\/wp\/v2\/posts\/47567\/revisions\/47568"}],"wp:featuredmedia":[{"embeddable":true,"href":"https:\/\/www.revistarambla.com\/en\/wp-json\/wp\/v2\/media\/6344"}],"wp:attachment":[{"href":"https:\/\/www.revistarambla.com\/en\/wp-json\/wp\/v2\/media?parent=47567"}],"wp:term":[{"taxonomy":"category","embeddable":true,"href":"https:\/\/www.revistarambla.com\/en\/wp-json\/wp\/v2\/categories?post=47567"},{"taxonomy":"post_tag","embeddable":true,"href":"https:\/\/www.revistarambla.com\/en\/wp-json\/wp\/v2\/tags?post=47567"}],"curies":[{"name":"wp","href":"https:\/\/api.w.org\/{rel}","templated":true}]}}