{"id":47324,"date":"2022-10-02T18:34:43","date_gmt":"2022-10-02T16:34:43","guid":{"rendered":"https:\/\/www.revistarambla.com\/?p=47324"},"modified":"2022-10-02T18:34:43","modified_gmt":"2022-10-02T16:34:43","slug":"desenmascarando-a-un-buda-falso","status":"publish","type":"post","link":"https:\/\/www.revistarambla.com\/en\/desenmascarando-a-un-buda-falso\/","title":{"rendered":"Desenmascarando a un Buda falso"},"content":{"rendered":"<p style=\"text-align: left;\" align=\"JUSTIFY\">So\u00f1\u00e9 que me despertaba en 2034, en un barrio obrero de Brasilia, justo el d\u00eda que el gran l\u00edder de Brasil visitaba la ciudad y anunciaba una nueva compra de armas y la ampliaci\u00f3n de la pobreza para toda la sociedad. La pobreza contribuir\u00eda a facilitar el camino asc\u00e9tico de todos los trabajadores. En efecto, todo el pa\u00eds estaba gobernado por un partido de extrema derecha y budista, cuyo principal objetivo era erradicar inconsciencia de toda la humanidad. Solo exist\u00eda una clase social: los trabajadores. Y una peque\u00f1a comisi\u00f3n al mando de la que hab\u00eda un gran l\u00edder que era la reencarnaci\u00f3n de Buda. Toda la poblaci\u00f3n ten\u00eda que raparse al cero y llevar un uniforme con un tri\u00e1ngulo con un gran ojo en el centro. La comida y el techo las proporcionaba el r\u00e9gimen a trav\u00e9s de cartillas de racionamiento y de un enorme programa de peque\u00f1as viviendas oficiales. La poblaci\u00f3n nunca hab\u00eda sido tan consciente en ning\u00fan otro pa\u00eds de la toda geograf\u00eda del planeta. Sin embargo, una peque\u00f1a resistencia al poder central formada por algunas personas organizadas y otras sin ninguna coordinaci\u00f3n, que ejerc\u00edan sin ton ni son la violencia. Esas personas violentas simplemente desaparec\u00edan. No exist\u00edan c\u00e1rceles, porque el pa\u00eds era una enorme prisi\u00f3n. Todo estaba vigilando por c\u00e1maras, y la arquitectura estaba pensaba para hacer de cada ciudad un enorme pan\u00f3ptico. Yo era un min\u00fasculo ciudadano que hab\u00eda estudiado f\u00edsica y ahora estaba a punto de ser condenado a desaparecer. En efecto, mirando desde la distancia, mi corta existencia como individuo de este nuevo planeta exento de complicaciones, resultaba evidente que yo no ten\u00eda que haber nacido en \u00e9l, pero debieron de gastarme una broma pesada, los mensajeros que reparten antes de nacer, los direcciones de las almas. No hab\u00eda nadie que pudiera defenderme. Y sin embargo, podr\u00eda decirse que no hab\u00eda hecho nada malo. Debido a mi car\u00e1cter atolondrado, poco tiempo pas\u00f3 hasta que consegu\u00ed la mayor acumulaci\u00f3n de faltas leves de toda mi ciudad. Nunca fui un mal tipo. Mis faltas graves proven\u00edan de una reincidencia en la falta de celo de las cosas leves. De hecho, siempre olvidaba llevar la gorra por la calle, o ponerme firme cuando me hablaba un oficial. Por supuesto que eso me granje\u00f3 una mala reputaci\u00f3n entre la oficialidad de del Centro de Instrucci\u00f3n de la Ciudadan\u00eda. En uno de esos enormes arrestos, ten\u00eda que permanecer treinta d\u00edas encerrado dentro de mi casa y decid\u00ed salir al umbral para leer un libro y que me diera el sol. Entonces sucedi\u00f3 una an\u00e9cdota que me parece muy relevante: mientras estaba leyendo un libro en el umbral de mi casa, apareci\u00f3 el gran l\u00edder junto con su poderosa escolta, y me dijo lo siguiente:<\/p>\n<p style=\"text-align: left;\" align=\"JUSTIFY\">\u2015Dime lo que lees y te dir\u00e9 qui\u00e9n eres\u2026 \u2015coment\u00f3 orgulloso aquel personaje cuya mera presencia intimidaba a todo el mundo.<\/p>\n<p style=\"text-align: left;\" align=\"JUSTIFY\">\u2015Tome \u2015le dije.<\/p>\n<p style=\"text-align: left;\" align=\"JUSTIFY\">\u2015\u00a1Vaya! Pensaba que era un manual clandestino para poner bombas o algo as\u00ed\u2026 No esperaba que usted leyera este tipo de libros \u2015a\u00f1adi\u00f3 mientras reconoc\u00eda que \u00e9l tambi\u00e9n hab\u00eda le\u00eddo \u00abSiddhartha\u00bb de Herman Hesse.<\/p>\n<p style=\"text-align: left;\" align=\"JUSTIFY\">Entonces me hizo una se\u00f1al para que entrara en su lujosa limusina y poco despu\u00e9s est\u00e1bamos en su enorme palacio, hablando de la famosa higuera de Buda. El \u00e1rbol del Bodhi la higuera bajo la que Buda cre\u00f3 la nueva religi\u00f3n, el budismo. Porque el budismo naci\u00f3 del golpe emocional que sufri\u00f3 Siddharta, cuando sali\u00f3 de su palacio tras toda su infancia y juventud encerrado entre los mayores placeres y lujos, y presenci\u00f3 por primera lo que era la muerte al observar el entierro de un anciano. El joven pr\u00edncipe juzg\u00f3 entonces lo ef\u00edmero de sus privilegios y renunci\u00f3 a ellos. Desde aquel d\u00eda, se propuso llevar una vida asc\u00e9tica y para conseguirlo, una noche se sent\u00f3 frente a una higuera y jur\u00f3 no levantarse hasta descubrir la Verdad. En efecto, all\u00ed alcanz\u00f3 el despertar, porque despu\u00e9s de su meditaci\u00f3n comprendi\u00f3 las cuatro nobles verdades. Una sabidur\u00eda que puede resumirse diciendo que el deseo lleva al sufrimiento, que puede superarse siguiendo el camino que lleva al <i>nirvana<\/i> o estado de liberaci\u00f3n.<\/p>\n<p style=\"text-align: left;\" align=\"JUSTIFY\">\u2015\u00bfQuieres un poco m\u00e1s de caviar? \u2015me ofreci\u00f3 el gran l\u00edder mientras un grupo de camareros llenaron de nuevo la mesa con suculentas viandas.<\/p>\n<p style=\"text-align: left;\" align=\"JUSTIFY\">\u2015No, ya he tomado suficiente.<\/p>\n<p style=\"text-align: left;\" align=\"JUSTIFY\">\u2015Ven, ahora te llevar\u00e9 a un rinc\u00f3n secreto de mi palacio.<\/p>\n<p style=\"text-align: left;\" align=\"JUSTIFY\">Entonces me llev\u00f3 a una enorme sala llena de jovencitas completamente desnudas. Todas ellas se tiraron enseguida sobre nosotros y comenzaron a quitarnos la ropa. Cuando hubo terminado la enorme org\u00eda, el gran l\u00edder me llev\u00f3 a contemplar una de las m\u00e1s maravillosas puestas de sol.<\/p>\n<p style=\"text-align: left;\" align=\"JUSTIFY\">\u2015\u00bfPuedo hacerte una pregunta? \u2015le dije\u2015Dios no existe. Incluso cient\u00edficos tan importantes como Albert Einstein, reconocieron que el budismo era la religi\u00f3n que mejor podr\u00eda compatibilizarse con la ciencia. La coincidencia de muchas cosas entre ambas disciplinas podr\u00eda explicarse a trav\u00e9s de la simultaneidad del conocimiento. No todos los d\u00edas tengo delante de m\u00ed una persona que ha sido iluminada y tengo muchos dudas\u2026 \u00bfPuedes describirme como fue tu iluminaci\u00f3n debajo de la higuera?<\/p>\n<p style=\"text-align: left;\" align=\"JUSTIFY\">\u2015No tengo mucho que decir sobre eso. Tan solo te dir\u00e9 que nac\u00ed pobre y recuerdo haber estado debajo de una higuera cuando era peque\u00f1o. Supongo que esta vez todo debe suceder al rev\u00e9s, la iluminaci\u00f3n me vino cuando vi el primer palacio y eso me llev\u00f3 a ganar las elecciones y luego a ser dictador o lo que es lo mismo, pr\u00edncipe.<\/p>\n<p style=\"text-align: left;\" align=\"JUSTIFY\">\u2015Yo una vez tuve una iluminaci\u00f3n, pero no fue sentado debajo de \u00e1rbol. \u2015le dije.<\/p>\n<p style=\"text-align: left;\" align=\"JUSTIFY\">\u2015\u00bfPuedes cont\u00e1rmela? \u2015pregunt\u00f3.<\/p>\n<p style=\"text-align: left;\" align=\"JUSTIFY\">\u2015Iba andando por la calle y pas\u00f3 un coche por la carretera. El coche llevaba la radio puesta y la canci\u00f3n que estaba sonando dijo exactamente lo mismo que yo estaba pensando en ese momento.<\/p>\n<p style=\"text-align: left;\" align=\"JUSTIFY\">\u2015Bueno, pudo ser una simple casualidad\u2026<\/p>\n<p style=\"text-align: left;\" align=\"JUSTIFY\">\u2015Ya. Eso mismo pens\u00e9 yo. Sin embargo, me plante\u00e9 otras posibilidades. De hecho, mi cerebro se puso a calcular las probabilidades y encontr\u00f3 otra explicaci\u00f3n.<\/p>\n<p style=\"text-align: left;\" align=\"JUSTIFY\">\u2015\u00bfOtra explicaci\u00f3n? \u00bfCu\u00e1l?<\/p>\n<p style=\"text-align: left;\" align=\"JUSTIFY\">\u2015Que ni el espacio ni el tiempo existieran de la manera que los percibimos normalmente.<\/p>\n<p style=\"text-align: left;\" align=\"JUSTIFY\">\u2015No entiendo.<\/p>\n<p style=\"text-align: left;\" align=\"JUSTIFY\">\u2015Imagin\u00e9 que la sustancia del tiempo y del espacio fuera \u00fanica y se hubiera dividido formando todo lo que existe en el momento del Big Bang. La coincidencia se explicar\u00eda si en realidad todo fuera como un rompecabezas roto.<\/p>\n<p style=\"text-align: left;\" align=\"JUSTIFY\">\u2015\u00bfUna sustancia \u00fanica del tiempo y del espacio? No entiendo\u2026<\/p>\n<p style=\"text-align: left;\" align=\"JUSTIFY\">\u2015Si todo fuera siempre lo mismo y lo \u00fanico que variase fuera su forma, entonces la percepci\u00f3n del tiempo y del espacio, ser\u00eda un enga\u00f1o de los sentidos. Ese puede ser el nexo entre la f\u00edsica y el budismo. Porque creo que darse cuenta de esa falsa ilusi\u00f3n de la realidad, ser\u00eda algo parecido a lo que le sucedi\u00f3 a Buda debajo de la higuera.<\/p>\n<p style=\"text-align: left;\" align=\"JUSTIFY\">\u2015Reconozco que est\u00e1 muy bien explicado.<\/p>\n<p style=\"text-align: left;\" align=\"JUSTIFY\">\u2015Eso explicar\u00eda la reencarnaci\u00f3n, puesto que al no existir el tiempo, las almas ser\u00edan siempre las mismas que se repiten una y otra vez en diferentes vidas.<\/p>\n<p style=\"text-align: left;\" align=\"JUSTIFY\">\u2015Nada se crea ni se destruye.<\/p>\n<p style=\"text-align: left;\" align=\"JUSTIFY\">\u2015Ven conmigo. Te llevar\u00e9 a un lugar para que conozcas a unas personas.<\/p>\n<p style=\"text-align: left;\" align=\"JUSTIFY\"><a name=\"Bookmark\"><\/a> Al primer lugar que llev\u00e9 al gran l\u00edder fue a dar una vuelta por el barrio de favelas en el que yo me hab\u00eda criado. All\u00ed le mostr\u00e9 todo el sufrimiento que creaba la pobreza para que comprendiera, de primera mano, el da\u00f1o que causaba \u00e9l en el ejercicio del poder. Incluso le planteaba que cambiara algunas leyes, como la que acababa de aprobar que prohib\u00eda el divorcio. Paro eso le llev\u00e9 junto al sufrimiento de una mujer que hab\u00eda padecido violencia de g\u00e9nero durante muchos a\u00f1os. En efecto, su marido era alguien que ten\u00eda un car\u00e1cter desp\u00f3tico. Al contemplar el estado de ansiedad cr\u00f3nico en el que viv\u00eda la pobre mujer, el gran l\u00edder le aconsej\u00f3 que recibiera terapia psicol\u00f3gica. En concreto, que se sumara al programa de Mindfullness que era gratuito para toda la poblaci\u00f3n. Yo enseguida le indiqu\u00e9 al gran l\u00edder el lado c\u00ednico de ese m\u00e9todo de curaci\u00f3n, porque esa terapia lo que har\u00eda ser\u00eda incrementar su sufrimiento, puesto que la meditaci\u00f3n le llevar\u00eda a ver con m\u00e1s claridad si cabe, que deb\u00eda dejar a su marido y sin embargo, no solo no pod\u00eda hacerlo, sino que le estaban impartiendo esa terapia para que no lo hiciera. A continuaci\u00f3n, llev\u00e9 al gran l\u00edder a un colegio de ense\u00f1anza primaria. En dichas instalaciones le mostr\u00e9 los problemas de un estricto sistema de educaci\u00f3n basado en el Mindfullness. Pero el programa era tan estricto, que provocaba problemas mentales en la mayor\u00eda de los alumnos. El gran l\u00edder me replic\u00f3 que con ese m\u00e9todo los alumnos se convertir\u00edan en el futuro en ciudadanos conscientes y formar\u00edan parte de forma ordenada de la sociedad. Sin embargo, eso tendr\u00eda serias consecuencias para su salud mental, puesto que la mayor\u00eda de ellos no quer\u00edan llevar una vida asc\u00e9tica. Es m\u00e1s, apuesto a que no quieren tener <i>una conciencia plena<\/i> sino una <i>vida inconsciente y plena<\/i>. Por \u00faltimo, le llev\u00e9 a visitar una instalaci\u00f3n de veteranos de guerra. En ella, descubrimos que la mayor\u00eda soldados era de barrios pobres, y que se enrolaron no por vocaci\u00f3n, sino por las cosas que pod\u00edan comprar con la n\u00f3mina que pagaba el ej\u00e9rcito\u2015 y que hab\u00edan vuelto de las zonas de conflicto con estr\u00e9s postraum\u00e1tico, y ahora quieran curarlos a trav\u00e9s de un oportunista camino espiritual, que les liberara de su sufrimiento y de todas sus ataduras materiales, cuando ya hab\u00edan cumplido sus injustas misiones de combate. Es m\u00e1s, incluso le plante\u00e9 al l\u00edder que desde la base, que era el matrimonio infeliz, hasta las instituciones educativas demasiado estrictas, y por \u00faltimo, los trabajos que todos ten\u00edan una disciplina militar, daban como resultado un modelo enfermo de sociedad. Y luego para curarlos quer\u00edan utilizar el budismo solo a ratos, para reinsertarlos de nuevo en esa sociedad enferma. Entonces el gran l\u00edder se qued\u00f3 callado, mientras yo le llamaba la atenci\u00f3n del curioso parecido que ten\u00eda con un lavado de conciencia, el uso de la meditaci\u00f3n budista con un fin concreto, cuando en realidad la meditaci\u00f3n es un fin en s\u00ed mismo.<\/p>\n<p style=\"text-align: left;\" align=\"JUSTIFY\">\u2015Tengo que decirte, algo. En realidad hab\u00edamos venido para hacerte desaparecer, me gustar\u00eda saber c\u00f3mo termina tu historia antes de matarte \u2015dijo mientras sus guardaespaldas me apuntaban con sus pistolas en la cabeza.<\/p>\n<p style=\"text-align: left;\" align=\"JUSTIFY\">\u2015Siempre lo he sabido. Usted no se puede ser una reencarnaci\u00f3n de Buda. No en vano, Buda despu\u00e9s de alcanzar estado de nirvana, se dedic\u00f3 a ense\u00f1ar el Camino medio, y lo hizo a trav\u00e9s de la moderaci\u00f3n que supone la huida de los extremos, desconfiando de los sentidos y de la auto-mortificaci\u00f3n y practicando la sabidur\u00eda, la moralidad y el cultivo de la mente. Nada de eso coincide con lo que usted hace. Adem\u00e1s, cualquier sabio siempre renunciar\u00eda al poder humano porque es la mayor de las esclavitudes. De hecho, pesa tanto el poder sobre los hombres, que deber\u00eda ser cargado por todos. En otras palabras, es de suponer que el budismo verdadero deber\u00eda ser democr\u00e1tico.<\/p>\n<p style=\"text-align: center;\" align=\"JUSTIFY\">BANG BANG<\/p>","protected":false},"excerpt":{"rendered":"<p>El budismo verdadero deber\u00eda ser democr\u00e1tico<\/p>","protected":false},"author":294,"featured_media":47325,"comment_status":"open","ping_status":"open","sticky":false,"template":"","format":"standard","meta":{"footnotes":""},"categories":[3908],"tags":[],"class_list":["post-47324","post","type-post","status-publish","format-standard","has-post-thumbnail","hentry","category-la-bodeguita-de-hemingway"],"yoast_head":"<!-- This site is optimized with the Yoast SEO plugin v27.5 - https:\/\/yoast.com\/product\/yoast-seo-wordpress\/ -->\n<title>Desenmascarando a un Buda falso - Revista Rambla<\/title>\n<meta name=\"robots\" content=\"index, follow, max-snippet:-1, max-image-preview:large, max-video-preview:-1\" \/>\n<link rel=\"canonical\" href=\"https:\/\/www.revistarambla.com\/en\/desenmascarando-a-un-buda-falso\/\" \/>\n<meta property=\"og:locale\" content=\"en_GB\" \/>\n<meta property=\"og:type\" content=\"article\" \/>\n<meta property=\"og:title\" content=\"Desenmascarando a un Buda falso - Revista Rambla\" \/>\n<meta property=\"og:description\" content=\"El budismo verdadero deber\u00eda ser democr\u00e1tico\" \/>\n<meta property=\"og:url\" content=\"https:\/\/www.revistarambla.com\/en\/desenmascarando-a-un-buda-falso\/\" \/>\n<meta property=\"og:site_name\" content=\"Revista Rambla\" \/>\n<meta property=\"article:publisher\" content=\"https:\/\/www.facebook.com\/revistarambla\/\" \/>\n<meta property=\"article:published_time\" content=\"2022-10-02T16:34:43+00:00\" \/>\n<meta property=\"og:image\" content=\"https:\/\/www.revistarambla.com\/wp-content\/uploads\/2022\/10\/buddha-statue-in-rain.jpg\" \/>\n\t<meta property=\"og:image:width\" content=\"1920\" \/>\n\t<meta property=\"og:image:height\" content=\"1440\" \/>\n\t<meta property=\"og:image:type\" content=\"image\/jpeg\" \/>\n<meta name=\"author\" content=\"Jos\u00e9 Antonio Gamero Romero\" \/>\n<meta name=\"twitter:card\" content=\"summary_large_image\" \/>\n<meta name=\"twitter:creator\" content=\"@revistarambla\" \/>\n<meta name=\"twitter:site\" content=\"@revistarambla\" \/>\n<meta name=\"twitter:label1\" content=\"Written by\" \/>\n\t<meta name=\"twitter:data1\" content=\"Jos\u00e9 Antonio Gamero Romero\" \/>\n\t<meta name=\"twitter:label2\" content=\"Estimated reading time\" \/>\n\t<meta name=\"twitter:data2\" content=\"9 minutes\" \/>\n<script type=\"application\/ld+json\" class=\"yoast-schema-graph\">{\"@context\":\"https:\\\/\\\/schema.org\",\"@graph\":[{\"@type\":\"Article\",\"@id\":\"https:\\\/\\\/www.revistarambla.com\\\/desenmascarando-a-un-buda-falso\\\/#article\",\"isPartOf\":{\"@id\":\"https:\\\/\\\/www.revistarambla.com\\\/desenmascarando-a-un-buda-falso\\\/\"},\"author\":{\"name\":\"Jos\u00e9 Antonio Gamero Romero\",\"@id\":\"https:\\\/\\\/www.revistarambla.com\\\/#\\\/schema\\\/person\\\/94294f57cf4910853e3280fda7339bfc\"},\"headline\":\"Desenmascarando a un Buda falso\",\"datePublished\":\"2022-10-02T16:34:43+00:00\",\"mainEntityOfPage\":{\"@id\":\"https:\\\/\\\/www.revistarambla.com\\\/desenmascarando-a-un-buda-falso\\\/\"},\"wordCount\":2015,\"commentCount\":0,\"publisher\":{\"@id\":\"https:\\\/\\\/www.revistarambla.com\\\/#organization\"},\"image\":{\"@id\":\"https:\\\/\\\/www.revistarambla.com\\\/desenmascarando-a-un-buda-falso\\\/#primaryimage\"},\"thumbnailUrl\":\"https:\\\/\\\/www.revistarambla.com\\\/wp-content\\\/uploads\\\/2022\\\/10\\\/buddha-statue-in-rain.jpg\",\"articleSection\":[\"La bodeguita de Hemingway\"],\"inLanguage\":\"en-GB\",\"potentialAction\":[{\"@type\":\"CommentAction\",\"name\":\"Comment\",\"target\":[\"https:\\\/\\\/www.revistarambla.com\\\/desenmascarando-a-un-buda-falso\\\/#respond\"]}]},{\"@type\":\"WebPage\",\"@id\":\"https:\\\/\\\/www.revistarambla.com\\\/desenmascarando-a-un-buda-falso\\\/\",\"url\":\"https:\\\/\\\/www.revistarambla.com\\\/desenmascarando-a-un-buda-falso\\\/\",\"name\":\"Desenmascarando a un Buda falso - Revista Rambla\",\"isPartOf\":{\"@id\":\"https:\\\/\\\/www.revistarambla.com\\\/#website\"},\"primaryImageOfPage\":{\"@id\":\"https:\\\/\\\/www.revistarambla.com\\\/desenmascarando-a-un-buda-falso\\\/#primaryimage\"},\"image\":{\"@id\":\"https:\\\/\\\/www.revistarambla.com\\\/desenmascarando-a-un-buda-falso\\\/#primaryimage\"},\"thumbnailUrl\":\"https:\\\/\\\/www.revistarambla.com\\\/wp-content\\\/uploads\\\/2022\\\/10\\\/buddha-statue-in-rain.jpg\",\"datePublished\":\"2022-10-02T16:34:43+00:00\",\"breadcrumb\":{\"@id\":\"https:\\\/\\\/www.revistarambla.com\\\/desenmascarando-a-un-buda-falso\\\/#breadcrumb\"},\"inLanguage\":\"en-GB\",\"potentialAction\":[{\"@type\":\"ReadAction\",\"target\":[\"https:\\\/\\\/www.revistarambla.com\\\/desenmascarando-a-un-buda-falso\\\/\"]}]},{\"@type\":\"ImageObject\",\"inLanguage\":\"en-GB\",\"@id\":\"https:\\\/\\\/www.revistarambla.com\\\/desenmascarando-a-un-buda-falso\\\/#primaryimage\",\"url\":\"https:\\\/\\\/www.revistarambla.com\\\/wp-content\\\/uploads\\\/2022\\\/10\\\/buddha-statue-in-rain.jpg\",\"contentUrl\":\"https:\\\/\\\/www.revistarambla.com\\\/wp-content\\\/uploads\\\/2022\\\/10\\\/buddha-statue-in-rain.jpg\",\"width\":1920,\"height\":1440},{\"@type\":\"BreadcrumbList\",\"@id\":\"https:\\\/\\\/www.revistarambla.com\\\/desenmascarando-a-un-buda-falso\\\/#breadcrumb\",\"itemListElement\":[{\"@type\":\"ListItem\",\"position\":1,\"name\":\"Portada\",\"item\":\"https:\\\/\\\/www.revistarambla.com\\\/\"},{\"@type\":\"ListItem\",\"position\":2,\"name\":\"Desenmascarando a un Buda falso\"}]},{\"@type\":\"WebSite\",\"@id\":\"https:\\\/\\\/www.revistarambla.com\\\/#website\",\"url\":\"https:\\\/\\\/www.revistarambla.com\\\/\",\"name\":\"Revista Rambla Barcelona\",\"description\":\"Periodismo independiente\",\"publisher\":{\"@id\":\"https:\\\/\\\/www.revistarambla.com\\\/#organization\"},\"potentialAction\":[{\"@type\":\"SearchAction\",\"target\":{\"@type\":\"EntryPoint\",\"urlTemplate\":\"https:\\\/\\\/www.revistarambla.com\\\/?s={search_term_string}\"},\"query-input\":{\"@type\":\"PropertyValueSpecification\",\"valueRequired\":true,\"valueName\":\"search_term_string\"}}],\"inLanguage\":\"en-GB\"},{\"@type\":\"Organization\",\"@id\":\"https:\\\/\\\/www.revistarambla.com\\\/#organization\",\"name\":\"Revista Rambla\",\"url\":\"https:\\\/\\\/www.revistarambla.com\\\/\",\"logo\":{\"@type\":\"ImageObject\",\"inLanguage\":\"en-GB\",\"@id\":\"https:\\\/\\\/www.revistarambla.com\\\/#\\\/schema\\\/logo\\\/image\\\/\",\"url\":\"https:\\\/\\\/www.revistarambla.com\\\/wp-content\\\/uploads\\\/2020\\\/09\\\/banner_rambla_1900x600_BB.png\",\"contentUrl\":\"https:\\\/\\\/www.revistarambla.com\\\/wp-content\\\/uploads\\\/2020\\\/09\\\/banner_rambla_1900x600_BB.png\",\"width\":1900,\"height\":600,\"caption\":\"Revista Rambla\"},\"image\":{\"@id\":\"https:\\\/\\\/www.revistarambla.com\\\/#\\\/schema\\\/logo\\\/image\\\/\"},\"sameAs\":[\"https:\\\/\\\/www.facebook.com\\\/revistarambla\\\/\",\"https:\\\/\\\/x.com\\\/revistarambla\",\"https:\\\/\\\/www.instagram.com\\\/revista_rambla\",\"https:\\\/\\\/es.linkedin.com\\\/company\\\/revista-rambla\"]},{\"@type\":\"Person\",\"@id\":\"https:\\\/\\\/www.revistarambla.com\\\/#\\\/schema\\\/person\\\/94294f57cf4910853e3280fda7339bfc\",\"name\":\"Jos\u00e9 Antonio Gamero Romero\",\"description\":\"Escritor sevillano finalista del premio Azor\u00edn 2014. Ha publicado en diferentes revistas como Culturamas, E\u00f1e, Visor, etc. Sus libros son: 'La invenci\u00f3n de los gigantes' (Buc\u00e9falo 2016); 'Literatura tridimensional' (Adarve 2018); 'S\u00f3crates no vino a Espa\u00f1a' (Samarcanda 2018); 'La rep\u00fablica del fin del mundo' (Tandaia 2018) y 'La bodeguita de Hemingway'.\"}]}<\/script>\n<!-- \/ Yoast SEO plugin. -->","yoast_head_json":{"title":"Desenmascarando a un Buda falso - Revista Rambla","robots":{"index":"index","follow":"follow","max-snippet":"max-snippet:-1","max-image-preview":"max-image-preview:large","max-video-preview":"max-video-preview:-1"},"canonical":"https:\/\/www.revistarambla.com\/en\/desenmascarando-a-un-buda-falso\/","og_locale":"en_GB","og_type":"article","og_title":"Desenmascarando a un Buda falso - Revista Rambla","og_description":"El budismo verdadero deber\u00eda ser democr\u00e1tico","og_url":"https:\/\/www.revistarambla.com\/en\/desenmascarando-a-un-buda-falso\/","og_site_name":"Revista Rambla","article_publisher":"https:\/\/www.facebook.com\/revistarambla\/","article_published_time":"2022-10-02T16:34:43+00:00","og_image":[{"width":1920,"height":1440,"url":"https:\/\/www.revistarambla.com\/wp-content\/uploads\/2022\/10\/buddha-statue-in-rain.jpg","type":"image\/jpeg"}],"author":"Jos\u00e9 Antonio Gamero Romero","twitter_card":"summary_large_image","twitter_creator":"@revistarambla","twitter_site":"@revistarambla","twitter_misc":{"Written by":"Jos\u00e9 Antonio Gamero Romero","Estimated reading time":"9 minutes"},"schema":{"@context":"https:\/\/schema.org","@graph":[{"@type":"Article","@id":"https:\/\/www.revistarambla.com\/desenmascarando-a-un-buda-falso\/#article","isPartOf":{"@id":"https:\/\/www.revistarambla.com\/desenmascarando-a-un-buda-falso\/"},"author":{"name":"Jos\u00e9 Antonio Gamero Romero","@id":"https:\/\/www.revistarambla.com\/#\/schema\/person\/94294f57cf4910853e3280fda7339bfc"},"headline":"Desenmascarando a un Buda falso","datePublished":"2022-10-02T16:34:43+00:00","mainEntityOfPage":{"@id":"https:\/\/www.revistarambla.com\/desenmascarando-a-un-buda-falso\/"},"wordCount":2015,"commentCount":0,"publisher":{"@id":"https:\/\/www.revistarambla.com\/#organization"},"image":{"@id":"https:\/\/www.revistarambla.com\/desenmascarando-a-un-buda-falso\/#primaryimage"},"thumbnailUrl":"https:\/\/www.revistarambla.com\/wp-content\/uploads\/2022\/10\/buddha-statue-in-rain.jpg","articleSection":["La bodeguita de Hemingway"],"inLanguage":"en-GB","potentialAction":[{"@type":"CommentAction","name":"Comment","target":["https:\/\/www.revistarambla.com\/desenmascarando-a-un-buda-falso\/#respond"]}]},{"@type":"WebPage","@id":"https:\/\/www.revistarambla.com\/desenmascarando-a-un-buda-falso\/","url":"https:\/\/www.revistarambla.com\/desenmascarando-a-un-buda-falso\/","name":"Desenmascarando a un Buda falso - Revista Rambla","isPartOf":{"@id":"https:\/\/www.revistarambla.com\/#website"},"primaryImageOfPage":{"@id":"https:\/\/www.revistarambla.com\/desenmascarando-a-un-buda-falso\/#primaryimage"},"image":{"@id":"https:\/\/www.revistarambla.com\/desenmascarando-a-un-buda-falso\/#primaryimage"},"thumbnailUrl":"https:\/\/www.revistarambla.com\/wp-content\/uploads\/2022\/10\/buddha-statue-in-rain.jpg","datePublished":"2022-10-02T16:34:43+00:00","breadcrumb":{"@id":"https:\/\/www.revistarambla.com\/desenmascarando-a-un-buda-falso\/#breadcrumb"},"inLanguage":"en-GB","potentialAction":[{"@type":"ReadAction","target":["https:\/\/www.revistarambla.com\/desenmascarando-a-un-buda-falso\/"]}]},{"@type":"ImageObject","inLanguage":"en-GB","@id":"https:\/\/www.revistarambla.com\/desenmascarando-a-un-buda-falso\/#primaryimage","url":"https:\/\/www.revistarambla.com\/wp-content\/uploads\/2022\/10\/buddha-statue-in-rain.jpg","contentUrl":"https:\/\/www.revistarambla.com\/wp-content\/uploads\/2022\/10\/buddha-statue-in-rain.jpg","width":1920,"height":1440},{"@type":"BreadcrumbList","@id":"https:\/\/www.revistarambla.com\/desenmascarando-a-un-buda-falso\/#breadcrumb","itemListElement":[{"@type":"ListItem","position":1,"name":"Portada","item":"https:\/\/www.revistarambla.com\/"},{"@type":"ListItem","position":2,"name":"Desenmascarando a un Buda falso"}]},{"@type":"WebSite","@id":"https:\/\/www.revistarambla.com\/#website","url":"https:\/\/www.revistarambla.com\/","name":"Revista Rambla Barcelona","description":"Periodismo independiente","publisher":{"@id":"https:\/\/www.revistarambla.com\/#organization"},"potentialAction":[{"@type":"SearchAction","target":{"@type":"EntryPoint","urlTemplate":"https:\/\/www.revistarambla.com\/?s={search_term_string}"},"query-input":{"@type":"PropertyValueSpecification","valueRequired":true,"valueName":"search_term_string"}}],"inLanguage":"en-GB"},{"@type":"Organization","@id":"https:\/\/www.revistarambla.com\/#organization","name":"Revista Rambla","url":"https:\/\/www.revistarambla.com\/","logo":{"@type":"ImageObject","inLanguage":"en-GB","@id":"https:\/\/www.revistarambla.com\/#\/schema\/logo\/image\/","url":"https:\/\/www.revistarambla.com\/wp-content\/uploads\/2020\/09\/banner_rambla_1900x600_BB.png","contentUrl":"https:\/\/www.revistarambla.com\/wp-content\/uploads\/2020\/09\/banner_rambla_1900x600_BB.png","width":1900,"height":600,"caption":"Revista Rambla"},"image":{"@id":"https:\/\/www.revistarambla.com\/#\/schema\/logo\/image\/"},"sameAs":["https:\/\/www.facebook.com\/revistarambla\/","https:\/\/x.com\/revistarambla","https:\/\/www.instagram.com\/revista_rambla","https:\/\/es.linkedin.com\/company\/revista-rambla"]},{"@type":"Person","@id":"https:\/\/www.revistarambla.com\/#\/schema\/person\/94294f57cf4910853e3280fda7339bfc","name":"Jos\u00e9 Antonio Gamero Romero","description":"Escritor sevillano finalista del premio Azor\u00edn 2014. Ha publicado en diferentes revistas como Culturamas, E\u00f1e, Visor, etc. Sus libros son: 'La invenci\u00f3n de los gigantes' (Buc\u00e9falo 2016); 'Literatura tridimensional' (Adarve 2018); 'S\u00f3crates no vino a Espa\u00f1a' (Samarcanda 2018); 'La rep\u00fablica del fin del mundo' (Tandaia 2018) y 'La bodeguita de Hemingway'."}]}},"_links":{"self":[{"href":"https:\/\/www.revistarambla.com\/en\/wp-json\/wp\/v2\/posts\/47324","targetHints":{"allow":["GET"]}}],"collection":[{"href":"https:\/\/www.revistarambla.com\/en\/wp-json\/wp\/v2\/posts"}],"about":[{"href":"https:\/\/www.revistarambla.com\/en\/wp-json\/wp\/v2\/types\/post"}],"author":[{"embeddable":true,"href":"https:\/\/www.revistarambla.com\/en\/wp-json\/wp\/v2\/users\/294"}],"replies":[{"embeddable":true,"href":"https:\/\/www.revistarambla.com\/en\/wp-json\/wp\/v2\/comments?post=47324"}],"version-history":[{"count":1,"href":"https:\/\/www.revistarambla.com\/en\/wp-json\/wp\/v2\/posts\/47324\/revisions"}],"predecessor-version":[{"id":47326,"href":"https:\/\/www.revistarambla.com\/en\/wp-json\/wp\/v2\/posts\/47324\/revisions\/47326"}],"wp:featuredmedia":[{"embeddable":true,"href":"https:\/\/www.revistarambla.com\/en\/wp-json\/wp\/v2\/media\/47325"}],"wp:attachment":[{"href":"https:\/\/www.revistarambla.com\/en\/wp-json\/wp\/v2\/media?parent=47324"}],"wp:term":[{"taxonomy":"category","embeddable":true,"href":"https:\/\/www.revistarambla.com\/en\/wp-json\/wp\/v2\/categories?post=47324"},{"taxonomy":"post_tag","embeddable":true,"href":"https:\/\/www.revistarambla.com\/en\/wp-json\/wp\/v2\/tags?post=47324"}],"curies":[{"name":"wp","href":"https:\/\/api.w.org\/{rel}","templated":true}]}}