{"id":47321,"date":"2022-10-02T18:23:49","date_gmt":"2022-10-02T16:23:49","guid":{"rendered":"https:\/\/www.revistarambla.com\/?p=47321"},"modified":"2022-10-03T13:36:27","modified_gmt":"2022-10-03T11:36:27","slug":"via-canadiense-o-no-para-la-autodeterminacion-en-cataluna","status":"publish","type":"post","link":"https:\/\/www.revistarambla.com\/en\/via-canadiense-o-no-para-la-autodeterminacion-en-cataluna\/","title":{"rendered":"&#8216;V\u00eda canadiense&#8217; o no, para la autodeterminaci\u00f3n en Catalu\u00f1a"},"content":{"rendered":"<p style=\"text-align: left;\">Suficientemente conocidas son las del Gobierno Estatal entre los componentes de su actual Coalici\u00f3n gubernamental.<\/p>\n<p style=\"text-align: left;\" align=\"JUSTIFY\">Faltaba por aflorar a la luz p\u00fablica, las que surgieron ayer s\u00e1bado en Barcelona a trav\u00e9s de las cifras informativas predominantes de la Guardia Urbana, 11.000, manifestantes, y unos 60.000 seg\u00fan los colores de otros Medios informativos.<\/p>\n<p style=\"text-align: left;\" align=\"JUSTIFY\">No resultar\u00eda balad\u00ed, reflexionar sobre las consecuencias de exteriorizar ante los ciudadanos este tipo de altercados, ya que resulta obvio, si fuera el caso, reflejar ante los mismos estas disputas, maquilladas como transparencia o higiene pol\u00edtica, \u201cpues no cuelan\u201d, sino m\u00e1s bien denotar\u00edan oscuros deseos dentro de las formaciones, de engullirse unas a otras, y me refiero a ambas coaliciones: Central y Soberanista.<\/p>\n<p style=\"text-align: left;\" align=\"JUSTIFY\">Con las reservas de rigor, debido a lo embrionario del Tema, me cuentan, sobre los desacuerdos existentes en las filas soberanistas respecto a dos l\u00edneas divergentes, fruto de las actuales disputas.<\/p>\n<p style=\"text-align: left;\" align=\"JUSTIFY\">Una, denominada \u201cV\u00cdA CANADIENSE\u201d, antigua propuesta actualizada por el presidente de la Generalitat, tiempo ha, sobre mesas oficiales, consistente b\u00e1sicamente en negociar un refer\u00e9ndum de autodeterminaci\u00f3n pactado.<\/p>\n<p style=\"text-align: left;\" align=\"JUSTIFY\">Otra, la de Puigdemont, sosteniendo que el refer\u00e9ndum sostenido hace 5 a\u00f1os, contin\u00faa siendo v\u00e1lido, y no cabr\u00eda ninguna otra votaci\u00f3n.<\/p>\n<p style=\"text-align: left;\" align=\"JUSTIFY\">El actual Gobierno no llegar\u00eda a observar con malos ojos, en caso extremo, el primer supuesto, pero la \u201cpatata caliente\u201d les quedar\u00eda a un pr\u00f3ximo Gobierno, probablemente distinto del actual. Es decir, el problema real se plantear\u00eda a ambas partes en un futuro inmediato ante un supuesto de autodeterminaci\u00f3n.<\/p>\n<p style=\"text-align: left;\" align=\"JUSTIFY\">Conllevar\u00eda a larga a las partes a aplicar un principio\/concepto de \u201ctabla rasa\u201d, mediante reclamaciones mutuas, lo cual no ser\u00eda bueno para ninguna de ellas, m\u00e1xime, con un porvenir de Europa y Espa\u00f1a en particular, \u201cm\u00e1s oscuro que el reinado de Witiza\u201d.<\/p>\n<p style=\"text-align: left;\" align=\"JUSTIFY\">Cualquier experto en Derecho Internacional probablemente conoce el supuesto alcance de estos casos.<\/p>\n<p style=\"text-align: left;\" align=\"JUSTIFY\">Existen varias acepciones para definir, por ejemplo, una Secesi\u00f3n. Seg\u00fan la R.A.E., consiste en la acci\u00f3n por la cual se separa de una naci\u00f3n, una parte de su pueblo o su territorio.<\/p>\n<p style=\"text-align: left;\" align=\"JUSTIFY\">Atendiendo a la ONU, y seg\u00fan el Derecho Internacional, Catalunya nunca se ha encontrado \u201ccolonizada\u201d, por Espa\u00f1a, ni tampoco ha existido como potencia colonizadora, raz\u00f3n principal qu\u00e9 esgrime Naciones Unidas.<\/p>\n<p style=\"text-align: left;\" align=\"JUSTIFY\">Seg\u00fan XAVIER PONS RAFOLS, Catedr\u00e1tico de Derecho Internacional P\u00fablico de la Universidad de Barcelona, y desde el punto de vista del tal Derecho, una secesi\u00f3n unilateral, s\u00f3lo es contemplada en los supuestos de descolonizaci\u00f3n, entendiendo, que el territorio sometido a dominaci\u00f3n colonial tiene una condici\u00f3n jur\u00eddica distinta a la del Estado colonizador.<\/p>\n<p style=\"text-align: left;\" align=\"JUSTIFY\">Sin embargo, si la secesi\u00f3n es pac\u00edfica y acordada, el Derecho Internacional atender\u00eda a las consecuencias de la existencia de un nuevo Estado, y otros Estados, se encontrar\u00edan ante la libertad de reconocerlo o no. (Kosovo podr\u00eda acercarse a un ejemplo, pero sin haber sido manipulado previamente de forma internacional,<\/p>\n<p style=\"text-align: left;\" align=\"JUSTIFY\">Debo manifestar que durante unos a\u00f1os resid\u00ed en Barcelona, guardando en general un muy grato recuerdo de sus gentes.<\/p>\n<p style=\"text-align: left;\" align=\"JUSTIFY\">Cabr\u00eda preguntarse ahora transcurrido un tiempo, (no necesariamente mejor que el actual) y al cumplirse un quinquenio del 1.O, plantearse Catalu\u00f1a por un lado y Espa\u00f1a por otro, un punto de inflexi\u00f3n sobre si el tipo de independentismo arrastrado por los partidos pol\u00edticos estatales y catalanistas durante este tiempo, contin\u00faa suponiendo un lustro despu\u00e9s: la esperanza e ilusi\u00f3n de anta\u00f1o. Me temo que no.<\/p>\n<p style=\"text-align: left;\" align=\"JUSTIFY\">Venimos asistiendo recientemente en Catalu\u00f1a, e igualmente en el resto de Espa\u00f1a, a una especie de \u201cOPERA BUFA\u201d entre coaliciones de partidos pol\u00edticos, donde suelen primar, otros intereses y oportunismos.<\/p>\n<p style=\"text-align: left;\" align=\"JUSTIFY\">Una f\u00f3rmula ecl\u00e9ctica y legal que viene sucediendo recientemente en Italia, y anteriormente en Francia (Legislativas), como forma de intentar reconducirlos hacia la Regeneraci\u00f3n Pol\u00edtica, de la cual nos encontramos muy necesitados, consistir\u00eda en expresar rechazo o hartazgo, en las pr\u00f3ximas elecciones \u201cpasando de largo\u201d delante de las urnas cuando llegue el momento.<\/p>\n<p style=\"text-align: left;\" align=\"JUSTIFY\">Finalmente, de nuevo en pro de la pluralidad informativa, volver\u00e9 a remitir a Medios catalanes esta Opini\u00f3n, sin esperanzas de publicaci\u00f3n como viene siendo habitual, excepto Revista, la cual omito su nombre por no necesitar publicidad de este modesto Columnista.<\/p>","protected":false},"excerpt":{"rendered":"<p>Tambi\u00e9n disputas entre partidos pol\u00edticos soberanistas<\/p>","protected":false},"author":305,"featured_media":47322,"comment_status":"open","ping_status":"open","sticky":false,"template":"","format":"standard","meta":{"footnotes":""},"categories":[72],"tags":[],"class_list":["post-47321","post","type-post","status-publish","format-standard","has-post-thumbnail","hentry","category-opinion"],"yoast_head":"<!-- This site is optimized with the Yoast SEO plugin v27.5 - https:\/\/yoast.com\/product\/yoast-seo-wordpress\/ -->\n<title>&#039;V\u00eda canadiense&#039; o no, para la autodeterminaci\u00f3n en Catalu\u00f1a - Revista Rambla<\/title>\n<meta name=\"robots\" content=\"index, follow, max-snippet:-1, max-image-preview:large, max-video-preview:-1\" \/>\n<link rel=\"canonical\" href=\"https:\/\/www.revistarambla.com\/en\/via-canadiense-o-no-para-la-autodeterminacion-en-cataluna\/\" \/>\n<meta property=\"og:locale\" content=\"en_GB\" \/>\n<meta property=\"og:type\" content=\"article\" \/>\n<meta property=\"og:title\" content=\"&#039;V\u00eda canadiense&#039; o no, para la autodeterminaci\u00f3n en Catalu\u00f1a - Revista Rambla\" \/>\n<meta property=\"og:description\" content=\"Tambi\u00e9n disputas entre partidos pol\u00edticos soberanistas\" \/>\n<meta property=\"og:url\" content=\"https:\/\/www.revistarambla.com\/en\/via-canadiense-o-no-para-la-autodeterminacion-en-cataluna\/\" \/>\n<meta property=\"og:site_name\" content=\"Revista Rambla\" \/>\n<meta property=\"article:publisher\" content=\"https:\/\/www.facebook.com\/revistarambla\/\" \/>\n<meta property=\"article:published_time\" content=\"2022-10-02T16:23:49+00:00\" \/>\n<meta property=\"article:modified_time\" content=\"2022-10-03T11:36:27+00:00\" \/>\n<meta property=\"og:image\" content=\"https:\/\/www.revistarambla.com\/wp-content\/uploads\/2022\/10\/Fd_PAXyXoAA3J-J.jpg\" \/>\n\t<meta property=\"og:image:width\" content=\"1280\" \/>\n\t<meta property=\"og:image:height\" content=\"853\" \/>\n\t<meta property=\"og:image:type\" content=\"image\/jpeg\" \/>\n<meta name=\"author\" content=\"Jes\u00fas Antonio Rodr\u00edguez Morilla\" \/>\n<meta name=\"twitter:card\" content=\"summary_large_image\" \/>\n<meta name=\"twitter:creator\" content=\"@revistarambla\" \/>\n<meta name=\"twitter:site\" content=\"@revistarambla\" \/>\n<meta name=\"twitter:label1\" content=\"Written by\" \/>\n\t<meta name=\"twitter:data1\" content=\"Jes\u00fas Antonio Rodr\u00edguez Morilla\" \/>\n\t<meta name=\"twitter:label2\" content=\"Estimated reading time\" \/>\n\t<meta name=\"twitter:data2\" content=\"4 minutes\" \/>\n<script type=\"application\/ld+json\" class=\"yoast-schema-graph\">{\"@context\":\"https:\\\/\\\/schema.org\",\"@graph\":[{\"@type\":\"Article\",\"@id\":\"https:\\\/\\\/www.revistarambla.com\\\/via-canadiense-o-no-para-la-autodeterminacion-en-cataluna\\\/#article\",\"isPartOf\":{\"@id\":\"https:\\\/\\\/www.revistarambla.com\\\/via-canadiense-o-no-para-la-autodeterminacion-en-cataluna\\\/\"},\"author\":{\"name\":\"Jes\u00fas Antonio Rodr\u00edguez Morilla\",\"@id\":\"https:\\\/\\\/www.revistarambla.com\\\/#\\\/schema\\\/person\\\/eace802346abd966cd3ecb763f255a0a\"},\"headline\":\"&#8216;V\u00eda canadiense&#8217; o no, para la autodeterminaci\u00f3n en Catalu\u00f1a\",\"datePublished\":\"2022-10-02T16:23:49+00:00\",\"dateModified\":\"2022-10-03T11:36:27+00:00\",\"mainEntityOfPage\":{\"@id\":\"https:\\\/\\\/www.revistarambla.com\\\/via-canadiense-o-no-para-la-autodeterminacion-en-cataluna\\\/\"},\"wordCount\":752,\"commentCount\":0,\"publisher\":{\"@id\":\"https:\\\/\\\/www.revistarambla.com\\\/#organization\"},\"image\":{\"@id\":\"https:\\\/\\\/www.revistarambla.com\\\/via-canadiense-o-no-para-la-autodeterminacion-en-cataluna\\\/#primaryimage\"},\"thumbnailUrl\":\"https:\\\/\\\/www.revistarambla.com\\\/wp-content\\\/uploads\\\/2022\\\/10\\\/Fd_PAXyXoAA3J-J.jpg\",\"articleSection\":[\"Opiniones\"],\"inLanguage\":\"en-GB\",\"potentialAction\":[{\"@type\":\"CommentAction\",\"name\":\"Comment\",\"target\":[\"https:\\\/\\\/www.revistarambla.com\\\/via-canadiense-o-no-para-la-autodeterminacion-en-cataluna\\\/#respond\"]}]},{\"@type\":\"WebPage\",\"@id\":\"https:\\\/\\\/www.revistarambla.com\\\/via-canadiense-o-no-para-la-autodeterminacion-en-cataluna\\\/\",\"url\":\"https:\\\/\\\/www.revistarambla.com\\\/via-canadiense-o-no-para-la-autodeterminacion-en-cataluna\\\/\",\"name\":\"'V\u00eda canadiense' o no, para la autodeterminaci\u00f3n en Catalu\u00f1a - Revista Rambla\",\"isPartOf\":{\"@id\":\"https:\\\/\\\/www.revistarambla.com\\\/#website\"},\"primaryImageOfPage\":{\"@id\":\"https:\\\/\\\/www.revistarambla.com\\\/via-canadiense-o-no-para-la-autodeterminacion-en-cataluna\\\/#primaryimage\"},\"image\":{\"@id\":\"https:\\\/\\\/www.revistarambla.com\\\/via-canadiense-o-no-para-la-autodeterminacion-en-cataluna\\\/#primaryimage\"},\"thumbnailUrl\":\"https:\\\/\\\/www.revistarambla.com\\\/wp-content\\\/uploads\\\/2022\\\/10\\\/Fd_PAXyXoAA3J-J.jpg\",\"datePublished\":\"2022-10-02T16:23:49+00:00\",\"dateModified\":\"2022-10-03T11:36:27+00:00\",\"breadcrumb\":{\"@id\":\"https:\\\/\\\/www.revistarambla.com\\\/via-canadiense-o-no-para-la-autodeterminacion-en-cataluna\\\/#breadcrumb\"},\"inLanguage\":\"en-GB\",\"potentialAction\":[{\"@type\":\"ReadAction\",\"target\":[\"https:\\\/\\\/www.revistarambla.com\\\/via-canadiense-o-no-para-la-autodeterminacion-en-cataluna\\\/\"]}]},{\"@type\":\"ImageObject\",\"inLanguage\":\"en-GB\",\"@id\":\"https:\\\/\\\/www.revistarambla.com\\\/via-canadiense-o-no-para-la-autodeterminacion-en-cataluna\\\/#primaryimage\",\"url\":\"https:\\\/\\\/www.revistarambla.com\\\/wp-content\\\/uploads\\\/2022\\\/10\\\/Fd_PAXyXoAA3J-J.jpg\",\"contentUrl\":\"https:\\\/\\\/www.revistarambla.com\\\/wp-content\\\/uploads\\\/2022\\\/10\\\/Fd_PAXyXoAA3J-J.jpg\",\"width\":1280,\"height\":853},{\"@type\":\"BreadcrumbList\",\"@id\":\"https:\\\/\\\/www.revistarambla.com\\\/via-canadiense-o-no-para-la-autodeterminacion-en-cataluna\\\/#breadcrumb\",\"itemListElement\":[{\"@type\":\"ListItem\",\"position\":1,\"name\":\"Portada\",\"item\":\"https:\\\/\\\/www.revistarambla.com\\\/\"},{\"@type\":\"ListItem\",\"position\":2,\"name\":\"&#8216;V\u00eda canadiense&#8217; o no, para la autodeterminaci\u00f3n en Catalu\u00f1a\"}]},{\"@type\":\"WebSite\",\"@id\":\"https:\\\/\\\/www.revistarambla.com\\\/#website\",\"url\":\"https:\\\/\\\/www.revistarambla.com\\\/\",\"name\":\"Revista Rambla Barcelona\",\"description\":\"Periodismo independiente\",\"publisher\":{\"@id\":\"https:\\\/\\\/www.revistarambla.com\\\/#organization\"},\"potentialAction\":[{\"@type\":\"SearchAction\",\"target\":{\"@type\":\"EntryPoint\",\"urlTemplate\":\"https:\\\/\\\/www.revistarambla.com\\\/?s={search_term_string}\"},\"query-input\":{\"@type\":\"PropertyValueSpecification\",\"valueRequired\":true,\"valueName\":\"search_term_string\"}}],\"inLanguage\":\"en-GB\"},{\"@type\":\"Organization\",\"@id\":\"https:\\\/\\\/www.revistarambla.com\\\/#organization\",\"name\":\"Revista Rambla\",\"url\":\"https:\\\/\\\/www.revistarambla.com\\\/\",\"logo\":{\"@type\":\"ImageObject\",\"inLanguage\":\"en-GB\",\"@id\":\"https:\\\/\\\/www.revistarambla.com\\\/#\\\/schema\\\/logo\\\/image\\\/\",\"url\":\"https:\\\/\\\/www.revistarambla.com\\\/wp-content\\\/uploads\\\/2020\\\/09\\\/banner_rambla_1900x600_BB.png\",\"contentUrl\":\"https:\\\/\\\/www.revistarambla.com\\\/wp-content\\\/uploads\\\/2020\\\/09\\\/banner_rambla_1900x600_BB.png\",\"width\":1900,\"height\":600,\"caption\":\"Revista Rambla\"},\"image\":{\"@id\":\"https:\\\/\\\/www.revistarambla.com\\\/#\\\/schema\\\/logo\\\/image\\\/\"},\"sameAs\":[\"https:\\\/\\\/www.facebook.com\\\/revistarambla\\\/\",\"https:\\\/\\\/x.com\\\/revistarambla\",\"https:\\\/\\\/www.instagram.com\\\/revista_rambla\",\"https:\\\/\\\/es.linkedin.com\\\/company\\\/revista-rambla\"]},{\"@type\":\"Person\",\"@id\":\"https:\\\/\\\/www.revistarambla.com\\\/#\\\/schema\\\/person\\\/eace802346abd966cd3ecb763f255a0a\",\"name\":\"Jes\u00fas Antonio Rodr\u00edguez Morilla\",\"description\":\"Doctor en Derecho por la U.C.M. (Cum Laude). Licenciado en Derecho. Licenciado en Ciencias Pol\u00edticas. Caballero de M\u00e9rito de la Real Orden (Noruega).\",\"sameAs\":[\"https:\\\/\\\/www.modificadosobraspublicas.com\"]}]}<\/script>\n<!-- \/ Yoast SEO plugin. -->","yoast_head_json":{"title":"'V\u00eda canadiense' o no, para la autodeterminaci\u00f3n en Catalu\u00f1a - Revista Rambla","robots":{"index":"index","follow":"follow","max-snippet":"max-snippet:-1","max-image-preview":"max-image-preview:large","max-video-preview":"max-video-preview:-1"},"canonical":"https:\/\/www.revistarambla.com\/en\/via-canadiense-o-no-para-la-autodeterminacion-en-cataluna\/","og_locale":"en_GB","og_type":"article","og_title":"'V\u00eda canadiense' o no, para la autodeterminaci\u00f3n en Catalu\u00f1a - Revista Rambla","og_description":"Tambi\u00e9n disputas entre partidos pol\u00edticos soberanistas","og_url":"https:\/\/www.revistarambla.com\/en\/via-canadiense-o-no-para-la-autodeterminacion-en-cataluna\/","og_site_name":"Revista Rambla","article_publisher":"https:\/\/www.facebook.com\/revistarambla\/","article_published_time":"2022-10-02T16:23:49+00:00","article_modified_time":"2022-10-03T11:36:27+00:00","og_image":[{"width":1280,"height":853,"url":"https:\/\/www.revistarambla.com\/wp-content\/uploads\/2022\/10\/Fd_PAXyXoAA3J-J.jpg","type":"image\/jpeg"}],"author":"Jes\u00fas Antonio Rodr\u00edguez Morilla","twitter_card":"summary_large_image","twitter_creator":"@revistarambla","twitter_site":"@revistarambla","twitter_misc":{"Written by":"Jes\u00fas Antonio Rodr\u00edguez Morilla","Estimated reading time":"4 minutes"},"schema":{"@context":"https:\/\/schema.org","@graph":[{"@type":"Article","@id":"https:\/\/www.revistarambla.com\/via-canadiense-o-no-para-la-autodeterminacion-en-cataluna\/#article","isPartOf":{"@id":"https:\/\/www.revistarambla.com\/via-canadiense-o-no-para-la-autodeterminacion-en-cataluna\/"},"author":{"name":"Jes\u00fas Antonio Rodr\u00edguez Morilla","@id":"https:\/\/www.revistarambla.com\/#\/schema\/person\/eace802346abd966cd3ecb763f255a0a"},"headline":"&#8216;V\u00eda canadiense&#8217; o no, para la autodeterminaci\u00f3n en Catalu\u00f1a","datePublished":"2022-10-02T16:23:49+00:00","dateModified":"2022-10-03T11:36:27+00:00","mainEntityOfPage":{"@id":"https:\/\/www.revistarambla.com\/via-canadiense-o-no-para-la-autodeterminacion-en-cataluna\/"},"wordCount":752,"commentCount":0,"publisher":{"@id":"https:\/\/www.revistarambla.com\/#organization"},"image":{"@id":"https:\/\/www.revistarambla.com\/via-canadiense-o-no-para-la-autodeterminacion-en-cataluna\/#primaryimage"},"thumbnailUrl":"https:\/\/www.revistarambla.com\/wp-content\/uploads\/2022\/10\/Fd_PAXyXoAA3J-J.jpg","articleSection":["Opiniones"],"inLanguage":"en-GB","potentialAction":[{"@type":"CommentAction","name":"Comment","target":["https:\/\/www.revistarambla.com\/via-canadiense-o-no-para-la-autodeterminacion-en-cataluna\/#respond"]}]},{"@type":"WebPage","@id":"https:\/\/www.revistarambla.com\/via-canadiense-o-no-para-la-autodeterminacion-en-cataluna\/","url":"https:\/\/www.revistarambla.com\/via-canadiense-o-no-para-la-autodeterminacion-en-cataluna\/","name":"'V\u00eda canadiense' o no, para la autodeterminaci\u00f3n en Catalu\u00f1a - Revista Rambla","isPartOf":{"@id":"https:\/\/www.revistarambla.com\/#website"},"primaryImageOfPage":{"@id":"https:\/\/www.revistarambla.com\/via-canadiense-o-no-para-la-autodeterminacion-en-cataluna\/#primaryimage"},"image":{"@id":"https:\/\/www.revistarambla.com\/via-canadiense-o-no-para-la-autodeterminacion-en-cataluna\/#primaryimage"},"thumbnailUrl":"https:\/\/www.revistarambla.com\/wp-content\/uploads\/2022\/10\/Fd_PAXyXoAA3J-J.jpg","datePublished":"2022-10-02T16:23:49+00:00","dateModified":"2022-10-03T11:36:27+00:00","breadcrumb":{"@id":"https:\/\/www.revistarambla.com\/via-canadiense-o-no-para-la-autodeterminacion-en-cataluna\/#breadcrumb"},"inLanguage":"en-GB","potentialAction":[{"@type":"ReadAction","target":["https:\/\/www.revistarambla.com\/via-canadiense-o-no-para-la-autodeterminacion-en-cataluna\/"]}]},{"@type":"ImageObject","inLanguage":"en-GB","@id":"https:\/\/www.revistarambla.com\/via-canadiense-o-no-para-la-autodeterminacion-en-cataluna\/#primaryimage","url":"https:\/\/www.revistarambla.com\/wp-content\/uploads\/2022\/10\/Fd_PAXyXoAA3J-J.jpg","contentUrl":"https:\/\/www.revistarambla.com\/wp-content\/uploads\/2022\/10\/Fd_PAXyXoAA3J-J.jpg","width":1280,"height":853},{"@type":"BreadcrumbList","@id":"https:\/\/www.revistarambla.com\/via-canadiense-o-no-para-la-autodeterminacion-en-cataluna\/#breadcrumb","itemListElement":[{"@type":"ListItem","position":1,"name":"Portada","item":"https:\/\/www.revistarambla.com\/"},{"@type":"ListItem","position":2,"name":"&#8216;V\u00eda canadiense&#8217; o no, para la autodeterminaci\u00f3n en Catalu\u00f1a"}]},{"@type":"WebSite","@id":"https:\/\/www.revistarambla.com\/#website","url":"https:\/\/www.revistarambla.com\/","name":"Revista Rambla Barcelona","description":"Periodismo independiente","publisher":{"@id":"https:\/\/www.revistarambla.com\/#organization"},"potentialAction":[{"@type":"SearchAction","target":{"@type":"EntryPoint","urlTemplate":"https:\/\/www.revistarambla.com\/?s={search_term_string}"},"query-input":{"@type":"PropertyValueSpecification","valueRequired":true,"valueName":"search_term_string"}}],"inLanguage":"en-GB"},{"@type":"Organization","@id":"https:\/\/www.revistarambla.com\/#organization","name":"Revista Rambla","url":"https:\/\/www.revistarambla.com\/","logo":{"@type":"ImageObject","inLanguage":"en-GB","@id":"https:\/\/www.revistarambla.com\/#\/schema\/logo\/image\/","url":"https:\/\/www.revistarambla.com\/wp-content\/uploads\/2020\/09\/banner_rambla_1900x600_BB.png","contentUrl":"https:\/\/www.revistarambla.com\/wp-content\/uploads\/2020\/09\/banner_rambla_1900x600_BB.png","width":1900,"height":600,"caption":"Revista Rambla"},"image":{"@id":"https:\/\/www.revistarambla.com\/#\/schema\/logo\/image\/"},"sameAs":["https:\/\/www.facebook.com\/revistarambla\/","https:\/\/x.com\/revistarambla","https:\/\/www.instagram.com\/revista_rambla","https:\/\/es.linkedin.com\/company\/revista-rambla"]},{"@type":"Person","@id":"https:\/\/www.revistarambla.com\/#\/schema\/person\/eace802346abd966cd3ecb763f255a0a","name":"Jes\u00fas Antonio Rodr\u00edguez Morilla","description":"Doctor en Derecho por la U.C.M. (Cum Laude). Licenciado en Derecho. Licenciado en Ciencias Pol\u00edticas. Caballero de M\u00e9rito de la Real Orden (Noruega).","sameAs":["https:\/\/www.modificadosobraspublicas.com"]}]}},"_links":{"self":[{"href":"https:\/\/www.revistarambla.com\/en\/wp-json\/wp\/v2\/posts\/47321","targetHints":{"allow":["GET"]}}],"collection":[{"href":"https:\/\/www.revistarambla.com\/en\/wp-json\/wp\/v2\/posts"}],"about":[{"href":"https:\/\/www.revistarambla.com\/en\/wp-json\/wp\/v2\/types\/post"}],"author":[{"embeddable":true,"href":"https:\/\/www.revistarambla.com\/en\/wp-json\/wp\/v2\/users\/305"}],"replies":[{"embeddable":true,"href":"https:\/\/www.revistarambla.com\/en\/wp-json\/wp\/v2\/comments?post=47321"}],"version-history":[{"count":1,"href":"https:\/\/www.revistarambla.com\/en\/wp-json\/wp\/v2\/posts\/47321\/revisions"}],"predecessor-version":[{"id":47323,"href":"https:\/\/www.revistarambla.com\/en\/wp-json\/wp\/v2\/posts\/47321\/revisions\/47323"}],"wp:featuredmedia":[{"embeddable":true,"href":"https:\/\/www.revistarambla.com\/en\/wp-json\/wp\/v2\/media\/47322"}],"wp:attachment":[{"href":"https:\/\/www.revistarambla.com\/en\/wp-json\/wp\/v2\/media?parent=47321"}],"wp:term":[{"taxonomy":"category","embeddable":true,"href":"https:\/\/www.revistarambla.com\/en\/wp-json\/wp\/v2\/categories?post=47321"},{"taxonomy":"post_tag","embeddable":true,"href":"https:\/\/www.revistarambla.com\/en\/wp-json\/wp\/v2\/tags?post=47321"}],"curies":[{"name":"wp","href":"https:\/\/api.w.org\/{rel}","templated":true}]}}