{"id":47298,"date":"2022-10-01T17:34:29","date_gmt":"2022-10-01T15:34:29","guid":{"rendered":"https:\/\/www.revistarambla.com\/?p=47298"},"modified":"2022-10-01T18:26:21","modified_gmt":"2022-10-01T16:26:21","slug":"el-calella-film-festival-apoya-al-cine-independiente-la-canco-pop-abre-el-festival-de-cine-del-maresme","status":"publish","type":"post","link":"https:\/\/www.revistarambla.com\/en\/el-calella-film-festival-apoya-al-cine-independiente-la-canco-pop-abre-el-festival-de-cine-del-maresme\/","title":{"rendered":"El Calella Film Festival apoya al cine independiente: \u00abLa can\u00e7\u00f3 pop\u00bb abre el Festival de Cine del Maresme"},"content":{"rendered":"<p>La s\u00e9ptima edici\u00f3n del Calella Film Festival, el Festival de Cine del Maresme, se abre este s\u00e1bado con la proyecci\u00f3n de la primera parte de \u201cEl Padrino\u201d en la Sala Mozart y una muestra de cine independiente, con \u201cLa can\u00e7\u00f3 pop\u201d, del director y escritor barcelon\u00e9s Ra\u00fcl Portero.<!--more--> Hasta el d\u00eda 8 de octubre, el certamen ofrecer\u00e1 en Calella, Sant Pol y Arenys de Mar m\u00e1s de 20 pel\u00edculas de calidad, pero que tienen complicado acceder a los grandes canales de distribuci\u00f3n.<\/p>\n<p style=\"font-weight: 400;\">El director y escritor Ra\u00fcl Portero ha adaptado al cine su novela \u201cLa can\u00e7\u00f3 pop\u201d. Es una reflexi\u00f3n sobre el paso a ser adultos, sobre los sue\u00f1os que no se cumplen y sobre amistades que han cambiado. Tambi\u00e9n narra los sentimientos que se quedaron callados. El protagonista es un hombre que intent\u00f3 triunfar en la m\u00fasica, y que ha acabado sobreviviendo en Londres como camarero. La muerte de un antiguo amigo le hace volver a Barcelona. Se reencontrar\u00e1 con una ciudad que apenas reconoce y unos amigos que han cambiado.<\/p>\n<p style=\"font-weight: 400;\">\u201cLa can\u00e7\u00f3 pop\u201d viene avalada por las buenas cr\u00edticas que ha tenido en festivales como el \u201cD\u2019A Film Festival\u201d de Barcelona o el Raindance londinense, uno de los cert\u00e1menes m\u00e1s importantes de cine independiente del mundo.<\/p>\n<p style=\"font-weight: 400;\">Su director, Ra\u00fcl Portero, escribi\u00f3 un libro primero y luego \u00e9l mismo lo ha trasladado a la pantalla. Aclara que no es una historia autobiogr\u00e1fica del todo, pero tiene pinceladas de su vida. \u201cEs verdad que yo estuve un tiempo en Londres, como mucha gente de 40 o 35 a\u00f1os, que march\u00f3 con la crisis a buscar trabajo. Pero yo luego regres\u00e9. Ning\u00fan amigo m\u00edo se ha suicidado. La historia no existi\u00f3, aunque s\u00ed que son reales muchas de las conversaciones de los personajes, al no saber qu\u00e9 hacer con su vida\u201d.<\/p>\n<p style=\"font-weight: 400;\">Portero recuerda que mucha gente de su generaci\u00f3n \u201chan estudiado y a\u00fan viven con sus padres. Estos sentimientos s\u00ed que son de verdad y son copiados de la realidad. Cuando se public\u00f3 el libro hace cinco a\u00f1os ya se dijo que fuimos muy fieles al pensamiento de la una generaci\u00f3n. Los lectores tambi\u00e9n habr\u00e1n tenido estas charlas con sus amigos\u201d.<\/p>\n<p style=\"font-weight: 400;\">Y pone un ejemplo real. \u201cUna amiga tiene dos carreras, habla chino perfectamente, y no ha encontrado trabajo. No es culpa suya. Es una chica muy formada y muy competente. Es algo muy com\u00fan. Los m\u00e1s j\u00f3venes a\u00fan lo sufrir\u00e1n m\u00e1s porque no encontrar\u00e1n trabajo. Los que encontramos trabajo, vimos como nos recortaban las condiciones y los sueldos\u201d.<\/p>\n<p style=\"font-weight: 400;\">Ra\u00fcl Portero tampoco quiere que se le vea como un portavoz de su generaci\u00f3n. \u201cCuando se public\u00f3 el libro, la editorial lo vendi\u00f3 como el libro de la Generaci\u00f3n Tal\u2026 pero no me gusta ir de abanderado de las causas. Yo explico lo que me pasaba\u201d.<\/p>\n<p style=\"font-weight: 400;\">No se puede quejar de c\u00f3mo se ha adaptado el libro, ya que \u00e9l mismo se ha encargado de plasmarlo a la pantalla. \u201cClaro, no me puedo quejar, pero tampoco fui fiel del todo a la novela. La historia es la misma, pero en la pel\u00edcula hay personajes que no salen en el libro. Fui honesto con la adaptaci\u00f3n. No tuvimos mucho presupuesto y preferimos hacerlo as\u00ed\u201d.<\/p>\n<p style=\"font-weight: 400;\">Siempre tuvo claro que la rodar\u00eda en blanco y negro para jugar con el viaje interior del personaje, cuya vida es en blanco y negro. Est\u00e1 hundido. A medida que va saliendo de su situaci\u00f3n, la pel\u00edcula cambia de color y de formato. La imagen se hace m\u00e1s grande.<\/p>\n<p style=\"font-weight: 400;\">\u201cLa can\u00e7\u00f3 pop\u201d desprende un desencanto tambi\u00e9n con la evoluci\u00f3n de Barcelona, una ciudad que el protagonista acaba desconociendo. Ra\u00fcl Portero admite que \u201cno s\u00e9 si me gusta o no Barcelona porque no la reconozco. Creo que es un sentimiento que tiene mucha gente. La Barcelona de hace 15 a\u00f1os ya no existe, est\u00e1 muerta. Muchos cines ahora son supermercados. Han cerrado discotecas y tiendas. Pero es como la sensaci\u00f3n de viajar al extranjero. Est\u00e1s en Londres y parece Barcelona. Me gusta Barcelona pero me gustaba m\u00e1s de joven\u201d.<\/p>\n<h2 style=\"font-weight: 400;\"><strong>Homenaje a \u201cEl Padrino\u201d<\/strong><\/h2>\n<p style=\"font-weight: 400;\">Coincidiendo con los 50 a\u00f1os del estreno de \u201cEl Padrino\u201d en Espa\u00f1a, en octubre de 1972, el Calella Film Festival homenajea a la obra de Coppola y Puzo y con un cartel donde aparece la Llopa de Calella, el s\u00edmbolo de la ciudad, caracterizada como El Padrino. El ilustrador Sergi Cugat se ha encargado del dise\u00f1o del cartel. Y para promocionar el certamen, los actores Jordi D\u00edaz y Juli F\u00e0bregas han rodado un spot al estilo de Marlon Brando en la primera pel\u00edcula de la saga de Coppola.<\/p>\n<figure id=\"attachment_47300\" aria-describedby=\"caption-attachment-47300\" style=\"width: 1280px\" class=\"wp-caption aligncenter\"><img decoding=\"async\" class=\"wp-image-47300 size-full\" src=\"https:\/\/www.revistarambla.com\/wp-content\/uploads\/2022\/10\/El-actor-Jordi-Diaz-caracterizado-como-El-Padrino-Foto-Marcal-Mora.jpg\" alt=\"\" width=\"1280\" height=\"854\" srcset=\"https:\/\/www.revistarambla.com\/wp-content\/uploads\/2022\/10\/El-actor-Jordi-Diaz-caracterizado-como-El-Padrino-Foto-Marcal-Mora.jpg 1280w, https:\/\/www.revistarambla.com\/wp-content\/uploads\/2022\/10\/El-actor-Jordi-Diaz-caracterizado-como-El-Padrino-Foto-Marcal-Mora-547x365.jpg 547w, https:\/\/www.revistarambla.com\/wp-content\/uploads\/2022\/10\/El-actor-Jordi-Diaz-caracterizado-como-El-Padrino-Foto-Marcal-Mora-840x560.jpg 840w, https:\/\/www.revistarambla.com\/wp-content\/uploads\/2022\/10\/El-actor-Jordi-Diaz-caracterizado-como-El-Padrino-Foto-Marcal-Mora-768x512.jpg 768w, https:\/\/www.revistarambla.com\/wp-content\/uploads\/2022\/10\/El-actor-Jordi-Diaz-caracterizado-como-El-Padrino-Foto-Marcal-Mora-18x12.jpg 18w\" sizes=\"(max-width: 1280px) 100vw, 1280px\" \/><figcaption id=\"caption-attachment-47300\" class=\"wp-caption-text\">El actor Jordi D\u00edaz caracterizado como El Padrino. Foto: Mar\u00e7al Mora<\/figcaption><\/figure>\n<p style=\"font-weight: 400;\">El Festival del Cine del Maresme consta de dos secciones. La secci\u00f3n \u00abLow Budget\u00bb proyecta cintas rodadas en todo el mundo con un presupuesto de menos de 500.000 euros. De esta manera, se apoya a los directores que apuestan por la creatividad y por sacar el m\u00e1ximo partido a sus recursos.<\/p>\n<p style=\"font-weight: 400;\">En cambio, la secci\u00f3n \u201cCreative Rosebud Awards\u201d est\u00e1 destinada a producciones de presupuesto m\u00e1s alto, sin l\u00edmite de presupuesto. Tambi\u00e9n habr\u00e1 proyecciones fuera de concurso.<\/p>\n<p style=\"font-weight: 400;\">En esta s\u00e9ptima edici\u00f3n, el Festival consolida su apuesta por continuar expandi\u00e9ndose por todo el Maresme. Otras sedes del certamen son el Teatro Principal de Arenys de Mar y el Centre Cultural de Sant Pol de Mar, con la colaboraci\u00f3n del Cine Club Akira.<\/p>\n<p>M\u00e1s informaci\u00f3n en: <span style=\"text-decoration: underline;\"><a href=\"https:\/\/www.calellafilmfestival.com\/\">Calella Film Festival<\/a><\/span><\/p>\n<p><img decoding=\"async\" class=\"aligncenter wp-image-47301 size-full\" src=\"https:\/\/www.revistarambla.com\/wp-content\/uploads\/2022\/10\/CALELLA-FILM-FESTIVAL-2022-HOMENATGE-A-EL-PADRINO-scaled.jpg\" alt=\"\" width=\"1810\" height=\"2560\" srcset=\"https:\/\/www.revistarambla.com\/wp-content\/uploads\/2022\/10\/CALELLA-FILM-FESTIVAL-2022-HOMENATGE-A-EL-PADRINO-scaled.jpg 1810w, https:\/\/www.revistarambla.com\/wp-content\/uploads\/2022\/10\/CALELLA-FILM-FESTIVAL-2022-HOMENATGE-A-EL-PADRINO-258x365.jpg 258w, https:\/\/www.revistarambla.com\/wp-content\/uploads\/2022\/10\/CALELLA-FILM-FESTIVAL-2022-HOMENATGE-A-EL-PADRINO-594x840.jpg 594w, https:\/\/www.revistarambla.com\/wp-content\/uploads\/2022\/10\/CALELLA-FILM-FESTIVAL-2022-HOMENATGE-A-EL-PADRINO-768x1086.jpg 768w, https:\/\/www.revistarambla.com\/wp-content\/uploads\/2022\/10\/CALELLA-FILM-FESTIVAL-2022-HOMENATGE-A-EL-PADRINO-1086x1536.jpg 1086w, https:\/\/www.revistarambla.com\/wp-content\/uploads\/2022\/10\/CALELLA-FILM-FESTIVAL-2022-HOMENATGE-A-EL-PADRINO-1448x2048.jpg 1448w, https:\/\/www.revistarambla.com\/wp-content\/uploads\/2022\/10\/CALELLA-FILM-FESTIVAL-2022-HOMENATGE-A-EL-PADRINO-8x12.jpg 8w\" sizes=\"(max-width: 1810px) 100vw, 1810px\" \/><\/p>","protected":false},"excerpt":{"rendered":"<p>Desde hoy y hasta el 8 de octubre se proyectar\u00e1n m\u00e1s de 20 pel\u00edculas de calidad, pero que tienen complicado acceder a los grandes canales de distribuci\u00f3n.\u00a0El festival homenajea &#8216;El Padrino&#8217;, la obra de Coppola y Puzo, con un cartel donde aparece la Llopa de Calella, s\u00edmbolo de la ciudad. En la imagen, el director y escritor Ra\u00fcl Portero, quien ha adaptado al cine su novela &#8216;La can\u00e7\u00f3 pop&#8217;<\/p>","protected":false},"author":33,"featured_media":47299,"comment_status":"open","ping_status":"open","sticky":false,"template":"","format":"standard","meta":{"footnotes":""},"categories":[61],"tags":[],"class_list":["post-47298","post","type-post","status-publish","format-standard","has-post-thumbnail","hentry","category-cine"],"yoast_head":"<!-- This site is optimized with the Yoast SEO plugin v27.5 - https:\/\/yoast.com\/product\/yoast-seo-wordpress\/ -->\n<title>El Calella Film Festival apoya al cine independiente: &quot;La can\u00e7\u00f3 pop&quot; abre el Festival de Cine del Maresme - Revista Rambla<\/title>\n<meta name=\"robots\" content=\"index, follow, max-snippet:-1, max-image-preview:large, max-video-preview:-1\" \/>\n<link rel=\"canonical\" href=\"https:\/\/www.revistarambla.com\/en\/el-calella-film-festival-apoya-al-cine-independiente-la-canco-pop-abre-el-festival-de-cine-del-maresme\/\" \/>\n<meta property=\"og:locale\" content=\"en_GB\" \/>\n<meta property=\"og:type\" content=\"article\" \/>\n<meta property=\"og:title\" content=\"El Calella Film Festival apoya al cine independiente: &quot;La can\u00e7\u00f3 pop&quot; abre el Festival de Cine del Maresme - Revista Rambla\" \/>\n<meta property=\"og:description\" content=\"Desde hoy y hasta el 8 de octubre se proyectar\u00e1n m\u00e1s de 20 pel\u00edculas de calidad, pero que tienen complicado acceder a los grandes canales de distribuci\u00f3n.\u00a0El festival homenajea &#039;El Padrino&#039;, la obra de Coppola y Puzo, con un cartel donde aparece la Llopa de Calella, s\u00edmbolo de la ciudad. En la imagen, el director y escritor Ra\u00fcl Portero, quien ha adaptado al cine su novela &#039;La can\u00e7\u00f3 pop&#039;\" \/>\n<meta property=\"og:url\" content=\"https:\/\/www.revistarambla.com\/en\/el-calella-film-festival-apoya-al-cine-independiente-la-canco-pop-abre-el-festival-de-cine-del-maresme\/\" \/>\n<meta property=\"og:site_name\" content=\"Revista Rambla\" \/>\n<meta property=\"article:publisher\" content=\"https:\/\/www.facebook.com\/revistarambla\/\" \/>\n<meta property=\"article:published_time\" content=\"2022-10-01T15:34:29+00:00\" \/>\n<meta property=\"article:modified_time\" content=\"2022-10-01T16:26:21+00:00\" \/>\n<meta property=\"og:image\" content=\"https:\/\/www.revistarambla.com\/wp-content\/uploads\/2022\/10\/Raul-Portero-abre-el-Calella-Film-Festival-con-La-canco-pop.jpg\" \/>\n\t<meta property=\"og:image:width\" content=\"1280\" \/>\n\t<meta property=\"og:image:height\" content=\"960\" \/>\n\t<meta property=\"og:image:type\" content=\"image\/jpeg\" \/>\n<meta name=\"author\" content=\"\u00c0lex M. Franquet\" \/>\n<meta name=\"twitter:card\" content=\"summary_large_image\" \/>\n<meta name=\"twitter:creator\" content=\"@revistarambla\" \/>\n<meta name=\"twitter:site\" content=\"@revistarambla\" \/>\n<meta name=\"twitter:label1\" content=\"Written by\" \/>\n\t<meta name=\"twitter:data1\" content=\"\u00c0lex M. Franquet\" \/>\n\t<meta name=\"twitter:label2\" content=\"Estimated reading time\" \/>\n\t<meta name=\"twitter:data2\" content=\"5 minutes\" \/>\n<script type=\"application\/ld+json\" class=\"yoast-schema-graph\">{\"@context\":\"https:\\\/\\\/schema.org\",\"@graph\":[{\"@type\":\"Article\",\"@id\":\"https:\\\/\\\/www.revistarambla.com\\\/el-calella-film-festival-apoya-al-cine-independiente-la-canco-pop-abre-el-festival-de-cine-del-maresme\\\/#article\",\"isPartOf\":{\"@id\":\"https:\\\/\\\/www.revistarambla.com\\\/el-calella-film-festival-apoya-al-cine-independiente-la-canco-pop-abre-el-festival-de-cine-del-maresme\\\/\"},\"author\":{\"name\":\"\u00c0lex M. Franquet\",\"@id\":\"https:\\\/\\\/www.revistarambla.com\\\/#\\\/schema\\\/person\\\/f970e20c8f452a7910eb4defa5fe7d7d\"},\"headline\":\"El Calella Film Festival apoya al cine independiente: \u00abLa can\u00e7\u00f3 pop\u00bb abre el Festival de Cine del Maresme\",\"datePublished\":\"2022-10-01T15:34:29+00:00\",\"dateModified\":\"2022-10-01T16:26:21+00:00\",\"mainEntityOfPage\":{\"@id\":\"https:\\\/\\\/www.revistarambla.com\\\/el-calella-film-festival-apoya-al-cine-independiente-la-canco-pop-abre-el-festival-de-cine-del-maresme\\\/\"},\"wordCount\":990,\"commentCount\":0,\"publisher\":{\"@id\":\"https:\\\/\\\/www.revistarambla.com\\\/#organization\"},\"image\":{\"@id\":\"https:\\\/\\\/www.revistarambla.com\\\/el-calella-film-festival-apoya-al-cine-independiente-la-canco-pop-abre-el-festival-de-cine-del-maresme\\\/#primaryimage\"},\"thumbnailUrl\":\"https:\\\/\\\/www.revistarambla.com\\\/wp-content\\\/uploads\\\/2022\\\/10\\\/Raul-Portero-abre-el-Calella-Film-Festival-con-La-canco-pop.jpg\",\"articleSection\":[\"Cine &amp; Series\"],\"inLanguage\":\"en-GB\",\"potentialAction\":[{\"@type\":\"CommentAction\",\"name\":\"Comment\",\"target\":[\"https:\\\/\\\/www.revistarambla.com\\\/el-calella-film-festival-apoya-al-cine-independiente-la-canco-pop-abre-el-festival-de-cine-del-maresme\\\/#respond\"]}]},{\"@type\":\"WebPage\",\"@id\":\"https:\\\/\\\/www.revistarambla.com\\\/el-calella-film-festival-apoya-al-cine-independiente-la-canco-pop-abre-el-festival-de-cine-del-maresme\\\/\",\"url\":\"https:\\\/\\\/www.revistarambla.com\\\/el-calella-film-festival-apoya-al-cine-independiente-la-canco-pop-abre-el-festival-de-cine-del-maresme\\\/\",\"name\":\"El Calella Film Festival apoya al cine independiente: \\\"La can\u00e7\u00f3 pop\\\" abre el Festival de Cine del Maresme - Revista Rambla\",\"isPartOf\":{\"@id\":\"https:\\\/\\\/www.revistarambla.com\\\/#website\"},\"primaryImageOfPage\":{\"@id\":\"https:\\\/\\\/www.revistarambla.com\\\/el-calella-film-festival-apoya-al-cine-independiente-la-canco-pop-abre-el-festival-de-cine-del-maresme\\\/#primaryimage\"},\"image\":{\"@id\":\"https:\\\/\\\/www.revistarambla.com\\\/el-calella-film-festival-apoya-al-cine-independiente-la-canco-pop-abre-el-festival-de-cine-del-maresme\\\/#primaryimage\"},\"thumbnailUrl\":\"https:\\\/\\\/www.revistarambla.com\\\/wp-content\\\/uploads\\\/2022\\\/10\\\/Raul-Portero-abre-el-Calella-Film-Festival-con-La-canco-pop.jpg\",\"datePublished\":\"2022-10-01T15:34:29+00:00\",\"dateModified\":\"2022-10-01T16:26:21+00:00\",\"breadcrumb\":{\"@id\":\"https:\\\/\\\/www.revistarambla.com\\\/el-calella-film-festival-apoya-al-cine-independiente-la-canco-pop-abre-el-festival-de-cine-del-maresme\\\/#breadcrumb\"},\"inLanguage\":\"en-GB\",\"potentialAction\":[{\"@type\":\"ReadAction\",\"target\":[\"https:\\\/\\\/www.revistarambla.com\\\/el-calella-film-festival-apoya-al-cine-independiente-la-canco-pop-abre-el-festival-de-cine-del-maresme\\\/\"]}]},{\"@type\":\"ImageObject\",\"inLanguage\":\"en-GB\",\"@id\":\"https:\\\/\\\/www.revistarambla.com\\\/el-calella-film-festival-apoya-al-cine-independiente-la-canco-pop-abre-el-festival-de-cine-del-maresme\\\/#primaryimage\",\"url\":\"https:\\\/\\\/www.revistarambla.com\\\/wp-content\\\/uploads\\\/2022\\\/10\\\/Raul-Portero-abre-el-Calella-Film-Festival-con-La-canco-pop.jpg\",\"contentUrl\":\"https:\\\/\\\/www.revistarambla.com\\\/wp-content\\\/uploads\\\/2022\\\/10\\\/Raul-Portero-abre-el-Calella-Film-Festival-con-La-canco-pop.jpg\",\"width\":1280,\"height\":960},{\"@type\":\"BreadcrumbList\",\"@id\":\"https:\\\/\\\/www.revistarambla.com\\\/el-calella-film-festival-apoya-al-cine-independiente-la-canco-pop-abre-el-festival-de-cine-del-maresme\\\/#breadcrumb\",\"itemListElement\":[{\"@type\":\"ListItem\",\"position\":1,\"name\":\"Portada\",\"item\":\"https:\\\/\\\/www.revistarambla.com\\\/\"},{\"@type\":\"ListItem\",\"position\":2,\"name\":\"El Calella Film Festival apoya al cine independiente: &#8220;La can\u00e7\u00f3 pop&#8221; abre el Festival de Cine del Maresme\"}]},{\"@type\":\"WebSite\",\"@id\":\"https:\\\/\\\/www.revistarambla.com\\\/#website\",\"url\":\"https:\\\/\\\/www.revistarambla.com\\\/\",\"name\":\"Revista Rambla Barcelona\",\"description\":\"Periodismo independiente\",\"publisher\":{\"@id\":\"https:\\\/\\\/www.revistarambla.com\\\/#organization\"},\"potentialAction\":[{\"@type\":\"SearchAction\",\"target\":{\"@type\":\"EntryPoint\",\"urlTemplate\":\"https:\\\/\\\/www.revistarambla.com\\\/?s={search_term_string}\"},\"query-input\":{\"@type\":\"PropertyValueSpecification\",\"valueRequired\":true,\"valueName\":\"search_term_string\"}}],\"inLanguage\":\"en-GB\"},{\"@type\":\"Organization\",\"@id\":\"https:\\\/\\\/www.revistarambla.com\\\/#organization\",\"name\":\"Revista Rambla\",\"url\":\"https:\\\/\\\/www.revistarambla.com\\\/\",\"logo\":{\"@type\":\"ImageObject\",\"inLanguage\":\"en-GB\",\"@id\":\"https:\\\/\\\/www.revistarambla.com\\\/#\\\/schema\\\/logo\\\/image\\\/\",\"url\":\"https:\\\/\\\/www.revistarambla.com\\\/wp-content\\\/uploads\\\/2020\\\/09\\\/banner_rambla_1900x600_BB.png\",\"contentUrl\":\"https:\\\/\\\/www.revistarambla.com\\\/wp-content\\\/uploads\\\/2020\\\/09\\\/banner_rambla_1900x600_BB.png\",\"width\":1900,\"height\":600,\"caption\":\"Revista Rambla\"},\"image\":{\"@id\":\"https:\\\/\\\/www.revistarambla.com\\\/#\\\/schema\\\/logo\\\/image\\\/\"},\"sameAs\":[\"https:\\\/\\\/www.facebook.com\\\/revistarambla\\\/\",\"https:\\\/\\\/x.com\\\/revistarambla\",\"https:\\\/\\\/www.instagram.com\\\/revista_rambla\",\"https:\\\/\\\/es.linkedin.com\\\/company\\\/revista-rambla\"]},{\"@type\":\"Person\",\"@id\":\"https:\\\/\\\/www.revistarambla.com\\\/#\\\/schema\\\/person\\\/f970e20c8f452a7910eb4defa5fe7d7d\",\"name\":\"\u00c0lex M. Franquet\",\"description\":\"-\",\"sameAs\":[\"https:\\\/\\\/www.revistarambla.com\\\/\"]}]}<\/script>\n<!-- \/ Yoast SEO plugin. -->","yoast_head_json":{"title":"El Calella Film Festival apoya al cine independiente: \"La can\u00e7\u00f3 pop\" abre el Festival de Cine del Maresme - Revista Rambla","robots":{"index":"index","follow":"follow","max-snippet":"max-snippet:-1","max-image-preview":"max-image-preview:large","max-video-preview":"max-video-preview:-1"},"canonical":"https:\/\/www.revistarambla.com\/en\/el-calella-film-festival-apoya-al-cine-independiente-la-canco-pop-abre-el-festival-de-cine-del-maresme\/","og_locale":"en_GB","og_type":"article","og_title":"El Calella Film Festival apoya al cine independiente: \"La can\u00e7\u00f3 pop\" abre el Festival de Cine del Maresme - Revista Rambla","og_description":"Desde hoy y hasta el 8 de octubre se proyectar\u00e1n m\u00e1s de 20 pel\u00edculas de calidad, pero que tienen complicado acceder a los grandes canales de distribuci\u00f3n.\u00a0El festival homenajea 'El Padrino', la obra de Coppola y Puzo, con un cartel donde aparece la Llopa de Calella, s\u00edmbolo de la ciudad. En la imagen, el director y escritor Ra\u00fcl Portero, quien ha adaptado al cine su novela 'La can\u00e7\u00f3 pop'","og_url":"https:\/\/www.revistarambla.com\/en\/el-calella-film-festival-apoya-al-cine-independiente-la-canco-pop-abre-el-festival-de-cine-del-maresme\/","og_site_name":"Revista Rambla","article_publisher":"https:\/\/www.facebook.com\/revistarambla\/","article_published_time":"2022-10-01T15:34:29+00:00","article_modified_time":"2022-10-01T16:26:21+00:00","og_image":[{"width":1280,"height":960,"url":"https:\/\/www.revistarambla.com\/wp-content\/uploads\/2022\/10\/Raul-Portero-abre-el-Calella-Film-Festival-con-La-canco-pop.jpg","type":"image\/jpeg"}],"author":"\u00c0lex M. Franquet","twitter_card":"summary_large_image","twitter_creator":"@revistarambla","twitter_site":"@revistarambla","twitter_misc":{"Written by":"\u00c0lex M. Franquet","Estimated reading time":"5 minutes"},"schema":{"@context":"https:\/\/schema.org","@graph":[{"@type":"Article","@id":"https:\/\/www.revistarambla.com\/el-calella-film-festival-apoya-al-cine-independiente-la-canco-pop-abre-el-festival-de-cine-del-maresme\/#article","isPartOf":{"@id":"https:\/\/www.revistarambla.com\/el-calella-film-festival-apoya-al-cine-independiente-la-canco-pop-abre-el-festival-de-cine-del-maresme\/"},"author":{"name":"\u00c0lex M. Franquet","@id":"https:\/\/www.revistarambla.com\/#\/schema\/person\/f970e20c8f452a7910eb4defa5fe7d7d"},"headline":"El Calella Film Festival apoya al cine independiente: \u00abLa can\u00e7\u00f3 pop\u00bb abre el Festival de Cine del Maresme","datePublished":"2022-10-01T15:34:29+00:00","dateModified":"2022-10-01T16:26:21+00:00","mainEntityOfPage":{"@id":"https:\/\/www.revistarambla.com\/el-calella-film-festival-apoya-al-cine-independiente-la-canco-pop-abre-el-festival-de-cine-del-maresme\/"},"wordCount":990,"commentCount":0,"publisher":{"@id":"https:\/\/www.revistarambla.com\/#organization"},"image":{"@id":"https:\/\/www.revistarambla.com\/el-calella-film-festival-apoya-al-cine-independiente-la-canco-pop-abre-el-festival-de-cine-del-maresme\/#primaryimage"},"thumbnailUrl":"https:\/\/www.revistarambla.com\/wp-content\/uploads\/2022\/10\/Raul-Portero-abre-el-Calella-Film-Festival-con-La-canco-pop.jpg","articleSection":["Cine &amp; Series"],"inLanguage":"en-GB","potentialAction":[{"@type":"CommentAction","name":"Comment","target":["https:\/\/www.revistarambla.com\/el-calella-film-festival-apoya-al-cine-independiente-la-canco-pop-abre-el-festival-de-cine-del-maresme\/#respond"]}]},{"@type":"WebPage","@id":"https:\/\/www.revistarambla.com\/el-calella-film-festival-apoya-al-cine-independiente-la-canco-pop-abre-el-festival-de-cine-del-maresme\/","url":"https:\/\/www.revistarambla.com\/el-calella-film-festival-apoya-al-cine-independiente-la-canco-pop-abre-el-festival-de-cine-del-maresme\/","name":"El Calella Film Festival apoya al cine independiente: \"La can\u00e7\u00f3 pop\" abre el Festival de Cine del Maresme - Revista Rambla","isPartOf":{"@id":"https:\/\/www.revistarambla.com\/#website"},"primaryImageOfPage":{"@id":"https:\/\/www.revistarambla.com\/el-calella-film-festival-apoya-al-cine-independiente-la-canco-pop-abre-el-festival-de-cine-del-maresme\/#primaryimage"},"image":{"@id":"https:\/\/www.revistarambla.com\/el-calella-film-festival-apoya-al-cine-independiente-la-canco-pop-abre-el-festival-de-cine-del-maresme\/#primaryimage"},"thumbnailUrl":"https:\/\/www.revistarambla.com\/wp-content\/uploads\/2022\/10\/Raul-Portero-abre-el-Calella-Film-Festival-con-La-canco-pop.jpg","datePublished":"2022-10-01T15:34:29+00:00","dateModified":"2022-10-01T16:26:21+00:00","breadcrumb":{"@id":"https:\/\/www.revistarambla.com\/el-calella-film-festival-apoya-al-cine-independiente-la-canco-pop-abre-el-festival-de-cine-del-maresme\/#breadcrumb"},"inLanguage":"en-GB","potentialAction":[{"@type":"ReadAction","target":["https:\/\/www.revistarambla.com\/el-calella-film-festival-apoya-al-cine-independiente-la-canco-pop-abre-el-festival-de-cine-del-maresme\/"]}]},{"@type":"ImageObject","inLanguage":"en-GB","@id":"https:\/\/www.revistarambla.com\/el-calella-film-festival-apoya-al-cine-independiente-la-canco-pop-abre-el-festival-de-cine-del-maresme\/#primaryimage","url":"https:\/\/www.revistarambla.com\/wp-content\/uploads\/2022\/10\/Raul-Portero-abre-el-Calella-Film-Festival-con-La-canco-pop.jpg","contentUrl":"https:\/\/www.revistarambla.com\/wp-content\/uploads\/2022\/10\/Raul-Portero-abre-el-Calella-Film-Festival-con-La-canco-pop.jpg","width":1280,"height":960},{"@type":"BreadcrumbList","@id":"https:\/\/www.revistarambla.com\/el-calella-film-festival-apoya-al-cine-independiente-la-canco-pop-abre-el-festival-de-cine-del-maresme\/#breadcrumb","itemListElement":[{"@type":"ListItem","position":1,"name":"Portada","item":"https:\/\/www.revistarambla.com\/"},{"@type":"ListItem","position":2,"name":"El Calella Film Festival apoya al cine independiente: &#8220;La can\u00e7\u00f3 pop&#8221; abre el Festival de Cine del Maresme"}]},{"@type":"WebSite","@id":"https:\/\/www.revistarambla.com\/#website","url":"https:\/\/www.revistarambla.com\/","name":"Revista Rambla Barcelona","description":"Periodismo independiente","publisher":{"@id":"https:\/\/www.revistarambla.com\/#organization"},"potentialAction":[{"@type":"SearchAction","target":{"@type":"EntryPoint","urlTemplate":"https:\/\/www.revistarambla.com\/?s={search_term_string}"},"query-input":{"@type":"PropertyValueSpecification","valueRequired":true,"valueName":"search_term_string"}}],"inLanguage":"en-GB"},{"@type":"Organization","@id":"https:\/\/www.revistarambla.com\/#organization","name":"Revista Rambla","url":"https:\/\/www.revistarambla.com\/","logo":{"@type":"ImageObject","inLanguage":"en-GB","@id":"https:\/\/www.revistarambla.com\/#\/schema\/logo\/image\/","url":"https:\/\/www.revistarambla.com\/wp-content\/uploads\/2020\/09\/banner_rambla_1900x600_BB.png","contentUrl":"https:\/\/www.revistarambla.com\/wp-content\/uploads\/2020\/09\/banner_rambla_1900x600_BB.png","width":1900,"height":600,"caption":"Revista Rambla"},"image":{"@id":"https:\/\/www.revistarambla.com\/#\/schema\/logo\/image\/"},"sameAs":["https:\/\/www.facebook.com\/revistarambla\/","https:\/\/x.com\/revistarambla","https:\/\/www.instagram.com\/revista_rambla","https:\/\/es.linkedin.com\/company\/revista-rambla"]},{"@type":"Person","@id":"https:\/\/www.revistarambla.com\/#\/schema\/person\/f970e20c8f452a7910eb4defa5fe7d7d","name":"\u00c0lex M. Franquet","description":"-","sameAs":["https:\/\/www.revistarambla.com\/"]}]}},"_links":{"self":[{"href":"https:\/\/www.revistarambla.com\/en\/wp-json\/wp\/v2\/posts\/47298","targetHints":{"allow":["GET"]}}],"collection":[{"href":"https:\/\/www.revistarambla.com\/en\/wp-json\/wp\/v2\/posts"}],"about":[{"href":"https:\/\/www.revistarambla.com\/en\/wp-json\/wp\/v2\/types\/post"}],"author":[{"embeddable":true,"href":"https:\/\/www.revistarambla.com\/en\/wp-json\/wp\/v2\/users\/33"}],"replies":[{"embeddable":true,"href":"https:\/\/www.revistarambla.com\/en\/wp-json\/wp\/v2\/comments?post=47298"}],"version-history":[{"count":4,"href":"https:\/\/www.revistarambla.com\/en\/wp-json\/wp\/v2\/posts\/47298\/revisions"}],"predecessor-version":[{"id":47310,"href":"https:\/\/www.revistarambla.com\/en\/wp-json\/wp\/v2\/posts\/47298\/revisions\/47310"}],"wp:featuredmedia":[{"embeddable":true,"href":"https:\/\/www.revistarambla.com\/en\/wp-json\/wp\/v2\/media\/47299"}],"wp:attachment":[{"href":"https:\/\/www.revistarambla.com\/en\/wp-json\/wp\/v2\/media?parent=47298"}],"wp:term":[{"taxonomy":"category","embeddable":true,"href":"https:\/\/www.revistarambla.com\/en\/wp-json\/wp\/v2\/categories?post=47298"},{"taxonomy":"post_tag","embeddable":true,"href":"https:\/\/www.revistarambla.com\/en\/wp-json\/wp\/v2\/tags?post=47298"}],"curies":[{"name":"wp","href":"https:\/\/api.w.org\/{rel}","templated":true}]}}