{"id":4693,"date":"2014-01-24T12:01:33","date_gmt":"2014-01-24T12:01:33","guid":{"rendered":"https:\/\/www.revistarambla.com\/la-politica-energetica-del-gobierno-va-en-contra-del-sentido-comun-que-deberia-ser-realizar-un-uso-adecuado-de-los-recursos-disponibles-y-buscar-la-eficiencia\/"},"modified":"2019-09-30T17:11:28","modified_gmt":"2019-09-30T15:11:28","slug":"la-politica-energetica-del-gobierno-va-en-contra-del-sentido-comun-que-deberia-ser-realizar-un-uso-adecuado-de-los-recursos-disponibles-y-buscar-la-eficiencia","status":"publish","type":"post","link":"https:\/\/www.revistarambla.com\/en\/la-politica-energetica-del-gobierno-va-en-contra-del-sentido-comun-que-deberia-ser-realizar-un-uso-adecuado-de-los-recursos-disponibles-y-buscar-la-eficiencia\/","title":{"rendered":"LA POL\u00cdTICA ENERG\u00c9TICA DEL GOBIERNO VA EN CONTRA DEL SENTIDO COM\u00daN"},"content":{"rendered":"<p> \t<img decoding=\"async\" class=\"alignleft size-full wp-image-4689\" alt=\"alt\" src=\"https:\/\/www.revistarambla.com\/wp-content\/uploads\/2014\/01\/ENERGIA_RAMBLA_01.jpg\" style=\"width: 682px; height: 450px; margin-left: 9px; margin-right: 9px; float: left;\" width=\"682\" height=\"450\" srcset=\"https:\/\/www.revistarambla.com\/wp-content\/uploads\/2014\/01\/ENERGIA_RAMBLA_01.jpg 682w, https:\/\/www.revistarambla.com\/wp-content\/uploads\/2014\/01\/ENERGIA_RAMBLA_01-300x198.jpg 300w, https:\/\/www.revistarambla.com\/wp-content\/uploads\/2014\/01\/ENERGIA_RAMBLA_01-500x330.jpg 500w\" sizes=\"(max-width: 682px) 100vw, 682px\" \/>El <span data-scayt_word=\"cambio\" data-scaytid=\"1\">cambio<\/span> de <span data-scayt_word=\"modelo\" data-scaytid=\"3\">modelo<\/span> <span data-scayt_word=\"energ\u00e9tico\" data-scaytid=\"5\">energ\u00e9tico<\/span> <span data-scayt_word=\"moviliz\u00f3\" data-scaytid=\"7\">moviliz\u00f3<\/span> a los <span data-scayt_word=\"fundadores\" data-scaytid=\"9\">fundadores<\/span> de <a target=\"_BLANK\" rel=\"noopener noreferrer\"><span data-scayt_word=\"Som\" data-scaytid=\"11\">Som<\/span> <span data-scayt_word=\"Energia\" data-scaytid=\"13\">Energia<\/span><\/a>. La <span data-scayt_word=\"primera\" data-scaytid=\"15\">primera<\/span> <span data-scayt_word=\"cooperativa\" data-scaytid=\"16\">cooperativa<\/span> <span data-scayt_word=\"que\" data-scaytid=\"17\">que<\/span> <span data-scayt_word=\"ofrece\" data-scaytid=\"18\">ofrece<\/span> la <span data-scayt_word=\"posibilidad\" data-scaytid=\"19\">posibilidad<\/span> de <span data-scayt_word=\"consumir\" data-scaytid=\"20\">consumir<\/span> (y <span data-scayt_word=\"producir\" data-scaytid=\"21\">producir<\/span>) <span data-scayt_word=\"energ\u00eda\" data-scaytid=\"22\">energ\u00eda<\/span> de <span data-scayt_word=\"fuentes\" data-scaytid=\"23\">fuentes<\/span> <span data-scayt_word=\"renovables\" data-scaytid=\"24\">renovables<\/span> <span data-scayt_word=\"ech\u00f3\" data-scaytid=\"25\">ech\u00f3<\/span> a <span data-scayt_word=\"rodar\" data-scaytid=\"26\">rodar<\/span> <span data-scayt_word=\"hace\" data-scaytid=\"27\">hace<\/span> <span data-scayt_word=\"tres\" data-scaytid=\"28\">tres<\/span> <span data-scayt_word=\"a\u00f1os\" data-scaytid=\"29\">a\u00f1os<\/span><\/p>\n<p> \t\u00a0<\/p>\n<p> \t\u00a0<\/p>\n<p> \t\u00a0<\/p>\n<p>  <!--more-->  <\/p>\n<p> \t\u00a0<\/p>\n<p> \t<strong>El <span data-scayt_word=\"cambio\" data-scaytid=\"2\">cambio<\/span> de <span data-scayt_word=\"modelo\" data-scaytid=\"4\">modelo<\/span> <span data-scayt_word=\"energ\u00e9tico\" data-scaytid=\"6\">energ\u00e9tico<\/span> <span data-scayt_word=\"moviliz\u00f3\" data-scaytid=\"8\">moviliz\u00f3<\/span> a los <span data-scayt_word=\"fundadores\" data-scaytid=\"10\">fundadores<\/span> de <a target=\"_BLANK\" rel=\"noopener noreferrer\"><span data-scayt_word=\"Som\" data-scaytid=\"12\">Som<\/span> <span data-scayt_word=\"Energia\" data-scaytid=\"14\">Energia<\/span><\/a>. La <span data-scayt_word=\"primera\" data-scaytid=\"59\">primera<\/span> <span data-scayt_word=\"cooperativa\" data-scaytid=\"60\">cooperativa<\/span> <span data-scayt_word=\"que\" data-scaytid=\"63\">que<\/span> <span data-scayt_word=\"ofrece\" data-scaytid=\"66\">ofrece<\/span> la <span data-scayt_word=\"posibilidad\" data-scaytid=\"67\">posibilidad<\/span> de <span data-scayt_word=\"consumir\" data-scaytid=\"68\">consumir<\/span> (y <span data-scayt_word=\"producir\" data-scaytid=\"69\">producir<\/span>) <span data-scayt_word=\"energ\u00eda\" data-scaytid=\"70\">energ\u00eda<\/span> de <span data-scayt_word=\"fuentes\" data-scaytid=\"72\">fuentes<\/span> <span data-scayt_word=\"renovables\" data-scaytid=\"73\">renovables<\/span> <span data-scayt_word=\"ech\u00f3\" data-scaytid=\"74\">ech\u00f3<\/span> a <span data-scayt_word=\"rodar\" data-scaytid=\"75\">rodar<\/span> <span data-scayt_word=\"hace\" data-scaytid=\"76\">hace<\/span> <span data-scayt_word=\"tres\" data-scaytid=\"77\">tres<\/span> <span data-scayt_word=\"a\u00f1os\" data-scaytid=\"78\">a\u00f1os<\/span> y <span data-scayt_word=\"ya\" data-scaytid=\"128\">ya<\/span> <span data-scayt_word=\"supera\" data-scaytid=\"129\">supera<\/span> los 11.000 <span data-scayt_word=\"socios\" data-scaytid=\"130\">socios<\/span>, con <span data-scayt_word=\"las\" data-scaytid=\"131\">las<\/span> <span data-scayt_word=\"redes\" data-scaytid=\"133\">redes<\/span> <span data-scayt_word=\"extendidas\" data-scaytid=\"134\">extendidas<\/span> <span data-scayt_word=\"por\" data-scaytid=\"135\">por<\/span> <span data-scayt_word=\"todos\" data-scaytid=\"138\">todos<\/span> los <span data-scayt_word=\"rincones\" data-scaytid=\"139\">rincones<\/span> de la <span data-scayt_word=\"geograf\u00eda\" data-scaytid=\"140\">geograf\u00eda<\/span> <span data-scayt_word=\"espa\u00f1ola\" data-scaytid=\"141\">espa\u00f1ola<\/span>.\u00a0 El <span data-scayt_word=\"responsable\" data-scaytid=\"142\">responsable<\/span> de <span data-scayt_word=\"comunicaci\u00f3n\" data-scaytid=\"143\">comunicaci\u00f3n<\/span> de la <span data-scayt_word=\"cooperativa\" data-scaytid=\"61\">cooperativa<\/span>, Marc <span data-scayt_word=\"Rosell\u00f3\" data-scaytid=\"144\">Rosell\u00f3<\/span>, se <span data-scayt_word=\"muestra\" data-scaytid=\"145\">muestra<\/span> <span data-scayt_word=\"cr\u00edtico\" data-scaytid=\"146\">cr\u00edtico<\/span> con <span data-scayt_word=\"las\" data-scaytid=\"132\">las<\/span> <span data-scayt_word=\"medidas\" data-scaytid=\"147\">medidas<\/span> <span data-scayt_word=\"energ\u00e9ticas\" data-scaytid=\"148\">energ\u00e9ticas<\/span> <span data-scayt_word=\"impulsadas\" data-scaytid=\"149\">impulsadas<\/span> <span data-scayt_word=\"por\" data-scaytid=\"136\">por<\/span> el <span data-scayt_word=\"Gobierno\" data-scaytid=\"150\">Gobierno<\/span> de Mariano <span data-scayt_word=\"Rajoy\" data-scaytid=\"151\">Rajoy<\/span> y la <span data-scayt_word=\"connivencia\" data-scaytid=\"152\">connivencia<\/span> <span data-scayt_word=\"entre\" data-scaytid=\"153\">entre<\/span> <span data-scayt_word=\"intereses\" data-scaytid=\"154\">intereses<\/span> <span data-scayt_word=\"pol\u00edticos\" data-scaytid=\"155\">pol\u00edticos<\/span> y <span data-scayt_word=\"empresariales\" data-scaytid=\"156\">empresariales<\/span> <span data-scayt_word=\"que\" data-scaytid=\"64\">que<\/span> <span data-scayt_word=\"frenan\" data-scaytid=\"157\">frenan<\/span> el <span data-scayt_word=\"desarrollo\" data-scaytid=\"158\">desarrollo<\/span> de <span data-scayt_word=\"iniciativas\" data-scaytid=\"159\">iniciativas<\/span> <span data-scayt_word=\"que\" data-scaytid=\"65\">que<\/span> <span data-scayt_word=\"apuestan\" data-scaytid=\"160\">apuestan<\/span> <span data-scayt_word=\"por\" data-scaytid=\"137\">por<\/span> el <span data-scayt_word=\"uso\" data-scaytid=\"161\">uso<\/span> <span data-scayt_word=\"racional\" data-scaytid=\"162\">racional<\/span> y <span data-scayt_word=\"eficiente\" data-scaytid=\"163\">eficiente<\/span> de la <span data-scayt_word=\"energ\u00eda\" data-scaytid=\"71\">energ\u00eda<\/span>.<\/strong><\/p>\n<p> \t\u00a0<\/p>\n<p> \t<strong><img decoding=\"async\" class=\"size-full wp-image-4690\" alt=\"alt\" src=\"https:\/\/www.revistarambla.com\/wp-content\/uploads\/2014\/01\/ENERGIA_RAMBLA_02.jpg\" style=\"width: 700px; height: 462px;\" width=\"700\" height=\"462\" srcset=\"https:\/\/www.revistarambla.com\/wp-content\/uploads\/2014\/01\/ENERGIA_RAMBLA_02.jpg 700w, https:\/\/www.revistarambla.com\/wp-content\/uploads\/2014\/01\/ENERGIA_RAMBLA_02-300x198.jpg 300w, https:\/\/www.revistarambla.com\/wp-content\/uploads\/2014\/01\/ENERGIA_RAMBLA_02-500x330.jpg 500w\" sizes=\"(max-width: 700px) 100vw, 700px\" \/><\/strong><\/p>\n<p> \t\u00a0<\/p>\n<p> \t<strong>\u00bf<span data-scayt_word=\"C\u00f3mo\" data-scaytid=\"164\">C\u00f3mo<\/span> <span data-scayt_word=\"aparece\" data-scaytid=\"165\">aparece<\/span> <span data-scayt_word=\"una\" data-scaytid=\"166\">una<\/span> <span data-scayt_word=\"cooperativa\" data-scaytid=\"62\">cooperativa<\/span> de <span data-scayt_word=\"este\" data-scaytid=\"167\">este<\/span> <span data-scayt_word=\"tipo\" data-scaytid=\"168\">tipo<\/span>?<\/strong><\/p>\n<p> \t\u00a0<\/p>\n<p> \tSurge para intentar replicar un modelo de cooperativas ya existente en Europa, tanto a nivel de consumidores como de productores de energ\u00edas renovables. Unas iniciativas que hab\u00edan demostrado que se puede generar una transformaci\u00f3n social en un entorno con el cambio de modelo energ\u00e9tico.\u00a0 Cooperativas como Ecopower, que supera los 40.000 asociados, o Enecorp, ahora mismo se est\u00e1n creando un gran n\u00famero de cooperativas energ\u00e9ticas en Europa. Si queremos un cambio real, necesitamos llegar a una gran masa social<\/p>\n<p> \t\u00a0<\/p>\n<p> \t<strong>\u00bfQu\u00e9 es necesario cambiar en el modelo energ\u00e9tico?<\/strong><\/p>\n<p> \t\u00a0<\/p>\n<p> \tBuscamos un modelo basado 100% en energ\u00edas renovables, en una mejora del uso y de la eficiencia de la energ\u00eda, pero tambi\u00e9n de un modelo distribuido que huye de las grandes centrales que concentran el poder. Peque\u00f1as centrales, de proximidad, lo que evita p\u00e9rdidas en el transporte de la energ\u00eda y que las personas formen parte de este modelo. El sol llega a todos sitios, el petroleo, en cambio, no, tampoco tenemos minas de uranio en el patio de casa. S\u00ed que es cierto que el modelo de las renovables es un modelo distribuido y democratizador de la energ\u00eda. Nos ayuda a ejercer un control y a decidir sobre qu\u00e9 energ\u00edas podemos y queremos usar. En este sentido, en los proyectos en que trabajamos buscamos un equilibrio entre producci\u00f3n y su uso cercano. El cambio, por desgracia, viene m\u00e1s de las personas que de las instituciones.<\/p>\n<p> \t\u00a0<\/p>\n<p> \t<strong><img decoding=\"async\" class=\"alignright size-full wp-image-4691\" alt=\"alt\" src=\"https:\/\/www.revistarambla.com\/wp-content\/uploads\/2014\/01\/ENERGIA_RAMBLA_03.jpg\" style=\"width: 260px; height: 466px; margin-left: 9px; margin-right: 9px; float: right;\" width=\"260\" height=\"466\" srcset=\"https:\/\/www.revistarambla.com\/wp-content\/uploads\/2014\/01\/ENERGIA_RAMBLA_03.jpg 260w, https:\/\/www.revistarambla.com\/wp-content\/uploads\/2014\/01\/ENERGIA_RAMBLA_03-167x300.jpg 167w\" sizes=\"(max-width: 260px) 100vw, 260px\" \/>La retirada de las subvenciones a las renovables parece que ha frenado su implantaci\u00f3n.<\/strong><\/p>\n<p> \t\u00a0<\/p>\n<p> \tHa provocado un paro absoluto, pero en cierto modo este freno se produjo ya en 2012, los \u00faltimos proyectos en desarrollo se han podido alargar hasta este pasado mes de marzo. Desde entonces, la derogaci\u00f3n de los decretos de apoyo a las renovables nos ha dejado en la incerteza m\u00e1s absoluta porque no hay nada definido. Adem\u00e1s de alargar los per\u00edodos de amortizaci\u00f3n de las instalaciones. Si como m\u00ednimo se hubiese creado un marco de trabajo, bueno o malo, pero as\u00ed podr\u00edamos saber a que atenernos y como trabajar, pero no hay nada de esto. El movimiento en este aspecto ha sido cero, y nadie se atreve a dar un paso, porque no se sabe que nos podremos encontrar en un futuro. Estas decisiones tomadas desde el Gobierno han creado una enorme inseguridad jur\u00eddica. Y hay que recordar que el petr\u00f3leo barato se ha acabado, las prospecciones se realizan cada vez m\u00e1s en zonas de alto valor natural y el impacto ecol\u00f3gico es enorme.<\/p>\n<p> \t\u00a0<\/p>\n<p> \t<strong>El sector energ\u00e9tico parece afectado por cierta confusi\u00f3n.<\/strong><\/p>\n<p> \t\u00a0<\/p>\n<p> \tNo es confuso porque no hay nada, se derogaron las ayudas las renovables y se habl\u00f3 de instaurar un nuevo sistema, y en ese punto estamos.\u00a0 Es una situaci\u00f3n extra\u00f1a, sobre todo por los cambios en la tarifa el\u00e9ctrica, que dan m\u00e1s peso a la parte fija, lo que desincentiva el ahorro y frena cualquier medida de eficiencia energ\u00e9tica. Adem\u00e1s, se liquida la autoproducci\u00f3n dom\u00e9stica. La realidad es que no sabemos en qu\u00e9 margenes nos podemos mover, m\u00e1s con la amenaza de sanciones encima.<\/p>\n<p> \t\u00a0<\/p>\n<p> \t<strong>\u00bfQu\u00e9 camino sigue la pol\u00edtica energ\u00e9tica del Gobierno?<\/strong><\/p>\n<p> \t\u00a0<\/p>\n<p> \tLa pol\u00edtica energ\u00e9tica del Gobierno va en contra del sentido com\u00fan, que deber\u00eda ser realizar un uso adecuado de los recursos disponibles y buscar la eficiencia. Pero nos encontramos que todo lo realizado hasta ahora va en la direcci\u00f3n contraria. La m\u00e1xima prioridad del ministerio es mantener unos ingresos a trav\u00e9s de la factura el\u00e9ctrica. La deriva que ha tomado la pol\u00edtica energ\u00e9tica es preocupante. En este caso, la m\u00e1scara se la han quitado totalmente. Parece que lo \u00fanico que importa es proteger los intereses privados de un oligopolio en detrimento de los intereses generales, y no s\u00f3lo de los consumidores, sino que estos intereses se pueden extender a la lucha contra el cambio clim\u00e1tico. Tambi\u00e9n esta potenciar un sector emergente para la econom\u00eda, que sirva para reducir la dependencia energ\u00e9tica del exterior y de los combustibles f\u00f3siles.<\/p>\n<p> \t\u00a0<\/p>\n<p> \t<strong>\u00bfLa pol\u00edtica energ\u00e9tica viene marcada desde las empresas del sector?<\/strong><\/p>\n<p> \t\u00a0<\/p>\n<p> \tA veces se puede dudar de si esta connivencia pol\u00edtico-empresarial se produce con tanta frecuencia como se denuncia, pero en este caso la evidencia es esta. En un momento en que el consumo se reduce por la crisis, en que las renovables comienzan a tener peso en el sistema el\u00e9ctrico y a desbancar inversiones en gas de las grandes empresas, se lanza un ataque directo a las renovables. Ahora que cualquier persona se puede colocar unas placas solares y producir energ\u00eda, que sale m\u00e1s barata que la comprada en la red, pasamos de primar a las renovables, a penalizarlas. Es algo que no se entiende.<\/p>\n<p> \t\u00a0<\/p>\n<p> \t<strong>\u00bfSe persigue el autoconsumo y la producci\u00f3n propia de energ\u00eda?<\/strong><\/p>\n<p> \t\u00a0<\/p>\n<p> \tSi, es evidente. El autoconsumo es un elemento de eficiencia, de reducci\u00f3n de la factura el\u00e9ctrica, adem\u00e1s de constituir una amenaza para el mantenimiento del <em>statu quo<\/em>. Es as\u00ed.<\/p>\n<p> \t\u00a0<\/p>\n<p> \t<strong>En 2010, el 35% de la electricidad proven\u00eda de energ\u00edas renovables. Con una evoluci\u00f3n as\u00ed, en 2050 se podr\u00eda alcanzar el 100%.<\/strong><\/p>\n<p> \tLa progresi\u00f3n era esta, pero este crecimiento hace tambalear un modelo que lleva d\u00e9cadas ligado a unas determinadas estructuras de poder. Hay que pensar que el modelo distribuido hace todo m\u00e1s democr\u00e1tico y reduce de manera importante la dependencia. Adem\u00e1s, lleva a preguntarnos de d\u00f3nde surge ese d\u00e9ficit tarifario. Cuando se pide una auditor\u00eda del sector energ\u00e9tico para conocer su origen y poder establecer una serie de medidas, el Congreso de los Diputados la rechaza en votaci\u00f3n.<\/p>\n<p> \t\u00a0<\/p>\n<p> \t<strong>\u00bfLas razones?<\/strong><\/p>\n<p> \t\u00a0<\/p>\n<p> \tBueno, tanto el PP como el PSOE decidieron que no era el momento de una auditor\u00eda. Una excusa. Pero cuando se habla de la existencia de un d\u00e9ficit tarifario que alcanza los 30.000 millones de euros, un d\u00e9ficit que lo condiciona todo, parece que ha llegado el momento de conocer como se encuentra el sector, de realizar una auditor\u00eda. Si no se quiere hacer, no se puede comprender la exigencia en el pago de una deuda que no se quiere auditar.<\/p>\n<p> \t\u00a0<\/p>\n<p> \t<strong>\u00bfSabemos por qu\u00e9 pagamos lo que pagamos?<\/strong><\/p>\n<p> \t\u00a0<\/p>\n<p> \tEs complicado saberlo ahora mismo. Se han ido a\u00f1adiendo demasiados conceptos, aunque creo que la factura es sencilla de entender. Hay una parte fija y una variable. El problema llega cuando queremos saber porque estamos pagando determinados conceptos. De qu\u00e9 forma se utilizan esos ingresos, aqu\u00ed es donde falta transparencia. La gente tiene que entender que pagamos por la prima a las renovables, pero tambi\u00e9n por centrales de gas de ciclo combinado paradas, por si acaso un d\u00eda se necesitan, por la moratoria nuclear, por las primas al carb\u00f3n de producci\u00f3n nacional, quiz\u00e1s tambi\u00e9n se paga porque algunos pol\u00edticos puedan ser contratados m\u00e1s tarde por las compa\u00f1\u00edas el\u00e9ctricas.<\/p>\n<p> \t\u00a0<\/p>\n<p> \t<strong>Nadie parece estar dispuesto a asumir el coste pol\u00edtico de una reforma del sector.<\/strong><\/p>\n<p> \t\u00a0<\/p>\n<p> \tPor lo que parece no. Puede que esto ocurra por tener antiguos compa\u00f1eros en los consejos de direcci\u00f3n. No s\u00e9 si es el pez que se muerde la cola, pero parece que los pol\u00edticos no son capaces de enfrentarse a un oligopolio de este tipo, que controla el 70% de la producci\u00f3n. Falta un an\u00e1lisis profundo de la cuesti\u00f3n, las empresas el\u00e9ctricas espa\u00f1olas han ganado el doble que la media del sector en Europa, luego hablan de un d\u00e9ficit&#8230;<\/p>\n<p> \t\u00a0<\/p>\n<p> \t<strong>Dicen que no se cubren los costos<\/strong><\/p>\n<p> \t\u00a0<\/p>\n<p> \tPorque se les paga por unos costos reconocidos por ellas y aceptados por el Gobierno. Es un costo reconocido, lo que no quiere decir que sea real. En 2008, por ejemplo, hubo una reducci\u00f3n en el consumo, sin embargo los gastos declarados por las empresas en la distribuci\u00f3n fueron m\u00e1s altos. Hay cosas que no tienen ninguna l\u00f3gica.<\/p>\n<p> \t\u00a0<\/p>\n<p> \t<strong>Con m\u00e1s de 11.000 cooperativistas y diversos proyectos en funcionamiento, \u00bfse ha despertado el inter\u00e9s de las administraciones por el uso de energ\u00edas renovables?<\/strong><\/p>\n<p> \t\u00a0<\/p>\n<p> \tEl 60% de los socios son de Catalu\u00f1a, el resto est\u00e1n muy repartidos por el resto del pa\u00eds, pero el hecho es que se est\u00e1 creciendo porque hay cada vez m\u00e1s inter\u00e9s en c\u00f3mo producimos y consumimos la energ\u00eda. En cuanto a las administraciones, a nivel municipal s\u00ed que existe un gran inter\u00e9s por el uso de las energ\u00edas renovables, y de hecho, muchos ayuntamientos han hecho un gran esfuerzo por dotarse de instalaciones que les permitan proveerse de energ\u00eda, pero los cambios en la legislaci\u00f3n estatal han frenado todo esto y no hay ning\u00fan avance. Para las administraciones locales, las renovables son un elemento muy valioso ya que facilita la aplicaci\u00f3n de medidas de eficiencia energ\u00e9tica y de ahorro. En este pa\u00eds falta el apoyo que se da en la mayor\u00eda de estados de la Uni\u00f3n Europea y el mensaje que queda es que hagas lo que hagas, se acabar\u00e1 pagando.<\/p>\n<p> \t\u00a0<\/p>\n<p> \t<strong>Uno de los aspectos m\u00e1s controvertidos de las medidas que el Gobierno busca aplicar en el sector energ\u00e9tico es la realizaci\u00f3n de inspecciones, con las consiguientes multas por infracciones que podr\u00edan alcanzar los 60 millones de euros.<\/strong><\/p>\n<p> \t\u00a0<\/p>\n<p> \tDe momento es s\u00f3lo un borrador, pero s\u00ed. Las multas que se impongan ser\u00e1n tres veces superior al ahorro conseguido. Es una penalizaci\u00f3n del autoconsumo que no se entiende, aqu\u00ed y menos en Europa. Se han preocupado porque sea una infracci\u00f3n grave tener una instalaci\u00f3n de autonconsumo.\u00a0 Han elevado las cuant\u00edas de las multas casi al nivel de un accidente nuclear. La amenaza es totalmente desmesurada.<\/p>\n<p> \t\u00a0<\/p>\n<p> \t<strong>El Gobierno no aplica las directivas europeas sobre energ\u00eda, \u00bfhay miedo al cambio en el sector?<\/strong><\/p>\n<p> \t\u00a0<\/p>\n<p> \tEl Gobierno de Espa\u00f1a ignora las directivas en este sentido. El acceso a la energ\u00eda, las implantaci\u00f3n de medidas que faciliten la producci\u00f3n propia y el autoconsumo son elementos de salud democr\u00e1tica. En el resto de la Uni\u00f3n Europea, los gobiernos, los organismos reguladores han desarrollado una liberalizaci\u00f3n del mercado m\u00e1s adecuada y sin las presiones de un oligopolio. Aqu\u00ed, no se ha hecho del todo bien, quiz\u00e1s por la falta de salud democr\u00e1tica.<\/p>\n<p> \t\u00a0<\/p>\n<p> \t<em><strong>\u00bfSe puede sustituir la dependencia energ\u00e9tica de, por ejemplo, la energ\u00eda nuclear, por las energ\u00edas renovables?<\/strong><\/em><\/p>\n<p> \t<em>Deber\u00eda poder ser as\u00ed. Por nosotros mismos y por los que vendr\u00e1n, pero esto depender\u00e1 de la presi\u00f3n popular que hagamos, tanto como ciudadanos como consumidores. La energ\u00eda nuclear, y hay varios ejemplos conocidos por todos, no llega a ser segura. Es un peligro latente. Sus residuos son de alta actividad, emiten altas dosis de radiaci\u00f3n y su vida activa se alarga miles de a\u00f1os. Por otra parte, sale muy cara porque est\u00e1 muy subvencionada. El uso de una central no se puede alargar m\u00e1s de 40 a\u00f1os y su desmantelamiento supone un coste muy alto, por costes y por recursos destinados. A todo esto, se puede sumar que un modelo energ\u00e9tico que apuesta por centrales nucleares, o grandes centrales de otro tipo, provoca que los beneficios econ\u00f3micos se concentren en pocas manos y sea casi imposible que se reinviertan en la sociedad.<\/em><\/p>\n<p> \t\u00a0<\/p>\n<p> \t\u00a0<\/p>\n<p> \t<strong>Una de las fuentes renovables es la biomasa, \u00bfsu impacto ecol\u00f3gico es compatible con el social?<\/strong><\/p>\n<p> \t\u00a0<\/p>\n<p> \tLa biomasa despierta siempre cierto debate, que no escapa al resto de las renovables como la fotovoltaica, la e\u00f3lica&#8230; Creemos que no podemos apostar por una \u00fanica fuente de energ\u00eda renovable, apostamos por todas y tambi\u00e9n por todos los niveles de uso de energ\u00eda, el el\u00e9ctrico y el t\u00e9rmico. En este \u00faltimo uso, la biomasa, tanto como aprovechamiento de los residuos forestales como en biocombustible, ofrece grandes beneficios. Siempre hemos trabajado con la biomasa con el ojo puesto en su uso t\u00e9rmico. A esto, se le puede sumar el aprovechamiento de un recurso propio y renovable, que existe a nivel local. Las instalaciones de biomasa ayudan a la econom\u00eda local y ofrecen una salida laboral en zonas rurales muy castigadas por el despoblamiento.<\/p>\n<p> \t\u00a0<\/p>\n<p> \t<img decoding=\"async\" class=\"size-full wp-image-4692\" alt=\"alt\" src=\"https:\/\/www.revistarambla.com\/wp-content\/uploads\/2014\/01\/ENERGIA_RAMBLA_04.jpg\" style=\"width: 700px; height: 389px;\" width=\"700\" height=\"389\" srcset=\"https:\/\/www.revistarambla.com\/wp-content\/uploads\/2014\/01\/ENERGIA_RAMBLA_04.jpg 700w, https:\/\/www.revistarambla.com\/wp-content\/uploads\/2014\/01\/ENERGIA_RAMBLA_04-300x167.jpg 300w, https:\/\/www.revistarambla.com\/wp-content\/uploads\/2014\/01\/ENERGIA_RAMBLA_04-500x278.jpg 500w\" sizes=\"(max-width: 700px) 100vw, 700px\" \/><\/p>\n<p> \t\u00a0<\/p>\n<p> \t\u00a0<\/p>","protected":false},"excerpt":{"rendered":"<p>El cambio de modelo energ\u00e9tico moviliz\u00f3 a los fundadores de Som Energia. La primera cooperativa que ofrece la posibilidad de consumir (y producir) energ\u00eda de fuentes renovables ech\u00f3 a rodar hace tres a\u00f1os \u00a0 \u00a0 \u00a0<\/p>","protected":false},"author":1,"featured_media":0,"comment_status":"open","ping_status":"open","sticky":false,"template":"","format":"standard","meta":{"footnotes":""},"categories":[3,58],"tags":[],"class_list":["post-4693","post","type-post","status-publish","format-standard","hentry","category-actualidad","category-estado-espanol"],"yoast_head":"<!-- This site is optimized with the Yoast SEO plugin v27.5 - https:\/\/yoast.com\/product\/yoast-seo-wordpress\/ -->\n<title>LA POL\u00cdTICA ENERG\u00c9TICA DEL GOBIERNO VA EN CONTRA DEL SENTIDO COM\u00daN - Revista Rambla<\/title>\n<meta name=\"robots\" content=\"index, follow, max-snippet:-1, max-image-preview:large, max-video-preview:-1\" \/>\n<link rel=\"canonical\" href=\"https:\/\/www.revistarambla.com\/en\/la-politica-energetica-del-gobierno-va-en-contra-del-sentido-comun-que-deberia-ser-realizar-un-uso-adecuado-de-los-recursos-disponibles-y-buscar-la-eficiencia\/\" \/>\n<meta property=\"og:locale\" content=\"en_GB\" \/>\n<meta property=\"og:type\" content=\"article\" \/>\n<meta property=\"og:title\" content=\"LA POL\u00cdTICA ENERG\u00c9TICA DEL GOBIERNO VA EN CONTRA DEL SENTIDO COM\u00daN - Revista Rambla\" \/>\n<meta property=\"og:description\" content=\"El cambio de modelo energ\u00e9tico moviliz\u00f3 a los fundadores de Som Energia. La primera cooperativa que ofrece la posibilidad de consumir (y producir) energ\u00eda de fuentes renovables ech\u00f3 a rodar hace tres a\u00f1os \u00a0 \u00a0 \u00a0\" \/>\n<meta property=\"og:url\" content=\"https:\/\/www.revistarambla.com\/en\/la-politica-energetica-del-gobierno-va-en-contra-del-sentido-comun-que-deberia-ser-realizar-un-uso-adecuado-de-los-recursos-disponibles-y-buscar-la-eficiencia\/\" \/>\n<meta property=\"og:site_name\" content=\"Revista Rambla\" \/>\n<meta property=\"article:publisher\" content=\"https:\/\/www.facebook.com\/revistarambla\/\" \/>\n<meta property=\"article:published_time\" content=\"2014-01-24T12:01:33+00:00\" \/>\n<meta property=\"article:modified_time\" content=\"2019-09-30T15:11:28+00:00\" \/>\n<meta property=\"og:image\" content=\"https:\/\/i0.wp.com\/www.revistarambla.com\/wp-content\/uploads\/2014\/01\/ENERGIA_RAMBLA_01.jpg?fit=682%2C450&ssl=1\" \/>\n\t<meta property=\"og:image:width\" content=\"682\" \/>\n\t<meta property=\"og:image:height\" content=\"450\" \/>\n\t<meta property=\"og:image:type\" content=\"image\/jpeg\" \/>\n<meta name=\"author\" content=\"admin\" \/>\n<meta name=\"twitter:card\" content=\"summary_large_image\" \/>\n<meta name=\"twitter:creator\" content=\"@revistarambla\" \/>\n<meta name=\"twitter:site\" content=\"@revistarambla\" \/>\n<meta name=\"twitter:label1\" content=\"Written by\" \/>\n\t<meta name=\"twitter:data1\" content=\"admin\" \/>\n\t<meta name=\"twitter:label2\" content=\"Estimated reading time\" \/>\n\t<meta name=\"twitter:data2\" content=\"11 minutes\" \/>\n<script type=\"application\/ld+json\" class=\"yoast-schema-graph\">{\"@context\":\"https:\\\/\\\/schema.org\",\"@graph\":[{\"@type\":\"Article\",\"@id\":\"https:\\\/\\\/www.revistarambla.com\\\/la-politica-energetica-del-gobierno-va-en-contra-del-sentido-comun-que-deberia-ser-realizar-un-uso-adecuado-de-los-recursos-disponibles-y-buscar-la-eficiencia\\\/#article\",\"isPartOf\":{\"@id\":\"https:\\\/\\\/www.revistarambla.com\\\/la-politica-energetica-del-gobierno-va-en-contra-del-sentido-comun-que-deberia-ser-realizar-un-uso-adecuado-de-los-recursos-disponibles-y-buscar-la-eficiencia\\\/\"},\"author\":{\"name\":\"admin\",\"@id\":\"https:\\\/\\\/www.revistarambla.com\\\/#\\\/schema\\\/person\\\/4a5652fc8c82df1f8593002d038cd79e\"},\"headline\":\"LA POL\u00cdTICA ENERG\u00c9TICA DEL GOBIERNO VA EN CONTRA DEL SENTIDO COM\u00daN\",\"datePublished\":\"2014-01-24T12:01:33+00:00\",\"dateModified\":\"2019-09-30T15:11:28+00:00\",\"mainEntityOfPage\":{\"@id\":\"https:\\\/\\\/www.revistarambla.com\\\/la-politica-energetica-del-gobierno-va-en-contra-del-sentido-comun-que-deberia-ser-realizar-un-uso-adecuado-de-los-recursos-disponibles-y-buscar-la-eficiencia\\\/\"},\"wordCount\":2254,\"commentCount\":0,\"publisher\":{\"@id\":\"https:\\\/\\\/www.revistarambla.com\\\/#organization\"},\"image\":{\"@id\":\"https:\\\/\\\/www.revistarambla.com\\\/la-politica-energetica-del-gobierno-va-en-contra-del-sentido-comun-que-deberia-ser-realizar-un-uso-adecuado-de-los-recursos-disponibles-y-buscar-la-eficiencia\\\/#primaryimage\"},\"thumbnailUrl\":\"https:\\\/\\\/www.revistarambla.com\\\/wp-content\\\/uploads\\\/2014\\\/01\\\/ENERGIA_RAMBLA_01.jpg\",\"articleSection\":[\"Actualidad\",\"Estado Espa\u00f1ol\"],\"inLanguage\":\"en-GB\",\"potentialAction\":[{\"@type\":\"CommentAction\",\"name\":\"Comment\",\"target\":[\"https:\\\/\\\/www.revistarambla.com\\\/la-politica-energetica-del-gobierno-va-en-contra-del-sentido-comun-que-deberia-ser-realizar-un-uso-adecuado-de-los-recursos-disponibles-y-buscar-la-eficiencia\\\/#respond\"]}]},{\"@type\":\"WebPage\",\"@id\":\"https:\\\/\\\/www.revistarambla.com\\\/la-politica-energetica-del-gobierno-va-en-contra-del-sentido-comun-que-deberia-ser-realizar-un-uso-adecuado-de-los-recursos-disponibles-y-buscar-la-eficiencia\\\/\",\"url\":\"https:\\\/\\\/www.revistarambla.com\\\/la-politica-energetica-del-gobierno-va-en-contra-del-sentido-comun-que-deberia-ser-realizar-un-uso-adecuado-de-los-recursos-disponibles-y-buscar-la-eficiencia\\\/\",\"name\":\"LA POL\u00cdTICA ENERG\u00c9TICA DEL GOBIERNO VA EN CONTRA DEL SENTIDO COM\u00daN - Revista Rambla\",\"isPartOf\":{\"@id\":\"https:\\\/\\\/www.revistarambla.com\\\/#website\"},\"primaryImageOfPage\":{\"@id\":\"https:\\\/\\\/www.revistarambla.com\\\/la-politica-energetica-del-gobierno-va-en-contra-del-sentido-comun-que-deberia-ser-realizar-un-uso-adecuado-de-los-recursos-disponibles-y-buscar-la-eficiencia\\\/#primaryimage\"},\"image\":{\"@id\":\"https:\\\/\\\/www.revistarambla.com\\\/la-politica-energetica-del-gobierno-va-en-contra-del-sentido-comun-que-deberia-ser-realizar-un-uso-adecuado-de-los-recursos-disponibles-y-buscar-la-eficiencia\\\/#primaryimage\"},\"thumbnailUrl\":\"https:\\\/\\\/www.revistarambla.com\\\/wp-content\\\/uploads\\\/2014\\\/01\\\/ENERGIA_RAMBLA_01.jpg\",\"datePublished\":\"2014-01-24T12:01:33+00:00\",\"dateModified\":\"2019-09-30T15:11:28+00:00\",\"breadcrumb\":{\"@id\":\"https:\\\/\\\/www.revistarambla.com\\\/la-politica-energetica-del-gobierno-va-en-contra-del-sentido-comun-que-deberia-ser-realizar-un-uso-adecuado-de-los-recursos-disponibles-y-buscar-la-eficiencia\\\/#breadcrumb\"},\"inLanguage\":\"en-GB\",\"potentialAction\":[{\"@type\":\"ReadAction\",\"target\":[\"https:\\\/\\\/www.revistarambla.com\\\/la-politica-energetica-del-gobierno-va-en-contra-del-sentido-comun-que-deberia-ser-realizar-un-uso-adecuado-de-los-recursos-disponibles-y-buscar-la-eficiencia\\\/\"]}]},{\"@type\":\"ImageObject\",\"inLanguage\":\"en-GB\",\"@id\":\"https:\\\/\\\/www.revistarambla.com\\\/la-politica-energetica-del-gobierno-va-en-contra-del-sentido-comun-que-deberia-ser-realizar-un-uso-adecuado-de-los-recursos-disponibles-y-buscar-la-eficiencia\\\/#primaryimage\",\"url\":\"https:\\\/\\\/www.revistarambla.com\\\/wp-content\\\/uploads\\\/2014\\\/01\\\/ENERGIA_RAMBLA_01.jpg\",\"contentUrl\":\"https:\\\/\\\/www.revistarambla.com\\\/wp-content\\\/uploads\\\/2014\\\/01\\\/ENERGIA_RAMBLA_01.jpg\"},{\"@type\":\"BreadcrumbList\",\"@id\":\"https:\\\/\\\/www.revistarambla.com\\\/la-politica-energetica-del-gobierno-va-en-contra-del-sentido-comun-que-deberia-ser-realizar-un-uso-adecuado-de-los-recursos-disponibles-y-buscar-la-eficiencia\\\/#breadcrumb\",\"itemListElement\":[{\"@type\":\"ListItem\",\"position\":1,\"name\":\"Portada\",\"item\":\"https:\\\/\\\/www.revistarambla.com\\\/\"},{\"@type\":\"ListItem\",\"position\":2,\"name\":\"LA POL\u00cdTICA ENERG\u00c9TICA DEL GOBIERNO VA EN CONTRA DEL SENTIDO COM\u00daN\"}]},{\"@type\":\"WebSite\",\"@id\":\"https:\\\/\\\/www.revistarambla.com\\\/#website\",\"url\":\"https:\\\/\\\/www.revistarambla.com\\\/\",\"name\":\"Revista Rambla Barcelona\",\"description\":\"Periodismo independiente\",\"publisher\":{\"@id\":\"https:\\\/\\\/www.revistarambla.com\\\/#organization\"},\"potentialAction\":[{\"@type\":\"SearchAction\",\"target\":{\"@type\":\"EntryPoint\",\"urlTemplate\":\"https:\\\/\\\/www.revistarambla.com\\\/?s={search_term_string}\"},\"query-input\":{\"@type\":\"PropertyValueSpecification\",\"valueRequired\":true,\"valueName\":\"search_term_string\"}}],\"inLanguage\":\"en-GB\"},{\"@type\":\"Organization\",\"@id\":\"https:\\\/\\\/www.revistarambla.com\\\/#organization\",\"name\":\"Revista Rambla\",\"url\":\"https:\\\/\\\/www.revistarambla.com\\\/\",\"logo\":{\"@type\":\"ImageObject\",\"inLanguage\":\"en-GB\",\"@id\":\"https:\\\/\\\/www.revistarambla.com\\\/#\\\/schema\\\/logo\\\/image\\\/\",\"url\":\"https:\\\/\\\/www.revistarambla.com\\\/wp-content\\\/uploads\\\/2020\\\/09\\\/banner_rambla_1900x600_BB.png\",\"contentUrl\":\"https:\\\/\\\/www.revistarambla.com\\\/wp-content\\\/uploads\\\/2020\\\/09\\\/banner_rambla_1900x600_BB.png\",\"width\":1900,\"height\":600,\"caption\":\"Revista Rambla\"},\"image\":{\"@id\":\"https:\\\/\\\/www.revistarambla.com\\\/#\\\/schema\\\/logo\\\/image\\\/\"},\"sameAs\":[\"https:\\\/\\\/www.facebook.com\\\/revistarambla\\\/\",\"https:\\\/\\\/x.com\\\/revistarambla\",\"https:\\\/\\\/www.instagram.com\\\/revista_rambla\",\"https:\\\/\\\/es.linkedin.com\\\/company\\\/revista-rambla\"]},{\"@type\":\"Person\",\"@id\":\"https:\\\/\\\/www.revistarambla.com\\\/#\\\/schema\\\/person\\\/4a5652fc8c82df1f8593002d038cd79e\",\"name\":\"admin\"}]}<\/script>\n<!-- \/ Yoast SEO plugin. -->","yoast_head_json":{"title":"LA POL\u00cdTICA ENERG\u00c9TICA DEL GOBIERNO VA EN CONTRA DEL SENTIDO COM\u00daN - Revista Rambla","robots":{"index":"index","follow":"follow","max-snippet":"max-snippet:-1","max-image-preview":"max-image-preview:large","max-video-preview":"max-video-preview:-1"},"canonical":"https:\/\/www.revistarambla.com\/en\/la-politica-energetica-del-gobierno-va-en-contra-del-sentido-comun-que-deberia-ser-realizar-un-uso-adecuado-de-los-recursos-disponibles-y-buscar-la-eficiencia\/","og_locale":"en_GB","og_type":"article","og_title":"LA POL\u00cdTICA ENERG\u00c9TICA DEL GOBIERNO VA EN CONTRA DEL SENTIDO COM\u00daN - Revista Rambla","og_description":"El cambio de modelo energ\u00e9tico moviliz\u00f3 a los fundadores de Som Energia. La primera cooperativa que ofrece la posibilidad de consumir (y producir) energ\u00eda de fuentes renovables ech\u00f3 a rodar hace tres a\u00f1os \u00a0 \u00a0 \u00a0","og_url":"https:\/\/www.revistarambla.com\/en\/la-politica-energetica-del-gobierno-va-en-contra-del-sentido-comun-que-deberia-ser-realizar-un-uso-adecuado-de-los-recursos-disponibles-y-buscar-la-eficiencia\/","og_site_name":"Revista Rambla","article_publisher":"https:\/\/www.facebook.com\/revistarambla\/","article_published_time":"2014-01-24T12:01:33+00:00","article_modified_time":"2019-09-30T15:11:28+00:00","og_image":[{"width":682,"height":450,"url":"https:\/\/i0.wp.com\/www.revistarambla.com\/wp-content\/uploads\/2014\/01\/ENERGIA_RAMBLA_01.jpg?fit=682%2C450&ssl=1","type":"image\/jpeg"}],"author":"admin","twitter_card":"summary_large_image","twitter_creator":"@revistarambla","twitter_site":"@revistarambla","twitter_misc":{"Written by":"admin","Estimated reading time":"11 minutes"},"schema":{"@context":"https:\/\/schema.org","@graph":[{"@type":"Article","@id":"https:\/\/www.revistarambla.com\/la-politica-energetica-del-gobierno-va-en-contra-del-sentido-comun-que-deberia-ser-realizar-un-uso-adecuado-de-los-recursos-disponibles-y-buscar-la-eficiencia\/#article","isPartOf":{"@id":"https:\/\/www.revistarambla.com\/la-politica-energetica-del-gobierno-va-en-contra-del-sentido-comun-que-deberia-ser-realizar-un-uso-adecuado-de-los-recursos-disponibles-y-buscar-la-eficiencia\/"},"author":{"name":"admin","@id":"https:\/\/www.revistarambla.com\/#\/schema\/person\/4a5652fc8c82df1f8593002d038cd79e"},"headline":"LA POL\u00cdTICA ENERG\u00c9TICA DEL GOBIERNO VA EN CONTRA DEL SENTIDO COM\u00daN","datePublished":"2014-01-24T12:01:33+00:00","dateModified":"2019-09-30T15:11:28+00:00","mainEntityOfPage":{"@id":"https:\/\/www.revistarambla.com\/la-politica-energetica-del-gobierno-va-en-contra-del-sentido-comun-que-deberia-ser-realizar-un-uso-adecuado-de-los-recursos-disponibles-y-buscar-la-eficiencia\/"},"wordCount":2254,"commentCount":0,"publisher":{"@id":"https:\/\/www.revistarambla.com\/#organization"},"image":{"@id":"https:\/\/www.revistarambla.com\/la-politica-energetica-del-gobierno-va-en-contra-del-sentido-comun-que-deberia-ser-realizar-un-uso-adecuado-de-los-recursos-disponibles-y-buscar-la-eficiencia\/#primaryimage"},"thumbnailUrl":"https:\/\/www.revistarambla.com\/wp-content\/uploads\/2014\/01\/ENERGIA_RAMBLA_01.jpg","articleSection":["Actualidad","Estado Espa\u00f1ol"],"inLanguage":"en-GB","potentialAction":[{"@type":"CommentAction","name":"Comment","target":["https:\/\/www.revistarambla.com\/la-politica-energetica-del-gobierno-va-en-contra-del-sentido-comun-que-deberia-ser-realizar-un-uso-adecuado-de-los-recursos-disponibles-y-buscar-la-eficiencia\/#respond"]}]},{"@type":"WebPage","@id":"https:\/\/www.revistarambla.com\/la-politica-energetica-del-gobierno-va-en-contra-del-sentido-comun-que-deberia-ser-realizar-un-uso-adecuado-de-los-recursos-disponibles-y-buscar-la-eficiencia\/","url":"https:\/\/www.revistarambla.com\/la-politica-energetica-del-gobierno-va-en-contra-del-sentido-comun-que-deberia-ser-realizar-un-uso-adecuado-de-los-recursos-disponibles-y-buscar-la-eficiencia\/","name":"LA POL\u00cdTICA ENERG\u00c9TICA DEL GOBIERNO VA EN CONTRA DEL SENTIDO COM\u00daN - Revista Rambla","isPartOf":{"@id":"https:\/\/www.revistarambla.com\/#website"},"primaryImageOfPage":{"@id":"https:\/\/www.revistarambla.com\/la-politica-energetica-del-gobierno-va-en-contra-del-sentido-comun-que-deberia-ser-realizar-un-uso-adecuado-de-los-recursos-disponibles-y-buscar-la-eficiencia\/#primaryimage"},"image":{"@id":"https:\/\/www.revistarambla.com\/la-politica-energetica-del-gobierno-va-en-contra-del-sentido-comun-que-deberia-ser-realizar-un-uso-adecuado-de-los-recursos-disponibles-y-buscar-la-eficiencia\/#primaryimage"},"thumbnailUrl":"https:\/\/www.revistarambla.com\/wp-content\/uploads\/2014\/01\/ENERGIA_RAMBLA_01.jpg","datePublished":"2014-01-24T12:01:33+00:00","dateModified":"2019-09-30T15:11:28+00:00","breadcrumb":{"@id":"https:\/\/www.revistarambla.com\/la-politica-energetica-del-gobierno-va-en-contra-del-sentido-comun-que-deberia-ser-realizar-un-uso-adecuado-de-los-recursos-disponibles-y-buscar-la-eficiencia\/#breadcrumb"},"inLanguage":"en-GB","potentialAction":[{"@type":"ReadAction","target":["https:\/\/www.revistarambla.com\/la-politica-energetica-del-gobierno-va-en-contra-del-sentido-comun-que-deberia-ser-realizar-un-uso-adecuado-de-los-recursos-disponibles-y-buscar-la-eficiencia\/"]}]},{"@type":"ImageObject","inLanguage":"en-GB","@id":"https:\/\/www.revistarambla.com\/la-politica-energetica-del-gobierno-va-en-contra-del-sentido-comun-que-deberia-ser-realizar-un-uso-adecuado-de-los-recursos-disponibles-y-buscar-la-eficiencia\/#primaryimage","url":"https:\/\/www.revistarambla.com\/wp-content\/uploads\/2014\/01\/ENERGIA_RAMBLA_01.jpg","contentUrl":"https:\/\/www.revistarambla.com\/wp-content\/uploads\/2014\/01\/ENERGIA_RAMBLA_01.jpg"},{"@type":"BreadcrumbList","@id":"https:\/\/www.revistarambla.com\/la-politica-energetica-del-gobierno-va-en-contra-del-sentido-comun-que-deberia-ser-realizar-un-uso-adecuado-de-los-recursos-disponibles-y-buscar-la-eficiencia\/#breadcrumb","itemListElement":[{"@type":"ListItem","position":1,"name":"Portada","item":"https:\/\/www.revistarambla.com\/"},{"@type":"ListItem","position":2,"name":"LA POL\u00cdTICA ENERG\u00c9TICA DEL GOBIERNO VA EN CONTRA DEL SENTIDO COM\u00daN"}]},{"@type":"WebSite","@id":"https:\/\/www.revistarambla.com\/#website","url":"https:\/\/www.revistarambla.com\/","name":"Revista Rambla Barcelona","description":"Periodismo independiente","publisher":{"@id":"https:\/\/www.revistarambla.com\/#organization"},"potentialAction":[{"@type":"SearchAction","target":{"@type":"EntryPoint","urlTemplate":"https:\/\/www.revistarambla.com\/?s={search_term_string}"},"query-input":{"@type":"PropertyValueSpecification","valueRequired":true,"valueName":"search_term_string"}}],"inLanguage":"en-GB"},{"@type":"Organization","@id":"https:\/\/www.revistarambla.com\/#organization","name":"Revista Rambla","url":"https:\/\/www.revistarambla.com\/","logo":{"@type":"ImageObject","inLanguage":"en-GB","@id":"https:\/\/www.revistarambla.com\/#\/schema\/logo\/image\/","url":"https:\/\/www.revistarambla.com\/wp-content\/uploads\/2020\/09\/banner_rambla_1900x600_BB.png","contentUrl":"https:\/\/www.revistarambla.com\/wp-content\/uploads\/2020\/09\/banner_rambla_1900x600_BB.png","width":1900,"height":600,"caption":"Revista Rambla"},"image":{"@id":"https:\/\/www.revistarambla.com\/#\/schema\/logo\/image\/"},"sameAs":["https:\/\/www.facebook.com\/revistarambla\/","https:\/\/x.com\/revistarambla","https:\/\/www.instagram.com\/revista_rambla","https:\/\/es.linkedin.com\/company\/revista-rambla"]},{"@type":"Person","@id":"https:\/\/www.revistarambla.com\/#\/schema\/person\/4a5652fc8c82df1f8593002d038cd79e","name":"admin"}]}},"_links":{"self":[{"href":"https:\/\/www.revistarambla.com\/en\/wp-json\/wp\/v2\/posts\/4693","targetHints":{"allow":["GET"]}}],"collection":[{"href":"https:\/\/www.revistarambla.com\/en\/wp-json\/wp\/v2\/posts"}],"about":[{"href":"https:\/\/www.revistarambla.com\/en\/wp-json\/wp\/v2\/types\/post"}],"author":[{"embeddable":true,"href":"https:\/\/www.revistarambla.com\/en\/wp-json\/wp\/v2\/users\/1"}],"replies":[{"embeddable":true,"href":"https:\/\/www.revistarambla.com\/en\/wp-json\/wp\/v2\/comments?post=4693"}],"version-history":[{"count":0,"href":"https:\/\/www.revistarambla.com\/en\/wp-json\/wp\/v2\/posts\/4693\/revisions"}],"wp:attachment":[{"href":"https:\/\/www.revistarambla.com\/en\/wp-json\/wp\/v2\/media?parent=4693"}],"wp:term":[{"taxonomy":"category","embeddable":true,"href":"https:\/\/www.revistarambla.com\/en\/wp-json\/wp\/v2\/categories?post=4693"},{"taxonomy":"post_tag","embeddable":true,"href":"https:\/\/www.revistarambla.com\/en\/wp-json\/wp\/v2\/tags?post=4693"}],"curies":[{"name":"wp","href":"https:\/\/api.w.org\/{rel}","templated":true}]}}