{"id":46810,"date":"2022-09-19T16:58:24","date_gmt":"2022-09-19T14:58:24","guid":{"rendered":"https:\/\/www.revistarambla.com\/?p=46810"},"modified":"2022-09-19T16:58:24","modified_gmt":"2022-09-19T14:58:24","slug":"la-nueva-coleccion-otono-invierno-2022-23-de-lolitasl","status":"publish","type":"post","link":"https:\/\/www.revistarambla.com\/en\/la-nueva-coleccion-otono-invierno-2022-23-de-lolitasl\/","title":{"rendered":"La nueva colecci\u00f3n oto\u00f1o-invierno 2022\/23 de Lolitas&#038;L"},"content":{"rendered":"<p><span style=\"font-weight: 400;\">A pesar de que el verano contin\u00faa sin darnos tregua con sus altas temperaturas, el oto\u00f1o-invierno 2022 \/ 2023 ya deja vislumbrar sus nuevas tendencias.\u00a0<\/span><\/p>\n<p><span style=\"font-weight: 400;\">As\u00ed es, a pocas semanas de que acabe el verano, la <\/span><span style=\"text-decoration: underline;\"><a href=\"https:\/\/lolitasyl.com\/pages\/coleccion-otono-invierno-2022-2023\" target=\"_blank\" rel=\"nofollow noopener\"><span style=\"font-weight: 400;\">Nueva coleccion Oto\u00f1o Invierno en Lolitas&amp;L<\/span><\/a><\/span><span style=\"font-weight: 400;\">, hace acto de presencia una vez m\u00e1s para traer lo que se llevar\u00e1 la pr\u00f3xima temporada. \u00a1Y es que el oto\u00f1o ya est\u00e1 a la vuelta de la esquina!<\/span><\/p>\n<h2><b>Tendencias y estilo oto\u00f1o-invierno para este 2022 \/ 2023<\/b><\/h2>\n<p><span style=\"font-weight: 400;\">Aunando comodidad, calidad y precio, y fiel a su cita de cada temporada desde hace m\u00e1s de 30 a\u00f1os, la firma Lolitas&amp;L, expone una gran pluralidad de alternativas de moda para todo tipo de mujeres. \u00a1Porque cada mujer es \u00fanica en su especie!\u00a0<\/span><\/p>\n<p><span style=\"font-weight: 400;\">Partiendo de la base de que el entretiempo tiene siempre como denominador com\u00fan la diversidad, a continuaci\u00f3n se muestran los diferentes estilos con los que podr\u00e1 vestirse la mujer actual en Lolitas&amp;L esta nueva temporada.<\/span><\/p>\n<p><b>El color rosa,<\/b><span style=\"font-weight: 400;\"> en toda su gama crom\u00e1tica y con especial menci\u00f3n al fucsia, seguir\u00e1 su andadura por el camino que inici\u00f3 la primavera pasada para continuar presente en las venideras colecciones de oto\u00f1o invierno.\u00a0<\/span><\/p>\n<p><span style=\"font-weight: 400;\">Por otra parte, <\/span><b>para las adictas a punto<\/b><span style=\"font-weight: 400;\">, destacar que sigue siendo uno de los tejidos estrella de la temporada. Encontrar\u00e1s desde chaquetas para outfits muy calentitos, hasta vers\u00e1tiles jers\u00e9is llenos de espectaculares estampados oto\u00f1ales y coloridos a rabiar, dispuestos para ser combinados con los todopoderosos leggings o con los omnipresentes vaqueros. Y adem\u00e1s, este a\u00f1o no solo encontrar\u00e1s chaquetas y jers\u00e9is: los conjuntos son tendencia absoluta.<\/span><\/p>\n<p><b>En cuanto al cuero<\/b><span style=\"font-weight: 400;\">, aunque no sea una novedad, seguimos teni\u00e9ndolo como un gran aliado en el look de toda mujer. De todos los colores, las prendas efecto piel siguen estando de moda.\u00a0<\/span><\/p>\n<p><span style=\"font-weight: 400;\">Otra de las primicias a destacar entre las prendas de abrigo <\/span><b>es la capa,\u00a0<\/b><span style=\"font-weight: 400;\">una pieza extraordinariamente vers\u00e1til que te transportar\u00e1 desde la m\u00e1s absoluta sencillez a la m\u00e1s lujosa de las sofisticaciones. \u00a1Todo un imprescindible en cualquier armario femenino que se precie!<\/span><\/p>\n<p><b>\u00bfY qu\u00e9 decir de los acolchados que no se haya dicho ya?<\/b><span style=\"font-weight: 400;\"> Siempre en la cumbre, son sin duda una gran apuesta de presente y de futuro. Largos o cortos en su versi\u00f3n cazadora, sueltos o anudados marcando figura con un cintur\u00f3n a juego, son la propuesta ideal para triunfar con elegancia frente al fr\u00edo. Este a\u00f1o la moda acolchada est\u00e1 inspirada en el popular Bibendum, s\u00edmbolo de la marca de neum\u00e1ticos Michel\u00edn.<\/span><\/p>\n<p><span style=\"font-weight: 400;\">\u00a1Y para las m\u00e1s frioleras!<\/span><\/p>\n<p><span style=\"font-weight: 400;\">Asimismo, para que sigan incrementando tu guardarropa sin perderse detalle, no hay que perder de vista incluir una propuesta con la que es seguro que no ninguna mujer se quedar\u00e1 indiferente: <\/span><b>los abrigos XXL<\/b><span style=\"font-weight: 400;\">. Una oportunidad pensada para las m\u00e1s frioleras que este a\u00f1o s\u00ed podr\u00e1n vestir prendas gruesas debajo de su abrigo y salir a pasear con la certeza de que en ning\u00fan momento se sentir\u00e1n presas de la ropa.\u00a0<\/span><\/p>\n<h2><b>Las tendencias oto\u00f1o-invierno 2022 \/ 23 de Lolitas&amp;L son adaptables a todos los gustos y estilos<\/b><\/h2>\n<p><b>Sin olvidar por ello, la comodidad.<\/b><span style=\"font-weight: 400;\"> Aunque la ropa se est\u00e1 convirtiendo cada vez m\u00e1s en la manera de expresar la imagen que queremos dar, en Lolitas&amp;L, adem\u00e1s cumplen la funci\u00f3n de aportar confort, sin que por ello se pierda la propia esencia en el vestir.\u00a0<\/span><\/p>\n<p><span style=\"font-weight: 400;\">Lolitas&amp;L, sigue apostando a\u00f1o tras a\u00f1o por una mujer fuerte y libre, din\u00e1mica y al mismo tiempo femenina, a la que le gustan los detalles exclusivos pero sin renunciar a la comodidad.<\/span><\/p>\n<p><span style=\"font-weight: 400;\">Por ello, en esta nueva cita, la mujer de hoy podr\u00e1 disfrutar otra vez de una ropa con la que gozar\u00e1 de una libertad sin l\u00edmites y que la permitir\u00e1 desenvolverse con ese desenfado y seguridad que necesita, pero sin renunciar por ello al estilo.\u00a0<\/span><\/p>\n<p><span style=\"font-weight: 400;\">Con unos conjuntos favorecedores en extremo y muy f\u00e1ciles de combinar, la mujer del siglo XXI se sentir\u00e1 de nuevo plenamente representada, protagonizando esta nueva temporada que se aproxima de la mano de Lolitas&amp;L, y que la espera cargada de todo cuanto puede desear.\u00a0<\/span><\/p>","protected":false},"excerpt":{"rendered":"<p>La nueva colecci\u00f3n oto\u00f1o-invierno 2022 \/ 23 de Lolitas&#038;L<\/p>","protected":false},"author":3,"featured_media":46811,"comment_status":"closed","ping_status":"open","sticky":false,"template":"","format":"standard","meta":{"footnotes":""},"categories":[3790],"tags":[],"class_list":["post-46810","post","type-post","status-publish","format-standard","has-post-thumbnail","hentry","category-otras-noticias"],"yoast_head":"<!-- This site is optimized with the Yoast SEO plugin v27.5 - https:\/\/yoast.com\/product\/yoast-seo-wordpress\/ -->\n<title>La nueva colecci\u00f3n oto\u00f1o-invierno 2022\/23 de Lolitas&amp;L - Revista Rambla<\/title>\n<meta name=\"robots\" content=\"index, follow, max-snippet:-1, max-image-preview:large, max-video-preview:-1\" \/>\n<link rel=\"canonical\" href=\"https:\/\/www.revistarambla.com\/en\/la-nueva-coleccion-otono-invierno-2022-23-de-lolitasl\/\" \/>\n<meta property=\"og:locale\" content=\"en_GB\" \/>\n<meta property=\"og:type\" content=\"article\" \/>\n<meta property=\"og:title\" content=\"La nueva colecci\u00f3n oto\u00f1o-invierno 2022\/23 de Lolitas&amp;L - Revista Rambla\" \/>\n<meta property=\"og:description\" content=\"La nueva colecci\u00f3n oto\u00f1o-invierno 2022 \/ 23 de Lolitas&amp;L\" \/>\n<meta property=\"og:url\" content=\"https:\/\/www.revistarambla.com\/en\/la-nueva-coleccion-otono-invierno-2022-23-de-lolitasl\/\" \/>\n<meta property=\"og:site_name\" content=\"Revista Rambla\" \/>\n<meta property=\"article:publisher\" content=\"https:\/\/www.facebook.com\/revistarambla\/\" \/>\n<meta property=\"article:author\" content=\"https:\/\/www.facebook.com\/revistarambla\" \/>\n<meta property=\"article:published_time\" content=\"2022-09-19T14:58:24+00:00\" \/>\n<meta property=\"og:image\" content=\"https:\/\/www.revistarambla.com\/wp-content\/uploads\/2022\/09\/phpIpEGaI63283d1839483.png\" \/>\n\t<meta property=\"og:image:width\" content=\"1024\" \/>\n\t<meta property=\"og:image:height\" content=\"683\" \/>\n\t<meta property=\"og:image:type\" content=\"image\/png\" \/>\n<meta name=\"author\" content=\"R@mbla\" \/>\n<meta name=\"twitter:card\" content=\"summary_large_image\" \/>\n<meta name=\"twitter:creator\" content=\"@revistarambla\" \/>\n<meta name=\"twitter:site\" content=\"@revistarambla\" \/>\n<meta name=\"twitter:label1\" content=\"Written by\" \/>\n\t<meta name=\"twitter:data1\" content=\"R@mbla\" \/>\n\t<meta name=\"twitter:label2\" content=\"Estimated reading time\" \/>\n\t<meta name=\"twitter:data2\" content=\"4 minutes\" \/>\n<script type=\"application\/ld+json\" class=\"yoast-schema-graph\">{\"@context\":\"https:\\\/\\\/schema.org\",\"@graph\":[{\"@type\":\"Article\",\"@id\":\"https:\\\/\\\/www.revistarambla.com\\\/la-nueva-coleccion-otono-invierno-2022-23-de-lolitasl\\\/#article\",\"isPartOf\":{\"@id\":\"https:\\\/\\\/www.revistarambla.com\\\/la-nueva-coleccion-otono-invierno-2022-23-de-lolitasl\\\/\"},\"author\":{\"name\":\"R@mbla\",\"@id\":\"https:\\\/\\\/www.revistarambla.com\\\/#\\\/schema\\\/person\\\/a146a5a2550b94981a75131180e1bd9c\"},\"headline\":\"La nueva colecci\u00f3n oto\u00f1o-invierno 2022\\\/23 de Lolitas&#038;L\",\"datePublished\":\"2022-09-19T14:58:24+00:00\",\"mainEntityOfPage\":{\"@id\":\"https:\\\/\\\/www.revistarambla.com\\\/la-nueva-coleccion-otono-invierno-2022-23-de-lolitasl\\\/\"},\"wordCount\":729,\"publisher\":{\"@id\":\"https:\\\/\\\/www.revistarambla.com\\\/#organization\"},\"image\":{\"@id\":\"https:\\\/\\\/www.revistarambla.com\\\/la-nueva-coleccion-otono-invierno-2022-23-de-lolitasl\\\/#primaryimage\"},\"thumbnailUrl\":\"https:\\\/\\\/www.revistarambla.com\\\/wp-content\\\/uploads\\\/2022\\\/09\\\/phpIpEGaI63283d1839483.png\",\"articleSection\":[\"Otras Noticias\"],\"inLanguage\":\"en-GB\"},{\"@type\":\"WebPage\",\"@id\":\"https:\\\/\\\/www.revistarambla.com\\\/la-nueva-coleccion-otono-invierno-2022-23-de-lolitasl\\\/\",\"url\":\"https:\\\/\\\/www.revistarambla.com\\\/la-nueva-coleccion-otono-invierno-2022-23-de-lolitasl\\\/\",\"name\":\"La nueva colecci\u00f3n oto\u00f1o-invierno 2022\\\/23 de Lolitas&L - Revista Rambla\",\"isPartOf\":{\"@id\":\"https:\\\/\\\/www.revistarambla.com\\\/#website\"},\"primaryImageOfPage\":{\"@id\":\"https:\\\/\\\/www.revistarambla.com\\\/la-nueva-coleccion-otono-invierno-2022-23-de-lolitasl\\\/#primaryimage\"},\"image\":{\"@id\":\"https:\\\/\\\/www.revistarambla.com\\\/la-nueva-coleccion-otono-invierno-2022-23-de-lolitasl\\\/#primaryimage\"},\"thumbnailUrl\":\"https:\\\/\\\/www.revistarambla.com\\\/wp-content\\\/uploads\\\/2022\\\/09\\\/phpIpEGaI63283d1839483.png\",\"datePublished\":\"2022-09-19T14:58:24+00:00\",\"breadcrumb\":{\"@id\":\"https:\\\/\\\/www.revistarambla.com\\\/la-nueva-coleccion-otono-invierno-2022-23-de-lolitasl\\\/#breadcrumb\"},\"inLanguage\":\"en-GB\",\"potentialAction\":[{\"@type\":\"ReadAction\",\"target\":[\"https:\\\/\\\/www.revistarambla.com\\\/la-nueva-coleccion-otono-invierno-2022-23-de-lolitasl\\\/\"]}]},{\"@type\":\"ImageObject\",\"inLanguage\":\"en-GB\",\"@id\":\"https:\\\/\\\/www.revistarambla.com\\\/la-nueva-coleccion-otono-invierno-2022-23-de-lolitasl\\\/#primaryimage\",\"url\":\"https:\\\/\\\/www.revistarambla.com\\\/wp-content\\\/uploads\\\/2022\\\/09\\\/phpIpEGaI63283d1839483.png\",\"contentUrl\":\"https:\\\/\\\/www.revistarambla.com\\\/wp-content\\\/uploads\\\/2022\\\/09\\\/phpIpEGaI63283d1839483.png\",\"width\":1024,\"height\":683},{\"@type\":\"BreadcrumbList\",\"@id\":\"https:\\\/\\\/www.revistarambla.com\\\/la-nueva-coleccion-otono-invierno-2022-23-de-lolitasl\\\/#breadcrumb\",\"itemListElement\":[{\"@type\":\"ListItem\",\"position\":1,\"name\":\"Portada\",\"item\":\"https:\\\/\\\/www.revistarambla.com\\\/\"},{\"@type\":\"ListItem\",\"position\":2,\"name\":\"La nueva colecci\u00f3n oto\u00f1o-invierno 2022\\\/23 de Lolitas&#038;L\"}]},{\"@type\":\"WebSite\",\"@id\":\"https:\\\/\\\/www.revistarambla.com\\\/#website\",\"url\":\"https:\\\/\\\/www.revistarambla.com\\\/\",\"name\":\"Revista Rambla Barcelona\",\"description\":\"Periodismo independiente\",\"publisher\":{\"@id\":\"https:\\\/\\\/www.revistarambla.com\\\/#organization\"},\"potentialAction\":[{\"@type\":\"SearchAction\",\"target\":{\"@type\":\"EntryPoint\",\"urlTemplate\":\"https:\\\/\\\/www.revistarambla.com\\\/?s={search_term_string}\"},\"query-input\":{\"@type\":\"PropertyValueSpecification\",\"valueRequired\":true,\"valueName\":\"search_term_string\"}}],\"inLanguage\":\"en-GB\"},{\"@type\":\"Organization\",\"@id\":\"https:\\\/\\\/www.revistarambla.com\\\/#organization\",\"name\":\"Revista Rambla\",\"url\":\"https:\\\/\\\/www.revistarambla.com\\\/\",\"logo\":{\"@type\":\"ImageObject\",\"inLanguage\":\"en-GB\",\"@id\":\"https:\\\/\\\/www.revistarambla.com\\\/#\\\/schema\\\/logo\\\/image\\\/\",\"url\":\"https:\\\/\\\/www.revistarambla.com\\\/wp-content\\\/uploads\\\/2020\\\/09\\\/banner_rambla_1900x600_BB.png\",\"contentUrl\":\"https:\\\/\\\/www.revistarambla.com\\\/wp-content\\\/uploads\\\/2020\\\/09\\\/banner_rambla_1900x600_BB.png\",\"width\":1900,\"height\":600,\"caption\":\"Revista Rambla\"},\"image\":{\"@id\":\"https:\\\/\\\/www.revistarambla.com\\\/#\\\/schema\\\/logo\\\/image\\\/\"},\"sameAs\":[\"https:\\\/\\\/www.facebook.com\\\/revistarambla\\\/\",\"https:\\\/\\\/x.com\\\/revistarambla\",\"https:\\\/\\\/www.instagram.com\\\/revista_rambla\",\"https:\\\/\\\/es.linkedin.com\\\/company\\\/revista-rambla\"]},{\"@type\":\"Person\",\"@id\":\"https:\\\/\\\/www.revistarambla.com\\\/#\\\/schema\\\/person\\\/a146a5a2550b94981a75131180e1bd9c\",\"name\":\"R@mbla\",\"description\":\"Este art\u00edculo ha sido redactado y\\\/o validado por el equipo de redacci\u00f3n de Revista Rambla.\",\"sameAs\":[\"https:\\\/\\\/www.revistarambla.com\\\/\",\"https:\\\/\\\/www.facebook.com\\\/revistarambla\",\"https:\\\/\\\/x.com\\\/revistarambla\"]}]}<\/script>\n<!-- \/ Yoast SEO plugin. -->","yoast_head_json":{"title":"La nueva colecci\u00f3n oto\u00f1o-invierno 2022\/23 de Lolitas&L - Revista Rambla","robots":{"index":"index","follow":"follow","max-snippet":"max-snippet:-1","max-image-preview":"max-image-preview:large","max-video-preview":"max-video-preview:-1"},"canonical":"https:\/\/www.revistarambla.com\/en\/la-nueva-coleccion-otono-invierno-2022-23-de-lolitasl\/","og_locale":"en_GB","og_type":"article","og_title":"La nueva colecci\u00f3n oto\u00f1o-invierno 2022\/23 de Lolitas&L - Revista Rambla","og_description":"La nueva colecci\u00f3n oto\u00f1o-invierno 2022 \/ 23 de Lolitas&L","og_url":"https:\/\/www.revistarambla.com\/en\/la-nueva-coleccion-otono-invierno-2022-23-de-lolitasl\/","og_site_name":"Revista Rambla","article_publisher":"https:\/\/www.facebook.com\/revistarambla\/","article_author":"https:\/\/www.facebook.com\/revistarambla","article_published_time":"2022-09-19T14:58:24+00:00","og_image":[{"width":1024,"height":683,"url":"https:\/\/www.revistarambla.com\/wp-content\/uploads\/2022\/09\/phpIpEGaI63283d1839483.png","type":"image\/png"}],"author":"R@mbla","twitter_card":"summary_large_image","twitter_creator":"@revistarambla","twitter_site":"@revistarambla","twitter_misc":{"Written by":"R@mbla","Estimated reading time":"4 minutes"},"schema":{"@context":"https:\/\/schema.org","@graph":[{"@type":"Article","@id":"https:\/\/www.revistarambla.com\/la-nueva-coleccion-otono-invierno-2022-23-de-lolitasl\/#article","isPartOf":{"@id":"https:\/\/www.revistarambla.com\/la-nueva-coleccion-otono-invierno-2022-23-de-lolitasl\/"},"author":{"name":"R@mbla","@id":"https:\/\/www.revistarambla.com\/#\/schema\/person\/a146a5a2550b94981a75131180e1bd9c"},"headline":"La nueva colecci\u00f3n oto\u00f1o-invierno 2022\/23 de Lolitas&#038;L","datePublished":"2022-09-19T14:58:24+00:00","mainEntityOfPage":{"@id":"https:\/\/www.revistarambla.com\/la-nueva-coleccion-otono-invierno-2022-23-de-lolitasl\/"},"wordCount":729,"publisher":{"@id":"https:\/\/www.revistarambla.com\/#organization"},"image":{"@id":"https:\/\/www.revistarambla.com\/la-nueva-coleccion-otono-invierno-2022-23-de-lolitasl\/#primaryimage"},"thumbnailUrl":"https:\/\/www.revistarambla.com\/wp-content\/uploads\/2022\/09\/phpIpEGaI63283d1839483.png","articleSection":["Otras Noticias"],"inLanguage":"en-GB"},{"@type":"WebPage","@id":"https:\/\/www.revistarambla.com\/la-nueva-coleccion-otono-invierno-2022-23-de-lolitasl\/","url":"https:\/\/www.revistarambla.com\/la-nueva-coleccion-otono-invierno-2022-23-de-lolitasl\/","name":"La nueva colecci\u00f3n oto\u00f1o-invierno 2022\/23 de Lolitas&L - Revista Rambla","isPartOf":{"@id":"https:\/\/www.revistarambla.com\/#website"},"primaryImageOfPage":{"@id":"https:\/\/www.revistarambla.com\/la-nueva-coleccion-otono-invierno-2022-23-de-lolitasl\/#primaryimage"},"image":{"@id":"https:\/\/www.revistarambla.com\/la-nueva-coleccion-otono-invierno-2022-23-de-lolitasl\/#primaryimage"},"thumbnailUrl":"https:\/\/www.revistarambla.com\/wp-content\/uploads\/2022\/09\/phpIpEGaI63283d1839483.png","datePublished":"2022-09-19T14:58:24+00:00","breadcrumb":{"@id":"https:\/\/www.revistarambla.com\/la-nueva-coleccion-otono-invierno-2022-23-de-lolitasl\/#breadcrumb"},"inLanguage":"en-GB","potentialAction":[{"@type":"ReadAction","target":["https:\/\/www.revistarambla.com\/la-nueva-coleccion-otono-invierno-2022-23-de-lolitasl\/"]}]},{"@type":"ImageObject","inLanguage":"en-GB","@id":"https:\/\/www.revistarambla.com\/la-nueva-coleccion-otono-invierno-2022-23-de-lolitasl\/#primaryimage","url":"https:\/\/www.revistarambla.com\/wp-content\/uploads\/2022\/09\/phpIpEGaI63283d1839483.png","contentUrl":"https:\/\/www.revistarambla.com\/wp-content\/uploads\/2022\/09\/phpIpEGaI63283d1839483.png","width":1024,"height":683},{"@type":"BreadcrumbList","@id":"https:\/\/www.revistarambla.com\/la-nueva-coleccion-otono-invierno-2022-23-de-lolitasl\/#breadcrumb","itemListElement":[{"@type":"ListItem","position":1,"name":"Portada","item":"https:\/\/www.revistarambla.com\/"},{"@type":"ListItem","position":2,"name":"La nueva colecci\u00f3n oto\u00f1o-invierno 2022\/23 de Lolitas&#038;L"}]},{"@type":"WebSite","@id":"https:\/\/www.revistarambla.com\/#website","url":"https:\/\/www.revistarambla.com\/","name":"Revista Rambla Barcelona","description":"Periodismo independiente","publisher":{"@id":"https:\/\/www.revistarambla.com\/#organization"},"potentialAction":[{"@type":"SearchAction","target":{"@type":"EntryPoint","urlTemplate":"https:\/\/www.revistarambla.com\/?s={search_term_string}"},"query-input":{"@type":"PropertyValueSpecification","valueRequired":true,"valueName":"search_term_string"}}],"inLanguage":"en-GB"},{"@type":"Organization","@id":"https:\/\/www.revistarambla.com\/#organization","name":"Revista Rambla","url":"https:\/\/www.revistarambla.com\/","logo":{"@type":"ImageObject","inLanguage":"en-GB","@id":"https:\/\/www.revistarambla.com\/#\/schema\/logo\/image\/","url":"https:\/\/www.revistarambla.com\/wp-content\/uploads\/2020\/09\/banner_rambla_1900x600_BB.png","contentUrl":"https:\/\/www.revistarambla.com\/wp-content\/uploads\/2020\/09\/banner_rambla_1900x600_BB.png","width":1900,"height":600,"caption":"Revista Rambla"},"image":{"@id":"https:\/\/www.revistarambla.com\/#\/schema\/logo\/image\/"},"sameAs":["https:\/\/www.facebook.com\/revistarambla\/","https:\/\/x.com\/revistarambla","https:\/\/www.instagram.com\/revista_rambla","https:\/\/es.linkedin.com\/company\/revista-rambla"]},{"@type":"Person","@id":"https:\/\/www.revistarambla.com\/#\/schema\/person\/a146a5a2550b94981a75131180e1bd9c","name":"R@mbla","description":"Este art\u00edculo ha sido redactado y\/o validado por el equipo de redacci\u00f3n de Revista Rambla.","sameAs":["https:\/\/www.revistarambla.com\/","https:\/\/www.facebook.com\/revistarambla","https:\/\/x.com\/revistarambla"]}]}},"_links":{"self":[{"href":"https:\/\/www.revistarambla.com\/en\/wp-json\/wp\/v2\/posts\/46810","targetHints":{"allow":["GET"]}}],"collection":[{"href":"https:\/\/www.revistarambla.com\/en\/wp-json\/wp\/v2\/posts"}],"about":[{"href":"https:\/\/www.revistarambla.com\/en\/wp-json\/wp\/v2\/types\/post"}],"author":[{"embeddable":true,"href":"https:\/\/www.revistarambla.com\/en\/wp-json\/wp\/v2\/users\/3"}],"replies":[{"embeddable":true,"href":"https:\/\/www.revistarambla.com\/en\/wp-json\/wp\/v2\/comments?post=46810"}],"version-history":[{"count":1,"href":"https:\/\/www.revistarambla.com\/en\/wp-json\/wp\/v2\/posts\/46810\/revisions"}],"predecessor-version":[{"id":46812,"href":"https:\/\/www.revistarambla.com\/en\/wp-json\/wp\/v2\/posts\/46810\/revisions\/46812"}],"wp:featuredmedia":[{"embeddable":true,"href":"https:\/\/www.revistarambla.com\/en\/wp-json\/wp\/v2\/media\/46811"}],"wp:attachment":[{"href":"https:\/\/www.revistarambla.com\/en\/wp-json\/wp\/v2\/media?parent=46810"}],"wp:term":[{"taxonomy":"category","embeddable":true,"href":"https:\/\/www.revistarambla.com\/en\/wp-json\/wp\/v2\/categories?post=46810"},{"taxonomy":"post_tag","embeddable":true,"href":"https:\/\/www.revistarambla.com\/en\/wp-json\/wp\/v2\/tags?post=46810"}],"curies":[{"name":"wp","href":"https:\/\/api.w.org\/{rel}","templated":true}]}}