{"id":4641,"date":"2014-01-13T11:58:13","date_gmt":"2014-01-13T11:58:13","guid":{"rendered":"https:\/\/www.revistarambla.com\/mi-hermano-fue-el-chivo-expiatorio-tras-el-atentado-a-carrero-blanco\/"},"modified":"2019-09-30T17:12:30","modified_gmt":"2019-09-30T15:12:30","slug":"mi-hermano-fue-el-chivo-expiatorio-tras-el-atentado-a-carrero-blanco","status":"publish","type":"post","link":"https:\/\/www.revistarambla.com\/en\/mi-hermano-fue-el-chivo-expiatorio-tras-el-atentado-a-carrero-blanco\/","title":{"rendered":"\u201cMI HERMANO FUE EL CHIVO EXPIATORIO TRAS EL ATENTADO A CARRERO BLANCO\u201d"},"content":{"rendered":"<p> \t<img decoding=\"async\" class=\"alignleft size-full wp-image-4639\" alt=\"alt\" src=\"https:\/\/www.revistarambla.com\/wp-content\/uploads\/2014\/01\/rambla_antich_01.jpg\" style=\"width: 682px; height: 450px; margin-left: 9px; margin-right: 9px; float: left;\" width=\"682\" height=\"450\" srcset=\"https:\/\/www.revistarambla.com\/wp-content\/uploads\/2014\/01\/rambla_antich_01.jpg 682w, https:\/\/www.revistarambla.com\/wp-content\/uploads\/2014\/01\/rambla_antich_01-300x198.jpg 300w, https:\/\/www.revistarambla.com\/wp-content\/uploads\/2014\/01\/rambla_antich_01-500x330.jpg 500w\" sizes=\"(max-width: 682px) 100vw, 682px\" \/>El 2 de <span data-scayt_word=\"marzo\" data-scaytid=\"1\">marzo<\/span> de 1974, el patio de la <span data-scayt_word=\"c\u00e1rcel\" data-scaytid=\"3\">c\u00e1rcel<\/span> <span data-scayt_word=\"Modelo\" data-scaytid=\"5\">Modelo<\/span> de Barcelona <span data-scayt_word=\"estaba\" data-scaytid=\"6\">estaba<\/span> <span data-scayt_word=\"lleno\" data-scaytid=\"7\">lleno<\/span> de <span data-scayt_word=\"polic\u00edas\" data-scaytid=\"8\">polic\u00edas<\/span>, de <span data-scayt_word=\"uniforme\" data-scaytid=\"9\">uniforme<\/span> y de <span data-scayt_word=\"paisano\" data-scaytid=\"10\">paisano<\/span>, <span data-scayt_word=\"para\" data-scaytid=\"11\">para<\/span> <span data-scayt_word=\"presenciar\" data-scaytid=\"13\">presenciar<\/span> un <span data-scayt_word=\"acto\" data-scaytid=\"14\">acto<\/span> <span data-scayt_word=\"macabro\" data-scaytid=\"15\">macabro<\/span>, <span data-scayt_word=\"casi\" data-scaytid=\"16\">casi<\/span> medieval. El <span data-scayt_word=\"verdugo\" data-scaytid=\"17\">verdugo<\/span> Antonio <span data-scayt_word=\"L\u00f3pez\" data-scaytid=\"18\">L\u00f3pez<\/span> Guerra vino <span data-scayt_word=\"expresamente\" data-scaytid=\"20\">expresamente<\/span> de Madrid, <span data-scayt_word=\"porque\" data-scaytid=\"21\">porque<\/span> el titular de la plaza de <span data-scayt_word=\"\u201cejecutor\" data-scaytid=\"22\">&ldquo;ejecutor<\/span> de <span data-scayt_word=\"sentencias\u201d\" data-scaytid=\"23\">sentencias&rdquo;<\/span> de Barcelona, Vicente <span data-scayt_word=\"L\u00f3pez\" data-scaytid=\"19\">L\u00f3pez<\/span> <span data-scayt_word=\"Copete\" data-scaytid=\"24\">Copete<\/span>,<\/p>\n<p> \t\u00a0<\/p>\n<p> \t\u00a0<\/p>\n<p>  <!--more-->  <\/p>\n<p> \t\u00a0<\/p>\n<p> \t<strong>El 2 de <span data-scayt_word=\"marzo\" data-scaytid=\"1\">marzo<\/span> de 1974, el patio de la <span data-scayt_word=\"c\u00e1rcel\" data-scaytid=\"3\">c\u00e1rcel<\/span> <span data-scayt_word=\"Modelo\" data-scaytid=\"5\">Modelo<\/span> de Barcelona <span data-scayt_word=\"estaba\" data-scaytid=\"6\">estaba<\/span> <span data-scayt_word=\"lleno\" data-scaytid=\"7\">lleno<\/span> de <span data-scayt_word=\"polic\u00edas\" data-scaytid=\"8\">polic\u00edas<\/span>, de <span data-scayt_word=\"uniforme\" data-scaytid=\"9\">uniforme<\/span> y de <span data-scayt_word=\"paisano\" data-scaytid=\"10\">paisano<\/span>, <span data-scayt_word=\"para\" data-scaytid=\"11\">para<\/span> <span data-scayt_word=\"presenciar\" data-scaytid=\"13\">presenciar<\/span> un <span data-scayt_word=\"acto\" data-scaytid=\"14\">acto<\/span> <span data-scayt_word=\"macabro\" data-scaytid=\"15\">macabro<\/span>, <span data-scayt_word=\"casi\" data-scaytid=\"16\">casi<\/span> medieval. El <span data-scayt_word=\"verdugo\" data-scaytid=\"17\">verdugo<\/span> Antonio <span data-scayt_word=\"L\u00f3pez\" data-scaytid=\"18\">L\u00f3pez<\/span> Guerra vino <span data-scayt_word=\"expresamente\" data-scaytid=\"20\">expresamente<\/span> de Madrid, <span data-scayt_word=\"porque\" data-scaytid=\"21\">porque<\/span> el titular de la plaza de <span data-scayt_word=\"\u201cejecutor\" data-scaytid=\"22\">&ldquo;ejecutor<\/span> de <span data-scayt_word=\"sentencias\u201d\" data-scaytid=\"23\">sentencias&rdquo;<\/span> de Barcelona, Vicente <span data-scayt_word=\"L\u00f3pez\" data-scaytid=\"19\">L\u00f3pez<\/span> <span data-scayt_word=\"Copete\" data-scaytid=\"24\">Copete<\/span>, <span data-scayt_word=\"cumpl\u00eda\" data-scaytid=\"25\">cumpl\u00eda<\/span> <span data-scayt_word=\"c\u00e1rcel\" data-scaytid=\"4\">c\u00e1rcel<\/span> en <span data-scayt_word=\"Sevilla\" data-scaytid=\"26\">Sevilla<\/span>, <span data-scayt_word=\"por\" data-scaytid=\"27\">por<\/span> un <span data-scayt_word=\"delito\" data-scaytid=\"28\">delito<\/span> de <span data-scayt_word=\"estupro\" data-scaytid=\"29\">estupro<\/span>. El <span data-scayt_word=\"m\u00e9dico\" data-scaytid=\"30\">m\u00e9dico<\/span> <span data-scayt_word=\"presente\" data-scaytid=\"31\">presente<\/span> <span data-scayt_word=\"certific\u00f3\" data-scaytid=\"33\">certific\u00f3<\/span> la <span data-scayt_word=\"muerte\" data-scaytid=\"34\">muerte<\/span> del <span data-scayt_word=\"reo\" data-scaytid=\"35\">reo<\/span>: &ldquo;En Barcelona, 2 de <span data-scayt_word=\"marzo\" data-scaytid=\"2\">marzo<\/span> de 1974 y <span data-scayt_word=\"siendo\" data-scaytid=\"36\">siendo<\/span> <span data-scayt_word=\"las\" data-scaytid=\"37\">las<\/span> 09:40 <span data-scayt_word=\"horas\" data-scaytid=\"38\">horas<\/span>, se <span data-scayt_word=\"extiende\" data-scaytid=\"39\">extiende<\/span> la <span data-scayt_word=\"presente\" data-scaytid=\"32\">presente<\/span> <span data-scayt_word=\"diligencia\" data-scaytid=\"40\">diligencia<\/span> <span data-scayt_word=\"para\" data-scaytid=\"12\">para<\/span> <span data-scayt_word=\"hacer\" data-scaytid=\"41\">hacer<\/span> <span data-scayt_word=\"constar\" data-scaytid=\"42\">constar<\/span> <span data-scayt_word=\"que\" data-scaytid=\"85\">que<\/span> en la <span data-scayt_word=\"prisi\u00f3n\" data-scaytid=\"86\">prisi\u00f3n<\/span> de hombres de <span data-scayt_word=\"esta\" data-scaytid=\"87\">esta<\/span> <span data-scayt_word=\"ciudad\" data-scaytid=\"88\">ciudad<\/span>, ha <span data-scayt_word=\"sido\" data-scaytid=\"89\">sido<\/span> <span data-scayt_word=\"ejecutado\" data-scaytid=\"90\">ejecutado<\/span> <span data-scayt_word=\"por\" data-scaytid=\"91\">por<\/span> garrote la <span data-scayt_word=\"pena\" data-scaytid=\"92\">pena<\/span> de <span data-scayt_word=\"muerte\" data-scaytid=\"93\">muerte<\/span> en la persona del <span data-scayt_word=\"reo\" data-scaytid=\"94\">reo<\/span> Salvador <span data-scayt_word=\"Puig\" data-scaytid=\"95\">Puig<\/span> <span data-scayt_word=\"Antich\u2026\u201d\" data-scaytid=\"96\">Antich&hellip;&rdquo;<\/span>.<\/strong><\/p>\n<p> \t\u00a0<\/p>\n<p> \t<img decoding=\"async\" class=\"size-full wp-image-4640\" alt=\"alt\" src=\"https:\/\/www.revistarambla.com\/wp-content\/uploads\/2014\/01\/rambla_antich_02.jpg\" style=\"width: 700px; height: 422px;\" width=\"700\" height=\"422\" srcset=\"https:\/\/www.revistarambla.com\/wp-content\/uploads\/2014\/01\/rambla_antich_02.jpg 700w, https:\/\/www.revistarambla.com\/wp-content\/uploads\/2014\/01\/rambla_antich_02-300x181.jpg 300w, https:\/\/www.revistarambla.com\/wp-content\/uploads\/2014\/01\/rambla_antich_02-500x301.jpg 500w\" sizes=\"(max-width: 700px) 100vw, 700px\" \/><\/p>\n<p> \t\u00a0<\/p>\n<p> \tEl <span data-scayt_word=\"joven\" data-scaytid=\"169\">joven<\/span> Salvador, de 26 <span data-scayt_word=\"a\u00f1os\" data-scaytid=\"170\">a\u00f1os<\/span>, era <span data-scayt_word=\"militante\" data-scaytid=\"172\">militante<\/span> de la <span data-scayt_word=\"organizaci\u00f3n\" data-scaytid=\"173\">organizaci\u00f3n<\/span> <span data-scayt_word=\"anarquista\" data-scaytid=\"174\">anarquista<\/span> <span data-scayt_word=\"Movimiento\" data-scaytid=\"175\">Movimiento<\/span> <span data-scayt_word=\"Ib\u00e9rico\" data-scaytid=\"176\">Ib\u00e9rico<\/span> de <span data-scayt_word=\"Liberaci\u00f3n\" data-scaytid=\"177\">Liberaci\u00f3n<\/span> (MIL). <span data-scayt_word=\"Fue\" data-scaytid=\"178\">Fue<\/span> <span data-scayt_word=\"acusado\" data-scaytid=\"179\">acusado<\/span> de la <span data-scayt_word=\"muerte\" data-scaytid=\"97\">muerte<\/span> del <span data-scayt_word=\"polic\u00eda\" data-scaytid=\"181\">polic\u00eda<\/span> Francisco <span data-scayt_word=\"Aguas\" data-scaytid=\"182\">Aguas<\/span>. <span data-scayt_word=\"Ese\" data-scaytid=\"183\">Ese<\/span> <span data-scayt_word=\"mismo\" data-scaytid=\"184\">mismo<\/span> <span data-scayt_word=\"d\u00eda\" data-scaytid=\"185\">d\u00eda<\/span>, en Tarragona, <span data-scayt_word=\"tambi\u00e9n\" data-scaytid=\"186\">tambi\u00e9n<\/span> <span data-scayt_word=\"fue\" data-scaytid=\"187\">fue<\/span> <span data-scayt_word=\"ejecutado\" data-scaytid=\"98\">ejecutado<\/span> el <span data-scayt_word=\"alem\u00e1n\" data-scaytid=\"189\">alem\u00e1n<\/span> &ndash;se <span data-scayt_word=\"dijo\" data-scaytid=\"190\">dijo<\/span> <span data-scayt_word=\"que\" data-scaytid=\"99\">que<\/span> era <span data-scayt_word=\"polaco\" data-scaytid=\"193\">polaco<\/span>&#8211; George Michael <span data-scayt_word=\"Welzel\" data-scaytid=\"194\">Welzel<\/span>, con el <span data-scayt_word=\"falso\" data-scaytid=\"195\">falso<\/span> <span data-scayt_word=\"nombre\" data-scaytid=\"196\">nombre<\/span> de Heinz <span data-scayt_word=\"Ches\" data-scaytid=\"197\">Ches<\/span>, <span data-scayt_word=\"identidad\" data-scaytid=\"198\">identidad<\/span> <span data-scayt_word=\"falsa\" data-scaytid=\"199\">falsa<\/span> <span data-scayt_word=\"que\" data-scaytid=\"100\">que<\/span> el <span data-scayt_word=\"gobierno\" data-scaytid=\"200\">gobierno<\/span> de <span data-scayt_word=\"entonces\" data-scaytid=\"201\">entonces<\/span> <span data-scayt_word=\"ya\" data-scaytid=\"202\">ya<\/span> <span data-scayt_word=\"conoc\u00eda\" data-scaytid=\"203\">conoc\u00eda<\/span>. <span data-scayt_word=\"Por\" data-scaytid=\"204\">Por<\/span> <span data-scayt_word=\"una\" data-scaytid=\"205\">una<\/span> <span data-scayt_word=\"diferencia\" data-scaytid=\"207\">diferencia<\/span> de <span data-scayt_word=\"veinticinco\" data-scaytid=\"208\">veinticinco<\/span> <span data-scayt_word=\"minutos\" data-scaytid=\"209\">minutos<\/span>, <span data-scayt_word=\"Puig\" data-scaytid=\"101\">Puig<\/span> <span data-scayt_word=\"Antich\" data-scaytid=\"212\">Antich<\/span> <span data-scayt_word=\"tuvo\" data-scaytid=\"214\">tuvo<\/span> el <span data-scayt_word=\"triste\" data-scaytid=\"215\">triste<\/span> honor de <span data-scayt_word=\"ser\" data-scaytid=\"216\">ser<\/span> el <span data-scayt_word=\"\u00faltimo\" data-scaytid=\"217\">\u00faltimo<\/span> <span data-scayt_word=\"\u201cagarrotado\u201d\" data-scaytid=\"218\">&ldquo;agarrotado&rdquo;<\/span> del <span data-scayt_word=\"franquismo\" data-scaytid=\"219\">franquismo<\/span>. <span data-scayt_word=\"Cuando\" data-scaytid=\"220\">Cuando<\/span> <span data-scayt_word=\"esto\" data-scaytid=\"221\">esto<\/span> <span data-scayt_word=\"sucedi\u00f3\" data-scaytid=\"222\">sucedi\u00f3<\/span>, <span data-scayt_word=\"Mer\u00e7ona\" data-scaytid=\"223\">Mer\u00e7ona<\/span> <span data-scayt_word=\"Puig\" data-scaytid=\"102\">Puig<\/span> <span data-scayt_word=\"Antich\" data-scaytid=\"213\">Antich<\/span>, <span data-scayt_word=\"hermana\" data-scaytid=\"224\">hermana<\/span> de Salvador, <span data-scayt_word=\"ten\u00eda\" data-scaytid=\"225\">ten\u00eda<\/span> 13 <span data-scayt_word=\"a\u00f1os\" data-scaytid=\"171\">a\u00f1os<\/span>. <span data-scayt_word=\"Hoy\" data-scaytid=\"226\">Hoy<\/span>, con <span data-scayt_word=\"sus\" data-scaytid=\"227\">sus<\/span> dos <span data-scayt_word=\"hermanas\" data-scaytid=\"228\">hermanas<\/span> y <span data-scayt_word=\"dem\u00e1s\" data-scaytid=\"229\">dem\u00e1s<\/span> <span data-scayt_word=\"familia\" data-scaytid=\"230\">familia<\/span>, <span data-scayt_word=\"est\u00e1n\" data-scaytid=\"231\">est\u00e1n<\/span> <span data-scayt_word=\"personados\" data-scaytid=\"232\">personados<\/span> en la <span data-scayt_word=\"Querella\" data-scaytid=\"233\">Querella<\/span> Argentina contra el <span data-scayt_word=\"Franquismo\" data-scaytid=\"234\">Franquismo<\/span>. <span data-scayt_word=\"Reci\u00e9n\" data-scaytid=\"235\">Reci\u00e9n<\/span> <span data-scayt_word=\"llegada\" data-scaytid=\"236\">llegada<\/span> de Buenos Aires concede <span data-scayt_word=\"una\" data-scaytid=\"206\">una<\/span> <span data-scayt_word=\"entrevista\" data-scaytid=\"237\">entrevista<\/span> a <span data-scayt_word=\"lA\" data-scaytid=\"238\">lA<\/span> <span data-scayt_word=\"revista\" data-scaytid=\"239\">revista<\/span> <span data-scayt_word=\"R@MBLA\" data-scaytid=\"240\">R@MBLA<\/span>.<\/p>\n<p> \t\u00a0<\/p>\n<p> \t<strong><span data-scayt_word=\"Acaba\" data-scaytid=\"458\">Acaba<\/span> de <span data-scayt_word=\"llegar\" data-scaytid=\"459\">llegar<\/span> de Argentina, <span data-scayt_word=\"donde\" data-scaytid=\"460\">donde<\/span> ha <span data-scayt_word=\"ido\" data-scaytid=\"461\">ido<\/span> con <span data-scayt_word=\"otros\" data-scaytid=\"462\">otros<\/span> <span data-scayt_word=\"querellantes\" data-scaytid=\"463\">querellantes<\/span>. \u00bf<span data-scayt_word=\"Expl\u00edquenos\" data-scaytid=\"464\">Expl\u00edquenos<\/span> <span data-scayt_word=\"c\u00f3mo\" data-scaytid=\"465\">c\u00f3mo<\/span> <span data-scayt_word=\"fue\" data-scaytid=\"457\">fue<\/span> la <span data-scayt_word=\"declaraci\u00f3n\" data-scaytid=\"467\">declaraci\u00f3n<\/span> y <span data-scayt_word=\"qu\u00e9\" data-scaytid=\"468\">qu\u00e9<\/span> <span data-scayt_word=\"sensaciones\" data-scaytid=\"469\">sensaciones<\/span> <span data-scayt_word=\"trae\" data-scaytid=\"470\">trae<\/span>?<\/strong><\/p>\n<p> \t\u00a0<\/p>\n<p> \tAntes de <span data-scayt_word=\"declarar\" data-scaytid=\"494\">declarar<\/span> <span data-scayt_word=\"estaba\" data-scaytid=\"471\">estaba<\/span> <span data-scayt_word=\"muy\" data-scaytid=\"496\">muy<\/span> <span data-scayt_word=\"nerviosa\" data-scaytid=\"497\">nerviosa<\/span>; <span data-scayt_word=\"despu\u00e9s\" data-scaytid=\"498\">despu\u00e9s<\/span> de <span data-scayt_word=\"tanto\" data-scaytid=\"499\">tanto<\/span> <span data-scayt_word=\"tiempo\" data-scaytid=\"501\">tiempo<\/span> no <span data-scayt_word=\"quer\u00eda\" data-scaytid=\"502\">quer\u00eda<\/span> <span data-scayt_word=\"dejarme\" data-scaytid=\"503\">dejarme<\/span> nada y <span data-scayt_word=\"sobretodo\" data-scaytid=\"504\">sobretodo<\/span> <span data-scayt_word=\"deseaba\" data-scaytid=\"505\">deseaba<\/span> <span data-scayt_word=\"que\" data-scaytid=\"472\">que<\/span> se me <span data-scayt_word=\"entendiera\" data-scaytid=\"515\">entendiera<\/span> <span data-scayt_word=\"bien\" data-scaytid=\"516\">bien<\/span>. <span data-scayt_word=\"Entramos\" data-scaytid=\"518\">Entramos<\/span> con los <span data-scayt_word=\"abogados\" data-scaytid=\"519\">abogados<\/span> y la <span data-scayt_word=\"secretaria\" data-scaytid=\"520\">secretaria<\/span> judicial me <span data-scayt_word=\"tom\u00f3\" data-scaytid=\"521\">tom\u00f3<\/span> <span data-scayt_word=\"declaraci\u00f3n\" data-scaytid=\"481\">declaraci\u00f3n<\/span>. No <span data-scayt_word=\"hicieron\" data-scaytid=\"525\">hicieron<\/span> <span data-scayt_word=\"preguntas\" data-scaytid=\"526\">preguntas<\/span>, <span data-scayt_word=\"s\u00f3lo\" data-scaytid=\"527\">s\u00f3lo<\/span> me <span data-scayt_word=\"ped\u00edan\" data-scaytid=\"528\">ped\u00edan<\/span> <span data-scayt_word=\"que\" data-scaytid=\"473\">que<\/span> <span data-scayt_word=\"hablara\" data-scaytid=\"529\">hablara<\/span> <span data-scayt_word=\"m\u00e1s\" data-scaytid=\"530\">m\u00e1s<\/span> <span data-scayt_word=\"despacio\" data-scaytid=\"534\">despacio<\/span> <span data-scayt_word=\"ya\" data-scaytid=\"484\">ya<\/span> <span data-scayt_word=\"que\" data-scaytid=\"474\">que<\/span> <span data-scayt_word=\"apuntaban\" data-scaytid=\"536\">apuntaban<\/span> <span data-scayt_word=\"textualmente\" data-scaytid=\"537\">textualmente<\/span> lo <span data-scayt_word=\"que\" data-scaytid=\"475\">que<\/span> <span data-scayt_word=\"yo\" data-scaytid=\"538\">yo<\/span> les <span data-scayt_word=\"explicaba\" data-scaytid=\"539\">explicaba<\/span>. Al <span data-scayt_word=\"terminar\" data-scaytid=\"540\">terminar<\/span> me <span data-scayt_word=\"dieron\" data-scaytid=\"541\">dieron<\/span> a leer la <span data-scayt_word=\"declaraci\u00f3n\" data-scaytid=\"482\">declaraci\u00f3n<\/span> y la <span data-scayt_word=\"firm\u00e9\" data-scaytid=\"542\">firm\u00e9<\/span>, <span data-scayt_word=\"una\" data-scaytid=\"485\">una<\/span> <span data-scayt_word=\"vez\" data-scaytid=\"545\">vez<\/span> <span data-scayt_word=\"corregido\" data-scaytid=\"547\">corregido<\/span> <span data-scayt_word=\"cosas\" data-scaytid=\"548\">cosas<\/span> <span data-scayt_word=\"que\" data-scaytid=\"476\">que<\/span> no se <span data-scayt_word=\"entend\u00edan\" data-scaytid=\"549\">entend\u00edan<\/span> <span data-scayt_word=\"bien\" data-scaytid=\"517\">bien<\/span>. <span data-scayt_word=\"Mientas\" data-scaytid=\"550\">Mientas<\/span> <span data-scayt_word=\"declaraba\" data-scaytid=\"551\">declaraba<\/span> era <span data-scayt_word=\"consciente\" data-scaytid=\"552\">consciente<\/span> de <span data-scayt_word=\"que\" data-scaytid=\"477\">que<\/span> era la <span data-scayt_word=\"primera\" data-scaytid=\"553\">primera<\/span> <span data-scayt_word=\"vez\" data-scaytid=\"546\">vez<\/span> <span data-scayt_word=\"que\" data-scaytid=\"478\">que<\/span> <span data-scayt_word=\"pod\u00eda\" data-scaytid=\"554\">pod\u00eda<\/span> <span data-scayt_word=\"hablar\" data-scaytid=\"555\">hablar<\/span> de mi <span data-scayt_word=\"hermano\" data-scaytid=\"557\">hermano<\/span> <span data-scayt_word=\"delante\" data-scaytid=\"558\">delante<\/span> de la <span data-scayt_word=\"justicia\" data-scaytid=\"559\">justicia<\/span> y <span data-scayt_word=\"esto\" data-scaytid=\"487\">esto<\/span> <span data-scayt_word=\"invisti\u00f3\" data-scaytid=\"561\">invisti\u00f3<\/span> la <span data-scayt_word=\"declaraci\u00f3n\" data-scaytid=\"483\">declaraci\u00f3n<\/span> de <span data-scayt_word=\"emociones\" data-scaytid=\"562\">emociones<\/span> <span data-scayt_word=\"encontradas\" data-scaytid=\"564\">encontradas<\/span>, de <span data-scayt_word=\"penas\" data-scaytid=\"565\">penas<\/span> y <span data-scayt_word=\"alegr\u00edas\" data-scaytid=\"566\">alegr\u00edas<\/span>. Al <span data-scayt_word=\"ir\" data-scaytid=\"567\">ir<\/span> con <span data-scayt_word=\"m\u00e1s\" data-scaytid=\"531\">m\u00e1s<\/span> <span data-scayt_word=\"querellantes\" data-scaytid=\"488\">querellantes<\/span> y <span data-scayt_word=\"hablar\" data-scaytid=\"556\">hablar<\/span> <span data-scayt_word=\"entre\" data-scaytid=\"569\">entre<\/span> <span data-scayt_word=\"nosotros\" data-scaytid=\"570\">nosotros<\/span> de <span data-scayt_word=\"las\" data-scaytid=\"489\">las<\/span> <span data-scayt_word=\"declaraciones\" data-scaytid=\"573\">declaraciones<\/span>, de <span data-scayt_word=\"nuestras\" data-scaytid=\"574\">nuestras<\/span> <span data-scayt_word=\"causas\u2026\" data-scaytid=\"575\">causas&hellip;<\/span> me <span data-scayt_word=\"dio\" data-scaytid=\"576\">dio<\/span> <span data-scayt_word=\"m\u00e1s\" data-scaytid=\"532\">m\u00e1s<\/span> <span data-scayt_word=\"fuerza\" data-scaytid=\"577\">fuerza<\/span> y <span data-scayt_word=\"m\u00e1s\" data-scaytid=\"533\">m\u00e1s<\/span> <span data-scayt_word=\"ganas\" data-scaytid=\"578\">ganas<\/span> <span data-scayt_word=\"para\" data-scaytid=\"491\">para<\/span> <span data-scayt_word=\"seguir\" data-scaytid=\"580\">seguir<\/span> <span data-scayt_word=\"luchando\" data-scaytid=\"581\">luchando<\/span>. <span data-scayt_word=\"Es\" data-scaytid=\"582\">Es<\/span> tan <span data-scayt_word=\"grande\" data-scaytid=\"583\">grande<\/span> el <span data-scayt_word=\"abanico\" data-scaytid=\"584\">abanico<\/span> de la <span data-scayt_word=\"injusticia\" data-scaytid=\"585\">injusticia<\/span>, la <span data-scayt_word=\"violencia\" data-scaytid=\"586\">violencia<\/span>, el terror de la <span data-scayt_word=\"dictadura\" data-scaytid=\"587\">dictadura<\/span> <span data-scayt_word=\"franquista\" data-scaytid=\"588\">franquista<\/span>, <span data-scayt_word=\"que\" data-scaytid=\"479\">que<\/span> <span data-scayt_word=\"las\" data-scaytid=\"490\">las<\/span> <span data-scayt_word=\"emociones\" data-scaytid=\"563\">emociones<\/span> se <span data-scayt_word=\"desbordan\" data-scaytid=\"589\">desbordan<\/span>. <span data-scayt_word=\"All\u00ed\" data-scaytid=\"590\">All\u00ed<\/span> nos <span data-scayt_word=\"recibieron\" data-scaytid=\"591\">recibieron<\/span> con los <span data-scayt_word=\"brazos\" data-scaytid=\"592\">brazos<\/span> <span data-scayt_word=\"abiertos\" data-scaytid=\"593\">abiertos<\/span>, <span data-scayt_word=\"tanto\" data-scaytid=\"500\">tanto<\/span> <span data-scayt_word=\"instituciones\" data-scaytid=\"594\">instituciones<\/span> <span data-scayt_word=\"gubernamentales\" data-scaytid=\"595\">gubernamentales<\/span>, <span data-scayt_word=\"como\" data-scaytid=\"596\">como<\/span> la <span data-scayt_word=\"gente\" data-scaytid=\"597\">gente<\/span> <span data-scayt_word=\"que\" data-scaytid=\"480\">que<\/span> <span data-scayt_word=\"lucha\" data-scaytid=\"598\">lucha<\/span> <span data-scayt_word=\"por\" data-scaytid=\"492\">por<\/span> los <span data-scayt_word=\"derechos\" data-scaytid=\"600\">derechos<\/span> <span data-scayt_word=\"humanos\" data-scaytid=\"601\">humanos<\/span>. <span data-scayt_word=\"Fue\" data-scaytid=\"493\">Fue<\/span> <span data-scayt_word=\"una\" data-scaytid=\"486\">una<\/span> <span data-scayt_word=\"experiencia\" data-scaytid=\"603\">experiencia<\/span> <span data-scayt_word=\"incre\u00edble\" data-scaytid=\"604\">incre\u00edble<\/span> e <span data-scayt_word=\"inolvidable\" data-scaytid=\"605\">inolvidable<\/span>.<\/p>\n<p> \t\u00a0<\/p>\n<p> \t(<span data-scayt_word=\"Mer\u00e7ona\" data-scaytid=\"718\">Mer\u00e7ona<\/span> <span data-scayt_word=\"Puig\" data-scaytid=\"719\">Puig<\/span> <span data-scayt_word=\"Antich\" data-scaytid=\"721\">Antich<\/span> <span data-scayt_word=\"declar\u00f3\" data-scaytid=\"1072\">declar\u00f3<\/span> <span data-scayt_word=\"junto\" data-scaytid=\"1073\">junto<\/span> a Pablo Mayoral y <span data-scayt_word=\"Andoni\" data-scaytid=\"1075\">Andoni<\/span> <span data-scayt_word=\"Txasko\" data-scaytid=\"1076\">Txasko<\/span>, los <span data-scayt_word=\"tres\" data-scaytid=\"1078\">tres<\/span> <span data-scayt_word=\"querellantes\" data-scaytid=\"723\">querellantes<\/span> <span data-scayt_word=\"que\" data-scaytid=\"724\">que<\/span> <span data-scayt_word=\"debieron\" data-scaytid=\"1086\">debieron<\/span> <span data-scayt_word=\"haber\" data-scaytid=\"1087\">haber<\/span> <span data-scayt_word=\"declarado\" data-scaytid=\"1088\">declarado<\/span> el 8 de mayo <span data-scayt_word=\"pasado\" data-scaytid=\"1089\">pasado<\/span> en el <span data-scayt_word=\"Consulado\" data-scaytid=\"1090\">Consulado<\/span> de Argentina de Madrid, <span data-scayt_word=\"pero\" data-scaytid=\"1091\">pero<\/span> <span data-scayt_word=\"las\" data-scaytid=\"728\">las<\/span> <span data-scayt_word=\"videoconferencias\" data-scaytid=\"1097\">videoconferencias<\/span> <span data-scayt_word=\"previstas\" data-scaytid=\"1098\">previstas<\/span> <span data-scayt_word=\"fueron\" data-scaytid=\"1099\">fueron<\/span> <span data-scayt_word=\"paralizadas\" data-scaytid=\"1101\">paralizadas<\/span> <span data-scayt_word=\"por\" data-scaytid=\"732\">por<\/span> el <span data-scayt_word=\"Ministerio\" data-scaytid=\"1104\">Ministerio<\/span> de <span data-scayt_word=\"Asuntos\" data-scaytid=\"1105\">Asuntos<\/span> <span data-scayt_word=\"Exteriores\" data-scaytid=\"1106\">Exteriores<\/span> <span data-scayt_word=\"espa\u00f1ol\" data-scaytid=\"1107\">espa\u00f1ol<\/span>. Mayoral era <span data-scayt_word=\"compa\u00f1ero\" data-scaytid=\"1108\">compa\u00f1ero<\/span> de <span data-scayt_word=\"tres\" data-scaytid=\"1079\">tres<\/span> de los <span data-scayt_word=\"cinco\" data-scaytid=\"1109\">cinco<\/span> <span data-scayt_word=\"\u00faltimos\" data-scaytid=\"1112\">\u00faltimos<\/span> <span data-scayt_word=\"fusilados\" data-scaytid=\"1113\">fusilados<\/span> del <span data-scayt_word=\"franquismo\" data-scaytid=\"734\">franquismo<\/span>. <span data-scayt_word=\"Condenado\" data-scaytid=\"1115\">Condenado<\/span> a <span data-scayt_word=\"muerte\" data-scaytid=\"735\">muerte<\/span>, le <span data-scayt_word=\"fue\" data-scaytid=\"738\">fue<\/span> <span data-scayt_word=\"conmutada\" data-scaytid=\"1122\">conmutada<\/span> la <span data-scayt_word=\"pena\" data-scaytid=\"741\">pena<\/span> <span data-scayt_word=\"por\" data-scaytid=\"733\">por<\/span> 30 <span data-scayt_word=\"a\u00f1os\" data-scaytid=\"742\">a\u00f1os<\/span> de <span data-scayt_word=\"c\u00e1rcel\" data-scaytid=\"743\">c\u00e1rcel<\/span>, <span data-scayt_word=\"hasta\" data-scaytid=\"1126\">hasta<\/span> <span data-scayt_word=\"que\" data-scaytid=\"725\">que<\/span> <span data-scayt_word=\"fue\" data-scaytid=\"739\">fue<\/span> <span data-scayt_word=\"amnistiado\" data-scaytid=\"1127\">amnistiado<\/span>. Fernando <span data-scayt_word=\"Su\u00e1rez\" data-scaytid=\"1128\">Su\u00e1rez<\/span> <span data-scayt_word=\"Gonz\u00e1lez\" data-scaytid=\"1130\">Gonz\u00e1lez<\/span> era <span data-scayt_word=\"Ministro\" data-scaytid=\"1131\">Ministro<\/span> de <span data-scayt_word=\"Trabajo\" data-scaytid=\"1134\">Trabajo<\/span> en 1975, y <span data-scayt_word=\"como\" data-scaytid=\"744\">como<\/span> <span data-scayt_word=\"miembro\" data-scaytid=\"1136\">miembro<\/span> del <span data-scayt_word=\"Consejo\" data-scaytid=\"1137\">Consejo<\/span> de <span data-scayt_word=\"Ministros\" data-scaytid=\"1138\">Ministros<\/span>, <span data-scayt_word=\"dio\" data-scaytid=\"745\">dio<\/span> el <span data-scayt_word=\"\u201centerado\u201d\" data-scaytid=\"1140\">&ldquo;enterado&rdquo;<\/span> a <span data-scayt_word=\"las\" data-scaytid=\"729\">las<\/span> <span data-scayt_word=\"cinco\" data-scaytid=\"1110\">cinco<\/span> <span data-scayt_word=\"penas\" data-scaytid=\"746\">penas<\/span> de <span data-scayt_word=\"muerte\" data-scaytid=\"736\">muerte<\/span>. <span data-scayt_word=\"Txasko\" data-scaytid=\"1077\">Txasko<\/span> <span data-scayt_word=\"es\" data-scaytid=\"1142\">es<\/span> un <span data-scayt_word=\"superviviente\" data-scaytid=\"1143\">superviviente<\/span> de la <span data-scayt_word=\"matanza\" data-scaytid=\"1144\">matanza<\/span> de <span data-scayt_word=\"huelguistas\" data-scaytid=\"1145\">huelguistas<\/span> del 3 de <span data-scayt_word=\"marzo\" data-scaytid=\"747\">marzo<\/span> de 1976, en <span data-scayt_word=\"Vitoria\" data-scaytid=\"1147\">Vitoria<\/span>, <span data-scayt_word=\"donde\" data-scaytid=\"748\">donde<\/span> <span data-scayt_word=\"fueron\" data-scaytid=\"1100\">fueron<\/span> <span data-scayt_word=\"asesinados\" data-scaytid=\"1149\">asesinados<\/span> <span data-scayt_word=\"cinco\" data-scaytid=\"1111\">cinco<\/span> <span data-scayt_word=\"trabajadores\" data-scaytid=\"1150\">trabajadores<\/span> y <span data-scayt_word=\"cientos\" data-scaytid=\"1151\">cientos<\/span> de <span data-scayt_word=\"ellos\" data-scaytid=\"1152\">ellos<\/span> <span data-scayt_word=\"heridos\" data-scaytid=\"1153\">heridos<\/span>. Manuel <span data-scayt_word=\"Fraga\" data-scaytid=\"1154\">Fraga<\/span> era <span data-scayt_word=\"Ministro\" data-scaytid=\"1132\">Ministro<\/span> de <span data-scayt_word=\"Gobernaci\u00f3n\" data-scaytid=\"1155\">Gobernaci\u00f3n<\/span>, <span data-scayt_word=\"pero\" data-scaytid=\"1092\">pero<\/span> al <span data-scayt_word=\"hallarse\" data-scaytid=\"1156\">hallarse<\/span> de <span data-scayt_word=\"viaje\" data-scaytid=\"1157\">viaje<\/span>, <span data-scayt_word=\"las\" data-scaytid=\"730\">las<\/span> <span data-scayt_word=\"competencias\" data-scaytid=\"1158\">competencias<\/span> <span data-scayt_word=\"las\" data-scaytid=\"731\">las<\/span> <span data-scayt_word=\"asumi\u00f3\" data-scaytid=\"1159\">asumi\u00f3<\/span> el <span data-scayt_word=\"Ministro\" data-scaytid=\"1133\">Ministro<\/span> de <span data-scayt_word=\"Relaciones\" data-scaytid=\"1160\">Relaciones<\/span> <span data-scayt_word=\"Sindicales\" data-scaytid=\"1161\">Sindicales<\/span>, <span data-scayt_word=\"Rodolfo\" data-scaytid=\"1162\">Rodolfo<\/span> <span data-scayt_word=\"Mart\u00edn\" data-scaytid=\"1163\">Mart\u00edn<\/span> Villa. <span data-scayt_word=\"Por\" data-scaytid=\"749\">Por<\/span> <span data-scayt_word=\"su\" data-scaytid=\"1166\">su<\/span> <span data-scayt_word=\"parte\" data-scaytid=\"1167\">parte<\/span>, <span data-scayt_word=\"Jos\u00e9\" data-scaytid=\"1168\">Jos\u00e9<\/span> <span data-scayt_word=\"Utrera\" data-scaytid=\"1169\">Utrera<\/span> Molina <span data-scayt_word=\"fue\" data-scaytid=\"740\">fue<\/span> el <span data-scayt_word=\"que\" data-scaytid=\"726\">que<\/span> <span data-scayt_word=\"firm\u00f3\" data-scaytid=\"1170\">firm\u00f3<\/span> la <span data-scayt_word=\"sentencia\" data-scaytid=\"1171\">sentencia<\/span> de <span data-scayt_word=\"muerte\" data-scaytid=\"737\">muerte<\/span> de <span data-scayt_word=\"Puig\" data-scaytid=\"720\">Puig<\/span> <span data-scayt_word=\"Antich\" data-scaytid=\"722\">Antich<\/span>. <span data-scayt_word=\"Estos\" data-scaytid=\"1172\">Estos<\/span> son, <span data-scayt_word=\"junto\" data-scaytid=\"1074\">junto<\/span> a Fernando <span data-scayt_word=\"Su\u00e1rez\" data-scaytid=\"1129\">Su\u00e1rez<\/span>, los <span data-scayt_word=\"tres\" data-scaytid=\"1080\">tres<\/span> <span data-scayt_word=\"exministros\" data-scaytid=\"1173\">exministros<\/span> <span data-scayt_word=\"franquistas\" data-scaytid=\"1174\">franquistas<\/span> <span data-scayt_word=\"imputados\" data-scaytid=\"1175\">imputados<\/span> <span data-scayt_word=\"que\" data-scaytid=\"727\">que<\/span> <span data-scayt_word=\"siguen\" data-scaytid=\"1176\">siguen<\/span> <span data-scayt_word=\"vivos\" data-scaytid=\"1177\">vivos<\/span>.)<\/p>\n<p> \t\u00a0<\/p>\n<p> \t<strong><span data-scayt_word=\"Por\" data-scaytid=\"750\">Por<\/span> <span data-scayt_word=\"una\" data-scaytid=\"751\">una<\/span> <span data-scayt_word=\"informaci\u00f3n\" data-scaytid=\"1179\">informaci\u00f3n<\/span> del <span data-scayt_word=\"diario\" data-scaytid=\"1180\">diario<\/span> <em>ARA <\/em>hemos sabido que el abogado de la presidenta del PP catal\u00e1n, Alicia S\u00e1nchez-Camacho, fue el que redact\u00f3 la sentencia de muerte de su hermano. \u00bfQu\u00e9 opina de ello?<\/strong><\/p>\n<p> \t\u00a0<\/p>\n<p> \tQu\u00e9 voy a opinar, que despu\u00e9s de tantos a\u00f1os siguen tranquilamente trabajando y se reafirman en aquello que hicieron, todo les pareci\u00f3 bien. Duele mucho saber que quien redact\u00f3 la sentencia de muerte de mi hermano, 39 a\u00f1os despu\u00e9s, ande tranquilamente ejerciendo la abogac\u00eda. Esto es la impunidad.<\/p>\n<p> \t\u00a0<\/p>\n<p> \t(Se trata de Carlos Rey Gonz\u00e1lez, que en aquella \u00e9poca era capit\u00e1n auditor de los servicios jur\u00eddicos del ej\u00e9rcito franquista. Rey Gonz\u00e1lez fue el abogado de la dirigente del PP en el caso, finalmente desestimado, de &ldquo;M\u00e9todo 3&rdquo;.)<\/p>\n<p> \t\u00a0<\/p>\n<p> \t<strong>Sabe que el expolic\u00eda Jos\u00e9 Antonio Gonz\u00e1lez Pacheco, &ldquo;Billy el Ni\u00f1o&rdquo;, y el exguardicivil, Jes\u00fas Mu\u00f1ecas Aguilar, acusados por torturas por muchos de los querellantes, est\u00e1n pendientes si el gobierno los extradita o no, \u00bfEn qu\u00e9 piensa que quedar\u00e1 todo esto?<\/strong><\/p>\n<p> \t\u00a0<\/p>\n<p> \tConfiamos en que puedan viajar a argentina y sean juzgados all\u00ed. Sabemos que no ser\u00e1 f\u00e1cil pero es por lo que estamos batallando. Que finalmente se pueda hacer justicia.<\/p>\n<p> \t\u00a0<\/p>\n<p> \t(Al t\u00e9rmino de esta entrevista se ha sabido que la Fiscal\u00eda espa\u00f1ola, para evitar dicha extradici\u00f3n, se plantea abrir un procedimiento a &ldquo;Billy el Ni\u00f1o&rdquo; y al ex capit\u00e1n de la\u00a0 Guardia Civil, Jes\u00fas Mu\u00f1ecas Aguilar. La Ley de Amnist\u00eda de 1977, usada como una verdadera Ley de Punto Final, ser\u00e1 otro escollo para la extradici\u00f3n, que se presume imposible cuando las autoridades espa\u00f1olas ya han demostrado que no quieren colaborar con la justicia argentina.)<\/p>\n<p> \t\u00a0<\/p>\n<p> \t<strong>\u00bfCu\u00e1les fueron las irregularidades que ustedes denuncian, tanto en la instrucci\u00f3n, como en el juicio de su hermano?<\/strong><\/p>\n<p> \t\u00a0<\/p>\n<p> \tMi hermano fue el chivo expiatorio tras el atentado a Carrero Blanco. Era anarquista, de una peque\u00f1a organizaci\u00f3n, y no tuvo el apoyo de ning\u00fan grupo pol\u00edtico, y adem\u00e1s le acusaban de matar a un polic\u00eda, \u00bfqu\u00e9 mejor ocasi\u00f3n para vengarse? Tambi\u00e9n como lo mataron, hac\u00eda mucho tiempo que no se utilizaba el garrote vil, y aqu\u00ed demostraron su mala sa\u00f1a. Lo de Carrero ocurri\u00f3 el 20 de diciembre, el 8 de enero se hizo el Consejo de Guerra a mi hermano y a otros dos compa\u00f1eros. Y el 11 de enero sali\u00f3 la sentencia. Los abogados recurrieron y el 14 de febrero se ratific\u00f3 la sentencia. El 2 de marzo lo asesinaron.<\/p>\n<p> \t\u00a0<\/p>\n<p> \tEn el juicio no permitieron que los abogados presentaran las pruebas de bal\u00edstica, dec\u00edan que ellos eran militares y ya sab\u00edan de armas. El polic\u00eda que muri\u00f3 durante la detecci\u00f3n de mi hermano lleg\u00f3 al Hospital Cl\u00ednico, pero cuando certificaron su muerte, se lo llevaron a una comisar\u00eda para hacerle la autopsia, cuando estaban en un hospital que ten\u00eda un departamento anat\u00f3mico-forense, donde le pod\u00edan practicar una autopsia con todas las garant\u00edas. Nunca o\u00ed que en las comisar\u00edas se hicieran autopsias, ni qu\u00e9 eso fuera legal. Tampoco admitieron las declaraciones de los m\u00e9dicos que estaban de guardia en el hospital.<\/p>\n<p> \t\u00a0<\/p>\n<p> \t(El cuerpo del polic\u00eda ten\u00eda cinco impactos de bala, la pistola de Salvador hab\u00eda disparado dos. Seg\u00fan fuentes period\u00edsticas de la \u00e9poca, el agente muerto, al ver que el anarquista sacaba su pistola, se abalanz\u00f3 sobre \u00e9l, momento en que sus compa\u00f1eros comenzaron a disparar.)<\/p>\n<p> \t\u00a0<\/p>\n<p> \t<strong>Jos\u00e9 Utrera Molina, suegro del actual ministro de Justicia, Alberto Ruiz Gallard\u00f3n, fue el que firm\u00f3 la sentencia de muerte de su hermano. Parece, como el exministro franquista Mart\u00edn Villa, que no se arrepienten y est\u00e1n muy tranquilos. \u00bfQu\u00e9 opina?<\/strong><\/p>\n<p> \t\u00a0<\/p>\n<p> \tDespu\u00e9s de 35 a\u00f1os de democracia no hemos podido hacer justicia, no podemos mirar atr\u00e1s, hablar del pasado, parece que nos obligan a olvidar. Muchos de los que gobernaron en el franquismo a\u00fan hoy tienen cargos de poder y siguen manejando las riendas. Se jactan de su actitud, lo llevan haciendo eternamente. Confiamos que sea por poco tiempo y que comparezcan delante de un juez, que se haga justicia y que todas las personas que lucharon en contra de la dictadura y sufrieron por ello puedan, finalmente, reivindicar su lucha.<\/p>\n<p> \t\u00a0<\/p>\n<p> \t<strong>\u00bfQu\u00e9 espera de las autoridades espa\u00f1olas?<\/strong><\/p>\n<p> \t\u00a0<\/p>\n<p> \tQue acaten a la juez argentina. No ser\u00e1 nada f\u00e1cil pero espero y conf\u00edo que no quede en agua de borraja. Siempre hay el momento de la verdad y creo que ya nos toca.<\/p>\n<p> \t\u00a0<\/p>\n<p> \t<strong>\u00bfY de las argentinas?<\/strong><\/p>\n<p> \t\u00a0<\/p>\n<p> \tQue contin\u00faen con la causa de genocidio a lesa humanidad con el mismo ah\u00ednco que hasta ahora. Que no se ablanden frente a las posibles trabas que se encontraran por parte del gobierno espa\u00f1ol, y que nos ayuden a deshilar este ovillo tan enmara\u00f1ado.<\/p>\n<p> \t\u00a0<\/p>\n<p> \t<strong>\u00bfQuiere a\u00f1adir algo m\u00e1s?<\/strong><\/p>\n<p> \t\u00a0<\/p>\n<p> \tHace dos semanas que hablo de mi hermano, para ello me he tenido que ir a 10.000 kil\u00f3metros lejos de mi casa. Pero estas preguntas me han costado contestarlas&hellip;<\/p>\n<p> \t\u00a0<\/p>\n<p> \t<strong>Lo entiendo, y por ello se lo agradezco.<\/strong><\/p>","protected":false},"excerpt":{"rendered":"<p>El 2 de marzo de 1974, el patio de la c\u00e1rcel Modelo de Barcelona estaba lleno de polic\u00edas, de uniforme y de paisano, para presenciar un acto macabro, casi medieval. El verdugo Antonio L\u00f3pez Guerra vino expresamente de Madrid, porque el titular de la plaza de &ldquo;ejecutor de sentencias&rdquo; de [&hellip;]<\/p>\n","protected":false},"author":1,"featured_media":0,"comment_status":"open","ping_status":"open","sticky":false,"template":"","format":"standard","meta":{"footnotes":""},"categories":[3,58],"tags":[],"class_list":["post-4641","post","type-post","status-publish","format-standard","hentry","category-actualidad","category-estado-espanol"],"yoast_head":"<!-- This site is optimized with the Yoast SEO plugin v27.5 - https:\/\/yoast.com\/product\/yoast-seo-wordpress\/ -->\n<title>\u201cMI HERMANO FUE EL CHIVO EXPIATORIO TRAS EL ATENTADO A CARRERO BLANCO\u201d - Revista Rambla<\/title>\n<meta name=\"robots\" content=\"index, follow, max-snippet:-1, max-image-preview:large, max-video-preview:-1\" \/>\n<link rel=\"canonical\" href=\"https:\/\/www.revistarambla.com\/en\/mi-hermano-fue-el-chivo-expiatorio-tras-el-atentado-a-carrero-blanco\/\" \/>\n<meta property=\"og:locale\" content=\"en_GB\" \/>\n<meta property=\"og:type\" content=\"article\" \/>\n<meta property=\"og:title\" content=\"\u201cMI HERMANO FUE EL CHIVO EXPIATORIO TRAS EL ATENTADO A CARRERO BLANCO\u201d - Revista Rambla\" \/>\n<meta property=\"og:description\" content=\"El 2 de marzo de 1974, el patio de la c\u00e1rcel Modelo de Barcelona estaba lleno de polic\u00edas, de uniforme y de paisano, para presenciar un acto macabro, casi medieval. El verdugo Antonio L\u00f3pez Guerra vino expresamente de Madrid, porque el titular de la plaza de &ldquo;ejecutor de sentencias&rdquo; de [&hellip;]\" \/>\n<meta property=\"og:url\" content=\"https:\/\/www.revistarambla.com\/en\/mi-hermano-fue-el-chivo-expiatorio-tras-el-atentado-a-carrero-blanco\/\" \/>\n<meta property=\"og:site_name\" content=\"Revista Rambla\" \/>\n<meta property=\"article:publisher\" content=\"https:\/\/www.facebook.com\/revistarambla\/\" \/>\n<meta property=\"article:published_time\" content=\"2014-01-13T11:58:13+00:00\" \/>\n<meta property=\"article:modified_time\" content=\"2019-09-30T15:12:30+00:00\" \/>\n<meta property=\"og:image\" content=\"https:\/\/i2.wp.com\/www.revistarambla.com\/wp-content\/uploads\/2014\/01\/rambla_antich_01.jpg?fit=682%2C450&ssl=1\" \/>\n\t<meta property=\"og:image:width\" content=\"682\" \/>\n\t<meta property=\"og:image:height\" content=\"450\" \/>\n\t<meta property=\"og:image:type\" content=\"image\/jpeg\" \/>\n<meta name=\"author\" content=\"admin\" \/>\n<meta name=\"twitter:card\" content=\"summary_large_image\" \/>\n<meta name=\"twitter:creator\" content=\"@revistarambla\" \/>\n<meta name=\"twitter:site\" content=\"@revistarambla\" \/>\n<meta name=\"twitter:label1\" content=\"Written by\" \/>\n\t<meta name=\"twitter:data1\" content=\"admin\" \/>\n\t<meta name=\"twitter:label2\" content=\"Estimated reading time\" \/>\n\t<meta name=\"twitter:data2\" content=\"8 minutes\" \/>\n<script type=\"application\/ld+json\" class=\"yoast-schema-graph\">{\"@context\":\"https:\\\/\\\/schema.org\",\"@graph\":[{\"@type\":\"Article\",\"@id\":\"https:\\\/\\\/www.revistarambla.com\\\/mi-hermano-fue-el-chivo-expiatorio-tras-el-atentado-a-carrero-blanco\\\/#article\",\"isPartOf\":{\"@id\":\"https:\\\/\\\/www.revistarambla.com\\\/mi-hermano-fue-el-chivo-expiatorio-tras-el-atentado-a-carrero-blanco\\\/\"},\"author\":{\"name\":\"admin\",\"@id\":\"https:\\\/\\\/www.revistarambla.com\\\/#\\\/schema\\\/person\\\/4a5652fc8c82df1f8593002d038cd79e\"},\"headline\":\"\u201cMI HERMANO FUE EL CHIVO EXPIATORIO TRAS EL ATENTADO A CARRERO BLANCO\u201d\",\"datePublished\":\"2014-01-13T11:58:13+00:00\",\"dateModified\":\"2019-09-30T15:12:30+00:00\",\"mainEntityOfPage\":{\"@id\":\"https:\\\/\\\/www.revistarambla.com\\\/mi-hermano-fue-el-chivo-expiatorio-tras-el-atentado-a-carrero-blanco\\\/\"},\"wordCount\":1609,\"commentCount\":0,\"publisher\":{\"@id\":\"https:\\\/\\\/www.revistarambla.com\\\/#organization\"},\"image\":{\"@id\":\"https:\\\/\\\/www.revistarambla.com\\\/mi-hermano-fue-el-chivo-expiatorio-tras-el-atentado-a-carrero-blanco\\\/#primaryimage\"},\"thumbnailUrl\":\"https:\\\/\\\/www.revistarambla.com\\\/wp-content\\\/uploads\\\/2014\\\/01\\\/rambla_antich_01.jpg\",\"articleSection\":[\"Actualidad\",\"Estado Espa\u00f1ol\"],\"inLanguage\":\"en-GB\",\"potentialAction\":[{\"@type\":\"CommentAction\",\"name\":\"Comment\",\"target\":[\"https:\\\/\\\/www.revistarambla.com\\\/mi-hermano-fue-el-chivo-expiatorio-tras-el-atentado-a-carrero-blanco\\\/#respond\"]}]},{\"@type\":\"WebPage\",\"@id\":\"https:\\\/\\\/www.revistarambla.com\\\/mi-hermano-fue-el-chivo-expiatorio-tras-el-atentado-a-carrero-blanco\\\/\",\"url\":\"https:\\\/\\\/www.revistarambla.com\\\/mi-hermano-fue-el-chivo-expiatorio-tras-el-atentado-a-carrero-blanco\\\/\",\"name\":\"\u201cMI HERMANO FUE EL CHIVO EXPIATORIO TRAS EL ATENTADO A CARRERO BLANCO\u201d - Revista Rambla\",\"isPartOf\":{\"@id\":\"https:\\\/\\\/www.revistarambla.com\\\/#website\"},\"primaryImageOfPage\":{\"@id\":\"https:\\\/\\\/www.revistarambla.com\\\/mi-hermano-fue-el-chivo-expiatorio-tras-el-atentado-a-carrero-blanco\\\/#primaryimage\"},\"image\":{\"@id\":\"https:\\\/\\\/www.revistarambla.com\\\/mi-hermano-fue-el-chivo-expiatorio-tras-el-atentado-a-carrero-blanco\\\/#primaryimage\"},\"thumbnailUrl\":\"https:\\\/\\\/www.revistarambla.com\\\/wp-content\\\/uploads\\\/2014\\\/01\\\/rambla_antich_01.jpg\",\"datePublished\":\"2014-01-13T11:58:13+00:00\",\"dateModified\":\"2019-09-30T15:12:30+00:00\",\"breadcrumb\":{\"@id\":\"https:\\\/\\\/www.revistarambla.com\\\/mi-hermano-fue-el-chivo-expiatorio-tras-el-atentado-a-carrero-blanco\\\/#breadcrumb\"},\"inLanguage\":\"en-GB\",\"potentialAction\":[{\"@type\":\"ReadAction\",\"target\":[\"https:\\\/\\\/www.revistarambla.com\\\/mi-hermano-fue-el-chivo-expiatorio-tras-el-atentado-a-carrero-blanco\\\/\"]}]},{\"@type\":\"ImageObject\",\"inLanguage\":\"en-GB\",\"@id\":\"https:\\\/\\\/www.revistarambla.com\\\/mi-hermano-fue-el-chivo-expiatorio-tras-el-atentado-a-carrero-blanco\\\/#primaryimage\",\"url\":\"https:\\\/\\\/www.revistarambla.com\\\/wp-content\\\/uploads\\\/2014\\\/01\\\/rambla_antich_01.jpg\",\"contentUrl\":\"https:\\\/\\\/www.revistarambla.com\\\/wp-content\\\/uploads\\\/2014\\\/01\\\/rambla_antich_01.jpg\"},{\"@type\":\"BreadcrumbList\",\"@id\":\"https:\\\/\\\/www.revistarambla.com\\\/mi-hermano-fue-el-chivo-expiatorio-tras-el-atentado-a-carrero-blanco\\\/#breadcrumb\",\"itemListElement\":[{\"@type\":\"ListItem\",\"position\":1,\"name\":\"Portada\",\"item\":\"https:\\\/\\\/www.revistarambla.com\\\/\"},{\"@type\":\"ListItem\",\"position\":2,\"name\":\"\u201cMI HERMANO FUE EL CHIVO EXPIATORIO TRAS EL ATENTADO A CARRERO BLANCO\u201d\"}]},{\"@type\":\"WebSite\",\"@id\":\"https:\\\/\\\/www.revistarambla.com\\\/#website\",\"url\":\"https:\\\/\\\/www.revistarambla.com\\\/\",\"name\":\"Revista Rambla Barcelona\",\"description\":\"Periodismo independiente\",\"publisher\":{\"@id\":\"https:\\\/\\\/www.revistarambla.com\\\/#organization\"},\"potentialAction\":[{\"@type\":\"SearchAction\",\"target\":{\"@type\":\"EntryPoint\",\"urlTemplate\":\"https:\\\/\\\/www.revistarambla.com\\\/?s={search_term_string}\"},\"query-input\":{\"@type\":\"PropertyValueSpecification\",\"valueRequired\":true,\"valueName\":\"search_term_string\"}}],\"inLanguage\":\"en-GB\"},{\"@type\":\"Organization\",\"@id\":\"https:\\\/\\\/www.revistarambla.com\\\/#organization\",\"name\":\"Revista Rambla\",\"url\":\"https:\\\/\\\/www.revistarambla.com\\\/\",\"logo\":{\"@type\":\"ImageObject\",\"inLanguage\":\"en-GB\",\"@id\":\"https:\\\/\\\/www.revistarambla.com\\\/#\\\/schema\\\/logo\\\/image\\\/\",\"url\":\"https:\\\/\\\/www.revistarambla.com\\\/wp-content\\\/uploads\\\/2020\\\/09\\\/banner_rambla_1900x600_BB.png\",\"contentUrl\":\"https:\\\/\\\/www.revistarambla.com\\\/wp-content\\\/uploads\\\/2020\\\/09\\\/banner_rambla_1900x600_BB.png\",\"width\":1900,\"height\":600,\"caption\":\"Revista Rambla\"},\"image\":{\"@id\":\"https:\\\/\\\/www.revistarambla.com\\\/#\\\/schema\\\/logo\\\/image\\\/\"},\"sameAs\":[\"https:\\\/\\\/www.facebook.com\\\/revistarambla\\\/\",\"https:\\\/\\\/x.com\\\/revistarambla\",\"https:\\\/\\\/www.instagram.com\\\/revista_rambla\",\"https:\\\/\\\/es.linkedin.com\\\/company\\\/revista-rambla\"]},{\"@type\":\"Person\",\"@id\":\"https:\\\/\\\/www.revistarambla.com\\\/#\\\/schema\\\/person\\\/4a5652fc8c82df1f8593002d038cd79e\",\"name\":\"admin\"}]}<\/script>\n<!-- \/ Yoast SEO plugin. -->","yoast_head_json":{"title":"\u201cMI HERMANO FUE EL CHIVO EXPIATORIO TRAS EL ATENTADO A CARRERO BLANCO\u201d - Revista Rambla","robots":{"index":"index","follow":"follow","max-snippet":"max-snippet:-1","max-image-preview":"max-image-preview:large","max-video-preview":"max-video-preview:-1"},"canonical":"https:\/\/www.revistarambla.com\/en\/mi-hermano-fue-el-chivo-expiatorio-tras-el-atentado-a-carrero-blanco\/","og_locale":"en_GB","og_type":"article","og_title":"\u201cMI HERMANO FUE EL CHIVO EXPIATORIO TRAS EL ATENTADO A CARRERO BLANCO\u201d - Revista Rambla","og_description":"El 2 de marzo de 1974, el patio de la c\u00e1rcel Modelo de Barcelona estaba lleno de polic\u00edas, de uniforme y de paisano, para presenciar un acto macabro, casi medieval. El verdugo Antonio L\u00f3pez Guerra vino expresamente de Madrid, porque el titular de la plaza de &ldquo;ejecutor de sentencias&rdquo; de [&hellip;]","og_url":"https:\/\/www.revistarambla.com\/en\/mi-hermano-fue-el-chivo-expiatorio-tras-el-atentado-a-carrero-blanco\/","og_site_name":"Revista Rambla","article_publisher":"https:\/\/www.facebook.com\/revistarambla\/","article_published_time":"2014-01-13T11:58:13+00:00","article_modified_time":"2019-09-30T15:12:30+00:00","og_image":[{"width":682,"height":450,"url":"https:\/\/i2.wp.com\/www.revistarambla.com\/wp-content\/uploads\/2014\/01\/rambla_antich_01.jpg?fit=682%2C450&ssl=1","type":"image\/jpeg"}],"author":"admin","twitter_card":"summary_large_image","twitter_creator":"@revistarambla","twitter_site":"@revistarambla","twitter_misc":{"Written by":"admin","Estimated reading time":"8 minutes"},"schema":{"@context":"https:\/\/schema.org","@graph":[{"@type":"Article","@id":"https:\/\/www.revistarambla.com\/mi-hermano-fue-el-chivo-expiatorio-tras-el-atentado-a-carrero-blanco\/#article","isPartOf":{"@id":"https:\/\/www.revistarambla.com\/mi-hermano-fue-el-chivo-expiatorio-tras-el-atentado-a-carrero-blanco\/"},"author":{"name":"admin","@id":"https:\/\/www.revistarambla.com\/#\/schema\/person\/4a5652fc8c82df1f8593002d038cd79e"},"headline":"\u201cMI HERMANO FUE EL CHIVO EXPIATORIO TRAS EL ATENTADO A CARRERO BLANCO\u201d","datePublished":"2014-01-13T11:58:13+00:00","dateModified":"2019-09-30T15:12:30+00:00","mainEntityOfPage":{"@id":"https:\/\/www.revistarambla.com\/mi-hermano-fue-el-chivo-expiatorio-tras-el-atentado-a-carrero-blanco\/"},"wordCount":1609,"commentCount":0,"publisher":{"@id":"https:\/\/www.revistarambla.com\/#organization"},"image":{"@id":"https:\/\/www.revistarambla.com\/mi-hermano-fue-el-chivo-expiatorio-tras-el-atentado-a-carrero-blanco\/#primaryimage"},"thumbnailUrl":"https:\/\/www.revistarambla.com\/wp-content\/uploads\/2014\/01\/rambla_antich_01.jpg","articleSection":["Actualidad","Estado Espa\u00f1ol"],"inLanguage":"en-GB","potentialAction":[{"@type":"CommentAction","name":"Comment","target":["https:\/\/www.revistarambla.com\/mi-hermano-fue-el-chivo-expiatorio-tras-el-atentado-a-carrero-blanco\/#respond"]}]},{"@type":"WebPage","@id":"https:\/\/www.revistarambla.com\/mi-hermano-fue-el-chivo-expiatorio-tras-el-atentado-a-carrero-blanco\/","url":"https:\/\/www.revistarambla.com\/mi-hermano-fue-el-chivo-expiatorio-tras-el-atentado-a-carrero-blanco\/","name":"\u201cMI HERMANO FUE EL CHIVO EXPIATORIO TRAS EL ATENTADO A CARRERO BLANCO\u201d - Revista Rambla","isPartOf":{"@id":"https:\/\/www.revistarambla.com\/#website"},"primaryImageOfPage":{"@id":"https:\/\/www.revistarambla.com\/mi-hermano-fue-el-chivo-expiatorio-tras-el-atentado-a-carrero-blanco\/#primaryimage"},"image":{"@id":"https:\/\/www.revistarambla.com\/mi-hermano-fue-el-chivo-expiatorio-tras-el-atentado-a-carrero-blanco\/#primaryimage"},"thumbnailUrl":"https:\/\/www.revistarambla.com\/wp-content\/uploads\/2014\/01\/rambla_antich_01.jpg","datePublished":"2014-01-13T11:58:13+00:00","dateModified":"2019-09-30T15:12:30+00:00","breadcrumb":{"@id":"https:\/\/www.revistarambla.com\/mi-hermano-fue-el-chivo-expiatorio-tras-el-atentado-a-carrero-blanco\/#breadcrumb"},"inLanguage":"en-GB","potentialAction":[{"@type":"ReadAction","target":["https:\/\/www.revistarambla.com\/mi-hermano-fue-el-chivo-expiatorio-tras-el-atentado-a-carrero-blanco\/"]}]},{"@type":"ImageObject","inLanguage":"en-GB","@id":"https:\/\/www.revistarambla.com\/mi-hermano-fue-el-chivo-expiatorio-tras-el-atentado-a-carrero-blanco\/#primaryimage","url":"https:\/\/www.revistarambla.com\/wp-content\/uploads\/2014\/01\/rambla_antich_01.jpg","contentUrl":"https:\/\/www.revistarambla.com\/wp-content\/uploads\/2014\/01\/rambla_antich_01.jpg"},{"@type":"BreadcrumbList","@id":"https:\/\/www.revistarambla.com\/mi-hermano-fue-el-chivo-expiatorio-tras-el-atentado-a-carrero-blanco\/#breadcrumb","itemListElement":[{"@type":"ListItem","position":1,"name":"Portada","item":"https:\/\/www.revistarambla.com\/"},{"@type":"ListItem","position":2,"name":"\u201cMI HERMANO FUE EL CHIVO EXPIATORIO TRAS EL ATENTADO A CARRERO BLANCO\u201d"}]},{"@type":"WebSite","@id":"https:\/\/www.revistarambla.com\/#website","url":"https:\/\/www.revistarambla.com\/","name":"Revista Rambla Barcelona","description":"Periodismo independiente","publisher":{"@id":"https:\/\/www.revistarambla.com\/#organization"},"potentialAction":[{"@type":"SearchAction","target":{"@type":"EntryPoint","urlTemplate":"https:\/\/www.revistarambla.com\/?s={search_term_string}"},"query-input":{"@type":"PropertyValueSpecification","valueRequired":true,"valueName":"search_term_string"}}],"inLanguage":"en-GB"},{"@type":"Organization","@id":"https:\/\/www.revistarambla.com\/#organization","name":"Revista Rambla","url":"https:\/\/www.revistarambla.com\/","logo":{"@type":"ImageObject","inLanguage":"en-GB","@id":"https:\/\/www.revistarambla.com\/#\/schema\/logo\/image\/","url":"https:\/\/www.revistarambla.com\/wp-content\/uploads\/2020\/09\/banner_rambla_1900x600_BB.png","contentUrl":"https:\/\/www.revistarambla.com\/wp-content\/uploads\/2020\/09\/banner_rambla_1900x600_BB.png","width":1900,"height":600,"caption":"Revista Rambla"},"image":{"@id":"https:\/\/www.revistarambla.com\/#\/schema\/logo\/image\/"},"sameAs":["https:\/\/www.facebook.com\/revistarambla\/","https:\/\/x.com\/revistarambla","https:\/\/www.instagram.com\/revista_rambla","https:\/\/es.linkedin.com\/company\/revista-rambla"]},{"@type":"Person","@id":"https:\/\/www.revistarambla.com\/#\/schema\/person\/4a5652fc8c82df1f8593002d038cd79e","name":"admin"}]}},"_links":{"self":[{"href":"https:\/\/www.revistarambla.com\/en\/wp-json\/wp\/v2\/posts\/4641","targetHints":{"allow":["GET"]}}],"collection":[{"href":"https:\/\/www.revistarambla.com\/en\/wp-json\/wp\/v2\/posts"}],"about":[{"href":"https:\/\/www.revistarambla.com\/en\/wp-json\/wp\/v2\/types\/post"}],"author":[{"embeddable":true,"href":"https:\/\/www.revistarambla.com\/en\/wp-json\/wp\/v2\/users\/1"}],"replies":[{"embeddable":true,"href":"https:\/\/www.revistarambla.com\/en\/wp-json\/wp\/v2\/comments?post=4641"}],"version-history":[{"count":0,"href":"https:\/\/www.revistarambla.com\/en\/wp-json\/wp\/v2\/posts\/4641\/revisions"}],"wp:attachment":[{"href":"https:\/\/www.revistarambla.com\/en\/wp-json\/wp\/v2\/media?parent=4641"}],"wp:term":[{"taxonomy":"category","embeddable":true,"href":"https:\/\/www.revistarambla.com\/en\/wp-json\/wp\/v2\/categories?post=4641"},{"taxonomy":"post_tag","embeddable":true,"href":"https:\/\/www.revistarambla.com\/en\/wp-json\/wp\/v2\/tags?post=4641"}],"curies":[{"name":"wp","href":"https:\/\/api.w.org\/{rel}","templated":true}]}}