{"id":46296,"date":"2022-09-07T19:21:15","date_gmt":"2022-09-07T17:21:15","guid":{"rendered":"https:\/\/www.revistarambla.com\/?p=46296"},"modified":"2022-09-07T19:23:08","modified_gmt":"2022-09-07T17:23:08","slug":"el-poder-y-la-gloria","status":"publish","type":"post","link":"https:\/\/www.revistarambla.com\/en\/el-poder-y-la-gloria\/","title":{"rendered":"El poder y la gloria"},"content":{"rendered":"<p>So\u00f1\u00e9 que despertaba en un pa\u00eds centroamericano cuyo realismo m\u00e1gico mezclaba la realidad y la ficci\u00f3n. Todav\u00eda no pod\u00eda dilucidar si me encontraba en M\u00e9xico<!--more--> o quiz\u00e1 tal vez en Nicaragua, cuando apareci\u00f3 de repente un singular sacerdote al que todos llamaban \u00abPater Whisky\u00bb. Era un d\u00eda muy t\u00f3rrido y \u00e9l se notaba que sudaba bajo sus h\u00e1bitos porque ven\u00eda muy apurado huyendo de la justicia. Enseguida me llev\u00f3 a un lugar oscuro de una cantina y comenz\u00f3 a beber cerveza. La comida era sabrosa y \u00e9l comenz\u00f3 a contarme que lo de huir le ven\u00eda de familia, porque hab\u00eda tenido familiares que tuvieron que huir de M\u00e9xico por la guerra cristera. En efecto, su \u00faltimo serm\u00f3n dominical parec\u00eda haber sido la gota que colm\u00f3 el vaso y por eso ahora andaba muy preocupado. No en balde, Daniel Ortega estaba empezado a mirar con malos ojos a todos aquellos se hab\u00edan erigido como pastores de reba\u00f1o y por eso sus soldados cargados con fusiles les esperaban en la puerta los domingos, cuando llenaban las iglesias para difundir la palabra de Dios. En ese preciso momento, una preciosa jovencita sali\u00f3 al escenario y se hizo el silencio, mientras ella se puso a cantar una visceral ranchera sobre un ingrato que se fue.<\/p>\n<p>\u2015Padre, debe de haber alguna manera de salir de aqu\u00ed\u2026<\/p>\n<p>\u2015Podemos huir juntos a M\u00e9xico\u2026 hay un barco que sale pasado ma\u00f1ana a las tres.<\/p>\n<p>\u2015Parece que los dos tenemos mucha prisa por salir de aqu\u00ed.<\/p>\n<p>\u2015Creo que me andan buscando\u2026<\/p>\n<p>\u2015\u00bfY t\u00fa que has hecho? \u2015Pregunt\u00f3 el sacerdote.<\/p>\n<p>\u2015Nada. Supongo que me cans\u00e9 de estar aqu\u00ed y quiero volver a mi casa.<\/p>\n<p>\u2015\u00bfTienes dinero? Tenemos que sobornar a los marineros para pagar el viaje.<\/p>\n<p>\u2015S\u00ed.<\/p>\n<p>\u2015\u00bfTe f\u00edas de m\u00ed?<\/p>\n<p>\u2015Me caes bien, pero tengo que reconocer que nunca hab\u00eda visto un sacerdote tan bolichero\u2026<\/p>\n<p>\u2015\u00bfC\u00f3mo me has encontrado? \u00bfPor qu\u00e9 has venido aqu\u00ed?<\/p>\n<p>\u2015Por nada en especial. Andaba buscando un dentista. Me dijeron que preguntara por aqu\u00ed.<\/p>\n<p>\u2015No te aconsejo que vayas al dentista aqu\u00ed. Es mejor que esperes a que lleguemos a M\u00e9xico.<\/p>\n<p>\u2015\u00bfPor qu\u00e9?<\/p>\n<p>\u2015Te contar\u00e9 un secreto. Daniel Ortega suele premiar a los afines a su r\u00e9gimen. En otras palabras, los estudiantes de odontolog\u00eda cuando comienzan el segundo curso pasan sin m\u00e1s al cuarto curso. Es decir, los dentistas del pueblo te pueden hacer una carnicer\u00eda en un santiam\u00e9n.<\/p>\n<p>\u2015Entiendo.<\/p>\n<p>\u2015Pero eso es lo menos malo que hace su r\u00e9gimen con los estudiantes.<\/p>\n<p>\u2015En efecto, todo el mundo conoce su brutal represi\u00f3n de las protestas estudiantiles. Algunos estudiantes nunca aparecen y todos sabemos que est\u00e1n muertos.<\/p>\n<p>\u2015\u00bfPor qu\u00e9 crees que la revoluci\u00f3n sandinista ha terminado as\u00ed?<\/p>\n<p>\u2015No lo s\u00e9. Supongo que tiene mucho que ver que es una dictadura aislada. Una dictadura que critica a los sacerdotes de la Iglesia cat\u00f3lica, y sin embargo, su r\u00e9gimen se dice esot\u00e9rico y cuando le parece bien, se gu\u00eda por los mensajes que la esposa de Daniel Ortega, interpreta en la posici\u00f3n de los astros. Algo que consigue gracias a que anda equipada con un gran telescopio, un aparato de \u00faltima tecnolog\u00eda con el que alcanza a ver en el vasto cielo nocturno.<\/p>","protected":false},"excerpt":{"rendered":"<p>La esposa de Daniel Ortega interpreta la posici\u00f3n de los astros. Algo que consigue gracias a que anda equipada con un gran telescopio, un aparato de \u00faltima tecnolog\u00eda con el que alcanza a ver en el vasto cielo nocturno.<\/p>","protected":false},"author":294,"featured_media":46297,"comment_status":"closed","ping_status":"open","sticky":false,"template":"","format":"standard","meta":{"footnotes":""},"categories":[3908],"tags":[],"class_list":["post-46296","post","type-post","status-publish","format-standard","has-post-thumbnail","hentry","category-la-bodeguita-de-hemingway"],"yoast_head":"<!-- This site is optimized with the Yoast SEO plugin v27.5 - https:\/\/yoast.com\/product\/yoast-seo-wordpress\/ -->\n<title>El poder y la gloria - Revista Rambla<\/title>\n<meta name=\"robots\" content=\"index, follow, max-snippet:-1, max-image-preview:large, max-video-preview:-1\" \/>\n<link rel=\"canonical\" href=\"https:\/\/www.revistarambla.com\/en\/el-poder-y-la-gloria\/\" \/>\n<meta property=\"og:locale\" content=\"en_GB\" \/>\n<meta property=\"og:type\" content=\"article\" \/>\n<meta property=\"og:title\" content=\"El poder y la gloria - Revista Rambla\" \/>\n<meta property=\"og:description\" content=\"La esposa de Daniel Ortega interpreta la posici\u00f3n de los astros. Algo que consigue gracias a que anda equipada con un gran telescopio, un aparato de \u00faltima tecnolog\u00eda con el que alcanza a ver en el vasto cielo nocturno.\" \/>\n<meta property=\"og:url\" content=\"https:\/\/www.revistarambla.com\/en\/el-poder-y-la-gloria\/\" \/>\n<meta property=\"og:site_name\" content=\"Revista Rambla\" \/>\n<meta property=\"article:publisher\" content=\"https:\/\/www.facebook.com\/revistarambla\/\" \/>\n<meta property=\"article:published_time\" content=\"2022-09-07T17:21:15+00:00\" \/>\n<meta property=\"article:modified_time\" content=\"2022-09-07T17:23:08+00:00\" \/>\n<meta property=\"og:image\" content=\"https:\/\/www.revistarambla.com\/wp-content\/uploads\/2022\/09\/rosario-murillo-22-738x375-1.jpg\" \/>\n\t<meta property=\"og:image:width\" content=\"738\" \/>\n\t<meta property=\"og:image:height\" content=\"375\" \/>\n\t<meta property=\"og:image:type\" content=\"image\/jpeg\" \/>\n<meta name=\"author\" content=\"Jos\u00e9 Antonio Gamero Romero\" \/>\n<meta name=\"twitter:card\" content=\"summary_large_image\" \/>\n<meta name=\"twitter:creator\" content=\"@revistarambla\" \/>\n<meta name=\"twitter:site\" content=\"@revistarambla\" \/>\n<meta name=\"twitter:label1\" content=\"Written by\" \/>\n\t<meta name=\"twitter:data1\" content=\"Jos\u00e9 Antonio Gamero Romero\" \/>\n\t<meta name=\"twitter:label2\" content=\"Estimated reading time\" \/>\n\t<meta name=\"twitter:data2\" content=\"3 minutes\" \/>\n<script type=\"application\/ld+json\" class=\"yoast-schema-graph\">{\"@context\":\"https:\\\/\\\/schema.org\",\"@graph\":[{\"@type\":\"Article\",\"@id\":\"https:\\\/\\\/www.revistarambla.com\\\/el-poder-y-la-gloria\\\/#article\",\"isPartOf\":{\"@id\":\"https:\\\/\\\/www.revistarambla.com\\\/el-poder-y-la-gloria\\\/\"},\"author\":{\"name\":\"Jos\u00e9 Antonio Gamero Romero\",\"@id\":\"https:\\\/\\\/www.revistarambla.com\\\/#\\\/schema\\\/person\\\/94294f57cf4910853e3280fda7339bfc\"},\"headline\":\"El poder y la gloria\",\"datePublished\":\"2022-09-07T17:21:15+00:00\",\"dateModified\":\"2022-09-07T17:23:08+00:00\",\"mainEntityOfPage\":{\"@id\":\"https:\\\/\\\/www.revistarambla.com\\\/el-poder-y-la-gloria\\\/\"},\"wordCount\":568,\"publisher\":{\"@id\":\"https:\\\/\\\/www.revistarambla.com\\\/#organization\"},\"image\":{\"@id\":\"https:\\\/\\\/www.revistarambla.com\\\/el-poder-y-la-gloria\\\/#primaryimage\"},\"thumbnailUrl\":\"https:\\\/\\\/www.revistarambla.com\\\/wp-content\\\/uploads\\\/2022\\\/09\\\/rosario-murillo-22-738x375-1.jpg\",\"articleSection\":[\"La bodeguita de Hemingway\"],\"inLanguage\":\"en-GB\"},{\"@type\":\"WebPage\",\"@id\":\"https:\\\/\\\/www.revistarambla.com\\\/el-poder-y-la-gloria\\\/\",\"url\":\"https:\\\/\\\/www.revistarambla.com\\\/el-poder-y-la-gloria\\\/\",\"name\":\"El poder y la gloria - Revista Rambla\",\"isPartOf\":{\"@id\":\"https:\\\/\\\/www.revistarambla.com\\\/#website\"},\"primaryImageOfPage\":{\"@id\":\"https:\\\/\\\/www.revistarambla.com\\\/el-poder-y-la-gloria\\\/#primaryimage\"},\"image\":{\"@id\":\"https:\\\/\\\/www.revistarambla.com\\\/el-poder-y-la-gloria\\\/#primaryimage\"},\"thumbnailUrl\":\"https:\\\/\\\/www.revistarambla.com\\\/wp-content\\\/uploads\\\/2022\\\/09\\\/rosario-murillo-22-738x375-1.jpg\",\"datePublished\":\"2022-09-07T17:21:15+00:00\",\"dateModified\":\"2022-09-07T17:23:08+00:00\",\"breadcrumb\":{\"@id\":\"https:\\\/\\\/www.revistarambla.com\\\/el-poder-y-la-gloria\\\/#breadcrumb\"},\"inLanguage\":\"en-GB\",\"potentialAction\":[{\"@type\":\"ReadAction\",\"target\":[\"https:\\\/\\\/www.revistarambla.com\\\/el-poder-y-la-gloria\\\/\"]}]},{\"@type\":\"ImageObject\",\"inLanguage\":\"en-GB\",\"@id\":\"https:\\\/\\\/www.revistarambla.com\\\/el-poder-y-la-gloria\\\/#primaryimage\",\"url\":\"https:\\\/\\\/www.revistarambla.com\\\/wp-content\\\/uploads\\\/2022\\\/09\\\/rosario-murillo-22-738x375-1.jpg\",\"contentUrl\":\"https:\\\/\\\/www.revistarambla.com\\\/wp-content\\\/uploads\\\/2022\\\/09\\\/rosario-murillo-22-738x375-1.jpg\",\"width\":738,\"height\":375},{\"@type\":\"BreadcrumbList\",\"@id\":\"https:\\\/\\\/www.revistarambla.com\\\/el-poder-y-la-gloria\\\/#breadcrumb\",\"itemListElement\":[{\"@type\":\"ListItem\",\"position\":1,\"name\":\"Portada\",\"item\":\"https:\\\/\\\/www.revistarambla.com\\\/\"},{\"@type\":\"ListItem\",\"position\":2,\"name\":\"El poder y la gloria\"}]},{\"@type\":\"WebSite\",\"@id\":\"https:\\\/\\\/www.revistarambla.com\\\/#website\",\"url\":\"https:\\\/\\\/www.revistarambla.com\\\/\",\"name\":\"Revista Rambla Barcelona\",\"description\":\"Periodismo independiente\",\"publisher\":{\"@id\":\"https:\\\/\\\/www.revistarambla.com\\\/#organization\"},\"potentialAction\":[{\"@type\":\"SearchAction\",\"target\":{\"@type\":\"EntryPoint\",\"urlTemplate\":\"https:\\\/\\\/www.revistarambla.com\\\/?s={search_term_string}\"},\"query-input\":{\"@type\":\"PropertyValueSpecification\",\"valueRequired\":true,\"valueName\":\"search_term_string\"}}],\"inLanguage\":\"en-GB\"},{\"@type\":\"Organization\",\"@id\":\"https:\\\/\\\/www.revistarambla.com\\\/#organization\",\"name\":\"Revista Rambla\",\"url\":\"https:\\\/\\\/www.revistarambla.com\\\/\",\"logo\":{\"@type\":\"ImageObject\",\"inLanguage\":\"en-GB\",\"@id\":\"https:\\\/\\\/www.revistarambla.com\\\/#\\\/schema\\\/logo\\\/image\\\/\",\"url\":\"https:\\\/\\\/www.revistarambla.com\\\/wp-content\\\/uploads\\\/2020\\\/09\\\/banner_rambla_1900x600_BB.png\",\"contentUrl\":\"https:\\\/\\\/www.revistarambla.com\\\/wp-content\\\/uploads\\\/2020\\\/09\\\/banner_rambla_1900x600_BB.png\",\"width\":1900,\"height\":600,\"caption\":\"Revista Rambla\"},\"image\":{\"@id\":\"https:\\\/\\\/www.revistarambla.com\\\/#\\\/schema\\\/logo\\\/image\\\/\"},\"sameAs\":[\"https:\\\/\\\/www.facebook.com\\\/revistarambla\\\/\",\"https:\\\/\\\/x.com\\\/revistarambla\",\"https:\\\/\\\/www.instagram.com\\\/revista_rambla\",\"https:\\\/\\\/es.linkedin.com\\\/company\\\/revista-rambla\"]},{\"@type\":\"Person\",\"@id\":\"https:\\\/\\\/www.revistarambla.com\\\/#\\\/schema\\\/person\\\/94294f57cf4910853e3280fda7339bfc\",\"name\":\"Jos\u00e9 Antonio Gamero Romero\",\"description\":\"Escritor sevillano finalista del premio Azor\u00edn 2014. Ha publicado en diferentes revistas como Culturamas, E\u00f1e, Visor, etc. Sus libros son: 'La invenci\u00f3n de los gigantes' (Buc\u00e9falo 2016); 'Literatura tridimensional' (Adarve 2018); 'S\u00f3crates no vino a Espa\u00f1a' (Samarcanda 2018); 'La rep\u00fablica del fin del mundo' (Tandaia 2018) y 'La bodeguita de Hemingway'.\"}]}<\/script>\n<!-- \/ Yoast SEO plugin. -->","yoast_head_json":{"title":"El poder y la gloria - Revista Rambla","robots":{"index":"index","follow":"follow","max-snippet":"max-snippet:-1","max-image-preview":"max-image-preview:large","max-video-preview":"max-video-preview:-1"},"canonical":"https:\/\/www.revistarambla.com\/en\/el-poder-y-la-gloria\/","og_locale":"en_GB","og_type":"article","og_title":"El poder y la gloria - Revista Rambla","og_description":"La esposa de Daniel Ortega interpreta la posici\u00f3n de los astros. Algo que consigue gracias a que anda equipada con un gran telescopio, un aparato de \u00faltima tecnolog\u00eda con el que alcanza a ver en el vasto cielo nocturno.","og_url":"https:\/\/www.revistarambla.com\/en\/el-poder-y-la-gloria\/","og_site_name":"Revista Rambla","article_publisher":"https:\/\/www.facebook.com\/revistarambla\/","article_published_time":"2022-09-07T17:21:15+00:00","article_modified_time":"2022-09-07T17:23:08+00:00","og_image":[{"width":738,"height":375,"url":"https:\/\/www.revistarambla.com\/wp-content\/uploads\/2022\/09\/rosario-murillo-22-738x375-1.jpg","type":"image\/jpeg"}],"author":"Jos\u00e9 Antonio Gamero Romero","twitter_card":"summary_large_image","twitter_creator":"@revistarambla","twitter_site":"@revistarambla","twitter_misc":{"Written by":"Jos\u00e9 Antonio Gamero Romero","Estimated reading time":"3 minutes"},"schema":{"@context":"https:\/\/schema.org","@graph":[{"@type":"Article","@id":"https:\/\/www.revistarambla.com\/el-poder-y-la-gloria\/#article","isPartOf":{"@id":"https:\/\/www.revistarambla.com\/el-poder-y-la-gloria\/"},"author":{"name":"Jos\u00e9 Antonio Gamero Romero","@id":"https:\/\/www.revistarambla.com\/#\/schema\/person\/94294f57cf4910853e3280fda7339bfc"},"headline":"El poder y la gloria","datePublished":"2022-09-07T17:21:15+00:00","dateModified":"2022-09-07T17:23:08+00:00","mainEntityOfPage":{"@id":"https:\/\/www.revistarambla.com\/el-poder-y-la-gloria\/"},"wordCount":568,"publisher":{"@id":"https:\/\/www.revistarambla.com\/#organization"},"image":{"@id":"https:\/\/www.revistarambla.com\/el-poder-y-la-gloria\/#primaryimage"},"thumbnailUrl":"https:\/\/www.revistarambla.com\/wp-content\/uploads\/2022\/09\/rosario-murillo-22-738x375-1.jpg","articleSection":["La bodeguita de Hemingway"],"inLanguage":"en-GB"},{"@type":"WebPage","@id":"https:\/\/www.revistarambla.com\/el-poder-y-la-gloria\/","url":"https:\/\/www.revistarambla.com\/el-poder-y-la-gloria\/","name":"El poder y la gloria - Revista Rambla","isPartOf":{"@id":"https:\/\/www.revistarambla.com\/#website"},"primaryImageOfPage":{"@id":"https:\/\/www.revistarambla.com\/el-poder-y-la-gloria\/#primaryimage"},"image":{"@id":"https:\/\/www.revistarambla.com\/el-poder-y-la-gloria\/#primaryimage"},"thumbnailUrl":"https:\/\/www.revistarambla.com\/wp-content\/uploads\/2022\/09\/rosario-murillo-22-738x375-1.jpg","datePublished":"2022-09-07T17:21:15+00:00","dateModified":"2022-09-07T17:23:08+00:00","breadcrumb":{"@id":"https:\/\/www.revistarambla.com\/el-poder-y-la-gloria\/#breadcrumb"},"inLanguage":"en-GB","potentialAction":[{"@type":"ReadAction","target":["https:\/\/www.revistarambla.com\/el-poder-y-la-gloria\/"]}]},{"@type":"ImageObject","inLanguage":"en-GB","@id":"https:\/\/www.revistarambla.com\/el-poder-y-la-gloria\/#primaryimage","url":"https:\/\/www.revistarambla.com\/wp-content\/uploads\/2022\/09\/rosario-murillo-22-738x375-1.jpg","contentUrl":"https:\/\/www.revistarambla.com\/wp-content\/uploads\/2022\/09\/rosario-murillo-22-738x375-1.jpg","width":738,"height":375},{"@type":"BreadcrumbList","@id":"https:\/\/www.revistarambla.com\/el-poder-y-la-gloria\/#breadcrumb","itemListElement":[{"@type":"ListItem","position":1,"name":"Portada","item":"https:\/\/www.revistarambla.com\/"},{"@type":"ListItem","position":2,"name":"El poder y la gloria"}]},{"@type":"WebSite","@id":"https:\/\/www.revistarambla.com\/#website","url":"https:\/\/www.revistarambla.com\/","name":"Revista Rambla Barcelona","description":"Periodismo independiente","publisher":{"@id":"https:\/\/www.revistarambla.com\/#organization"},"potentialAction":[{"@type":"SearchAction","target":{"@type":"EntryPoint","urlTemplate":"https:\/\/www.revistarambla.com\/?s={search_term_string}"},"query-input":{"@type":"PropertyValueSpecification","valueRequired":true,"valueName":"search_term_string"}}],"inLanguage":"en-GB"},{"@type":"Organization","@id":"https:\/\/www.revistarambla.com\/#organization","name":"Revista Rambla","url":"https:\/\/www.revistarambla.com\/","logo":{"@type":"ImageObject","inLanguage":"en-GB","@id":"https:\/\/www.revistarambla.com\/#\/schema\/logo\/image\/","url":"https:\/\/www.revistarambla.com\/wp-content\/uploads\/2020\/09\/banner_rambla_1900x600_BB.png","contentUrl":"https:\/\/www.revistarambla.com\/wp-content\/uploads\/2020\/09\/banner_rambla_1900x600_BB.png","width":1900,"height":600,"caption":"Revista Rambla"},"image":{"@id":"https:\/\/www.revistarambla.com\/#\/schema\/logo\/image\/"},"sameAs":["https:\/\/www.facebook.com\/revistarambla\/","https:\/\/x.com\/revistarambla","https:\/\/www.instagram.com\/revista_rambla","https:\/\/es.linkedin.com\/company\/revista-rambla"]},{"@type":"Person","@id":"https:\/\/www.revistarambla.com\/#\/schema\/person\/94294f57cf4910853e3280fda7339bfc","name":"Jos\u00e9 Antonio Gamero Romero","description":"Escritor sevillano finalista del premio Azor\u00edn 2014. Ha publicado en diferentes revistas como Culturamas, E\u00f1e, Visor, etc. Sus libros son: 'La invenci\u00f3n de los gigantes' (Buc\u00e9falo 2016); 'Literatura tridimensional' (Adarve 2018); 'S\u00f3crates no vino a Espa\u00f1a' (Samarcanda 2018); 'La rep\u00fablica del fin del mundo' (Tandaia 2018) y 'La bodeguita de Hemingway'."}]}},"_links":{"self":[{"href":"https:\/\/www.revistarambla.com\/en\/wp-json\/wp\/v2\/posts\/46296","targetHints":{"allow":["GET"]}}],"collection":[{"href":"https:\/\/www.revistarambla.com\/en\/wp-json\/wp\/v2\/posts"}],"about":[{"href":"https:\/\/www.revistarambla.com\/en\/wp-json\/wp\/v2\/types\/post"}],"author":[{"embeddable":true,"href":"https:\/\/www.revistarambla.com\/en\/wp-json\/wp\/v2\/users\/294"}],"replies":[{"embeddable":true,"href":"https:\/\/www.revistarambla.com\/en\/wp-json\/wp\/v2\/comments?post=46296"}],"version-history":[{"count":2,"href":"https:\/\/www.revistarambla.com\/en\/wp-json\/wp\/v2\/posts\/46296\/revisions"}],"predecessor-version":[{"id":46299,"href":"https:\/\/www.revistarambla.com\/en\/wp-json\/wp\/v2\/posts\/46296\/revisions\/46299"}],"wp:featuredmedia":[{"embeddable":true,"href":"https:\/\/www.revistarambla.com\/en\/wp-json\/wp\/v2\/media\/46297"}],"wp:attachment":[{"href":"https:\/\/www.revistarambla.com\/en\/wp-json\/wp\/v2\/media?parent=46296"}],"wp:term":[{"taxonomy":"category","embeddable":true,"href":"https:\/\/www.revistarambla.com\/en\/wp-json\/wp\/v2\/categories?post=46296"},{"taxonomy":"post_tag","embeddable":true,"href":"https:\/\/www.revistarambla.com\/en\/wp-json\/wp\/v2\/tags?post=46296"}],"curies":[{"name":"wp","href":"https:\/\/api.w.org\/{rel}","templated":true}]}}