{"id":45925,"date":"2022-08-29T12:24:54","date_gmt":"2022-08-29T10:24:54","guid":{"rendered":"https:\/\/www.revistarambla.com\/?p=45925"},"modified":"2022-08-29T12:35:54","modified_gmt":"2022-08-29T10:35:54","slug":"joan-pau-cumellas-calella-apuesta-por-el-primer-festival-de-armonica-de-espana","status":"publish","type":"post","link":"https:\/\/www.revistarambla.com\/en\/joan-pau-cumellas-calella-apuesta-por-el-primer-festival-de-armonica-de-espana\/","title":{"rendered":"Joan Pau Cumellas: \u00abCalella apuesta por el primer Festival de Arm\u00f3nica de Espa\u00f1a\u00bb"},"content":{"rendered":"<p>Del 15 al 18 de septiembre se podr\u00e1 disfrutar en Calella (Maresme) de un aut\u00e9ntico Dream Team de la arm\u00f3nica. Los mejores especialistas de este instrumento se re\u00fanen en la capital tur\u00edstica del Maresme.<!--more--> Joan Pau Cumellas, V\u00edctor Puertas, Marko Jovanovic, Greg Zlap, Will Galison, Freddy Garc\u00eda, \u00c1ngel Vera, Brendan Power y Quim Roca son los nombres que pasear\u00e1n su amor por el Blues y este instrumento por diversos escenarios de la ciudad.<\/p>\n<p>El primer Festival de la Arm\u00f3nica de Calella se enmarca dentro del Festival de Blues de la ciudad, en su edici\u00f3n n\u00famero 31, y arrancar\u00e1 el d\u00eda 15 de septiembre con una clase y una actuaci\u00f3n de V\u00edctor Puertas, uno de los mejores armonicistas de Blues del pa\u00eds.<\/p>\n<figure id=\"attachment_45929\" aria-describedby=\"caption-attachment-45929\" style=\"width: 404px\" class=\"wp-caption aligncenter\"><img decoding=\"async\" class=\"wp-image-45929\" src=\"https:\/\/www.revistarambla.com\/wp-content\/uploads\/2022\/08\/Joan-Pau-Cumellas-foto-de-Quim-Cabeza-245x365.jpg\" alt=\"\" width=\"404\" height=\"600\" srcset=\"https:\/\/www.revistarambla.com\/wp-content\/uploads\/2022\/08\/Joan-Pau-Cumellas-foto-de-Quim-Cabeza-245x365.jpg 245w, https:\/\/www.revistarambla.com\/wp-content\/uploads\/2022\/08\/Joan-Pau-Cumellas-foto-de-Quim-Cabeza-565x840.jpg 565w, https:\/\/www.revistarambla.com\/wp-content\/uploads\/2022\/08\/Joan-Pau-Cumellas-foto-de-Quim-Cabeza-768x1142.jpg 768w, https:\/\/www.revistarambla.com\/wp-content\/uploads\/2022\/08\/Joan-Pau-Cumellas-foto-de-Quim-Cabeza-1033x1536.jpg 1033w, https:\/\/www.revistarambla.com\/wp-content\/uploads\/2022\/08\/Joan-Pau-Cumellas-foto-de-Quim-Cabeza-1377x2048.jpg 1377w, https:\/\/www.revistarambla.com\/wp-content\/uploads\/2022\/08\/Joan-Pau-Cumellas-foto-de-Quim-Cabeza-8x12.jpg 8w, https:\/\/www.revistarambla.com\/wp-content\/uploads\/2022\/08\/Joan-Pau-Cumellas-foto-de-Quim-Cabeza-scaled.jpg 1722w\" sizes=\"(max-width: 404px) 100vw, 404px\" \/><figcaption id=\"caption-attachment-45929\" class=\"wp-caption-text\">Juan Pau Cumellas. (Quim Cabeza)<\/figcaption><\/figure>\n<p>Estamos ante el primer Festival dedicado exclusivamente a la arm\u00f3nica de todo el Estado y hablamos con uno de sus ide\u00f3logos, el m\u00fasico barcelon\u00e9s Joan Pau Cumellas, que tambi\u00e9n actuar\u00e1 y dar\u00e1s clases estos d\u00edas en Calella.<\/p>\n<p><strong>\u00bfC\u00f3mo surgi\u00f3 esta idea?<\/strong><\/p>\n<p>Desde hace 17 a\u00f1os, organizo un curso de arm\u00f3nica en Roses, pero por la pandemia no ve\u00edamos la log\u00edstica adecuada para hacerlo. Hab\u00eda renunciado a hacer este curso y lo coment\u00e9 hace un a\u00f1o y medio, con Marcel Pla y la organizaci\u00f3n de Calella. En seguida qued\u00f3 claro que se pod\u00eda hacer en Calella, con sus hoteles y locales para los cursos. Este festival ser\u00eda \u00fanico en Espa\u00f1a. Yo fui el ide\u00f3logo y Marcel, en seguida, se hizo suya la idea. Los profesionales que tocamos la arm\u00f3nica en Europa nos conocemos todos. Tante\u00e9 a mi red de contactos y todos se han mostrado muy interesados en venir a este Festival.<\/p>\n<p><strong>\u00bfY qu\u00e9 se podr\u00e1 encontrar estos d\u00edas 15, 16, 17 y 18 de septiembre en Calella?<\/strong><\/p>\n<p>Habr\u00e1 actuaciones gratis, tambi\u00e9n con entrada y siempre con m\u00fasicos de primer nivel. Se podr\u00e1 asistir a cursillos, masterclasses, demostraciones de nuevos modelos\u2026 <em>jam sessions<\/em> para todos los que quieran subir al escenario y compartir un buen momento. Todo para los amantes del sonido de la arm\u00f3nica. Creo que hay ganas de escuchar m\u00fasica y en este Festival habr\u00e1 mucho Blues, pero tambi\u00e9n algo de Jazz. Tambi\u00e9n Country y hasta m\u00fasicas del mundo.<\/p>\n<p><strong>Despu\u00e9s de la pandemia, la gente tiene ganas de salir y de escuchar m\u00fasica.<\/strong><\/p>\n<p>S\u00ed, todo se ha revolucionado. Como artista, por ejemplo, he actuado m\u00e1s que nunca ahora, despu\u00e9s de la pandemia. Tambi\u00e9n ten\u00eda ganas de organizar este Festival para ver c\u00f3mo resultaba.<\/p>\n<p><strong>\u00bfWilliam Galison podr\u00eda ser la estrella del cartel?<\/strong><\/p>\n<p>No hay un cabeza de cartel. Ninguno est\u00e1 por encima de otro, porque cada uno tiene su estilo y todos son muy diferentes. Cada uno tiene su estilo. William Galison coincidi\u00f3 que estaba en Barcelona esos d\u00edas. Es un gran m\u00fasico de Nueva York, con grandes discos, y no dudamos en ficharlo. Galison es un gran especialista en arm\u00f3nica crom\u00e1tica. Nuestro Festival gira m\u00e1s en torno a la arm\u00f3nica diat\u00f3nica, que es la m\u00e1s popular para el Blues, el Country o el Folk y otros estilos. Galison nos aportar\u00e1 su especialidad.<\/p>\n<p><strong>\u00bfY Brendan Power?<\/strong><\/p>\n<p>Toca muchos estilos. Hace mucha m\u00fasica celta. Est\u00e1 muy abierto a todo. Tiene una manera de tocar muy mel\u00f3dica y, adem\u00e1s, se fabrica sus arm\u00f3nicas propias.<\/p>\n<p><strong>Es un inventor\u2026<\/strong><\/p>\n<p>S\u00ed, se inventa sus arm\u00f3nicas, todas diferentes. Es muy curioso. Si comparas a Brendan Power con el barcelon\u00e9s V\u00edctor Puertas, no tiene nada que ver. Puertas abrir\u00e1 el Festival el jueves. Har\u00e1 una master class m\u00e1s dirigida al Blues cl\u00e1sico. V\u00edctor dedicar\u00e1 su clase a dos iconos de la arm\u00f3nica como Sonny Terry y Gary Primich. Sonny Terry es un cl\u00e1sico de los 50 y Gary Primich es m\u00e1s contempor\u00e1neo. Para m\u00ed, V\u00edctor Puertas ser\u00eda de los principales armonicistas de Blues en la actualidad. Toca muchos instrumentos y destaca en la arm\u00f3nica.<\/p>\n<p><strong>\u00bfQu\u00e9 aportar\u00e1 el franc\u00e9s Greg Slap, otro de los artistas invitados?<\/strong><\/p>\n<p>Greg y yo tenemos una cierta similitud como armonicistas. Tocamos juntos desde hace tiempo y nos conocemos bien. Greg es un gran showman. Es brutal en el escenario.<\/p>\n<p><strong>\u00bfY Marko Jovanovic?<\/strong><\/p>\n<p>Marko vive en Berl\u00edn, aunque tiene familia serbia. Es un armonicista importante para nosotros porque nos aporta un toque diferente. Se especializa m\u00e1s en m\u00fasicas del mundo, de ra\u00edz folcl\u00f3rica, pero tambi\u00e9n con Blues y Jazz. Es muy completo, como todos los m\u00fasicos que nos visitar\u00e1n estos d\u00edas.<\/p>\n<p><strong>Usted tambi\u00e9n actuar\u00e1 y dar\u00e1 clases en Calella.<\/strong><\/p>\n<p>Presentar\u00e9 mi \u00faltimo disco: \u201cBaggage\u201d, que tiene un par de temas de Blues, pero intento ir desde la fusi\u00f3n el\u00e9ctrica, con arreglos de Jazz, a temas de vals o Bluegrass. Me gusta mucho el Bluegrass, buscando la filigrana de los instrumentos del Country. Es un disco abierto. Los que vengan a mi concierto podr\u00e1n ver in situ todos los aspectos de lo que podemos llegar a hacer con la arm\u00f3nica.<\/p>\n<figure id=\"attachment_45930\" aria-describedby=\"caption-attachment-45930\" style=\"width: 1280px\" class=\"wp-caption aligncenter\"><img decoding=\"async\" class=\"wp-image-45930 size-full\" src=\"https:\/\/www.revistarambla.com\/wp-content\/uploads\/2022\/08\/Joan-Pau-Cumellas-director-artistico-del-Calella-Harmonica-Festival-foto-de-Quim-Cabeza.jpg\" alt=\"\" width=\"1280\" height=\"913\" srcset=\"https:\/\/www.revistarambla.com\/wp-content\/uploads\/2022\/08\/Joan-Pau-Cumellas-director-artistico-del-Calella-Harmonica-Festival-foto-de-Quim-Cabeza.jpg 1280w, https:\/\/www.revistarambla.com\/wp-content\/uploads\/2022\/08\/Joan-Pau-Cumellas-director-artistico-del-Calella-Harmonica-Festival-foto-de-Quim-Cabeza-512x365.jpg 512w, https:\/\/www.revistarambla.com\/wp-content\/uploads\/2022\/08\/Joan-Pau-Cumellas-director-artistico-del-Calella-Harmonica-Festival-foto-de-Quim-Cabeza-840x599.jpg 840w, https:\/\/www.revistarambla.com\/wp-content\/uploads\/2022\/08\/Joan-Pau-Cumellas-director-artistico-del-Calella-Harmonica-Festival-foto-de-Quim-Cabeza-768x548.jpg 768w, https:\/\/www.revistarambla.com\/wp-content\/uploads\/2022\/08\/Joan-Pau-Cumellas-director-artistico-del-Calella-Harmonica-Festival-foto-de-Quim-Cabeza-18x12.jpg 18w\" sizes=\"(max-width: 1280px) 100vw, 1280px\" \/><figcaption id=\"caption-attachment-45930\" class=\"wp-caption-text\">Joan Pau Cumellas, director art\u00edstico del Calella Harm\u00f2nica Festival. (Quim Cabeza)<\/figcaption><\/figure>\n<p><strong>\u00bfQu\u00e9 nos puede decir de otro de los armonicistas que actuar\u00e1, como Freddy Garc\u00eda?<\/strong><\/p>\n<p>Freddy Garc\u00eda nos ayuda mucho con las Redes Sociales, porque \u00e9l lo domina. Actuar\u00e1 con su banda el domingo al mediod\u00eda, el \u00faltimo d\u00eda. Habr\u00e1 un momento para que todos los armonicistas puedan tocar juntos en ese \u00faltimo concierto. De hecho, en estos cuatro d\u00edas, de hecho, habr\u00e1 muchas jam sessions. Freddy es m\u00e1s un armonicista de Blues. Su esfuerzo es bestial, al ser tetrapl\u00e9jico. Toca como lo toca, a pesar de sus dificultades\u2026<\/p>\n<p><strong>Freddy Garc\u00eda es un ejemplo de superaci\u00f3n.<\/strong><\/p>\n<p>Eso es. Adem\u00e1s, es un maestro de las Redes y de los cursos. Tiene su propia web con cursos.<\/p>\n<p><strong>\u00bfY Quim Roca?<\/strong><\/p>\n<p>Quim Roca es especialista en temas de meditaci\u00f3n y respiraci\u00f3n. Utiliza la arm\u00f3nica para trabajar la respiraci\u00f3n. Cuando hago alg\u00fan curso internacional, me llevo a Quim Roca porque es muy interesante c\u00f3mo explica las cosas y c\u00f3mo ense\u00f1a. Cuando la gente llega toca de una manera. Cuando acaban sus clases, tocan de otra manera. Ganan en capacidad de respiraci\u00f3n. Ven que pueden tocar mucho mejor la arm\u00f3nica. Solo por ella misma, la arm\u00f3nica te hace trabajar la respiraci\u00f3n.<\/p>\n<p><strong>Respirar es una de las claves para tocar bien la arm\u00f3nica.<\/strong><\/p>\n<p>Claro. Por ejemplo, Quim Roca usa la arm\u00f3nica para ense\u00f1ar a respirar a gente que no tiene ni idea de tocarla. Roca ha investigado en lo que se llama respiraci\u00f3n circular. Es una t\u00e9cnica concreta, pero no es propia de la arm\u00f3nica. Es ser capaz de soplar por boca continuamente, sin parar, sin dejar de tocar.<\/p>\n<p><strong>\u2026 respirando por la nariz\u2026<\/strong><\/p>\n<p>S\u00ed, pero combin\u00e1ndolo. De manera continuada. T\u00fa soplas y haces un movimiento con la boca. En ese momento, inspiras por la nariz, pero sin parar de sacar aire. Es muy interesante.<\/p>\n<p><strong>\u00bfY \u00c1ngel Vera?<\/strong><\/p>\n<p>Adem\u00e1s de la arm\u00f3nica, \u00c1ngel tambi\u00e9n sabe tocar la guitarra. Tiene mucho \u00e9xito en las Redes. Es un aut\u00e9ntico Youtuber en el terreno de la arm\u00f3nica. Sus v\u00eddeos son muy did\u00e1cticos y tiene cantidad de visitas, miles de seguidores. Nos llam\u00f3 para venir a las masterclasses y, como tiene mucha gracia en hacer sesiones did\u00e1cticas, nos pareci\u00f3 perfecto que hiciera una sesi\u00f3n para todos los p\u00fablicos, para gente que comienza especialmente. Para los debutantes, su sesi\u00f3n ser\u00e1 muy divertida.<\/p>\n<p><strong>\u00bfY qu\u00e9 tipo de visitantes esperan estos d\u00edas en Calella?<\/strong><\/p>\n<p>Esperamos de toda Espa\u00f1a y, especialmente, de Francia tambi\u00e9n. Esperamos de todas partes, aunque creemos que la mayor\u00eda ser\u00e1n catalanes, de momento. Estamos abiertos y lo hemos anunciado en cuatro idiomas. La idea es que vengan tambi\u00e9n seguidores alemanes y holandeses.<\/p>\n<p><strong>Y aprovechar la infraestructura hotelera de Calella.<\/strong><\/p>\n<p>Claro, aprovechar que en Calella tenemos muy buenos hoteles y que no est\u00e1n en temporada alta. Por eso hemos conseguido buenos precios para los participantes que se han inscrito. El buen tiempo y este gran plantel de profesores que dar\u00e1n las clases y que actuar\u00e1n estos d\u00edas.<\/p>\n<p><strong>La marca de arm\u00f3nicas Hohner colabora con el festival.<\/strong><\/p>\n<p>Nos aporta su patrocinio y alg\u00fan regalo para los asistentes, que siempre es interesante para ellos. Casi todos los armonicistas m\u00e1s destacados tocan con Hohner y ha sido f\u00e1cil colaborar con ellos. Est\u00e1n encantados. Yo mismo dirigir\u00e9 unas sesiones abiertas, gratuitas, en las cuales hablar\u00e9 de algunos modelos de arm\u00f3nica de Hohner.<\/p>\n<p>Para m\u00e1s informaci\u00f3n: <span style=\"text-decoration: underline;\"><a href=\"https:\/\/www.calellaharmonicafestival.cat\/\">https:\/\/www.calellaharmonicafestival.cat\/<\/a><\/span><\/p>\n<p><a href=\"https:\/\/www.revistarambla.com\/wp-content\/uploads\/2022\/08\/Calella-Harmonica-festival.jpg\"><img decoding=\"async\" class=\"aligncenter wp-image-45931 size-full\" src=\"https:\/\/www.revistarambla.com\/wp-content\/uploads\/2022\/08\/Calella-Harmonica-festival.jpg\" alt=\"\" width=\"1125\" height=\"2000\" srcset=\"https:\/\/www.revistarambla.com\/wp-content\/uploads\/2022\/08\/Calella-Harmonica-festival.jpg 1125w, https:\/\/www.revistarambla.com\/wp-content\/uploads\/2022\/08\/Calella-Harmonica-festival-205x365.jpg 205w, https:\/\/www.revistarambla.com\/wp-content\/uploads\/2022\/08\/Calella-Harmonica-festival-473x840.jpg 473w, https:\/\/www.revistarambla.com\/wp-content\/uploads\/2022\/08\/Calella-Harmonica-festival-768x1365.jpg 768w, https:\/\/www.revistarambla.com\/wp-content\/uploads\/2022\/08\/Calella-Harmonica-festival-864x1536.jpg 864w, https:\/\/www.revistarambla.com\/wp-content\/uploads\/2022\/08\/Calella-Harmonica-festival-7x12.jpg 7w\" sizes=\"(max-width: 1125px) 100vw, 1125px\" \/><\/a><\/p>","protected":false},"excerpt":{"rendered":"<p>A partir del 15 de septiembre, Calella acoge el Festival de la Arm\u00f3nica. Entrevistamos uno de sus impulsores, el m\u00fasico barcelon\u00e9s Joan Pau Cumellas, que tambi\u00e9n actuar\u00e1 y dar\u00e1s clases magistrales durante el certamen. En la imagen, Cumellas tocando la arm\u00f3nica. (Joan Linux)<\/p>","protected":false},"author":33,"featured_media":45927,"comment_status":"closed","ping_status":"open","sticky":false,"template":"","format":"standard","meta":{"footnotes":""},"categories":[65],"tags":[],"class_list":["post-45925","post","type-post","status-publish","format-standard","has-post-thumbnail","hentry","category-musica"],"yoast_head":"<!-- This site is optimized with the Yoast SEO plugin v27.5 - https:\/\/yoast.com\/product\/yoast-seo-wordpress\/ -->\n<title>Joan Pau Cumellas: &quot;Calella apuesta por el primer Festival de Arm\u00f3nica de Espa\u00f1a&quot; - Revista Rambla<\/title>\n<meta name=\"robots\" content=\"index, follow, max-snippet:-1, max-image-preview:large, max-video-preview:-1\" \/>\n<link rel=\"canonical\" href=\"https:\/\/www.revistarambla.com\/en\/joan-pau-cumellas-calella-apuesta-por-el-primer-festival-de-armonica-de-espana\/\" \/>\n<meta property=\"og:locale\" content=\"en_GB\" \/>\n<meta property=\"og:type\" content=\"article\" \/>\n<meta property=\"og:title\" content=\"Joan Pau Cumellas: &quot;Calella apuesta por el primer Festival de Arm\u00f3nica de Espa\u00f1a&quot; - Revista Rambla\" \/>\n<meta property=\"og:description\" content=\"A partir del 15 de septiembre, Calella acoge el Festival de la Arm\u00f3nica. Entrevistamos uno de sus impulsores, el m\u00fasico barcelon\u00e9s Joan Pau Cumellas, que tambi\u00e9n actuar\u00e1 y dar\u00e1s clases magistrales durante el certamen. En la imagen, Cumellas tocando la arm\u00f3nica. (Joan Linux)\" \/>\n<meta property=\"og:url\" content=\"https:\/\/www.revistarambla.com\/en\/joan-pau-cumellas-calella-apuesta-por-el-primer-festival-de-armonica-de-espana\/\" \/>\n<meta property=\"og:site_name\" content=\"Revista Rambla\" \/>\n<meta property=\"article:publisher\" content=\"https:\/\/www.facebook.com\/revistarambla\/\" \/>\n<meta property=\"article:published_time\" content=\"2022-08-29T10:24:54+00:00\" \/>\n<meta property=\"article:modified_time\" content=\"2022-08-29T10:35:54+00:00\" \/>\n<meta property=\"og:image\" content=\"https:\/\/www.revistarambla.com\/wp-content\/uploads\/2022\/08\/Joan-Pau-Cumellas-foto-de-Joan-Linux.jpg\" \/>\n\t<meta property=\"og:image:width\" content=\"1280\" \/>\n\t<meta property=\"og:image:height\" content=\"853\" \/>\n\t<meta property=\"og:image:type\" content=\"image\/jpeg\" \/>\n<meta name=\"author\" content=\"\u00c0lex M. Franquet\" \/>\n<meta name=\"twitter:card\" content=\"summary_large_image\" \/>\n<meta name=\"twitter:creator\" content=\"@revistarambla\" \/>\n<meta name=\"twitter:site\" content=\"@revistarambla\" \/>\n<meta name=\"twitter:label1\" content=\"Written by\" \/>\n\t<meta name=\"twitter:data1\" content=\"\u00c0lex M. Franquet\" \/>\n\t<meta name=\"twitter:label2\" content=\"Estimated reading time\" \/>\n\t<meta name=\"twitter:data2\" content=\"7 minutes\" \/>\n<script type=\"application\/ld+json\" class=\"yoast-schema-graph\">{\"@context\":\"https:\\\/\\\/schema.org\",\"@graph\":[{\"@type\":\"Article\",\"@id\":\"https:\\\/\\\/www.revistarambla.com\\\/joan-pau-cumellas-calella-apuesta-por-el-primer-festival-de-armonica-de-espana\\\/#article\",\"isPartOf\":{\"@id\":\"https:\\\/\\\/www.revistarambla.com\\\/joan-pau-cumellas-calella-apuesta-por-el-primer-festival-de-armonica-de-espana\\\/\"},\"author\":{\"name\":\"\u00c0lex M. Franquet\",\"@id\":\"https:\\\/\\\/www.revistarambla.com\\\/#\\\/schema\\\/person\\\/f970e20c8f452a7910eb4defa5fe7d7d\"},\"headline\":\"Joan Pau Cumellas: \u00abCalella apuesta por el primer Festival de Arm\u00f3nica de Espa\u00f1a\u00bb\",\"datePublished\":\"2022-08-29T10:24:54+00:00\",\"dateModified\":\"2022-08-29T10:35:54+00:00\",\"mainEntityOfPage\":{\"@id\":\"https:\\\/\\\/www.revistarambla.com\\\/joan-pau-cumellas-calella-apuesta-por-el-primer-festival-de-armonica-de-espana\\\/\"},\"wordCount\":1533,\"publisher\":{\"@id\":\"https:\\\/\\\/www.revistarambla.com\\\/#organization\"},\"image\":{\"@id\":\"https:\\\/\\\/www.revistarambla.com\\\/joan-pau-cumellas-calella-apuesta-por-el-primer-festival-de-armonica-de-espana\\\/#primaryimage\"},\"thumbnailUrl\":\"https:\\\/\\\/www.revistarambla.com\\\/wp-content\\\/uploads\\\/2022\\\/08\\\/Joan-Pau-Cumellas-foto-de-Joan-Linux.jpg\",\"articleSection\":[\"M\u00fasica\"],\"inLanguage\":\"en-GB\"},{\"@type\":\"WebPage\",\"@id\":\"https:\\\/\\\/www.revistarambla.com\\\/joan-pau-cumellas-calella-apuesta-por-el-primer-festival-de-armonica-de-espana\\\/\",\"url\":\"https:\\\/\\\/www.revistarambla.com\\\/joan-pau-cumellas-calella-apuesta-por-el-primer-festival-de-armonica-de-espana\\\/\",\"name\":\"Joan Pau Cumellas: \\\"Calella apuesta por el primer Festival de Arm\u00f3nica de Espa\u00f1a\\\" - Revista Rambla\",\"isPartOf\":{\"@id\":\"https:\\\/\\\/www.revistarambla.com\\\/#website\"},\"primaryImageOfPage\":{\"@id\":\"https:\\\/\\\/www.revistarambla.com\\\/joan-pau-cumellas-calella-apuesta-por-el-primer-festival-de-armonica-de-espana\\\/#primaryimage\"},\"image\":{\"@id\":\"https:\\\/\\\/www.revistarambla.com\\\/joan-pau-cumellas-calella-apuesta-por-el-primer-festival-de-armonica-de-espana\\\/#primaryimage\"},\"thumbnailUrl\":\"https:\\\/\\\/www.revistarambla.com\\\/wp-content\\\/uploads\\\/2022\\\/08\\\/Joan-Pau-Cumellas-foto-de-Joan-Linux.jpg\",\"datePublished\":\"2022-08-29T10:24:54+00:00\",\"dateModified\":\"2022-08-29T10:35:54+00:00\",\"breadcrumb\":{\"@id\":\"https:\\\/\\\/www.revistarambla.com\\\/joan-pau-cumellas-calella-apuesta-por-el-primer-festival-de-armonica-de-espana\\\/#breadcrumb\"},\"inLanguage\":\"en-GB\",\"potentialAction\":[{\"@type\":\"ReadAction\",\"target\":[\"https:\\\/\\\/www.revistarambla.com\\\/joan-pau-cumellas-calella-apuesta-por-el-primer-festival-de-armonica-de-espana\\\/\"]}]},{\"@type\":\"ImageObject\",\"inLanguage\":\"en-GB\",\"@id\":\"https:\\\/\\\/www.revistarambla.com\\\/joan-pau-cumellas-calella-apuesta-por-el-primer-festival-de-armonica-de-espana\\\/#primaryimage\",\"url\":\"https:\\\/\\\/www.revistarambla.com\\\/wp-content\\\/uploads\\\/2022\\\/08\\\/Joan-Pau-Cumellas-foto-de-Joan-Linux.jpg\",\"contentUrl\":\"https:\\\/\\\/www.revistarambla.com\\\/wp-content\\\/uploads\\\/2022\\\/08\\\/Joan-Pau-Cumellas-foto-de-Joan-Linux.jpg\",\"width\":1280,\"height\":853},{\"@type\":\"BreadcrumbList\",\"@id\":\"https:\\\/\\\/www.revistarambla.com\\\/joan-pau-cumellas-calella-apuesta-por-el-primer-festival-de-armonica-de-espana\\\/#breadcrumb\",\"itemListElement\":[{\"@type\":\"ListItem\",\"position\":1,\"name\":\"Portada\",\"item\":\"https:\\\/\\\/www.revistarambla.com\\\/\"},{\"@type\":\"ListItem\",\"position\":2,\"name\":\"Joan Pau Cumellas: &#8220;Calella apuesta por el primer Festival de Arm\u00f3nica de Espa\u00f1a&#8221;\"}]},{\"@type\":\"WebSite\",\"@id\":\"https:\\\/\\\/www.revistarambla.com\\\/#website\",\"url\":\"https:\\\/\\\/www.revistarambla.com\\\/\",\"name\":\"Revista Rambla Barcelona\",\"description\":\"Periodismo independiente\",\"publisher\":{\"@id\":\"https:\\\/\\\/www.revistarambla.com\\\/#organization\"},\"potentialAction\":[{\"@type\":\"SearchAction\",\"target\":{\"@type\":\"EntryPoint\",\"urlTemplate\":\"https:\\\/\\\/www.revistarambla.com\\\/?s={search_term_string}\"},\"query-input\":{\"@type\":\"PropertyValueSpecification\",\"valueRequired\":true,\"valueName\":\"search_term_string\"}}],\"inLanguage\":\"en-GB\"},{\"@type\":\"Organization\",\"@id\":\"https:\\\/\\\/www.revistarambla.com\\\/#organization\",\"name\":\"Revista Rambla\",\"url\":\"https:\\\/\\\/www.revistarambla.com\\\/\",\"logo\":{\"@type\":\"ImageObject\",\"inLanguage\":\"en-GB\",\"@id\":\"https:\\\/\\\/www.revistarambla.com\\\/#\\\/schema\\\/logo\\\/image\\\/\",\"url\":\"https:\\\/\\\/www.revistarambla.com\\\/wp-content\\\/uploads\\\/2020\\\/09\\\/banner_rambla_1900x600_BB.png\",\"contentUrl\":\"https:\\\/\\\/www.revistarambla.com\\\/wp-content\\\/uploads\\\/2020\\\/09\\\/banner_rambla_1900x600_BB.png\",\"width\":1900,\"height\":600,\"caption\":\"Revista Rambla\"},\"image\":{\"@id\":\"https:\\\/\\\/www.revistarambla.com\\\/#\\\/schema\\\/logo\\\/image\\\/\"},\"sameAs\":[\"https:\\\/\\\/www.facebook.com\\\/revistarambla\\\/\",\"https:\\\/\\\/x.com\\\/revistarambla\",\"https:\\\/\\\/www.instagram.com\\\/revista_rambla\",\"https:\\\/\\\/es.linkedin.com\\\/company\\\/revista-rambla\"]},{\"@type\":\"Person\",\"@id\":\"https:\\\/\\\/www.revistarambla.com\\\/#\\\/schema\\\/person\\\/f970e20c8f452a7910eb4defa5fe7d7d\",\"name\":\"\u00c0lex M. Franquet\",\"description\":\"-\",\"sameAs\":[\"https:\\\/\\\/www.revistarambla.com\\\/\"]}]}<\/script>\n<!-- \/ Yoast SEO plugin. -->","yoast_head_json":{"title":"Joan Pau Cumellas: \"Calella apuesta por el primer Festival de Arm\u00f3nica de Espa\u00f1a\" - Revista Rambla","robots":{"index":"index","follow":"follow","max-snippet":"max-snippet:-1","max-image-preview":"max-image-preview:large","max-video-preview":"max-video-preview:-1"},"canonical":"https:\/\/www.revistarambla.com\/en\/joan-pau-cumellas-calella-apuesta-por-el-primer-festival-de-armonica-de-espana\/","og_locale":"en_GB","og_type":"article","og_title":"Joan Pau Cumellas: \"Calella apuesta por el primer Festival de Arm\u00f3nica de Espa\u00f1a\" - Revista Rambla","og_description":"A partir del 15 de septiembre, Calella acoge el Festival de la Arm\u00f3nica. Entrevistamos uno de sus impulsores, el m\u00fasico barcelon\u00e9s Joan Pau Cumellas, que tambi\u00e9n actuar\u00e1 y dar\u00e1s clases magistrales durante el certamen. En la imagen, Cumellas tocando la arm\u00f3nica. (Joan Linux)","og_url":"https:\/\/www.revistarambla.com\/en\/joan-pau-cumellas-calella-apuesta-por-el-primer-festival-de-armonica-de-espana\/","og_site_name":"Revista Rambla","article_publisher":"https:\/\/www.facebook.com\/revistarambla\/","article_published_time":"2022-08-29T10:24:54+00:00","article_modified_time":"2022-08-29T10:35:54+00:00","og_image":[{"width":1280,"height":853,"url":"https:\/\/www.revistarambla.com\/wp-content\/uploads\/2022\/08\/Joan-Pau-Cumellas-foto-de-Joan-Linux.jpg","type":"image\/jpeg"}],"author":"\u00c0lex M. Franquet","twitter_card":"summary_large_image","twitter_creator":"@revistarambla","twitter_site":"@revistarambla","twitter_misc":{"Written by":"\u00c0lex M. Franquet","Estimated reading time":"7 minutes"},"schema":{"@context":"https:\/\/schema.org","@graph":[{"@type":"Article","@id":"https:\/\/www.revistarambla.com\/joan-pau-cumellas-calella-apuesta-por-el-primer-festival-de-armonica-de-espana\/#article","isPartOf":{"@id":"https:\/\/www.revistarambla.com\/joan-pau-cumellas-calella-apuesta-por-el-primer-festival-de-armonica-de-espana\/"},"author":{"name":"\u00c0lex M. Franquet","@id":"https:\/\/www.revistarambla.com\/#\/schema\/person\/f970e20c8f452a7910eb4defa5fe7d7d"},"headline":"Joan Pau Cumellas: \u00abCalella apuesta por el primer Festival de Arm\u00f3nica de Espa\u00f1a\u00bb","datePublished":"2022-08-29T10:24:54+00:00","dateModified":"2022-08-29T10:35:54+00:00","mainEntityOfPage":{"@id":"https:\/\/www.revistarambla.com\/joan-pau-cumellas-calella-apuesta-por-el-primer-festival-de-armonica-de-espana\/"},"wordCount":1533,"publisher":{"@id":"https:\/\/www.revistarambla.com\/#organization"},"image":{"@id":"https:\/\/www.revistarambla.com\/joan-pau-cumellas-calella-apuesta-por-el-primer-festival-de-armonica-de-espana\/#primaryimage"},"thumbnailUrl":"https:\/\/www.revistarambla.com\/wp-content\/uploads\/2022\/08\/Joan-Pau-Cumellas-foto-de-Joan-Linux.jpg","articleSection":["M\u00fasica"],"inLanguage":"en-GB"},{"@type":"WebPage","@id":"https:\/\/www.revistarambla.com\/joan-pau-cumellas-calella-apuesta-por-el-primer-festival-de-armonica-de-espana\/","url":"https:\/\/www.revistarambla.com\/joan-pau-cumellas-calella-apuesta-por-el-primer-festival-de-armonica-de-espana\/","name":"Joan Pau Cumellas: \"Calella apuesta por el primer Festival de Arm\u00f3nica de Espa\u00f1a\" - Revista Rambla","isPartOf":{"@id":"https:\/\/www.revistarambla.com\/#website"},"primaryImageOfPage":{"@id":"https:\/\/www.revistarambla.com\/joan-pau-cumellas-calella-apuesta-por-el-primer-festival-de-armonica-de-espana\/#primaryimage"},"image":{"@id":"https:\/\/www.revistarambla.com\/joan-pau-cumellas-calella-apuesta-por-el-primer-festival-de-armonica-de-espana\/#primaryimage"},"thumbnailUrl":"https:\/\/www.revistarambla.com\/wp-content\/uploads\/2022\/08\/Joan-Pau-Cumellas-foto-de-Joan-Linux.jpg","datePublished":"2022-08-29T10:24:54+00:00","dateModified":"2022-08-29T10:35:54+00:00","breadcrumb":{"@id":"https:\/\/www.revistarambla.com\/joan-pau-cumellas-calella-apuesta-por-el-primer-festival-de-armonica-de-espana\/#breadcrumb"},"inLanguage":"en-GB","potentialAction":[{"@type":"ReadAction","target":["https:\/\/www.revistarambla.com\/joan-pau-cumellas-calella-apuesta-por-el-primer-festival-de-armonica-de-espana\/"]}]},{"@type":"ImageObject","inLanguage":"en-GB","@id":"https:\/\/www.revistarambla.com\/joan-pau-cumellas-calella-apuesta-por-el-primer-festival-de-armonica-de-espana\/#primaryimage","url":"https:\/\/www.revistarambla.com\/wp-content\/uploads\/2022\/08\/Joan-Pau-Cumellas-foto-de-Joan-Linux.jpg","contentUrl":"https:\/\/www.revistarambla.com\/wp-content\/uploads\/2022\/08\/Joan-Pau-Cumellas-foto-de-Joan-Linux.jpg","width":1280,"height":853},{"@type":"BreadcrumbList","@id":"https:\/\/www.revistarambla.com\/joan-pau-cumellas-calella-apuesta-por-el-primer-festival-de-armonica-de-espana\/#breadcrumb","itemListElement":[{"@type":"ListItem","position":1,"name":"Portada","item":"https:\/\/www.revistarambla.com\/"},{"@type":"ListItem","position":2,"name":"Joan Pau Cumellas: &#8220;Calella apuesta por el primer Festival de Arm\u00f3nica de Espa\u00f1a&#8221;"}]},{"@type":"WebSite","@id":"https:\/\/www.revistarambla.com\/#website","url":"https:\/\/www.revistarambla.com\/","name":"Revista Rambla Barcelona","description":"Periodismo independiente","publisher":{"@id":"https:\/\/www.revistarambla.com\/#organization"},"potentialAction":[{"@type":"SearchAction","target":{"@type":"EntryPoint","urlTemplate":"https:\/\/www.revistarambla.com\/?s={search_term_string}"},"query-input":{"@type":"PropertyValueSpecification","valueRequired":true,"valueName":"search_term_string"}}],"inLanguage":"en-GB"},{"@type":"Organization","@id":"https:\/\/www.revistarambla.com\/#organization","name":"Revista Rambla","url":"https:\/\/www.revistarambla.com\/","logo":{"@type":"ImageObject","inLanguage":"en-GB","@id":"https:\/\/www.revistarambla.com\/#\/schema\/logo\/image\/","url":"https:\/\/www.revistarambla.com\/wp-content\/uploads\/2020\/09\/banner_rambla_1900x600_BB.png","contentUrl":"https:\/\/www.revistarambla.com\/wp-content\/uploads\/2020\/09\/banner_rambla_1900x600_BB.png","width":1900,"height":600,"caption":"Revista Rambla"},"image":{"@id":"https:\/\/www.revistarambla.com\/#\/schema\/logo\/image\/"},"sameAs":["https:\/\/www.facebook.com\/revistarambla\/","https:\/\/x.com\/revistarambla","https:\/\/www.instagram.com\/revista_rambla","https:\/\/es.linkedin.com\/company\/revista-rambla"]},{"@type":"Person","@id":"https:\/\/www.revistarambla.com\/#\/schema\/person\/f970e20c8f452a7910eb4defa5fe7d7d","name":"\u00c0lex M. Franquet","description":"-","sameAs":["https:\/\/www.revistarambla.com\/"]}]}},"_links":{"self":[{"href":"https:\/\/www.revistarambla.com\/en\/wp-json\/wp\/v2\/posts\/45925","targetHints":{"allow":["GET"]}}],"collection":[{"href":"https:\/\/www.revistarambla.com\/en\/wp-json\/wp\/v2\/posts"}],"about":[{"href":"https:\/\/www.revistarambla.com\/en\/wp-json\/wp\/v2\/types\/post"}],"author":[{"embeddable":true,"href":"https:\/\/www.revistarambla.com\/en\/wp-json\/wp\/v2\/users\/33"}],"replies":[{"embeddable":true,"href":"https:\/\/www.revistarambla.com\/en\/wp-json\/wp\/v2\/comments?post=45925"}],"version-history":[{"count":3,"href":"https:\/\/www.revistarambla.com\/en\/wp-json\/wp\/v2\/posts\/45925\/revisions"}],"predecessor-version":[{"id":45932,"href":"https:\/\/www.revistarambla.com\/en\/wp-json\/wp\/v2\/posts\/45925\/revisions\/45932"}],"wp:featuredmedia":[{"embeddable":true,"href":"https:\/\/www.revistarambla.com\/en\/wp-json\/wp\/v2\/media\/45927"}],"wp:attachment":[{"href":"https:\/\/www.revistarambla.com\/en\/wp-json\/wp\/v2\/media?parent=45925"}],"wp:term":[{"taxonomy":"category","embeddable":true,"href":"https:\/\/www.revistarambla.com\/en\/wp-json\/wp\/v2\/categories?post=45925"},{"taxonomy":"post_tag","embeddable":true,"href":"https:\/\/www.revistarambla.com\/en\/wp-json\/wp\/v2\/tags?post=45925"}],"curies":[{"name":"wp","href":"https:\/\/api.w.org\/{rel}","templated":true}]}}