{"id":45782,"date":"2022-08-24T21:52:57","date_gmt":"2022-08-24T19:52:57","guid":{"rendered":"https:\/\/www.revistarambla.com\/?p=45782"},"modified":"2022-08-25T01:43:18","modified_gmt":"2022-08-24T23:43:18","slug":"el-hilo-de-twitter-que-le-recuerda-a-tv3-que-no-es-bueno-hacer-propaganda-nazi","status":"publish","type":"post","link":"https:\/\/www.revistarambla.com\/en\/el-hilo-de-twitter-que-le-recuerda-a-tv3-que-no-es-bueno-hacer-propaganda-nazi\/","title":{"rendered":"El hilo de Twitter que le recuerda a TV3 que no es bueno hacer propaganda nazi"},"content":{"rendered":"<p>El usuario de Twitter, Sergi Giri (<span style=\"text-decoration: underline;\"><a href=\"https:\/\/twitter.com\/Sergigiri\"><span class=\"css-901oao css-16my406 r-poiln3 r-bcqeeo r-qvutc0\">@Sergigiri<\/span><\/a><\/span>), ha desmontado en un hilo el blanqueamiento que TV3 lleva haciendo los \u00faltimos d\u00edas del <span style=\"text-decoration: underline;\"><a href=\"https:\/\/www.revistarambla.com\/en\/ucrania-la-historia-del-batallon-azov\/\">batall\u00f3n neonazi ucraniano Azov<\/a><\/span>.<\/p>\n<p>En concreto, el hilo es la respuesta a la <span style=\"text-decoration: underline;\"><a href=\"https:\/\/www.ccma.cat\/324\/pallisses-tortures-i-execucions-publiques-el-relat-de-tres-soldats-del-batallo-azov\/noticia\/3180878\/\">noticia aparecida en el portal de noticias 3Cat24<\/a><\/span> donde el periodista Emili Casellas justifica la incorporaci\u00f3n de esta unidad fascista en la Guardia Nacional ucraniana para \u00abtenerlos m\u00e1s controlados\u00bb.<\/p>\n<p>Bajo el t\u00edtulo \u00abPalizas, torturas y ejecuciones p\u00fablicas: el relato de tres soldados del batall\u00f3n Azov\u00bb, TV3 presenta a tres tipos como h\u00e9roes de guerra, vestidos iguales con una camiseta verde caqui que luce estampada la insignia de una de las unidades de las SS de la Alemania Nazi.<\/p>\n<p>Adem\u00e1s, en los tatuajes de los combatientes -que seg\u00fan la UE defienden \u00abvalores europeos\u00bb- se entrev\u00e9n esv\u00e1sticas y otra simbolog\u00eda nacionalsocialista.<\/p>\n<p>Ni corto ni perezoso, el periodista catal\u00e1n &#8216;compra&#8217; el discurso de los tres fascistas y asegura que \u00abse muestran convencidos de que se les utilizar\u00e1 como chivo expiatorio por la muerte de civiles rusos\u00bb.<\/p>\n<p>A lo largo de seis meses de guerra, en <em>Rambla<\/em>, y en otros medios, se han mostrado <span style=\"text-decoration: underline;\"><a href=\"https:\/\/www.revistarambla.com\/en\/video-neonazis-ucranianos-deguellan-a-soldados-rusos\/\">videos verificados<\/a><\/span> -incluso por medios occidentales como <em>The New York Times <\/em>o <em>Reuters<\/em>&#8211; en los que aparecen miembros de Azov -y otras unidades nazis ucranianas- pertrechando atrocidades contra prisioneros de guerra rusos.<\/p>\n<p>El hilo de Sergi Giri es el siguiente (clique en leer la conversaci\u00f3n completa para verlo entero):<\/p>\n<blockquote class=\"twitter-tweet\">\n<p dir=\"ltr\" lang=\"ca\">Hola <a href=\"https:\/\/twitter.com\/324cat?ref_src=twsrc%5Etfw\">@324cat<\/a>, pel que veig us agraden els nazis i veneu un llop amb pell de xai a l&#8217;audi\u00e8ncia. No us ha cridat l&#8217;atenci\u00f3 en cap moment l&#8217;emblema que porten a la samarreta? No s\u00f3c de fer fils, per\u00f2 m&#8217;heu tocat la pera com a historiador, o sigui que som-hi!<a href=\"https:\/\/t.co\/588hzzaGz1\">https:\/\/t.co\/588hzzaGz1<\/a><\/p>\n<p>\u2014 Sergi Giri (@Sergigiri) <a href=\"https:\/\/twitter.com\/Sergigiri\/status\/1562068843865972737?ref_src=twsrc%5Etfw\">August 23, 2022<\/a><\/p><\/blockquote>\n<p><script async src=\"https:\/\/platform.twitter.com\/widgets.js\" charset=\"utf-8\"><\/script><\/p>","protected":false},"excerpt":{"rendered":"<p>La cadena p\u00fablica catalana presenta como v\u00edctimas a tres militantes de Azov que aparecen ante las c\u00e1maras con la insignia de un cuerpo de las SS alemana y esv\u00e1sticas tatuadas<\/p>","protected":false},"author":3,"featured_media":40693,"comment_status":"closed","ping_status":"open","sticky":false,"template":"","format":"standard","meta":{"footnotes":""},"categories":[59],"tags":[],"class_list":["post-45782","post","type-post","status-publish","format-standard","has-post-thumbnail","hentry","category-catalunya"],"yoast_head":"<!-- This site is optimized with the Yoast SEO plugin v27.5 - https:\/\/yoast.com\/product\/yoast-seo-wordpress\/ -->\n<title>El hilo de Twitter que le recuerda a TV3 que no es bueno hacer propaganda nazi - Revista Rambla<\/title>\n<meta name=\"robots\" content=\"index, follow, max-snippet:-1, max-image-preview:large, max-video-preview:-1\" \/>\n<link rel=\"canonical\" href=\"https:\/\/www.revistarambla.com\/en\/el-hilo-de-twitter-que-le-recuerda-a-tv3-que-no-es-bueno-hacer-propaganda-nazi\/\" \/>\n<meta property=\"og:locale\" content=\"en_GB\" \/>\n<meta property=\"og:type\" content=\"article\" \/>\n<meta property=\"og:title\" content=\"El hilo de Twitter que le recuerda a TV3 que no es bueno hacer propaganda nazi - Revista Rambla\" \/>\n<meta property=\"og:description\" content=\"La cadena p\u00fablica catalana presenta como v\u00edctimas a tres militantes de Azov que aparecen ante las c\u00e1maras con la insignia de un cuerpo de las SS alemana y esv\u00e1sticas tatuadas\" \/>\n<meta property=\"og:url\" content=\"https:\/\/www.revistarambla.com\/en\/el-hilo-de-twitter-que-le-recuerda-a-tv3-que-no-es-bueno-hacer-propaganda-nazi\/\" \/>\n<meta property=\"og:site_name\" content=\"Revista Rambla\" \/>\n<meta property=\"article:publisher\" content=\"https:\/\/www.facebook.com\/revistarambla\/\" \/>\n<meta property=\"article:author\" content=\"https:\/\/www.facebook.com\/revistarambla\" \/>\n<meta property=\"article:published_time\" content=\"2022-08-24T19:52:57+00:00\" \/>\n<meta property=\"article:modified_time\" content=\"2022-08-24T23:43:18+00:00\" \/>\n<meta property=\"og:image\" content=\"https:\/\/www.revistarambla.com\/wp-content\/uploads\/2022\/03\/veteranos-azov.jpg\" \/>\n\t<meta property=\"og:image:width\" content=\"880\" \/>\n\t<meta property=\"og:image:height\" content=\"495\" \/>\n\t<meta property=\"og:image:type\" content=\"image\/jpeg\" \/>\n<meta name=\"author\" content=\"R@mbla\" \/>\n<meta name=\"twitter:card\" content=\"summary_large_image\" \/>\n<meta name=\"twitter:creator\" content=\"@revistarambla\" \/>\n<meta name=\"twitter:site\" content=\"@revistarambla\" \/>\n<meta name=\"twitter:label1\" content=\"Written by\" \/>\n\t<meta name=\"twitter:data1\" content=\"R@mbla\" \/>\n\t<meta name=\"twitter:label2\" content=\"Estimated reading time\" \/>\n\t<meta name=\"twitter:data2\" content=\"2 minutes\" \/>\n<script type=\"application\/ld+json\" class=\"yoast-schema-graph\">{\"@context\":\"https:\\\/\\\/schema.org\",\"@graph\":[{\"@type\":\"Article\",\"@id\":\"https:\\\/\\\/www.revistarambla.com\\\/el-hilo-de-twitter-que-le-recuerda-a-tv3-que-no-es-bueno-hacer-propaganda-nazi\\\/#article\",\"isPartOf\":{\"@id\":\"https:\\\/\\\/www.revistarambla.com\\\/el-hilo-de-twitter-que-le-recuerda-a-tv3-que-no-es-bueno-hacer-propaganda-nazi\\\/\"},\"author\":{\"name\":\"R@mbla\",\"@id\":\"https:\\\/\\\/www.revistarambla.com\\\/#\\\/schema\\\/person\\\/a146a5a2550b94981a75131180e1bd9c\"},\"headline\":\"El hilo de Twitter que le recuerda a TV3 que no es bueno hacer propaganda nazi\",\"datePublished\":\"2022-08-24T19:52:57+00:00\",\"dateModified\":\"2022-08-24T23:43:18+00:00\",\"mainEntityOfPage\":{\"@id\":\"https:\\\/\\\/www.revistarambla.com\\\/el-hilo-de-twitter-que-le-recuerda-a-tv3-que-no-es-bueno-hacer-propaganda-nazi\\\/\"},\"wordCount\":330,\"publisher\":{\"@id\":\"https:\\\/\\\/www.revistarambla.com\\\/#organization\"},\"image\":{\"@id\":\"https:\\\/\\\/www.revistarambla.com\\\/el-hilo-de-twitter-que-le-recuerda-a-tv3-que-no-es-bueno-hacer-propaganda-nazi\\\/#primaryimage\"},\"thumbnailUrl\":\"https:\\\/\\\/www.revistarambla.com\\\/wp-content\\\/uploads\\\/2022\\\/03\\\/veteranos-azov.jpg\",\"articleSection\":[\"Catalunya\"],\"inLanguage\":\"en-GB\"},{\"@type\":\"WebPage\",\"@id\":\"https:\\\/\\\/www.revistarambla.com\\\/el-hilo-de-twitter-que-le-recuerda-a-tv3-que-no-es-bueno-hacer-propaganda-nazi\\\/\",\"url\":\"https:\\\/\\\/www.revistarambla.com\\\/el-hilo-de-twitter-que-le-recuerda-a-tv3-que-no-es-bueno-hacer-propaganda-nazi\\\/\",\"name\":\"El hilo de Twitter que le recuerda a TV3 que no es bueno hacer propaganda nazi - Revista Rambla\",\"isPartOf\":{\"@id\":\"https:\\\/\\\/www.revistarambla.com\\\/#website\"},\"primaryImageOfPage\":{\"@id\":\"https:\\\/\\\/www.revistarambla.com\\\/el-hilo-de-twitter-que-le-recuerda-a-tv3-que-no-es-bueno-hacer-propaganda-nazi\\\/#primaryimage\"},\"image\":{\"@id\":\"https:\\\/\\\/www.revistarambla.com\\\/el-hilo-de-twitter-que-le-recuerda-a-tv3-que-no-es-bueno-hacer-propaganda-nazi\\\/#primaryimage\"},\"thumbnailUrl\":\"https:\\\/\\\/www.revistarambla.com\\\/wp-content\\\/uploads\\\/2022\\\/03\\\/veteranos-azov.jpg\",\"datePublished\":\"2022-08-24T19:52:57+00:00\",\"dateModified\":\"2022-08-24T23:43:18+00:00\",\"breadcrumb\":{\"@id\":\"https:\\\/\\\/www.revistarambla.com\\\/el-hilo-de-twitter-que-le-recuerda-a-tv3-que-no-es-bueno-hacer-propaganda-nazi\\\/#breadcrumb\"},\"inLanguage\":\"en-GB\",\"potentialAction\":[{\"@type\":\"ReadAction\",\"target\":[\"https:\\\/\\\/www.revistarambla.com\\\/el-hilo-de-twitter-que-le-recuerda-a-tv3-que-no-es-bueno-hacer-propaganda-nazi\\\/\"]}]},{\"@type\":\"ImageObject\",\"inLanguage\":\"en-GB\",\"@id\":\"https:\\\/\\\/www.revistarambla.com\\\/el-hilo-de-twitter-que-le-recuerda-a-tv3-que-no-es-bueno-hacer-propaganda-nazi\\\/#primaryimage\",\"url\":\"https:\\\/\\\/www.revistarambla.com\\\/wp-content\\\/uploads\\\/2022\\\/03\\\/veteranos-azov.jpg\",\"contentUrl\":\"https:\\\/\\\/www.revistarambla.com\\\/wp-content\\\/uploads\\\/2022\\\/03\\\/veteranos-azov.jpg\",\"width\":880,\"height\":495},{\"@type\":\"BreadcrumbList\",\"@id\":\"https:\\\/\\\/www.revistarambla.com\\\/el-hilo-de-twitter-que-le-recuerda-a-tv3-que-no-es-bueno-hacer-propaganda-nazi\\\/#breadcrumb\",\"itemListElement\":[{\"@type\":\"ListItem\",\"position\":1,\"name\":\"Portada\",\"item\":\"https:\\\/\\\/www.revistarambla.com\\\/\"},{\"@type\":\"ListItem\",\"position\":2,\"name\":\"El hilo de Twitter que le recuerda a TV3 que no es bueno hacer propaganda nazi\"}]},{\"@type\":\"WebSite\",\"@id\":\"https:\\\/\\\/www.revistarambla.com\\\/#website\",\"url\":\"https:\\\/\\\/www.revistarambla.com\\\/\",\"name\":\"Revista Rambla Barcelona\",\"description\":\"Periodismo independiente\",\"publisher\":{\"@id\":\"https:\\\/\\\/www.revistarambla.com\\\/#organization\"},\"potentialAction\":[{\"@type\":\"SearchAction\",\"target\":{\"@type\":\"EntryPoint\",\"urlTemplate\":\"https:\\\/\\\/www.revistarambla.com\\\/?s={search_term_string}\"},\"query-input\":{\"@type\":\"PropertyValueSpecification\",\"valueRequired\":true,\"valueName\":\"search_term_string\"}}],\"inLanguage\":\"en-GB\"},{\"@type\":\"Organization\",\"@id\":\"https:\\\/\\\/www.revistarambla.com\\\/#organization\",\"name\":\"Revista Rambla\",\"url\":\"https:\\\/\\\/www.revistarambla.com\\\/\",\"logo\":{\"@type\":\"ImageObject\",\"inLanguage\":\"en-GB\",\"@id\":\"https:\\\/\\\/www.revistarambla.com\\\/#\\\/schema\\\/logo\\\/image\\\/\",\"url\":\"https:\\\/\\\/www.revistarambla.com\\\/wp-content\\\/uploads\\\/2020\\\/09\\\/banner_rambla_1900x600_BB.png\",\"contentUrl\":\"https:\\\/\\\/www.revistarambla.com\\\/wp-content\\\/uploads\\\/2020\\\/09\\\/banner_rambla_1900x600_BB.png\",\"width\":1900,\"height\":600,\"caption\":\"Revista Rambla\"},\"image\":{\"@id\":\"https:\\\/\\\/www.revistarambla.com\\\/#\\\/schema\\\/logo\\\/image\\\/\"},\"sameAs\":[\"https:\\\/\\\/www.facebook.com\\\/revistarambla\\\/\",\"https:\\\/\\\/x.com\\\/revistarambla\",\"https:\\\/\\\/www.instagram.com\\\/revista_rambla\",\"https:\\\/\\\/es.linkedin.com\\\/company\\\/revista-rambla\"]},{\"@type\":\"Person\",\"@id\":\"https:\\\/\\\/www.revistarambla.com\\\/#\\\/schema\\\/person\\\/a146a5a2550b94981a75131180e1bd9c\",\"name\":\"R@mbla\",\"description\":\"Este art\u00edculo ha sido redactado y\\\/o validado por el equipo de redacci\u00f3n de Revista Rambla.\",\"sameAs\":[\"https:\\\/\\\/www.revistarambla.com\\\/\",\"https:\\\/\\\/www.facebook.com\\\/revistarambla\",\"https:\\\/\\\/x.com\\\/revistarambla\"]}]}<\/script>\n<!-- \/ Yoast SEO plugin. -->","yoast_head_json":{"title":"El hilo de Twitter que le recuerda a TV3 que no es bueno hacer propaganda nazi - Revista Rambla","robots":{"index":"index","follow":"follow","max-snippet":"max-snippet:-1","max-image-preview":"max-image-preview:large","max-video-preview":"max-video-preview:-1"},"canonical":"https:\/\/www.revistarambla.com\/en\/el-hilo-de-twitter-que-le-recuerda-a-tv3-que-no-es-bueno-hacer-propaganda-nazi\/","og_locale":"en_GB","og_type":"article","og_title":"El hilo de Twitter que le recuerda a TV3 que no es bueno hacer propaganda nazi - Revista Rambla","og_description":"La cadena p\u00fablica catalana presenta como v\u00edctimas a tres militantes de Azov que aparecen ante las c\u00e1maras con la insignia de un cuerpo de las SS alemana y esv\u00e1sticas tatuadas","og_url":"https:\/\/www.revistarambla.com\/en\/el-hilo-de-twitter-que-le-recuerda-a-tv3-que-no-es-bueno-hacer-propaganda-nazi\/","og_site_name":"Revista Rambla","article_publisher":"https:\/\/www.facebook.com\/revistarambla\/","article_author":"https:\/\/www.facebook.com\/revistarambla","article_published_time":"2022-08-24T19:52:57+00:00","article_modified_time":"2022-08-24T23:43:18+00:00","og_image":[{"width":880,"height":495,"url":"https:\/\/www.revistarambla.com\/wp-content\/uploads\/2022\/03\/veteranos-azov.jpg","type":"image\/jpeg"}],"author":"R@mbla","twitter_card":"summary_large_image","twitter_creator":"@revistarambla","twitter_site":"@revistarambla","twitter_misc":{"Written by":"R@mbla","Estimated reading time":"2 minutes"},"schema":{"@context":"https:\/\/schema.org","@graph":[{"@type":"Article","@id":"https:\/\/www.revistarambla.com\/el-hilo-de-twitter-que-le-recuerda-a-tv3-que-no-es-bueno-hacer-propaganda-nazi\/#article","isPartOf":{"@id":"https:\/\/www.revistarambla.com\/el-hilo-de-twitter-que-le-recuerda-a-tv3-que-no-es-bueno-hacer-propaganda-nazi\/"},"author":{"name":"R@mbla","@id":"https:\/\/www.revistarambla.com\/#\/schema\/person\/a146a5a2550b94981a75131180e1bd9c"},"headline":"El hilo de Twitter que le recuerda a TV3 que no es bueno hacer propaganda nazi","datePublished":"2022-08-24T19:52:57+00:00","dateModified":"2022-08-24T23:43:18+00:00","mainEntityOfPage":{"@id":"https:\/\/www.revistarambla.com\/el-hilo-de-twitter-que-le-recuerda-a-tv3-que-no-es-bueno-hacer-propaganda-nazi\/"},"wordCount":330,"publisher":{"@id":"https:\/\/www.revistarambla.com\/#organization"},"image":{"@id":"https:\/\/www.revistarambla.com\/el-hilo-de-twitter-que-le-recuerda-a-tv3-que-no-es-bueno-hacer-propaganda-nazi\/#primaryimage"},"thumbnailUrl":"https:\/\/www.revistarambla.com\/wp-content\/uploads\/2022\/03\/veteranos-azov.jpg","articleSection":["Catalunya"],"inLanguage":"en-GB"},{"@type":"WebPage","@id":"https:\/\/www.revistarambla.com\/el-hilo-de-twitter-que-le-recuerda-a-tv3-que-no-es-bueno-hacer-propaganda-nazi\/","url":"https:\/\/www.revistarambla.com\/el-hilo-de-twitter-que-le-recuerda-a-tv3-que-no-es-bueno-hacer-propaganda-nazi\/","name":"El hilo de Twitter que le recuerda a TV3 que no es bueno hacer propaganda nazi - Revista Rambla","isPartOf":{"@id":"https:\/\/www.revistarambla.com\/#website"},"primaryImageOfPage":{"@id":"https:\/\/www.revistarambla.com\/el-hilo-de-twitter-que-le-recuerda-a-tv3-que-no-es-bueno-hacer-propaganda-nazi\/#primaryimage"},"image":{"@id":"https:\/\/www.revistarambla.com\/el-hilo-de-twitter-que-le-recuerda-a-tv3-que-no-es-bueno-hacer-propaganda-nazi\/#primaryimage"},"thumbnailUrl":"https:\/\/www.revistarambla.com\/wp-content\/uploads\/2022\/03\/veteranos-azov.jpg","datePublished":"2022-08-24T19:52:57+00:00","dateModified":"2022-08-24T23:43:18+00:00","breadcrumb":{"@id":"https:\/\/www.revistarambla.com\/el-hilo-de-twitter-que-le-recuerda-a-tv3-que-no-es-bueno-hacer-propaganda-nazi\/#breadcrumb"},"inLanguage":"en-GB","potentialAction":[{"@type":"ReadAction","target":["https:\/\/www.revistarambla.com\/el-hilo-de-twitter-que-le-recuerda-a-tv3-que-no-es-bueno-hacer-propaganda-nazi\/"]}]},{"@type":"ImageObject","inLanguage":"en-GB","@id":"https:\/\/www.revistarambla.com\/el-hilo-de-twitter-que-le-recuerda-a-tv3-que-no-es-bueno-hacer-propaganda-nazi\/#primaryimage","url":"https:\/\/www.revistarambla.com\/wp-content\/uploads\/2022\/03\/veteranos-azov.jpg","contentUrl":"https:\/\/www.revistarambla.com\/wp-content\/uploads\/2022\/03\/veteranos-azov.jpg","width":880,"height":495},{"@type":"BreadcrumbList","@id":"https:\/\/www.revistarambla.com\/el-hilo-de-twitter-que-le-recuerda-a-tv3-que-no-es-bueno-hacer-propaganda-nazi\/#breadcrumb","itemListElement":[{"@type":"ListItem","position":1,"name":"Portada","item":"https:\/\/www.revistarambla.com\/"},{"@type":"ListItem","position":2,"name":"El hilo de Twitter que le recuerda a TV3 que no es bueno hacer propaganda nazi"}]},{"@type":"WebSite","@id":"https:\/\/www.revistarambla.com\/#website","url":"https:\/\/www.revistarambla.com\/","name":"Revista Rambla Barcelona","description":"Periodismo independiente","publisher":{"@id":"https:\/\/www.revistarambla.com\/#organization"},"potentialAction":[{"@type":"SearchAction","target":{"@type":"EntryPoint","urlTemplate":"https:\/\/www.revistarambla.com\/?s={search_term_string}"},"query-input":{"@type":"PropertyValueSpecification","valueRequired":true,"valueName":"search_term_string"}}],"inLanguage":"en-GB"},{"@type":"Organization","@id":"https:\/\/www.revistarambla.com\/#organization","name":"Revista Rambla","url":"https:\/\/www.revistarambla.com\/","logo":{"@type":"ImageObject","inLanguage":"en-GB","@id":"https:\/\/www.revistarambla.com\/#\/schema\/logo\/image\/","url":"https:\/\/www.revistarambla.com\/wp-content\/uploads\/2020\/09\/banner_rambla_1900x600_BB.png","contentUrl":"https:\/\/www.revistarambla.com\/wp-content\/uploads\/2020\/09\/banner_rambla_1900x600_BB.png","width":1900,"height":600,"caption":"Revista Rambla"},"image":{"@id":"https:\/\/www.revistarambla.com\/#\/schema\/logo\/image\/"},"sameAs":["https:\/\/www.facebook.com\/revistarambla\/","https:\/\/x.com\/revistarambla","https:\/\/www.instagram.com\/revista_rambla","https:\/\/es.linkedin.com\/company\/revista-rambla"]},{"@type":"Person","@id":"https:\/\/www.revistarambla.com\/#\/schema\/person\/a146a5a2550b94981a75131180e1bd9c","name":"R@mbla","description":"Este art\u00edculo ha sido redactado y\/o validado por el equipo de redacci\u00f3n de Revista Rambla.","sameAs":["https:\/\/www.revistarambla.com\/","https:\/\/www.facebook.com\/revistarambla","https:\/\/x.com\/revistarambla"]}]}},"_links":{"self":[{"href":"https:\/\/www.revistarambla.com\/en\/wp-json\/wp\/v2\/posts\/45782","targetHints":{"allow":["GET"]}}],"collection":[{"href":"https:\/\/www.revistarambla.com\/en\/wp-json\/wp\/v2\/posts"}],"about":[{"href":"https:\/\/www.revistarambla.com\/en\/wp-json\/wp\/v2\/types\/post"}],"author":[{"embeddable":true,"href":"https:\/\/www.revistarambla.com\/en\/wp-json\/wp\/v2\/users\/3"}],"replies":[{"embeddable":true,"href":"https:\/\/www.revistarambla.com\/en\/wp-json\/wp\/v2\/comments?post=45782"}],"version-history":[{"count":5,"href":"https:\/\/www.revistarambla.com\/en\/wp-json\/wp\/v2\/posts\/45782\/revisions"}],"predecessor-version":[{"id":45788,"href":"https:\/\/www.revistarambla.com\/en\/wp-json\/wp\/v2\/posts\/45782\/revisions\/45788"}],"wp:featuredmedia":[{"embeddable":true,"href":"https:\/\/www.revistarambla.com\/en\/wp-json\/wp\/v2\/media\/40693"}],"wp:attachment":[{"href":"https:\/\/www.revistarambla.com\/en\/wp-json\/wp\/v2\/media?parent=45782"}],"wp:term":[{"taxonomy":"category","embeddable":true,"href":"https:\/\/www.revistarambla.com\/en\/wp-json\/wp\/v2\/categories?post=45782"},{"taxonomy":"post_tag","embeddable":true,"href":"https:\/\/www.revistarambla.com\/en\/wp-json\/wp\/v2\/tags?post=45782"}],"curies":[{"name":"wp","href":"https:\/\/api.w.org\/{rel}","templated":true}]}}