{"id":45485,"date":"2022-08-16T18:59:48","date_gmt":"2022-08-16T16:59:48","guid":{"rendered":"https:\/\/www.revistarambla.com\/?p=45485"},"modified":"2022-08-16T18:59:48","modified_gmt":"2022-08-16T16:59:48","slug":"marcha-por-la-libertad-laboral-el-12-de-septiembre-en-madrid","status":"publish","type":"post","link":"https:\/\/www.revistarambla.com\/en\/marcha-por-la-libertad-laboral-el-12-de-septiembre-en-madrid\/","title":{"rendered":"Marcha por la libertad laboral el 12 de septiembre en Madrid"},"content":{"rendered":"<p><span style=\"font-weight: 400;\">Un gran n\u00famero de las mujeres consideradas como trabajadoras sexuales aseguran que desempe\u00f1an su trabajo con total libertad, con total control sobre sus actividades. Es por ello que se han agrupado bajo la<\/span><span style=\"text-decoration: underline;\"><a href=\"https:\/\/www.afectadosabolicion.org\/\" target=\"_blank\" rel=\"nofollow noopener\"><span style=\"font-weight: 400;\"> plataforma abolicion prostitucion<\/span><\/a><\/span><span style=\"font-weight: 400;\">, la cual busca defender los derechos laborales. Esta asociaci\u00f3n siempre tiene las puertas abiertas a cualquier persona, trabajador aut\u00f3nomo, asociaci\u00f3n de trabajadores o persona jur\u00eddica que quiera ser escuchada. La propuesta de la ley 122\/000224 est\u00e1 basada en un profundo desconocimiento de la realidad de estos trabajadores, adem\u00e1s de poner un especial \u00e9nfasis en la protecci\u00f3n que muchos consideran fuera de lugar.<\/span><\/p>\n<p><span style=\"font-weight: 400;\">Un alto porcentaje de trabajadoras sexuales se consideran totalmente libres. Comentan que esta actividad les permite recibir unos ingresos de manera digna, y adem\u00e1s dan respuesta a una demanda social que ha existido siempre y continuar\u00e1 existiendo. En el desarrollo de esta actividad no se incluye ning\u00fan tipo de coacci\u00f3n, de la misma forma que las personas que contratan dicho servicio no est\u00e1n obligadas a hacerlo.<\/span><\/p>\n<p><span style=\"font-weight: 400;\">Si la ley saliera adelante, podr\u00eda suponer abolir un modelo de trabajo totalmente v\u00e1lido, que no presenta inconveniente para las trabajadoras o personas que lo ejercen libremente y que, como objetivo, ofrece un modelo de vida totalmente v\u00e1lido. No es necesaria esa sobreprotecci\u00f3n, la cual anula la voluntad de quien desea trabajar de manera aut\u00f3noma, es consciente y aprueba este modelo de trabajo.<\/span><\/p>\n<h3><b>La represi\u00f3n no supone una soluci\u00f3n<\/b><\/h3>\n<p><span style=\"font-weight: 400;\">Esta ley enfatiza la persecuci\u00f3n de los trabajadores y trabajadoras del sector y la de los clientes, utilizando una falsa sensaci\u00f3n de protecci\u00f3n que no consideran necesaria aquellos que trabajan en el \u00e1mbito. Quienes ejercen este trabajo lo hacen con total libertad, conociendo sus cometidos y teniendo plena conciencia de que se trata de una actividad v\u00e1lida. Es por ello que no tiene ning\u00fan sentido apartar la vista de esta realidad.<\/span><\/p>\n<p><span style=\"font-weight: 400;\">Son m\u00e1s de 150.000 personas las que se consideran trabajadores o trabajadoras sexuales. Con la puesta en marcha de esta ley desaparecer\u00edan todos estos puestos de trabajo, adem\u00e1s de que supondr\u00eda un aumento del aura de clandestinidad que rodea a este empleo. Por otro lado, la ley no es la respuesta a una demanda real de la sociedad, la cual aboga por la regularizaci\u00f3n de la misma y no por perseguirla. En el panorama actual el proceder de esta forma no tendr\u00eda sentido.<\/span><\/p>\n<p><span style=\"font-weight: 400;\">Merecedora de un espacio correcto, la actividad sexual no est\u00e1 para que se criminalice ni se persiga a aquellos que de manera libre eligen ejercerla. S\u00ed, por supuesto, para aquellos que la consumen. Al mirar a otro lado simplemente se oculta parte de esta realidad. Sin embargo, lo que busca la asociaci\u00f3n es recoger la voz de aquellos que no tienen la oportunidad de ejercer la tarea con total libertad. Esta minor\u00eda precisa de ser escuchada, liberarse de ese yugo que supone trabajar en una condiciones no adecuadas o sin libertad. Por ello ofrecen ayuda para poder comenzar a desarrollar la actividad de otra manera.<\/span><\/p>\n<p><span style=\"font-weight: 400;\">En otros pa\u00edses se han realizado estudios que ponen de manifiesto que la opresi\u00f3n no equivale a una soluci\u00f3n, de hecho, provoca el efecto contrario. Contrario a la tendencia actual, es lo que lleva a que no haya una correlaci\u00f3n entre la demanda de aquellos que ejercen las actividades junto con la de quienes quieran consumirlas. Parte de las mujeres que ejercer actividades con car\u00e1cter sexual son conscientes de lo que hacen, lo ejercen con libertad y esto les produce un sustento garantizado gracias a este tipo de actividad. Con libertad absoluta de decidir y de trabajar, sabiendo que se trata de una tarea digna, en la que se responde a una demanda social. El trabajo sexual supone, para una mayor\u00eda de mujeres, poder obtener ingresos elevados que les permite llevar un nivel de vida m\u00e1s que digno.<\/span><\/p>\n<h3><b>No faltes a la manifestaci\u00f3n si deseas trabajar en libertad<\/b><\/h3>\n<p><span style=\"font-weight: 400;\">Por todas estas razones, el pr\u00f3ximo 12 de septiembre a las 12:30 horas tienes una cita frente al Congreso de los Diputados de Madrid. La voz de quienes trabajan en el sector ha de ser escuchada, y as\u00ed poder seguir ejerciendo el trabajo con total libertad, sin ning\u00fan tipo de falso moralismo y con la certeza de poder seguir prestando unos servicios adecuados. Haz que tu voz sea escuchada.<\/span><\/p>","protected":false},"excerpt":{"rendered":"<p>Un gran n\u00famero de las mujeres consideradas como trabajadoras sexuales aseguran que desempe\u00f1an su trabajo con total libertad, con total control sobre sus actividades. Es por ello que se han agrupado bajo la plataforma abolicion prostitucion, la cual busca defender los derechos laborales. Esta asociaci\u00f3n siempre tiene las puertas abiertas [&hellip;]<\/p>\n","protected":false},"author":3,"featured_media":45486,"comment_status":"closed","ping_status":"open","sticky":false,"template":"","format":"standard","meta":{"footnotes":""},"categories":[3790],"tags":[],"class_list":["post-45485","post","type-post","status-publish","format-standard","has-post-thumbnail","hentry","category-otras-noticias"],"yoast_head":"<!-- This site is optimized with the Yoast SEO plugin v27.5 - https:\/\/yoast.com\/product\/yoast-seo-wordpress\/ -->\n<title>Marcha por la libertad laboral el 12 de septiembre en Madrid - Revista Rambla<\/title>\n<meta name=\"robots\" content=\"index, follow, max-snippet:-1, max-image-preview:large, max-video-preview:-1\" \/>\n<link rel=\"canonical\" href=\"https:\/\/www.revistarambla.com\/en\/marcha-por-la-libertad-laboral-el-12-de-septiembre-en-madrid\/\" \/>\n<meta property=\"og:locale\" content=\"en_GB\" \/>\n<meta property=\"og:type\" content=\"article\" \/>\n<meta property=\"og:title\" content=\"Marcha por la libertad laboral el 12 de septiembre en Madrid - Revista Rambla\" \/>\n<meta property=\"og:description\" content=\"Un gran n\u00famero de las mujeres consideradas como trabajadoras sexuales aseguran que desempe\u00f1an su trabajo con total libertad, con total control sobre sus actividades. Es por ello que se han agrupado bajo la plataforma abolicion prostitucion, la cual busca defender los derechos laborales. Esta asociaci\u00f3n siempre tiene las puertas abiertas [&hellip;]\" \/>\n<meta property=\"og:url\" content=\"https:\/\/www.revistarambla.com\/en\/marcha-por-la-libertad-laboral-el-12-de-septiembre-en-madrid\/\" \/>\n<meta property=\"og:site_name\" content=\"Revista Rambla\" \/>\n<meta property=\"article:publisher\" content=\"https:\/\/www.facebook.com\/revistarambla\/\" \/>\n<meta property=\"article:author\" content=\"https:\/\/www.facebook.com\/revistarambla\" \/>\n<meta property=\"article:published_time\" content=\"2022-08-16T16:59:48+00:00\" \/>\n<meta property=\"og:image\" content=\"https:\/\/www.revistarambla.com\/wp-content\/uploads\/2022\/08\/phpdNilDb62fb968d4291a.jpg\" \/>\n\t<meta property=\"og:image:width\" content=\"2000\" \/>\n\t<meta property=\"og:image:height\" content=\"1228\" \/>\n\t<meta property=\"og:image:type\" content=\"image\/jpeg\" \/>\n<meta name=\"author\" content=\"R@mbla\" \/>\n<meta name=\"twitter:card\" content=\"summary_large_image\" \/>\n<meta name=\"twitter:creator\" content=\"@revistarambla\" \/>\n<meta name=\"twitter:site\" content=\"@revistarambla\" \/>\n<meta name=\"twitter:label1\" content=\"Written by\" \/>\n\t<meta name=\"twitter:data1\" content=\"R@mbla\" \/>\n\t<meta name=\"twitter:label2\" content=\"Estimated reading time\" \/>\n\t<meta name=\"twitter:data2\" content=\"4 minutes\" \/>\n<script type=\"application\/ld+json\" class=\"yoast-schema-graph\">{\"@context\":\"https:\\\/\\\/schema.org\",\"@graph\":[{\"@type\":\"Article\",\"@id\":\"https:\\\/\\\/www.revistarambla.com\\\/marcha-por-la-libertad-laboral-el-12-de-septiembre-en-madrid\\\/#article\",\"isPartOf\":{\"@id\":\"https:\\\/\\\/www.revistarambla.com\\\/marcha-por-la-libertad-laboral-el-12-de-septiembre-en-madrid\\\/\"},\"author\":{\"name\":\"R@mbla\",\"@id\":\"https:\\\/\\\/www.revistarambla.com\\\/#\\\/schema\\\/person\\\/a146a5a2550b94981a75131180e1bd9c\"},\"headline\":\"Marcha por la libertad laboral el 12 de septiembre en Madrid\",\"datePublished\":\"2022-08-16T16:59:48+00:00\",\"mainEntityOfPage\":{\"@id\":\"https:\\\/\\\/www.revistarambla.com\\\/marcha-por-la-libertad-laboral-el-12-de-septiembre-en-madrid\\\/\"},\"wordCount\":757,\"publisher\":{\"@id\":\"https:\\\/\\\/www.revistarambla.com\\\/#organization\"},\"image\":{\"@id\":\"https:\\\/\\\/www.revistarambla.com\\\/marcha-por-la-libertad-laboral-el-12-de-septiembre-en-madrid\\\/#primaryimage\"},\"thumbnailUrl\":\"https:\\\/\\\/www.revistarambla.com\\\/wp-content\\\/uploads\\\/2022\\\/08\\\/phpdNilDb62fb968d4291a.jpg\",\"articleSection\":[\"Otras Noticias\"],\"inLanguage\":\"en-GB\"},{\"@type\":\"WebPage\",\"@id\":\"https:\\\/\\\/www.revistarambla.com\\\/marcha-por-la-libertad-laboral-el-12-de-septiembre-en-madrid\\\/\",\"url\":\"https:\\\/\\\/www.revistarambla.com\\\/marcha-por-la-libertad-laboral-el-12-de-septiembre-en-madrid\\\/\",\"name\":\"Marcha por la libertad laboral el 12 de septiembre en Madrid - Revista Rambla\",\"isPartOf\":{\"@id\":\"https:\\\/\\\/www.revistarambla.com\\\/#website\"},\"primaryImageOfPage\":{\"@id\":\"https:\\\/\\\/www.revistarambla.com\\\/marcha-por-la-libertad-laboral-el-12-de-septiembre-en-madrid\\\/#primaryimage\"},\"image\":{\"@id\":\"https:\\\/\\\/www.revistarambla.com\\\/marcha-por-la-libertad-laboral-el-12-de-septiembre-en-madrid\\\/#primaryimage\"},\"thumbnailUrl\":\"https:\\\/\\\/www.revistarambla.com\\\/wp-content\\\/uploads\\\/2022\\\/08\\\/phpdNilDb62fb968d4291a.jpg\",\"datePublished\":\"2022-08-16T16:59:48+00:00\",\"breadcrumb\":{\"@id\":\"https:\\\/\\\/www.revistarambla.com\\\/marcha-por-la-libertad-laboral-el-12-de-septiembre-en-madrid\\\/#breadcrumb\"},\"inLanguage\":\"en-GB\",\"potentialAction\":[{\"@type\":\"ReadAction\",\"target\":[\"https:\\\/\\\/www.revistarambla.com\\\/marcha-por-la-libertad-laboral-el-12-de-septiembre-en-madrid\\\/\"]}]},{\"@type\":\"ImageObject\",\"inLanguage\":\"en-GB\",\"@id\":\"https:\\\/\\\/www.revistarambla.com\\\/marcha-por-la-libertad-laboral-el-12-de-septiembre-en-madrid\\\/#primaryimage\",\"url\":\"https:\\\/\\\/www.revistarambla.com\\\/wp-content\\\/uploads\\\/2022\\\/08\\\/phpdNilDb62fb968d4291a.jpg\",\"contentUrl\":\"https:\\\/\\\/www.revistarambla.com\\\/wp-content\\\/uploads\\\/2022\\\/08\\\/phpdNilDb62fb968d4291a.jpg\",\"width\":2000,\"height\":1228},{\"@type\":\"BreadcrumbList\",\"@id\":\"https:\\\/\\\/www.revistarambla.com\\\/marcha-por-la-libertad-laboral-el-12-de-septiembre-en-madrid\\\/#breadcrumb\",\"itemListElement\":[{\"@type\":\"ListItem\",\"position\":1,\"name\":\"Portada\",\"item\":\"https:\\\/\\\/www.revistarambla.com\\\/\"},{\"@type\":\"ListItem\",\"position\":2,\"name\":\"Marcha por la libertad laboral el 12 de septiembre en Madrid\"}]},{\"@type\":\"WebSite\",\"@id\":\"https:\\\/\\\/www.revistarambla.com\\\/#website\",\"url\":\"https:\\\/\\\/www.revistarambla.com\\\/\",\"name\":\"Revista Rambla Barcelona\",\"description\":\"Periodismo independiente\",\"publisher\":{\"@id\":\"https:\\\/\\\/www.revistarambla.com\\\/#organization\"},\"potentialAction\":[{\"@type\":\"SearchAction\",\"target\":{\"@type\":\"EntryPoint\",\"urlTemplate\":\"https:\\\/\\\/www.revistarambla.com\\\/?s={search_term_string}\"},\"query-input\":{\"@type\":\"PropertyValueSpecification\",\"valueRequired\":true,\"valueName\":\"search_term_string\"}}],\"inLanguage\":\"en-GB\"},{\"@type\":\"Organization\",\"@id\":\"https:\\\/\\\/www.revistarambla.com\\\/#organization\",\"name\":\"Revista Rambla\",\"url\":\"https:\\\/\\\/www.revistarambla.com\\\/\",\"logo\":{\"@type\":\"ImageObject\",\"inLanguage\":\"en-GB\",\"@id\":\"https:\\\/\\\/www.revistarambla.com\\\/#\\\/schema\\\/logo\\\/image\\\/\",\"url\":\"https:\\\/\\\/www.revistarambla.com\\\/wp-content\\\/uploads\\\/2020\\\/09\\\/banner_rambla_1900x600_BB.png\",\"contentUrl\":\"https:\\\/\\\/www.revistarambla.com\\\/wp-content\\\/uploads\\\/2020\\\/09\\\/banner_rambla_1900x600_BB.png\",\"width\":1900,\"height\":600,\"caption\":\"Revista Rambla\"},\"image\":{\"@id\":\"https:\\\/\\\/www.revistarambla.com\\\/#\\\/schema\\\/logo\\\/image\\\/\"},\"sameAs\":[\"https:\\\/\\\/www.facebook.com\\\/revistarambla\\\/\",\"https:\\\/\\\/x.com\\\/revistarambla\",\"https:\\\/\\\/www.instagram.com\\\/revista_rambla\",\"https:\\\/\\\/es.linkedin.com\\\/company\\\/revista-rambla\"]},{\"@type\":\"Person\",\"@id\":\"https:\\\/\\\/www.revistarambla.com\\\/#\\\/schema\\\/person\\\/a146a5a2550b94981a75131180e1bd9c\",\"name\":\"R@mbla\",\"description\":\"Este art\u00edculo ha sido redactado y\\\/o validado por el equipo de redacci\u00f3n de Revista Rambla.\",\"sameAs\":[\"https:\\\/\\\/www.revistarambla.com\\\/\",\"https:\\\/\\\/www.facebook.com\\\/revistarambla\",\"https:\\\/\\\/x.com\\\/revistarambla\"]}]}<\/script>\n<!-- \/ Yoast SEO plugin. -->","yoast_head_json":{"title":"Marcha por la libertad laboral el 12 de septiembre en Madrid - Revista Rambla","robots":{"index":"index","follow":"follow","max-snippet":"max-snippet:-1","max-image-preview":"max-image-preview:large","max-video-preview":"max-video-preview:-1"},"canonical":"https:\/\/www.revistarambla.com\/en\/marcha-por-la-libertad-laboral-el-12-de-septiembre-en-madrid\/","og_locale":"en_GB","og_type":"article","og_title":"Marcha por la libertad laboral el 12 de septiembre en Madrid - Revista Rambla","og_description":"Un gran n\u00famero de las mujeres consideradas como trabajadoras sexuales aseguran que desempe\u00f1an su trabajo con total libertad, con total control sobre sus actividades. Es por ello que se han agrupado bajo la plataforma abolicion prostitucion, la cual busca defender los derechos laborales. Esta asociaci\u00f3n siempre tiene las puertas abiertas [&hellip;]","og_url":"https:\/\/www.revistarambla.com\/en\/marcha-por-la-libertad-laboral-el-12-de-septiembre-en-madrid\/","og_site_name":"Revista Rambla","article_publisher":"https:\/\/www.facebook.com\/revistarambla\/","article_author":"https:\/\/www.facebook.com\/revistarambla","article_published_time":"2022-08-16T16:59:48+00:00","og_image":[{"width":2000,"height":1228,"url":"https:\/\/www.revistarambla.com\/wp-content\/uploads\/2022\/08\/phpdNilDb62fb968d4291a.jpg","type":"image\/jpeg"}],"author":"R@mbla","twitter_card":"summary_large_image","twitter_creator":"@revistarambla","twitter_site":"@revistarambla","twitter_misc":{"Written by":"R@mbla","Estimated reading time":"4 minutes"},"schema":{"@context":"https:\/\/schema.org","@graph":[{"@type":"Article","@id":"https:\/\/www.revistarambla.com\/marcha-por-la-libertad-laboral-el-12-de-septiembre-en-madrid\/#article","isPartOf":{"@id":"https:\/\/www.revistarambla.com\/marcha-por-la-libertad-laboral-el-12-de-septiembre-en-madrid\/"},"author":{"name":"R@mbla","@id":"https:\/\/www.revistarambla.com\/#\/schema\/person\/a146a5a2550b94981a75131180e1bd9c"},"headline":"Marcha por la libertad laboral el 12 de septiembre en Madrid","datePublished":"2022-08-16T16:59:48+00:00","mainEntityOfPage":{"@id":"https:\/\/www.revistarambla.com\/marcha-por-la-libertad-laboral-el-12-de-septiembre-en-madrid\/"},"wordCount":757,"publisher":{"@id":"https:\/\/www.revistarambla.com\/#organization"},"image":{"@id":"https:\/\/www.revistarambla.com\/marcha-por-la-libertad-laboral-el-12-de-septiembre-en-madrid\/#primaryimage"},"thumbnailUrl":"https:\/\/www.revistarambla.com\/wp-content\/uploads\/2022\/08\/phpdNilDb62fb968d4291a.jpg","articleSection":["Otras Noticias"],"inLanguage":"en-GB"},{"@type":"WebPage","@id":"https:\/\/www.revistarambla.com\/marcha-por-la-libertad-laboral-el-12-de-septiembre-en-madrid\/","url":"https:\/\/www.revistarambla.com\/marcha-por-la-libertad-laboral-el-12-de-septiembre-en-madrid\/","name":"Marcha por la libertad laboral el 12 de septiembre en Madrid - Revista Rambla","isPartOf":{"@id":"https:\/\/www.revistarambla.com\/#website"},"primaryImageOfPage":{"@id":"https:\/\/www.revistarambla.com\/marcha-por-la-libertad-laboral-el-12-de-septiembre-en-madrid\/#primaryimage"},"image":{"@id":"https:\/\/www.revistarambla.com\/marcha-por-la-libertad-laboral-el-12-de-septiembre-en-madrid\/#primaryimage"},"thumbnailUrl":"https:\/\/www.revistarambla.com\/wp-content\/uploads\/2022\/08\/phpdNilDb62fb968d4291a.jpg","datePublished":"2022-08-16T16:59:48+00:00","breadcrumb":{"@id":"https:\/\/www.revistarambla.com\/marcha-por-la-libertad-laboral-el-12-de-septiembre-en-madrid\/#breadcrumb"},"inLanguage":"en-GB","potentialAction":[{"@type":"ReadAction","target":["https:\/\/www.revistarambla.com\/marcha-por-la-libertad-laboral-el-12-de-septiembre-en-madrid\/"]}]},{"@type":"ImageObject","inLanguage":"en-GB","@id":"https:\/\/www.revistarambla.com\/marcha-por-la-libertad-laboral-el-12-de-septiembre-en-madrid\/#primaryimage","url":"https:\/\/www.revistarambla.com\/wp-content\/uploads\/2022\/08\/phpdNilDb62fb968d4291a.jpg","contentUrl":"https:\/\/www.revistarambla.com\/wp-content\/uploads\/2022\/08\/phpdNilDb62fb968d4291a.jpg","width":2000,"height":1228},{"@type":"BreadcrumbList","@id":"https:\/\/www.revistarambla.com\/marcha-por-la-libertad-laboral-el-12-de-septiembre-en-madrid\/#breadcrumb","itemListElement":[{"@type":"ListItem","position":1,"name":"Portada","item":"https:\/\/www.revistarambla.com\/"},{"@type":"ListItem","position":2,"name":"Marcha por la libertad laboral el 12 de septiembre en Madrid"}]},{"@type":"WebSite","@id":"https:\/\/www.revistarambla.com\/#website","url":"https:\/\/www.revistarambla.com\/","name":"Revista Rambla Barcelona","description":"Periodismo independiente","publisher":{"@id":"https:\/\/www.revistarambla.com\/#organization"},"potentialAction":[{"@type":"SearchAction","target":{"@type":"EntryPoint","urlTemplate":"https:\/\/www.revistarambla.com\/?s={search_term_string}"},"query-input":{"@type":"PropertyValueSpecification","valueRequired":true,"valueName":"search_term_string"}}],"inLanguage":"en-GB"},{"@type":"Organization","@id":"https:\/\/www.revistarambla.com\/#organization","name":"Revista Rambla","url":"https:\/\/www.revistarambla.com\/","logo":{"@type":"ImageObject","inLanguage":"en-GB","@id":"https:\/\/www.revistarambla.com\/#\/schema\/logo\/image\/","url":"https:\/\/www.revistarambla.com\/wp-content\/uploads\/2020\/09\/banner_rambla_1900x600_BB.png","contentUrl":"https:\/\/www.revistarambla.com\/wp-content\/uploads\/2020\/09\/banner_rambla_1900x600_BB.png","width":1900,"height":600,"caption":"Revista Rambla"},"image":{"@id":"https:\/\/www.revistarambla.com\/#\/schema\/logo\/image\/"},"sameAs":["https:\/\/www.facebook.com\/revistarambla\/","https:\/\/x.com\/revistarambla","https:\/\/www.instagram.com\/revista_rambla","https:\/\/es.linkedin.com\/company\/revista-rambla"]},{"@type":"Person","@id":"https:\/\/www.revistarambla.com\/#\/schema\/person\/a146a5a2550b94981a75131180e1bd9c","name":"R@mbla","description":"Este art\u00edculo ha sido redactado y\/o validado por el equipo de redacci\u00f3n de Revista Rambla.","sameAs":["https:\/\/www.revistarambla.com\/","https:\/\/www.facebook.com\/revistarambla","https:\/\/x.com\/revistarambla"]}]}},"_links":{"self":[{"href":"https:\/\/www.revistarambla.com\/en\/wp-json\/wp\/v2\/posts\/45485","targetHints":{"allow":["GET"]}}],"collection":[{"href":"https:\/\/www.revistarambla.com\/en\/wp-json\/wp\/v2\/posts"}],"about":[{"href":"https:\/\/www.revistarambla.com\/en\/wp-json\/wp\/v2\/types\/post"}],"author":[{"embeddable":true,"href":"https:\/\/www.revistarambla.com\/en\/wp-json\/wp\/v2\/users\/3"}],"replies":[{"embeddable":true,"href":"https:\/\/www.revistarambla.com\/en\/wp-json\/wp\/v2\/comments?post=45485"}],"version-history":[{"count":1,"href":"https:\/\/www.revistarambla.com\/en\/wp-json\/wp\/v2\/posts\/45485\/revisions"}],"predecessor-version":[{"id":45487,"href":"https:\/\/www.revistarambla.com\/en\/wp-json\/wp\/v2\/posts\/45485\/revisions\/45487"}],"wp:featuredmedia":[{"embeddable":true,"href":"https:\/\/www.revistarambla.com\/en\/wp-json\/wp\/v2\/media\/45486"}],"wp:attachment":[{"href":"https:\/\/www.revistarambla.com\/en\/wp-json\/wp\/v2\/media?parent=45485"}],"wp:term":[{"taxonomy":"category","embeddable":true,"href":"https:\/\/www.revistarambla.com\/en\/wp-json\/wp\/v2\/categories?post=45485"},{"taxonomy":"post_tag","embeddable":true,"href":"https:\/\/www.revistarambla.com\/en\/wp-json\/wp\/v2\/tags?post=45485"}],"curies":[{"name":"wp","href":"https:\/\/api.w.org\/{rel}","templated":true}]}}