{"id":4535,"date":"2013-12-24T16:46:13","date_gmt":"2013-12-24T16:46:13","guid":{"rendered":"https:\/\/www.revistarambla.com\/un-verniano-de-15-anos\/"},"modified":"2013-12-24T16:46:13","modified_gmt":"2013-12-24T16:46:13","slug":"un-verniano-de-15-anos","status":"publish","type":"post","link":"https:\/\/www.revistarambla.com\/en\/un-verniano-de-15-anos\/","title":{"rendered":"UN VERNIANO DE 15 A\u00d1OS"},"content":{"rendered":"<p> \t<img decoding=\"async\" class=\"alignleft size-full wp-image-4533\" alt=\"alt\" src=\"https:\/\/www.revistarambla.com\/wp-content\/uploads\/2013\/12\/JULIO_VERNE_RAMBLA_01.jpg\" style=\"width: 682px; height: 460px; margin-left: 9px; margin-right: 9px; float: left;\" width=\"682\" height=\"460\" srcset=\"https:\/\/www.revistarambla.com\/wp-content\/uploads\/2013\/12\/JULIO_VERNE_RAMBLA_01.jpg 682w, https:\/\/www.revistarambla.com\/wp-content\/uploads\/2013\/12\/JULIO_VERNE_RAMBLA_01-300x202.jpg 300w, https:\/\/www.revistarambla.com\/wp-content\/uploads\/2013\/12\/JULIO_VERNE_RAMBLA_01-500x337.jpg 500w\" sizes=\"(max-width: 682px) 100vw, 682px\" \/>Como en la <span data-scayt_word=\"novela\" data-scaytid=\"1\">novela<\/span> de Jules Verne &ldquo;Un <span data-scayt_word=\"capit\u00e1n\" data-scaytid=\"2\">capit\u00e1n<\/span> de quince <span data-scayt_word=\"a\u00f1os\u201d\" data-scaytid=\"3\">a\u00f1os&rdquo;<\/span>, en el <span data-scayt_word=\"Congreso\" data-scaytid=\"4\">Congreso<\/span> <span data-scayt_word=\"Internacional\" data-scaytid=\"5\">Internacional<\/span> Jules Verne de Barcelona <span data-scayt_word=\"celebrado\" data-scaytid=\"6\">celebrado<\/span> el <span data-scayt_word=\"pasado\" data-scaytid=\"7\">pasado<\/span> <span data-scayt_word=\"septiembre\" data-scaytid=\"8\">septiembre<\/span> de 2013, un <span data-scayt_word=\"joven\" data-scaytid=\"9\">joven<\/span> de de 15 <span data-scayt_word=\"a\u00f1os\" data-scaytid=\"10\">a\u00f1os<\/span> <span data-scayt_word=\"destacaba\" data-scaytid=\"11\">destacaba<\/span><\/p>\n<p> \t\u00a0<\/p>\n<p> \t\u00a0<\/p>\n<p> \t\u00a0<\/p>\n<p>  <!--more-->  <\/p>\n<p> \t\u00a0<\/p>\n<p> \t<img decoding=\"async\" class=\"alignright size-full wp-image-4534\" alt=\"alt\" src=\"https:\/\/www.revistarambla.com\/wp-content\/uploads\/2013\/12\/JULIO_VERNE_RAMBLA_02.jpg\" style=\"width: 270px; height: 476px; margin-left: 9px; margin-right: 9px; float: right;\" width=\"270\" height=\"476\" srcset=\"https:\/\/www.revistarambla.com\/wp-content\/uploads\/2013\/12\/JULIO_VERNE_RAMBLA_02.jpg 270w, https:\/\/www.revistarambla.com\/wp-content\/uploads\/2013\/12\/JULIO_VERNE_RAMBLA_02-170x300.jpg 170w\" sizes=\"(max-width: 270px) 100vw, 270px\" \/>Como en la <span data-scayt_word=\"novela\" data-scaytid=\"12\">novela<\/span> de Jules Verne &ldquo;Un <span data-scayt_word=\"capit\u00e1n\" data-scaytid=\"13\">capit\u00e1n<\/span> de quince <span data-scayt_word=\"a\u00f1os\u201d\" data-scaytid=\"14\">a\u00f1os&rdquo;<\/span>, en el <span data-scayt_word=\"Congreso\" data-scaytid=\"15\">Congreso<\/span> <span data-scayt_word=\"Internacional\" data-scaytid=\"16\">Internacional<\/span> Jules Verne de Barcelona <span data-scayt_word=\"celebrado\" data-scaytid=\"17\">celebrado<\/span> el <span data-scayt_word=\"pasado\" data-scaytid=\"18\">pasado<\/span> <span data-scayt_word=\"septiembre\" data-scaytid=\"19\">septiembre<\/span> de 2013, un <span data-scayt_word=\"joven\" data-scaytid=\"20\">joven<\/span> de de 15 <span data-scayt_word=\"a\u00f1os\" data-scaytid=\"21\">a\u00f1os<\/span> <span data-scayt_word=\"destacaba\" data-scaytid=\"22\">destacaba<\/span> <span data-scayt_word=\"entre\" data-scaytid=\"45\">entre<\/span> los <span data-scayt_word=\"adultos\" data-scaytid=\"46\">adultos<\/span>, los <span data-scayt_word=\"m\u00e1s\" data-scaytid=\"47\">m\u00e1s<\/span> <span data-scayt_word=\"prestigiosos\" data-scaytid=\"48\">prestigiosos<\/span> <span data-scayt_word=\"especialistas\" data-scaytid=\"49\">especialistas<\/span> <span data-scayt_word=\"mundiales\" data-scaytid=\"50\">mundiales<\/span> en el <span data-scayt_word=\"escritor\" data-scaytid=\"51\">escritor<\/span> <span data-scayt_word=\"galo\" data-scaytid=\"52\">galo<\/span>. Su <span data-scayt_word=\"nombre\" data-scaytid=\"53\">nombre<\/span>, <strong><span data-scayt_word=\"Josep\" data-scaytid=\"54\">Josep<\/span> <span data-scayt_word=\"Mar\u00eda\" data-scaytid=\"55\">Mar\u00eda<\/span> <span data-scayt_word=\"Panad\u00e9s\" data-scaytid=\"56\">Panad\u00e9s<\/span> <span data-scayt_word=\"Blas\" data-scaytid=\"57\">Blas<\/span><\/strong>, <span data-scayt_word=\"vecino\" data-scaytid=\"61\">vecino<\/span> de <span data-scayt_word=\"Sentmenat\" data-scaytid=\"62\">Sentmenat<\/span> (Barcelona). <span data-scayt_word=\"Josep\" data-scaytid=\"58\">Josep<\/span> era el <span data-scayt_word=\"primero\" data-scaytid=\"64\">primero<\/span> en <span data-scayt_word=\"llegar\" data-scaytid=\"65\">llegar<\/span> a <span data-scayt_word=\"las\" data-scaytid=\"66\">las<\/span> <span data-scayt_word=\"sesiones\" data-scaytid=\"69\">sesiones<\/span> del <span data-scayt_word=\"congreso\" data-scaytid=\"70\">congreso<\/span> y el <span data-scayt_word=\"\u00faltimo\" data-scaytid=\"71\">\u00faltimo<\/span> en <span data-scayt_word=\"irse\" data-scaytid=\"72\">irse<\/span>, <span data-scayt_word=\"cuando\" data-scaytid=\"73\">cuando<\/span> <span data-scayt_word=\"su\" data-scaytid=\"74\">su<\/span> padre <span data-scayt_word=\"ven\u00eda\" data-scaytid=\"76\">ven\u00eda<\/span> <span data-scayt_word=\"expresamente\" data-scaytid=\"77\">expresamente<\/span> <span data-scayt_word=\"para\" data-scaytid=\"78\">para<\/span> <span data-scayt_word=\"acompa\u00f1arlo\" data-scaytid=\"79\">acompa\u00f1arlo<\/span> en <span data-scayt_word=\"las\" data-scaytid=\"67\">las<\/span> <span data-scayt_word=\"comidas\" data-scaytid=\"80\">comidas<\/span> o <span data-scayt_word=\"llevarlo\" data-scaytid=\"81\">llevarlo<\/span> a la casa de <span data-scayt_word=\"su\" data-scaytid=\"75\">su<\/span> <span data-scayt_word=\"abuela\" data-scaytid=\"82\">abuela<\/span>, <span data-scayt_word=\"donde\" data-scaytid=\"83\">donde<\/span> <span data-scayt_word=\"resid\u00eda\" data-scaytid=\"84\">resid\u00eda<\/span> <span data-scayt_word=\"durante\" data-scaytid=\"85\">durante<\/span> <span data-scayt_word=\"las\" data-scaytid=\"68\">las<\/span> <span data-scayt_word=\"tres\" data-scaytid=\"86\">tres<\/span> <span data-scayt_word=\"jornadas\" data-scaytid=\"87\">jornadas<\/span> <span data-scayt_word=\"congresuales\" data-scaytid=\"88\">congresuales<\/span>. <span data-scayt_word=\"Tuve\" data-scaytid=\"89\">Tuve<\/span> la <span data-scayt_word=\"ocasi\u00f3n\" data-scaytid=\"90\">ocasi\u00f3n<\/span> de <span data-scayt_word=\"fotografiarlo\" data-scaytid=\"91\">fotografiarlo<\/span> <span data-scayt_word=\"junto\" data-scaytid=\"92\">junto<\/span> al <span data-scayt_word=\"presidente\" data-scaytid=\"93\">presidente<\/span> de la <strong><span data-scayt_word=\"Sociedad\" data-scaytid=\"127\">Sociedad<\/span> <span data-scayt_word=\"Norteamericana\" data-scaytid=\"128\">Norteamericana<\/span> Jules Verne<\/strong>, el <span data-scayt_word=\"veterano\" data-scaytid=\"129\">veterano<\/span> y <span data-scayt_word=\"prestigioso\" data-scaytid=\"130\">prestigioso<\/span> <span data-scayt_word=\"investigador\" data-scaytid=\"131\">investigador<\/span> <strong>Jean-Michel Margot<\/strong>. <span data-scayt_word=\"Hablamos\" data-scaytid=\"132\">Hablamos<\/span> con <span data-scayt_word=\"Josep\" data-scaytid=\"60\">Josep<\/span>, con el <span data-scayt_word=\"permiso\" data-scaytid=\"134\">permiso<\/span> de <span data-scayt_word=\"sus\" data-scaytid=\"135\">sus<\/span> padres, <span data-scayt_word=\"como\" data-scaytid=\"136\">como<\/span> <span data-scayt_word=\"es\" data-scaytid=\"137\">es<\/span> natural, al <span data-scayt_word=\"tratarse\" data-scaytid=\"138\">tratarse<\/span> de un <span data-scayt_word=\"menor\" data-scaytid=\"139\">menor<\/span>.<\/p>\n<p> \t\u00a0<\/p>\n<p> \t<strong>\u00bfC\u00f3mo te enteraste de la convocatoria del <span data-scayt_word=\"congreso\" data-scaytid=\"140\">congreso<\/span>?<\/strong><\/p>\n<p> \t\u00a0<\/p>\n<p> \tPor casualidad entr\u00e9 en la web del <span data-scayt_word=\"congreso\" data-scaytid=\"141\">congreso<\/span>, y me anim\u00e9. Le\u00ed la convocatoria e imprim\u00ed los horarios y aqu\u00ed estoy.<\/p>\n<p> \t\u00a0<\/p>\n<p> \t<strong>\u00bfPor qu\u00e9 te interesaba el congreso?<\/strong><\/p>\n<p> \t\u00a0<\/p>\n<p> \tPorque estoy haciendo un trabajo de investigaci\u00f3n que durar\u00e1 dos a\u00f1os, para mis estudios del bachillerato. El congreso me lo plante\u00e9 como mi trabajo de campo, adem\u00e1s es una buena base para mi investigaci\u00f3n.<\/p>\n<p> \t\u00a0<\/p>\n<p> \t<strong>\u00bfYa conoc\u00edas las novelas de Verne?<\/strong><\/p>\n<p> \t\u00a0<\/p>\n<p> \tYa he le\u00eddo unas cuarenta novelas de Julio Verne. Desde los siete a\u00f1os que me interesa Verne y su obra. Para m\u00ed ha sido un gran honor conocer en el congreso a los grandes especialistas mundiales en mi autor favorito.<\/p>\n<p> \t\u00a0<\/p>\n<p> \t<strong>Y tus compa\u00f1eros de colegio, \u00bftambi\u00e9n conocen a Verne, quiz\u00e1 por el cine?<\/strong><\/p>\n<p> \t\u00a0<\/p>\n<p> \tBueno, alg\u00fan trabajo de lectura hemos hecho. Yo intento difundir su obra entre mis compa\u00f1eros.<\/p>\n<p> \t\u00a0<\/p>\n<p> \t<strong>Generalmente, los chicos de tu edad se decantan por lecturas tipo Harry Potter y similares&hellip; \u00bfTu gusto por la obra verniana te viene de familia?<\/strong><\/p>\n<p> \t\u00a0<\/p>\n<p> \tS\u00ed, mi abuelo y mi padre me inculcaron la afici\u00f3n a las novelas de Verne.<\/p>\n<p> \t\u00a0<\/p>\n<p> \t<strong>\u00bfQu\u00e9 te pareci\u00f3 el congreso?<\/strong><\/p>\n<p> \t\u00a0<\/p>\n<p> \tPues magn\u00edfico, y pienso que he tenido mucha suerte en venir y aprender tanto del autor del que he le\u00eddo con gusto muchas novelas.<\/p>\n<p> \t\u00a0<\/p>\n<p> \t<strong>Creo que adem\u00e1s has contactado con algunos de los especialistas&hellip;<\/strong><\/p>\n<p> \t\u00a0<\/p>\n<p> \tS\u00ed, a algunos les he pasado una encuesta. He contactado con Volker Dehs y con Piero Gondolo della Riva, y tambi\u00e9n con las catedr\u00e1ticas del la universidad de Zaragoza, que me van a ayudar.<\/p>\n<p> \t\u00a0<\/p>\n<p> \t<strong>\u00bfSer\u00e1 una afici\u00f3n pasajera?<\/strong><\/p>\n<p> \t\u00a0<\/p>\n<p> \tNo, no, estoy en esto desde que era peque\u00f1o, y lo voy a seguir independientemente de lo que haga despu\u00e9s.<\/p>","protected":false},"excerpt":{"rendered":"<p>Como en la novela de Jules Verne &ldquo;Un capit\u00e1n de quince a\u00f1os&rdquo;, en el Congreso Internacional Jules Verne de Barcelona celebrado el pasado septiembre de 2013, un joven de de 15 a\u00f1os destacaba \u00a0 \u00a0 \u00a0<\/p>","protected":false},"author":1,"featured_media":0,"comment_status":"open","ping_status":"open","sticky":false,"template":"","format":"standard","meta":{"footnotes":""},"categories":[60],"tags":[],"class_list":["post-4535","post","type-post","status-publish","format-standard","hentry","category-libros"],"yoast_head":"<!-- This site is optimized with the Yoast SEO plugin v27.5 - https:\/\/yoast.com\/product\/yoast-seo-wordpress\/ -->\n<title>UN VERNIANO DE 15 A\u00d1OS - Revista Rambla<\/title>\n<meta name=\"robots\" content=\"index, follow, max-snippet:-1, max-image-preview:large, max-video-preview:-1\" \/>\n<link rel=\"canonical\" href=\"https:\/\/www.revistarambla.com\/en\/un-verniano-de-15-anos\/\" \/>\n<meta property=\"og:locale\" content=\"en_GB\" \/>\n<meta property=\"og:type\" content=\"article\" \/>\n<meta property=\"og:title\" content=\"UN VERNIANO DE 15 A\u00d1OS - Revista Rambla\" \/>\n<meta property=\"og:description\" content=\"Como en la novela de Jules Verne &ldquo;Un capit\u00e1n de quince a\u00f1os&rdquo;, en el Congreso Internacional Jules Verne de Barcelona celebrado el pasado septiembre de 2013, un joven de de 15 a\u00f1os destacaba \u00a0 \u00a0 \u00a0\" \/>\n<meta property=\"og:url\" content=\"https:\/\/www.revistarambla.com\/en\/un-verniano-de-15-anos\/\" \/>\n<meta property=\"og:site_name\" content=\"Revista Rambla\" \/>\n<meta property=\"article:publisher\" content=\"https:\/\/www.facebook.com\/revistarambla\/\" \/>\n<meta property=\"article:published_time\" content=\"2013-12-24T16:46:13+00:00\" \/>\n<meta property=\"og:image\" content=\"https:\/\/i0.wp.com\/www.revistarambla.com\/wp-content\/uploads\/2013\/12\/JULIO_VERNE_RAMBLA_01.jpg?fit=682%2C460&ssl=1\" \/>\n\t<meta property=\"og:image:width\" content=\"682\" \/>\n\t<meta property=\"og:image:height\" content=\"460\" \/>\n\t<meta property=\"og:image:type\" content=\"image\/jpeg\" \/>\n<meta name=\"author\" content=\"admin\" \/>\n<meta name=\"twitter:card\" content=\"summary_large_image\" \/>\n<meta name=\"twitter:creator\" content=\"@revistarambla\" \/>\n<meta name=\"twitter:site\" content=\"@revistarambla\" \/>\n<meta name=\"twitter:label1\" content=\"Written by\" \/>\n\t<meta name=\"twitter:data1\" content=\"admin\" \/>\n\t<meta name=\"twitter:label2\" content=\"Estimated reading time\" \/>\n\t<meta name=\"twitter:data2\" content=\"2 minutes\" \/>\n<script type=\"application\/ld+json\" class=\"yoast-schema-graph\">{\"@context\":\"https:\\\/\\\/schema.org\",\"@graph\":[{\"@type\":\"Article\",\"@id\":\"https:\\\/\\\/www.revistarambla.com\\\/un-verniano-de-15-anos\\\/#article\",\"isPartOf\":{\"@id\":\"https:\\\/\\\/www.revistarambla.com\\\/un-verniano-de-15-anos\\\/\"},\"author\":{\"name\":\"admin\",\"@id\":\"https:\\\/\\\/www.revistarambla.com\\\/#\\\/schema\\\/person\\\/4a5652fc8c82df1f8593002d038cd79e\"},\"headline\":\"UN VERNIANO DE 15 A\u00d1OS\",\"datePublished\":\"2013-12-24T16:46:13+00:00\",\"mainEntityOfPage\":{\"@id\":\"https:\\\/\\\/www.revistarambla.com\\\/un-verniano-de-15-anos\\\/\"},\"wordCount\":488,\"commentCount\":0,\"publisher\":{\"@id\":\"https:\\\/\\\/www.revistarambla.com\\\/#organization\"},\"image\":{\"@id\":\"https:\\\/\\\/www.revistarambla.com\\\/un-verniano-de-15-anos\\\/#primaryimage\"},\"thumbnailUrl\":\"https:\\\/\\\/www.revistarambla.com\\\/wp-content\\\/uploads\\\/2013\\\/12\\\/JULIO_VERNE_RAMBLA_01.jpg\",\"articleSection\":[\"Libros\"],\"inLanguage\":\"en-GB\",\"potentialAction\":[{\"@type\":\"CommentAction\",\"name\":\"Comment\",\"target\":[\"https:\\\/\\\/www.revistarambla.com\\\/un-verniano-de-15-anos\\\/#respond\"]}]},{\"@type\":\"WebPage\",\"@id\":\"https:\\\/\\\/www.revistarambla.com\\\/un-verniano-de-15-anos\\\/\",\"url\":\"https:\\\/\\\/www.revistarambla.com\\\/un-verniano-de-15-anos\\\/\",\"name\":\"UN VERNIANO DE 15 A\u00d1OS - Revista Rambla\",\"isPartOf\":{\"@id\":\"https:\\\/\\\/www.revistarambla.com\\\/#website\"},\"primaryImageOfPage\":{\"@id\":\"https:\\\/\\\/www.revistarambla.com\\\/un-verniano-de-15-anos\\\/#primaryimage\"},\"image\":{\"@id\":\"https:\\\/\\\/www.revistarambla.com\\\/un-verniano-de-15-anos\\\/#primaryimage\"},\"thumbnailUrl\":\"https:\\\/\\\/www.revistarambla.com\\\/wp-content\\\/uploads\\\/2013\\\/12\\\/JULIO_VERNE_RAMBLA_01.jpg\",\"datePublished\":\"2013-12-24T16:46:13+00:00\",\"breadcrumb\":{\"@id\":\"https:\\\/\\\/www.revistarambla.com\\\/un-verniano-de-15-anos\\\/#breadcrumb\"},\"inLanguage\":\"en-GB\",\"potentialAction\":[{\"@type\":\"ReadAction\",\"target\":[\"https:\\\/\\\/www.revistarambla.com\\\/un-verniano-de-15-anos\\\/\"]}]},{\"@type\":\"ImageObject\",\"inLanguage\":\"en-GB\",\"@id\":\"https:\\\/\\\/www.revistarambla.com\\\/un-verniano-de-15-anos\\\/#primaryimage\",\"url\":\"https:\\\/\\\/www.revistarambla.com\\\/wp-content\\\/uploads\\\/2013\\\/12\\\/JULIO_VERNE_RAMBLA_01.jpg\",\"contentUrl\":\"https:\\\/\\\/www.revistarambla.com\\\/wp-content\\\/uploads\\\/2013\\\/12\\\/JULIO_VERNE_RAMBLA_01.jpg\"},{\"@type\":\"BreadcrumbList\",\"@id\":\"https:\\\/\\\/www.revistarambla.com\\\/un-verniano-de-15-anos\\\/#breadcrumb\",\"itemListElement\":[{\"@type\":\"ListItem\",\"position\":1,\"name\":\"Portada\",\"item\":\"https:\\\/\\\/www.revistarambla.com\\\/\"},{\"@type\":\"ListItem\",\"position\":2,\"name\":\"UN VERNIANO DE 15 A\u00d1OS\"}]},{\"@type\":\"WebSite\",\"@id\":\"https:\\\/\\\/www.revistarambla.com\\\/#website\",\"url\":\"https:\\\/\\\/www.revistarambla.com\\\/\",\"name\":\"Revista Rambla Barcelona\",\"description\":\"Periodismo independiente\",\"publisher\":{\"@id\":\"https:\\\/\\\/www.revistarambla.com\\\/#organization\"},\"potentialAction\":[{\"@type\":\"SearchAction\",\"target\":{\"@type\":\"EntryPoint\",\"urlTemplate\":\"https:\\\/\\\/www.revistarambla.com\\\/?s={search_term_string}\"},\"query-input\":{\"@type\":\"PropertyValueSpecification\",\"valueRequired\":true,\"valueName\":\"search_term_string\"}}],\"inLanguage\":\"en-GB\"},{\"@type\":\"Organization\",\"@id\":\"https:\\\/\\\/www.revistarambla.com\\\/#organization\",\"name\":\"Revista Rambla\",\"url\":\"https:\\\/\\\/www.revistarambla.com\\\/\",\"logo\":{\"@type\":\"ImageObject\",\"inLanguage\":\"en-GB\",\"@id\":\"https:\\\/\\\/www.revistarambla.com\\\/#\\\/schema\\\/logo\\\/image\\\/\",\"url\":\"https:\\\/\\\/www.revistarambla.com\\\/wp-content\\\/uploads\\\/2020\\\/09\\\/banner_rambla_1900x600_BB.png\",\"contentUrl\":\"https:\\\/\\\/www.revistarambla.com\\\/wp-content\\\/uploads\\\/2020\\\/09\\\/banner_rambla_1900x600_BB.png\",\"width\":1900,\"height\":600,\"caption\":\"Revista Rambla\"},\"image\":{\"@id\":\"https:\\\/\\\/www.revistarambla.com\\\/#\\\/schema\\\/logo\\\/image\\\/\"},\"sameAs\":[\"https:\\\/\\\/www.facebook.com\\\/revistarambla\\\/\",\"https:\\\/\\\/x.com\\\/revistarambla\",\"https:\\\/\\\/www.instagram.com\\\/revista_rambla\",\"https:\\\/\\\/es.linkedin.com\\\/company\\\/revista-rambla\"]},{\"@type\":\"Person\",\"@id\":\"https:\\\/\\\/www.revistarambla.com\\\/#\\\/schema\\\/person\\\/4a5652fc8c82df1f8593002d038cd79e\",\"name\":\"admin\"}]}<\/script>\n<!-- \/ Yoast SEO plugin. -->","yoast_head_json":{"title":"UN VERNIANO DE 15 A\u00d1OS - Revista Rambla","robots":{"index":"index","follow":"follow","max-snippet":"max-snippet:-1","max-image-preview":"max-image-preview:large","max-video-preview":"max-video-preview:-1"},"canonical":"https:\/\/www.revistarambla.com\/en\/un-verniano-de-15-anos\/","og_locale":"en_GB","og_type":"article","og_title":"UN VERNIANO DE 15 A\u00d1OS - Revista Rambla","og_description":"Como en la novela de Jules Verne &ldquo;Un capit\u00e1n de quince a\u00f1os&rdquo;, en el Congreso Internacional Jules Verne de Barcelona celebrado el pasado septiembre de 2013, un joven de de 15 a\u00f1os destacaba \u00a0 \u00a0 \u00a0","og_url":"https:\/\/www.revistarambla.com\/en\/un-verniano-de-15-anos\/","og_site_name":"Revista Rambla","article_publisher":"https:\/\/www.facebook.com\/revistarambla\/","article_published_time":"2013-12-24T16:46:13+00:00","og_image":[{"width":682,"height":460,"url":"https:\/\/i0.wp.com\/www.revistarambla.com\/wp-content\/uploads\/2013\/12\/JULIO_VERNE_RAMBLA_01.jpg?fit=682%2C460&ssl=1","type":"image\/jpeg"}],"author":"admin","twitter_card":"summary_large_image","twitter_creator":"@revistarambla","twitter_site":"@revistarambla","twitter_misc":{"Written by":"admin","Estimated reading time":"2 minutes"},"schema":{"@context":"https:\/\/schema.org","@graph":[{"@type":"Article","@id":"https:\/\/www.revistarambla.com\/un-verniano-de-15-anos\/#article","isPartOf":{"@id":"https:\/\/www.revistarambla.com\/un-verniano-de-15-anos\/"},"author":{"name":"admin","@id":"https:\/\/www.revistarambla.com\/#\/schema\/person\/4a5652fc8c82df1f8593002d038cd79e"},"headline":"UN VERNIANO DE 15 A\u00d1OS","datePublished":"2013-12-24T16:46:13+00:00","mainEntityOfPage":{"@id":"https:\/\/www.revistarambla.com\/un-verniano-de-15-anos\/"},"wordCount":488,"commentCount":0,"publisher":{"@id":"https:\/\/www.revistarambla.com\/#organization"},"image":{"@id":"https:\/\/www.revistarambla.com\/un-verniano-de-15-anos\/#primaryimage"},"thumbnailUrl":"https:\/\/www.revistarambla.com\/wp-content\/uploads\/2013\/12\/JULIO_VERNE_RAMBLA_01.jpg","articleSection":["Libros"],"inLanguage":"en-GB","potentialAction":[{"@type":"CommentAction","name":"Comment","target":["https:\/\/www.revistarambla.com\/un-verniano-de-15-anos\/#respond"]}]},{"@type":"WebPage","@id":"https:\/\/www.revistarambla.com\/un-verniano-de-15-anos\/","url":"https:\/\/www.revistarambla.com\/un-verniano-de-15-anos\/","name":"UN VERNIANO DE 15 A\u00d1OS - Revista Rambla","isPartOf":{"@id":"https:\/\/www.revistarambla.com\/#website"},"primaryImageOfPage":{"@id":"https:\/\/www.revistarambla.com\/un-verniano-de-15-anos\/#primaryimage"},"image":{"@id":"https:\/\/www.revistarambla.com\/un-verniano-de-15-anos\/#primaryimage"},"thumbnailUrl":"https:\/\/www.revistarambla.com\/wp-content\/uploads\/2013\/12\/JULIO_VERNE_RAMBLA_01.jpg","datePublished":"2013-12-24T16:46:13+00:00","breadcrumb":{"@id":"https:\/\/www.revistarambla.com\/un-verniano-de-15-anos\/#breadcrumb"},"inLanguage":"en-GB","potentialAction":[{"@type":"ReadAction","target":["https:\/\/www.revistarambla.com\/un-verniano-de-15-anos\/"]}]},{"@type":"ImageObject","inLanguage":"en-GB","@id":"https:\/\/www.revistarambla.com\/un-verniano-de-15-anos\/#primaryimage","url":"https:\/\/www.revistarambla.com\/wp-content\/uploads\/2013\/12\/JULIO_VERNE_RAMBLA_01.jpg","contentUrl":"https:\/\/www.revistarambla.com\/wp-content\/uploads\/2013\/12\/JULIO_VERNE_RAMBLA_01.jpg"},{"@type":"BreadcrumbList","@id":"https:\/\/www.revistarambla.com\/un-verniano-de-15-anos\/#breadcrumb","itemListElement":[{"@type":"ListItem","position":1,"name":"Portada","item":"https:\/\/www.revistarambla.com\/"},{"@type":"ListItem","position":2,"name":"UN VERNIANO DE 15 A\u00d1OS"}]},{"@type":"WebSite","@id":"https:\/\/www.revistarambla.com\/#website","url":"https:\/\/www.revistarambla.com\/","name":"Revista Rambla Barcelona","description":"Periodismo independiente","publisher":{"@id":"https:\/\/www.revistarambla.com\/#organization"},"potentialAction":[{"@type":"SearchAction","target":{"@type":"EntryPoint","urlTemplate":"https:\/\/www.revistarambla.com\/?s={search_term_string}"},"query-input":{"@type":"PropertyValueSpecification","valueRequired":true,"valueName":"search_term_string"}}],"inLanguage":"en-GB"},{"@type":"Organization","@id":"https:\/\/www.revistarambla.com\/#organization","name":"Revista Rambla","url":"https:\/\/www.revistarambla.com\/","logo":{"@type":"ImageObject","inLanguage":"en-GB","@id":"https:\/\/www.revistarambla.com\/#\/schema\/logo\/image\/","url":"https:\/\/www.revistarambla.com\/wp-content\/uploads\/2020\/09\/banner_rambla_1900x600_BB.png","contentUrl":"https:\/\/www.revistarambla.com\/wp-content\/uploads\/2020\/09\/banner_rambla_1900x600_BB.png","width":1900,"height":600,"caption":"Revista Rambla"},"image":{"@id":"https:\/\/www.revistarambla.com\/#\/schema\/logo\/image\/"},"sameAs":["https:\/\/www.facebook.com\/revistarambla\/","https:\/\/x.com\/revistarambla","https:\/\/www.instagram.com\/revista_rambla","https:\/\/es.linkedin.com\/company\/revista-rambla"]},{"@type":"Person","@id":"https:\/\/www.revistarambla.com\/#\/schema\/person\/4a5652fc8c82df1f8593002d038cd79e","name":"admin"}]}},"_links":{"self":[{"href":"https:\/\/www.revistarambla.com\/en\/wp-json\/wp\/v2\/posts\/4535","targetHints":{"allow":["GET"]}}],"collection":[{"href":"https:\/\/www.revistarambla.com\/en\/wp-json\/wp\/v2\/posts"}],"about":[{"href":"https:\/\/www.revistarambla.com\/en\/wp-json\/wp\/v2\/types\/post"}],"author":[{"embeddable":true,"href":"https:\/\/www.revistarambla.com\/en\/wp-json\/wp\/v2\/users\/1"}],"replies":[{"embeddable":true,"href":"https:\/\/www.revistarambla.com\/en\/wp-json\/wp\/v2\/comments?post=4535"}],"version-history":[{"count":0,"href":"https:\/\/www.revistarambla.com\/en\/wp-json\/wp\/v2\/posts\/4535\/revisions"}],"wp:attachment":[{"href":"https:\/\/www.revistarambla.com\/en\/wp-json\/wp\/v2\/media?parent=4535"}],"wp:term":[{"taxonomy":"category","embeddable":true,"href":"https:\/\/www.revistarambla.com\/en\/wp-json\/wp\/v2\/categories?post=4535"},{"taxonomy":"post_tag","embeddable":true,"href":"https:\/\/www.revistarambla.com\/en\/wp-json\/wp\/v2\/tags?post=4535"}],"curies":[{"name":"wp","href":"https:\/\/api.w.org\/{rel}","templated":true}]}}