{"id":45347,"date":"2022-08-11T23:59:27","date_gmt":"2022-08-11T21:59:27","guid":{"rendered":"https:\/\/www.revistarambla.com\/?p=45347"},"modified":"2022-08-15T20:46:26","modified_gmt":"2022-08-15T18:46:26","slug":"la-otra-festa-major-de-gracia-en-el-casal-tres-lliris","status":"publish","type":"post","link":"https:\/\/www.revistarambla.com\/en\/la-otra-festa-major-de-gracia-en-el-casal-tres-lliris\/","title":{"rendered":"La otra Festa Major de Gr\u00e0cia en el Casal Tres Lliris"},"content":{"rendered":"<p>El Casal Popular Tres Lliris de Gr\u00e0cia organiza de nuevo este a\u00f1o <em>La Jove<\/em>, una fiesta mayor alternativa que se celebrar\u00e1 del 15 al 21 de agosto en la calle Santa Rosa. Est\u00e1n previstas m\u00e1s de 25 actividades (la mayor\u00eda conciertos) organizadas por diferentes colectivos de la Esquerra Independentista como Arran.<\/p>\n<p>\u00abUn a\u00f1o m\u00e1s, ofrecemos un espacio alternativo y reivindicativo de celebraci\u00f3n\u00bb, explican en Twitter. Uno de los objetivos de la fiesta es luchar \u00abcontra su marca Barcelona, contra el enriquecimiento de unos pocos, contra el turismo masivo y la gentrificaci\u00f3n\u00bb. Para la celebraci\u00f3n, el CP Tres Lliris tambi\u00e9n ha engalanado la calle.<\/p>\n<p>Puede consultar el programa de actividades en el siguiente tuit del CP Tres Lliris:<\/p>\n<blockquote class=\"twitter-tweet\">\n<p dir=\"ltr\" lang=\"ca\">Aviat arriba la setmana gloriosa pels graciencs i gracienques, i el jovent organitzat de la Vila oferim un any m\u00e9s un espai alternatiu de celebraci\u00f3 i reivindicaci\u00f3.<\/p>\n<p>T&#8217;esperem a Santa Rosa del 15 al 21 d&#8217;agost. <a href=\"https:\/\/t.co\/F9r5BAgdnC\">pic.twitter.com\/F9r5BAgdnC<\/a><\/p>\n<p>\u2014 CPTresLliris (@CPTresLliris) <a href=\"https:\/\/twitter.com\/CPTresLliris\/status\/1555623875760766978?ref_src=twsrc%5Etfw\">August 5, 2022<\/a><\/p><\/blockquote>\n<p><script async src=\"https:\/\/platform.twitter.com\/widgets.js\" charset=\"utf-8\"><\/script><\/p>","protected":false},"excerpt":{"rendered":"<p>Del 15 al 21 de agosto, en la calle Santa Rosa, est\u00e1n previstas m\u00e1s de 25 actividades<\/p>","protected":false},"author":3,"featured_media":45348,"comment_status":"closed","ping_status":"open","sticky":false,"template":"","format":"standard","meta":{"footnotes":""},"categories":[76],"tags":[],"class_list":["post-45347","post","type-post","status-publish","format-standard","has-post-thumbnail","hentry","category-barcelona"],"yoast_head":"<!-- This site is optimized with the Yoast SEO plugin v27.5 - https:\/\/yoast.com\/product\/yoast-seo-wordpress\/ -->\n<title>La otra Festa Major de Gr\u00e0cia en el Casal Tres Lliris - Revista Rambla<\/title>\n<meta name=\"robots\" content=\"index, follow, max-snippet:-1, max-image-preview:large, max-video-preview:-1\" \/>\n<link rel=\"canonical\" href=\"https:\/\/www.revistarambla.com\/en\/la-otra-festa-major-de-gracia-en-el-casal-tres-lliris\/\" \/>\n<meta property=\"og:locale\" content=\"en_GB\" \/>\n<meta property=\"og:type\" content=\"article\" \/>\n<meta property=\"og:title\" content=\"La otra Festa Major de Gr\u00e0cia en el Casal Tres Lliris - Revista Rambla\" \/>\n<meta property=\"og:description\" content=\"Del 15 al 21 de agosto, en la calle Santa Rosa, est\u00e1n previstas m\u00e1s de 25 actividades\" \/>\n<meta property=\"og:url\" content=\"https:\/\/www.revistarambla.com\/en\/la-otra-festa-major-de-gracia-en-el-casal-tres-lliris\/\" \/>\n<meta property=\"og:site_name\" content=\"Revista Rambla\" \/>\n<meta property=\"article:publisher\" content=\"https:\/\/www.facebook.com\/revistarambla\/\" \/>\n<meta property=\"article:author\" content=\"https:\/\/www.facebook.com\/revistarambla\" \/>\n<meta property=\"article:published_time\" content=\"2022-08-11T21:59:27+00:00\" \/>\n<meta property=\"article:modified_time\" content=\"2022-08-15T18:46:26+00:00\" \/>\n<meta property=\"og:image\" content=\"https:\/\/www.revistarambla.com\/wp-content\/uploads\/2022\/08\/FIM57EVXsAAPyH2.jpg\" \/>\n\t<meta property=\"og:image:width\" content=\"1020\" \/>\n\t<meta property=\"og:image:height\" content=\"680\" \/>\n\t<meta property=\"og:image:type\" content=\"image\/jpeg\" \/>\n<meta name=\"author\" content=\"R@mbla\" \/>\n<meta name=\"twitter:card\" content=\"summary_large_image\" \/>\n<meta name=\"twitter:creator\" content=\"@revistarambla\" \/>\n<meta name=\"twitter:site\" content=\"@revistarambla\" \/>\n<meta name=\"twitter:label1\" content=\"Written by\" \/>\n\t<meta name=\"twitter:data1\" content=\"R@mbla\" \/>\n\t<meta name=\"twitter:label2\" content=\"Estimated reading time\" \/>\n\t<meta name=\"twitter:data2\" content=\"1 minute\" \/>\n<script type=\"application\/ld+json\" class=\"yoast-schema-graph\">{\"@context\":\"https:\\\/\\\/schema.org\",\"@graph\":[{\"@type\":\"Article\",\"@id\":\"https:\\\/\\\/www.revistarambla.com\\\/la-otra-festa-major-de-gracia-en-el-casal-tres-lliris\\\/#article\",\"isPartOf\":{\"@id\":\"https:\\\/\\\/www.revistarambla.com\\\/la-otra-festa-major-de-gracia-en-el-casal-tres-lliris\\\/\"},\"author\":{\"name\":\"R@mbla\",\"@id\":\"https:\\\/\\\/www.revistarambla.com\\\/#\\\/schema\\\/person\\\/a146a5a2550b94981a75131180e1bd9c\"},\"headline\":\"La otra Festa Major de Gr\u00e0cia en el Casal Tres Lliris\",\"datePublished\":\"2022-08-11T21:59:27+00:00\",\"dateModified\":\"2022-08-15T18:46:26+00:00\",\"mainEntityOfPage\":{\"@id\":\"https:\\\/\\\/www.revistarambla.com\\\/la-otra-festa-major-de-gracia-en-el-casal-tres-lliris\\\/\"},\"wordCount\":183,\"publisher\":{\"@id\":\"https:\\\/\\\/www.revistarambla.com\\\/#organization\"},\"image\":{\"@id\":\"https:\\\/\\\/www.revistarambla.com\\\/la-otra-festa-major-de-gracia-en-el-casal-tres-lliris\\\/#primaryimage\"},\"thumbnailUrl\":\"https:\\\/\\\/www.revistarambla.com\\\/wp-content\\\/uploads\\\/2022\\\/08\\\/FIM57EVXsAAPyH2.jpg\",\"articleSection\":[\"Barcelona\"],\"inLanguage\":\"en-GB\"},{\"@type\":\"WebPage\",\"@id\":\"https:\\\/\\\/www.revistarambla.com\\\/la-otra-festa-major-de-gracia-en-el-casal-tres-lliris\\\/\",\"url\":\"https:\\\/\\\/www.revistarambla.com\\\/la-otra-festa-major-de-gracia-en-el-casal-tres-lliris\\\/\",\"name\":\"La otra Festa Major de Gr\u00e0cia en el Casal Tres Lliris - Revista Rambla\",\"isPartOf\":{\"@id\":\"https:\\\/\\\/www.revistarambla.com\\\/#website\"},\"primaryImageOfPage\":{\"@id\":\"https:\\\/\\\/www.revistarambla.com\\\/la-otra-festa-major-de-gracia-en-el-casal-tres-lliris\\\/#primaryimage\"},\"image\":{\"@id\":\"https:\\\/\\\/www.revistarambla.com\\\/la-otra-festa-major-de-gracia-en-el-casal-tres-lliris\\\/#primaryimage\"},\"thumbnailUrl\":\"https:\\\/\\\/www.revistarambla.com\\\/wp-content\\\/uploads\\\/2022\\\/08\\\/FIM57EVXsAAPyH2.jpg\",\"datePublished\":\"2022-08-11T21:59:27+00:00\",\"dateModified\":\"2022-08-15T18:46:26+00:00\",\"breadcrumb\":{\"@id\":\"https:\\\/\\\/www.revistarambla.com\\\/la-otra-festa-major-de-gracia-en-el-casal-tres-lliris\\\/#breadcrumb\"},\"inLanguage\":\"en-GB\",\"potentialAction\":[{\"@type\":\"ReadAction\",\"target\":[\"https:\\\/\\\/www.revistarambla.com\\\/la-otra-festa-major-de-gracia-en-el-casal-tres-lliris\\\/\"]}]},{\"@type\":\"ImageObject\",\"inLanguage\":\"en-GB\",\"@id\":\"https:\\\/\\\/www.revistarambla.com\\\/la-otra-festa-major-de-gracia-en-el-casal-tres-lliris\\\/#primaryimage\",\"url\":\"https:\\\/\\\/www.revistarambla.com\\\/wp-content\\\/uploads\\\/2022\\\/08\\\/FIM57EVXsAAPyH2.jpg\",\"contentUrl\":\"https:\\\/\\\/www.revistarambla.com\\\/wp-content\\\/uploads\\\/2022\\\/08\\\/FIM57EVXsAAPyH2.jpg\",\"width\":1020,\"height\":680},{\"@type\":\"BreadcrumbList\",\"@id\":\"https:\\\/\\\/www.revistarambla.com\\\/la-otra-festa-major-de-gracia-en-el-casal-tres-lliris\\\/#breadcrumb\",\"itemListElement\":[{\"@type\":\"ListItem\",\"position\":1,\"name\":\"Portada\",\"item\":\"https:\\\/\\\/www.revistarambla.com\\\/\"},{\"@type\":\"ListItem\",\"position\":2,\"name\":\"La otra Festa Major de Gr\u00e0cia en el Casal Tres Lliris\"}]},{\"@type\":\"WebSite\",\"@id\":\"https:\\\/\\\/www.revistarambla.com\\\/#website\",\"url\":\"https:\\\/\\\/www.revistarambla.com\\\/\",\"name\":\"Revista Rambla Barcelona\",\"description\":\"Periodismo independiente\",\"publisher\":{\"@id\":\"https:\\\/\\\/www.revistarambla.com\\\/#organization\"},\"potentialAction\":[{\"@type\":\"SearchAction\",\"target\":{\"@type\":\"EntryPoint\",\"urlTemplate\":\"https:\\\/\\\/www.revistarambla.com\\\/?s={search_term_string}\"},\"query-input\":{\"@type\":\"PropertyValueSpecification\",\"valueRequired\":true,\"valueName\":\"search_term_string\"}}],\"inLanguage\":\"en-GB\"},{\"@type\":\"Organization\",\"@id\":\"https:\\\/\\\/www.revistarambla.com\\\/#organization\",\"name\":\"Revista Rambla\",\"url\":\"https:\\\/\\\/www.revistarambla.com\\\/\",\"logo\":{\"@type\":\"ImageObject\",\"inLanguage\":\"en-GB\",\"@id\":\"https:\\\/\\\/www.revistarambla.com\\\/#\\\/schema\\\/logo\\\/image\\\/\",\"url\":\"https:\\\/\\\/www.revistarambla.com\\\/wp-content\\\/uploads\\\/2020\\\/09\\\/banner_rambla_1900x600_BB.png\",\"contentUrl\":\"https:\\\/\\\/www.revistarambla.com\\\/wp-content\\\/uploads\\\/2020\\\/09\\\/banner_rambla_1900x600_BB.png\",\"width\":1900,\"height\":600,\"caption\":\"Revista Rambla\"},\"image\":{\"@id\":\"https:\\\/\\\/www.revistarambla.com\\\/#\\\/schema\\\/logo\\\/image\\\/\"},\"sameAs\":[\"https:\\\/\\\/www.facebook.com\\\/revistarambla\\\/\",\"https:\\\/\\\/x.com\\\/revistarambla\",\"https:\\\/\\\/www.instagram.com\\\/revista_rambla\",\"https:\\\/\\\/es.linkedin.com\\\/company\\\/revista-rambla\"]},{\"@type\":\"Person\",\"@id\":\"https:\\\/\\\/www.revistarambla.com\\\/#\\\/schema\\\/person\\\/a146a5a2550b94981a75131180e1bd9c\",\"name\":\"R@mbla\",\"description\":\"Este art\u00edculo ha sido redactado y\\\/o validado por el equipo de redacci\u00f3n de Revista Rambla.\",\"sameAs\":[\"https:\\\/\\\/www.revistarambla.com\\\/\",\"https:\\\/\\\/www.facebook.com\\\/revistarambla\",\"https:\\\/\\\/x.com\\\/revistarambla\"]}]}<\/script>\n<!-- \/ Yoast SEO plugin. -->","yoast_head_json":{"title":"La otra Festa Major de Gr\u00e0cia en el Casal Tres Lliris - Revista Rambla","robots":{"index":"index","follow":"follow","max-snippet":"max-snippet:-1","max-image-preview":"max-image-preview:large","max-video-preview":"max-video-preview:-1"},"canonical":"https:\/\/www.revistarambla.com\/en\/la-otra-festa-major-de-gracia-en-el-casal-tres-lliris\/","og_locale":"en_GB","og_type":"article","og_title":"La otra Festa Major de Gr\u00e0cia en el Casal Tres Lliris - Revista Rambla","og_description":"Del 15 al 21 de agosto, en la calle Santa Rosa, est\u00e1n previstas m\u00e1s de 25 actividades","og_url":"https:\/\/www.revistarambla.com\/en\/la-otra-festa-major-de-gracia-en-el-casal-tres-lliris\/","og_site_name":"Revista Rambla","article_publisher":"https:\/\/www.facebook.com\/revistarambla\/","article_author":"https:\/\/www.facebook.com\/revistarambla","article_published_time":"2022-08-11T21:59:27+00:00","article_modified_time":"2022-08-15T18:46:26+00:00","og_image":[{"width":1020,"height":680,"url":"https:\/\/www.revistarambla.com\/wp-content\/uploads\/2022\/08\/FIM57EVXsAAPyH2.jpg","type":"image\/jpeg"}],"author":"R@mbla","twitter_card":"summary_large_image","twitter_creator":"@revistarambla","twitter_site":"@revistarambla","twitter_misc":{"Written by":"R@mbla","Estimated reading time":"1 minute"},"schema":{"@context":"https:\/\/schema.org","@graph":[{"@type":"Article","@id":"https:\/\/www.revistarambla.com\/la-otra-festa-major-de-gracia-en-el-casal-tres-lliris\/#article","isPartOf":{"@id":"https:\/\/www.revistarambla.com\/la-otra-festa-major-de-gracia-en-el-casal-tres-lliris\/"},"author":{"name":"R@mbla","@id":"https:\/\/www.revistarambla.com\/#\/schema\/person\/a146a5a2550b94981a75131180e1bd9c"},"headline":"La otra Festa Major de Gr\u00e0cia en el Casal Tres Lliris","datePublished":"2022-08-11T21:59:27+00:00","dateModified":"2022-08-15T18:46:26+00:00","mainEntityOfPage":{"@id":"https:\/\/www.revistarambla.com\/la-otra-festa-major-de-gracia-en-el-casal-tres-lliris\/"},"wordCount":183,"publisher":{"@id":"https:\/\/www.revistarambla.com\/#organization"},"image":{"@id":"https:\/\/www.revistarambla.com\/la-otra-festa-major-de-gracia-en-el-casal-tres-lliris\/#primaryimage"},"thumbnailUrl":"https:\/\/www.revistarambla.com\/wp-content\/uploads\/2022\/08\/FIM57EVXsAAPyH2.jpg","articleSection":["Barcelona"],"inLanguage":"en-GB"},{"@type":"WebPage","@id":"https:\/\/www.revistarambla.com\/la-otra-festa-major-de-gracia-en-el-casal-tres-lliris\/","url":"https:\/\/www.revistarambla.com\/la-otra-festa-major-de-gracia-en-el-casal-tres-lliris\/","name":"La otra Festa Major de Gr\u00e0cia en el Casal Tres Lliris - Revista Rambla","isPartOf":{"@id":"https:\/\/www.revistarambla.com\/#website"},"primaryImageOfPage":{"@id":"https:\/\/www.revistarambla.com\/la-otra-festa-major-de-gracia-en-el-casal-tres-lliris\/#primaryimage"},"image":{"@id":"https:\/\/www.revistarambla.com\/la-otra-festa-major-de-gracia-en-el-casal-tres-lliris\/#primaryimage"},"thumbnailUrl":"https:\/\/www.revistarambla.com\/wp-content\/uploads\/2022\/08\/FIM57EVXsAAPyH2.jpg","datePublished":"2022-08-11T21:59:27+00:00","dateModified":"2022-08-15T18:46:26+00:00","breadcrumb":{"@id":"https:\/\/www.revistarambla.com\/la-otra-festa-major-de-gracia-en-el-casal-tres-lliris\/#breadcrumb"},"inLanguage":"en-GB","potentialAction":[{"@type":"ReadAction","target":["https:\/\/www.revistarambla.com\/la-otra-festa-major-de-gracia-en-el-casal-tres-lliris\/"]}]},{"@type":"ImageObject","inLanguage":"en-GB","@id":"https:\/\/www.revistarambla.com\/la-otra-festa-major-de-gracia-en-el-casal-tres-lliris\/#primaryimage","url":"https:\/\/www.revistarambla.com\/wp-content\/uploads\/2022\/08\/FIM57EVXsAAPyH2.jpg","contentUrl":"https:\/\/www.revistarambla.com\/wp-content\/uploads\/2022\/08\/FIM57EVXsAAPyH2.jpg","width":1020,"height":680},{"@type":"BreadcrumbList","@id":"https:\/\/www.revistarambla.com\/la-otra-festa-major-de-gracia-en-el-casal-tres-lliris\/#breadcrumb","itemListElement":[{"@type":"ListItem","position":1,"name":"Portada","item":"https:\/\/www.revistarambla.com\/"},{"@type":"ListItem","position":2,"name":"La otra Festa Major de Gr\u00e0cia en el Casal Tres Lliris"}]},{"@type":"WebSite","@id":"https:\/\/www.revistarambla.com\/#website","url":"https:\/\/www.revistarambla.com\/","name":"Revista Rambla Barcelona","description":"Periodismo independiente","publisher":{"@id":"https:\/\/www.revistarambla.com\/#organization"},"potentialAction":[{"@type":"SearchAction","target":{"@type":"EntryPoint","urlTemplate":"https:\/\/www.revistarambla.com\/?s={search_term_string}"},"query-input":{"@type":"PropertyValueSpecification","valueRequired":true,"valueName":"search_term_string"}}],"inLanguage":"en-GB"},{"@type":"Organization","@id":"https:\/\/www.revistarambla.com\/#organization","name":"Revista Rambla","url":"https:\/\/www.revistarambla.com\/","logo":{"@type":"ImageObject","inLanguage":"en-GB","@id":"https:\/\/www.revistarambla.com\/#\/schema\/logo\/image\/","url":"https:\/\/www.revistarambla.com\/wp-content\/uploads\/2020\/09\/banner_rambla_1900x600_BB.png","contentUrl":"https:\/\/www.revistarambla.com\/wp-content\/uploads\/2020\/09\/banner_rambla_1900x600_BB.png","width":1900,"height":600,"caption":"Revista Rambla"},"image":{"@id":"https:\/\/www.revistarambla.com\/#\/schema\/logo\/image\/"},"sameAs":["https:\/\/www.facebook.com\/revistarambla\/","https:\/\/x.com\/revistarambla","https:\/\/www.instagram.com\/revista_rambla","https:\/\/es.linkedin.com\/company\/revista-rambla"]},{"@type":"Person","@id":"https:\/\/www.revistarambla.com\/#\/schema\/person\/a146a5a2550b94981a75131180e1bd9c","name":"R@mbla","description":"Este art\u00edculo ha sido redactado y\/o validado por el equipo de redacci\u00f3n de Revista Rambla.","sameAs":["https:\/\/www.revistarambla.com\/","https:\/\/www.facebook.com\/revistarambla","https:\/\/x.com\/revistarambla"]}]}},"_links":{"self":[{"href":"https:\/\/www.revistarambla.com\/en\/wp-json\/wp\/v2\/posts\/45347","targetHints":{"allow":["GET"]}}],"collection":[{"href":"https:\/\/www.revistarambla.com\/en\/wp-json\/wp\/v2\/posts"}],"about":[{"href":"https:\/\/www.revistarambla.com\/en\/wp-json\/wp\/v2\/types\/post"}],"author":[{"embeddable":true,"href":"https:\/\/www.revistarambla.com\/en\/wp-json\/wp\/v2\/users\/3"}],"replies":[{"embeddable":true,"href":"https:\/\/www.revistarambla.com\/en\/wp-json\/wp\/v2\/comments?post=45347"}],"version-history":[{"count":2,"href":"https:\/\/www.revistarambla.com\/en\/wp-json\/wp\/v2\/posts\/45347\/revisions"}],"predecessor-version":[{"id":45350,"href":"https:\/\/www.revistarambla.com\/en\/wp-json\/wp\/v2\/posts\/45347\/revisions\/45350"}],"wp:featuredmedia":[{"embeddable":true,"href":"https:\/\/www.revistarambla.com\/en\/wp-json\/wp\/v2\/media\/45348"}],"wp:attachment":[{"href":"https:\/\/www.revistarambla.com\/en\/wp-json\/wp\/v2\/media?parent=45347"}],"wp:term":[{"taxonomy":"category","embeddable":true,"href":"https:\/\/www.revistarambla.com\/en\/wp-json\/wp\/v2\/categories?post=45347"},{"taxonomy":"post_tag","embeddable":true,"href":"https:\/\/www.revistarambla.com\/en\/wp-json\/wp\/v2\/tags?post=45347"}],"curies":[{"name":"wp","href":"https:\/\/api.w.org\/{rel}","templated":true}]}}