{"id":4527,"date":"2013-12-24T06:56:56","date_gmt":"2013-12-24T06:56:56","guid":{"rendered":"https:\/\/www.revistarambla.com\/arbol-de-navidad-consumista\/"},"modified":"2013-12-24T06:56:56","modified_gmt":"2013-12-24T06:56:56","slug":"arbol-de-navidad-consumista","status":"publish","type":"post","link":"https:\/\/www.revistarambla.com\/en\/arbol-de-navidad-consumista\/","title":{"rendered":"\u00c1RBOL DE NAVIDAD CONSUMISTA"},"content":{"rendered":"<p> \t\u00a0<\/p>\n<p align=\"center\" class=\"MsoNormal\" style=\"text-align:center\"> \t\u00a0<\/p>\n<p> \t<img decoding=\"async\" class=\"alignleft size-full wp-image-4525\" alt=\"alt\" src=\"https:\/\/www.revistarambla.com\/wp-content\/uploads\/2013\/12\/arbol_navidada_rambla_01.jpg\" style=\"width: 682px; height: 460px; margin-left: 9px; margin-right: 9px; float: left;\" width=\"682\" height=\"460\" srcset=\"https:\/\/www.revistarambla.com\/wp-content\/uploads\/2013\/12\/arbol_navidada_rambla_01.jpg 682w, https:\/\/www.revistarambla.com\/wp-content\/uploads\/2013\/12\/arbol_navidada_rambla_01-300x202.jpg 300w, https:\/\/www.revistarambla.com\/wp-content\/uploads\/2013\/12\/arbol_navidada_rambla_01-500x337.jpg 500w\" sizes=\"(max-width: 682px) 100vw, 682px\" \/>El <span data-scayt_word=\"pasado\" data-scaytid=\"1\">pasado<\/span> <span data-scayt_word=\"noviembre\" data-scaytid=\"2\">noviembre<\/span> nos <span data-scayt_word=\"fuimos\" data-scaytid=\"3\">fuimos<\/span> de <span data-scayt_word=\"festivales\" data-scaytid=\"4\">festivales<\/span> <span data-scayt_word=\"por\" data-scaytid=\"5\">por<\/span> el <span data-scayt_word=\"mundo\u2026\" data-scaytid=\"6\">mundo&hellip;<\/span> <span data-scayt_word=\"primero\" data-scaytid=\"7\">primero<\/span> <span data-scayt_word=\"visitamos\" data-scaytid=\"8\">visitamos<\/span> el Glow de <span data-scayt_word=\"Eindhoven\" data-scaytid=\"9\">Eindhoven<\/span> <span data-scayt_word=\"donde\" data-scaytid=\"10\">donde<\/span> <span data-scayt_word=\"volvimos\" data-scaytid=\"11\">volvimos<\/span> a <span data-scayt_word=\"dejar\" data-scaytid=\"12\">dejar<\/span> <span data-scayt_word=\"nuestro\" data-scaytid=\"13\">nuestro<\/span> <span data-scayt_word=\"R\u00edo\" data-scaytid=\"14\">R\u00edo<\/span> <span data-scayt_word=\"Port\u00e1til\" data-scaytid=\"15\">Port\u00e1til<\/span> y de <span data-scayt_word=\"ah\u00ed\" data-scaytid=\"16\">ah\u00ed<\/span> nos <span data-scayt_word=\"marchamos\" data-scaytid=\"17\">marchamos<\/span> al <span data-scayt_word=\"Lumiere\" data-scaytid=\"18\">Lumiere<\/span> de Durham, <span data-scayt_word=\"para\" data-scaytid=\"19\">para<\/span> <span data-scayt_word=\"llevar\" data-scaytid=\"21\">llevar<\/span> a <span data-scayt_word=\"cabo\" data-scaytid=\"22\">cabo<\/span> <span data-scayt_word=\"una\" data-scaytid=\"23\">una<\/span> <span data-scayt_word=\"pieza\" data-scaytid=\"24\">pieza<\/span> a <span data-scayt_word=\"gran\" data-scaytid=\"25\">gran<\/span> <span data-scayt_word=\"escala\" data-scaytid=\"26\">escala<\/span>, <span data-scayt_word=\"que\" data-scaytid=\"27\">que<\/span> <span data-scayt_word=\"trascend\u00eda\" data-scaytid=\"28\">trascend\u00eda<\/span> <span data-scayt_word=\"las\" data-scaytid=\"29\">las<\/span> <span data-scayt_word=\"fechas\" data-scaytid=\"31\">fechas<\/span> del <span data-scayt_word=\"propio\" data-scaytid=\"32\">propio<\/span> festival <span data-scayt_word=\"para\" data-scaytid=\"20\">para<\/span> <span data-scayt_word=\"seguir\" data-scaytid=\"33\">seguir<\/span> <span data-scayt_word=\"iluminando\" data-scaytid=\"34\">iluminando<\/span> la <span data-scayt_word=\"ciudad\" data-scaytid=\"35\">ciudad<\/span> <span data-scayt_word=\"durante\" data-scaytid=\"36\">durante<\/span> <span data-scayt_word=\"las\" data-scaytid=\"30\">las<\/span> fiestas <span data-scayt_word=\"navide\u00f1as\" data-scaytid=\"37\">navide\u00f1as<\/span>.<\/p>\n<p> \t\u00a0<\/p>\n<p> \t\u00a0<\/p>\n<p>  <!--more-->  <\/p>\n<p> \t\u00a0<\/p>\n<p> \t<strong>El <span data-scayt_word=\"pasado\" data-scaytid=\"38\">pasado<\/span> <span data-scayt_word=\"noviembre\" data-scaytid=\"39\">noviembre<\/span> nos <span data-scayt_word=\"fuimos\" data-scaytid=\"40\">fuimos<\/span> de <span data-scayt_word=\"festivales\" data-scaytid=\"41\">festivales<\/span> <span data-scayt_word=\"por\" data-scaytid=\"42\">por<\/span> el <span data-scayt_word=\"mundo\u2026\" data-scaytid=\"43\">mundo&hellip;<\/span> <span data-scayt_word=\"primero\" data-scaytid=\"44\">primero<\/span> <span data-scayt_word=\"visitamos\" data-scaytid=\"45\">visitamos<\/span> el Glow de <span data-scayt_word=\"Eindhoven\" data-scaytid=\"46\">Eindhoven<\/span> <span data-scayt_word=\"donde\" data-scaytid=\"47\">donde<\/span> <span data-scayt_word=\"volvimos\" data-scaytid=\"48\">volvimos<\/span> a <span data-scayt_word=\"dejar\" data-scaytid=\"49\">dejar<\/span> <span data-scayt_word=\"nuestro\" data-scaytid=\"50\">nuestro<\/span> <span data-scayt_word=\"R\u00edo\" data-scaytid=\"51\">R\u00edo<\/span> <span data-scayt_word=\"Port\u00e1til\" data-scaytid=\"52\">Port\u00e1til<\/span> y de <span data-scayt_word=\"ah\u00ed\" data-scaytid=\"53\">ah\u00ed<\/span> nos <span data-scayt_word=\"marchamos\" data-scaytid=\"54\">marchamos<\/span> al <span data-scayt_word=\"Lumiere\" data-scaytid=\"55\">Lumiere<\/span> de Durham, <span data-scayt_word=\"para\" data-scaytid=\"56\">para<\/span> <span data-scayt_word=\"llevar\" data-scaytid=\"58\">llevar<\/span> a <span data-scayt_word=\"cabo\" data-scaytid=\"59\">cabo<\/span> <span data-scayt_word=\"una\" data-scaytid=\"60\">una<\/span> <span data-scayt_word=\"pieza\" data-scaytid=\"61\">pieza<\/span> a <span data-scayt_word=\"gran\" data-scaytid=\"62\">gran<\/span> <span data-scayt_word=\"escala\" data-scaytid=\"63\">escala<\/span>, <span data-scayt_word=\"que\" data-scaytid=\"64\">que<\/span> <span data-scayt_word=\"trascend\u00eda\" data-scaytid=\"65\">trascend\u00eda<\/span> <span data-scayt_word=\"las\" data-scaytid=\"66\">las<\/span> <span data-scayt_word=\"fechas\" data-scaytid=\"68\">fechas<\/span> del <span data-scayt_word=\"propio\" data-scaytid=\"69\">propio<\/span> festival <span data-scayt_word=\"para\" data-scaytid=\"57\">para<\/span> <span data-scayt_word=\"seguir\" data-scaytid=\"70\">seguir<\/span> <span data-scayt_word=\"iluminando\" data-scaytid=\"71\">iluminando<\/span> la <span data-scayt_word=\"ciudad\" data-scaytid=\"72\">ciudad<\/span> <span data-scayt_word=\"durante\" data-scaytid=\"73\">durante<\/span> <span data-scayt_word=\"las\" data-scaytid=\"67\">las<\/span> fiestas <span data-scayt_word=\"navide\u00f1as\" data-scaytid=\"74\">navide\u00f1as<\/span>.<\/strong><\/p>\n<p> \t\u00a0<\/p>\n<p> \t<img decoding=\"async\" class=\"size-full wp-image-4526\" alt=\"alt\" src=\"https:\/\/www.revistarambla.com\/wp-content\/uploads\/2013\/12\/arbol_navidada_rambla_02.jpg\" style=\"width: 700px; height: 467px;\" width=\"700\" height=\"467\" srcset=\"https:\/\/www.revistarambla.com\/wp-content\/uploads\/2013\/12\/arbol_navidada_rambla_02.jpg 700w, https:\/\/www.revistarambla.com\/wp-content\/uploads\/2013\/12\/arbol_navidada_rambla_02-300x200.jpg 300w, https:\/\/www.revistarambla.com\/wp-content\/uploads\/2013\/12\/arbol_navidada_rambla_02-500x334.jpg 500w\" sizes=\"(max-width: 700px) 100vw, 700px\" \/><\/p>\n<p> \t\u00a0<\/p>\n<p> \tPara <span data-scayt_word=\"esta\" data-scaytid=\"235\">esta<\/span> <span data-scayt_word=\"pieza\" data-scaytid=\"149\">pieza<\/span> nos <span data-scayt_word=\"basamos\" data-scaytid=\"238\">basamos<\/span> en la <span data-scayt_word=\"instalaci\u00f3n\" data-scaytid=\"239\">instalaci\u00f3n<\/span> <span data-scayt_word=\"Basura\" data-scaytid=\"240\">Basura<\/span> <span data-scayt_word=\"pl\u00e1stica\" data-scaytid=\"241\">pl\u00e1stica<\/span> <span data-scayt_word=\"custodiando\" data-scaytid=\"242\">custodiando<\/span> <span data-scayt_word=\"museo\" data-scaytid=\"243\">museo<\/span>, <span data-scayt_word=\"que\" data-scaytid=\"150\">que<\/span> <span data-scayt_word=\"ya\" data-scaytid=\"247\">ya<\/span> <span data-scayt_word=\"hab\u00edamos\" data-scaytid=\"248\">hab\u00edamos<\/span> <span data-scayt_word=\"llevamos\" data-scaytid=\"249\">llevamos<\/span> a <span data-scayt_word=\"cabo\" data-scaytid=\"153\">cabo<\/span> en el <span data-scayt_word=\"Gewerbemuseum\" data-scaytid=\"251\">Gewerbemuseum<\/span>, <span data-scayt_word=\"pero\" data-scaytid=\"252\">pero<\/span> <span data-scayt_word=\"esta\" data-scaytid=\"236\">esta<\/span> <span data-scayt_word=\"vez\" data-scaytid=\"253\">vez<\/span> <span data-scayt_word=\"quer\u00edamos\" data-scaytid=\"254\">quer\u00edamos<\/span> <span data-scayt_word=\"darle\" data-scaytid=\"255\">darle<\/span> <span data-scayt_word=\"una\" data-scaytid=\"154\">una<\/span> <span data-scayt_word=\"doble\" data-scaytid=\"257\">doble<\/span> <span data-scayt_word=\"intenci\u00f3n\" data-scaytid=\"258\">intenci\u00f3n<\/span> de <span data-scayt_word=\"denuncia\" data-scaytid=\"259\">denuncia<\/span>, <span data-scayt_word=\"por\" data-scaytid=\"155\">por<\/span> un <span data-scayt_word=\"lado\" data-scaytid=\"262\">lado<\/span> el <span data-scayt_word=\"uso\" data-scaytid=\"263\">uso<\/span> <span data-scayt_word=\"masivo\" data-scaytid=\"264\">masivo<\/span> de <span data-scayt_word=\"bolsas\" data-scaytid=\"265\">bolsas<\/span> de <span data-scayt_word=\"pl\u00e1stico\" data-scaytid=\"266\">pl\u00e1stico<\/span> y <span data-scayt_word=\"las\" data-scaytid=\"157\">las<\/span> <span data-scayt_word=\"consecuencias\" data-scaytid=\"268\">consecuencias<\/span> <span data-scayt_word=\"que\" data-scaytid=\"151\">que<\/span> <span data-scayt_word=\"este\" data-scaytid=\"269\">este<\/span> <span data-scayt_word=\"tiene\" data-scaytid=\"270\">tiene<\/span> <span data-scayt_word=\"para\" data-scaytid=\"158\">para<\/span> la <span data-scayt_word=\"medio\" data-scaytid=\"272\">medio<\/span> <span data-scayt_word=\"ambiente\" data-scaytid=\"273\">ambiente<\/span>, y <span data-scayt_word=\"por\" data-scaytid=\"156\">por<\/span> <span data-scayt_word=\"otro\" data-scaytid=\"274\">otro<\/span>, el <span data-scayt_word=\"consumo\" data-scaytid=\"275\">consumo<\/span> <span data-scayt_word=\"excesivo\" data-scaytid=\"276\">excesivo<\/span> e <span data-scayt_word=\"innecesario\" data-scaytid=\"277\">innecesario<\/span> <span data-scayt_word=\"que\" data-scaytid=\"152\">que<\/span> se produce en <span data-scayt_word=\"estas\" data-scaytid=\"278\">estas<\/span> <span data-scayt_word=\"fechas\" data-scaytid=\"159\">fechas<\/span> <span data-scayt_word=\"navide\u00f1as\" data-scaytid=\"160\">navide\u00f1as<\/span>.<\/p>\n<p> \t\u00a0<\/p>\n<p> \t<span data-scayt_word=\"Ten\u00eda\" data-scaytid=\"434\">Ten\u00eda<\/span> <span data-scayt_word=\"todo\" data-scaytid=\"435\">todo<\/span> el <span data-scayt_word=\"sentido\" data-scaytid=\"436\">sentido<\/span> <span data-scayt_word=\"esta\" data-scaytid=\"422\">esta<\/span> <span data-scayt_word=\"pieza\" data-scaytid=\"423\">pieza<\/span> no <span data-scayt_word=\"s\u00f3lo\" data-scaytid=\"440\">s\u00f3lo<\/span> <span data-scayt_word=\"por\" data-scaytid=\"425\">por<\/span> <span data-scayt_word=\"las\" data-scaytid=\"426\">las<\/span> <span data-scayt_word=\"fechas\" data-scaytid=\"427\">fechas<\/span> <span data-scayt_word=\"sino\" data-scaytid=\"444\">sino<\/span> <span data-scayt_word=\"porque\" data-scaytid=\"445\">porque<\/span> el <span data-scayt_word=\"espacio\" data-scaytid=\"446\">espacio<\/span> <span data-scayt_word=\"que\" data-scaytid=\"428\">que<\/span> nos <span data-scayt_word=\"asignaron\" data-scaytid=\"450\">asignaron<\/span> <span data-scayt_word=\"para\" data-scaytid=\"431\">para<\/span> <span data-scayt_word=\"su\" data-scaytid=\"452\">su<\/span> <span data-scayt_word=\"ubicaci\u00f3n\" data-scaytid=\"453\">ubicaci\u00f3n<\/span> era la <span data-scayt_word=\"zona\" data-scaytid=\"454\">zona<\/span> <span data-scayt_word=\"comercial\" data-scaytid=\"455\">comercial<\/span> del <span data-scayt_word=\"centro\" data-scaytid=\"456\">centro<\/span> de la <span data-scayt_word=\"ciudad\" data-scaytid=\"432\">ciudad<\/span> y se <span data-scayt_word=\"contaba\" data-scaytid=\"458\">contaba<\/span> con el <span data-scayt_word=\"patrocinio\" data-scaytid=\"459\">patrocinio<\/span> de la <span data-scayt_word=\"asociaci\u00f3n\" data-scaytid=\"460\">asociaci\u00f3n<\/span> de <span data-scayt_word=\"comerciantes\" data-scaytid=\"461\">comerciantes<\/span>, <span data-scayt_word=\"que\" data-scaytid=\"429\">que<\/span> <span data-scayt_word=\"hab\u00eda\" data-scaytid=\"462\">hab\u00eda<\/span> <span data-scayt_word=\"pedido\" data-scaytid=\"463\">pedido<\/span> <span data-scayt_word=\"que\" data-scaytid=\"430\">que<\/span> la <span data-scayt_word=\"pieza\" data-scaytid=\"424\">pieza<\/span> se <span data-scayt_word=\"conservara\" data-scaytid=\"464\">conservara<\/span> <span data-scayt_word=\"durante\" data-scaytid=\"433\">durante<\/span> el <span data-scayt_word=\"periodo\" data-scaytid=\"466\">periodo<\/span> <span data-scayt_word=\"navide\u00f1o\" data-scaytid=\"467\">navide\u00f1o<\/span>.<\/p>\n<p> \t\u00a0<\/p>\n<p> \tDurante <span data-scayt_word=\"todo\" data-scaytid=\"502\">todo<\/span> el <span data-scayt_word=\"periodo\" data-scaytid=\"503\">periodo<\/span> <span data-scayt_word=\"que\" data-scaytid=\"504\">que<\/span> estuvimos trabajando en la <span data-scayt_word=\"pieza\" data-scaytid=\"506\">pieza<\/span>, adem\u00e1s coincidi\u00f3 la huelga de los servicios de basura de Madrid, <span data-scayt_word=\"por\" data-scaytid=\"507\">por<\/span> lo <span data-scayt_word=\"que\" data-scaytid=\"505\">que<\/span> con m\u00e1s motivos, estuvimos totalmente solidarizados con los trabajadores.<\/p>\n<p> \t\u00a0<\/p>\n<p> \tPara llevar a cabo nuestro gigante <a href=\"http:\/\/www.luzinterruptus.com\/?p=1439\">Consumerist Christmas Tree<\/a>, por supuesto, necesitamos la colaboraci\u00f3n de muchos vecinos, que deb\u00edan darnos las bolsas que iban acumulando con las compras previas a la navidad.<\/p>\n<p> \t\u00a0<\/p>\n<p> \tPara animar las donaciones, se organiz\u00f3 una campa\u00f1a previa de difusi\u00f3n, en la que se invitaba, a cambiar bolsas de pl\u00e1stico por otras de tela dise\u00f1adas para la ocasi\u00f3n. De este modo conseguimos unas 4.000 unidades, de las que acabamos usando 3.000. Adem\u00e1s, para darles volumen, las llenamos con pl\u00e1stico transparente, generado por las tiendas de alrededor durante las fechas de montaje, inimaginable la cantidad de pl\u00e1stico de embalaje que se desecha en los comercios en estas fechas.<\/p>\n<p> \t\u00a0<\/p>\n<p> \tPara llevar a cabo el proceso de montaje, se convoc\u00f3 a vecinos asociaciones y colegios para que se acercaran a nuestro espacio de trabajo, una tienda que se hab\u00eda quedado vac\u00eda y que nos sirvi\u00f3 para montar un taller que m\u00e1s que un espacio de trabajo parec\u00eda un parque de bolas gigantes, donde lo que m\u00e1s apetec\u00eda, era zambullirse entre las bolsas y quedar sepultado. Con mucha ayuda, logramos terminar el trabajo en una semana.<\/p>\n<p> \t\u00a0<\/p>\n<p> \tUna vez tuvimos las bolsas llenas y cerradas, nos echamos a la calle, concretamente a la plaza del Prince Bishops Shopping Centre, donde nos esperaba una enorme estructura prefabricada en forma c\u00f3nica de 9 metros de alto que deb\u00edamos forrar con nuestro material pl\u00e1stico.<\/p>\n<p> \t\u00a0<\/p>\n<p> \tDespu\u00e9s, s\u00f3lo nos qued\u00f3 meter luz en el interior y ya estaba listo nuestro plastificado y reciclado \u00e1rbol navide\u00f1o, hecho a base de montones de\u00a0 bolsas consumistas, que se pod\u00edan haber dejado de fabricar si la gente concienciada se llevara sus propias bolsas cuando van a hacer la compra.<\/p>\n<p> \t\u00a0<\/p>\n<p> \tAdem\u00e1s, para iluminar todo el camino que conduc\u00eda al \u00e1rbol, montamos un tendido de luces que forramos con las bolsas sobrantes, convirtiendo simples bombillas de bajo consumo, en vistosas guirnaldas de luz que daban a la calle un ambiente verbenero de lo m\u00e1s popular.<\/p>\n<p> \t\u00a0<\/p>\n<p> \tDisfrutamos como ni\u00f1os, con las bolsas y pasamos unos d\u00edas incre\u00edbles compartidos con vecinos artistas y amigos de la organizaci\u00f3n.<\/p>\n<p> \t\u00a0<\/p>\n<p> \tQueremos dar las gracias a todos los amigos de Artichoke, tanto a los organizadores como a los que trabajaron con nosotros a pie de obra, que con su profesionalidad y buen talante nos lo pusieron todo muy f\u00e1cil. A los vecinos que nos ayudaron y compartieron buen humor y trabajo duro, a la gente de Prince Bishops Shopping Centre, que adem\u00e1s de hacer posible la instalaci\u00f3n nos apoyaron log\u00edsticamente en todo momento, a nuestro querido amigo Koldo, que fue capaz de conseguir que todo funcionara como un reloj sin ning\u00fan tipo de estr\u00e9s, a Antonio, que nos acompa\u00f1\u00f3 y\u00a0 nos hizo pasar una de las noches m\u00e1s divertidas que recordamos,&hellip; y por supuesto&hellip; a los habitantes de Durham que nos entregaron sus bolsas para una buena causa.<\/p>\n<p> \t\u00a0<\/p>\n<p> \tLas fotos, como no pod\u00eda ser de otro modo, son de <strong>Gustavo Sanabria<\/strong>, las de los talleres las tom\u00f3 Koldo.<\/p>\n<p> \t\u00a0<\/p>\n<p> \tEsta pieza ha sido comisionada por Artichoke, para Lumiere, Durham 2013.<\/p>\n<p> \t\u00a0<\/p>\n<p> \tTiempo de montaje: 13 d\u00edas.<\/p>\n<p> \tDa\u00f1os ocasionados: 0.<\/p>\n<p> \t<span data-scayt_word=\"Permanencia\" data-scaytid=\"419\">Permanencia<\/span> de la <span data-scayt_word=\"intervenci\u00f3n\" data-scaytid=\"420\">intervenci\u00f3n<\/span>: 2 <span data-scayt_word=\"meses\" data-scaytid=\"421\">meses<\/span>.<\/p>\n<p> \t<span class=\"editlinktip hasTip\">{morfeo 663} <\/span><\/p>","protected":false},"excerpt":{"rendered":"<p>\u00a0 \u00a0 El pasado noviembre nos fuimos de festivales por el mundo&hellip; primero visitamos el Glow de Eindhoven donde volvimos a dejar nuestro R\u00edo Port\u00e1til y de ah\u00ed nos marchamos al Lumiere de Durham, para llevar a cabo una pieza a gran escala, que trascend\u00eda las fechas del propio festival [&hellip;]<\/p>\n","protected":false},"author":1,"featured_media":0,"comment_status":"open","ping_status":"open","sticky":false,"template":"","format":"standard","meta":{"footnotes":""},"categories":[76],"tags":[],"class_list":["post-4527","post","type-post","status-publish","format-standard","hentry","category-barcelona"],"yoast_head":"<!-- This site is optimized with the Yoast SEO plugin v27.5 - https:\/\/yoast.com\/product\/yoast-seo-wordpress\/ -->\n<title>\u00c1RBOL DE NAVIDAD CONSUMISTA - Revista Rambla<\/title>\n<meta name=\"robots\" content=\"index, follow, max-snippet:-1, max-image-preview:large, max-video-preview:-1\" \/>\n<link rel=\"canonical\" href=\"https:\/\/www.revistarambla.com\/en\/arbol-de-navidad-consumista\/\" \/>\n<meta property=\"og:locale\" content=\"en_GB\" \/>\n<meta property=\"og:type\" content=\"article\" \/>\n<meta property=\"og:title\" content=\"\u00c1RBOL DE NAVIDAD CONSUMISTA - Revista Rambla\" \/>\n<meta property=\"og:description\" content=\"\u00a0 \u00a0 El pasado noviembre nos fuimos de festivales por el mundo&hellip; primero visitamos el Glow de Eindhoven donde volvimos a dejar nuestro R\u00edo Port\u00e1til y de ah\u00ed nos marchamos al Lumiere de Durham, para llevar a cabo una pieza a gran escala, que trascend\u00eda las fechas del propio festival [&hellip;]\" \/>\n<meta property=\"og:url\" content=\"https:\/\/www.revistarambla.com\/en\/arbol-de-navidad-consumista\/\" \/>\n<meta property=\"og:site_name\" content=\"Revista Rambla\" \/>\n<meta property=\"article:publisher\" content=\"https:\/\/www.facebook.com\/revistarambla\/\" \/>\n<meta property=\"article:published_time\" content=\"2013-12-24T06:56:56+00:00\" \/>\n<meta property=\"og:image\" content=\"https:\/\/i1.wp.com\/www.revistarambla.com\/wp-content\/uploads\/2013\/12\/arbol_navidada_rambla_01.jpg?fit=682%2C460&ssl=1\" \/>\n\t<meta property=\"og:image:width\" content=\"682\" \/>\n\t<meta property=\"og:image:height\" content=\"460\" \/>\n\t<meta property=\"og:image:type\" content=\"image\/jpeg\" \/>\n<meta name=\"author\" content=\"admin\" \/>\n<meta name=\"twitter:card\" content=\"summary_large_image\" \/>\n<meta name=\"twitter:creator\" content=\"@revistarambla\" \/>\n<meta name=\"twitter:site\" content=\"@revistarambla\" \/>\n<meta name=\"twitter:label1\" content=\"Written by\" \/>\n\t<meta name=\"twitter:data1\" content=\"admin\" \/>\n\t<meta name=\"twitter:label2\" content=\"Estimated reading time\" \/>\n\t<meta name=\"twitter:data2\" content=\"4 minutes\" \/>\n<script type=\"application\/ld+json\" class=\"yoast-schema-graph\">{\"@context\":\"https:\\\/\\\/schema.org\",\"@graph\":[{\"@type\":\"Article\",\"@id\":\"https:\\\/\\\/www.revistarambla.com\\\/arbol-de-navidad-consumista\\\/#article\",\"isPartOf\":{\"@id\":\"https:\\\/\\\/www.revistarambla.com\\\/arbol-de-navidad-consumista\\\/\"},\"author\":{\"name\":\"admin\",\"@id\":\"https:\\\/\\\/www.revistarambla.com\\\/#\\\/schema\\\/person\\\/4a5652fc8c82df1f8593002d038cd79e\"},\"headline\":\"\u00c1RBOL DE NAVIDAD CONSUMISTA\",\"datePublished\":\"2013-12-24T06:56:56+00:00\",\"mainEntityOfPage\":{\"@id\":\"https:\\\/\\\/www.revistarambla.com\\\/arbol-de-navidad-consumista\\\/\"},\"wordCount\":846,\"commentCount\":0,\"publisher\":{\"@id\":\"https:\\\/\\\/www.revistarambla.com\\\/#organization\"},\"image\":{\"@id\":\"https:\\\/\\\/www.revistarambla.com\\\/arbol-de-navidad-consumista\\\/#primaryimage\"},\"thumbnailUrl\":\"https:\\\/\\\/www.revistarambla.com\\\/wp-content\\\/uploads\\\/2013\\\/12\\\/arbol_navidada_rambla_01.jpg\",\"articleSection\":[\"Barcelona\"],\"inLanguage\":\"en-GB\",\"potentialAction\":[{\"@type\":\"CommentAction\",\"name\":\"Comment\",\"target\":[\"https:\\\/\\\/www.revistarambla.com\\\/arbol-de-navidad-consumista\\\/#respond\"]}]},{\"@type\":\"WebPage\",\"@id\":\"https:\\\/\\\/www.revistarambla.com\\\/arbol-de-navidad-consumista\\\/\",\"url\":\"https:\\\/\\\/www.revistarambla.com\\\/arbol-de-navidad-consumista\\\/\",\"name\":\"\u00c1RBOL DE NAVIDAD CONSUMISTA - Revista Rambla\",\"isPartOf\":{\"@id\":\"https:\\\/\\\/www.revistarambla.com\\\/#website\"},\"primaryImageOfPage\":{\"@id\":\"https:\\\/\\\/www.revistarambla.com\\\/arbol-de-navidad-consumista\\\/#primaryimage\"},\"image\":{\"@id\":\"https:\\\/\\\/www.revistarambla.com\\\/arbol-de-navidad-consumista\\\/#primaryimage\"},\"thumbnailUrl\":\"https:\\\/\\\/www.revistarambla.com\\\/wp-content\\\/uploads\\\/2013\\\/12\\\/arbol_navidada_rambla_01.jpg\",\"datePublished\":\"2013-12-24T06:56:56+00:00\",\"breadcrumb\":{\"@id\":\"https:\\\/\\\/www.revistarambla.com\\\/arbol-de-navidad-consumista\\\/#breadcrumb\"},\"inLanguage\":\"en-GB\",\"potentialAction\":[{\"@type\":\"ReadAction\",\"target\":[\"https:\\\/\\\/www.revistarambla.com\\\/arbol-de-navidad-consumista\\\/\"]}]},{\"@type\":\"ImageObject\",\"inLanguage\":\"en-GB\",\"@id\":\"https:\\\/\\\/www.revistarambla.com\\\/arbol-de-navidad-consumista\\\/#primaryimage\",\"url\":\"https:\\\/\\\/www.revistarambla.com\\\/wp-content\\\/uploads\\\/2013\\\/12\\\/arbol_navidada_rambla_01.jpg\",\"contentUrl\":\"https:\\\/\\\/www.revistarambla.com\\\/wp-content\\\/uploads\\\/2013\\\/12\\\/arbol_navidada_rambla_01.jpg\"},{\"@type\":\"BreadcrumbList\",\"@id\":\"https:\\\/\\\/www.revistarambla.com\\\/arbol-de-navidad-consumista\\\/#breadcrumb\",\"itemListElement\":[{\"@type\":\"ListItem\",\"position\":1,\"name\":\"Portada\",\"item\":\"https:\\\/\\\/www.revistarambla.com\\\/\"},{\"@type\":\"ListItem\",\"position\":2,\"name\":\"\u00c1RBOL DE NAVIDAD CONSUMISTA\"}]},{\"@type\":\"WebSite\",\"@id\":\"https:\\\/\\\/www.revistarambla.com\\\/#website\",\"url\":\"https:\\\/\\\/www.revistarambla.com\\\/\",\"name\":\"Revista Rambla Barcelona\",\"description\":\"Periodismo independiente\",\"publisher\":{\"@id\":\"https:\\\/\\\/www.revistarambla.com\\\/#organization\"},\"potentialAction\":[{\"@type\":\"SearchAction\",\"target\":{\"@type\":\"EntryPoint\",\"urlTemplate\":\"https:\\\/\\\/www.revistarambla.com\\\/?s={search_term_string}\"},\"query-input\":{\"@type\":\"PropertyValueSpecification\",\"valueRequired\":true,\"valueName\":\"search_term_string\"}}],\"inLanguage\":\"en-GB\"},{\"@type\":\"Organization\",\"@id\":\"https:\\\/\\\/www.revistarambla.com\\\/#organization\",\"name\":\"Revista Rambla\",\"url\":\"https:\\\/\\\/www.revistarambla.com\\\/\",\"logo\":{\"@type\":\"ImageObject\",\"inLanguage\":\"en-GB\",\"@id\":\"https:\\\/\\\/www.revistarambla.com\\\/#\\\/schema\\\/logo\\\/image\\\/\",\"url\":\"https:\\\/\\\/www.revistarambla.com\\\/wp-content\\\/uploads\\\/2020\\\/09\\\/banner_rambla_1900x600_BB.png\",\"contentUrl\":\"https:\\\/\\\/www.revistarambla.com\\\/wp-content\\\/uploads\\\/2020\\\/09\\\/banner_rambla_1900x600_BB.png\",\"width\":1900,\"height\":600,\"caption\":\"Revista Rambla\"},\"image\":{\"@id\":\"https:\\\/\\\/www.revistarambla.com\\\/#\\\/schema\\\/logo\\\/image\\\/\"},\"sameAs\":[\"https:\\\/\\\/www.facebook.com\\\/revistarambla\\\/\",\"https:\\\/\\\/x.com\\\/revistarambla\",\"https:\\\/\\\/www.instagram.com\\\/revista_rambla\",\"https:\\\/\\\/es.linkedin.com\\\/company\\\/revista-rambla\"]},{\"@type\":\"Person\",\"@id\":\"https:\\\/\\\/www.revistarambla.com\\\/#\\\/schema\\\/person\\\/4a5652fc8c82df1f8593002d038cd79e\",\"name\":\"admin\"}]}<\/script>\n<!-- \/ Yoast SEO plugin. -->","yoast_head_json":{"title":"\u00c1RBOL DE NAVIDAD CONSUMISTA - Revista Rambla","robots":{"index":"index","follow":"follow","max-snippet":"max-snippet:-1","max-image-preview":"max-image-preview:large","max-video-preview":"max-video-preview:-1"},"canonical":"https:\/\/www.revistarambla.com\/en\/arbol-de-navidad-consumista\/","og_locale":"en_GB","og_type":"article","og_title":"\u00c1RBOL DE NAVIDAD CONSUMISTA - Revista Rambla","og_description":"\u00a0 \u00a0 El pasado noviembre nos fuimos de festivales por el mundo&hellip; primero visitamos el Glow de Eindhoven donde volvimos a dejar nuestro R\u00edo Port\u00e1til y de ah\u00ed nos marchamos al Lumiere de Durham, para llevar a cabo una pieza a gran escala, que trascend\u00eda las fechas del propio festival [&hellip;]","og_url":"https:\/\/www.revistarambla.com\/en\/arbol-de-navidad-consumista\/","og_site_name":"Revista Rambla","article_publisher":"https:\/\/www.facebook.com\/revistarambla\/","article_published_time":"2013-12-24T06:56:56+00:00","og_image":[{"width":682,"height":460,"url":"https:\/\/i1.wp.com\/www.revistarambla.com\/wp-content\/uploads\/2013\/12\/arbol_navidada_rambla_01.jpg?fit=682%2C460&ssl=1","type":"image\/jpeg"}],"author":"admin","twitter_card":"summary_large_image","twitter_creator":"@revistarambla","twitter_site":"@revistarambla","twitter_misc":{"Written by":"admin","Estimated reading time":"4 minutes"},"schema":{"@context":"https:\/\/schema.org","@graph":[{"@type":"Article","@id":"https:\/\/www.revistarambla.com\/arbol-de-navidad-consumista\/#article","isPartOf":{"@id":"https:\/\/www.revistarambla.com\/arbol-de-navidad-consumista\/"},"author":{"name":"admin","@id":"https:\/\/www.revistarambla.com\/#\/schema\/person\/4a5652fc8c82df1f8593002d038cd79e"},"headline":"\u00c1RBOL DE NAVIDAD CONSUMISTA","datePublished":"2013-12-24T06:56:56+00:00","mainEntityOfPage":{"@id":"https:\/\/www.revistarambla.com\/arbol-de-navidad-consumista\/"},"wordCount":846,"commentCount":0,"publisher":{"@id":"https:\/\/www.revistarambla.com\/#organization"},"image":{"@id":"https:\/\/www.revistarambla.com\/arbol-de-navidad-consumista\/#primaryimage"},"thumbnailUrl":"https:\/\/www.revistarambla.com\/wp-content\/uploads\/2013\/12\/arbol_navidada_rambla_01.jpg","articleSection":["Barcelona"],"inLanguage":"en-GB","potentialAction":[{"@type":"CommentAction","name":"Comment","target":["https:\/\/www.revistarambla.com\/arbol-de-navidad-consumista\/#respond"]}]},{"@type":"WebPage","@id":"https:\/\/www.revistarambla.com\/arbol-de-navidad-consumista\/","url":"https:\/\/www.revistarambla.com\/arbol-de-navidad-consumista\/","name":"\u00c1RBOL DE NAVIDAD CONSUMISTA - Revista Rambla","isPartOf":{"@id":"https:\/\/www.revistarambla.com\/#website"},"primaryImageOfPage":{"@id":"https:\/\/www.revistarambla.com\/arbol-de-navidad-consumista\/#primaryimage"},"image":{"@id":"https:\/\/www.revistarambla.com\/arbol-de-navidad-consumista\/#primaryimage"},"thumbnailUrl":"https:\/\/www.revistarambla.com\/wp-content\/uploads\/2013\/12\/arbol_navidada_rambla_01.jpg","datePublished":"2013-12-24T06:56:56+00:00","breadcrumb":{"@id":"https:\/\/www.revistarambla.com\/arbol-de-navidad-consumista\/#breadcrumb"},"inLanguage":"en-GB","potentialAction":[{"@type":"ReadAction","target":["https:\/\/www.revistarambla.com\/arbol-de-navidad-consumista\/"]}]},{"@type":"ImageObject","inLanguage":"en-GB","@id":"https:\/\/www.revistarambla.com\/arbol-de-navidad-consumista\/#primaryimage","url":"https:\/\/www.revistarambla.com\/wp-content\/uploads\/2013\/12\/arbol_navidada_rambla_01.jpg","contentUrl":"https:\/\/www.revistarambla.com\/wp-content\/uploads\/2013\/12\/arbol_navidada_rambla_01.jpg"},{"@type":"BreadcrumbList","@id":"https:\/\/www.revistarambla.com\/arbol-de-navidad-consumista\/#breadcrumb","itemListElement":[{"@type":"ListItem","position":1,"name":"Portada","item":"https:\/\/www.revistarambla.com\/"},{"@type":"ListItem","position":2,"name":"\u00c1RBOL DE NAVIDAD CONSUMISTA"}]},{"@type":"WebSite","@id":"https:\/\/www.revistarambla.com\/#website","url":"https:\/\/www.revistarambla.com\/","name":"Revista Rambla Barcelona","description":"Periodismo independiente","publisher":{"@id":"https:\/\/www.revistarambla.com\/#organization"},"potentialAction":[{"@type":"SearchAction","target":{"@type":"EntryPoint","urlTemplate":"https:\/\/www.revistarambla.com\/?s={search_term_string}"},"query-input":{"@type":"PropertyValueSpecification","valueRequired":true,"valueName":"search_term_string"}}],"inLanguage":"en-GB"},{"@type":"Organization","@id":"https:\/\/www.revistarambla.com\/#organization","name":"Revista Rambla","url":"https:\/\/www.revistarambla.com\/","logo":{"@type":"ImageObject","inLanguage":"en-GB","@id":"https:\/\/www.revistarambla.com\/#\/schema\/logo\/image\/","url":"https:\/\/www.revistarambla.com\/wp-content\/uploads\/2020\/09\/banner_rambla_1900x600_BB.png","contentUrl":"https:\/\/www.revistarambla.com\/wp-content\/uploads\/2020\/09\/banner_rambla_1900x600_BB.png","width":1900,"height":600,"caption":"Revista Rambla"},"image":{"@id":"https:\/\/www.revistarambla.com\/#\/schema\/logo\/image\/"},"sameAs":["https:\/\/www.facebook.com\/revistarambla\/","https:\/\/x.com\/revistarambla","https:\/\/www.instagram.com\/revista_rambla","https:\/\/es.linkedin.com\/company\/revista-rambla"]},{"@type":"Person","@id":"https:\/\/www.revistarambla.com\/#\/schema\/person\/4a5652fc8c82df1f8593002d038cd79e","name":"admin"}]}},"_links":{"self":[{"href":"https:\/\/www.revistarambla.com\/en\/wp-json\/wp\/v2\/posts\/4527","targetHints":{"allow":["GET"]}}],"collection":[{"href":"https:\/\/www.revistarambla.com\/en\/wp-json\/wp\/v2\/posts"}],"about":[{"href":"https:\/\/www.revistarambla.com\/en\/wp-json\/wp\/v2\/types\/post"}],"author":[{"embeddable":true,"href":"https:\/\/www.revistarambla.com\/en\/wp-json\/wp\/v2\/users\/1"}],"replies":[{"embeddable":true,"href":"https:\/\/www.revistarambla.com\/en\/wp-json\/wp\/v2\/comments?post=4527"}],"version-history":[{"count":0,"href":"https:\/\/www.revistarambla.com\/en\/wp-json\/wp\/v2\/posts\/4527\/revisions"}],"wp:attachment":[{"href":"https:\/\/www.revistarambla.com\/en\/wp-json\/wp\/v2\/media?parent=4527"}],"wp:term":[{"taxonomy":"category","embeddable":true,"href":"https:\/\/www.revistarambla.com\/en\/wp-json\/wp\/v2\/categories?post=4527"},{"taxonomy":"post_tag","embeddable":true,"href":"https:\/\/www.revistarambla.com\/en\/wp-json\/wp\/v2\/tags?post=4527"}],"curies":[{"name":"wp","href":"https:\/\/api.w.org\/{rel}","templated":true}]}}