{"id":44973,"date":"2022-08-02T21:08:51","date_gmt":"2022-08-02T19:08:51","guid":{"rendered":"https:\/\/www.revistarambla.com\/?p=44973"},"modified":"2022-08-03T11:54:13","modified_gmt":"2022-08-03T09:54:13","slug":"sanchez-entierra-los-secretos-de-los-gal-y-muchos-otros","status":"publish","type":"post","link":"https:\/\/www.revistarambla.com\/en\/sanchez-entierra-los-secretos-de-los-gal-y-muchos-otros\/","title":{"rendered":"S\u00e1nchez entierra los secretos de los GAL (y muchos otros)"},"content":{"rendered":"<p>El anteproyecto del Gobierno de Pedro S\u00e1nchez fija un tope: de 50 a\u00f1os prorrogables 10 a\u00f1os m\u00e1s. Es decir, la informaci\u00f3n reservada fechada en 1978 podr\u00eda ver la luz en 2028. O no ser desclasificada hasta 2038. Este nuevo margen significar\u00eda que responsables de acciones de dudosa legalidad, seguramente, fallezcan sin ser juzgados.<\/p>\n<p>Peor a\u00fan en el caso del golpe del 23-F de 1981 o con las causas de los GAL, porque el primer asesinato, el de Lasa y Zabala, tuvo lugar en octubre de 1983 y el plan ZEN fue activado en febrero de 1983. \u00bfLe pondremos nombre oficialmente al &#8216;Se\u00f1or X&#8217;? \u00bfCu\u00e1l fue el verdadero papel de la Corona en el golpe de Tejero? \u00bfQu\u00e9 ocurr\u00eda en las mazmorras del estado durante los a\u00f1os de plomo en Euskadi? \u00bfY luego? \u00bfOrden\u00f3 Juan Carlos el asesinato de Sandra Mozarowsky? \u00bfY el de B\u00e1rbara Rey? \u00bfCu\u00e1nto le pagaron a la susodicha por su silencio? \u00bfDesde cu\u00e1ndo el CNI esp\u00eda los tel\u00e9fonos de activistas independentistas o de la izquierda insurrecta? \u00bfQu\u00e9 hacen con la informaci\u00f3n que obtienen? \u00bfExtorsionan?&#8230;<\/p>\n<p>Otro punto destacado del texto es que entrega al Ministerio de la Presidencia el control de los secretos, que hasta ahora estaba en manos del CNI, es decir, del Ministerio de Defensa. De esta forma, el departamento que dirige F\u00e9lix Bola\u00f1os asumir\u00e1 la autoridad para proponer la desclasificaci\u00f3n de un documento, una potestad que hasta ahora ten\u00eda el ministerio que encabeza Margarita Robles.<\/p>\n<h3>Cuatro categor\u00edas de secretos<\/h3>\n<p>La norma se denominar\u00e1 Ley de Informaci\u00f3n Clasificada y establece cuatro niveles: alto secreto, secreto, confidencial y restringido, que se fijar\u00e1n en funci\u00f3n de la \u201cgravedad del da\u00f1o para los intereses de Espa\u00f1a\u201d (extraordinariamente graves, graves, perjudiciales o desfavorables). Se trata de una divisi\u00f3n en similar a la que marcan los socios de la Uni\u00f3n Europea y la OTAN.<\/p>\n<p>La informaci\u00f3n m\u00e1s sensible, que se considera que puede causar un da\u00f1o extraordinariamente grave a los intereses de Espa\u00f1a, est\u00e1 clasificada como alto secreto y no puede desvelarse hasta dentro de 50 a\u00f1os, como m\u00ednimo.<\/p>\n<p>Los casos secretos son los que se cree que pueden da\u00f1ar gravemente al pa\u00eds; confidenciales, los que pueden perjudicarle; y los restringidos, que ofrecen informaci\u00f3n desfavorable.<\/p>\n<p>Los plazos de desclasificaci\u00f3n van desde los 4 a los 50 a\u00f1os, en funci\u00f3n de la categor\u00eda, aunque podr\u00e1 prorrogarse en algunos casos. Los documentos clasificados como alto secreto estar\u00e1n clasificados durante 50 a\u00f1os, aunque podr\u00e1 prorrogarse durante otros 15 a\u00f1os.<\/p>\n<p>Los calificados como secretos tienen un plazo de 40 a\u00f1os y una posible pr\u00f3rroga de 10 a\u00f1os m\u00e1s. Los confidenciales se clasificar\u00e1n entre 7 y 10 a\u00f1os y los restringidos, entre 4 y 6. Los plazos ser\u00e1n revisables en cualquier momento por la misma autoridad que los haya clasificado.<\/p>\n<h3>Socios descontentos<\/h3>\n<p>La nueva ocurrencia de S\u00e1nchez ya ha generado sus primeras pol\u00e9micas encolerizando a los socios del Gobierno que no han tenido reparo en mostrar p\u00fablicamente sus discrepancias.<\/p>\n<p>Desde el PNV, su portavoz en el Congreso de los Diputados, Aitor Esteban, ha asegurado que es \u00abdecepcionante\u00bb porque los plazos para la desclasificaci\u00f3n de documentos son \u00abexageradamente largos\u00bb.<\/p>\n<p>Bildu ha emitido un comunicado en el que aseguran que \u00abel Gobierno debe rectificar esta propuesta y plantear una reforma que aborde lo ocurrido desde la transparencia, el reconocimiento y la verdad sobre todos los casos de vulneraci\u00f3n de derechos y libertades que conciernan al Estado espa\u00f1ol y a sus aparatos desde el franquismo hasta el d\u00eda de hoy. La impunidad debe terminar\u00bb.<\/p>\n<p>En Unidas Podemos tampoco ha gustado lo que se ha conocido sobre el anteproyecto de Ley de Informaci\u00f3n Clasificada. \u00abOcultar secretos a la ciudadan\u00eda durante 50 a\u00f1os o m\u00e1s es tratarla como menor de edad. No es propio de democracias maduras tener miedo a conocer\u00bb, ha se\u00f1alado en redes sociales el presidente del grupo confederal en el Congreso, Jaume Asens. Mientras, el diputado en el Congreso, Ant\u00f3n G\u00f3mez Reino, ha tildado de \u00abinaceptable\u00bb el texto articulado por el PSOE. \u00abHay quien no quiere que se ponga luz sobre la Omert\u00e0\u00bb, ha lamentado.<\/p>","protected":false},"excerpt":{"rendered":"<p>El Consejo de Ministros aprob\u00f3 el lunes el anteproyecto que sustituir\u00e1 a la franquista Ley de Secretos Oficiales, en vigor desde 1968 y revisada en 1978 antes de que se aprobara la Constituci\u00f3n. La actual norma hace de los secretos informaci\u00f3n atemporal y, por tanto, inclasificables.<\/p>","protected":false},"author":3,"featured_media":44974,"comment_status":"closed","ping_status":"open","sticky":false,"template":"","format":"standard","meta":{"footnotes":""},"categories":[58],"tags":[],"class_list":["post-44973","post","type-post","status-publish","format-standard","has-post-thumbnail","hentry","category-estado-espanol"],"yoast_head":"<!-- This site is optimized with the Yoast SEO plugin v27.5 - https:\/\/yoast.com\/product\/yoast-seo-wordpress\/ -->\n<title>S\u00e1nchez entierra los secretos de los GAL (y muchos otros) - Revista Rambla<\/title>\n<meta name=\"robots\" content=\"index, follow, max-snippet:-1, max-image-preview:large, max-video-preview:-1\" \/>\n<link rel=\"canonical\" href=\"https:\/\/www.revistarambla.com\/en\/sanchez-entierra-los-secretos-de-los-gal-y-muchos-otros\/\" \/>\n<meta property=\"og:locale\" content=\"en_GB\" \/>\n<meta property=\"og:type\" content=\"article\" \/>\n<meta property=\"og:title\" content=\"S\u00e1nchez entierra los secretos de los GAL (y muchos otros) - Revista Rambla\" \/>\n<meta property=\"og:description\" content=\"El Consejo de Ministros aprob\u00f3 el lunes el anteproyecto que sustituir\u00e1 a la franquista Ley de Secretos Oficiales, en vigor desde 1968 y revisada en 1978 antes de que se aprobara la Constituci\u00f3n. La actual norma hace de los secretos informaci\u00f3n atemporal y, por tanto, inclasificables.\" \/>\n<meta property=\"og:url\" content=\"https:\/\/www.revistarambla.com\/en\/sanchez-entierra-los-secretos-de-los-gal-y-muchos-otros\/\" \/>\n<meta property=\"og:site_name\" content=\"Revista Rambla\" \/>\n<meta property=\"article:publisher\" content=\"https:\/\/www.facebook.com\/revistarambla\/\" \/>\n<meta property=\"article:author\" content=\"https:\/\/www.facebook.com\/revistarambla\" \/>\n<meta property=\"article:published_time\" content=\"2022-08-02T19:08:51+00:00\" \/>\n<meta property=\"article:modified_time\" content=\"2022-08-03T09:54:13+00:00\" \/>\n<meta property=\"og:image\" content=\"https:\/\/www.revistarambla.com\/wp-content\/uploads\/2022\/08\/392929.jpg\" \/>\n\t<meta property=\"og:image:width\" content=\"1600\" \/>\n\t<meta property=\"og:image:height\" content=\"900\" \/>\n\t<meta property=\"og:image:type\" content=\"image\/jpeg\" \/>\n<meta name=\"author\" content=\"R@mbla\" \/>\n<meta name=\"twitter:card\" content=\"summary_large_image\" \/>\n<meta name=\"twitter:creator\" content=\"@revistarambla\" \/>\n<meta name=\"twitter:site\" content=\"@revistarambla\" \/>\n<meta name=\"twitter:label1\" content=\"Written by\" \/>\n\t<meta name=\"twitter:data1\" content=\"R@mbla\" \/>\n\t<meta name=\"twitter:label2\" content=\"Estimated reading time\" \/>\n\t<meta name=\"twitter:data2\" content=\"4 minutes\" \/>\n<script type=\"application\/ld+json\" class=\"yoast-schema-graph\">{\"@context\":\"https:\\\/\\\/schema.org\",\"@graph\":[{\"@type\":\"Article\",\"@id\":\"https:\\\/\\\/www.revistarambla.com\\\/sanchez-entierra-los-secretos-de-los-gal-y-muchos-otros\\\/#article\",\"isPartOf\":{\"@id\":\"https:\\\/\\\/www.revistarambla.com\\\/sanchez-entierra-los-secretos-de-los-gal-y-muchos-otros\\\/\"},\"author\":{\"name\":\"R@mbla\",\"@id\":\"https:\\\/\\\/www.revistarambla.com\\\/#\\\/schema\\\/person\\\/a146a5a2550b94981a75131180e1bd9c\"},\"headline\":\"S\u00e1nchez entierra los secretos de los GAL (y muchos otros)\",\"datePublished\":\"2022-08-02T19:08:51+00:00\",\"dateModified\":\"2022-08-03T09:54:13+00:00\",\"mainEntityOfPage\":{\"@id\":\"https:\\\/\\\/www.revistarambla.com\\\/sanchez-entierra-los-secretos-de-los-gal-y-muchos-otros\\\/\"},\"wordCount\":725,\"publisher\":{\"@id\":\"https:\\\/\\\/www.revistarambla.com\\\/#organization\"},\"image\":{\"@id\":\"https:\\\/\\\/www.revistarambla.com\\\/sanchez-entierra-los-secretos-de-los-gal-y-muchos-otros\\\/#primaryimage\"},\"thumbnailUrl\":\"https:\\\/\\\/www.revistarambla.com\\\/wp-content\\\/uploads\\\/2022\\\/08\\\/392929.jpg\",\"articleSection\":[\"Estado Espa\u00f1ol\"],\"inLanguage\":\"en-GB\"},{\"@type\":\"WebPage\",\"@id\":\"https:\\\/\\\/www.revistarambla.com\\\/sanchez-entierra-los-secretos-de-los-gal-y-muchos-otros\\\/\",\"url\":\"https:\\\/\\\/www.revistarambla.com\\\/sanchez-entierra-los-secretos-de-los-gal-y-muchos-otros\\\/\",\"name\":\"S\u00e1nchez entierra los secretos de los GAL (y muchos otros) - Revista Rambla\",\"isPartOf\":{\"@id\":\"https:\\\/\\\/www.revistarambla.com\\\/#website\"},\"primaryImageOfPage\":{\"@id\":\"https:\\\/\\\/www.revistarambla.com\\\/sanchez-entierra-los-secretos-de-los-gal-y-muchos-otros\\\/#primaryimage\"},\"image\":{\"@id\":\"https:\\\/\\\/www.revistarambla.com\\\/sanchez-entierra-los-secretos-de-los-gal-y-muchos-otros\\\/#primaryimage\"},\"thumbnailUrl\":\"https:\\\/\\\/www.revistarambla.com\\\/wp-content\\\/uploads\\\/2022\\\/08\\\/392929.jpg\",\"datePublished\":\"2022-08-02T19:08:51+00:00\",\"dateModified\":\"2022-08-03T09:54:13+00:00\",\"breadcrumb\":{\"@id\":\"https:\\\/\\\/www.revistarambla.com\\\/sanchez-entierra-los-secretos-de-los-gal-y-muchos-otros\\\/#breadcrumb\"},\"inLanguage\":\"en-GB\",\"potentialAction\":[{\"@type\":\"ReadAction\",\"target\":[\"https:\\\/\\\/www.revistarambla.com\\\/sanchez-entierra-los-secretos-de-los-gal-y-muchos-otros\\\/\"]}]},{\"@type\":\"ImageObject\",\"inLanguage\":\"en-GB\",\"@id\":\"https:\\\/\\\/www.revistarambla.com\\\/sanchez-entierra-los-secretos-de-los-gal-y-muchos-otros\\\/#primaryimage\",\"url\":\"https:\\\/\\\/www.revistarambla.com\\\/wp-content\\\/uploads\\\/2022\\\/08\\\/392929.jpg\",\"contentUrl\":\"https:\\\/\\\/www.revistarambla.com\\\/wp-content\\\/uploads\\\/2022\\\/08\\\/392929.jpg\",\"width\":1600,\"height\":900},{\"@type\":\"BreadcrumbList\",\"@id\":\"https:\\\/\\\/www.revistarambla.com\\\/sanchez-entierra-los-secretos-de-los-gal-y-muchos-otros\\\/#breadcrumb\",\"itemListElement\":[{\"@type\":\"ListItem\",\"position\":1,\"name\":\"Portada\",\"item\":\"https:\\\/\\\/www.revistarambla.com\\\/\"},{\"@type\":\"ListItem\",\"position\":2,\"name\":\"S\u00e1nchez entierra los secretos de los GAL (y muchos otros)\"}]},{\"@type\":\"WebSite\",\"@id\":\"https:\\\/\\\/www.revistarambla.com\\\/#website\",\"url\":\"https:\\\/\\\/www.revistarambla.com\\\/\",\"name\":\"Revista Rambla Barcelona\",\"description\":\"Periodismo independiente\",\"publisher\":{\"@id\":\"https:\\\/\\\/www.revistarambla.com\\\/#organization\"},\"potentialAction\":[{\"@type\":\"SearchAction\",\"target\":{\"@type\":\"EntryPoint\",\"urlTemplate\":\"https:\\\/\\\/www.revistarambla.com\\\/?s={search_term_string}\"},\"query-input\":{\"@type\":\"PropertyValueSpecification\",\"valueRequired\":true,\"valueName\":\"search_term_string\"}}],\"inLanguage\":\"en-GB\"},{\"@type\":\"Organization\",\"@id\":\"https:\\\/\\\/www.revistarambla.com\\\/#organization\",\"name\":\"Revista Rambla\",\"url\":\"https:\\\/\\\/www.revistarambla.com\\\/\",\"logo\":{\"@type\":\"ImageObject\",\"inLanguage\":\"en-GB\",\"@id\":\"https:\\\/\\\/www.revistarambla.com\\\/#\\\/schema\\\/logo\\\/image\\\/\",\"url\":\"https:\\\/\\\/www.revistarambla.com\\\/wp-content\\\/uploads\\\/2020\\\/09\\\/banner_rambla_1900x600_BB.png\",\"contentUrl\":\"https:\\\/\\\/www.revistarambla.com\\\/wp-content\\\/uploads\\\/2020\\\/09\\\/banner_rambla_1900x600_BB.png\",\"width\":1900,\"height\":600,\"caption\":\"Revista Rambla\"},\"image\":{\"@id\":\"https:\\\/\\\/www.revistarambla.com\\\/#\\\/schema\\\/logo\\\/image\\\/\"},\"sameAs\":[\"https:\\\/\\\/www.facebook.com\\\/revistarambla\\\/\",\"https:\\\/\\\/x.com\\\/revistarambla\",\"https:\\\/\\\/www.instagram.com\\\/revista_rambla\",\"https:\\\/\\\/es.linkedin.com\\\/company\\\/revista-rambla\"]},{\"@type\":\"Person\",\"@id\":\"https:\\\/\\\/www.revistarambla.com\\\/#\\\/schema\\\/person\\\/a146a5a2550b94981a75131180e1bd9c\",\"name\":\"R@mbla\",\"description\":\"Este art\u00edculo ha sido redactado y\\\/o validado por el equipo de redacci\u00f3n de Revista Rambla.\",\"sameAs\":[\"https:\\\/\\\/www.revistarambla.com\\\/\",\"https:\\\/\\\/www.facebook.com\\\/revistarambla\",\"https:\\\/\\\/x.com\\\/revistarambla\"]}]}<\/script>\n<!-- \/ Yoast SEO plugin. -->","yoast_head_json":{"title":"S\u00e1nchez entierra los secretos de los GAL (y muchos otros) - Revista Rambla","robots":{"index":"index","follow":"follow","max-snippet":"max-snippet:-1","max-image-preview":"max-image-preview:large","max-video-preview":"max-video-preview:-1"},"canonical":"https:\/\/www.revistarambla.com\/en\/sanchez-entierra-los-secretos-de-los-gal-y-muchos-otros\/","og_locale":"en_GB","og_type":"article","og_title":"S\u00e1nchez entierra los secretos de los GAL (y muchos otros) - Revista Rambla","og_description":"El Consejo de Ministros aprob\u00f3 el lunes el anteproyecto que sustituir\u00e1 a la franquista Ley de Secretos Oficiales, en vigor desde 1968 y revisada en 1978 antes de que se aprobara la Constituci\u00f3n. La actual norma hace de los secretos informaci\u00f3n atemporal y, por tanto, inclasificables.","og_url":"https:\/\/www.revistarambla.com\/en\/sanchez-entierra-los-secretos-de-los-gal-y-muchos-otros\/","og_site_name":"Revista Rambla","article_publisher":"https:\/\/www.facebook.com\/revistarambla\/","article_author":"https:\/\/www.facebook.com\/revistarambla","article_published_time":"2022-08-02T19:08:51+00:00","article_modified_time":"2022-08-03T09:54:13+00:00","og_image":[{"width":1600,"height":900,"url":"https:\/\/www.revistarambla.com\/wp-content\/uploads\/2022\/08\/392929.jpg","type":"image\/jpeg"}],"author":"R@mbla","twitter_card":"summary_large_image","twitter_creator":"@revistarambla","twitter_site":"@revistarambla","twitter_misc":{"Written by":"R@mbla","Estimated reading time":"4 minutes"},"schema":{"@context":"https:\/\/schema.org","@graph":[{"@type":"Article","@id":"https:\/\/www.revistarambla.com\/sanchez-entierra-los-secretos-de-los-gal-y-muchos-otros\/#article","isPartOf":{"@id":"https:\/\/www.revistarambla.com\/sanchez-entierra-los-secretos-de-los-gal-y-muchos-otros\/"},"author":{"name":"R@mbla","@id":"https:\/\/www.revistarambla.com\/#\/schema\/person\/a146a5a2550b94981a75131180e1bd9c"},"headline":"S\u00e1nchez entierra los secretos de los GAL (y muchos otros)","datePublished":"2022-08-02T19:08:51+00:00","dateModified":"2022-08-03T09:54:13+00:00","mainEntityOfPage":{"@id":"https:\/\/www.revistarambla.com\/sanchez-entierra-los-secretos-de-los-gal-y-muchos-otros\/"},"wordCount":725,"publisher":{"@id":"https:\/\/www.revistarambla.com\/#organization"},"image":{"@id":"https:\/\/www.revistarambla.com\/sanchez-entierra-los-secretos-de-los-gal-y-muchos-otros\/#primaryimage"},"thumbnailUrl":"https:\/\/www.revistarambla.com\/wp-content\/uploads\/2022\/08\/392929.jpg","articleSection":["Estado Espa\u00f1ol"],"inLanguage":"en-GB"},{"@type":"WebPage","@id":"https:\/\/www.revistarambla.com\/sanchez-entierra-los-secretos-de-los-gal-y-muchos-otros\/","url":"https:\/\/www.revistarambla.com\/sanchez-entierra-los-secretos-de-los-gal-y-muchos-otros\/","name":"S\u00e1nchez entierra los secretos de los GAL (y muchos otros) - Revista Rambla","isPartOf":{"@id":"https:\/\/www.revistarambla.com\/#website"},"primaryImageOfPage":{"@id":"https:\/\/www.revistarambla.com\/sanchez-entierra-los-secretos-de-los-gal-y-muchos-otros\/#primaryimage"},"image":{"@id":"https:\/\/www.revistarambla.com\/sanchez-entierra-los-secretos-de-los-gal-y-muchos-otros\/#primaryimage"},"thumbnailUrl":"https:\/\/www.revistarambla.com\/wp-content\/uploads\/2022\/08\/392929.jpg","datePublished":"2022-08-02T19:08:51+00:00","dateModified":"2022-08-03T09:54:13+00:00","breadcrumb":{"@id":"https:\/\/www.revistarambla.com\/sanchez-entierra-los-secretos-de-los-gal-y-muchos-otros\/#breadcrumb"},"inLanguage":"en-GB","potentialAction":[{"@type":"ReadAction","target":["https:\/\/www.revistarambla.com\/sanchez-entierra-los-secretos-de-los-gal-y-muchos-otros\/"]}]},{"@type":"ImageObject","inLanguage":"en-GB","@id":"https:\/\/www.revistarambla.com\/sanchez-entierra-los-secretos-de-los-gal-y-muchos-otros\/#primaryimage","url":"https:\/\/www.revistarambla.com\/wp-content\/uploads\/2022\/08\/392929.jpg","contentUrl":"https:\/\/www.revistarambla.com\/wp-content\/uploads\/2022\/08\/392929.jpg","width":1600,"height":900},{"@type":"BreadcrumbList","@id":"https:\/\/www.revistarambla.com\/sanchez-entierra-los-secretos-de-los-gal-y-muchos-otros\/#breadcrumb","itemListElement":[{"@type":"ListItem","position":1,"name":"Portada","item":"https:\/\/www.revistarambla.com\/"},{"@type":"ListItem","position":2,"name":"S\u00e1nchez entierra los secretos de los GAL (y muchos otros)"}]},{"@type":"WebSite","@id":"https:\/\/www.revistarambla.com\/#website","url":"https:\/\/www.revistarambla.com\/","name":"Revista Rambla Barcelona","description":"Periodismo independiente","publisher":{"@id":"https:\/\/www.revistarambla.com\/#organization"},"potentialAction":[{"@type":"SearchAction","target":{"@type":"EntryPoint","urlTemplate":"https:\/\/www.revistarambla.com\/?s={search_term_string}"},"query-input":{"@type":"PropertyValueSpecification","valueRequired":true,"valueName":"search_term_string"}}],"inLanguage":"en-GB"},{"@type":"Organization","@id":"https:\/\/www.revistarambla.com\/#organization","name":"Revista Rambla","url":"https:\/\/www.revistarambla.com\/","logo":{"@type":"ImageObject","inLanguage":"en-GB","@id":"https:\/\/www.revistarambla.com\/#\/schema\/logo\/image\/","url":"https:\/\/www.revistarambla.com\/wp-content\/uploads\/2020\/09\/banner_rambla_1900x600_BB.png","contentUrl":"https:\/\/www.revistarambla.com\/wp-content\/uploads\/2020\/09\/banner_rambla_1900x600_BB.png","width":1900,"height":600,"caption":"Revista Rambla"},"image":{"@id":"https:\/\/www.revistarambla.com\/#\/schema\/logo\/image\/"},"sameAs":["https:\/\/www.facebook.com\/revistarambla\/","https:\/\/x.com\/revistarambla","https:\/\/www.instagram.com\/revista_rambla","https:\/\/es.linkedin.com\/company\/revista-rambla"]},{"@type":"Person","@id":"https:\/\/www.revistarambla.com\/#\/schema\/person\/a146a5a2550b94981a75131180e1bd9c","name":"R@mbla","description":"Este art\u00edculo ha sido redactado y\/o validado por el equipo de redacci\u00f3n de Revista Rambla.","sameAs":["https:\/\/www.revistarambla.com\/","https:\/\/www.facebook.com\/revistarambla","https:\/\/x.com\/revistarambla"]}]}},"_links":{"self":[{"href":"https:\/\/www.revistarambla.com\/en\/wp-json\/wp\/v2\/posts\/44973","targetHints":{"allow":["GET"]}}],"collection":[{"href":"https:\/\/www.revistarambla.com\/en\/wp-json\/wp\/v2\/posts"}],"about":[{"href":"https:\/\/www.revistarambla.com\/en\/wp-json\/wp\/v2\/types\/post"}],"author":[{"embeddable":true,"href":"https:\/\/www.revistarambla.com\/en\/wp-json\/wp\/v2\/users\/3"}],"replies":[{"embeddable":true,"href":"https:\/\/www.revistarambla.com\/en\/wp-json\/wp\/v2\/comments?post=44973"}],"version-history":[{"count":6,"href":"https:\/\/www.revistarambla.com\/en\/wp-json\/wp\/v2\/posts\/44973\/revisions"}],"predecessor-version":[{"id":45005,"href":"https:\/\/www.revistarambla.com\/en\/wp-json\/wp\/v2\/posts\/44973\/revisions\/45005"}],"wp:featuredmedia":[{"embeddable":true,"href":"https:\/\/www.revistarambla.com\/en\/wp-json\/wp\/v2\/media\/44974"}],"wp:attachment":[{"href":"https:\/\/www.revistarambla.com\/en\/wp-json\/wp\/v2\/media?parent=44973"}],"wp:term":[{"taxonomy":"category","embeddable":true,"href":"https:\/\/www.revistarambla.com\/en\/wp-json\/wp\/v2\/categories?post=44973"},{"taxonomy":"post_tag","embeddable":true,"href":"https:\/\/www.revistarambla.com\/en\/wp-json\/wp\/v2\/tags?post=44973"}],"curies":[{"name":"wp","href":"https:\/\/api.w.org\/{rel}","templated":true}]}}