{"id":44967,"date":"2022-08-02T20:13:37","date_gmt":"2022-08-02T18:13:37","guid":{"rendered":"https:\/\/www.revistarambla.com\/?p=44967"},"modified":"2022-08-02T20:16:24","modified_gmt":"2022-08-02T18:16:24","slug":"4-ideas-para-renovar-tu-patio-o-jardin-de-una-forma-original-y-sencilla","status":"publish","type":"post","link":"https:\/\/www.revistarambla.com\/en\/4-ideas-para-renovar-tu-patio-o-jardin-de-una-forma-original-y-sencilla\/","title":{"rendered":"4 ideas para renovar tu patio o jard\u00edn de una forma original y sencilla"},"content":{"rendered":"<p style=\"text-align: left;\" align=\"JUSTIFY\">En efecto, en muchas ocasiones est\u00e1s instancias son tanto la carta de presentaci\u00f3n de un hogar como el lugar estrella en el que pasar tiempo con seres queridos. Por lo que a continuaci\u00f3n te brindamos 4 ideas para renovar dichos espacios de una manera f\u00e1cil, econ\u00f3mica y sobre todo sorprendente.<\/p>\n<h2 style=\"text-align: left;\" align=\"JUSTIFY\"><a name=\"Bookmark1\"><\/a>Crea una zona chill out<\/h2>\n<p style=\"text-align: left;\" align=\"JUSTIFY\">Popularizada a mediados de la d\u00e9cada pasada, la moda chill-out lleg\u00f3 para quedarse. Desplaz\u00f3 la convencional mesa de comedor exterior por un espacio multiusos en el que celebrar veladas o relajarse por las noches. La mayor ventaja que presentan estos espacios es su gran versatilidad, pues sirven como lugar de reuni\u00f3n, de lectura o incluso de trabajo para aquellos que no quieran renunciar a ponerse morenos durante el horario laboral en teletrabajo. La configuraci\u00f3n de un espacio chill out puede ser de lo m\u00e1s variada, pero, por lo general, todos cuentan con un espacio de reposo como puede ser un sof\u00e1 o unas butacas y un espaci\u00f3 m\u00e1s informal con una mesa alta, por ejemplo, en la que posar una copa de vino durante una fiesta. En funci\u00f3n del espacio que dispongas podr\u00e1s optar por diferentes opciones, pero aconsejamos, por lo menos, intentar crear un espacio con dos zonas para brindar dinamismo a la zona.<\/p>\n<h2 class=\"western\" style=\"text-align: left;\" align=\"JUSTIFY\"><a name=\"Bookmark2\"><\/a>Brinda un toque tradicional al ambiente<\/h2>\n<p style=\"text-align: left;\" align=\"JUSTIFY\">Muchas veces, en lugar de tratar de innovar continuamente, es necesario mirar atr\u00e1s y fijarse en aquellos m\u00e9todos que llevan funcionando desde hace a\u00f1os. Existen, por ejemplo, un sinf\u00edn de <span style=\"text-decoration: underline; color: #ff0000;\"><a style=\"color: #ff0000;\" href=\"https:\/\/www.decorativa.es\/ideas-de-decoracion-de-un-patio-andaluz\/\"><span>ideas para hacer un patio andaluz<\/span><\/a><\/span> que brindar\u00e1 al espacio un ambiente relajado y acogedor. Dicha decoraci\u00f3n propia del sur de Espa\u00f1a ha sido reconocida mundialmente por su originalidad y frescura que contin\u00faa a d\u00eda de hoy siendo tendencia. Siguiendo unos sencillos pasos podr\u00e1s dar un toque sevillano o gaditano a tu patio o jard\u00edn y convertirlo as\u00ed en el lugar ideal para celebrar reuniones familiares o fiestas.<\/p>\n<h2 class=\"western\" style=\"text-align: left;\" align=\"JUSTIFY\"><a name=\"Bookmark3\"><\/a>Prot\u00e9gete de las inclemencias del tiempo<\/h2>\n<p style=\"text-align: left;\" align=\"JUSTIFY\">Muchos son aquellos que cuentan con un espacio de recreo exterior en sus viviendas, pero no pueden disfrutarlo tanto como querr\u00edan debido a las inclemencias del tiempo. Por lo que, es esencial blindar nuestros jardines y patios frente a los climas indeseables. Para ello, la mejor opci\u00f3n es contar con una p\u00e9rgola retr\u00e1ctil que permite usar el espacio independientemente de si llueva o el sol sea demasiado fuerte. De este modo, cuando el tiempo sea agradable se podr\u00e1 retirar y disfrutar plenamente del mismo, pero cuando este se vuelva demasiado extremo ser\u00e1 tan f\u00e1cil como extender la p\u00e9rgola y continuar con la velada. Gracias a ella, podr\u00e1s olvidarte de las horas de estr\u00e9s previas a un evento preocup\u00e1ndote por si va a llover, ya que independientemente del tiempo que haga, el evento en tu patio o jard\u00edn ser\u00e1 todo un \u00e9xito.<\/p>\n<h2 class=\"western\" style=\"text-align: left;\" align=\"JUSTIFY\"><a name=\"Bookmark4\"><\/a>Instala una iluminaci\u00f3n focalizada<\/h2>\n<p style=\"text-align: left;\" align=\"JUSTIFY\">Uno de los aspectos que se suelen olvidar al decorar un espacio exterior es el tipo de iluminaci\u00f3n. Es fundamental contar con una iluminaci\u00f3n tanto agradable como pr\u00e1ctica para crear un espacio agradable y funcional. Para ello, aconsejamos la iluminaci\u00f3n focalizada, es decir, la instalaci\u00f3n de focos diversos en el espacio que brindan profundidad al mismo. De este modo evitaremos caer en instalar un \u00fanico punto de luz que aplane la percepci\u00f3n del lugar. Por otro lado, en funci\u00f3n de la actividad que se est\u00e9 realizando gracias a unas bombillas regulables, podremos aumentar o disminuir la potencia de la luz.<\/p>","protected":false},"excerpt":{"rendered":"<p>Con las altas temperaturas que acompa\u00f1an los meses de verano, muchos somos los que nos lanzamos a nuestros patios y jardines para disfrutar de los d\u00edas soleados. [Imagen de Albrecht Fietz en Pixabay]<\/p>\n","protected":false},"author":3,"featured_media":44968,"comment_status":"closed","ping_status":"open","sticky":false,"template":"","format":"standard","meta":{"footnotes":""},"categories":[350],"tags":[],"class_list":["post-44967","post","type-post","status-publish","format-standard","has-post-thumbnail","hentry","category-miscelanea"],"yoast_head":"<!-- This site is optimized with the Yoast SEO plugin v27.5 - https:\/\/yoast.com\/product\/yoast-seo-wordpress\/ -->\n<title>4 ideas para renovar tu patio o jard\u00edn de una forma original y sencilla - Revista Rambla<\/title>\n<meta name=\"robots\" content=\"index, follow, max-snippet:-1, max-image-preview:large, max-video-preview:-1\" \/>\n<link rel=\"canonical\" href=\"https:\/\/www.revistarambla.com\/en\/4-ideas-para-renovar-tu-patio-o-jardin-de-una-forma-original-y-sencilla\/\" \/>\n<meta property=\"og:locale\" content=\"en_GB\" \/>\n<meta property=\"og:type\" content=\"article\" \/>\n<meta property=\"og:title\" content=\"4 ideas para renovar tu patio o jard\u00edn de una forma original y sencilla - Revista Rambla\" \/>\n<meta property=\"og:description\" content=\"Con las altas temperaturas que acompa\u00f1an los meses de verano, muchos somos los que nos lanzamos a nuestros patios y jardines para disfrutar de los d\u00edas soleados. [Imagen de Albrecht Fietz en Pixabay]\" \/>\n<meta property=\"og:url\" content=\"https:\/\/www.revistarambla.com\/en\/4-ideas-para-renovar-tu-patio-o-jardin-de-una-forma-original-y-sencilla\/\" \/>\n<meta property=\"og:site_name\" content=\"Revista Rambla\" \/>\n<meta property=\"article:publisher\" content=\"https:\/\/www.facebook.com\/revistarambla\/\" \/>\n<meta property=\"article:author\" content=\"https:\/\/www.facebook.com\/revistarambla\" \/>\n<meta property=\"article:published_time\" content=\"2022-08-02T18:13:37+00:00\" \/>\n<meta property=\"article:modified_time\" content=\"2022-08-02T18:16:24+00:00\" \/>\n<meta property=\"og:image\" content=\"https:\/\/www.revistarambla.com\/wp-content\/uploads\/2022\/08\/crete-g3259952df_1280.jpg\" \/>\n\t<meta property=\"og:image:width\" content=\"1280\" \/>\n\t<meta property=\"og:image:height\" content=\"853\" \/>\n\t<meta property=\"og:image:type\" content=\"image\/jpeg\" \/>\n<meta name=\"author\" content=\"R@mbla\" \/>\n<meta name=\"twitter:card\" content=\"summary_large_image\" \/>\n<meta name=\"twitter:creator\" content=\"@revistarambla\" \/>\n<meta name=\"twitter:site\" content=\"@revistarambla\" \/>\n<meta name=\"twitter:label1\" content=\"Written by\" \/>\n\t<meta name=\"twitter:data1\" content=\"R@mbla\" \/>\n\t<meta name=\"twitter:label2\" content=\"Estimated reading time\" \/>\n\t<meta name=\"twitter:data2\" content=\"3 minutes\" \/>\n<script type=\"application\/ld+json\" class=\"yoast-schema-graph\">{\"@context\":\"https:\\\/\\\/schema.org\",\"@graph\":[{\"@type\":\"Article\",\"@id\":\"https:\\\/\\\/www.revistarambla.com\\\/4-ideas-para-renovar-tu-patio-o-jardin-de-una-forma-original-y-sencilla\\\/#article\",\"isPartOf\":{\"@id\":\"https:\\\/\\\/www.revistarambla.com\\\/4-ideas-para-renovar-tu-patio-o-jardin-de-una-forma-original-y-sencilla\\\/\"},\"author\":{\"name\":\"R@mbla\",\"@id\":\"https:\\\/\\\/www.revistarambla.com\\\/#\\\/schema\\\/person\\\/a146a5a2550b94981a75131180e1bd9c\"},\"headline\":\"4 ideas para renovar tu patio o jard\u00edn de una forma original y sencilla\",\"datePublished\":\"2022-08-02T18:13:37+00:00\",\"dateModified\":\"2022-08-02T18:16:24+00:00\",\"mainEntityOfPage\":{\"@id\":\"https:\\\/\\\/www.revistarambla.com\\\/4-ideas-para-renovar-tu-patio-o-jardin-de-una-forma-original-y-sencilla\\\/\"},\"wordCount\":619,\"publisher\":{\"@id\":\"https:\\\/\\\/www.revistarambla.com\\\/#organization\"},\"image\":{\"@id\":\"https:\\\/\\\/www.revistarambla.com\\\/4-ideas-para-renovar-tu-patio-o-jardin-de-una-forma-original-y-sencilla\\\/#primaryimage\"},\"thumbnailUrl\":\"https:\\\/\\\/www.revistarambla.com\\\/wp-content\\\/uploads\\\/2022\\\/08\\\/crete-g3259952df_1280.jpg\",\"articleSection\":[\"Noticias de la vida\"],\"inLanguage\":\"en-GB\"},{\"@type\":\"WebPage\",\"@id\":\"https:\\\/\\\/www.revistarambla.com\\\/4-ideas-para-renovar-tu-patio-o-jardin-de-una-forma-original-y-sencilla\\\/\",\"url\":\"https:\\\/\\\/www.revistarambla.com\\\/4-ideas-para-renovar-tu-patio-o-jardin-de-una-forma-original-y-sencilla\\\/\",\"name\":\"4 ideas para renovar tu patio o jard\u00edn de una forma original y sencilla - Revista Rambla\",\"isPartOf\":{\"@id\":\"https:\\\/\\\/www.revistarambla.com\\\/#website\"},\"primaryImageOfPage\":{\"@id\":\"https:\\\/\\\/www.revistarambla.com\\\/4-ideas-para-renovar-tu-patio-o-jardin-de-una-forma-original-y-sencilla\\\/#primaryimage\"},\"image\":{\"@id\":\"https:\\\/\\\/www.revistarambla.com\\\/4-ideas-para-renovar-tu-patio-o-jardin-de-una-forma-original-y-sencilla\\\/#primaryimage\"},\"thumbnailUrl\":\"https:\\\/\\\/www.revistarambla.com\\\/wp-content\\\/uploads\\\/2022\\\/08\\\/crete-g3259952df_1280.jpg\",\"datePublished\":\"2022-08-02T18:13:37+00:00\",\"dateModified\":\"2022-08-02T18:16:24+00:00\",\"breadcrumb\":{\"@id\":\"https:\\\/\\\/www.revistarambla.com\\\/4-ideas-para-renovar-tu-patio-o-jardin-de-una-forma-original-y-sencilla\\\/#breadcrumb\"},\"inLanguage\":\"en-GB\",\"potentialAction\":[{\"@type\":\"ReadAction\",\"target\":[\"https:\\\/\\\/www.revistarambla.com\\\/4-ideas-para-renovar-tu-patio-o-jardin-de-una-forma-original-y-sencilla\\\/\"]}]},{\"@type\":\"ImageObject\",\"inLanguage\":\"en-GB\",\"@id\":\"https:\\\/\\\/www.revistarambla.com\\\/4-ideas-para-renovar-tu-patio-o-jardin-de-una-forma-original-y-sencilla\\\/#primaryimage\",\"url\":\"https:\\\/\\\/www.revistarambla.com\\\/wp-content\\\/uploads\\\/2022\\\/08\\\/crete-g3259952df_1280.jpg\",\"contentUrl\":\"https:\\\/\\\/www.revistarambla.com\\\/wp-content\\\/uploads\\\/2022\\\/08\\\/crete-g3259952df_1280.jpg\",\"width\":1280,\"height\":853},{\"@type\":\"BreadcrumbList\",\"@id\":\"https:\\\/\\\/www.revistarambla.com\\\/4-ideas-para-renovar-tu-patio-o-jardin-de-una-forma-original-y-sencilla\\\/#breadcrumb\",\"itemListElement\":[{\"@type\":\"ListItem\",\"position\":1,\"name\":\"Portada\",\"item\":\"https:\\\/\\\/www.revistarambla.com\\\/\"},{\"@type\":\"ListItem\",\"position\":2,\"name\":\"4 ideas para renovar tu patio o jard\u00edn de una forma original y sencilla\"}]},{\"@type\":\"WebSite\",\"@id\":\"https:\\\/\\\/www.revistarambla.com\\\/#website\",\"url\":\"https:\\\/\\\/www.revistarambla.com\\\/\",\"name\":\"Revista Rambla Barcelona\",\"description\":\"Periodismo independiente\",\"publisher\":{\"@id\":\"https:\\\/\\\/www.revistarambla.com\\\/#organization\"},\"potentialAction\":[{\"@type\":\"SearchAction\",\"target\":{\"@type\":\"EntryPoint\",\"urlTemplate\":\"https:\\\/\\\/www.revistarambla.com\\\/?s={search_term_string}\"},\"query-input\":{\"@type\":\"PropertyValueSpecification\",\"valueRequired\":true,\"valueName\":\"search_term_string\"}}],\"inLanguage\":\"en-GB\"},{\"@type\":\"Organization\",\"@id\":\"https:\\\/\\\/www.revistarambla.com\\\/#organization\",\"name\":\"Revista Rambla\",\"url\":\"https:\\\/\\\/www.revistarambla.com\\\/\",\"logo\":{\"@type\":\"ImageObject\",\"inLanguage\":\"en-GB\",\"@id\":\"https:\\\/\\\/www.revistarambla.com\\\/#\\\/schema\\\/logo\\\/image\\\/\",\"url\":\"https:\\\/\\\/www.revistarambla.com\\\/wp-content\\\/uploads\\\/2020\\\/09\\\/banner_rambla_1900x600_BB.png\",\"contentUrl\":\"https:\\\/\\\/www.revistarambla.com\\\/wp-content\\\/uploads\\\/2020\\\/09\\\/banner_rambla_1900x600_BB.png\",\"width\":1900,\"height\":600,\"caption\":\"Revista Rambla\"},\"image\":{\"@id\":\"https:\\\/\\\/www.revistarambla.com\\\/#\\\/schema\\\/logo\\\/image\\\/\"},\"sameAs\":[\"https:\\\/\\\/www.facebook.com\\\/revistarambla\\\/\",\"https:\\\/\\\/x.com\\\/revistarambla\",\"https:\\\/\\\/www.instagram.com\\\/revista_rambla\",\"https:\\\/\\\/es.linkedin.com\\\/company\\\/revista-rambla\"]},{\"@type\":\"Person\",\"@id\":\"https:\\\/\\\/www.revistarambla.com\\\/#\\\/schema\\\/person\\\/a146a5a2550b94981a75131180e1bd9c\",\"name\":\"R@mbla\",\"description\":\"Este art\u00edculo ha sido redactado y\\\/o validado por el equipo de redacci\u00f3n de Revista Rambla.\",\"sameAs\":[\"https:\\\/\\\/www.revistarambla.com\\\/\",\"https:\\\/\\\/www.facebook.com\\\/revistarambla\",\"https:\\\/\\\/x.com\\\/revistarambla\"]}]}<\/script>\n<!-- \/ Yoast SEO plugin. -->","yoast_head_json":{"title":"4 ideas para renovar tu patio o jard\u00edn de una forma original y sencilla - Revista Rambla","robots":{"index":"index","follow":"follow","max-snippet":"max-snippet:-1","max-image-preview":"max-image-preview:large","max-video-preview":"max-video-preview:-1"},"canonical":"https:\/\/www.revistarambla.com\/en\/4-ideas-para-renovar-tu-patio-o-jardin-de-una-forma-original-y-sencilla\/","og_locale":"en_GB","og_type":"article","og_title":"4 ideas para renovar tu patio o jard\u00edn de una forma original y sencilla - Revista Rambla","og_description":"Con las altas temperaturas que acompa\u00f1an los meses de verano, muchos somos los que nos lanzamos a nuestros patios y jardines para disfrutar de los d\u00edas soleados. [Imagen de Albrecht Fietz en Pixabay]","og_url":"https:\/\/www.revistarambla.com\/en\/4-ideas-para-renovar-tu-patio-o-jardin-de-una-forma-original-y-sencilla\/","og_site_name":"Revista Rambla","article_publisher":"https:\/\/www.facebook.com\/revistarambla\/","article_author":"https:\/\/www.facebook.com\/revistarambla","article_published_time":"2022-08-02T18:13:37+00:00","article_modified_time":"2022-08-02T18:16:24+00:00","og_image":[{"width":1280,"height":853,"url":"https:\/\/www.revistarambla.com\/wp-content\/uploads\/2022\/08\/crete-g3259952df_1280.jpg","type":"image\/jpeg"}],"author":"R@mbla","twitter_card":"summary_large_image","twitter_creator":"@revistarambla","twitter_site":"@revistarambla","twitter_misc":{"Written by":"R@mbla","Estimated reading time":"3 minutes"},"schema":{"@context":"https:\/\/schema.org","@graph":[{"@type":"Article","@id":"https:\/\/www.revistarambla.com\/4-ideas-para-renovar-tu-patio-o-jardin-de-una-forma-original-y-sencilla\/#article","isPartOf":{"@id":"https:\/\/www.revistarambla.com\/4-ideas-para-renovar-tu-patio-o-jardin-de-una-forma-original-y-sencilla\/"},"author":{"name":"R@mbla","@id":"https:\/\/www.revistarambla.com\/#\/schema\/person\/a146a5a2550b94981a75131180e1bd9c"},"headline":"4 ideas para renovar tu patio o jard\u00edn de una forma original y sencilla","datePublished":"2022-08-02T18:13:37+00:00","dateModified":"2022-08-02T18:16:24+00:00","mainEntityOfPage":{"@id":"https:\/\/www.revistarambla.com\/4-ideas-para-renovar-tu-patio-o-jardin-de-una-forma-original-y-sencilla\/"},"wordCount":619,"publisher":{"@id":"https:\/\/www.revistarambla.com\/#organization"},"image":{"@id":"https:\/\/www.revistarambla.com\/4-ideas-para-renovar-tu-patio-o-jardin-de-una-forma-original-y-sencilla\/#primaryimage"},"thumbnailUrl":"https:\/\/www.revistarambla.com\/wp-content\/uploads\/2022\/08\/crete-g3259952df_1280.jpg","articleSection":["Noticias de la vida"],"inLanguage":"en-GB"},{"@type":"WebPage","@id":"https:\/\/www.revistarambla.com\/4-ideas-para-renovar-tu-patio-o-jardin-de-una-forma-original-y-sencilla\/","url":"https:\/\/www.revistarambla.com\/4-ideas-para-renovar-tu-patio-o-jardin-de-una-forma-original-y-sencilla\/","name":"4 ideas para renovar tu patio o jard\u00edn de una forma original y sencilla - Revista Rambla","isPartOf":{"@id":"https:\/\/www.revistarambla.com\/#website"},"primaryImageOfPage":{"@id":"https:\/\/www.revistarambla.com\/4-ideas-para-renovar-tu-patio-o-jardin-de-una-forma-original-y-sencilla\/#primaryimage"},"image":{"@id":"https:\/\/www.revistarambla.com\/4-ideas-para-renovar-tu-patio-o-jardin-de-una-forma-original-y-sencilla\/#primaryimage"},"thumbnailUrl":"https:\/\/www.revistarambla.com\/wp-content\/uploads\/2022\/08\/crete-g3259952df_1280.jpg","datePublished":"2022-08-02T18:13:37+00:00","dateModified":"2022-08-02T18:16:24+00:00","breadcrumb":{"@id":"https:\/\/www.revistarambla.com\/4-ideas-para-renovar-tu-patio-o-jardin-de-una-forma-original-y-sencilla\/#breadcrumb"},"inLanguage":"en-GB","potentialAction":[{"@type":"ReadAction","target":["https:\/\/www.revistarambla.com\/4-ideas-para-renovar-tu-patio-o-jardin-de-una-forma-original-y-sencilla\/"]}]},{"@type":"ImageObject","inLanguage":"en-GB","@id":"https:\/\/www.revistarambla.com\/4-ideas-para-renovar-tu-patio-o-jardin-de-una-forma-original-y-sencilla\/#primaryimage","url":"https:\/\/www.revistarambla.com\/wp-content\/uploads\/2022\/08\/crete-g3259952df_1280.jpg","contentUrl":"https:\/\/www.revistarambla.com\/wp-content\/uploads\/2022\/08\/crete-g3259952df_1280.jpg","width":1280,"height":853},{"@type":"BreadcrumbList","@id":"https:\/\/www.revistarambla.com\/4-ideas-para-renovar-tu-patio-o-jardin-de-una-forma-original-y-sencilla\/#breadcrumb","itemListElement":[{"@type":"ListItem","position":1,"name":"Portada","item":"https:\/\/www.revistarambla.com\/"},{"@type":"ListItem","position":2,"name":"4 ideas para renovar tu patio o jard\u00edn de una forma original y sencilla"}]},{"@type":"WebSite","@id":"https:\/\/www.revistarambla.com\/#website","url":"https:\/\/www.revistarambla.com\/","name":"Revista Rambla Barcelona","description":"Periodismo independiente","publisher":{"@id":"https:\/\/www.revistarambla.com\/#organization"},"potentialAction":[{"@type":"SearchAction","target":{"@type":"EntryPoint","urlTemplate":"https:\/\/www.revistarambla.com\/?s={search_term_string}"},"query-input":{"@type":"PropertyValueSpecification","valueRequired":true,"valueName":"search_term_string"}}],"inLanguage":"en-GB"},{"@type":"Organization","@id":"https:\/\/www.revistarambla.com\/#organization","name":"Revista Rambla","url":"https:\/\/www.revistarambla.com\/","logo":{"@type":"ImageObject","inLanguage":"en-GB","@id":"https:\/\/www.revistarambla.com\/#\/schema\/logo\/image\/","url":"https:\/\/www.revistarambla.com\/wp-content\/uploads\/2020\/09\/banner_rambla_1900x600_BB.png","contentUrl":"https:\/\/www.revistarambla.com\/wp-content\/uploads\/2020\/09\/banner_rambla_1900x600_BB.png","width":1900,"height":600,"caption":"Revista Rambla"},"image":{"@id":"https:\/\/www.revistarambla.com\/#\/schema\/logo\/image\/"},"sameAs":["https:\/\/www.facebook.com\/revistarambla\/","https:\/\/x.com\/revistarambla","https:\/\/www.instagram.com\/revista_rambla","https:\/\/es.linkedin.com\/company\/revista-rambla"]},{"@type":"Person","@id":"https:\/\/www.revistarambla.com\/#\/schema\/person\/a146a5a2550b94981a75131180e1bd9c","name":"R@mbla","description":"Este art\u00edculo ha sido redactado y\/o validado por el equipo de redacci\u00f3n de Revista Rambla.","sameAs":["https:\/\/www.revistarambla.com\/","https:\/\/www.facebook.com\/revistarambla","https:\/\/x.com\/revistarambla"]}]}},"_links":{"self":[{"href":"https:\/\/www.revistarambla.com\/en\/wp-json\/wp\/v2\/posts\/44967","targetHints":{"allow":["GET"]}}],"collection":[{"href":"https:\/\/www.revistarambla.com\/en\/wp-json\/wp\/v2\/posts"}],"about":[{"href":"https:\/\/www.revistarambla.com\/en\/wp-json\/wp\/v2\/types\/post"}],"author":[{"embeddable":true,"href":"https:\/\/www.revistarambla.com\/en\/wp-json\/wp\/v2\/users\/3"}],"replies":[{"embeddable":true,"href":"https:\/\/www.revistarambla.com\/en\/wp-json\/wp\/v2\/comments?post=44967"}],"version-history":[{"count":3,"href":"https:\/\/www.revistarambla.com\/en\/wp-json\/wp\/v2\/posts\/44967\/revisions"}],"predecessor-version":[{"id":44971,"href":"https:\/\/www.revistarambla.com\/en\/wp-json\/wp\/v2\/posts\/44967\/revisions\/44971"}],"wp:featuredmedia":[{"embeddable":true,"href":"https:\/\/www.revistarambla.com\/en\/wp-json\/wp\/v2\/media\/44968"}],"wp:attachment":[{"href":"https:\/\/www.revistarambla.com\/en\/wp-json\/wp\/v2\/media?parent=44967"}],"wp:term":[{"taxonomy":"category","embeddable":true,"href":"https:\/\/www.revistarambla.com\/en\/wp-json\/wp\/v2\/categories?post=44967"},{"taxonomy":"post_tag","embeddable":true,"href":"https:\/\/www.revistarambla.com\/en\/wp-json\/wp\/v2\/tags?post=44967"}],"curies":[{"name":"wp","href":"https:\/\/api.w.org\/{rel}","templated":true}]}}