{"id":44809,"date":"2022-07-28T13:13:57","date_gmt":"2022-07-28T11:13:57","guid":{"rendered":"https:\/\/www.revistarambla.com\/?p=44809"},"modified":"2022-07-28T13:13:57","modified_gmt":"2022-07-28T11:13:57","slug":"croma-pharma-recibe-la-aprobacion-nacional-en-espana-para-su-toxina-botulinica-para-el-tratamiento-de-las-lineas-glabelares-lineas-del-entrecejo","status":"publish","type":"post","link":"https:\/\/www.revistarambla.com\/en\/croma-pharma-recibe-la-aprobacion-nacional-en-espana-para-su-toxina-botulinica-para-el-tratamiento-de-las-lineas-glabelares-lineas-del-entrecejo\/","title":{"rendered":"Croma-Pharma recibe la aprobaci\u00f3n nacional en Espa\u00f1a para su toxina botul\u00ednica para el tratamiento de las l\u00edneas glabelares (l\u00edneas del entrecejo)"},"content":{"rendered":"<p><strong>Croma-Pharma<\/strong> ha anunciado hoy la aprobaci\u00f3n nacional para su toxina botul\u00ednica en Espa\u00f1a.<\/p>\n<p>Con esta incorporaci\u00f3n estrat\u00e9gica, Croma puede ofrecer un s\u00f3lido y completo porfolio de productos de medicina est\u00e9tica capaz de competir con las empresas l\u00edderes del mercado en la actualidad.<\/p>\n<h3>La toxina botul\u00ednica de Croma ser\u00e1 el nuevo punto de inflexi\u00f3n<\/h3>\n<p><img decoding=\"async\" class=\"aligncenter wp-image-44811 size-full\" src=\"https:\/\/www.revistarambla.com\/wp-content\/uploads\/2022\/07\/21-1129-chromapharma-letybo26724-full-min.jpg\" alt=\"\" width=\"8256\" height=\"5504\" srcset=\"https:\/\/www.revistarambla.com\/wp-content\/uploads\/2022\/07\/21-1129-chromapharma-letybo26724-full-min.jpg 8256w, https:\/\/www.revistarambla.com\/wp-content\/uploads\/2022\/07\/21-1129-chromapharma-letybo26724-full-min-548x365.jpg 548w, https:\/\/www.revistarambla.com\/wp-content\/uploads\/2022\/07\/21-1129-chromapharma-letybo26724-full-min-840x560.jpg 840w, https:\/\/www.revistarambla.com\/wp-content\/uploads\/2022\/07\/21-1129-chromapharma-letybo26724-full-min-768x512.jpg 768w, https:\/\/www.revistarambla.com\/wp-content\/uploads\/2022\/07\/21-1129-chromapharma-letybo26724-full-min-1536x1024.jpg 1536w, https:\/\/www.revistarambla.com\/wp-content\/uploads\/2022\/07\/21-1129-chromapharma-letybo26724-full-min-18x12.jpg 18w\" sizes=\"(max-width: 8256px) 100vw, 8256px\" \/><\/p>\n<p>Esta nueva <strong>toxina botul\u00ednica<\/strong> ofrece una opci\u00f3n nueva al mercado de la est\u00e9tica.<\/p>\n<p>\u201cNos enorgullece ser la primera empresa familiar austriaca que lanza su propia neurotoxina al mercado de la est\u00e9tica. Durante las pr\u00f3ximas semanas y los pr\u00f3ximos meses, esperamos que otros pa\u00edses europeos den su aprobaci\u00f3n nacional\u201d, se\u00f1ala el Director General, <strong>Andreas Prinz<\/strong>.<\/p>\n<p>\u201cCon esta completa cartera de productos, podremos satisfacer a\u00fan mejor las necesidades de nuestros clientes\u201d.<\/p>","protected":false},"excerpt":{"rendered":"<p>Croma-Pharma ha anunciado hoy la aprobaci\u00f3n nacional para su toxina botul\u00ednica en Espa\u00f1a. Con esta incorporaci\u00f3n estrat\u00e9gica, Croma puede ofrecer un s\u00f3lido y completo porfolio de productos de medicina est\u00e9tica capaz de competir con las empresas l\u00edderes del mercado en la actualidad. La toxina botul\u00ednica de Croma ser\u00e1 el nuevo [&hellip;]<\/p>\n","protected":false},"author":3,"featured_media":44810,"comment_status":"closed","ping_status":"open","sticky":false,"template":"","format":"standard","meta":{"footnotes":""},"categories":[3790],"tags":[],"class_list":["post-44809","post","type-post","status-publish","format-standard","has-post-thumbnail","hentry","category-otras-noticias"],"yoast_head":"<!-- This site is optimized with the Yoast SEO plugin v27.5 - https:\/\/yoast.com\/product\/yoast-seo-wordpress\/ -->\n<title>Croma-Pharma recibe la aprobaci\u00f3n nacional en Espa\u00f1a para su toxina botul\u00ednica para el tratamiento de las l\u00edneas glabelares (l\u00edneas del entrecejo) - Revista Rambla<\/title>\n<meta name=\"robots\" content=\"index, follow, max-snippet:-1, max-image-preview:large, max-video-preview:-1\" \/>\n<link rel=\"canonical\" href=\"https:\/\/www.revistarambla.com\/en\/croma-pharma-recibe-la-aprobacion-nacional-en-espana-para-su-toxina-botulinica-para-el-tratamiento-de-las-lineas-glabelares-lineas-del-entrecejo\/\" \/>\n<meta property=\"og:locale\" content=\"en_GB\" \/>\n<meta property=\"og:type\" content=\"article\" \/>\n<meta property=\"og:title\" content=\"Croma-Pharma recibe la aprobaci\u00f3n nacional en Espa\u00f1a para su toxina botul\u00ednica para el tratamiento de las l\u00edneas glabelares (l\u00edneas del entrecejo) - Revista Rambla\" \/>\n<meta property=\"og:description\" content=\"Croma-Pharma ha anunciado hoy la aprobaci\u00f3n nacional para su toxina botul\u00ednica en Espa\u00f1a. Con esta incorporaci\u00f3n estrat\u00e9gica, Croma puede ofrecer un s\u00f3lido y completo porfolio de productos de medicina est\u00e9tica capaz de competir con las empresas l\u00edderes del mercado en la actualidad. La toxina botul\u00ednica de Croma ser\u00e1 el nuevo [&hellip;]\" \/>\n<meta property=\"og:url\" content=\"https:\/\/www.revistarambla.com\/en\/croma-pharma-recibe-la-aprobacion-nacional-en-espana-para-su-toxina-botulinica-para-el-tratamiento-de-las-lineas-glabelares-lineas-del-entrecejo\/\" \/>\n<meta property=\"og:site_name\" content=\"Revista Rambla\" \/>\n<meta property=\"article:publisher\" content=\"https:\/\/www.facebook.com\/revistarambla\/\" \/>\n<meta property=\"article:author\" content=\"https:\/\/www.facebook.com\/revistarambla\" \/>\n<meta property=\"article:published_time\" content=\"2022-07-28T11:13:57+00:00\" \/>\n<meta property=\"og:image\" content=\"https:\/\/www.revistarambla.com\/wp-content\/uploads\/2022\/07\/21-1129-chromapharma-letybo26726-full-min.jpg\" \/>\n\t<meta property=\"og:image:width\" content=\"8256\" \/>\n\t<meta property=\"og:image:height\" content=\"5504\" \/>\n\t<meta property=\"og:image:type\" content=\"image\/jpeg\" \/>\n<meta name=\"author\" content=\"R@mbla\" \/>\n<meta name=\"twitter:card\" content=\"summary_large_image\" \/>\n<meta name=\"twitter:creator\" content=\"@revistarambla\" \/>\n<meta name=\"twitter:site\" content=\"@revistarambla\" \/>\n<meta name=\"twitter:label1\" content=\"Written by\" \/>\n\t<meta name=\"twitter:data1\" content=\"R@mbla\" \/>\n\t<meta name=\"twitter:label2\" content=\"Estimated reading time\" \/>\n\t<meta name=\"twitter:data2\" content=\"1 minute\" \/>\n<script type=\"application\/ld+json\" class=\"yoast-schema-graph\">{\"@context\":\"https:\\\/\\\/schema.org\",\"@graph\":[{\"@type\":\"Article\",\"@id\":\"https:\\\/\\\/www.revistarambla.com\\\/croma-pharma-recibe-la-aprobacion-nacional-en-espana-para-su-toxina-botulinica-para-el-tratamiento-de-las-lineas-glabelares-lineas-del-entrecejo\\\/#article\",\"isPartOf\":{\"@id\":\"https:\\\/\\\/www.revistarambla.com\\\/croma-pharma-recibe-la-aprobacion-nacional-en-espana-para-su-toxina-botulinica-para-el-tratamiento-de-las-lineas-glabelares-lineas-del-entrecejo\\\/\"},\"author\":{\"name\":\"R@mbla\",\"@id\":\"https:\\\/\\\/www.revistarambla.com\\\/#\\\/schema\\\/person\\\/a146a5a2550b94981a75131180e1bd9c\"},\"headline\":\"Croma-Pharma recibe la aprobaci\u00f3n nacional en Espa\u00f1a para su toxina botul\u00ednica para el tratamiento de las l\u00edneas glabelares (l\u00edneas del entrecejo)\",\"datePublished\":\"2022-07-28T11:13:57+00:00\",\"mainEntityOfPage\":{\"@id\":\"https:\\\/\\\/www.revistarambla.com\\\/croma-pharma-recibe-la-aprobacion-nacional-en-espana-para-su-toxina-botulinica-para-el-tratamiento-de-las-lineas-glabelares-lineas-del-entrecejo\\\/\"},\"wordCount\":168,\"publisher\":{\"@id\":\"https:\\\/\\\/www.revistarambla.com\\\/#organization\"},\"image\":{\"@id\":\"https:\\\/\\\/www.revistarambla.com\\\/croma-pharma-recibe-la-aprobacion-nacional-en-espana-para-su-toxina-botulinica-para-el-tratamiento-de-las-lineas-glabelares-lineas-del-entrecejo\\\/#primaryimage\"},\"thumbnailUrl\":\"https:\\\/\\\/www.revistarambla.com\\\/wp-content\\\/uploads\\\/2022\\\/07\\\/21-1129-chromapharma-letybo26726-full-min.jpg\",\"articleSection\":[\"Otras Noticias\"],\"inLanguage\":\"en-GB\"},{\"@type\":\"WebPage\",\"@id\":\"https:\\\/\\\/www.revistarambla.com\\\/croma-pharma-recibe-la-aprobacion-nacional-en-espana-para-su-toxina-botulinica-para-el-tratamiento-de-las-lineas-glabelares-lineas-del-entrecejo\\\/\",\"url\":\"https:\\\/\\\/www.revistarambla.com\\\/croma-pharma-recibe-la-aprobacion-nacional-en-espana-para-su-toxina-botulinica-para-el-tratamiento-de-las-lineas-glabelares-lineas-del-entrecejo\\\/\",\"name\":\"Croma-Pharma recibe la aprobaci\u00f3n nacional en Espa\u00f1a para su toxina botul\u00ednica para el tratamiento de las l\u00edneas glabelares (l\u00edneas del entrecejo) - Revista Rambla\",\"isPartOf\":{\"@id\":\"https:\\\/\\\/www.revistarambla.com\\\/#website\"},\"primaryImageOfPage\":{\"@id\":\"https:\\\/\\\/www.revistarambla.com\\\/croma-pharma-recibe-la-aprobacion-nacional-en-espana-para-su-toxina-botulinica-para-el-tratamiento-de-las-lineas-glabelares-lineas-del-entrecejo\\\/#primaryimage\"},\"image\":{\"@id\":\"https:\\\/\\\/www.revistarambla.com\\\/croma-pharma-recibe-la-aprobacion-nacional-en-espana-para-su-toxina-botulinica-para-el-tratamiento-de-las-lineas-glabelares-lineas-del-entrecejo\\\/#primaryimage\"},\"thumbnailUrl\":\"https:\\\/\\\/www.revistarambla.com\\\/wp-content\\\/uploads\\\/2022\\\/07\\\/21-1129-chromapharma-letybo26726-full-min.jpg\",\"datePublished\":\"2022-07-28T11:13:57+00:00\",\"breadcrumb\":{\"@id\":\"https:\\\/\\\/www.revistarambla.com\\\/croma-pharma-recibe-la-aprobacion-nacional-en-espana-para-su-toxina-botulinica-para-el-tratamiento-de-las-lineas-glabelares-lineas-del-entrecejo\\\/#breadcrumb\"},\"inLanguage\":\"en-GB\",\"potentialAction\":[{\"@type\":\"ReadAction\",\"target\":[\"https:\\\/\\\/www.revistarambla.com\\\/croma-pharma-recibe-la-aprobacion-nacional-en-espana-para-su-toxina-botulinica-para-el-tratamiento-de-las-lineas-glabelares-lineas-del-entrecejo\\\/\"]}]},{\"@type\":\"ImageObject\",\"inLanguage\":\"en-GB\",\"@id\":\"https:\\\/\\\/www.revistarambla.com\\\/croma-pharma-recibe-la-aprobacion-nacional-en-espana-para-su-toxina-botulinica-para-el-tratamiento-de-las-lineas-glabelares-lineas-del-entrecejo\\\/#primaryimage\",\"url\":\"https:\\\/\\\/www.revistarambla.com\\\/wp-content\\\/uploads\\\/2022\\\/07\\\/21-1129-chromapharma-letybo26726-full-min.jpg\",\"contentUrl\":\"https:\\\/\\\/www.revistarambla.com\\\/wp-content\\\/uploads\\\/2022\\\/07\\\/21-1129-chromapharma-letybo26726-full-min.jpg\",\"width\":8256,\"height\":5504},{\"@type\":\"BreadcrumbList\",\"@id\":\"https:\\\/\\\/www.revistarambla.com\\\/croma-pharma-recibe-la-aprobacion-nacional-en-espana-para-su-toxina-botulinica-para-el-tratamiento-de-las-lineas-glabelares-lineas-del-entrecejo\\\/#breadcrumb\",\"itemListElement\":[{\"@type\":\"ListItem\",\"position\":1,\"name\":\"Portada\",\"item\":\"https:\\\/\\\/www.revistarambla.com\\\/\"},{\"@type\":\"ListItem\",\"position\":2,\"name\":\"Croma-Pharma recibe la aprobaci\u00f3n nacional en Espa\u00f1a para su toxina botul\u00ednica para el tratamiento de las l\u00edneas glabelares (l\u00edneas del entrecejo)\"}]},{\"@type\":\"WebSite\",\"@id\":\"https:\\\/\\\/www.revistarambla.com\\\/#website\",\"url\":\"https:\\\/\\\/www.revistarambla.com\\\/\",\"name\":\"Revista Rambla Barcelona\",\"description\":\"Periodismo independiente\",\"publisher\":{\"@id\":\"https:\\\/\\\/www.revistarambla.com\\\/#organization\"},\"potentialAction\":[{\"@type\":\"SearchAction\",\"target\":{\"@type\":\"EntryPoint\",\"urlTemplate\":\"https:\\\/\\\/www.revistarambla.com\\\/?s={search_term_string}\"},\"query-input\":{\"@type\":\"PropertyValueSpecification\",\"valueRequired\":true,\"valueName\":\"search_term_string\"}}],\"inLanguage\":\"en-GB\"},{\"@type\":\"Organization\",\"@id\":\"https:\\\/\\\/www.revistarambla.com\\\/#organization\",\"name\":\"Revista Rambla\",\"url\":\"https:\\\/\\\/www.revistarambla.com\\\/\",\"logo\":{\"@type\":\"ImageObject\",\"inLanguage\":\"en-GB\",\"@id\":\"https:\\\/\\\/www.revistarambla.com\\\/#\\\/schema\\\/logo\\\/image\\\/\",\"url\":\"https:\\\/\\\/www.revistarambla.com\\\/wp-content\\\/uploads\\\/2020\\\/09\\\/banner_rambla_1900x600_BB.png\",\"contentUrl\":\"https:\\\/\\\/www.revistarambla.com\\\/wp-content\\\/uploads\\\/2020\\\/09\\\/banner_rambla_1900x600_BB.png\",\"width\":1900,\"height\":600,\"caption\":\"Revista Rambla\"},\"image\":{\"@id\":\"https:\\\/\\\/www.revistarambla.com\\\/#\\\/schema\\\/logo\\\/image\\\/\"},\"sameAs\":[\"https:\\\/\\\/www.facebook.com\\\/revistarambla\\\/\",\"https:\\\/\\\/x.com\\\/revistarambla\",\"https:\\\/\\\/www.instagram.com\\\/revista_rambla\",\"https:\\\/\\\/es.linkedin.com\\\/company\\\/revista-rambla\"]},{\"@type\":\"Person\",\"@id\":\"https:\\\/\\\/www.revistarambla.com\\\/#\\\/schema\\\/person\\\/a146a5a2550b94981a75131180e1bd9c\",\"name\":\"R@mbla\",\"description\":\"Este art\u00edculo ha sido redactado y\\\/o validado por el equipo de redacci\u00f3n de Revista Rambla.\",\"sameAs\":[\"https:\\\/\\\/www.revistarambla.com\\\/\",\"https:\\\/\\\/www.facebook.com\\\/revistarambla\",\"https:\\\/\\\/x.com\\\/revistarambla\"]}]}<\/script>\n<!-- \/ Yoast SEO plugin. -->","yoast_head_json":{"title":"Croma-Pharma recibe la aprobaci\u00f3n nacional en Espa\u00f1a para su toxina botul\u00ednica para el tratamiento de las l\u00edneas glabelares (l\u00edneas del entrecejo) - Revista Rambla","robots":{"index":"index","follow":"follow","max-snippet":"max-snippet:-1","max-image-preview":"max-image-preview:large","max-video-preview":"max-video-preview:-1"},"canonical":"https:\/\/www.revistarambla.com\/en\/croma-pharma-recibe-la-aprobacion-nacional-en-espana-para-su-toxina-botulinica-para-el-tratamiento-de-las-lineas-glabelares-lineas-del-entrecejo\/","og_locale":"en_GB","og_type":"article","og_title":"Croma-Pharma recibe la aprobaci\u00f3n nacional en Espa\u00f1a para su toxina botul\u00ednica para el tratamiento de las l\u00edneas glabelares (l\u00edneas del entrecejo) - Revista Rambla","og_description":"Croma-Pharma ha anunciado hoy la aprobaci\u00f3n nacional para su toxina botul\u00ednica en Espa\u00f1a. Con esta incorporaci\u00f3n estrat\u00e9gica, Croma puede ofrecer un s\u00f3lido y completo porfolio de productos de medicina est\u00e9tica capaz de competir con las empresas l\u00edderes del mercado en la actualidad. La toxina botul\u00ednica de Croma ser\u00e1 el nuevo [&hellip;]","og_url":"https:\/\/www.revistarambla.com\/en\/croma-pharma-recibe-la-aprobacion-nacional-en-espana-para-su-toxina-botulinica-para-el-tratamiento-de-las-lineas-glabelares-lineas-del-entrecejo\/","og_site_name":"Revista Rambla","article_publisher":"https:\/\/www.facebook.com\/revistarambla\/","article_author":"https:\/\/www.facebook.com\/revistarambla","article_published_time":"2022-07-28T11:13:57+00:00","og_image":[{"width":8256,"height":5504,"url":"https:\/\/www.revistarambla.com\/wp-content\/uploads\/2022\/07\/21-1129-chromapharma-letybo26726-full-min.jpg","type":"image\/jpeg"}],"author":"R@mbla","twitter_card":"summary_large_image","twitter_creator":"@revistarambla","twitter_site":"@revistarambla","twitter_misc":{"Written by":"R@mbla","Estimated reading time":"1 minute"},"schema":{"@context":"https:\/\/schema.org","@graph":[{"@type":"Article","@id":"https:\/\/www.revistarambla.com\/croma-pharma-recibe-la-aprobacion-nacional-en-espana-para-su-toxina-botulinica-para-el-tratamiento-de-las-lineas-glabelares-lineas-del-entrecejo\/#article","isPartOf":{"@id":"https:\/\/www.revistarambla.com\/croma-pharma-recibe-la-aprobacion-nacional-en-espana-para-su-toxina-botulinica-para-el-tratamiento-de-las-lineas-glabelares-lineas-del-entrecejo\/"},"author":{"name":"R@mbla","@id":"https:\/\/www.revistarambla.com\/#\/schema\/person\/a146a5a2550b94981a75131180e1bd9c"},"headline":"Croma-Pharma recibe la aprobaci\u00f3n nacional en Espa\u00f1a para su toxina botul\u00ednica para el tratamiento de las l\u00edneas glabelares (l\u00edneas del entrecejo)","datePublished":"2022-07-28T11:13:57+00:00","mainEntityOfPage":{"@id":"https:\/\/www.revistarambla.com\/croma-pharma-recibe-la-aprobacion-nacional-en-espana-para-su-toxina-botulinica-para-el-tratamiento-de-las-lineas-glabelares-lineas-del-entrecejo\/"},"wordCount":168,"publisher":{"@id":"https:\/\/www.revistarambla.com\/#organization"},"image":{"@id":"https:\/\/www.revistarambla.com\/croma-pharma-recibe-la-aprobacion-nacional-en-espana-para-su-toxina-botulinica-para-el-tratamiento-de-las-lineas-glabelares-lineas-del-entrecejo\/#primaryimage"},"thumbnailUrl":"https:\/\/www.revistarambla.com\/wp-content\/uploads\/2022\/07\/21-1129-chromapharma-letybo26726-full-min.jpg","articleSection":["Otras Noticias"],"inLanguage":"en-GB"},{"@type":"WebPage","@id":"https:\/\/www.revistarambla.com\/croma-pharma-recibe-la-aprobacion-nacional-en-espana-para-su-toxina-botulinica-para-el-tratamiento-de-las-lineas-glabelares-lineas-del-entrecejo\/","url":"https:\/\/www.revistarambla.com\/croma-pharma-recibe-la-aprobacion-nacional-en-espana-para-su-toxina-botulinica-para-el-tratamiento-de-las-lineas-glabelares-lineas-del-entrecejo\/","name":"Croma-Pharma recibe la aprobaci\u00f3n nacional en Espa\u00f1a para su toxina botul\u00ednica para el tratamiento de las l\u00edneas glabelares (l\u00edneas del entrecejo) - Revista Rambla","isPartOf":{"@id":"https:\/\/www.revistarambla.com\/#website"},"primaryImageOfPage":{"@id":"https:\/\/www.revistarambla.com\/croma-pharma-recibe-la-aprobacion-nacional-en-espana-para-su-toxina-botulinica-para-el-tratamiento-de-las-lineas-glabelares-lineas-del-entrecejo\/#primaryimage"},"image":{"@id":"https:\/\/www.revistarambla.com\/croma-pharma-recibe-la-aprobacion-nacional-en-espana-para-su-toxina-botulinica-para-el-tratamiento-de-las-lineas-glabelares-lineas-del-entrecejo\/#primaryimage"},"thumbnailUrl":"https:\/\/www.revistarambla.com\/wp-content\/uploads\/2022\/07\/21-1129-chromapharma-letybo26726-full-min.jpg","datePublished":"2022-07-28T11:13:57+00:00","breadcrumb":{"@id":"https:\/\/www.revistarambla.com\/croma-pharma-recibe-la-aprobacion-nacional-en-espana-para-su-toxina-botulinica-para-el-tratamiento-de-las-lineas-glabelares-lineas-del-entrecejo\/#breadcrumb"},"inLanguage":"en-GB","potentialAction":[{"@type":"ReadAction","target":["https:\/\/www.revistarambla.com\/croma-pharma-recibe-la-aprobacion-nacional-en-espana-para-su-toxina-botulinica-para-el-tratamiento-de-las-lineas-glabelares-lineas-del-entrecejo\/"]}]},{"@type":"ImageObject","inLanguage":"en-GB","@id":"https:\/\/www.revistarambla.com\/croma-pharma-recibe-la-aprobacion-nacional-en-espana-para-su-toxina-botulinica-para-el-tratamiento-de-las-lineas-glabelares-lineas-del-entrecejo\/#primaryimage","url":"https:\/\/www.revistarambla.com\/wp-content\/uploads\/2022\/07\/21-1129-chromapharma-letybo26726-full-min.jpg","contentUrl":"https:\/\/www.revistarambla.com\/wp-content\/uploads\/2022\/07\/21-1129-chromapharma-letybo26726-full-min.jpg","width":8256,"height":5504},{"@type":"BreadcrumbList","@id":"https:\/\/www.revistarambla.com\/croma-pharma-recibe-la-aprobacion-nacional-en-espana-para-su-toxina-botulinica-para-el-tratamiento-de-las-lineas-glabelares-lineas-del-entrecejo\/#breadcrumb","itemListElement":[{"@type":"ListItem","position":1,"name":"Portada","item":"https:\/\/www.revistarambla.com\/"},{"@type":"ListItem","position":2,"name":"Croma-Pharma recibe la aprobaci\u00f3n nacional en Espa\u00f1a para su toxina botul\u00ednica para el tratamiento de las l\u00edneas glabelares (l\u00edneas del entrecejo)"}]},{"@type":"WebSite","@id":"https:\/\/www.revistarambla.com\/#website","url":"https:\/\/www.revistarambla.com\/","name":"Revista Rambla Barcelona","description":"Periodismo independiente","publisher":{"@id":"https:\/\/www.revistarambla.com\/#organization"},"potentialAction":[{"@type":"SearchAction","target":{"@type":"EntryPoint","urlTemplate":"https:\/\/www.revistarambla.com\/?s={search_term_string}"},"query-input":{"@type":"PropertyValueSpecification","valueRequired":true,"valueName":"search_term_string"}}],"inLanguage":"en-GB"},{"@type":"Organization","@id":"https:\/\/www.revistarambla.com\/#organization","name":"Revista Rambla","url":"https:\/\/www.revistarambla.com\/","logo":{"@type":"ImageObject","inLanguage":"en-GB","@id":"https:\/\/www.revistarambla.com\/#\/schema\/logo\/image\/","url":"https:\/\/www.revistarambla.com\/wp-content\/uploads\/2020\/09\/banner_rambla_1900x600_BB.png","contentUrl":"https:\/\/www.revistarambla.com\/wp-content\/uploads\/2020\/09\/banner_rambla_1900x600_BB.png","width":1900,"height":600,"caption":"Revista Rambla"},"image":{"@id":"https:\/\/www.revistarambla.com\/#\/schema\/logo\/image\/"},"sameAs":["https:\/\/www.facebook.com\/revistarambla\/","https:\/\/x.com\/revistarambla","https:\/\/www.instagram.com\/revista_rambla","https:\/\/es.linkedin.com\/company\/revista-rambla"]},{"@type":"Person","@id":"https:\/\/www.revistarambla.com\/#\/schema\/person\/a146a5a2550b94981a75131180e1bd9c","name":"R@mbla","description":"Este art\u00edculo ha sido redactado y\/o validado por el equipo de redacci\u00f3n de Revista Rambla.","sameAs":["https:\/\/www.revistarambla.com\/","https:\/\/www.facebook.com\/revistarambla","https:\/\/x.com\/revistarambla"]}]}},"_links":{"self":[{"href":"https:\/\/www.revistarambla.com\/en\/wp-json\/wp\/v2\/posts\/44809","targetHints":{"allow":["GET"]}}],"collection":[{"href":"https:\/\/www.revistarambla.com\/en\/wp-json\/wp\/v2\/posts"}],"about":[{"href":"https:\/\/www.revistarambla.com\/en\/wp-json\/wp\/v2\/types\/post"}],"author":[{"embeddable":true,"href":"https:\/\/www.revistarambla.com\/en\/wp-json\/wp\/v2\/users\/3"}],"replies":[{"embeddable":true,"href":"https:\/\/www.revistarambla.com\/en\/wp-json\/wp\/v2\/comments?post=44809"}],"version-history":[{"count":1,"href":"https:\/\/www.revistarambla.com\/en\/wp-json\/wp\/v2\/posts\/44809\/revisions"}],"predecessor-version":[{"id":44812,"href":"https:\/\/www.revistarambla.com\/en\/wp-json\/wp\/v2\/posts\/44809\/revisions\/44812"}],"wp:featuredmedia":[{"embeddable":true,"href":"https:\/\/www.revistarambla.com\/en\/wp-json\/wp\/v2\/media\/44810"}],"wp:attachment":[{"href":"https:\/\/www.revistarambla.com\/en\/wp-json\/wp\/v2\/media?parent=44809"}],"wp:term":[{"taxonomy":"category","embeddable":true,"href":"https:\/\/www.revistarambla.com\/en\/wp-json\/wp\/v2\/categories?post=44809"},{"taxonomy":"post_tag","embeddable":true,"href":"https:\/\/www.revistarambla.com\/en\/wp-json\/wp\/v2\/tags?post=44809"}],"curies":[{"name":"wp","href":"https:\/\/api.w.org\/{rel}","templated":true}]}}