{"id":4473,"date":"2013-12-17T16:13:27","date_gmt":"2013-12-17T16:13:27","guid":{"rendered":"https:\/\/www.revistarambla.com\/los-ricos-primero\/"},"modified":"2024-04-20T20:24:25","modified_gmt":"2024-04-20T18:24:25","slug":"los-ricos-primero","status":"publish","type":"post","link":"https:\/\/www.revistarambla.com\/en\/los-ricos-primero\/","title":{"rendered":"Los ricos primero"},"content":{"rendered":"<p>Hubo un tiempo, a\u00f1orado hoy por los conservadores m\u00e1s melanc\u00f3licos, en que los manuales de urbanidad nos ense\u00f1aban la obligaci\u00f3n de ceder el asiento a los mayores en los autobuses. Y en los botes salvavidas a las mujeres y los ni\u00f1os en los casos de naufragio. Pero los tiempos cambian y las normas se hacen mucho menos r\u00edgidas. Sobre todo ahora que los expertos en buenos modales a sueldo de cualquier think tank neocons parecen haber llegado a un consenso para reducir las normas de buenas maneras a una sola regla: los ricos primero.<\/p>\n<p>La norma, por otra parte, no es m\u00e1s que la aplicaci\u00f3n estricta de aquella otra ley no escrita que dictaminaba que quien paga manda. Nos lo recordaba estos d\u00edas el profesor de Filosof\u00eda Pol\u00edtica de Harvard, Michel J. Sandel, al advertirnos de los perversos efectos que la creciente desigualdad tiene en la democracia. Y es que las salas VIP de los aeropuertos comienzan a ser un inocente recuerdo ahora que los clientes que pueden permitirse asumir el sobrecoste pueden experimentar el placer de acceder sin colas a la sala de embarque, ni listas de espera, viajando siempre en primera. Pero la priorizaci\u00f3n de los adinerados no se reduce a las agencias de viaje. De hecho, fue <a href=\"https:\/\/www.revistarambla.com\/en\/desmontando-la-psicologia-totalitaria-del-marxismo-leninismo\/\">Marx<\/a> quien hace ya bastantes d\u00e9cadas alert\u00f3 de que con el <a href=\"https:\/\/www.revistarambla.com\/en\/capitallismo-y-democracia-la-extrana-pareja\/\">capitalismo<\/a> todo tiende a convertirse en mercanc\u00eda. La diferencia est\u00e1 en que hoy se perdi\u00f3 el pudor por la compraventa de algunos productos cuya adquisici\u00f3n anta\u00f1o sonrojaba.<\/p>\n<p><img decoding=\"async\" class=\"aligncenter wp-image-4472 size-full\" src=\"https:\/\/www.revistarambla.com\/wp-content\/uploads\/2013\/12\/Ricos_revRambla_02.jpg\" alt=\"ricos\" width=\"700\" height=\"252\" srcset=\"https:\/\/www.revistarambla.com\/wp-content\/uploads\/2013\/12\/Ricos_revRambla_02.jpg 700w, https:\/\/www.revistarambla.com\/wp-content\/uploads\/2013\/12\/Ricos_revRambla_02-300x108.jpg 300w, https:\/\/www.revistarambla.com\/wp-content\/uploads\/2013\/12\/Ricos_revRambla_02-500x180.jpg 500w\" sizes=\"(max-width: 700px) 100vw, 700px\" \/><\/p>\n<p>As\u00ed, hoy es posible contaminar m\u00e1s de lo permitido por el m\u00f3dico precio de pagar 13 euros la tonelada de di\u00f3xido de carbono. Y en el presidio de Santa Ana, en California, el reo tiene la oportunidad de pernoctar en celdas de lujo por el m\u00f3dico precio de 82 d\u00f3lares la noche, una oferta sin duda atractiva para ser implantada en <a href=\"https:\/\/www.revistarambla.com\/en\/actualidad\/estado-espanol\/\">Espa\u00f1a<\/a> con la que se podr\u00eda hacer m\u00e1s llevadera la breve estancia en prisi\u00f3n de tanto prevaricador, corrupto y malversador mientras espera el indulto gubernamental. Por faltar no faltan ni las ofertas de amigos de alquiler gestionados, sin duda, por las m\u00e1s serias y competitivas empresas.<\/p>\n<p>Todo ello le lleva a preguntarse a Sandel sobre d\u00f3nde est\u00e1 el l\u00edmite a la total mercantilizaci\u00f3n de nuestra cotidianidad y nuestras necesidades. La disquisici\u00f3n tampoco es nada nueva si pensamos que mientras la \u00e9tica protestante trabajaba de firme para sentar las bases del capitalismo, el catolicismo realmente existente en la \u00e9poca hac\u00eda sus pinitos, mucho antes de\u00a0 poner en marcha el Banco Vaticano, con la venta al por mayor de aquellas acciones preferentes para el Para\u00edso a base de bulas y misas de difunto.<\/p>\n<p>As\u00ed pues no resulta extra\u00f1o que Espa\u00f1a se sume a las nuevas modas. O <a href=\"https:\/\/www.revistarambla.com\/en\/actualidad\/catalunya\/\">Catalunya<\/a>. Por lo pronto, los trabajadores del Hospital Sant Pau de <a href=\"https:\/\/www.revistarambla.com\/en\/actualidad\/barcelona\/\">Barcelona<\/a> denunciaban la pasada semana que la direcci\u00f3n del centro prioriz\u00f3 la intervenci\u00f3n quir\u00fargica de un paciente privado de pago a una urgencia de un enfermo perteneciente al sistema p\u00fablico de salud. Pues eso, lo dicho, los ricos primero convertido en norma \u00fanica de urbanidad. Aunque con excepciones, claro. Ah\u00ed est\u00e1, por ejemplo, la nueva legislaci\u00f3n de seguridad ciudadana que quiere aprobar el PP y sus planes para privatizar el orden p\u00fablico. Seguro que, en este caso, las dos primeras hostias de un segurata no se las va a llevar Amancio Ortega<\/p>","protected":false},"excerpt":{"rendered":"<p>Hubo un tiempo, a\u00f1orado hoy por los conservadores m\u00e1s melanc\u00f3licos, en que los manuales de urbanidad nos ense\u00f1aban la obligaci\u00f3n de ceder el asiento a los mayores en los autobuses. Y en los botes salvavidas a las mujeres y los ni\u00f1os en los casos de naufragio. Pero los tiempos cambian [&hellip;]<\/p>\n","protected":false},"author":3,"featured_media":4472,"comment_status":"open","ping_status":"open","sticky":false,"template":"","format":"standard","meta":{"footnotes":""},"categories":[72],"tags":[],"class_list":["post-4473","post","type-post","status-publish","format-standard","has-post-thumbnail","hentry","category-opinion"],"yoast_head":"<!-- This site is optimized with the Yoast SEO plugin v27.5 - https:\/\/yoast.com\/product\/yoast-seo-wordpress\/ -->\n<title>Los ricos primero - Revista Rambla<\/title>\n<meta name=\"description\" content=\"Parece haber llegado un consenso para reducir las normas de buenas maneras a una sola regla: los ricos primero.\" \/>\n<meta name=\"robots\" content=\"index, follow, max-snippet:-1, max-image-preview:large, max-video-preview:-1\" \/>\n<link rel=\"canonical\" href=\"https:\/\/www.revistarambla.com\/en\/los-ricos-primero\/\" \/>\n<meta property=\"og:locale\" content=\"en_GB\" \/>\n<meta property=\"og:type\" content=\"article\" \/>\n<meta property=\"og:title\" content=\"Los ricos primero - Revista Rambla\" \/>\n<meta property=\"og:description\" content=\"Parece haber llegado un consenso para reducir las normas de buenas maneras a una sola regla: los ricos primero.\" \/>\n<meta property=\"og:url\" content=\"https:\/\/www.revistarambla.com\/en\/los-ricos-primero\/\" \/>\n<meta property=\"og:site_name\" content=\"Revista Rambla\" \/>\n<meta property=\"article:publisher\" content=\"https:\/\/www.facebook.com\/revistarambla\/\" \/>\n<meta property=\"article:author\" content=\"https:\/\/www.facebook.com\/revistarambla\" \/>\n<meta property=\"article:published_time\" content=\"2013-12-17T16:13:27+00:00\" \/>\n<meta property=\"article:modified_time\" content=\"2024-04-20T18:24:25+00:00\" \/>\n<meta property=\"og:image\" content=\"https:\/\/www.revistarambla.com\/wp-content\/uploads\/2013\/12\/Ricos_revRambla_02.jpg\" \/>\n\t<meta property=\"og:image:width\" content=\"700\" \/>\n\t<meta property=\"og:image:height\" content=\"252\" \/>\n\t<meta property=\"og:image:type\" content=\"image\/jpeg\" \/>\n<meta name=\"author\" content=\"R@mbla\" \/>\n<meta name=\"twitter:card\" content=\"summary_large_image\" \/>\n<meta name=\"twitter:creator\" content=\"@revistarambla\" \/>\n<meta name=\"twitter:site\" content=\"@revistarambla\" \/>\n<meta name=\"twitter:label1\" content=\"Written by\" \/>\n\t<meta name=\"twitter:data1\" content=\"R@mbla\" \/>\n\t<meta name=\"twitter:label2\" content=\"Estimated reading time\" \/>\n\t<meta name=\"twitter:data2\" content=\"3 minutes\" \/>\n<script type=\"application\/ld+json\" class=\"yoast-schema-graph\">{\"@context\":\"https:\\\/\\\/schema.org\",\"@graph\":[{\"@type\":\"Article\",\"@id\":\"https:\\\/\\\/www.revistarambla.com\\\/los-ricos-primero\\\/#article\",\"isPartOf\":{\"@id\":\"https:\\\/\\\/www.revistarambla.com\\\/los-ricos-primero\\\/\"},\"author\":{\"name\":\"R@mbla\",\"@id\":\"https:\\\/\\\/www.revistarambla.com\\\/#\\\/schema\\\/person\\\/a146a5a2550b94981a75131180e1bd9c\"},\"headline\":\"Los ricos primero\",\"datePublished\":\"2013-12-17T16:13:27+00:00\",\"dateModified\":\"2024-04-20T18:24:25+00:00\",\"mainEntityOfPage\":{\"@id\":\"https:\\\/\\\/www.revistarambla.com\\\/los-ricos-primero\\\/\"},\"wordCount\":599,\"commentCount\":0,\"publisher\":{\"@id\":\"https:\\\/\\\/www.revistarambla.com\\\/#organization\"},\"image\":{\"@id\":\"https:\\\/\\\/www.revistarambla.com\\\/los-ricos-primero\\\/#primaryimage\"},\"thumbnailUrl\":\"https:\\\/\\\/www.revistarambla.com\\\/wp-content\\\/uploads\\\/2013\\\/12\\\/Ricos_revRambla_02.jpg\",\"articleSection\":[\"Opiniones\"],\"inLanguage\":\"en-GB\",\"potentialAction\":[{\"@type\":\"CommentAction\",\"name\":\"Comment\",\"target\":[\"https:\\\/\\\/www.revistarambla.com\\\/los-ricos-primero\\\/#respond\"]}]},{\"@type\":\"WebPage\",\"@id\":\"https:\\\/\\\/www.revistarambla.com\\\/los-ricos-primero\\\/\",\"url\":\"https:\\\/\\\/www.revistarambla.com\\\/los-ricos-primero\\\/\",\"name\":\"Los ricos primero - Revista Rambla\",\"isPartOf\":{\"@id\":\"https:\\\/\\\/www.revistarambla.com\\\/#website\"},\"primaryImageOfPage\":{\"@id\":\"https:\\\/\\\/www.revistarambla.com\\\/los-ricos-primero\\\/#primaryimage\"},\"image\":{\"@id\":\"https:\\\/\\\/www.revistarambla.com\\\/los-ricos-primero\\\/#primaryimage\"},\"thumbnailUrl\":\"https:\\\/\\\/www.revistarambla.com\\\/wp-content\\\/uploads\\\/2013\\\/12\\\/Ricos_revRambla_02.jpg\",\"datePublished\":\"2013-12-17T16:13:27+00:00\",\"dateModified\":\"2024-04-20T18:24:25+00:00\",\"description\":\"Parece haber llegado un consenso para reducir las normas de buenas maneras a una sola regla: los ricos primero.\",\"breadcrumb\":{\"@id\":\"https:\\\/\\\/www.revistarambla.com\\\/los-ricos-primero\\\/#breadcrumb\"},\"inLanguage\":\"en-GB\",\"potentialAction\":[{\"@type\":\"ReadAction\",\"target\":[\"https:\\\/\\\/www.revistarambla.com\\\/los-ricos-primero\\\/\"]}]},{\"@type\":\"ImageObject\",\"inLanguage\":\"en-GB\",\"@id\":\"https:\\\/\\\/www.revistarambla.com\\\/los-ricos-primero\\\/#primaryimage\",\"url\":\"https:\\\/\\\/www.revistarambla.com\\\/wp-content\\\/uploads\\\/2013\\\/12\\\/Ricos_revRambla_02.jpg\",\"contentUrl\":\"https:\\\/\\\/www.revistarambla.com\\\/wp-content\\\/uploads\\\/2013\\\/12\\\/Ricos_revRambla_02.jpg\",\"width\":700,\"height\":252,\"caption\":\"ricos\"},{\"@type\":\"BreadcrumbList\",\"@id\":\"https:\\\/\\\/www.revistarambla.com\\\/los-ricos-primero\\\/#breadcrumb\",\"itemListElement\":[{\"@type\":\"ListItem\",\"position\":1,\"name\":\"Portada\",\"item\":\"https:\\\/\\\/www.revistarambla.com\\\/\"},{\"@type\":\"ListItem\",\"position\":2,\"name\":\"Los ricos primero\"}]},{\"@type\":\"WebSite\",\"@id\":\"https:\\\/\\\/www.revistarambla.com\\\/#website\",\"url\":\"https:\\\/\\\/www.revistarambla.com\\\/\",\"name\":\"Revista Rambla Barcelona\",\"description\":\"Periodismo independiente\",\"publisher\":{\"@id\":\"https:\\\/\\\/www.revistarambla.com\\\/#organization\"},\"potentialAction\":[{\"@type\":\"SearchAction\",\"target\":{\"@type\":\"EntryPoint\",\"urlTemplate\":\"https:\\\/\\\/www.revistarambla.com\\\/?s={search_term_string}\"},\"query-input\":{\"@type\":\"PropertyValueSpecification\",\"valueRequired\":true,\"valueName\":\"search_term_string\"}}],\"inLanguage\":\"en-GB\"},{\"@type\":\"Organization\",\"@id\":\"https:\\\/\\\/www.revistarambla.com\\\/#organization\",\"name\":\"Revista Rambla\",\"url\":\"https:\\\/\\\/www.revistarambla.com\\\/\",\"logo\":{\"@type\":\"ImageObject\",\"inLanguage\":\"en-GB\",\"@id\":\"https:\\\/\\\/www.revistarambla.com\\\/#\\\/schema\\\/logo\\\/image\\\/\",\"url\":\"https:\\\/\\\/www.revistarambla.com\\\/wp-content\\\/uploads\\\/2020\\\/09\\\/banner_rambla_1900x600_BB.png\",\"contentUrl\":\"https:\\\/\\\/www.revistarambla.com\\\/wp-content\\\/uploads\\\/2020\\\/09\\\/banner_rambla_1900x600_BB.png\",\"width\":1900,\"height\":600,\"caption\":\"Revista Rambla\"},\"image\":{\"@id\":\"https:\\\/\\\/www.revistarambla.com\\\/#\\\/schema\\\/logo\\\/image\\\/\"},\"sameAs\":[\"https:\\\/\\\/www.facebook.com\\\/revistarambla\\\/\",\"https:\\\/\\\/x.com\\\/revistarambla\",\"https:\\\/\\\/www.instagram.com\\\/revista_rambla\",\"https:\\\/\\\/es.linkedin.com\\\/company\\\/revista-rambla\"]},{\"@type\":\"Person\",\"@id\":\"https:\\\/\\\/www.revistarambla.com\\\/#\\\/schema\\\/person\\\/a146a5a2550b94981a75131180e1bd9c\",\"name\":\"R@mbla\",\"description\":\"Este art\u00edculo ha sido redactado y\\\/o validado por el equipo de redacci\u00f3n de Revista Rambla.\",\"sameAs\":[\"https:\\\/\\\/www.revistarambla.com\\\/\",\"https:\\\/\\\/www.facebook.com\\\/revistarambla\",\"https:\\\/\\\/x.com\\\/revistarambla\"]}]}<\/script>\n<!-- \/ Yoast SEO plugin. -->","yoast_head_json":{"title":"Los ricos primero - Revista Rambla","description":"Parece haber llegado un consenso para reducir las normas de buenas maneras a una sola regla: los ricos primero.","robots":{"index":"index","follow":"follow","max-snippet":"max-snippet:-1","max-image-preview":"max-image-preview:large","max-video-preview":"max-video-preview:-1"},"canonical":"https:\/\/www.revistarambla.com\/en\/los-ricos-primero\/","og_locale":"en_GB","og_type":"article","og_title":"Los ricos primero - Revista Rambla","og_description":"Parece haber llegado un consenso para reducir las normas de buenas maneras a una sola regla: los ricos primero.","og_url":"https:\/\/www.revistarambla.com\/en\/los-ricos-primero\/","og_site_name":"Revista Rambla","article_publisher":"https:\/\/www.facebook.com\/revistarambla\/","article_author":"https:\/\/www.facebook.com\/revistarambla","article_published_time":"2013-12-17T16:13:27+00:00","article_modified_time":"2024-04-20T18:24:25+00:00","og_image":[{"width":700,"height":252,"url":"https:\/\/www.revistarambla.com\/wp-content\/uploads\/2013\/12\/Ricos_revRambla_02.jpg","type":"image\/jpeg"}],"author":"R@mbla","twitter_card":"summary_large_image","twitter_creator":"@revistarambla","twitter_site":"@revistarambla","twitter_misc":{"Written by":"R@mbla","Estimated reading time":"3 minutes"},"schema":{"@context":"https:\/\/schema.org","@graph":[{"@type":"Article","@id":"https:\/\/www.revistarambla.com\/los-ricos-primero\/#article","isPartOf":{"@id":"https:\/\/www.revistarambla.com\/los-ricos-primero\/"},"author":{"name":"R@mbla","@id":"https:\/\/www.revistarambla.com\/#\/schema\/person\/a146a5a2550b94981a75131180e1bd9c"},"headline":"Los ricos primero","datePublished":"2013-12-17T16:13:27+00:00","dateModified":"2024-04-20T18:24:25+00:00","mainEntityOfPage":{"@id":"https:\/\/www.revistarambla.com\/los-ricos-primero\/"},"wordCount":599,"commentCount":0,"publisher":{"@id":"https:\/\/www.revistarambla.com\/#organization"},"image":{"@id":"https:\/\/www.revistarambla.com\/los-ricos-primero\/#primaryimage"},"thumbnailUrl":"https:\/\/www.revistarambla.com\/wp-content\/uploads\/2013\/12\/Ricos_revRambla_02.jpg","articleSection":["Opiniones"],"inLanguage":"en-GB","potentialAction":[{"@type":"CommentAction","name":"Comment","target":["https:\/\/www.revistarambla.com\/los-ricos-primero\/#respond"]}]},{"@type":"WebPage","@id":"https:\/\/www.revistarambla.com\/los-ricos-primero\/","url":"https:\/\/www.revistarambla.com\/los-ricos-primero\/","name":"Los ricos primero - Revista Rambla","isPartOf":{"@id":"https:\/\/www.revistarambla.com\/#website"},"primaryImageOfPage":{"@id":"https:\/\/www.revistarambla.com\/los-ricos-primero\/#primaryimage"},"image":{"@id":"https:\/\/www.revistarambla.com\/los-ricos-primero\/#primaryimage"},"thumbnailUrl":"https:\/\/www.revistarambla.com\/wp-content\/uploads\/2013\/12\/Ricos_revRambla_02.jpg","datePublished":"2013-12-17T16:13:27+00:00","dateModified":"2024-04-20T18:24:25+00:00","description":"Parece haber llegado un consenso para reducir las normas de buenas maneras a una sola regla: los ricos primero.","breadcrumb":{"@id":"https:\/\/www.revistarambla.com\/los-ricos-primero\/#breadcrumb"},"inLanguage":"en-GB","potentialAction":[{"@type":"ReadAction","target":["https:\/\/www.revistarambla.com\/los-ricos-primero\/"]}]},{"@type":"ImageObject","inLanguage":"en-GB","@id":"https:\/\/www.revistarambla.com\/los-ricos-primero\/#primaryimage","url":"https:\/\/www.revistarambla.com\/wp-content\/uploads\/2013\/12\/Ricos_revRambla_02.jpg","contentUrl":"https:\/\/www.revistarambla.com\/wp-content\/uploads\/2013\/12\/Ricos_revRambla_02.jpg","width":700,"height":252,"caption":"ricos"},{"@type":"BreadcrumbList","@id":"https:\/\/www.revistarambla.com\/los-ricos-primero\/#breadcrumb","itemListElement":[{"@type":"ListItem","position":1,"name":"Portada","item":"https:\/\/www.revistarambla.com\/"},{"@type":"ListItem","position":2,"name":"Los ricos primero"}]},{"@type":"WebSite","@id":"https:\/\/www.revistarambla.com\/#website","url":"https:\/\/www.revistarambla.com\/","name":"Revista Rambla Barcelona","description":"Periodismo independiente","publisher":{"@id":"https:\/\/www.revistarambla.com\/#organization"},"potentialAction":[{"@type":"SearchAction","target":{"@type":"EntryPoint","urlTemplate":"https:\/\/www.revistarambla.com\/?s={search_term_string}"},"query-input":{"@type":"PropertyValueSpecification","valueRequired":true,"valueName":"search_term_string"}}],"inLanguage":"en-GB"},{"@type":"Organization","@id":"https:\/\/www.revistarambla.com\/#organization","name":"Revista Rambla","url":"https:\/\/www.revistarambla.com\/","logo":{"@type":"ImageObject","inLanguage":"en-GB","@id":"https:\/\/www.revistarambla.com\/#\/schema\/logo\/image\/","url":"https:\/\/www.revistarambla.com\/wp-content\/uploads\/2020\/09\/banner_rambla_1900x600_BB.png","contentUrl":"https:\/\/www.revistarambla.com\/wp-content\/uploads\/2020\/09\/banner_rambla_1900x600_BB.png","width":1900,"height":600,"caption":"Revista Rambla"},"image":{"@id":"https:\/\/www.revistarambla.com\/#\/schema\/logo\/image\/"},"sameAs":["https:\/\/www.facebook.com\/revistarambla\/","https:\/\/x.com\/revistarambla","https:\/\/www.instagram.com\/revista_rambla","https:\/\/es.linkedin.com\/company\/revista-rambla"]},{"@type":"Person","@id":"https:\/\/www.revistarambla.com\/#\/schema\/person\/a146a5a2550b94981a75131180e1bd9c","name":"R@mbla","description":"Este art\u00edculo ha sido redactado y\/o validado por el equipo de redacci\u00f3n de Revista Rambla.","sameAs":["https:\/\/www.revistarambla.com\/","https:\/\/www.facebook.com\/revistarambla","https:\/\/x.com\/revistarambla"]}]}},"_links":{"self":[{"href":"https:\/\/www.revistarambla.com\/en\/wp-json\/wp\/v2\/posts\/4473","targetHints":{"allow":["GET"]}}],"collection":[{"href":"https:\/\/www.revistarambla.com\/en\/wp-json\/wp\/v2\/posts"}],"about":[{"href":"https:\/\/www.revistarambla.com\/en\/wp-json\/wp\/v2\/types\/post"}],"author":[{"embeddable":true,"href":"https:\/\/www.revistarambla.com\/en\/wp-json\/wp\/v2\/users\/3"}],"replies":[{"embeddable":true,"href":"https:\/\/www.revistarambla.com\/en\/wp-json\/wp\/v2\/comments?post=4473"}],"version-history":[{"count":2,"href":"https:\/\/www.revistarambla.com\/en\/wp-json\/wp\/v2\/posts\/4473\/revisions"}],"predecessor-version":[{"id":59518,"href":"https:\/\/www.revistarambla.com\/en\/wp-json\/wp\/v2\/posts\/4473\/revisions\/59518"}],"wp:featuredmedia":[{"embeddable":true,"href":"https:\/\/www.revistarambla.com\/en\/wp-json\/wp\/v2\/media\/4472"}],"wp:attachment":[{"href":"https:\/\/www.revistarambla.com\/en\/wp-json\/wp\/v2\/media?parent=4473"}],"wp:term":[{"taxonomy":"category","embeddable":true,"href":"https:\/\/www.revistarambla.com\/en\/wp-json\/wp\/v2\/categories?post=4473"},{"taxonomy":"post_tag","embeddable":true,"href":"https:\/\/www.revistarambla.com\/en\/wp-json\/wp\/v2\/tags?post=4473"}],"curies":[{"name":"wp","href":"https:\/\/api.w.org\/{rel}","templated":true}]}}