{"id":44645,"date":"2022-07-25T11:57:17","date_gmt":"2022-07-25T09:57:17","guid":{"rendered":"https:\/\/www.revistarambla.com\/?p=44645"},"modified":"2022-11-17T12:42:39","modified_gmt":"2022-11-17T11:42:39","slug":"el-calor-mata-el-capitalismo-es-quien-aprieta-el-gatillo","status":"publish","type":"post","link":"https:\/\/www.revistarambla.com\/en\/el-calor-mata-el-capitalismo-es-quien-aprieta-el-gatillo\/","title":{"rendered":"\u00a1El calor mata, el capitalismo es quien aprieta el gatillo!"},"content":{"rendered":"<p>En los \u00faltimos d\u00edas, nos hemos despertado con terribles noticias en los medios de comunicaci\u00f3n sobre el fallecimiento de varias personas mientras ejerc\u00edan su trabajo. Murieron al sufrir golpes de calor por estar expuestas a temperaturas extremas, sin las medidas de protecci\u00f3n adecuadas, porque prevaleci\u00f3 la avaricia capitalista sobre su vida. Personas que dejan familias, amistades, proyectos&#8230;<\/p>\n<p>La patronal sigue basando sus beneficios en la explotaci\u00f3n y la precariedad, las v\u00edctimas, como no, seguimos siendo la clase trabajadora. Cuando a las personas barrenderas, carteras, personal del Bicing, paletas y un amplio etc., se les obliga a trabajar a m\u00e1s de 40 grados, sin sombra y sin medidas adecuadas de protecci\u00f3n, incluidos los descansos, la hidrataci\u00f3n, la adecuaci\u00f3n de los horarios&#8230; sin unos protocolos adecuados, es inhumano. Ante un hecho tan claro en el que de nuevo las empresas est\u00e1n anteponiendo sus intereses econ\u00f3micos y sus beneficios a la vida de las personas trabajadoras, los diferentes gobiernos no pueden tender de nuevo la mano a la patronal y al capital, dejando de lado a la clase trabajadora en un aspecto tan grave como este, porque nos matan.<\/p>\n<p>Desde la CGT de Barcelona decimos basta, no puede ser que la avaricia de unos pocos est\u00e9 por encima de la vida de la clase obrera. Por ello, pedimos protocolos claros, concisos y la adecuaci\u00f3n de la legislaci\u00f3n en esta materia para evitar futuros asesinatos laborales. As\u00ed mismo, exigimos a la Inspecci\u00f3n de Trabajo que se dote de medios para que las empresas cumplan con sus obligaciones. Los beneficios de las empresas no pueden ser a costa de la vida de la clase trabajadora.<\/p>\n<p style=\"text-align: center;\">\u00a1QUE SUS ARCAS NO LLENEN NUESTROS ATA\u00daDES!<\/p>\n<p style=\"text-align: center;\">\u00a1TRABAJAR SIN PROTOCOLOS ADECUADOS ES INHUMANO!<\/p>\n<p style=\"text-align: center;\">\u00a1VIVA LA LUCHA DE LA CLASE OBRERA!<\/p>\n<h5>Nota: La CGT Barcelona se concentra ante la Inspecci\u00f3n de Trabajo el d\u00eda martes 26 de julio a las 10:30 horas.<\/h5>","protected":false},"excerpt":{"rendered":"<p>La patronal sigue basando sus beneficios en la explotaci\u00f3n y la precariedad, las v\u00edctimas, como no, seguimos siendo la clase trabajadora.<\/p>","protected":false},"author":327,"featured_media":41432,"comment_status":"closed","ping_status":"open","sticky":false,"template":"","format":"standard","meta":{"footnotes":""},"categories":[72],"tags":[],"class_list":["post-44645","post","type-post","status-publish","format-standard","has-post-thumbnail","hentry","category-opinion"],"yoast_head":"<!-- This site is optimized with the Yoast SEO plugin v27.5 - https:\/\/yoast.com\/product\/yoast-seo-wordpress\/ -->\n<title>\u00a1El calor mata, el capitalismo es quien aprieta el gatillo! - Revista Rambla<\/title>\n<meta name=\"robots\" content=\"index, follow, max-snippet:-1, max-image-preview:large, max-video-preview:-1\" \/>\n<link rel=\"canonical\" href=\"https:\/\/www.revistarambla.com\/en\/el-calor-mata-el-capitalismo-es-quien-aprieta-el-gatillo\/\" \/>\n<meta property=\"og:locale\" content=\"en_GB\" \/>\n<meta property=\"og:type\" content=\"article\" \/>\n<meta property=\"og:title\" content=\"\u00a1El calor mata, el capitalismo es quien aprieta el gatillo! - Revista Rambla\" \/>\n<meta property=\"og:description\" content=\"La patronal sigue basando sus beneficios en la explotaci\u00f3n y la precariedad, las v\u00edctimas, como no, seguimos siendo la clase trabajadora.\" \/>\n<meta property=\"og:url\" content=\"https:\/\/www.revistarambla.com\/en\/el-calor-mata-el-capitalismo-es-quien-aprieta-el-gatillo\/\" \/>\n<meta property=\"og:site_name\" content=\"Revista Rambla\" \/>\n<meta property=\"article:publisher\" content=\"https:\/\/www.facebook.com\/revistarambla\/\" \/>\n<meta property=\"article:author\" content=\"https:\/\/www.facebook.com\/barcelona.cgt\" \/>\n<meta property=\"article:published_time\" content=\"2022-07-25T09:57:17+00:00\" \/>\n<meta property=\"article:modified_time\" content=\"2022-11-17T11:42:39+00:00\" \/>\n<meta property=\"og:image\" content=\"https:\/\/www.revistarambla.com\/wp-content\/uploads\/2022\/04\/limpieza-residuos-barcelona-huelga.jpg\" \/>\n\t<meta property=\"og:image:width\" content=\"767\" \/>\n\t<meta property=\"og:image:height\" content=\"767\" \/>\n\t<meta property=\"og:image:type\" content=\"image\/jpeg\" \/>\n<meta name=\"author\" content=\"CGT Barcelona\" \/>\n<meta name=\"twitter:card\" content=\"summary_large_image\" \/>\n<meta name=\"twitter:creator\" content=\"@CGTBarcelona\" \/>\n<meta name=\"twitter:site\" content=\"@revistarambla\" \/>\n<meta name=\"twitter:label1\" content=\"Written by\" \/>\n\t<meta name=\"twitter:data1\" content=\"CGT Barcelona\" \/>\n\t<meta name=\"twitter:label2\" content=\"Estimated reading time\" \/>\n\t<meta name=\"twitter:data2\" content=\"2 minutes\" \/>\n<script type=\"application\/ld+json\" class=\"yoast-schema-graph\">{\"@context\":\"https:\\\/\\\/schema.org\",\"@graph\":[{\"@type\":\"Article\",\"@id\":\"https:\\\/\\\/www.revistarambla.com\\\/el-calor-mata-el-capitalismo-es-quien-aprieta-el-gatillo\\\/#article\",\"isPartOf\":{\"@id\":\"https:\\\/\\\/www.revistarambla.com\\\/el-calor-mata-el-capitalismo-es-quien-aprieta-el-gatillo\\\/\"},\"author\":{\"name\":\"CGT Barcelona\",\"@id\":\"https:\\\/\\\/www.revistarambla.com\\\/#\\\/schema\\\/person\\\/50127bec5551cbc1206e826637f48e65\"},\"headline\":\"\u00a1El calor mata, el capitalismo es quien aprieta el gatillo!\",\"datePublished\":\"2022-07-25T09:57:17+00:00\",\"dateModified\":\"2022-11-17T11:42:39+00:00\",\"mainEntityOfPage\":{\"@id\":\"https:\\\/\\\/www.revistarambla.com\\\/el-calor-mata-el-capitalismo-es-quien-aprieta-el-gatillo\\\/\"},\"wordCount\":336,\"publisher\":{\"@id\":\"https:\\\/\\\/www.revistarambla.com\\\/#organization\"},\"image\":{\"@id\":\"https:\\\/\\\/www.revistarambla.com\\\/el-calor-mata-el-capitalismo-es-quien-aprieta-el-gatillo\\\/#primaryimage\"},\"thumbnailUrl\":\"https:\\\/\\\/www.revistarambla.com\\\/wp-content\\\/uploads\\\/2022\\\/04\\\/limpieza-residuos-barcelona-huelga.jpg\",\"articleSection\":[\"Opiniones\"],\"inLanguage\":\"en-GB\"},{\"@type\":\"WebPage\",\"@id\":\"https:\\\/\\\/www.revistarambla.com\\\/el-calor-mata-el-capitalismo-es-quien-aprieta-el-gatillo\\\/\",\"url\":\"https:\\\/\\\/www.revistarambla.com\\\/el-calor-mata-el-capitalismo-es-quien-aprieta-el-gatillo\\\/\",\"name\":\"\u00a1El calor mata, el capitalismo es quien aprieta el gatillo! - Revista Rambla\",\"isPartOf\":{\"@id\":\"https:\\\/\\\/www.revistarambla.com\\\/#website\"},\"primaryImageOfPage\":{\"@id\":\"https:\\\/\\\/www.revistarambla.com\\\/el-calor-mata-el-capitalismo-es-quien-aprieta-el-gatillo\\\/#primaryimage\"},\"image\":{\"@id\":\"https:\\\/\\\/www.revistarambla.com\\\/el-calor-mata-el-capitalismo-es-quien-aprieta-el-gatillo\\\/#primaryimage\"},\"thumbnailUrl\":\"https:\\\/\\\/www.revistarambla.com\\\/wp-content\\\/uploads\\\/2022\\\/04\\\/limpieza-residuos-barcelona-huelga.jpg\",\"datePublished\":\"2022-07-25T09:57:17+00:00\",\"dateModified\":\"2022-11-17T11:42:39+00:00\",\"breadcrumb\":{\"@id\":\"https:\\\/\\\/www.revistarambla.com\\\/el-calor-mata-el-capitalismo-es-quien-aprieta-el-gatillo\\\/#breadcrumb\"},\"inLanguage\":\"en-GB\",\"potentialAction\":[{\"@type\":\"ReadAction\",\"target\":[\"https:\\\/\\\/www.revistarambla.com\\\/el-calor-mata-el-capitalismo-es-quien-aprieta-el-gatillo\\\/\"]}]},{\"@type\":\"ImageObject\",\"inLanguage\":\"en-GB\",\"@id\":\"https:\\\/\\\/www.revistarambla.com\\\/el-calor-mata-el-capitalismo-es-quien-aprieta-el-gatillo\\\/#primaryimage\",\"url\":\"https:\\\/\\\/www.revistarambla.com\\\/wp-content\\\/uploads\\\/2022\\\/04\\\/limpieza-residuos-barcelona-huelga.jpg\",\"contentUrl\":\"https:\\\/\\\/www.revistarambla.com\\\/wp-content\\\/uploads\\\/2022\\\/04\\\/limpieza-residuos-barcelona-huelga.jpg\",\"width\":767,\"height\":767},{\"@type\":\"BreadcrumbList\",\"@id\":\"https:\\\/\\\/www.revistarambla.com\\\/el-calor-mata-el-capitalismo-es-quien-aprieta-el-gatillo\\\/#breadcrumb\",\"itemListElement\":[{\"@type\":\"ListItem\",\"position\":1,\"name\":\"Portada\",\"item\":\"https:\\\/\\\/www.revistarambla.com\\\/\"},{\"@type\":\"ListItem\",\"position\":2,\"name\":\"\u00a1El calor mata, el capitalismo es quien aprieta el gatillo!\"}]},{\"@type\":\"WebSite\",\"@id\":\"https:\\\/\\\/www.revistarambla.com\\\/#website\",\"url\":\"https:\\\/\\\/www.revistarambla.com\\\/\",\"name\":\"Revista Rambla Barcelona\",\"description\":\"Periodismo independiente\",\"publisher\":{\"@id\":\"https:\\\/\\\/www.revistarambla.com\\\/#organization\"},\"potentialAction\":[{\"@type\":\"SearchAction\",\"target\":{\"@type\":\"EntryPoint\",\"urlTemplate\":\"https:\\\/\\\/www.revistarambla.com\\\/?s={search_term_string}\"},\"query-input\":{\"@type\":\"PropertyValueSpecification\",\"valueRequired\":true,\"valueName\":\"search_term_string\"}}],\"inLanguage\":\"en-GB\"},{\"@type\":\"Organization\",\"@id\":\"https:\\\/\\\/www.revistarambla.com\\\/#organization\",\"name\":\"Revista Rambla\",\"url\":\"https:\\\/\\\/www.revistarambla.com\\\/\",\"logo\":{\"@type\":\"ImageObject\",\"inLanguage\":\"en-GB\",\"@id\":\"https:\\\/\\\/www.revistarambla.com\\\/#\\\/schema\\\/logo\\\/image\\\/\",\"url\":\"https:\\\/\\\/www.revistarambla.com\\\/wp-content\\\/uploads\\\/2020\\\/09\\\/banner_rambla_1900x600_BB.png\",\"contentUrl\":\"https:\\\/\\\/www.revistarambla.com\\\/wp-content\\\/uploads\\\/2020\\\/09\\\/banner_rambla_1900x600_BB.png\",\"width\":1900,\"height\":600,\"caption\":\"Revista Rambla\"},\"image\":{\"@id\":\"https:\\\/\\\/www.revistarambla.com\\\/#\\\/schema\\\/logo\\\/image\\\/\"},\"sameAs\":[\"https:\\\/\\\/www.facebook.com\\\/revistarambla\\\/\",\"https:\\\/\\\/x.com\\\/revistarambla\",\"https:\\\/\\\/www.instagram.com\\\/revista_rambla\",\"https:\\\/\\\/es.linkedin.com\\\/company\\\/revista-rambla\"]},{\"@type\":\"Person\",\"@id\":\"https:\\\/\\\/www.revistarambla.com\\\/#\\\/schema\\\/person\\\/50127bec5551cbc1206e826637f48e65\",\"name\":\"CGT Barcelona\",\"description\":\"Federaci\u00f3n Local de Sindicatos de Barcelona. Organizaci\u00f3n anarcosindicalista: de clase, aut\u00f3noma, autogestionaria, federalista, internacionalista y libertaria.\",\"sameAs\":[\"https:\\\/\\\/www.cgtbarcelona.org\\\/\",\"https:\\\/\\\/www.facebook.com\\\/barcelona.cgt\",\"https:\\\/\\\/www.instagram.com\\\/cgtbarcelona\\\/\",\"https:\\\/\\\/x.com\\\/CGTBarcelona\"]}]}<\/script>\n<!-- \/ Yoast SEO plugin. -->","yoast_head_json":{"title":"\u00a1El calor mata, el capitalismo es quien aprieta el gatillo! - Revista Rambla","robots":{"index":"index","follow":"follow","max-snippet":"max-snippet:-1","max-image-preview":"max-image-preview:large","max-video-preview":"max-video-preview:-1"},"canonical":"https:\/\/www.revistarambla.com\/en\/el-calor-mata-el-capitalismo-es-quien-aprieta-el-gatillo\/","og_locale":"en_GB","og_type":"article","og_title":"\u00a1El calor mata, el capitalismo es quien aprieta el gatillo! - Revista Rambla","og_description":"La patronal sigue basando sus beneficios en la explotaci\u00f3n y la precariedad, las v\u00edctimas, como no, seguimos siendo la clase trabajadora.","og_url":"https:\/\/www.revistarambla.com\/en\/el-calor-mata-el-capitalismo-es-quien-aprieta-el-gatillo\/","og_site_name":"Revista Rambla","article_publisher":"https:\/\/www.facebook.com\/revistarambla\/","article_author":"https:\/\/www.facebook.com\/barcelona.cgt","article_published_time":"2022-07-25T09:57:17+00:00","article_modified_time":"2022-11-17T11:42:39+00:00","og_image":[{"width":767,"height":767,"url":"https:\/\/www.revistarambla.com\/wp-content\/uploads\/2022\/04\/limpieza-residuos-barcelona-huelga.jpg","type":"image\/jpeg"}],"author":"CGT Barcelona","twitter_card":"summary_large_image","twitter_creator":"@CGTBarcelona","twitter_site":"@revistarambla","twitter_misc":{"Written by":"CGT Barcelona","Estimated reading time":"2 minutes"},"schema":{"@context":"https:\/\/schema.org","@graph":[{"@type":"Article","@id":"https:\/\/www.revistarambla.com\/el-calor-mata-el-capitalismo-es-quien-aprieta-el-gatillo\/#article","isPartOf":{"@id":"https:\/\/www.revistarambla.com\/el-calor-mata-el-capitalismo-es-quien-aprieta-el-gatillo\/"},"author":{"name":"CGT Barcelona","@id":"https:\/\/www.revistarambla.com\/#\/schema\/person\/50127bec5551cbc1206e826637f48e65"},"headline":"\u00a1El calor mata, el capitalismo es quien aprieta el gatillo!","datePublished":"2022-07-25T09:57:17+00:00","dateModified":"2022-11-17T11:42:39+00:00","mainEntityOfPage":{"@id":"https:\/\/www.revistarambla.com\/el-calor-mata-el-capitalismo-es-quien-aprieta-el-gatillo\/"},"wordCount":336,"publisher":{"@id":"https:\/\/www.revistarambla.com\/#organization"},"image":{"@id":"https:\/\/www.revistarambla.com\/el-calor-mata-el-capitalismo-es-quien-aprieta-el-gatillo\/#primaryimage"},"thumbnailUrl":"https:\/\/www.revistarambla.com\/wp-content\/uploads\/2022\/04\/limpieza-residuos-barcelona-huelga.jpg","articleSection":["Opiniones"],"inLanguage":"en-GB"},{"@type":"WebPage","@id":"https:\/\/www.revistarambla.com\/el-calor-mata-el-capitalismo-es-quien-aprieta-el-gatillo\/","url":"https:\/\/www.revistarambla.com\/el-calor-mata-el-capitalismo-es-quien-aprieta-el-gatillo\/","name":"\u00a1El calor mata, el capitalismo es quien aprieta el gatillo! - Revista Rambla","isPartOf":{"@id":"https:\/\/www.revistarambla.com\/#website"},"primaryImageOfPage":{"@id":"https:\/\/www.revistarambla.com\/el-calor-mata-el-capitalismo-es-quien-aprieta-el-gatillo\/#primaryimage"},"image":{"@id":"https:\/\/www.revistarambla.com\/el-calor-mata-el-capitalismo-es-quien-aprieta-el-gatillo\/#primaryimage"},"thumbnailUrl":"https:\/\/www.revistarambla.com\/wp-content\/uploads\/2022\/04\/limpieza-residuos-barcelona-huelga.jpg","datePublished":"2022-07-25T09:57:17+00:00","dateModified":"2022-11-17T11:42:39+00:00","breadcrumb":{"@id":"https:\/\/www.revistarambla.com\/el-calor-mata-el-capitalismo-es-quien-aprieta-el-gatillo\/#breadcrumb"},"inLanguage":"en-GB","potentialAction":[{"@type":"ReadAction","target":["https:\/\/www.revistarambla.com\/el-calor-mata-el-capitalismo-es-quien-aprieta-el-gatillo\/"]}]},{"@type":"ImageObject","inLanguage":"en-GB","@id":"https:\/\/www.revistarambla.com\/el-calor-mata-el-capitalismo-es-quien-aprieta-el-gatillo\/#primaryimage","url":"https:\/\/www.revistarambla.com\/wp-content\/uploads\/2022\/04\/limpieza-residuos-barcelona-huelga.jpg","contentUrl":"https:\/\/www.revistarambla.com\/wp-content\/uploads\/2022\/04\/limpieza-residuos-barcelona-huelga.jpg","width":767,"height":767},{"@type":"BreadcrumbList","@id":"https:\/\/www.revistarambla.com\/el-calor-mata-el-capitalismo-es-quien-aprieta-el-gatillo\/#breadcrumb","itemListElement":[{"@type":"ListItem","position":1,"name":"Portada","item":"https:\/\/www.revistarambla.com\/"},{"@type":"ListItem","position":2,"name":"\u00a1El calor mata, el capitalismo es quien aprieta el gatillo!"}]},{"@type":"WebSite","@id":"https:\/\/www.revistarambla.com\/#website","url":"https:\/\/www.revistarambla.com\/","name":"Revista Rambla Barcelona","description":"Periodismo independiente","publisher":{"@id":"https:\/\/www.revistarambla.com\/#organization"},"potentialAction":[{"@type":"SearchAction","target":{"@type":"EntryPoint","urlTemplate":"https:\/\/www.revistarambla.com\/?s={search_term_string}"},"query-input":{"@type":"PropertyValueSpecification","valueRequired":true,"valueName":"search_term_string"}}],"inLanguage":"en-GB"},{"@type":"Organization","@id":"https:\/\/www.revistarambla.com\/#organization","name":"Revista Rambla","url":"https:\/\/www.revistarambla.com\/","logo":{"@type":"ImageObject","inLanguage":"en-GB","@id":"https:\/\/www.revistarambla.com\/#\/schema\/logo\/image\/","url":"https:\/\/www.revistarambla.com\/wp-content\/uploads\/2020\/09\/banner_rambla_1900x600_BB.png","contentUrl":"https:\/\/www.revistarambla.com\/wp-content\/uploads\/2020\/09\/banner_rambla_1900x600_BB.png","width":1900,"height":600,"caption":"Revista Rambla"},"image":{"@id":"https:\/\/www.revistarambla.com\/#\/schema\/logo\/image\/"},"sameAs":["https:\/\/www.facebook.com\/revistarambla\/","https:\/\/x.com\/revistarambla","https:\/\/www.instagram.com\/revista_rambla","https:\/\/es.linkedin.com\/company\/revista-rambla"]},{"@type":"Person","@id":"https:\/\/www.revistarambla.com\/#\/schema\/person\/50127bec5551cbc1206e826637f48e65","name":"CGT Barcelona","description":"Federaci\u00f3n Local de Sindicatos de Barcelona. Organizaci\u00f3n anarcosindicalista: de clase, aut\u00f3noma, autogestionaria, federalista, internacionalista y libertaria.","sameAs":["https:\/\/www.cgtbarcelona.org\/","https:\/\/www.facebook.com\/barcelona.cgt","https:\/\/www.instagram.com\/cgtbarcelona\/","https:\/\/x.com\/CGTBarcelona"]}]}},"_links":{"self":[{"href":"https:\/\/www.revistarambla.com\/en\/wp-json\/wp\/v2\/posts\/44645","targetHints":{"allow":["GET"]}}],"collection":[{"href":"https:\/\/www.revistarambla.com\/en\/wp-json\/wp\/v2\/posts"}],"about":[{"href":"https:\/\/www.revistarambla.com\/en\/wp-json\/wp\/v2\/types\/post"}],"author":[{"embeddable":true,"href":"https:\/\/www.revistarambla.com\/en\/wp-json\/wp\/v2\/users\/327"}],"replies":[{"embeddable":true,"href":"https:\/\/www.revistarambla.com\/en\/wp-json\/wp\/v2\/comments?post=44645"}],"version-history":[{"count":1,"href":"https:\/\/www.revistarambla.com\/en\/wp-json\/wp\/v2\/posts\/44645\/revisions"}],"predecessor-version":[{"id":44646,"href":"https:\/\/www.revistarambla.com\/en\/wp-json\/wp\/v2\/posts\/44645\/revisions\/44646"}],"wp:featuredmedia":[{"embeddable":true,"href":"https:\/\/www.revistarambla.com\/en\/wp-json\/wp\/v2\/media\/41432"}],"wp:attachment":[{"href":"https:\/\/www.revistarambla.com\/en\/wp-json\/wp\/v2\/media?parent=44645"}],"wp:term":[{"taxonomy":"category","embeddable":true,"href":"https:\/\/www.revistarambla.com\/en\/wp-json\/wp\/v2\/categories?post=44645"},{"taxonomy":"post_tag","embeddable":true,"href":"https:\/\/www.revistarambla.com\/en\/wp-json\/wp\/v2\/tags?post=44645"}],"curies":[{"name":"wp","href":"https:\/\/api.w.org\/{rel}","templated":true}]}}