{"id":44637,"date":"2022-07-25T11:10:27","date_gmt":"2022-07-25T09:10:27","guid":{"rendered":"https:\/\/www.revistarambla.com\/?p=44637"},"modified":"2022-07-25T11:10:27","modified_gmt":"2022-07-25T09:10:27","slug":"como-erradicar-las-causas-de-la-violencia-contra-las-mujeres","status":"publish","type":"post","link":"https:\/\/www.revistarambla.com\/en\/como-erradicar-las-causas-de-la-violencia-contra-las-mujeres\/","title":{"rendered":"\u00bfC\u00f3mo erradicar las Causas de la violencia contra las mujeres?"},"content":{"rendered":"<p style=\"text-align: left;\" align=\"JUSTIFY\"><span lang=\"es-PE\">En un art\u00edculo anterior, reflexionaba sobre la gravedad del problema de la violencia contra las mujeres en el Per\u00fa y la necesidad de una toma de conciencia en todos los niveles (funcionarios p\u00fablicos, operadores de justicia, ciudadan\u00eda) para acabar de una vez por todas con este flagelo social.<\/span><\/p>\n<p style=\"text-align: left;\" align=\"JUSTIFY\"><span lang=\"es-PE\">Y reitero mi preocupaci\u00f3n, porque a pesar de las diversas y permanentes campa\u00f1as en contra de la violencia contra la mujer y el feminicidio, el problema persiste y es uno de los m\u00e1s graves en nuestra sociedad actual, junto con la corrupci\u00f3n de funcionarios, la delincuencia, el crimen organizado y la violencia familiar.<\/span><\/p>\n<p style=\"text-align: left;\" align=\"JUSTIFY\"><span lang=\"es-PE\">Si no somos capaces de buscar una soluci\u00f3n es que estamos en camino hacia una deshumanizaci\u00f3n total de la sociedad. Es clave, adem\u00e1s, que se trabaje en todos los niveles educativos, desde inicial, primaria, secundaria y superior, y esto solo como una parte de la estrategia.<\/span><\/p>\n<p style=\"text-align: left;\" align=\"JUSTIFY\"><span lang=\"es-PE\">En este art\u00edculo cito plenamente a documentos publicados por el Ministerio de la Mujer y Poblaciones Vulnerables (<a href=\"https:\/\/www.mimp.gob.pe\/\">https:\/\/www.mimp.gob.pe<\/a>), el Observatorio contra la Violencia (<a href=\"https:\/\/observatorioviolencia.pe\/\">https:\/\/observatorioviolencia.pe<\/a>), ONU Mujer entre otros art\u00edculos acad\u00e9micos donde hay una serie de conceptos fundamentales y precisiones para comprender que estamos ante un grav\u00edsimo problema social de alcances que van hacia el \u00e1mbito judicial, penal y criminal\u00edstico, especialmente en el caso de los feminicidios.<\/span><\/p>\n<p style=\"text-align: left;\" align=\"JUSTIFY\"><span lang=\"es-PE\">Hay diversas formas de violencia contra las mujeres: violencia f\u00edsica y psicol\u00f3gica contra la mujer en la relaci\u00f3n de pareja, feminicidio, violencia sexual, violencia en el trabajo, acoso sexual en espacios p\u00fablicos (incluso en espacios acad\u00e9micos) y trata de personas. \u00bfCu\u00e1les son las causas de la violencia contra las mujeres? La respuesta es compleja desde los campos de la sociolog\u00eda, psicolog\u00eda, criminal\u00edstica o derecho penal.<\/span><\/p>\n<p style=\"text-align: left;\" align=\"JUSTIFY\"><span lang=\"es-PE\">El Centro virtual de Conocimiento para poner Fin a la Violencia contra las Mujeres y las Ni\u00f1as &#8211; ONU Mujeres se\u00f1ala que \u201cla inequidad de g\u00e9nero y la discriminaci\u00f3n<\/span><span lang=\"es-PE\">\u00a0<\/span><span lang=\"es-PE\">son las causas\u00a0ra\u00edces\u00a0de la violencia contra la mujer, la cual est\u00e1 influenciada por desequilibrios hist\u00f3ricos y estructurales de poder entre mujeres y hombres existentes en variados grados a lo largo de todas las comunidades en el mundo\u201d.<\/span><\/p>\n<p style=\"text-align: left;\" align=\"JUSTIFY\"><span lang=\"es-PE\">En el estudio \u201cCausas, factores de riesgo y de protecci\u00f3n\u201d (<a href=\"https:\/\/tinyurl.com\/bdzm6kat\">https:\/\/tinyurl.com\/bdzm6kat<\/a>) explica: \u201cLa violencia contra la mujer y las ni\u00f1as est\u00e1 relacionada tanto a su falta de poder y control como a las normas sociales que prescriben los roles de hombres y mujeres en la sociedad y consienten el abuso. Las inequidades entre los hombres y las mujeres trascienden las esferas p\u00fablicas y privadas de la vida; trascienden los derechos sociales, econ\u00f3micos, culturales y pol\u00edticos; y se manifiestan en restricciones y limitaciones de libertades, opciones y oportunidades de las mujeres. Estas inequidades pueden aumentar los riesgos de que mujeres y ni\u00f1as sufran abuso, relaciones violentas y explotaci\u00f3n, debido a la dependencia econ\u00f3mica, limitadas formas de sobrevivencia y opciones de obtener ingresos, o por la discriminaci\u00f3n ante la ley en cuanto se relacione a temas de matrimonio, divorcio y derechos de custodia de menores\u201d. <\/span><\/p>\n<p style=\"text-align: left;\" align=\"JUSTIFY\"><span lang=\"es-PE\">La violencia contra las mujeres y ni\u00f1as no solo es una consecuencia de la inequidad de g\u00e9nero, sino que refuerza la baja posici\u00f3n de las mujeres en la sociedad y las m\u00faltiples disparidades existentes entre mujeres y hombres (Asamblea General de las Naciones Unidas, 2006).<\/span><\/p>\n<p style=\"text-align: left;\" align=\"JUSTIFY\"><span lang=\"es-PE\">Otra de las formas recurrentes de violencia, es el acoso sexual y la violaci\u00f3n, donde las v\u00edctimas son inclusive menores de edad, hecho que es un agravante.<\/span><\/p>\n<p style=\"text-align: left;\" align=\"JUSTIFY\"><span lang=\"es-ES\">Cristina Cuencas Piqueras afirma que el acoso sexual es\u00a0<\/span><span lang=\"es-ES\">\u201ccualquier comportamiento,<\/span><span lang=\"es-ES\">\u00a0<\/span><span lang=\"es-ES\">verbal o f\u00edsico, de naturaleza sexual que tenga el prop\u00f3sito o produzca el efecto de atentar contra la dignidad de<\/span><span lang=\"es-ES\">\u00a0<\/span><span lang=\"es-ES\">una persona, en particular cuando se crea un entorno intimidatorio, degradante u ofensivo\u201d<\/span><span lang=\"es-ES\">. (<a href=\"https:\/\/tinyurl.com\/4erab9pd\">https:\/\/tinyurl.com\/4erab9pd<\/a>)<\/span><\/p>\n<p style=\"text-align: left;\" align=\"JUSTIFY\"><span lang=\"es-ES\">Una definici\u00f3n m\u00e1s pormenorizada la aporta el <\/span><span lang=\"es-ES\">U.S. Department of Education Office for Civil Rights<\/span><span lang=\"es-ES\"> que detalla que el acoso sexual puede consistir en conductas como tocamientos de naturaleza sexual, comentarios, bromas o gestos sexuales, exhibici\u00f3n de fotograf\u00edas, grafitis o ilustraciones sexualmente expl\u00edcitas, llamar a los estudiantes por un nombre con connotaciones sexuales, difundir rumores sexuales, enviar, mostrar o crear e-mails o websites de naturaleza sexual, entre otros.<\/span><\/p>\n<p style=\"text-align: left;\" align=\"JUSTIFY\"><span lang=\"es-PE\">Actualmente, hay un incremento de casos de\u00a0ciberacoso sexual, es decir \u201cla persecuci\u00f3n continuada e intrusiva hacia una persona, a fin de establecer un contacto personal contra su voluntad. En esta forma de acoso, el victimario utilizar\u00e1 los medios tecnol\u00f3gicos para atacar, humillar, difamar, chantajear de manera persistente con la intenci\u00f3n de herir, humillar y doblegar a la v\u00edctima. El ciberacosador puede ser un desconocido o una persona conocida (la situaci\u00f3n m\u00e1s habitual es que suceda despu\u00e9s de una ruptura sentimental)\u00bb, sostiene <\/span><span lang=\"es-ES\">Cristina Cuencas<\/span><span lang=\"es-PE\">.<\/span><\/p>\n<p style=\"text-align: left;\" align=\"JUSTIFY\"><span lang=\"es-PE\">Como ejemplos concretos de ciberacoso sexual puede se\u00f1alarse cuando la v\u00edctima encuentra en su\u00a0<\/span><span lang=\"es-PE\">Facebook<\/span><span lang=\"es-PE\">\u00a0de forma reiterada im\u00e1genes que etiqueta el acosador, mensajes constantes por los distintos medios electr\u00f3nicos disponibles, llamadas telef\u00f3nicas o whatsapps insistentes. En estos supuestos, el agresor asedia a la v\u00edctima utilizando la tecnolog\u00eda.<\/span><\/p>\n<p style=\"text-align: left;\" align=\"JUSTIFY\"><span lang=\"es-PE\">Al respecto, Esther Agel\u00e1n Casasnovas ha publicado un estudio titulado \u201cCiberacoso y transmisi\u00f3n de im\u00e1genes no consentidas (Sexting). Nuevas conductas de violencia contra las mujeres\u201d (ver:\u00a0<a href=\"https:\/\/tinyurl.com\/43rztsj2\">https:\/\/tinyurl.com\/43rztsj2<\/a>) donde explica que \u201cel ciberacoso sexual se puede llevar a cabo mediante: el env\u00edo de\u00a0mensajes, fotograf\u00edas o videos de car\u00e1cter sexual;\u00a0la publicaci\u00f3n de fotos, videos o rumores para deshonrar la reputaci\u00f3n de la v\u00edctima; el env\u00edo de im\u00e1genes, videos o comentarios a personas del entorno de la v\u00edctima para denigrarla y el env\u00edo repetido de amenazas sobre alg\u00fan tipo de da\u00f1o o de muerte\u201d.<\/span><\/p>\n<p style=\"text-align: left;\" align=\"JUSTIFY\"><span lang=\"es-PE\">El ciberacosador pretender\u00e1 con estas acciones coaccionar a la v\u00edctima para que acceda a sus pretensiones.<\/span><span lang=\"es-PE\">\u00a0<\/span><span lang=\"es-PE\">El fin del ciberacosador puede ser: el\u00a0abuso sexual de la v\u00edctima; explotaci\u00f3n pornogr\u00e1fica para uso privado; explotaci\u00f3n pornogr\u00e1fica de las im\u00e1genes o videos para redes ped\u00f3filas y comerciar con ese material, extorsi\u00f3n econ\u00f3mica o cualquier otro tipo de coacci\u00f3n.<\/span><\/p>\n<p style=\"text-align: left;\" align=\"JUSTIFY\"><span lang=\"es-PE\">La diferencia entre el ciberacoso sexual y el\u00a0\u201cgrooming\u201d\u00a0es que en este \u00faltimo la v\u00edctima siempre es un menor. Es decir, mientras que en el \u201cgrooming\u201d un adulto (ped\u00f3filo o pederasta) acosa sexualmente a un menor, el ciberacoso sexual ocurre entre adultos.\u00a0Tampoco se debe confundir el ciberacoso con el\u00a0<\/span><span lang=\"es-PE\">sexting<\/span><span lang=\"es-PE\">, que consiste en compartir im\u00e1genes er\u00f3ticas de forma voluntaria.<\/span><\/p>\n<p style=\"text-align: left;\" align=\"JUSTIFY\"><span lang=\"es-PE\">Citando nuevamente a Esther Agel\u00e1n, se\u00f1ala que \u201cuna de las repercusiones m\u00e1s preocupantes del\u00a0<\/span><span lang=\"es-PE\">sexting<\/span><span lang=\"es-PE\">\u00a0es la denominada\u00a0<\/span><span lang=\"es-PE\">sextorsi\u00f3n<\/span><span lang=\"es-PE\">, una infracci\u00f3n que se configura cuando la tenencia de im\u00e1genes \u00edntimas se utiliza para promover la manipulaci\u00f3n de la v\u00edctima. En este caso, se le solicita que \u2018acceda\u2019 a las peticiones o voluntad del agresor para evitar la divulgaci\u00f3n de dichas im\u00e1genes. Estas peticiones pueden ser la de reconciliarse, favores o incluso reclamos de tipo econ\u00f3mico. Esta variante resulta preocupante, pues esta amenaza latente de revelaci\u00f3n de la informaci\u00f3n \u00edntima puede provocar que la v\u00edctima sea incapaz de salir del c\u00edrculo de violencia psicol\u00f3gica\u201d.<\/span><\/p>\n<p style=\"text-align: left;\" align=\"JUSTIFY\"><span lang=\"es-PE\">En ese mismo estudio, la autora indica que otro aspecto preocupante de la violencia en las redes es la invisibilidad de los comportamientos machistas que se traducen en comportamientos de control. Estudios han revelado que los j\u00f3venes no ven como un acto de violencia el control y lo justifican con expresiones como \u201cquiere saber de m\u00ed\u201d, \u201ces normal\u201d, \u201ces culpa m\u00eda\u201d. Existe una confusi\u00f3n entre los adolescentes entre lo que es el amor y el control permanente. Adem\u00e1s, la alta disponibilidad y versatilidad de los dispositivos electr\u00f3nicos facilitan la materializaci\u00f3n del acoso entre j\u00f3venes y los convierten en m\u00e1s vulnerables y manipulables.<\/span><\/p>\n<p style=\"text-align: left;\" align=\"JUSTIFY\"><span lang=\"es-PE\">Es una pr\u00e1ctica com\u00fan entre las parejas de adolescentes el control manifestado con preguntas como \u00bfd\u00f3nde est\u00e1s?, \u00bfpor qu\u00e9 apagaste el celular?, \u00bfobserv\u00e9 que le\u00edste mi mensaje y reci\u00e9n me respondes?, \u00bfpor qu\u00e9 no pusiste nuestra foto en\u00a0<\/span><span lang=\"es-PE\">Facebook<\/span><span lang=\"es-PE\">?, \u00bfqui\u00e9nes son esos chicos que contactas por\u00a0<\/span><span lang=\"es-PE\">Facebook<\/span><span lang=\"es-PE\">?, \u00bfpor qu\u00e9 tantos chicos te siguen por <\/span><span lang=\"es-PE\">Twitter<\/span><span lang=\"es-PE\">?, \u00bfpor qu\u00e9 le diste\u00a0<\/span><span lang=\"es-PE\">like<\/span><span lang=\"es-PE\">\u00a0a la foto de tu amigo?<\/span><\/p>\n<p style=\"text-align: left;\" align=\"JUSTIFY\"><span lang=\"es-PE\">Agel\u00e1n Casasnovas indica que \u201cexisten tambi\u00e9n manifestaciones m\u00e1s agresivas y manipuladoras\u201d como las siguientes:<\/span><\/p>\n<ul style=\"text-align: left;\">\n<li>\n<p align=\"JUSTIFY\"><span lang=\"es-PE\">Obligar a la pareja a eliminar de sus redes sociales a personas que no son de su agrado.<\/span><\/p>\n<\/li>\n<li>\n<p align=\"JUSTIFY\"><span lang=\"es-PE\">Vigilar los comentarios que hacen en las redes sociales.<\/span><\/p>\n<\/li>\n<li>\n<p align=\"JUSTIFY\"><span lang=\"es-PE\">Revisar las publicaciones y fotos de los amigos o amigas, y utilizarlas para hacer reproches o cuestionar sus relaciones.<\/span><\/p>\n<\/li>\n<li>\n<p align=\"JUSTIFY\"><span lang=\"es-PE\">Publicar las fotos de la mujer o incluir mensajes cari\u00f1osos sin el consentimiento de esta con el fin de que sus contactos conozcan que mantienen una relaci\u00f3n.<\/span><\/p>\n<\/li>\n<li>\n<p align=\"JUSTIFY\"><span lang=\"es-PE\">Buscar en el perfil evidencias de enga\u00f1o.<\/span><\/p>\n<\/li>\n<li>\n<p align=\"JUSTIFY\"><span lang=\"es-PE\">Exigir que se le incluya en sus redes sociales.<\/span><\/p>\n<\/li>\n<li>\n<p align=\"JUSTIFY\"><span lang=\"es-PE\">Buscar la manera de obtener sus contrase\u00f1as para controlar los perfiles y leer sus mensajes.<\/span><\/p>\n<\/li>\n<li>\n<p align=\"JUSTIFY\"><span lang=\"es-PE\">Exigir que elimine fotos de su perfil porque no le gusta c\u00f3mo te ve.<\/span><\/p>\n<\/li>\n<li>\n<p align=\"JUSTIFY\"><span lang=\"es-PE\">Si publican fotos donde aparecen con otros hombres, atosigar para que le explique qui\u00e9nes son y d\u00f3nde los conoci\u00f3.<\/span><\/p>\n<\/li>\n<li>\n<p align=\"JUSTIFY\"><span lang=\"es-PE\">Insistir en que actualice su situaci\u00f3n sentimental en su perfil de Facebook.<\/span><\/p>\n<\/li>\n<li>\n<p align=\"JUSTIFY\"><span lang=\"es-PE\">Presionar para que lea los correos en su presencia.<\/span><\/p>\n<\/li>\n<li>\n<p align=\"JUSTIFY\"><span lang=\"es-PE\">Amenazar con publicar fotos o informaci\u00f3n \u00edntima en las redes sociales con el prop\u00f3sito de chantaje.<\/span><\/p>\n<\/li>\n<\/ul>\n<p style=\"text-align: left;\" align=\"JUSTIFY\">\u201c<span lang=\"es-PE\">Estas conductas en ocasiones son interpretadas err\u00f3neamente por las adolescentes como \u201cmuestras de amor\u201d y preocupaci\u00f3n por la pareja, que frecuentemente degeneran en ciberacoso sexual, sobre todo tras la ruptura de la pareja, cuando el agresor no asimila la separaci\u00f3n, con las repercusiones que ya apunt\u00e1bamos cuando este no logra sus objetivos\u201d, se\u00f1ala Esther Agel\u00e1n.<\/span><\/p>","protected":false},"excerpt":{"rendered":"<p>La violencia contra las mujeres y ni\u00f1as no solo es una consecuencia de la inequidad de g\u00e9nero, sino que refuerza la baja posici\u00f3n de las mujeres en la sociedad y las m\u00faltiples disparidades existentes entre mujeres y hombres<\/p>","protected":false},"author":18,"featured_media":44638,"comment_status":"closed","ping_status":"open","sticky":false,"template":"","format":"standard","meta":{"footnotes":""},"categories":[72],"tags":[],"class_list":["post-44637","post","type-post","status-publish","format-standard","has-post-thumbnail","hentry","category-opinion"],"yoast_head":"<!-- This site is optimized with the Yoast SEO plugin v27.5 - https:\/\/yoast.com\/product\/yoast-seo-wordpress\/ -->\n<title>\u00bfC\u00f3mo erradicar las Causas de la violencia contra las mujeres? - Revista Rambla<\/title>\n<meta name=\"robots\" content=\"index, follow, max-snippet:-1, max-image-preview:large, max-video-preview:-1\" \/>\n<link rel=\"canonical\" href=\"https:\/\/www.revistarambla.com\/en\/como-erradicar-las-causas-de-la-violencia-contra-las-mujeres\/\" \/>\n<meta property=\"og:locale\" content=\"en_GB\" \/>\n<meta property=\"og:type\" content=\"article\" \/>\n<meta property=\"og:title\" content=\"\u00bfC\u00f3mo erradicar las Causas de la violencia contra las mujeres? - Revista Rambla\" \/>\n<meta property=\"og:description\" content=\"La violencia contra las mujeres y ni\u00f1as no solo es una consecuencia de la inequidad de g\u00e9nero, sino que refuerza la baja posici\u00f3n de las mujeres en la sociedad y las m\u00faltiples disparidades existentes entre mujeres y hombres\" \/>\n<meta property=\"og:url\" content=\"https:\/\/www.revistarambla.com\/en\/como-erradicar-las-causas-de-la-violencia-contra-las-mujeres\/\" \/>\n<meta property=\"og:site_name\" content=\"Revista Rambla\" \/>\n<meta property=\"article:publisher\" content=\"https:\/\/www.facebook.com\/revistarambla\/\" \/>\n<meta property=\"article:author\" content=\"https:\/\/www.facebook.com\/raul.allainvega\" \/>\n<meta property=\"article:published_time\" content=\"2022-07-25T09:10:27+00:00\" \/>\n<meta property=\"og:image\" content=\"https:\/\/www.revistarambla.com\/wp-content\/uploads\/2022\/07\/people-technology-adventure-internet-communication-child-815115-pxhere.com_.jpg\" \/>\n\t<meta property=\"og:image:width\" content=\"1024\" \/>\n\t<meta property=\"og:image:height\" content=\"759\" \/>\n\t<meta property=\"og:image:type\" content=\"image\/jpeg\" \/>\n<meta name=\"author\" content=\"Ra\u00fal Alfonso Allain Vega\" \/>\n<meta name=\"twitter:card\" content=\"summary_large_image\" \/>\n<meta name=\"twitter:creator\" content=\"@RaulAllain\" \/>\n<meta name=\"twitter:site\" content=\"@revistarambla\" \/>\n<meta name=\"twitter:label1\" content=\"Written by\" \/>\n\t<meta name=\"twitter:data1\" content=\"Ra\u00fal Alfonso Allain Vega\" \/>\n\t<meta name=\"twitter:label2\" content=\"Estimated reading time\" \/>\n\t<meta name=\"twitter:data2\" content=\"8 minutes\" \/>\n<script type=\"application\/ld+json\" class=\"yoast-schema-graph\">{\"@context\":\"https:\\\/\\\/schema.org\",\"@graph\":[{\"@type\":\"Article\",\"@id\":\"https:\\\/\\\/www.revistarambla.com\\\/como-erradicar-las-causas-de-la-violencia-contra-las-mujeres\\\/#article\",\"isPartOf\":{\"@id\":\"https:\\\/\\\/www.revistarambla.com\\\/como-erradicar-las-causas-de-la-violencia-contra-las-mujeres\\\/\"},\"author\":{\"name\":\"Ra\u00fal Alfonso Allain Vega\",\"@id\":\"https:\\\/\\\/www.revistarambla.com\\\/#\\\/schema\\\/person\\\/9b4378c82c48caa37acecffb9450e934\"},\"headline\":\"\u00bfC\u00f3mo erradicar las Causas de la violencia contra las mujeres?\",\"datePublished\":\"2022-07-25T09:10:27+00:00\",\"mainEntityOfPage\":{\"@id\":\"https:\\\/\\\/www.revistarambla.com\\\/como-erradicar-las-causas-de-la-violencia-contra-las-mujeres\\\/\"},\"wordCount\":1704,\"publisher\":{\"@id\":\"https:\\\/\\\/www.revistarambla.com\\\/#organization\"},\"image\":{\"@id\":\"https:\\\/\\\/www.revistarambla.com\\\/como-erradicar-las-causas-de-la-violencia-contra-las-mujeres\\\/#primaryimage\"},\"thumbnailUrl\":\"https:\\\/\\\/www.revistarambla.com\\\/wp-content\\\/uploads\\\/2022\\\/07\\\/people-technology-adventure-internet-communication-child-815115-pxhere.com_.jpg\",\"articleSection\":[\"Opiniones\"],\"inLanguage\":\"en-GB\"},{\"@type\":\"WebPage\",\"@id\":\"https:\\\/\\\/www.revistarambla.com\\\/como-erradicar-las-causas-de-la-violencia-contra-las-mujeres\\\/\",\"url\":\"https:\\\/\\\/www.revistarambla.com\\\/como-erradicar-las-causas-de-la-violencia-contra-las-mujeres\\\/\",\"name\":\"\u00bfC\u00f3mo erradicar las Causas de la violencia contra las mujeres? - Revista Rambla\",\"isPartOf\":{\"@id\":\"https:\\\/\\\/www.revistarambla.com\\\/#website\"},\"primaryImageOfPage\":{\"@id\":\"https:\\\/\\\/www.revistarambla.com\\\/como-erradicar-las-causas-de-la-violencia-contra-las-mujeres\\\/#primaryimage\"},\"image\":{\"@id\":\"https:\\\/\\\/www.revistarambla.com\\\/como-erradicar-las-causas-de-la-violencia-contra-las-mujeres\\\/#primaryimage\"},\"thumbnailUrl\":\"https:\\\/\\\/www.revistarambla.com\\\/wp-content\\\/uploads\\\/2022\\\/07\\\/people-technology-adventure-internet-communication-child-815115-pxhere.com_.jpg\",\"datePublished\":\"2022-07-25T09:10:27+00:00\",\"breadcrumb\":{\"@id\":\"https:\\\/\\\/www.revistarambla.com\\\/como-erradicar-las-causas-de-la-violencia-contra-las-mujeres\\\/#breadcrumb\"},\"inLanguage\":\"en-GB\",\"potentialAction\":[{\"@type\":\"ReadAction\",\"target\":[\"https:\\\/\\\/www.revistarambla.com\\\/como-erradicar-las-causas-de-la-violencia-contra-las-mujeres\\\/\"]}]},{\"@type\":\"ImageObject\",\"inLanguage\":\"en-GB\",\"@id\":\"https:\\\/\\\/www.revistarambla.com\\\/como-erradicar-las-causas-de-la-violencia-contra-las-mujeres\\\/#primaryimage\",\"url\":\"https:\\\/\\\/www.revistarambla.com\\\/wp-content\\\/uploads\\\/2022\\\/07\\\/people-technology-adventure-internet-communication-child-815115-pxhere.com_.jpg\",\"contentUrl\":\"https:\\\/\\\/www.revistarambla.com\\\/wp-content\\\/uploads\\\/2022\\\/07\\\/people-technology-adventure-internet-communication-child-815115-pxhere.com_.jpg\",\"width\":1024,\"height\":759},{\"@type\":\"BreadcrumbList\",\"@id\":\"https:\\\/\\\/www.revistarambla.com\\\/como-erradicar-las-causas-de-la-violencia-contra-las-mujeres\\\/#breadcrumb\",\"itemListElement\":[{\"@type\":\"ListItem\",\"position\":1,\"name\":\"Portada\",\"item\":\"https:\\\/\\\/www.revistarambla.com\\\/\"},{\"@type\":\"ListItem\",\"position\":2,\"name\":\"\u00bfC\u00f3mo erradicar las Causas de la violencia contra las mujeres?\"}]},{\"@type\":\"WebSite\",\"@id\":\"https:\\\/\\\/www.revistarambla.com\\\/#website\",\"url\":\"https:\\\/\\\/www.revistarambla.com\\\/\",\"name\":\"Revista Rambla Barcelona\",\"description\":\"Periodismo independiente\",\"publisher\":{\"@id\":\"https:\\\/\\\/www.revistarambla.com\\\/#organization\"},\"potentialAction\":[{\"@type\":\"SearchAction\",\"target\":{\"@type\":\"EntryPoint\",\"urlTemplate\":\"https:\\\/\\\/www.revistarambla.com\\\/?s={search_term_string}\"},\"query-input\":{\"@type\":\"PropertyValueSpecification\",\"valueRequired\":true,\"valueName\":\"search_term_string\"}}],\"inLanguage\":\"en-GB\"},{\"@type\":\"Organization\",\"@id\":\"https:\\\/\\\/www.revistarambla.com\\\/#organization\",\"name\":\"Revista Rambla\",\"url\":\"https:\\\/\\\/www.revistarambla.com\\\/\",\"logo\":{\"@type\":\"ImageObject\",\"inLanguage\":\"en-GB\",\"@id\":\"https:\\\/\\\/www.revistarambla.com\\\/#\\\/schema\\\/logo\\\/image\\\/\",\"url\":\"https:\\\/\\\/www.revistarambla.com\\\/wp-content\\\/uploads\\\/2020\\\/09\\\/banner_rambla_1900x600_BB.png\",\"contentUrl\":\"https:\\\/\\\/www.revistarambla.com\\\/wp-content\\\/uploads\\\/2020\\\/09\\\/banner_rambla_1900x600_BB.png\",\"width\":1900,\"height\":600,\"caption\":\"Revista Rambla\"},\"image\":{\"@id\":\"https:\\\/\\\/www.revistarambla.com\\\/#\\\/schema\\\/logo\\\/image\\\/\"},\"sameAs\":[\"https:\\\/\\\/www.facebook.com\\\/revistarambla\\\/\",\"https:\\\/\\\/x.com\\\/revistarambla\",\"https:\\\/\\\/www.instagram.com\\\/revista_rambla\",\"https:\\\/\\\/es.linkedin.com\\\/company\\\/revista-rambla\"]},{\"@type\":\"Person\",\"@id\":\"https:\\\/\\\/www.revistarambla.com\\\/#\\\/schema\\\/person\\\/9b4378c82c48caa37acecffb9450e934\",\"name\":\"Ra\u00fal Alfonso Allain Vega\",\"description\":\"Escritor, poeta, editor y soci\u00f3logo. Presidente del Instituto Peruano de la Juventud (IPJ) y director de Editorial R\u00edo Negro.\",\"sameAs\":[\"https:\\\/\\\/en.m.wikipedia.org\\\/wiki\\\/Ra%C3%BAl_Allain\",\"https:\\\/\\\/www.facebook.com\\\/raul.allainvega\",\"https:\\\/\\\/x.com\\\/RaulAllain\"]}]}<\/script>\n<!-- \/ Yoast SEO plugin. -->","yoast_head_json":{"title":"\u00bfC\u00f3mo erradicar las Causas de la violencia contra las mujeres? - Revista Rambla","robots":{"index":"index","follow":"follow","max-snippet":"max-snippet:-1","max-image-preview":"max-image-preview:large","max-video-preview":"max-video-preview:-1"},"canonical":"https:\/\/www.revistarambla.com\/en\/como-erradicar-las-causas-de-la-violencia-contra-las-mujeres\/","og_locale":"en_GB","og_type":"article","og_title":"\u00bfC\u00f3mo erradicar las Causas de la violencia contra las mujeres? - Revista Rambla","og_description":"La violencia contra las mujeres y ni\u00f1as no solo es una consecuencia de la inequidad de g\u00e9nero, sino que refuerza la baja posici\u00f3n de las mujeres en la sociedad y las m\u00faltiples disparidades existentes entre mujeres y hombres","og_url":"https:\/\/www.revistarambla.com\/en\/como-erradicar-las-causas-de-la-violencia-contra-las-mujeres\/","og_site_name":"Revista Rambla","article_publisher":"https:\/\/www.facebook.com\/revistarambla\/","article_author":"https:\/\/www.facebook.com\/raul.allainvega","article_published_time":"2022-07-25T09:10:27+00:00","og_image":[{"width":1024,"height":759,"url":"https:\/\/www.revistarambla.com\/wp-content\/uploads\/2022\/07\/people-technology-adventure-internet-communication-child-815115-pxhere.com_.jpg","type":"image\/jpeg"}],"author":"Ra\u00fal Alfonso Allain Vega","twitter_card":"summary_large_image","twitter_creator":"@RaulAllain","twitter_site":"@revistarambla","twitter_misc":{"Written by":"Ra\u00fal Alfonso Allain Vega","Estimated reading time":"8 minutes"},"schema":{"@context":"https:\/\/schema.org","@graph":[{"@type":"Article","@id":"https:\/\/www.revistarambla.com\/como-erradicar-las-causas-de-la-violencia-contra-las-mujeres\/#article","isPartOf":{"@id":"https:\/\/www.revistarambla.com\/como-erradicar-las-causas-de-la-violencia-contra-las-mujeres\/"},"author":{"name":"Ra\u00fal Alfonso Allain Vega","@id":"https:\/\/www.revistarambla.com\/#\/schema\/person\/9b4378c82c48caa37acecffb9450e934"},"headline":"\u00bfC\u00f3mo erradicar las Causas de la violencia contra las mujeres?","datePublished":"2022-07-25T09:10:27+00:00","mainEntityOfPage":{"@id":"https:\/\/www.revistarambla.com\/como-erradicar-las-causas-de-la-violencia-contra-las-mujeres\/"},"wordCount":1704,"publisher":{"@id":"https:\/\/www.revistarambla.com\/#organization"},"image":{"@id":"https:\/\/www.revistarambla.com\/como-erradicar-las-causas-de-la-violencia-contra-las-mujeres\/#primaryimage"},"thumbnailUrl":"https:\/\/www.revistarambla.com\/wp-content\/uploads\/2022\/07\/people-technology-adventure-internet-communication-child-815115-pxhere.com_.jpg","articleSection":["Opiniones"],"inLanguage":"en-GB"},{"@type":"WebPage","@id":"https:\/\/www.revistarambla.com\/como-erradicar-las-causas-de-la-violencia-contra-las-mujeres\/","url":"https:\/\/www.revistarambla.com\/como-erradicar-las-causas-de-la-violencia-contra-las-mujeres\/","name":"\u00bfC\u00f3mo erradicar las Causas de la violencia contra las mujeres? - Revista Rambla","isPartOf":{"@id":"https:\/\/www.revistarambla.com\/#website"},"primaryImageOfPage":{"@id":"https:\/\/www.revistarambla.com\/como-erradicar-las-causas-de-la-violencia-contra-las-mujeres\/#primaryimage"},"image":{"@id":"https:\/\/www.revistarambla.com\/como-erradicar-las-causas-de-la-violencia-contra-las-mujeres\/#primaryimage"},"thumbnailUrl":"https:\/\/www.revistarambla.com\/wp-content\/uploads\/2022\/07\/people-technology-adventure-internet-communication-child-815115-pxhere.com_.jpg","datePublished":"2022-07-25T09:10:27+00:00","breadcrumb":{"@id":"https:\/\/www.revistarambla.com\/como-erradicar-las-causas-de-la-violencia-contra-las-mujeres\/#breadcrumb"},"inLanguage":"en-GB","potentialAction":[{"@type":"ReadAction","target":["https:\/\/www.revistarambla.com\/como-erradicar-las-causas-de-la-violencia-contra-las-mujeres\/"]}]},{"@type":"ImageObject","inLanguage":"en-GB","@id":"https:\/\/www.revistarambla.com\/como-erradicar-las-causas-de-la-violencia-contra-las-mujeres\/#primaryimage","url":"https:\/\/www.revistarambla.com\/wp-content\/uploads\/2022\/07\/people-technology-adventure-internet-communication-child-815115-pxhere.com_.jpg","contentUrl":"https:\/\/www.revistarambla.com\/wp-content\/uploads\/2022\/07\/people-technology-adventure-internet-communication-child-815115-pxhere.com_.jpg","width":1024,"height":759},{"@type":"BreadcrumbList","@id":"https:\/\/www.revistarambla.com\/como-erradicar-las-causas-de-la-violencia-contra-las-mujeres\/#breadcrumb","itemListElement":[{"@type":"ListItem","position":1,"name":"Portada","item":"https:\/\/www.revistarambla.com\/"},{"@type":"ListItem","position":2,"name":"\u00bfC\u00f3mo erradicar las Causas de la violencia contra las mujeres?"}]},{"@type":"WebSite","@id":"https:\/\/www.revistarambla.com\/#website","url":"https:\/\/www.revistarambla.com\/","name":"Revista Rambla Barcelona","description":"Periodismo independiente","publisher":{"@id":"https:\/\/www.revistarambla.com\/#organization"},"potentialAction":[{"@type":"SearchAction","target":{"@type":"EntryPoint","urlTemplate":"https:\/\/www.revistarambla.com\/?s={search_term_string}"},"query-input":{"@type":"PropertyValueSpecification","valueRequired":true,"valueName":"search_term_string"}}],"inLanguage":"en-GB"},{"@type":"Organization","@id":"https:\/\/www.revistarambla.com\/#organization","name":"Revista Rambla","url":"https:\/\/www.revistarambla.com\/","logo":{"@type":"ImageObject","inLanguage":"en-GB","@id":"https:\/\/www.revistarambla.com\/#\/schema\/logo\/image\/","url":"https:\/\/www.revistarambla.com\/wp-content\/uploads\/2020\/09\/banner_rambla_1900x600_BB.png","contentUrl":"https:\/\/www.revistarambla.com\/wp-content\/uploads\/2020\/09\/banner_rambla_1900x600_BB.png","width":1900,"height":600,"caption":"Revista Rambla"},"image":{"@id":"https:\/\/www.revistarambla.com\/#\/schema\/logo\/image\/"},"sameAs":["https:\/\/www.facebook.com\/revistarambla\/","https:\/\/x.com\/revistarambla","https:\/\/www.instagram.com\/revista_rambla","https:\/\/es.linkedin.com\/company\/revista-rambla"]},{"@type":"Person","@id":"https:\/\/www.revistarambla.com\/#\/schema\/person\/9b4378c82c48caa37acecffb9450e934","name":"Ra\u00fal Alfonso Allain Vega","description":"Escritor, poeta, editor y soci\u00f3logo. Presidente del Instituto Peruano de la Juventud (IPJ) y director de Editorial R\u00edo Negro.","sameAs":["https:\/\/en.m.wikipedia.org\/wiki\/Ra%C3%BAl_Allain","https:\/\/www.facebook.com\/raul.allainvega","https:\/\/x.com\/RaulAllain"]}]}},"_links":{"self":[{"href":"https:\/\/www.revistarambla.com\/en\/wp-json\/wp\/v2\/posts\/44637","targetHints":{"allow":["GET"]}}],"collection":[{"href":"https:\/\/www.revistarambla.com\/en\/wp-json\/wp\/v2\/posts"}],"about":[{"href":"https:\/\/www.revistarambla.com\/en\/wp-json\/wp\/v2\/types\/post"}],"author":[{"embeddable":true,"href":"https:\/\/www.revistarambla.com\/en\/wp-json\/wp\/v2\/users\/18"}],"replies":[{"embeddable":true,"href":"https:\/\/www.revistarambla.com\/en\/wp-json\/wp\/v2\/comments?post=44637"}],"version-history":[{"count":1,"href":"https:\/\/www.revistarambla.com\/en\/wp-json\/wp\/v2\/posts\/44637\/revisions"}],"predecessor-version":[{"id":44639,"href":"https:\/\/www.revistarambla.com\/en\/wp-json\/wp\/v2\/posts\/44637\/revisions\/44639"}],"wp:featuredmedia":[{"embeddable":true,"href":"https:\/\/www.revistarambla.com\/en\/wp-json\/wp\/v2\/media\/44638"}],"wp:attachment":[{"href":"https:\/\/www.revistarambla.com\/en\/wp-json\/wp\/v2\/media?parent=44637"}],"wp:term":[{"taxonomy":"category","embeddable":true,"href":"https:\/\/www.revistarambla.com\/en\/wp-json\/wp\/v2\/categories?post=44637"},{"taxonomy":"post_tag","embeddable":true,"href":"https:\/\/www.revistarambla.com\/en\/wp-json\/wp\/v2\/tags?post=44637"}],"curies":[{"name":"wp","href":"https:\/\/api.w.org\/{rel}","templated":true}]}}