{"id":44454,"date":"2022-07-19T12:45:39","date_gmt":"2022-07-19T10:45:39","guid":{"rendered":"https:\/\/www.revistarambla.com\/?p=44454"},"modified":"2022-08-09T12:26:58","modified_gmt":"2022-08-09T10:26:58","slug":"el-embargo-de-la-habana","status":"publish","type":"post","link":"https:\/\/www.revistarambla.com\/en\/el-embargo-de-la-habana\/","title":{"rendered":"El embargo de La Habana"},"content":{"rendered":"<p>Fue en un viaje a La Habana cuando conoc\u00ed aquel singular monje al que todos llamaban \u00abPater Whisky\u00bb.<!--more--> Lo conoc\u00ed en la habitaci\u00f3n-museo que ocup\u00f3 tanto tiempo Hemingway en el Hotel Ambos Mundos. Ya me hab\u00eda advertido Bulgarov sobre no hablar con extra\u00f1os, pero supongo que debi\u00f3 de ser la elocuente conversaci\u00f3n de aquel singular personaje y algo debi\u00f3 de influir la elegancia del restaurante al que me llev\u00f3. Lo cierto es que a la tercera copa de vino exquisito le dije lo que realmente pensaba:<\/p>\n<p>\u2015Hemingway escrib\u00eda muy bien pero era adicto a la ropa elegante y las marcas de lujo.<\/p>\n<p>\u2015Querido amigo, te advierto que a m\u00ed no me controla ninguna ventana de Overt\u00f3n. Si hablamos lo har\u00e9 sin tapujos.<\/p>\n<p>\u2015No esperaba menos. \u00bfQu\u00e9 hay de malo en la libertad de expresi\u00f3n?<\/p>\n<p>\u2015Nada, pero estas revolucionarias ideas que te voy a contar pueden cambiar tu edificante forma de pensar. Lo que te voy a contar ahora parece broma pero si me escuchas con atenci\u00f3n te dar\u00e1s cuenta del peligro que corre Europa de convertirse en una colonia deprimida econ\u00f3micamente.<\/p>\n<p>\u2015Voy a correr el riesgo de conocerme a m\u00ed mismo.<\/p>\n<p>\u2015En primer lugar Cuba no sufre un bloqueo. En realidad lo que lleva padeciendo tanto tiempo es un embargo de productos y servicios norteamericanos.<\/p>\n<p>\u2015Lo s\u00e9. Por eso tiene doble moneda: un peso convertible y una moneda nacional.<\/p>\n<p>\u2015Pues bien, lo cierto es que en Europa, aunque todav\u00eda es pronto para que se hable con propiedad lo que acaba de comenzar es un embargo energ\u00e9tico ruso.<\/p>\n<p>\u2015\u00bfA d\u00f3nde quieres llegar?<\/p>\n<p>\u2015Estados Unidos se est\u00e1 aprovechando de Europa. Todos coincidimos que Rusia ha cruzado una l\u00ednea roja al atacar a Ucrania, pero es la pacata actitud europea la que no es aceptada en ninguna parte. Su dudosa superioridad moral causa en China, en la India, en Brasil e incluso en \u00c1frica m\u00e1s rechazo que la propia guerra.<\/p>\n<p>\u2015Eso en una barbaridad. \u00bfEst\u00e1 seguro de lo que dice?<\/p>\n<p>\u2015Es la realidad. Y adem\u00e1s puedo probarlo. Todas las culturas cuando les interesa tienen comprensi\u00f3n con el diablo. Y eso sin contar que con los europeos iniciamos dos guerras mundiales.<\/p>\n<p>\u2015\u00bfPuede ser m\u00e1s expl\u00edcito?<\/p>\n<p>\u2015El gas ruso le conven\u00eda a Europa y lo ha perdido esa es la verdad. Europa ha perdido tambi\u00e9n su personalidad propia. \u00bfAcaso hab\u00eda una raz\u00f3n moral para apoyar a Estados Unidos en la guerra de Irak? Simplemente era realpolitik.<\/p>\n<p>\u2015Eso es verdad.<\/p>\n<p>\u2015Todos queremos sancionar a Putin pero la factura de las sanciones al s\u00e1trapa ruso las vamos a pagar los de siempre, la clase media y la clase trabajadora.<\/p>\n<p>\u2015Eso por no hablar de los que sacar\u00e1n partido. Los m\u00e1s ricos ser\u00e1n todav\u00eda m\u00e1s ricos que antes.<\/p>\n<p>\u2015Correcto. Ahora existe una paridad pero no siempre ser\u00e1 as\u00ed. El euro perder\u00e1 mucho valor porque se debilita ya que todas las grandes fortunas lo cambian por d\u00f3lares, que todav\u00eda es la moneda de reserva mundial. Lo que significa que mientras la inflaci\u00f3n se come los ahorros de las clases medias y pobres, a las grandes fortunas le afecta menos porque pueden comprar todo lo que necesitan con los d\u00f3lares que est\u00e1n atesorando.<\/p>\n<p>\u2015Eso es porque el Banco Central Europeo se niega a subir los tipos.<\/p>\n<p>\u2015Eso es cierto con matices. La verdad es que la inflaci\u00f3n tiene lugar en Estados Unidos y la que tiene lugar en Europa no son del mismo tipo, y por lo tanto, no se pueden solucionar de la misma manera. La americana es un shock de oferta y la Europa una crisis de demanda.<\/p>\n<p>\u2015Eso suena muy distinto. Incluso suena a que en Estados Unidos est\u00e1n abusando del consumo y en Europa hay pobreza energ\u00e9tica.<\/p>\n<p>\u2015En efecto, adem\u00e1s ahora el Banco Central Europeo no deber\u00eda subir los tipos y se ver\u00e1 obligado a hacerlo (da\u00f1ando m\u00e1s la maltrecha econom\u00eda europea) debido a la debilidad del euro ante el d\u00f3lar. No en balde, necesitamos un euro m\u00e1s fuerte porque compramos el petr\u00f3leo en d\u00f3lares.<\/p>\n<p>\u2015\u00bfY cu\u00e1l es la soluci\u00f3n entonces?<\/p>\n<p>\u2015La soluci\u00f3n es un cambio de modelo productivo, pero eso lleva a\u00f1os para conseguirlo, por lo que la espiral inflacionista es inevitable.<\/p>\n<p>\u2015\u00bfY c\u00f3mo se te ocurre que el ciudadano de pie puede protestar?<\/p>\n<p>\u2015En Espa\u00f1a, a partir de ahora, se deber\u00eda pagar la gasolina en d\u00f3lares.<\/p>\n<p>\u2015\u00bfQuieres decir que en Europa deber\u00eda haber dos monedas como en Cuba? Eso puede ser el fin del euro.<\/p>\n<p>\u2015Correcto. Si Europa no puede tener su propia pol\u00edtica al menos que se beneficie de la divisa americana. La verdad es que no se puede confiar en esas instituciones pol\u00edticas europeas. Y si la fuga de capital de los ricos es hacia el d\u00f3lar yo le aconsejar\u00eda a las clases medias que \u00abdolaricen\u00bb la econom\u00eda real.<\/p>\n<p>\u2015Se puede aprender mucho de lo que sucede actualmente en Cuba. En Europa, todos los pobres del continente deber\u00edan cambiar al un\u00edsono sus euros a d\u00f3lares. Eso es exactamente lo que estoy diciendo. En efecto, tenemos la experiencia de muchos pa\u00edses latinoamericanos. En ellos ha sido el pueblo el que ha dado lecciones de econom\u00eda a los Bancos Centrales. Ah\u00ed tienes el caso por ejemplo de Venezuela. Tambi\u00e9n est\u00e1 el caso de Argentina. Hay muchos pueblos que se cansaron de que les robaran a trav\u00e9s del valor de su divisa, y de forma espont\u00e1nea comenzaron a comerciar en una divisa extranjera.<\/p>","protected":false},"excerpt":{"rendered":"<p>Fue en un viaje a La Habana cuando conoc\u00ed aquel singular monje al que todos llamaban \u00abPater Whisky\u00bb.<\/p>","protected":false},"author":294,"featured_media":44455,"comment_status":"closed","ping_status":"open","sticky":false,"template":"","format":"standard","meta":{"footnotes":""},"categories":[3908],"tags":[],"class_list":["post-44454","post","type-post","status-publish","format-standard","has-post-thumbnail","hentry","category-la-bodeguita-de-hemingway"],"yoast_head":"<!-- This site is optimized with the Yoast SEO plugin v27.5 - https:\/\/yoast.com\/product\/yoast-seo-wordpress\/ -->\n<title>El embargo de La Habana - Revista Rambla<\/title>\n<meta name=\"robots\" content=\"index, follow, max-snippet:-1, max-image-preview:large, max-video-preview:-1\" \/>\n<link rel=\"canonical\" href=\"https:\/\/www.revistarambla.com\/en\/el-embargo-de-la-habana\/\" \/>\n<meta property=\"og:locale\" content=\"en_GB\" \/>\n<meta property=\"og:type\" content=\"article\" \/>\n<meta property=\"og:title\" content=\"El embargo de La Habana - Revista Rambla\" \/>\n<meta property=\"og:description\" content=\"Fue en un viaje a La Habana cuando conoc\u00ed aquel singular monje al que todos llamaban \u00abPater Whisky\u00bb.\" \/>\n<meta property=\"og:url\" content=\"https:\/\/www.revistarambla.com\/en\/el-embargo-de-la-habana\/\" \/>\n<meta property=\"og:site_name\" content=\"Revista Rambla\" \/>\n<meta property=\"article:publisher\" content=\"https:\/\/www.facebook.com\/revistarambla\/\" \/>\n<meta property=\"article:published_time\" content=\"2022-07-19T10:45:39+00:00\" \/>\n<meta property=\"article:modified_time\" content=\"2022-08-09T10:26:58+00:00\" \/>\n<meta property=\"og:image\" content=\"https:\/\/www.revistarambla.com\/wp-content\/uploads\/2022\/07\/Havana-14_30896863097.jpg\" \/>\n\t<meta property=\"og:image:width\" content=\"1024\" \/>\n\t<meta property=\"og:image:height\" content=\"768\" \/>\n\t<meta property=\"og:image:type\" content=\"image\/jpeg\" \/>\n<meta name=\"author\" content=\"Jos\u00e9 Antonio Gamero Romero\" \/>\n<meta name=\"twitter:card\" content=\"summary_large_image\" \/>\n<meta name=\"twitter:creator\" content=\"@revistarambla\" \/>\n<meta name=\"twitter:site\" content=\"@revistarambla\" \/>\n<meta name=\"twitter:label1\" content=\"Written by\" \/>\n\t<meta name=\"twitter:data1\" content=\"Jos\u00e9 Antonio Gamero Romero\" \/>\n\t<meta name=\"twitter:label2\" content=\"Estimated reading time\" \/>\n\t<meta name=\"twitter:data2\" content=\"5 minutes\" \/>\n<script type=\"application\/ld+json\" class=\"yoast-schema-graph\">{\"@context\":\"https:\\\/\\\/schema.org\",\"@graph\":[{\"@type\":\"Article\",\"@id\":\"https:\\\/\\\/www.revistarambla.com\\\/el-embargo-de-la-habana\\\/#article\",\"isPartOf\":{\"@id\":\"https:\\\/\\\/www.revistarambla.com\\\/el-embargo-de-la-habana\\\/\"},\"author\":{\"name\":\"Jos\u00e9 Antonio Gamero Romero\",\"@id\":\"https:\\\/\\\/www.revistarambla.com\\\/#\\\/schema\\\/person\\\/94294f57cf4910853e3280fda7339bfc\"},\"headline\":\"El embargo de La Habana\",\"datePublished\":\"2022-07-19T10:45:39+00:00\",\"dateModified\":\"2022-08-09T10:26:58+00:00\",\"mainEntityOfPage\":{\"@id\":\"https:\\\/\\\/www.revistarambla.com\\\/el-embargo-de-la-habana\\\/\"},\"wordCount\":961,\"publisher\":{\"@id\":\"https:\\\/\\\/www.revistarambla.com\\\/#organization\"},\"image\":{\"@id\":\"https:\\\/\\\/www.revistarambla.com\\\/el-embargo-de-la-habana\\\/#primaryimage\"},\"thumbnailUrl\":\"https:\\\/\\\/www.revistarambla.com\\\/wp-content\\\/uploads\\\/2022\\\/07\\\/Havana-14_30896863097.jpg\",\"articleSection\":[\"La bodeguita de Hemingway\"],\"inLanguage\":\"en-GB\"},{\"@type\":\"WebPage\",\"@id\":\"https:\\\/\\\/www.revistarambla.com\\\/el-embargo-de-la-habana\\\/\",\"url\":\"https:\\\/\\\/www.revistarambla.com\\\/el-embargo-de-la-habana\\\/\",\"name\":\"El embargo de La Habana - Revista Rambla\",\"isPartOf\":{\"@id\":\"https:\\\/\\\/www.revistarambla.com\\\/#website\"},\"primaryImageOfPage\":{\"@id\":\"https:\\\/\\\/www.revistarambla.com\\\/el-embargo-de-la-habana\\\/#primaryimage\"},\"image\":{\"@id\":\"https:\\\/\\\/www.revistarambla.com\\\/el-embargo-de-la-habana\\\/#primaryimage\"},\"thumbnailUrl\":\"https:\\\/\\\/www.revistarambla.com\\\/wp-content\\\/uploads\\\/2022\\\/07\\\/Havana-14_30896863097.jpg\",\"datePublished\":\"2022-07-19T10:45:39+00:00\",\"dateModified\":\"2022-08-09T10:26:58+00:00\",\"breadcrumb\":{\"@id\":\"https:\\\/\\\/www.revistarambla.com\\\/el-embargo-de-la-habana\\\/#breadcrumb\"},\"inLanguage\":\"en-GB\",\"potentialAction\":[{\"@type\":\"ReadAction\",\"target\":[\"https:\\\/\\\/www.revistarambla.com\\\/el-embargo-de-la-habana\\\/\"]}]},{\"@type\":\"ImageObject\",\"inLanguage\":\"en-GB\",\"@id\":\"https:\\\/\\\/www.revistarambla.com\\\/el-embargo-de-la-habana\\\/#primaryimage\",\"url\":\"https:\\\/\\\/www.revistarambla.com\\\/wp-content\\\/uploads\\\/2022\\\/07\\\/Havana-14_30896863097.jpg\",\"contentUrl\":\"https:\\\/\\\/www.revistarambla.com\\\/wp-content\\\/uploads\\\/2022\\\/07\\\/Havana-14_30896863097.jpg\",\"width\":1024,\"height\":768,\"caption\":\"OLYMPUS DIGITAL CAMERA\"},{\"@type\":\"BreadcrumbList\",\"@id\":\"https:\\\/\\\/www.revistarambla.com\\\/el-embargo-de-la-habana\\\/#breadcrumb\",\"itemListElement\":[{\"@type\":\"ListItem\",\"position\":1,\"name\":\"Portada\",\"item\":\"https:\\\/\\\/www.revistarambla.com\\\/\"},{\"@type\":\"ListItem\",\"position\":2,\"name\":\"El embargo de La Habana\"}]},{\"@type\":\"WebSite\",\"@id\":\"https:\\\/\\\/www.revistarambla.com\\\/#website\",\"url\":\"https:\\\/\\\/www.revistarambla.com\\\/\",\"name\":\"Revista Rambla Barcelona\",\"description\":\"Periodismo independiente\",\"publisher\":{\"@id\":\"https:\\\/\\\/www.revistarambla.com\\\/#organization\"},\"potentialAction\":[{\"@type\":\"SearchAction\",\"target\":{\"@type\":\"EntryPoint\",\"urlTemplate\":\"https:\\\/\\\/www.revistarambla.com\\\/?s={search_term_string}\"},\"query-input\":{\"@type\":\"PropertyValueSpecification\",\"valueRequired\":true,\"valueName\":\"search_term_string\"}}],\"inLanguage\":\"en-GB\"},{\"@type\":\"Organization\",\"@id\":\"https:\\\/\\\/www.revistarambla.com\\\/#organization\",\"name\":\"Revista Rambla\",\"url\":\"https:\\\/\\\/www.revistarambla.com\\\/\",\"logo\":{\"@type\":\"ImageObject\",\"inLanguage\":\"en-GB\",\"@id\":\"https:\\\/\\\/www.revistarambla.com\\\/#\\\/schema\\\/logo\\\/image\\\/\",\"url\":\"https:\\\/\\\/www.revistarambla.com\\\/wp-content\\\/uploads\\\/2020\\\/09\\\/banner_rambla_1900x600_BB.png\",\"contentUrl\":\"https:\\\/\\\/www.revistarambla.com\\\/wp-content\\\/uploads\\\/2020\\\/09\\\/banner_rambla_1900x600_BB.png\",\"width\":1900,\"height\":600,\"caption\":\"Revista Rambla\"},\"image\":{\"@id\":\"https:\\\/\\\/www.revistarambla.com\\\/#\\\/schema\\\/logo\\\/image\\\/\"},\"sameAs\":[\"https:\\\/\\\/www.facebook.com\\\/revistarambla\\\/\",\"https:\\\/\\\/x.com\\\/revistarambla\",\"https:\\\/\\\/www.instagram.com\\\/revista_rambla\",\"https:\\\/\\\/es.linkedin.com\\\/company\\\/revista-rambla\"]},{\"@type\":\"Person\",\"@id\":\"https:\\\/\\\/www.revistarambla.com\\\/#\\\/schema\\\/person\\\/94294f57cf4910853e3280fda7339bfc\",\"name\":\"Jos\u00e9 Antonio Gamero Romero\",\"description\":\"Escritor sevillano finalista del premio Azor\u00edn 2014. Ha publicado en diferentes revistas como Culturamas, E\u00f1e, Visor, etc. Sus libros son: 'La invenci\u00f3n de los gigantes' (Buc\u00e9falo 2016); 'Literatura tridimensional' (Adarve 2018); 'S\u00f3crates no vino a Espa\u00f1a' (Samarcanda 2018); 'La rep\u00fablica del fin del mundo' (Tandaia 2018) y 'La bodeguita de Hemingway'.\"}]}<\/script>\n<!-- \/ Yoast SEO plugin. -->","yoast_head_json":{"title":"El embargo de La Habana - Revista Rambla","robots":{"index":"index","follow":"follow","max-snippet":"max-snippet:-1","max-image-preview":"max-image-preview:large","max-video-preview":"max-video-preview:-1"},"canonical":"https:\/\/www.revistarambla.com\/en\/el-embargo-de-la-habana\/","og_locale":"en_GB","og_type":"article","og_title":"El embargo de La Habana - Revista Rambla","og_description":"Fue en un viaje a La Habana cuando conoc\u00ed aquel singular monje al que todos llamaban \u00abPater Whisky\u00bb.","og_url":"https:\/\/www.revistarambla.com\/en\/el-embargo-de-la-habana\/","og_site_name":"Revista Rambla","article_publisher":"https:\/\/www.facebook.com\/revistarambla\/","article_published_time":"2022-07-19T10:45:39+00:00","article_modified_time":"2022-08-09T10:26:58+00:00","og_image":[{"width":1024,"height":768,"url":"https:\/\/www.revistarambla.com\/wp-content\/uploads\/2022\/07\/Havana-14_30896863097.jpg","type":"image\/jpeg"}],"author":"Jos\u00e9 Antonio Gamero Romero","twitter_card":"summary_large_image","twitter_creator":"@revistarambla","twitter_site":"@revistarambla","twitter_misc":{"Written by":"Jos\u00e9 Antonio Gamero Romero","Estimated reading time":"5 minutes"},"schema":{"@context":"https:\/\/schema.org","@graph":[{"@type":"Article","@id":"https:\/\/www.revistarambla.com\/el-embargo-de-la-habana\/#article","isPartOf":{"@id":"https:\/\/www.revistarambla.com\/el-embargo-de-la-habana\/"},"author":{"name":"Jos\u00e9 Antonio Gamero Romero","@id":"https:\/\/www.revistarambla.com\/#\/schema\/person\/94294f57cf4910853e3280fda7339bfc"},"headline":"El embargo de La Habana","datePublished":"2022-07-19T10:45:39+00:00","dateModified":"2022-08-09T10:26:58+00:00","mainEntityOfPage":{"@id":"https:\/\/www.revistarambla.com\/el-embargo-de-la-habana\/"},"wordCount":961,"publisher":{"@id":"https:\/\/www.revistarambla.com\/#organization"},"image":{"@id":"https:\/\/www.revistarambla.com\/el-embargo-de-la-habana\/#primaryimage"},"thumbnailUrl":"https:\/\/www.revistarambla.com\/wp-content\/uploads\/2022\/07\/Havana-14_30896863097.jpg","articleSection":["La bodeguita de Hemingway"],"inLanguage":"en-GB"},{"@type":"WebPage","@id":"https:\/\/www.revistarambla.com\/el-embargo-de-la-habana\/","url":"https:\/\/www.revistarambla.com\/el-embargo-de-la-habana\/","name":"El embargo de La Habana - Revista Rambla","isPartOf":{"@id":"https:\/\/www.revistarambla.com\/#website"},"primaryImageOfPage":{"@id":"https:\/\/www.revistarambla.com\/el-embargo-de-la-habana\/#primaryimage"},"image":{"@id":"https:\/\/www.revistarambla.com\/el-embargo-de-la-habana\/#primaryimage"},"thumbnailUrl":"https:\/\/www.revistarambla.com\/wp-content\/uploads\/2022\/07\/Havana-14_30896863097.jpg","datePublished":"2022-07-19T10:45:39+00:00","dateModified":"2022-08-09T10:26:58+00:00","breadcrumb":{"@id":"https:\/\/www.revistarambla.com\/el-embargo-de-la-habana\/#breadcrumb"},"inLanguage":"en-GB","potentialAction":[{"@type":"ReadAction","target":["https:\/\/www.revistarambla.com\/el-embargo-de-la-habana\/"]}]},{"@type":"ImageObject","inLanguage":"en-GB","@id":"https:\/\/www.revistarambla.com\/el-embargo-de-la-habana\/#primaryimage","url":"https:\/\/www.revistarambla.com\/wp-content\/uploads\/2022\/07\/Havana-14_30896863097.jpg","contentUrl":"https:\/\/www.revistarambla.com\/wp-content\/uploads\/2022\/07\/Havana-14_30896863097.jpg","width":1024,"height":768,"caption":"OLYMPUS DIGITAL CAMERA"},{"@type":"BreadcrumbList","@id":"https:\/\/www.revistarambla.com\/el-embargo-de-la-habana\/#breadcrumb","itemListElement":[{"@type":"ListItem","position":1,"name":"Portada","item":"https:\/\/www.revistarambla.com\/"},{"@type":"ListItem","position":2,"name":"El embargo de La Habana"}]},{"@type":"WebSite","@id":"https:\/\/www.revistarambla.com\/#website","url":"https:\/\/www.revistarambla.com\/","name":"Revista Rambla Barcelona","description":"Periodismo independiente","publisher":{"@id":"https:\/\/www.revistarambla.com\/#organization"},"potentialAction":[{"@type":"SearchAction","target":{"@type":"EntryPoint","urlTemplate":"https:\/\/www.revistarambla.com\/?s={search_term_string}"},"query-input":{"@type":"PropertyValueSpecification","valueRequired":true,"valueName":"search_term_string"}}],"inLanguage":"en-GB"},{"@type":"Organization","@id":"https:\/\/www.revistarambla.com\/#organization","name":"Revista Rambla","url":"https:\/\/www.revistarambla.com\/","logo":{"@type":"ImageObject","inLanguage":"en-GB","@id":"https:\/\/www.revistarambla.com\/#\/schema\/logo\/image\/","url":"https:\/\/www.revistarambla.com\/wp-content\/uploads\/2020\/09\/banner_rambla_1900x600_BB.png","contentUrl":"https:\/\/www.revistarambla.com\/wp-content\/uploads\/2020\/09\/banner_rambla_1900x600_BB.png","width":1900,"height":600,"caption":"Revista Rambla"},"image":{"@id":"https:\/\/www.revistarambla.com\/#\/schema\/logo\/image\/"},"sameAs":["https:\/\/www.facebook.com\/revistarambla\/","https:\/\/x.com\/revistarambla","https:\/\/www.instagram.com\/revista_rambla","https:\/\/es.linkedin.com\/company\/revista-rambla"]},{"@type":"Person","@id":"https:\/\/www.revistarambla.com\/#\/schema\/person\/94294f57cf4910853e3280fda7339bfc","name":"Jos\u00e9 Antonio Gamero Romero","description":"Escritor sevillano finalista del premio Azor\u00edn 2014. Ha publicado en diferentes revistas como Culturamas, E\u00f1e, Visor, etc. Sus libros son: 'La invenci\u00f3n de los gigantes' (Buc\u00e9falo 2016); 'Literatura tridimensional' (Adarve 2018); 'S\u00f3crates no vino a Espa\u00f1a' (Samarcanda 2018); 'La rep\u00fablica del fin del mundo' (Tandaia 2018) y 'La bodeguita de Hemingway'."}]}},"_links":{"self":[{"href":"https:\/\/www.revistarambla.com\/en\/wp-json\/wp\/v2\/posts\/44454","targetHints":{"allow":["GET"]}}],"collection":[{"href":"https:\/\/www.revistarambla.com\/en\/wp-json\/wp\/v2\/posts"}],"about":[{"href":"https:\/\/www.revistarambla.com\/en\/wp-json\/wp\/v2\/types\/post"}],"author":[{"embeddable":true,"href":"https:\/\/www.revistarambla.com\/en\/wp-json\/wp\/v2\/users\/294"}],"replies":[{"embeddable":true,"href":"https:\/\/www.revistarambla.com\/en\/wp-json\/wp\/v2\/comments?post=44454"}],"version-history":[{"count":3,"href":"https:\/\/www.revistarambla.com\/en\/wp-json\/wp\/v2\/posts\/44454\/revisions"}],"predecessor-version":[{"id":45238,"href":"https:\/\/www.revistarambla.com\/en\/wp-json\/wp\/v2\/posts\/44454\/revisions\/45238"}],"wp:featuredmedia":[{"embeddable":true,"href":"https:\/\/www.revistarambla.com\/en\/wp-json\/wp\/v2\/media\/44455"}],"wp:attachment":[{"href":"https:\/\/www.revistarambla.com\/en\/wp-json\/wp\/v2\/media?parent=44454"}],"wp:term":[{"taxonomy":"category","embeddable":true,"href":"https:\/\/www.revistarambla.com\/en\/wp-json\/wp\/v2\/categories?post=44454"},{"taxonomy":"post_tag","embeddable":true,"href":"https:\/\/www.revistarambla.com\/en\/wp-json\/wp\/v2\/tags?post=44454"}],"curies":[{"name":"wp","href":"https:\/\/api.w.org\/{rel}","templated":true}]}}