{"id":44345,"date":"2022-07-15T09:01:29","date_gmt":"2022-07-15T07:01:29","guid":{"rendered":"https:\/\/www.revistarambla.com\/?p=44345"},"modified":"2023-12-29T13:39:08","modified_gmt":"2023-12-29T12:39:08","slug":"el-toro-del-destino","status":"publish","type":"post","link":"https:\/\/www.revistarambla.com\/en\/el-toro-del-destino\/","title":{"rendered":"El toro del destino"},"content":{"rendered":"<p><strong>14 de julio. Octavo y \u00faltimo encierro de San Ferm\u00edn.<\/strong> <!--more-->Los resucitados encierros de Pamplona de 2022 concluyeron con la presencia de los reyes de la carrera, los toros de la ganader\u00eda de Miura, que pastan en la sevillana Lora del R\u00edo. Son morlacos de cruz alta y porte atl\u00e9tico, con caracter\u00edstica giba, dotados de astas gruesas y amplias en cuyo pronunciado arco podr\u00eda dormir la Luna. Siempre demuestran su velocidad y hoy no ha sido la excepci\u00f3n: tanto han corrido \u2014el segundo encierro m\u00e1s r\u00e1pido de 2022, con 2,16 minutos\u2014 que les falt\u00f3 tiempo para fijarse en los corredores. Pese a ello dejaron un herido por asta y otros cinco contusos.<\/p>\n<p>As\u00ed, a toro pasado, se me ocurre que la vida de las personas, en cierto modo se parece al recorrido del encierro. Una y otro se inician con un tramo en el que todo es novedad, pues nunca se sabe con qu\u00e9 aires se presentar\u00e1 el Miura de la existencia. Y como empezamos a correr cual tabula rasa, hay que apretar fuerte para aprender todos los saberes, h\u00e1bitos y trucos que exigir\u00e1 el resto de la carrera. No resulta ligero el esfuerzo, para todos r\u00e1pido y cuesta arriba, y, por supuesto, m\u00e1s o menos agotador en unos casos u otros. Tambi\u00e9n, por desgracia, habr\u00e1 quien no corone esta primera pendiente de sobresaltos y alegr\u00edas.<\/p>\n<p>Ya conocidas las ma\u00f1as de esa vida fiera que nos persigue con la sempiterna amenaza de sus astas, pero que tambi\u00e9n incita a la carrera con promesas de gloria futura (y vana como todas las glorias, pero a\u00fan no lo sabe el corredor), se alcanza el tramo m\u00e1s largo, de trazado rectil\u00edneo en su mayor parte pero jalonado por alguna que otra curva proclive a los descalabros, donde Fortuna y habilidades deben aliarse para que el mozo no salga malparado en uno de esos sustos embozados tras el manto del jolgorio, la excesiva confianza en s\u00ed mismo o la costumbre&#8230; Sin olvidar la actuaci\u00f3n ajena, que por torpeza o ego\u00edsmo tambi\u00e9n puede hacernos morder el polvo del asfalto. No obstante, esta es la zona m\u00e1s apta para el corredor que se halla en plenitud de fuerzas; donde puede medirse con mayor gozo al morlaco del destino, aunque no todos los d\u00edas salga indemne de alguna que otra ca\u00edda o coscorr\u00f3n.<\/p>\n<p>A continuaci\u00f3n, el corredor se arrostra de bruces al descenso del callej\u00f3n, cuya abertura parece angosta pero en la cual han cabido y cabr\u00e1n todas las generaciones habidas y por haber, incluso en los momentos en que circunstancias extremas amontonan gente en su umbral como quien apila sacos de grano en un almac\u00e9n o convierte los prados en cementerios de guerra. Esta bajada es m\u00e1s traicionera que veloz, m\u00e1s violenta que exigente. Para sorpresa propia y ajena, muchos corredores que a\u00fan se creen r\u00e1pidos y lozanos pagan su tributo final en este tramo, antes de alcanzar la promesa final de la arena.<\/p>\n<p>Por fin, la plaza. Esa gran geometr\u00eda que designa la nada donde van finalmente a parar bestias y humanos (no pocos de ellos, m\u00e1s bestias a\u00fan que las antedichas). Y se acab\u00f3. Dos minutos y medio, tres y pico, algo m\u00e1s quiz\u00e1&#8230; La fugacidad es hermana de la desolaci\u00f3n, y el mismo sentimiento de vac\u00edo sobrecoge al anciano cuando hace arqueo de sus d\u00edas y se siente embargado de impotencia, por el paso raudo de los a\u00f1os, y de nostalgia, abrumado por el recuerdo de sus carreras en el encierro de los Sanfermines. Pero la fiesta seguir\u00e1 sin \u00e9l, y sin nosotros, y m\u00e1s tarde sin aquellos que la celebrar\u00e1n danzando sobre nuestros nombres olvidados.<\/p>\n<p><em>(*) Foto de portada: La Llorona Comunicaci\u00f3n \/ Ayto. Pamplona.<\/em><\/p>","protected":false},"excerpt":{"rendered":"<p>14 de julio. Octavo y \u00faltimo encierro de San Ferm\u00edn.<\/p>","protected":false},"author":21,"featured_media":44346,"comment_status":"closed","ping_status":"open","sticky":false,"template":"","format":"standard","meta":{"footnotes":""},"categories":[75],"tags":[],"class_list":["post-44345","post","type-post","status-publish","format-standard","has-post-thumbnail","hentry","category-letras-y-cuentos"],"yoast_head":"<!-- This site is optimized with the Yoast SEO plugin v27.5 - https:\/\/yoast.com\/product\/yoast-seo-wordpress\/ -->\n<title>El toro del destino - Revista Rambla<\/title>\n<meta name=\"robots\" content=\"index, follow, max-snippet:-1, max-image-preview:large, max-video-preview:-1\" \/>\n<link rel=\"canonical\" href=\"https:\/\/www.revistarambla.com\/en\/el-toro-del-destino\/\" \/>\n<meta property=\"og:locale\" content=\"en_GB\" \/>\n<meta property=\"og:type\" content=\"article\" \/>\n<meta property=\"og:title\" content=\"El toro del destino - Revista Rambla\" \/>\n<meta property=\"og:description\" content=\"14 de julio. Octavo y \u00faltimo encierro de San Ferm\u00edn.\" \/>\n<meta property=\"og:url\" content=\"https:\/\/www.revistarambla.com\/en\/el-toro-del-destino\/\" \/>\n<meta property=\"og:site_name\" content=\"Revista Rambla\" \/>\n<meta property=\"article:publisher\" content=\"https:\/\/www.facebook.com\/revistarambla\/\" \/>\n<meta property=\"article:author\" content=\"https:\/\/www.facebook.com\/Ignacio.gonzalezorozco\" \/>\n<meta property=\"article:published_time\" content=\"2022-07-15T07:01:29+00:00\" \/>\n<meta property=\"article:modified_time\" content=\"2023-12-29T12:39:08+00:00\" \/>\n<meta property=\"og:image\" content=\"https:\/\/www.revistarambla.com\/wp-content\/uploads\/2022\/07\/DSC6339.jpg\" \/>\n\t<meta property=\"og:image:width\" content=\"1128\" \/>\n\t<meta property=\"og:image:height\" content=\"752\" \/>\n\t<meta property=\"og:image:type\" content=\"image\/jpeg\" \/>\n<meta name=\"author\" content=\"Ignacio Gonz\u00e1lez Orozco\" \/>\n<meta name=\"twitter:card\" content=\"summary_large_image\" \/>\n<meta name=\"twitter:creator\" content=\"@iggonor\" \/>\n<meta name=\"twitter:site\" content=\"@revistarambla\" \/>\n<meta name=\"twitter:label1\" content=\"Written by\" \/>\n\t<meta name=\"twitter:data1\" content=\"Ignacio Gonz\u00e1lez Orozco\" \/>\n\t<meta name=\"twitter:label2\" content=\"Estimated reading time\" \/>\n\t<meta name=\"twitter:data2\" content=\"3 minutes\" \/>\n<script type=\"application\/ld+json\" class=\"yoast-schema-graph\">{\"@context\":\"https:\\\/\\\/schema.org\",\"@graph\":[{\"@type\":\"Article\",\"@id\":\"https:\\\/\\\/www.revistarambla.com\\\/el-toro-del-destino\\\/#article\",\"isPartOf\":{\"@id\":\"https:\\\/\\\/www.revistarambla.com\\\/el-toro-del-destino\\\/\"},\"author\":{\"name\":\"Ignacio Gonz\u00e1lez Orozco\",\"@id\":\"https:\\\/\\\/www.revistarambla.com\\\/#\\\/schema\\\/person\\\/f57e0b5bc0173cd6b95a123fd3fcca75\"},\"headline\":\"El toro del destino\",\"datePublished\":\"2022-07-15T07:01:29+00:00\",\"dateModified\":\"2023-12-29T12:39:08+00:00\",\"mainEntityOfPage\":{\"@id\":\"https:\\\/\\\/www.revistarambla.com\\\/el-toro-del-destino\\\/\"},\"wordCount\":656,\"publisher\":{\"@id\":\"https:\\\/\\\/www.revistarambla.com\\\/#organization\"},\"image\":{\"@id\":\"https:\\\/\\\/www.revistarambla.com\\\/el-toro-del-destino\\\/#primaryimage\"},\"thumbnailUrl\":\"https:\\\/\\\/www.revistarambla.com\\\/wp-content\\\/uploads\\\/2022\\\/07\\\/DSC6339.jpg\",\"articleSection\":[\"Letras y Cuentos\"],\"inLanguage\":\"en-GB\"},{\"@type\":\"WebPage\",\"@id\":\"https:\\\/\\\/www.revistarambla.com\\\/el-toro-del-destino\\\/\",\"url\":\"https:\\\/\\\/www.revistarambla.com\\\/el-toro-del-destino\\\/\",\"name\":\"El toro del destino - Revista Rambla\",\"isPartOf\":{\"@id\":\"https:\\\/\\\/www.revistarambla.com\\\/#website\"},\"primaryImageOfPage\":{\"@id\":\"https:\\\/\\\/www.revistarambla.com\\\/el-toro-del-destino\\\/#primaryimage\"},\"image\":{\"@id\":\"https:\\\/\\\/www.revistarambla.com\\\/el-toro-del-destino\\\/#primaryimage\"},\"thumbnailUrl\":\"https:\\\/\\\/www.revistarambla.com\\\/wp-content\\\/uploads\\\/2022\\\/07\\\/DSC6339.jpg\",\"datePublished\":\"2022-07-15T07:01:29+00:00\",\"dateModified\":\"2023-12-29T12:39:08+00:00\",\"breadcrumb\":{\"@id\":\"https:\\\/\\\/www.revistarambla.com\\\/el-toro-del-destino\\\/#breadcrumb\"},\"inLanguage\":\"en-GB\",\"potentialAction\":[{\"@type\":\"ReadAction\",\"target\":[\"https:\\\/\\\/www.revistarambla.com\\\/el-toro-del-destino\\\/\"]}]},{\"@type\":\"ImageObject\",\"inLanguage\":\"en-GB\",\"@id\":\"https:\\\/\\\/www.revistarambla.com\\\/el-toro-del-destino\\\/#primaryimage\",\"url\":\"https:\\\/\\\/www.revistarambla.com\\\/wp-content\\\/uploads\\\/2022\\\/07\\\/DSC6339.jpg\",\"contentUrl\":\"https:\\\/\\\/www.revistarambla.com\\\/wp-content\\\/uploads\\\/2022\\\/07\\\/DSC6339.jpg\",\"width\":1128,\"height\":752},{\"@type\":\"BreadcrumbList\",\"@id\":\"https:\\\/\\\/www.revistarambla.com\\\/el-toro-del-destino\\\/#breadcrumb\",\"itemListElement\":[{\"@type\":\"ListItem\",\"position\":1,\"name\":\"Portada\",\"item\":\"https:\\\/\\\/www.revistarambla.com\\\/\"},{\"@type\":\"ListItem\",\"position\":2,\"name\":\"El toro del destino\"}]},{\"@type\":\"WebSite\",\"@id\":\"https:\\\/\\\/www.revistarambla.com\\\/#website\",\"url\":\"https:\\\/\\\/www.revistarambla.com\\\/\",\"name\":\"Revista Rambla Barcelona\",\"description\":\"Periodismo independiente\",\"publisher\":{\"@id\":\"https:\\\/\\\/www.revistarambla.com\\\/#organization\"},\"potentialAction\":[{\"@type\":\"SearchAction\",\"target\":{\"@type\":\"EntryPoint\",\"urlTemplate\":\"https:\\\/\\\/www.revistarambla.com\\\/?s={search_term_string}\"},\"query-input\":{\"@type\":\"PropertyValueSpecification\",\"valueRequired\":true,\"valueName\":\"search_term_string\"}}],\"inLanguage\":\"en-GB\"},{\"@type\":\"Organization\",\"@id\":\"https:\\\/\\\/www.revistarambla.com\\\/#organization\",\"name\":\"Revista Rambla\",\"url\":\"https:\\\/\\\/www.revistarambla.com\\\/\",\"logo\":{\"@type\":\"ImageObject\",\"inLanguage\":\"en-GB\",\"@id\":\"https:\\\/\\\/www.revistarambla.com\\\/#\\\/schema\\\/logo\\\/image\\\/\",\"url\":\"https:\\\/\\\/www.revistarambla.com\\\/wp-content\\\/uploads\\\/2020\\\/09\\\/banner_rambla_1900x600_BB.png\",\"contentUrl\":\"https:\\\/\\\/www.revistarambla.com\\\/wp-content\\\/uploads\\\/2020\\\/09\\\/banner_rambla_1900x600_BB.png\",\"width\":1900,\"height\":600,\"caption\":\"Revista Rambla\"},\"image\":{\"@id\":\"https:\\\/\\\/www.revistarambla.com\\\/#\\\/schema\\\/logo\\\/image\\\/\"},\"sameAs\":[\"https:\\\/\\\/www.facebook.com\\\/revistarambla\\\/\",\"https:\\\/\\\/x.com\\\/revistarambla\",\"https:\\\/\\\/www.instagram.com\\\/revista_rambla\",\"https:\\\/\\\/es.linkedin.com\\\/company\\\/revista-rambla\"]},{\"@type\":\"Person\",\"@id\":\"https:\\\/\\\/www.revistarambla.com\\\/#\\\/schema\\\/person\\\/f57e0b5bc0173cd6b95a123fd3fcca75\",\"name\":\"Ignacio Gonz\u00e1lez Orozco\",\"description\":\"Editor, periodista y escritor. Autor de libros como 'Annual: todas las guerras, todas las v\u00edctimas' o 'Amores y quebrantos', entre muchos otros.\",\"sameAs\":[\"https:\\\/\\\/www.facebook.com\\\/Ignacio.gonzalezorozco\",\"https:\\\/\\\/x.com\\\/iggonor\"]}]}<\/script>\n<!-- \/ Yoast SEO plugin. -->","yoast_head_json":{"title":"El toro del destino - Revista Rambla","robots":{"index":"index","follow":"follow","max-snippet":"max-snippet:-1","max-image-preview":"max-image-preview:large","max-video-preview":"max-video-preview:-1"},"canonical":"https:\/\/www.revistarambla.com\/en\/el-toro-del-destino\/","og_locale":"en_GB","og_type":"article","og_title":"El toro del destino - Revista Rambla","og_description":"14 de julio. Octavo y \u00faltimo encierro de San Ferm\u00edn.","og_url":"https:\/\/www.revistarambla.com\/en\/el-toro-del-destino\/","og_site_name":"Revista Rambla","article_publisher":"https:\/\/www.facebook.com\/revistarambla\/","article_author":"https:\/\/www.facebook.com\/Ignacio.gonzalezorozco","article_published_time":"2022-07-15T07:01:29+00:00","article_modified_time":"2023-12-29T12:39:08+00:00","og_image":[{"width":1128,"height":752,"url":"https:\/\/www.revistarambla.com\/wp-content\/uploads\/2022\/07\/DSC6339.jpg","type":"image\/jpeg"}],"author":"Ignacio Gonz\u00e1lez Orozco","twitter_card":"summary_large_image","twitter_creator":"@iggonor","twitter_site":"@revistarambla","twitter_misc":{"Written by":"Ignacio Gonz\u00e1lez Orozco","Estimated reading time":"3 minutes"},"schema":{"@context":"https:\/\/schema.org","@graph":[{"@type":"Article","@id":"https:\/\/www.revistarambla.com\/el-toro-del-destino\/#article","isPartOf":{"@id":"https:\/\/www.revistarambla.com\/el-toro-del-destino\/"},"author":{"name":"Ignacio Gonz\u00e1lez Orozco","@id":"https:\/\/www.revistarambla.com\/#\/schema\/person\/f57e0b5bc0173cd6b95a123fd3fcca75"},"headline":"El toro del destino","datePublished":"2022-07-15T07:01:29+00:00","dateModified":"2023-12-29T12:39:08+00:00","mainEntityOfPage":{"@id":"https:\/\/www.revistarambla.com\/el-toro-del-destino\/"},"wordCount":656,"publisher":{"@id":"https:\/\/www.revistarambla.com\/#organization"},"image":{"@id":"https:\/\/www.revistarambla.com\/el-toro-del-destino\/#primaryimage"},"thumbnailUrl":"https:\/\/www.revistarambla.com\/wp-content\/uploads\/2022\/07\/DSC6339.jpg","articleSection":["Letras y Cuentos"],"inLanguage":"en-GB"},{"@type":"WebPage","@id":"https:\/\/www.revistarambla.com\/el-toro-del-destino\/","url":"https:\/\/www.revistarambla.com\/el-toro-del-destino\/","name":"El toro del destino - Revista Rambla","isPartOf":{"@id":"https:\/\/www.revistarambla.com\/#website"},"primaryImageOfPage":{"@id":"https:\/\/www.revistarambla.com\/el-toro-del-destino\/#primaryimage"},"image":{"@id":"https:\/\/www.revistarambla.com\/el-toro-del-destino\/#primaryimage"},"thumbnailUrl":"https:\/\/www.revistarambla.com\/wp-content\/uploads\/2022\/07\/DSC6339.jpg","datePublished":"2022-07-15T07:01:29+00:00","dateModified":"2023-12-29T12:39:08+00:00","breadcrumb":{"@id":"https:\/\/www.revistarambla.com\/el-toro-del-destino\/#breadcrumb"},"inLanguage":"en-GB","potentialAction":[{"@type":"ReadAction","target":["https:\/\/www.revistarambla.com\/el-toro-del-destino\/"]}]},{"@type":"ImageObject","inLanguage":"en-GB","@id":"https:\/\/www.revistarambla.com\/el-toro-del-destino\/#primaryimage","url":"https:\/\/www.revistarambla.com\/wp-content\/uploads\/2022\/07\/DSC6339.jpg","contentUrl":"https:\/\/www.revistarambla.com\/wp-content\/uploads\/2022\/07\/DSC6339.jpg","width":1128,"height":752},{"@type":"BreadcrumbList","@id":"https:\/\/www.revistarambla.com\/el-toro-del-destino\/#breadcrumb","itemListElement":[{"@type":"ListItem","position":1,"name":"Portada","item":"https:\/\/www.revistarambla.com\/"},{"@type":"ListItem","position":2,"name":"El toro del destino"}]},{"@type":"WebSite","@id":"https:\/\/www.revistarambla.com\/#website","url":"https:\/\/www.revistarambla.com\/","name":"Revista Rambla Barcelona","description":"Periodismo independiente","publisher":{"@id":"https:\/\/www.revistarambla.com\/#organization"},"potentialAction":[{"@type":"SearchAction","target":{"@type":"EntryPoint","urlTemplate":"https:\/\/www.revistarambla.com\/?s={search_term_string}"},"query-input":{"@type":"PropertyValueSpecification","valueRequired":true,"valueName":"search_term_string"}}],"inLanguage":"en-GB"},{"@type":"Organization","@id":"https:\/\/www.revistarambla.com\/#organization","name":"Revista Rambla","url":"https:\/\/www.revistarambla.com\/","logo":{"@type":"ImageObject","inLanguage":"en-GB","@id":"https:\/\/www.revistarambla.com\/#\/schema\/logo\/image\/","url":"https:\/\/www.revistarambla.com\/wp-content\/uploads\/2020\/09\/banner_rambla_1900x600_BB.png","contentUrl":"https:\/\/www.revistarambla.com\/wp-content\/uploads\/2020\/09\/banner_rambla_1900x600_BB.png","width":1900,"height":600,"caption":"Revista Rambla"},"image":{"@id":"https:\/\/www.revistarambla.com\/#\/schema\/logo\/image\/"},"sameAs":["https:\/\/www.facebook.com\/revistarambla\/","https:\/\/x.com\/revistarambla","https:\/\/www.instagram.com\/revista_rambla","https:\/\/es.linkedin.com\/company\/revista-rambla"]},{"@type":"Person","@id":"https:\/\/www.revistarambla.com\/#\/schema\/person\/f57e0b5bc0173cd6b95a123fd3fcca75","name":"Ignacio Gonz\u00e1lez Orozco","description":"Editor, periodista y escritor. Autor de libros como 'Annual: todas las guerras, todas las v\u00edctimas' o 'Amores y quebrantos', entre muchos otros.","sameAs":["https:\/\/www.facebook.com\/Ignacio.gonzalezorozco","https:\/\/x.com\/iggonor"]}]}},"_links":{"self":[{"href":"https:\/\/www.revistarambla.com\/en\/wp-json\/wp\/v2\/posts\/44345","targetHints":{"allow":["GET"]}}],"collection":[{"href":"https:\/\/www.revistarambla.com\/en\/wp-json\/wp\/v2\/posts"}],"about":[{"href":"https:\/\/www.revistarambla.com\/en\/wp-json\/wp\/v2\/types\/post"}],"author":[{"embeddable":true,"href":"https:\/\/www.revistarambla.com\/en\/wp-json\/wp\/v2\/users\/21"}],"replies":[{"embeddable":true,"href":"https:\/\/www.revistarambla.com\/en\/wp-json\/wp\/v2\/comments?post=44345"}],"version-history":[{"count":3,"href":"https:\/\/www.revistarambla.com\/en\/wp-json\/wp\/v2\/posts\/44345\/revisions"}],"predecessor-version":[{"id":44371,"href":"https:\/\/www.revistarambla.com\/en\/wp-json\/wp\/v2\/posts\/44345\/revisions\/44371"}],"wp:featuredmedia":[{"embeddable":true,"href":"https:\/\/www.revistarambla.com\/en\/wp-json\/wp\/v2\/media\/44346"}],"wp:attachment":[{"href":"https:\/\/www.revistarambla.com\/en\/wp-json\/wp\/v2\/media?parent=44345"}],"wp:term":[{"taxonomy":"category","embeddable":true,"href":"https:\/\/www.revistarambla.com\/en\/wp-json\/wp\/v2\/categories?post=44345"},{"taxonomy":"post_tag","embeddable":true,"href":"https:\/\/www.revistarambla.com\/en\/wp-json\/wp\/v2\/tags?post=44345"}],"curies":[{"name":"wp","href":"https:\/\/api.w.org\/{rel}","templated":true}]}}