{"id":44342,"date":"2022-07-15T09:02:01","date_gmt":"2022-07-15T07:02:01","guid":{"rendered":"https:\/\/www.revistarambla.com\/?p=44342"},"modified":"2023-12-29T13:39:08","modified_gmt":"2023-12-29T12:39:08","slug":"heroes-o-miedosos","status":"publish","type":"post","link":"https:\/\/www.revistarambla.com\/en\/heroes-o-miedosos\/","title":{"rendered":"\u00bfH\u00e9roes o miedosos?"},"content":{"rendered":"<p><strong>13 de julio. S\u00e9ptimo encierro de San Ferm\u00edn.<\/strong> <!--more-->Los toros de Victoriano del R\u00edo \u2014que no es un dictador latinoamericano, aunque su pomposo nombre pueda sugerirlo\u2014 convirtieron el encierro de Pamplona en un circuito de F\u00f3rmula 1, pues apenas tardaron dos minutos y catorce segundos en recorrer los 875 m que median entre los corrales de Santo Domingo y la plaza de Toros. Es decir, trotaron a una velocidad media de 23,5 km\/h.<\/p>\n<p>Ante semejante animal, r\u00e1pido, bien armado y tan fuerte que es capaz de alzar tres veces su peso, no parece extra\u00f1o que los corredores del encierro sientan miedo, aunque la impresi\u00f3n sea de temeridad, pues solo as\u00ed se explican esas arrimadas casi suicidas a las astas del morlaco, en plena carrera. Y es que quiz\u00e1 vayan de la mano miedo y hero\u00edsmo, como si este \u00faltimo fuera la epifan\u00eda final de una tensi\u00f3n que primero arredra y paraliza, pero a la fuerza tiene que terminar explotando. Por algo dej\u00f3 escrito en sus Ensayos el gran humanista franc\u00e9s Michel de Montaigne (1533-1592) que el miedo provoca las conductas m\u00e1s inexplicables del ser humano, y aun las m\u00e1s rid\u00edculas. Entre los ejemplos citados para argumentar su aserto figuraba el comportamiento de los soldados romanos derrotados en la batalla de Cannas (216 a.C.) por el cartagin\u00e9s An\u00edbal. Cuando todas las esperanzas de victoria les hab\u00edan abandonado, y por temor a la crueldad de los guerreros p\u00fanicos, los latinos arremetieron con \u00edmpetu inesperado contra las l\u00edneas enemigas y lograron desbaratarlas, tras lo cual echaron a correr hacia su ciudad&#8230; \u00a1Qu\u00e9 actitud tan absurda!, se lamentaba Montaigne: \u00a1de mantenerse en el campo de batalla, los romanos hubieran vencido a los asombrados cartagineses! Son las estupideces del miedo.<\/p>\n<p>Otro efecto del miedo es la devoci\u00f3n. Llama la atenci\u00f3n que en estos tiempos \u00abmodelnos\u00bb tan secularizados \u2014de eso se duele la Iglesia\u2014 los momentos previos al encierro se conviertan en una suerte de profesi\u00f3n de fe p\u00fablica, con muchos corredores besando estampitas, rezando y\/o persign\u00e1ndose transidos de fren\u00e9tica insistencia, como si martilleasen la mente de Dios para recabar su atenci\u00f3n privilegiada. Cabe pensar que la mayor\u00eda de ellos solo se acuerdan de la divinidad, por si acaso, cuando barruntan el peligro de esos morlacos de conducta impredecible, mientras que el resto de sus d\u00edas viran el pensamiento hacia latitudes m\u00e1s terrenales y despreocupadas y, sobre todo, imp\u00edas. Lo que no s\u00e9, porque no soy te\u00f3logo, es si tan interesado ataque de devoci\u00f3n merece la simpat\u00eda divina. Un tanto hip\u00f3crita es el gesto, \u00bfno les parece?<\/p>\n<p>Tambi\u00e9n dicen que quien canta su miedo espanta. Con sus tres c\u00e1nticos ante la hornacina de san Ferm\u00edn, el corredor se siente protegido por el patrono de sus fatigas y hermanado a la tropa de sus hom\u00f3logos. Porque su mejor defensa ante el toro no solo consiste en el favor celestial, ni en la agilidad y los reflejos sin m\u00e1s; buena parte de sus posibilidades de supervivencia dependen de la masa humana que envuelve y distrae a la bestia con variopintos est\u00edmulos, del mismo modo que la cebra se conf\u00eda a ese caos visual de grupas atigradas de la manada, que confunde la visi\u00f3n del predador, incapacitado para detenerse a observar con pausa y criterio esa suerte de Pollock en desbandada que la naturaleza le ofrece. Y es que la historia no se escribi\u00f3 nunca sin la muchedumbre, por mucho que la firmen los h\u00e9roes.<\/p>\n<p><em>(*) Foto de portada: La Llorona Comunicacion \/ Ayto. Pamplona.<\/em><\/p>","protected":false},"excerpt":{"rendered":"<p>13 de julio. S\u00e9ptimo encierro de San Ferm\u00edn.<\/p>","protected":false},"author":21,"featured_media":44343,"comment_status":"closed","ping_status":"open","sticky":false,"template":"","format":"standard","meta":{"footnotes":""},"categories":[75],"tags":[],"class_list":["post-44342","post","type-post","status-publish","format-standard","has-post-thumbnail","hentry","category-letras-y-cuentos"],"yoast_head":"<!-- This site is optimized with the Yoast SEO plugin v27.5 - https:\/\/yoast.com\/product\/yoast-seo-wordpress\/ -->\n<title>\u00bfH\u00e9roes o miedosos? - Revista Rambla<\/title>\n<meta name=\"robots\" content=\"index, follow, max-snippet:-1, max-image-preview:large, max-video-preview:-1\" \/>\n<link rel=\"canonical\" href=\"https:\/\/www.revistarambla.com\/en\/heroes-o-miedosos\/\" \/>\n<meta property=\"og:locale\" content=\"en_GB\" \/>\n<meta property=\"og:type\" content=\"article\" \/>\n<meta property=\"og:title\" content=\"\u00bfH\u00e9roes o miedosos? - Revista Rambla\" \/>\n<meta property=\"og:description\" content=\"13 de julio. S\u00e9ptimo encierro de San Ferm\u00edn.\" \/>\n<meta property=\"og:url\" content=\"https:\/\/www.revistarambla.com\/en\/heroes-o-miedosos\/\" \/>\n<meta property=\"og:site_name\" content=\"Revista Rambla\" \/>\n<meta property=\"article:publisher\" content=\"https:\/\/www.facebook.com\/revistarambla\/\" \/>\n<meta property=\"article:author\" content=\"https:\/\/www.facebook.com\/Ignacio.gonzalezorozco\" \/>\n<meta property=\"article:published_time\" content=\"2022-07-15T07:02:01+00:00\" \/>\n<meta property=\"article:modified_time\" content=\"2023-12-29T12:39:08+00:00\" \/>\n<meta property=\"og:image\" content=\"https:\/\/www.revistarambla.com\/wp-content\/uploads\/2022\/07\/SF_panuelo_santo.jpg\" \/>\n\t<meta property=\"og:image:width\" content=\"1610\" \/>\n\t<meta property=\"og:image:height\" content=\"1074\" \/>\n\t<meta property=\"og:image:type\" content=\"image\/jpeg\" \/>\n<meta name=\"author\" content=\"Ignacio Gonz\u00e1lez Orozco\" \/>\n<meta name=\"twitter:card\" content=\"summary_large_image\" \/>\n<meta name=\"twitter:creator\" content=\"@iggonor\" \/>\n<meta name=\"twitter:site\" content=\"@revistarambla\" \/>\n<meta name=\"twitter:label1\" content=\"Written by\" \/>\n\t<meta name=\"twitter:data1\" content=\"Ignacio Gonz\u00e1lez Orozco\" \/>\n\t<meta name=\"twitter:label2\" content=\"Estimated reading time\" \/>\n\t<meta name=\"twitter:data2\" content=\"3 minutes\" \/>\n<script type=\"application\/ld+json\" class=\"yoast-schema-graph\">{\"@context\":\"https:\\\/\\\/schema.org\",\"@graph\":[{\"@type\":\"Article\",\"@id\":\"https:\\\/\\\/www.revistarambla.com\\\/heroes-o-miedosos\\\/#article\",\"isPartOf\":{\"@id\":\"https:\\\/\\\/www.revistarambla.com\\\/heroes-o-miedosos\\\/\"},\"author\":{\"name\":\"Ignacio Gonz\u00e1lez Orozco\",\"@id\":\"https:\\\/\\\/www.revistarambla.com\\\/#\\\/schema\\\/person\\\/f57e0b5bc0173cd6b95a123fd3fcca75\"},\"headline\":\"\u00bfH\u00e9roes o miedosos?\",\"datePublished\":\"2022-07-15T07:02:01+00:00\",\"dateModified\":\"2023-12-29T12:39:08+00:00\",\"mainEntityOfPage\":{\"@id\":\"https:\\\/\\\/www.revistarambla.com\\\/heroes-o-miedosos\\\/\"},\"wordCount\":619,\"publisher\":{\"@id\":\"https:\\\/\\\/www.revistarambla.com\\\/#organization\"},\"image\":{\"@id\":\"https:\\\/\\\/www.revistarambla.com\\\/heroes-o-miedosos\\\/#primaryimage\"},\"thumbnailUrl\":\"https:\\\/\\\/www.revistarambla.com\\\/wp-content\\\/uploads\\\/2022\\\/07\\\/SF_panuelo_santo.jpg\",\"articleSection\":[\"Letras y Cuentos\"],\"inLanguage\":\"en-GB\"},{\"@type\":\"WebPage\",\"@id\":\"https:\\\/\\\/www.revistarambla.com\\\/heroes-o-miedosos\\\/\",\"url\":\"https:\\\/\\\/www.revistarambla.com\\\/heroes-o-miedosos\\\/\",\"name\":\"\u00bfH\u00e9roes o miedosos? - Revista Rambla\",\"isPartOf\":{\"@id\":\"https:\\\/\\\/www.revistarambla.com\\\/#website\"},\"primaryImageOfPage\":{\"@id\":\"https:\\\/\\\/www.revistarambla.com\\\/heroes-o-miedosos\\\/#primaryimage\"},\"image\":{\"@id\":\"https:\\\/\\\/www.revistarambla.com\\\/heroes-o-miedosos\\\/#primaryimage\"},\"thumbnailUrl\":\"https:\\\/\\\/www.revistarambla.com\\\/wp-content\\\/uploads\\\/2022\\\/07\\\/SF_panuelo_santo.jpg\",\"datePublished\":\"2022-07-15T07:02:01+00:00\",\"dateModified\":\"2023-12-29T12:39:08+00:00\",\"breadcrumb\":{\"@id\":\"https:\\\/\\\/www.revistarambla.com\\\/heroes-o-miedosos\\\/#breadcrumb\"},\"inLanguage\":\"en-GB\",\"potentialAction\":[{\"@type\":\"ReadAction\",\"target\":[\"https:\\\/\\\/www.revistarambla.com\\\/heroes-o-miedosos\\\/\"]}]},{\"@type\":\"ImageObject\",\"inLanguage\":\"en-GB\",\"@id\":\"https:\\\/\\\/www.revistarambla.com\\\/heroes-o-miedosos\\\/#primaryimage\",\"url\":\"https:\\\/\\\/www.revistarambla.com\\\/wp-content\\\/uploads\\\/2022\\\/07\\\/SF_panuelo_santo.jpg\",\"contentUrl\":\"https:\\\/\\\/www.revistarambla.com\\\/wp-content\\\/uploads\\\/2022\\\/07\\\/SF_panuelo_santo.jpg\",\"width\":1610,\"height\":1074},{\"@type\":\"BreadcrumbList\",\"@id\":\"https:\\\/\\\/www.revistarambla.com\\\/heroes-o-miedosos\\\/#breadcrumb\",\"itemListElement\":[{\"@type\":\"ListItem\",\"position\":1,\"name\":\"Portada\",\"item\":\"https:\\\/\\\/www.revistarambla.com\\\/\"},{\"@type\":\"ListItem\",\"position\":2,\"name\":\"\u00bfH\u00e9roes o miedosos?\"}]},{\"@type\":\"WebSite\",\"@id\":\"https:\\\/\\\/www.revistarambla.com\\\/#website\",\"url\":\"https:\\\/\\\/www.revistarambla.com\\\/\",\"name\":\"Revista Rambla Barcelona\",\"description\":\"Periodismo independiente\",\"publisher\":{\"@id\":\"https:\\\/\\\/www.revistarambla.com\\\/#organization\"},\"potentialAction\":[{\"@type\":\"SearchAction\",\"target\":{\"@type\":\"EntryPoint\",\"urlTemplate\":\"https:\\\/\\\/www.revistarambla.com\\\/?s={search_term_string}\"},\"query-input\":{\"@type\":\"PropertyValueSpecification\",\"valueRequired\":true,\"valueName\":\"search_term_string\"}}],\"inLanguage\":\"en-GB\"},{\"@type\":\"Organization\",\"@id\":\"https:\\\/\\\/www.revistarambla.com\\\/#organization\",\"name\":\"Revista Rambla\",\"url\":\"https:\\\/\\\/www.revistarambla.com\\\/\",\"logo\":{\"@type\":\"ImageObject\",\"inLanguage\":\"en-GB\",\"@id\":\"https:\\\/\\\/www.revistarambla.com\\\/#\\\/schema\\\/logo\\\/image\\\/\",\"url\":\"https:\\\/\\\/www.revistarambla.com\\\/wp-content\\\/uploads\\\/2020\\\/09\\\/banner_rambla_1900x600_BB.png\",\"contentUrl\":\"https:\\\/\\\/www.revistarambla.com\\\/wp-content\\\/uploads\\\/2020\\\/09\\\/banner_rambla_1900x600_BB.png\",\"width\":1900,\"height\":600,\"caption\":\"Revista Rambla\"},\"image\":{\"@id\":\"https:\\\/\\\/www.revistarambla.com\\\/#\\\/schema\\\/logo\\\/image\\\/\"},\"sameAs\":[\"https:\\\/\\\/www.facebook.com\\\/revistarambla\\\/\",\"https:\\\/\\\/x.com\\\/revistarambla\",\"https:\\\/\\\/www.instagram.com\\\/revista_rambla\",\"https:\\\/\\\/es.linkedin.com\\\/company\\\/revista-rambla\"]},{\"@type\":\"Person\",\"@id\":\"https:\\\/\\\/www.revistarambla.com\\\/#\\\/schema\\\/person\\\/f57e0b5bc0173cd6b95a123fd3fcca75\",\"name\":\"Ignacio Gonz\u00e1lez Orozco\",\"description\":\"Editor, periodista y escritor. Autor de libros como 'Annual: todas las guerras, todas las v\u00edctimas' o 'Amores y quebrantos', entre muchos otros.\",\"sameAs\":[\"https:\\\/\\\/www.facebook.com\\\/Ignacio.gonzalezorozco\",\"https:\\\/\\\/x.com\\\/iggonor\"]}]}<\/script>\n<!-- \/ Yoast SEO plugin. -->","yoast_head_json":{"title":"\u00bfH\u00e9roes o miedosos? - Revista Rambla","robots":{"index":"index","follow":"follow","max-snippet":"max-snippet:-1","max-image-preview":"max-image-preview:large","max-video-preview":"max-video-preview:-1"},"canonical":"https:\/\/www.revistarambla.com\/en\/heroes-o-miedosos\/","og_locale":"en_GB","og_type":"article","og_title":"\u00bfH\u00e9roes o miedosos? - Revista Rambla","og_description":"13 de julio. S\u00e9ptimo encierro de San Ferm\u00edn.","og_url":"https:\/\/www.revistarambla.com\/en\/heroes-o-miedosos\/","og_site_name":"Revista Rambla","article_publisher":"https:\/\/www.facebook.com\/revistarambla\/","article_author":"https:\/\/www.facebook.com\/Ignacio.gonzalezorozco","article_published_time":"2022-07-15T07:02:01+00:00","article_modified_time":"2023-12-29T12:39:08+00:00","og_image":[{"width":1610,"height":1074,"url":"https:\/\/www.revistarambla.com\/wp-content\/uploads\/2022\/07\/SF_panuelo_santo.jpg","type":"image\/jpeg"}],"author":"Ignacio Gonz\u00e1lez Orozco","twitter_card":"summary_large_image","twitter_creator":"@iggonor","twitter_site":"@revistarambla","twitter_misc":{"Written by":"Ignacio Gonz\u00e1lez Orozco","Estimated reading time":"3 minutes"},"schema":{"@context":"https:\/\/schema.org","@graph":[{"@type":"Article","@id":"https:\/\/www.revistarambla.com\/heroes-o-miedosos\/#article","isPartOf":{"@id":"https:\/\/www.revistarambla.com\/heroes-o-miedosos\/"},"author":{"name":"Ignacio Gonz\u00e1lez Orozco","@id":"https:\/\/www.revistarambla.com\/#\/schema\/person\/f57e0b5bc0173cd6b95a123fd3fcca75"},"headline":"\u00bfH\u00e9roes o miedosos?","datePublished":"2022-07-15T07:02:01+00:00","dateModified":"2023-12-29T12:39:08+00:00","mainEntityOfPage":{"@id":"https:\/\/www.revistarambla.com\/heroes-o-miedosos\/"},"wordCount":619,"publisher":{"@id":"https:\/\/www.revistarambla.com\/#organization"},"image":{"@id":"https:\/\/www.revistarambla.com\/heroes-o-miedosos\/#primaryimage"},"thumbnailUrl":"https:\/\/www.revistarambla.com\/wp-content\/uploads\/2022\/07\/SF_panuelo_santo.jpg","articleSection":["Letras y Cuentos"],"inLanguage":"en-GB"},{"@type":"WebPage","@id":"https:\/\/www.revistarambla.com\/heroes-o-miedosos\/","url":"https:\/\/www.revistarambla.com\/heroes-o-miedosos\/","name":"\u00bfH\u00e9roes o miedosos? - Revista Rambla","isPartOf":{"@id":"https:\/\/www.revistarambla.com\/#website"},"primaryImageOfPage":{"@id":"https:\/\/www.revistarambla.com\/heroes-o-miedosos\/#primaryimage"},"image":{"@id":"https:\/\/www.revistarambla.com\/heroes-o-miedosos\/#primaryimage"},"thumbnailUrl":"https:\/\/www.revistarambla.com\/wp-content\/uploads\/2022\/07\/SF_panuelo_santo.jpg","datePublished":"2022-07-15T07:02:01+00:00","dateModified":"2023-12-29T12:39:08+00:00","breadcrumb":{"@id":"https:\/\/www.revistarambla.com\/heroes-o-miedosos\/#breadcrumb"},"inLanguage":"en-GB","potentialAction":[{"@type":"ReadAction","target":["https:\/\/www.revistarambla.com\/heroes-o-miedosos\/"]}]},{"@type":"ImageObject","inLanguage":"en-GB","@id":"https:\/\/www.revistarambla.com\/heroes-o-miedosos\/#primaryimage","url":"https:\/\/www.revistarambla.com\/wp-content\/uploads\/2022\/07\/SF_panuelo_santo.jpg","contentUrl":"https:\/\/www.revistarambla.com\/wp-content\/uploads\/2022\/07\/SF_panuelo_santo.jpg","width":1610,"height":1074},{"@type":"BreadcrumbList","@id":"https:\/\/www.revistarambla.com\/heroes-o-miedosos\/#breadcrumb","itemListElement":[{"@type":"ListItem","position":1,"name":"Portada","item":"https:\/\/www.revistarambla.com\/"},{"@type":"ListItem","position":2,"name":"\u00bfH\u00e9roes o miedosos?"}]},{"@type":"WebSite","@id":"https:\/\/www.revistarambla.com\/#website","url":"https:\/\/www.revistarambla.com\/","name":"Revista Rambla Barcelona","description":"Periodismo independiente","publisher":{"@id":"https:\/\/www.revistarambla.com\/#organization"},"potentialAction":[{"@type":"SearchAction","target":{"@type":"EntryPoint","urlTemplate":"https:\/\/www.revistarambla.com\/?s={search_term_string}"},"query-input":{"@type":"PropertyValueSpecification","valueRequired":true,"valueName":"search_term_string"}}],"inLanguage":"en-GB"},{"@type":"Organization","@id":"https:\/\/www.revistarambla.com\/#organization","name":"Revista Rambla","url":"https:\/\/www.revistarambla.com\/","logo":{"@type":"ImageObject","inLanguage":"en-GB","@id":"https:\/\/www.revistarambla.com\/#\/schema\/logo\/image\/","url":"https:\/\/www.revistarambla.com\/wp-content\/uploads\/2020\/09\/banner_rambla_1900x600_BB.png","contentUrl":"https:\/\/www.revistarambla.com\/wp-content\/uploads\/2020\/09\/banner_rambla_1900x600_BB.png","width":1900,"height":600,"caption":"Revista Rambla"},"image":{"@id":"https:\/\/www.revistarambla.com\/#\/schema\/logo\/image\/"},"sameAs":["https:\/\/www.facebook.com\/revistarambla\/","https:\/\/x.com\/revistarambla","https:\/\/www.instagram.com\/revista_rambla","https:\/\/es.linkedin.com\/company\/revista-rambla"]},{"@type":"Person","@id":"https:\/\/www.revistarambla.com\/#\/schema\/person\/f57e0b5bc0173cd6b95a123fd3fcca75","name":"Ignacio Gonz\u00e1lez Orozco","description":"Editor, periodista y escritor. Autor de libros como 'Annual: todas las guerras, todas las v\u00edctimas' o 'Amores y quebrantos', entre muchos otros.","sameAs":["https:\/\/www.facebook.com\/Ignacio.gonzalezorozco","https:\/\/x.com\/iggonor"]}]}},"_links":{"self":[{"href":"https:\/\/www.revistarambla.com\/en\/wp-json\/wp\/v2\/posts\/44342","targetHints":{"allow":["GET"]}}],"collection":[{"href":"https:\/\/www.revistarambla.com\/en\/wp-json\/wp\/v2\/posts"}],"about":[{"href":"https:\/\/www.revistarambla.com\/en\/wp-json\/wp\/v2\/types\/post"}],"author":[{"embeddable":true,"href":"https:\/\/www.revistarambla.com\/en\/wp-json\/wp\/v2\/users\/21"}],"replies":[{"embeddable":true,"href":"https:\/\/www.revistarambla.com\/en\/wp-json\/wp\/v2\/comments?post=44342"}],"version-history":[{"count":3,"href":"https:\/\/www.revistarambla.com\/en\/wp-json\/wp\/v2\/posts\/44342\/revisions"}],"predecessor-version":[{"id":44370,"href":"https:\/\/www.revistarambla.com\/en\/wp-json\/wp\/v2\/posts\/44342\/revisions\/44370"}],"wp:featuredmedia":[{"embeddable":true,"href":"https:\/\/www.revistarambla.com\/en\/wp-json\/wp\/v2\/media\/44343"}],"wp:attachment":[{"href":"https:\/\/www.revistarambla.com\/en\/wp-json\/wp\/v2\/media?parent=44342"}],"wp:term":[{"taxonomy":"category","embeddable":true,"href":"https:\/\/www.revistarambla.com\/en\/wp-json\/wp\/v2\/categories?post=44342"},{"taxonomy":"post_tag","embeddable":true,"href":"https:\/\/www.revistarambla.com\/en\/wp-json\/wp\/v2\/tags?post=44342"}],"curies":[{"name":"wp","href":"https:\/\/api.w.org\/{rel}","templated":true}]}}