{"id":44339,"date":"2022-07-15T09:03:19","date_gmt":"2022-07-15T07:03:19","guid":{"rendered":"https:\/\/www.revistarambla.com\/?p=44339"},"modified":"2023-12-29T13:39:08","modified_gmt":"2023-12-29T12:39:08","slug":"pardillos","status":"publish","type":"post","link":"https:\/\/www.revistarambla.com\/en\/pardillos\/","title":{"rendered":"Pardillos"},"content":{"rendered":"<p><strong>12 de julio. Sexto encierro de San Ferm\u00edn.<\/strong> <!--more-->Corrieron por las calles de Pamplona los toros de la extreme\u00f1a Jandilla, morlacos \u00abpeligrosos\u00bb \u2014es un decir\u2014 que provocaron la \u00faltima muerte registrada en el encierro, el 10 de julio de 2009. En esta ocasi\u00f3n (2022) apenas hubo un herido por asta, a buen seguro accidental, pese a que muchos corredores fueron atropellados por el \u00edmpetu de la manada, incluida la moza que recibi\u00f3 un fenomenal topetazo en la plaza del Ayuntamiento.<\/p>\n<p>Salieron los Jandilla como balas del corral, aunque, \u00a1pobrecitos!, apenas resultaron munici\u00f3n de fogueo. Y no pudo ser de otra manera porque vienen predispuestos para ello, mediante el adoctrinamiento. \u00bfQue c\u00f3mo es eso? Reci\u00e9n nacido el animal, nada m\u00e1s pisar la dehesa y sin distinci\u00f3n de ganader\u00eda, pues se sabe que todas practican la misma enga\u00f1ifa, esta generaci\u00f3n de modernos toros de lidia aprende a pies juntillas el dec\u00e1logo que regir\u00e1 su carrera en el encierro, cuyos preceptos se resumen en tres:<\/p>\n<p>\u00abAmar\u00e1s a la Naturaleza por encima de todas las cosas, al ser humano como a tu propia especie y a la muerte que este te d\u00e9 como final feliz de tu existencia.\u00bb<\/p>\n<p>El mayoral relee las supremas normas a la manada todas las ma\u00f1anas, tras el canto del gallo. Y repite por \u00faltima vez su jaculatoria en los corrales pamploneses, antes del cohetazo, si bien en esa suprema ocasi\u00f3n con mayor pompa y est\u00edmulo, al a\u00f1adir a su arenga la canci\u00f3n de Coldplay que Pep Guardiola hac\u00eda escuchar a los jugadores del Bar\u00e7a en las v\u00edsperas de las grandes ocasiones.<\/p>\n<p>Gracias a este bombardeo continuado de preceptos, los bravos conocen con tr\u00e1gica nitidez su destino y su deber. Saben que han venido a un valle de l\u00e1grimas por la caprichosa disposici\u00f3n del ser humano y se preparan para no flaquear durante la prueba final. Empero, algunos de ellos, atentos a la rumorolog\u00eda, han o\u00eddo hablar de un mundo paralelo en el que una fuerza sobrenatural, llamada justicia, niega la bondad de su condena, brindando al astado una segunda vida&#8230;<\/p>\n<p>Se dice igualmente que tama\u00f1o beneficio debe ameritarse con la infamia, quebrantando el sacrosanto tercer mandamiento (\u00abNunca renegar\u00e1s de la corrida\u00bb). Solo los m\u00e1s osados se atreven a intentarlo, con la esperanza de que su trascendencia individual est\u00e9 m\u00e1s all\u00e1 del estofado de rabo con patatas y setas. Al parecer, todos ellos han corrido la misma suerte que sus hermanos leales, y dicen que en condiciones infamantes&#8230;<\/p>\n<p>Ocurre incluso que otros, los de mejor voluntad, se creen transidos por la cuasi certeza de que la sangre vertida en la plaza no responde a un designio divino, sino a un problema de mala comunicaci\u00f3n entre especies&#8230; Za\u00ednos, albah\u00edos, jijones o jaboneros, todos ellos son pardillos.<\/p>\n<p><em>(*) Foto de portada: La Llorona Comunicaci\u00f3n \/ Ayto. Pamplona.<\/em><\/p>","protected":false},"excerpt":{"rendered":"<p>12 de julio. Sexto encierro de San Ferm\u00edn.<\/p>","protected":false},"author":21,"featured_media":44340,"comment_status":"closed","ping_status":"open","sticky":false,"template":"","format":"standard","meta":{"footnotes":""},"categories":[75],"tags":[],"class_list":["post-44339","post","type-post","status-publish","format-standard","has-post-thumbnail","hentry","category-letras-y-cuentos"],"yoast_head":"<!-- This site is optimized with the Yoast SEO plugin v27.5 - https:\/\/yoast.com\/product\/yoast-seo-wordpress\/ -->\n<title>Pardillos - Revista Rambla<\/title>\n<meta name=\"robots\" content=\"index, follow, max-snippet:-1, max-image-preview:large, max-video-preview:-1\" \/>\n<link rel=\"canonical\" href=\"https:\/\/www.revistarambla.com\/en\/pardillos\/\" \/>\n<meta property=\"og:locale\" content=\"en_GB\" \/>\n<meta property=\"og:type\" content=\"article\" \/>\n<meta property=\"og:title\" content=\"Pardillos - Revista Rambla\" \/>\n<meta property=\"og:description\" content=\"12 de julio. Sexto encierro de San Ferm\u00edn.\" \/>\n<meta property=\"og:url\" content=\"https:\/\/www.revistarambla.com\/en\/pardillos\/\" \/>\n<meta property=\"og:site_name\" content=\"Revista Rambla\" \/>\n<meta property=\"article:publisher\" content=\"https:\/\/www.facebook.com\/revistarambla\/\" \/>\n<meta property=\"article:author\" content=\"https:\/\/www.facebook.com\/Ignacio.gonzalezorozco\" \/>\n<meta property=\"article:published_time\" content=\"2022-07-15T07:03:19+00:00\" \/>\n<meta property=\"article:modified_time\" content=\"2023-12-29T12:39:08+00:00\" \/>\n<meta property=\"og:image\" content=\"https:\/\/www.revistarambla.com\/wp-content\/uploads\/2022\/07\/encierrillo-1.jpg\" \/>\n\t<meta property=\"og:image:width\" content=\"900\" \/>\n\t<meta property=\"og:image:height\" content=\"575\" \/>\n\t<meta property=\"og:image:type\" content=\"image\/jpeg\" \/>\n<meta name=\"author\" content=\"Ignacio Gonz\u00e1lez Orozco\" \/>\n<meta name=\"twitter:card\" content=\"summary_large_image\" \/>\n<meta name=\"twitter:creator\" content=\"@iggonor\" \/>\n<meta name=\"twitter:site\" content=\"@revistarambla\" \/>\n<meta name=\"twitter:label1\" content=\"Written by\" \/>\n\t<meta name=\"twitter:data1\" content=\"Ignacio Gonz\u00e1lez Orozco\" \/>\n\t<meta name=\"twitter:label2\" content=\"Estimated reading time\" \/>\n\t<meta name=\"twitter:data2\" content=\"3 minutes\" \/>\n<script type=\"application\/ld+json\" class=\"yoast-schema-graph\">{\"@context\":\"https:\\\/\\\/schema.org\",\"@graph\":[{\"@type\":\"Article\",\"@id\":\"https:\\\/\\\/www.revistarambla.com\\\/pardillos\\\/#article\",\"isPartOf\":{\"@id\":\"https:\\\/\\\/www.revistarambla.com\\\/pardillos\\\/\"},\"author\":{\"name\":\"Ignacio Gonz\u00e1lez Orozco\",\"@id\":\"https:\\\/\\\/www.revistarambla.com\\\/#\\\/schema\\\/person\\\/f57e0b5bc0173cd6b95a123fd3fcca75\"},\"headline\":\"Pardillos\",\"datePublished\":\"2022-07-15T07:03:19+00:00\",\"dateModified\":\"2023-12-29T12:39:08+00:00\",\"mainEntityOfPage\":{\"@id\":\"https:\\\/\\\/www.revistarambla.com\\\/pardillos\\\/\"},\"wordCount\":494,\"publisher\":{\"@id\":\"https:\\\/\\\/www.revistarambla.com\\\/#organization\"},\"image\":{\"@id\":\"https:\\\/\\\/www.revistarambla.com\\\/pardillos\\\/#primaryimage\"},\"thumbnailUrl\":\"https:\\\/\\\/www.revistarambla.com\\\/wp-content\\\/uploads\\\/2022\\\/07\\\/encierrillo-1.jpg\",\"articleSection\":[\"Letras y Cuentos\"],\"inLanguage\":\"en-GB\"},{\"@type\":\"WebPage\",\"@id\":\"https:\\\/\\\/www.revistarambla.com\\\/pardillos\\\/\",\"url\":\"https:\\\/\\\/www.revistarambla.com\\\/pardillos\\\/\",\"name\":\"Pardillos - Revista Rambla\",\"isPartOf\":{\"@id\":\"https:\\\/\\\/www.revistarambla.com\\\/#website\"},\"primaryImageOfPage\":{\"@id\":\"https:\\\/\\\/www.revistarambla.com\\\/pardillos\\\/#primaryimage\"},\"image\":{\"@id\":\"https:\\\/\\\/www.revistarambla.com\\\/pardillos\\\/#primaryimage\"},\"thumbnailUrl\":\"https:\\\/\\\/www.revistarambla.com\\\/wp-content\\\/uploads\\\/2022\\\/07\\\/encierrillo-1.jpg\",\"datePublished\":\"2022-07-15T07:03:19+00:00\",\"dateModified\":\"2023-12-29T12:39:08+00:00\",\"breadcrumb\":{\"@id\":\"https:\\\/\\\/www.revistarambla.com\\\/pardillos\\\/#breadcrumb\"},\"inLanguage\":\"en-GB\",\"potentialAction\":[{\"@type\":\"ReadAction\",\"target\":[\"https:\\\/\\\/www.revistarambla.com\\\/pardillos\\\/\"]}]},{\"@type\":\"ImageObject\",\"inLanguage\":\"en-GB\",\"@id\":\"https:\\\/\\\/www.revistarambla.com\\\/pardillos\\\/#primaryimage\",\"url\":\"https:\\\/\\\/www.revistarambla.com\\\/wp-content\\\/uploads\\\/2022\\\/07\\\/encierrillo-1.jpg\",\"contentUrl\":\"https:\\\/\\\/www.revistarambla.com\\\/wp-content\\\/uploads\\\/2022\\\/07\\\/encierrillo-1.jpg\",\"width\":900,\"height\":575},{\"@type\":\"BreadcrumbList\",\"@id\":\"https:\\\/\\\/www.revistarambla.com\\\/pardillos\\\/#breadcrumb\",\"itemListElement\":[{\"@type\":\"ListItem\",\"position\":1,\"name\":\"Portada\",\"item\":\"https:\\\/\\\/www.revistarambla.com\\\/\"},{\"@type\":\"ListItem\",\"position\":2,\"name\":\"Pardillos\"}]},{\"@type\":\"WebSite\",\"@id\":\"https:\\\/\\\/www.revistarambla.com\\\/#website\",\"url\":\"https:\\\/\\\/www.revistarambla.com\\\/\",\"name\":\"Revista Rambla Barcelona\",\"description\":\"Periodismo independiente\",\"publisher\":{\"@id\":\"https:\\\/\\\/www.revistarambla.com\\\/#organization\"},\"potentialAction\":[{\"@type\":\"SearchAction\",\"target\":{\"@type\":\"EntryPoint\",\"urlTemplate\":\"https:\\\/\\\/www.revistarambla.com\\\/?s={search_term_string}\"},\"query-input\":{\"@type\":\"PropertyValueSpecification\",\"valueRequired\":true,\"valueName\":\"search_term_string\"}}],\"inLanguage\":\"en-GB\"},{\"@type\":\"Organization\",\"@id\":\"https:\\\/\\\/www.revistarambla.com\\\/#organization\",\"name\":\"Revista Rambla\",\"url\":\"https:\\\/\\\/www.revistarambla.com\\\/\",\"logo\":{\"@type\":\"ImageObject\",\"inLanguage\":\"en-GB\",\"@id\":\"https:\\\/\\\/www.revistarambla.com\\\/#\\\/schema\\\/logo\\\/image\\\/\",\"url\":\"https:\\\/\\\/www.revistarambla.com\\\/wp-content\\\/uploads\\\/2020\\\/09\\\/banner_rambla_1900x600_BB.png\",\"contentUrl\":\"https:\\\/\\\/www.revistarambla.com\\\/wp-content\\\/uploads\\\/2020\\\/09\\\/banner_rambla_1900x600_BB.png\",\"width\":1900,\"height\":600,\"caption\":\"Revista Rambla\"},\"image\":{\"@id\":\"https:\\\/\\\/www.revistarambla.com\\\/#\\\/schema\\\/logo\\\/image\\\/\"},\"sameAs\":[\"https:\\\/\\\/www.facebook.com\\\/revistarambla\\\/\",\"https:\\\/\\\/x.com\\\/revistarambla\",\"https:\\\/\\\/www.instagram.com\\\/revista_rambla\",\"https:\\\/\\\/es.linkedin.com\\\/company\\\/revista-rambla\"]},{\"@type\":\"Person\",\"@id\":\"https:\\\/\\\/www.revistarambla.com\\\/#\\\/schema\\\/person\\\/f57e0b5bc0173cd6b95a123fd3fcca75\",\"name\":\"Ignacio Gonz\u00e1lez Orozco\",\"description\":\"Editor, periodista y escritor. Autor de libros como 'Annual: todas las guerras, todas las v\u00edctimas' o 'Amores y quebrantos', entre muchos otros.\",\"sameAs\":[\"https:\\\/\\\/www.facebook.com\\\/Ignacio.gonzalezorozco\",\"https:\\\/\\\/x.com\\\/iggonor\"]}]}<\/script>\n<!-- \/ Yoast SEO plugin. -->","yoast_head_json":{"title":"Pardillos - Revista Rambla","robots":{"index":"index","follow":"follow","max-snippet":"max-snippet:-1","max-image-preview":"max-image-preview:large","max-video-preview":"max-video-preview:-1"},"canonical":"https:\/\/www.revistarambla.com\/en\/pardillos\/","og_locale":"en_GB","og_type":"article","og_title":"Pardillos - Revista Rambla","og_description":"12 de julio. Sexto encierro de San Ferm\u00edn.","og_url":"https:\/\/www.revistarambla.com\/en\/pardillos\/","og_site_name":"Revista Rambla","article_publisher":"https:\/\/www.facebook.com\/revistarambla\/","article_author":"https:\/\/www.facebook.com\/Ignacio.gonzalezorozco","article_published_time":"2022-07-15T07:03:19+00:00","article_modified_time":"2023-12-29T12:39:08+00:00","og_image":[{"width":900,"height":575,"url":"https:\/\/www.revistarambla.com\/wp-content\/uploads\/2022\/07\/encierrillo-1.jpg","type":"image\/jpeg"}],"author":"Ignacio Gonz\u00e1lez Orozco","twitter_card":"summary_large_image","twitter_creator":"@iggonor","twitter_site":"@revistarambla","twitter_misc":{"Written by":"Ignacio Gonz\u00e1lez Orozco","Estimated reading time":"3 minutes"},"schema":{"@context":"https:\/\/schema.org","@graph":[{"@type":"Article","@id":"https:\/\/www.revistarambla.com\/pardillos\/#article","isPartOf":{"@id":"https:\/\/www.revistarambla.com\/pardillos\/"},"author":{"name":"Ignacio Gonz\u00e1lez Orozco","@id":"https:\/\/www.revistarambla.com\/#\/schema\/person\/f57e0b5bc0173cd6b95a123fd3fcca75"},"headline":"Pardillos","datePublished":"2022-07-15T07:03:19+00:00","dateModified":"2023-12-29T12:39:08+00:00","mainEntityOfPage":{"@id":"https:\/\/www.revistarambla.com\/pardillos\/"},"wordCount":494,"publisher":{"@id":"https:\/\/www.revistarambla.com\/#organization"},"image":{"@id":"https:\/\/www.revistarambla.com\/pardillos\/#primaryimage"},"thumbnailUrl":"https:\/\/www.revistarambla.com\/wp-content\/uploads\/2022\/07\/encierrillo-1.jpg","articleSection":["Letras y Cuentos"],"inLanguage":"en-GB"},{"@type":"WebPage","@id":"https:\/\/www.revistarambla.com\/pardillos\/","url":"https:\/\/www.revistarambla.com\/pardillos\/","name":"Pardillos - Revista Rambla","isPartOf":{"@id":"https:\/\/www.revistarambla.com\/#website"},"primaryImageOfPage":{"@id":"https:\/\/www.revistarambla.com\/pardillos\/#primaryimage"},"image":{"@id":"https:\/\/www.revistarambla.com\/pardillos\/#primaryimage"},"thumbnailUrl":"https:\/\/www.revistarambla.com\/wp-content\/uploads\/2022\/07\/encierrillo-1.jpg","datePublished":"2022-07-15T07:03:19+00:00","dateModified":"2023-12-29T12:39:08+00:00","breadcrumb":{"@id":"https:\/\/www.revistarambla.com\/pardillos\/#breadcrumb"},"inLanguage":"en-GB","potentialAction":[{"@type":"ReadAction","target":["https:\/\/www.revistarambla.com\/pardillos\/"]}]},{"@type":"ImageObject","inLanguage":"en-GB","@id":"https:\/\/www.revistarambla.com\/pardillos\/#primaryimage","url":"https:\/\/www.revistarambla.com\/wp-content\/uploads\/2022\/07\/encierrillo-1.jpg","contentUrl":"https:\/\/www.revistarambla.com\/wp-content\/uploads\/2022\/07\/encierrillo-1.jpg","width":900,"height":575},{"@type":"BreadcrumbList","@id":"https:\/\/www.revistarambla.com\/pardillos\/#breadcrumb","itemListElement":[{"@type":"ListItem","position":1,"name":"Portada","item":"https:\/\/www.revistarambla.com\/"},{"@type":"ListItem","position":2,"name":"Pardillos"}]},{"@type":"WebSite","@id":"https:\/\/www.revistarambla.com\/#website","url":"https:\/\/www.revistarambla.com\/","name":"Revista Rambla Barcelona","description":"Periodismo independiente","publisher":{"@id":"https:\/\/www.revistarambla.com\/#organization"},"potentialAction":[{"@type":"SearchAction","target":{"@type":"EntryPoint","urlTemplate":"https:\/\/www.revistarambla.com\/?s={search_term_string}"},"query-input":{"@type":"PropertyValueSpecification","valueRequired":true,"valueName":"search_term_string"}}],"inLanguage":"en-GB"},{"@type":"Organization","@id":"https:\/\/www.revistarambla.com\/#organization","name":"Revista Rambla","url":"https:\/\/www.revistarambla.com\/","logo":{"@type":"ImageObject","inLanguage":"en-GB","@id":"https:\/\/www.revistarambla.com\/#\/schema\/logo\/image\/","url":"https:\/\/www.revistarambla.com\/wp-content\/uploads\/2020\/09\/banner_rambla_1900x600_BB.png","contentUrl":"https:\/\/www.revistarambla.com\/wp-content\/uploads\/2020\/09\/banner_rambla_1900x600_BB.png","width":1900,"height":600,"caption":"Revista Rambla"},"image":{"@id":"https:\/\/www.revistarambla.com\/#\/schema\/logo\/image\/"},"sameAs":["https:\/\/www.facebook.com\/revistarambla\/","https:\/\/x.com\/revistarambla","https:\/\/www.instagram.com\/revista_rambla","https:\/\/es.linkedin.com\/company\/revista-rambla"]},{"@type":"Person","@id":"https:\/\/www.revistarambla.com\/#\/schema\/person\/f57e0b5bc0173cd6b95a123fd3fcca75","name":"Ignacio Gonz\u00e1lez Orozco","description":"Editor, periodista y escritor. Autor de libros como 'Annual: todas las guerras, todas las v\u00edctimas' o 'Amores y quebrantos', entre muchos otros.","sameAs":["https:\/\/www.facebook.com\/Ignacio.gonzalezorozco","https:\/\/x.com\/iggonor"]}]}},"_links":{"self":[{"href":"https:\/\/www.revistarambla.com\/en\/wp-json\/wp\/v2\/posts\/44339","targetHints":{"allow":["GET"]}}],"collection":[{"href":"https:\/\/www.revistarambla.com\/en\/wp-json\/wp\/v2\/posts"}],"about":[{"href":"https:\/\/www.revistarambla.com\/en\/wp-json\/wp\/v2\/types\/post"}],"author":[{"embeddable":true,"href":"https:\/\/www.revistarambla.com\/en\/wp-json\/wp\/v2\/users\/21"}],"replies":[{"embeddable":true,"href":"https:\/\/www.revistarambla.com\/en\/wp-json\/wp\/v2\/comments?post=44339"}],"version-history":[{"count":3,"href":"https:\/\/www.revistarambla.com\/en\/wp-json\/wp\/v2\/posts\/44339\/revisions"}],"predecessor-version":[{"id":44369,"href":"https:\/\/www.revistarambla.com\/en\/wp-json\/wp\/v2\/posts\/44339\/revisions\/44369"}],"wp:featuredmedia":[{"embeddable":true,"href":"https:\/\/www.revistarambla.com\/en\/wp-json\/wp\/v2\/media\/44340"}],"wp:attachment":[{"href":"https:\/\/www.revistarambla.com\/en\/wp-json\/wp\/v2\/media?parent=44339"}],"wp:term":[{"taxonomy":"category","embeddable":true,"href":"https:\/\/www.revistarambla.com\/en\/wp-json\/wp\/v2\/categories?post=44339"},{"taxonomy":"post_tag","embeddable":true,"href":"https:\/\/www.revistarambla.com\/en\/wp-json\/wp\/v2\/tags?post=44339"}],"curies":[{"name":"wp","href":"https:\/\/api.w.org\/{rel}","templated":true}]}}