{"id":44335,"date":"2022-07-15T09:04:45","date_gmt":"2022-07-15T07:04:45","guid":{"rendered":"https:\/\/www.revistarambla.com\/?p=44335"},"modified":"2023-12-29T13:39:07","modified_gmt":"2023-12-29T12:39:07","slug":"especies-y-razas","status":"publish","type":"post","link":"https:\/\/www.revistarambla.com\/en\/especies-y-razas\/","title":{"rendered":"Especies y razas"},"content":{"rendered":"<p><strong>11 de julio. Quinto encierro de San Ferm\u00edn.<\/strong> <!--more-->Cincuenta y nueve son ya, incluidas las tres de esta ma\u00f1ana, las cornadas que los Cebada Gago han propinado en el encierro de San Ferm\u00edn. Y no es para menos, hoy se ha visto en las calles de Pamplona al toro en toda su dimensi\u00f3n m\u00edtica, fiero y poderoso como el astado que habitaba en el laberinto de Minos. Porque si del perro se espera que ladre (y a veces, hasta que muerda), del cornupeta se aguarda la embestida, que por fin ha llegado. Lo m\u00e1s gracioso, y lo m\u00e1s hip\u00f3crita tambi\u00e9n, es que suele alabarse la \u00abnobleza\u00bb del morlaco que corre sin fijarse ni lanzar derrotes; pobres animales, los m\u00e1s encastados de ellos, cuando se les denuesta por obedecer al rasgo instintivo por el que fueron seleccionados por sus criadores. En vez de criar cuervos, el toro de lidia es criado por cuervos que se lucran con su muerte. Y como en el Infierno de Dante, bien podr\u00eda leerse en el dintel de toril: \u00abAbandonad toda esperanza, aquellos que entr\u00e9is aqu\u00ed\u00bb.<\/p>\n<p>Como siempre, el problema principal estriba en qu\u00e9 podemos temer del ser humano. Y en tal sentido, el encierro de Pamplona deviene en magn\u00edfico escaparate de las conductas de ese complejo animal b\u00edpedo. Grosso modo \u2014sin generalizaciones no habr\u00eda ciencia\u2014 se distinguen dentro de la carrera dos tipos antropol\u00f3gicos. De una parte, los pamplonicas y asimilados, f\u00e1cilmente reconocibles desde la distancia por la pulcritud de la vestimenta y los ejercicios de calentamiento, e incluso algunos por su edad avanzada, provecta en ciertos casos; de cerca muestran la expresi\u00f3n ce\u00f1uda de quien resuelve un problema de \u00e1lgebra. Por otro lado est\u00e1n los guiris, en sus diversas taxonom\u00edas; chavalotes de Arkansas, Liverpool, Johannesburg o Nueva Gales del Sur que a fuer de criados en casas de madera se mean all\u00e1 donde ven piedra, sean los Apalaches o una esquina de la calle Navarrer\u00eda. A estas buenas gentes, antes del encierro suele arrebatarlas una rara convulsi\u00f3n, que amalgama las muecas de los saludos pandilleros con los martillazos del miedo sobre el sistema simp\u00e1tico. Por cierto, se aprecia un notable incremento de la presencia de mozas en los encierros, y una de dos, o est\u00e1n todas muy buenas o el realizador de televisi\u00f3n efect\u00faa una esmerada criba entre ellas, en aras de su exhibici\u00f3n posterior.<\/p>\n<p>Por supuesto, la muchedumbre se complementa con los mirones. Los hay privilegiados, ocupantes de los balcones \u2014propios o alquilados\u2014 de los edificios que escoltan la carrera. La altura siempre es met\u00e1fora de preminencia, poder, perfecci\u00f3n (\u00abGloria a Dios en las Alturas\u00bb, se reza); adem\u00e1s, desde lo alto se conjuga con mayor comodidad y provecho el verbo \u00abcontemplar\u00bb, disfrutando de vistas panor\u00e1micas dignas de ser inmortalizadas por la c\u00e1mara o el pincel. Esas tribunas son como los altares del Dios del encierro y bajo ellas, en las barreras se agolpa el mir\u00f3n plebeyo; apretujado, inc\u00f3modo, apenas capaz de divisar la manada \u2014que a pie de calle parece correr mucho m\u00e1s\u2014 por un resquicio abierto entre las cabezas ajenas. Sin embargo, \u00a1qu\u00e9 quieren que les diga!, desde lo alto no se huele el aura de los toros \u2014impresionante su aroma de guerra, en plena carrera\u2014 ni se aprecia la tensi\u00f3n esculpida en las facciones del corredor. Ambos son los elementos m\u00e1s dram\u00e1ticos de esta escenograf\u00eda de angustia y fuerza que es el encierro.<\/p>\n<p><em>(*) Foto de portada: La Llorona Comunicaci\u00f3n \/ Ayto. Pamplona.<\/em><\/p>","protected":false},"excerpt":{"rendered":"<p>11 de julio. Quinto encierro de San Ferm\u00edn.<\/p>","protected":false},"author":21,"featured_media":44332,"comment_status":"closed","ping_status":"open","sticky":false,"template":"","format":"standard","meta":{"footnotes":""},"categories":[75],"tags":[],"class_list":["post-44335","post","type-post","status-publish","format-standard","has-post-thumbnail","hentry","category-letras-y-cuentos"],"yoast_head":"<!-- This site is optimized with the Yoast SEO plugin v27.5 - https:\/\/yoast.com\/product\/yoast-seo-wordpress\/ -->\n<title>Especies y razas - Revista Rambla<\/title>\n<meta name=\"robots\" content=\"index, follow, max-snippet:-1, max-image-preview:large, max-video-preview:-1\" \/>\n<link rel=\"canonical\" href=\"https:\/\/www.revistarambla.com\/en\/especies-y-razas\/\" \/>\n<meta property=\"og:locale\" content=\"en_GB\" \/>\n<meta property=\"og:type\" content=\"article\" \/>\n<meta property=\"og:title\" content=\"Especies y razas - Revista Rambla\" \/>\n<meta property=\"og:description\" content=\"11 de julio. Quinto encierro de San Ferm\u00edn.\" \/>\n<meta property=\"og:url\" content=\"https:\/\/www.revistarambla.com\/en\/especies-y-razas\/\" \/>\n<meta property=\"og:site_name\" content=\"Revista Rambla\" \/>\n<meta property=\"article:publisher\" content=\"https:\/\/www.facebook.com\/revistarambla\/\" \/>\n<meta property=\"article:author\" content=\"https:\/\/www.facebook.com\/Ignacio.gonzalezorozco\" \/>\n<meta property=\"article:published_time\" content=\"2022-07-15T07:04:45+00:00\" \/>\n<meta property=\"article:modified_time\" content=\"2023-12-29T12:39:07+00:00\" \/>\n<meta property=\"og:image\" content=\"https:\/\/www.revistarambla.com\/wp-content\/uploads\/2022\/07\/DSC5964.jpg\" \/>\n\t<meta property=\"og:image:width\" content=\"1128\" \/>\n\t<meta property=\"og:image:height\" content=\"752\" \/>\n\t<meta property=\"og:image:type\" content=\"image\/jpeg\" \/>\n<meta name=\"author\" content=\"Ignacio Gonz\u00e1lez Orozco\" \/>\n<meta name=\"twitter:card\" content=\"summary_large_image\" \/>\n<meta name=\"twitter:creator\" content=\"@iggonor\" \/>\n<meta name=\"twitter:site\" content=\"@revistarambla\" \/>\n<meta name=\"twitter:label1\" content=\"Written by\" \/>\n\t<meta name=\"twitter:data1\" content=\"Ignacio Gonz\u00e1lez Orozco\" \/>\n\t<meta name=\"twitter:label2\" content=\"Estimated reading time\" \/>\n\t<meta name=\"twitter:data2\" content=\"3 minutes\" \/>\n<script type=\"application\/ld+json\" class=\"yoast-schema-graph\">{\"@context\":\"https:\\\/\\\/schema.org\",\"@graph\":[{\"@type\":\"Article\",\"@id\":\"https:\\\/\\\/www.revistarambla.com\\\/especies-y-razas\\\/#article\",\"isPartOf\":{\"@id\":\"https:\\\/\\\/www.revistarambla.com\\\/especies-y-razas\\\/\"},\"author\":{\"name\":\"Ignacio Gonz\u00e1lez Orozco\",\"@id\":\"https:\\\/\\\/www.revistarambla.com\\\/#\\\/schema\\\/person\\\/f57e0b5bc0173cd6b95a123fd3fcca75\"},\"headline\":\"Especies y razas\",\"datePublished\":\"2022-07-15T07:04:45+00:00\",\"dateModified\":\"2023-12-29T12:39:07+00:00\",\"mainEntityOfPage\":{\"@id\":\"https:\\\/\\\/www.revistarambla.com\\\/especies-y-razas\\\/\"},\"wordCount\":613,\"publisher\":{\"@id\":\"https:\\\/\\\/www.revistarambla.com\\\/#organization\"},\"image\":{\"@id\":\"https:\\\/\\\/www.revistarambla.com\\\/especies-y-razas\\\/#primaryimage\"},\"thumbnailUrl\":\"https:\\\/\\\/www.revistarambla.com\\\/wp-content\\\/uploads\\\/2022\\\/07\\\/DSC5964.jpg\",\"articleSection\":[\"Letras y Cuentos\"],\"inLanguage\":\"en-GB\"},{\"@type\":\"WebPage\",\"@id\":\"https:\\\/\\\/www.revistarambla.com\\\/especies-y-razas\\\/\",\"url\":\"https:\\\/\\\/www.revistarambla.com\\\/especies-y-razas\\\/\",\"name\":\"Especies y razas - Revista Rambla\",\"isPartOf\":{\"@id\":\"https:\\\/\\\/www.revistarambla.com\\\/#website\"},\"primaryImageOfPage\":{\"@id\":\"https:\\\/\\\/www.revistarambla.com\\\/especies-y-razas\\\/#primaryimage\"},\"image\":{\"@id\":\"https:\\\/\\\/www.revistarambla.com\\\/especies-y-razas\\\/#primaryimage\"},\"thumbnailUrl\":\"https:\\\/\\\/www.revistarambla.com\\\/wp-content\\\/uploads\\\/2022\\\/07\\\/DSC5964.jpg\",\"datePublished\":\"2022-07-15T07:04:45+00:00\",\"dateModified\":\"2023-12-29T12:39:07+00:00\",\"breadcrumb\":{\"@id\":\"https:\\\/\\\/www.revistarambla.com\\\/especies-y-razas\\\/#breadcrumb\"},\"inLanguage\":\"en-GB\",\"potentialAction\":[{\"@type\":\"ReadAction\",\"target\":[\"https:\\\/\\\/www.revistarambla.com\\\/especies-y-razas\\\/\"]}]},{\"@type\":\"ImageObject\",\"inLanguage\":\"en-GB\",\"@id\":\"https:\\\/\\\/www.revistarambla.com\\\/especies-y-razas\\\/#primaryimage\",\"url\":\"https:\\\/\\\/www.revistarambla.com\\\/wp-content\\\/uploads\\\/2022\\\/07\\\/DSC5964.jpg\",\"contentUrl\":\"https:\\\/\\\/www.revistarambla.com\\\/wp-content\\\/uploads\\\/2022\\\/07\\\/DSC5964.jpg\",\"width\":1128,\"height\":752},{\"@type\":\"BreadcrumbList\",\"@id\":\"https:\\\/\\\/www.revistarambla.com\\\/especies-y-razas\\\/#breadcrumb\",\"itemListElement\":[{\"@type\":\"ListItem\",\"position\":1,\"name\":\"Portada\",\"item\":\"https:\\\/\\\/www.revistarambla.com\\\/\"},{\"@type\":\"ListItem\",\"position\":2,\"name\":\"Especies y razas\"}]},{\"@type\":\"WebSite\",\"@id\":\"https:\\\/\\\/www.revistarambla.com\\\/#website\",\"url\":\"https:\\\/\\\/www.revistarambla.com\\\/\",\"name\":\"Revista Rambla Barcelona\",\"description\":\"Periodismo independiente\",\"publisher\":{\"@id\":\"https:\\\/\\\/www.revistarambla.com\\\/#organization\"},\"potentialAction\":[{\"@type\":\"SearchAction\",\"target\":{\"@type\":\"EntryPoint\",\"urlTemplate\":\"https:\\\/\\\/www.revistarambla.com\\\/?s={search_term_string}\"},\"query-input\":{\"@type\":\"PropertyValueSpecification\",\"valueRequired\":true,\"valueName\":\"search_term_string\"}}],\"inLanguage\":\"en-GB\"},{\"@type\":\"Organization\",\"@id\":\"https:\\\/\\\/www.revistarambla.com\\\/#organization\",\"name\":\"Revista Rambla\",\"url\":\"https:\\\/\\\/www.revistarambla.com\\\/\",\"logo\":{\"@type\":\"ImageObject\",\"inLanguage\":\"en-GB\",\"@id\":\"https:\\\/\\\/www.revistarambla.com\\\/#\\\/schema\\\/logo\\\/image\\\/\",\"url\":\"https:\\\/\\\/www.revistarambla.com\\\/wp-content\\\/uploads\\\/2020\\\/09\\\/banner_rambla_1900x600_BB.png\",\"contentUrl\":\"https:\\\/\\\/www.revistarambla.com\\\/wp-content\\\/uploads\\\/2020\\\/09\\\/banner_rambla_1900x600_BB.png\",\"width\":1900,\"height\":600,\"caption\":\"Revista Rambla\"},\"image\":{\"@id\":\"https:\\\/\\\/www.revistarambla.com\\\/#\\\/schema\\\/logo\\\/image\\\/\"},\"sameAs\":[\"https:\\\/\\\/www.facebook.com\\\/revistarambla\\\/\",\"https:\\\/\\\/x.com\\\/revistarambla\",\"https:\\\/\\\/www.instagram.com\\\/revista_rambla\",\"https:\\\/\\\/es.linkedin.com\\\/company\\\/revista-rambla\"]},{\"@type\":\"Person\",\"@id\":\"https:\\\/\\\/www.revistarambla.com\\\/#\\\/schema\\\/person\\\/f57e0b5bc0173cd6b95a123fd3fcca75\",\"name\":\"Ignacio Gonz\u00e1lez Orozco\",\"description\":\"Editor, periodista y escritor. Autor de libros como 'Annual: todas las guerras, todas las v\u00edctimas' o 'Amores y quebrantos', entre muchos otros.\",\"sameAs\":[\"https:\\\/\\\/www.facebook.com\\\/Ignacio.gonzalezorozco\",\"https:\\\/\\\/x.com\\\/iggonor\"]}]}<\/script>\n<!-- \/ Yoast SEO plugin. -->","yoast_head_json":{"title":"Especies y razas - Revista Rambla","robots":{"index":"index","follow":"follow","max-snippet":"max-snippet:-1","max-image-preview":"max-image-preview:large","max-video-preview":"max-video-preview:-1"},"canonical":"https:\/\/www.revistarambla.com\/en\/especies-y-razas\/","og_locale":"en_GB","og_type":"article","og_title":"Especies y razas - Revista Rambla","og_description":"11 de julio. Quinto encierro de San Ferm\u00edn.","og_url":"https:\/\/www.revistarambla.com\/en\/especies-y-razas\/","og_site_name":"Revista Rambla","article_publisher":"https:\/\/www.facebook.com\/revistarambla\/","article_author":"https:\/\/www.facebook.com\/Ignacio.gonzalezorozco","article_published_time":"2022-07-15T07:04:45+00:00","article_modified_time":"2023-12-29T12:39:07+00:00","og_image":[{"width":1128,"height":752,"url":"https:\/\/www.revistarambla.com\/wp-content\/uploads\/2022\/07\/DSC5964.jpg","type":"image\/jpeg"}],"author":"Ignacio Gonz\u00e1lez Orozco","twitter_card":"summary_large_image","twitter_creator":"@iggonor","twitter_site":"@revistarambla","twitter_misc":{"Written by":"Ignacio Gonz\u00e1lez Orozco","Estimated reading time":"3 minutes"},"schema":{"@context":"https:\/\/schema.org","@graph":[{"@type":"Article","@id":"https:\/\/www.revistarambla.com\/especies-y-razas\/#article","isPartOf":{"@id":"https:\/\/www.revistarambla.com\/especies-y-razas\/"},"author":{"name":"Ignacio Gonz\u00e1lez Orozco","@id":"https:\/\/www.revistarambla.com\/#\/schema\/person\/f57e0b5bc0173cd6b95a123fd3fcca75"},"headline":"Especies y razas","datePublished":"2022-07-15T07:04:45+00:00","dateModified":"2023-12-29T12:39:07+00:00","mainEntityOfPage":{"@id":"https:\/\/www.revistarambla.com\/especies-y-razas\/"},"wordCount":613,"publisher":{"@id":"https:\/\/www.revistarambla.com\/#organization"},"image":{"@id":"https:\/\/www.revistarambla.com\/especies-y-razas\/#primaryimage"},"thumbnailUrl":"https:\/\/www.revistarambla.com\/wp-content\/uploads\/2022\/07\/DSC5964.jpg","articleSection":["Letras y Cuentos"],"inLanguage":"en-GB"},{"@type":"WebPage","@id":"https:\/\/www.revistarambla.com\/especies-y-razas\/","url":"https:\/\/www.revistarambla.com\/especies-y-razas\/","name":"Especies y razas - Revista Rambla","isPartOf":{"@id":"https:\/\/www.revistarambla.com\/#website"},"primaryImageOfPage":{"@id":"https:\/\/www.revistarambla.com\/especies-y-razas\/#primaryimage"},"image":{"@id":"https:\/\/www.revistarambla.com\/especies-y-razas\/#primaryimage"},"thumbnailUrl":"https:\/\/www.revistarambla.com\/wp-content\/uploads\/2022\/07\/DSC5964.jpg","datePublished":"2022-07-15T07:04:45+00:00","dateModified":"2023-12-29T12:39:07+00:00","breadcrumb":{"@id":"https:\/\/www.revistarambla.com\/especies-y-razas\/#breadcrumb"},"inLanguage":"en-GB","potentialAction":[{"@type":"ReadAction","target":["https:\/\/www.revistarambla.com\/especies-y-razas\/"]}]},{"@type":"ImageObject","inLanguage":"en-GB","@id":"https:\/\/www.revistarambla.com\/especies-y-razas\/#primaryimage","url":"https:\/\/www.revistarambla.com\/wp-content\/uploads\/2022\/07\/DSC5964.jpg","contentUrl":"https:\/\/www.revistarambla.com\/wp-content\/uploads\/2022\/07\/DSC5964.jpg","width":1128,"height":752},{"@type":"BreadcrumbList","@id":"https:\/\/www.revistarambla.com\/especies-y-razas\/#breadcrumb","itemListElement":[{"@type":"ListItem","position":1,"name":"Portada","item":"https:\/\/www.revistarambla.com\/"},{"@type":"ListItem","position":2,"name":"Especies y razas"}]},{"@type":"WebSite","@id":"https:\/\/www.revistarambla.com\/#website","url":"https:\/\/www.revistarambla.com\/","name":"Revista Rambla Barcelona","description":"Periodismo independiente","publisher":{"@id":"https:\/\/www.revistarambla.com\/#organization"},"potentialAction":[{"@type":"SearchAction","target":{"@type":"EntryPoint","urlTemplate":"https:\/\/www.revistarambla.com\/?s={search_term_string}"},"query-input":{"@type":"PropertyValueSpecification","valueRequired":true,"valueName":"search_term_string"}}],"inLanguage":"en-GB"},{"@type":"Organization","@id":"https:\/\/www.revistarambla.com\/#organization","name":"Revista Rambla","url":"https:\/\/www.revistarambla.com\/","logo":{"@type":"ImageObject","inLanguage":"en-GB","@id":"https:\/\/www.revistarambla.com\/#\/schema\/logo\/image\/","url":"https:\/\/www.revistarambla.com\/wp-content\/uploads\/2020\/09\/banner_rambla_1900x600_BB.png","contentUrl":"https:\/\/www.revistarambla.com\/wp-content\/uploads\/2020\/09\/banner_rambla_1900x600_BB.png","width":1900,"height":600,"caption":"Revista Rambla"},"image":{"@id":"https:\/\/www.revistarambla.com\/#\/schema\/logo\/image\/"},"sameAs":["https:\/\/www.facebook.com\/revistarambla\/","https:\/\/x.com\/revistarambla","https:\/\/www.instagram.com\/revista_rambla","https:\/\/es.linkedin.com\/company\/revista-rambla"]},{"@type":"Person","@id":"https:\/\/www.revistarambla.com\/#\/schema\/person\/f57e0b5bc0173cd6b95a123fd3fcca75","name":"Ignacio Gonz\u00e1lez Orozco","description":"Editor, periodista y escritor. Autor de libros como 'Annual: todas las guerras, todas las v\u00edctimas' o 'Amores y quebrantos', entre muchos otros.","sameAs":["https:\/\/www.facebook.com\/Ignacio.gonzalezorozco","https:\/\/x.com\/iggonor"]}]}},"_links":{"self":[{"href":"https:\/\/www.revistarambla.com\/en\/wp-json\/wp\/v2\/posts\/44335","targetHints":{"allow":["GET"]}}],"collection":[{"href":"https:\/\/www.revistarambla.com\/en\/wp-json\/wp\/v2\/posts"}],"about":[{"href":"https:\/\/www.revistarambla.com\/en\/wp-json\/wp\/v2\/types\/post"}],"author":[{"embeddable":true,"href":"https:\/\/www.revistarambla.com\/en\/wp-json\/wp\/v2\/users\/21"}],"replies":[{"embeddable":true,"href":"https:\/\/www.revistarambla.com\/en\/wp-json\/wp\/v2\/comments?post=44335"}],"version-history":[{"count":3,"href":"https:\/\/www.revistarambla.com\/en\/wp-json\/wp\/v2\/posts\/44335\/revisions"}],"predecessor-version":[{"id":44368,"href":"https:\/\/www.revistarambla.com\/en\/wp-json\/wp\/v2\/posts\/44335\/revisions\/44368"}],"wp:featuredmedia":[{"embeddable":true,"href":"https:\/\/www.revistarambla.com\/en\/wp-json\/wp\/v2\/media\/44332"}],"wp:attachment":[{"href":"https:\/\/www.revistarambla.com\/en\/wp-json\/wp\/v2\/media?parent=44335"}],"wp:term":[{"taxonomy":"category","embeddable":true,"href":"https:\/\/www.revistarambla.com\/en\/wp-json\/wp\/v2\/categories?post=44335"},{"taxonomy":"post_tag","embeddable":true,"href":"https:\/\/www.revistarambla.com\/en\/wp-json\/wp\/v2\/tags?post=44335"}],"curies":[{"name":"wp","href":"https:\/\/api.w.org\/{rel}","templated":true}]}}