{"id":44331,"date":"2022-07-15T09:05:57","date_gmt":"2022-07-15T07:05:57","guid":{"rendered":"https:\/\/www.revistarambla.com\/?p=44331"},"modified":"2023-12-29T13:39:07","modified_gmt":"2023-12-29T12:39:07","slug":"la-vara-de-la-justicia","status":"publish","type":"post","link":"https:\/\/www.revistarambla.com\/en\/la-vara-de-la-justicia\/","title":{"rendered":"La vara de la justicia"},"content":{"rendered":"<p><strong>9 de julio. Tercer encierro de San Ferm\u00edn.<\/strong> <!--more-->Por algo ser\u00e1 que muchos pamplonicas, una vez cumplidos los rituales del Txupinazo, el Riau-riau y la procesi\u00f3n del santo, abandonan su ciudad al llegar el fin de semana. \u00bfLa raz\u00f3n? De viernes a domingo, la turbamulta for\u00e1nea toma las calles y plazas y el nativo parece rendirse ante la relatividad del posesivo, cuando habla de \u00abSu\u00bb fiesta. En esos d\u00edas, como no puede ser de otro modo, el r\u00edo del encierro, recrecido su caudal en proporci\u00f3n exponencial, se convierte en riada: una masa informe de gritos, sudor y miedo, vibrante por su p\u00e1lpito y policrom\u00eda, s\u00ed, pero ca\u00f3tica a pie de asfalto.<\/p>\n<p>Pese a la masa que se interpon\u00eda en su camino, los toros de Jos\u00e9 Escolar solventaron con gran pulcritud la ascensi\u00f3n de la Cuesta de Santo Domingo, provocando apenas unos pocos tortazos y pisotones; bien arropados por los cabestros, que hoy parec\u00edan atentas madres, prestaron poca atenci\u00f3n a los b\u00edpedos que chillaban junto a ellos en ese tramo del encierro. Lo peor lleg\u00f3, como se espera siempre, una vez enfilada la calle Estafeta, donde la aglomeraci\u00f3n humana era, sencillamente, agobiante. Y aun as\u00ed, con la manada estirada y los morlacos buscando posada por su cuenta, el parte m\u00e9dico refleja la bondad de los corn\u00fapetas: apenas tres heridos por asta en una rapid\u00edsima carrera de 2,29 minutos. Y si los sables de los toros salieron por fin a relucir en estos Sanfermines, no se debi\u00f3 a ning\u00fan ataque directo, sino a un puro y simple problema de capacidad, porque faltan metros cuadrados suficientes para que quepa tanto bulto.<\/p>\n<p>En jornadas de masificaci\u00f3n como esta, los pastores se convierten en factores imprescindibles del encierro. Se les distingue por su vestimenta verde y las prolongadas varas que esgrimen, utensilio con el que fustigan a los corredores que infringen las normas de relaci\u00f3n con el toro. Un trabajo agotador y, sobre todo, enervante, en el que no siempre puede imponerse la ley del encierro; de ah\u00ed que la furia pastoril conlleve un poso de racionalidad fatalista, que encumbra a sus art\u00edfices por encima de otros administradores de la violencia institucional.<\/p>\n<p>Antes del encierro ver\u00e1s al pastor encaramado a la valla de madera, como el mochuelo a la rama del olivo. Desde la altura ve pasar a los corredores que buscan su lugar propicio para la carrera. Unos se paran a mirarlo con curiosidad, como quien consulta r\u00e1pidamente la gu\u00eda de aves para saber qu\u00e9 tipo de pajarraco es ese; otros le rinden el tributo de su respeto mediante el apret\u00f3n de manos, conformes con su autoridad patriarcal, tan severa como justa y siempre inapelable. De ah\u00ed que el saludo al pastor se haya convertido en un ritual m\u00e1s entre los previos al encierro, como los tres cantos al santo o los estiramientos de \u00faltima hora y dudosa funcionalidad efectuados segundos antes de que el cohete anuncie la salida de la manada.<\/p>\n<p>Supongo que los dioses persiguen a los infractores de sus normas como el pastor que corre tras los hijos espurios de la borrachera, castigando por doquier a los infractores de su doctrina. Y puede que esos mismos dioses tambi\u00e9n extiendan su divina punici\u00f3n a los animales d\u00edscolos, cual pastor que azota las ancas rocosas de los toros que se dan la vuelta en el encierro \u2014San Ferm\u00edn no paga desertores\u2014 o vierten su ira sobre un corredor ca\u00eddo. Porque los b\u00f3vidos tambi\u00e9n tendr\u00e1n su alma, supongo, aunque no s\u00e9 si de segunda o tercera divisi\u00f3n, y un cachito de libre albedr\u00edo debe corresponderles igualmente.<\/p>\n<p><em>(*) Foto de portada: La Llorona Comunicaci\u00f3n \/ Ayto. Pamplona<\/em><\/p>","protected":false},"excerpt":{"rendered":"<p>9 de julio. Tercer encierro de San Ferm\u00edn.<\/p>","protected":false},"author":21,"featured_media":44337,"comment_status":"closed","ping_status":"open","sticky":false,"template":"","format":"standard","meta":{"footnotes":""},"categories":[75],"tags":[],"class_list":["post-44331","post","type-post","status-publish","format-standard","has-post-thumbnail","hentry","category-letras-y-cuentos"],"yoast_head":"<!-- This site is optimized with the Yoast SEO plugin v27.5 - https:\/\/yoast.com\/product\/yoast-seo-wordpress\/ -->\n<title>La vara de la justicia - Revista Rambla<\/title>\n<meta name=\"robots\" content=\"index, follow, max-snippet:-1, max-image-preview:large, max-video-preview:-1\" \/>\n<link rel=\"canonical\" href=\"https:\/\/www.revistarambla.com\/en\/la-vara-de-la-justicia\/\" \/>\n<meta property=\"og:locale\" content=\"en_GB\" \/>\n<meta property=\"og:type\" content=\"article\" \/>\n<meta property=\"og:title\" content=\"La vara de la justicia - Revista Rambla\" \/>\n<meta property=\"og:description\" content=\"9 de julio. Tercer encierro de San Ferm\u00edn.\" \/>\n<meta property=\"og:url\" content=\"https:\/\/www.revistarambla.com\/en\/la-vara-de-la-justicia\/\" \/>\n<meta property=\"og:site_name\" content=\"Revista Rambla\" \/>\n<meta property=\"article:publisher\" content=\"https:\/\/www.facebook.com\/revistarambla\/\" \/>\n<meta property=\"article:author\" content=\"https:\/\/www.facebook.com\/Ignacio.gonzalezorozco\" \/>\n<meta property=\"article:published_time\" content=\"2022-07-15T07:05:57+00:00\" \/>\n<meta property=\"article:modified_time\" content=\"2023-12-29T12:39:07+00:00\" \/>\n<meta property=\"og:image\" content=\"https:\/\/www.revistarambla.com\/wp-content\/uploads\/2022\/07\/035A9154.jpg\" \/>\n\t<meta property=\"og:image:width\" content=\"2362\" \/>\n\t<meta property=\"og:image:height\" content=\"1574\" \/>\n\t<meta property=\"og:image:type\" content=\"image\/jpeg\" \/>\n<meta name=\"author\" content=\"Ignacio Gonz\u00e1lez Orozco\" \/>\n<meta name=\"twitter:card\" content=\"summary_large_image\" \/>\n<meta name=\"twitter:creator\" content=\"@iggonor\" \/>\n<meta name=\"twitter:site\" content=\"@revistarambla\" \/>\n<meta name=\"twitter:label1\" content=\"Written by\" \/>\n\t<meta name=\"twitter:data1\" content=\"Ignacio Gonz\u00e1lez Orozco\" \/>\n\t<meta name=\"twitter:label2\" content=\"Estimated reading time\" \/>\n\t<meta name=\"twitter:data2\" content=\"3 minutes\" \/>\n<script type=\"application\/ld+json\" class=\"yoast-schema-graph\">{\"@context\":\"https:\\\/\\\/schema.org\",\"@graph\":[{\"@type\":\"Article\",\"@id\":\"https:\\\/\\\/www.revistarambla.com\\\/la-vara-de-la-justicia\\\/#article\",\"isPartOf\":{\"@id\":\"https:\\\/\\\/www.revistarambla.com\\\/la-vara-de-la-justicia\\\/\"},\"author\":{\"name\":\"Ignacio Gonz\u00e1lez Orozco\",\"@id\":\"https:\\\/\\\/www.revistarambla.com\\\/#\\\/schema\\\/person\\\/f57e0b5bc0173cd6b95a123fd3fcca75\"},\"headline\":\"La vara de la justicia\",\"datePublished\":\"2022-07-15T07:05:57+00:00\",\"dateModified\":\"2023-12-29T12:39:07+00:00\",\"mainEntityOfPage\":{\"@id\":\"https:\\\/\\\/www.revistarambla.com\\\/la-vara-de-la-justicia\\\/\"},\"wordCount\":642,\"publisher\":{\"@id\":\"https:\\\/\\\/www.revistarambla.com\\\/#organization\"},\"image\":{\"@id\":\"https:\\\/\\\/www.revistarambla.com\\\/la-vara-de-la-justicia\\\/#primaryimage\"},\"thumbnailUrl\":\"https:\\\/\\\/www.revistarambla.com\\\/wp-content\\\/uploads\\\/2022\\\/07\\\/035A9154.jpg\",\"articleSection\":[\"Letras y Cuentos\"],\"inLanguage\":\"en-GB\"},{\"@type\":\"WebPage\",\"@id\":\"https:\\\/\\\/www.revistarambla.com\\\/la-vara-de-la-justicia\\\/\",\"url\":\"https:\\\/\\\/www.revistarambla.com\\\/la-vara-de-la-justicia\\\/\",\"name\":\"La vara de la justicia - Revista Rambla\",\"isPartOf\":{\"@id\":\"https:\\\/\\\/www.revistarambla.com\\\/#website\"},\"primaryImageOfPage\":{\"@id\":\"https:\\\/\\\/www.revistarambla.com\\\/la-vara-de-la-justicia\\\/#primaryimage\"},\"image\":{\"@id\":\"https:\\\/\\\/www.revistarambla.com\\\/la-vara-de-la-justicia\\\/#primaryimage\"},\"thumbnailUrl\":\"https:\\\/\\\/www.revistarambla.com\\\/wp-content\\\/uploads\\\/2022\\\/07\\\/035A9154.jpg\",\"datePublished\":\"2022-07-15T07:05:57+00:00\",\"dateModified\":\"2023-12-29T12:39:07+00:00\",\"breadcrumb\":{\"@id\":\"https:\\\/\\\/www.revistarambla.com\\\/la-vara-de-la-justicia\\\/#breadcrumb\"},\"inLanguage\":\"en-GB\",\"potentialAction\":[{\"@type\":\"ReadAction\",\"target\":[\"https:\\\/\\\/www.revistarambla.com\\\/la-vara-de-la-justicia\\\/\"]}]},{\"@type\":\"ImageObject\",\"inLanguage\":\"en-GB\",\"@id\":\"https:\\\/\\\/www.revistarambla.com\\\/la-vara-de-la-justicia\\\/#primaryimage\",\"url\":\"https:\\\/\\\/www.revistarambla.com\\\/wp-content\\\/uploads\\\/2022\\\/07\\\/035A9154.jpg\",\"contentUrl\":\"https:\\\/\\\/www.revistarambla.com\\\/wp-content\\\/uploads\\\/2022\\\/07\\\/035A9154.jpg\",\"width\":2362,\"height\":1574},{\"@type\":\"BreadcrumbList\",\"@id\":\"https:\\\/\\\/www.revistarambla.com\\\/la-vara-de-la-justicia\\\/#breadcrumb\",\"itemListElement\":[{\"@type\":\"ListItem\",\"position\":1,\"name\":\"Portada\",\"item\":\"https:\\\/\\\/www.revistarambla.com\\\/\"},{\"@type\":\"ListItem\",\"position\":2,\"name\":\"La vara de la justicia\"}]},{\"@type\":\"WebSite\",\"@id\":\"https:\\\/\\\/www.revistarambla.com\\\/#website\",\"url\":\"https:\\\/\\\/www.revistarambla.com\\\/\",\"name\":\"Revista Rambla Barcelona\",\"description\":\"Periodismo independiente\",\"publisher\":{\"@id\":\"https:\\\/\\\/www.revistarambla.com\\\/#organization\"},\"potentialAction\":[{\"@type\":\"SearchAction\",\"target\":{\"@type\":\"EntryPoint\",\"urlTemplate\":\"https:\\\/\\\/www.revistarambla.com\\\/?s={search_term_string}\"},\"query-input\":{\"@type\":\"PropertyValueSpecification\",\"valueRequired\":true,\"valueName\":\"search_term_string\"}}],\"inLanguage\":\"en-GB\"},{\"@type\":\"Organization\",\"@id\":\"https:\\\/\\\/www.revistarambla.com\\\/#organization\",\"name\":\"Revista Rambla\",\"url\":\"https:\\\/\\\/www.revistarambla.com\\\/\",\"logo\":{\"@type\":\"ImageObject\",\"inLanguage\":\"en-GB\",\"@id\":\"https:\\\/\\\/www.revistarambla.com\\\/#\\\/schema\\\/logo\\\/image\\\/\",\"url\":\"https:\\\/\\\/www.revistarambla.com\\\/wp-content\\\/uploads\\\/2020\\\/09\\\/banner_rambla_1900x600_BB.png\",\"contentUrl\":\"https:\\\/\\\/www.revistarambla.com\\\/wp-content\\\/uploads\\\/2020\\\/09\\\/banner_rambla_1900x600_BB.png\",\"width\":1900,\"height\":600,\"caption\":\"Revista Rambla\"},\"image\":{\"@id\":\"https:\\\/\\\/www.revistarambla.com\\\/#\\\/schema\\\/logo\\\/image\\\/\"},\"sameAs\":[\"https:\\\/\\\/www.facebook.com\\\/revistarambla\\\/\",\"https:\\\/\\\/x.com\\\/revistarambla\",\"https:\\\/\\\/www.instagram.com\\\/revista_rambla\",\"https:\\\/\\\/es.linkedin.com\\\/company\\\/revista-rambla\"]},{\"@type\":\"Person\",\"@id\":\"https:\\\/\\\/www.revistarambla.com\\\/#\\\/schema\\\/person\\\/f57e0b5bc0173cd6b95a123fd3fcca75\",\"name\":\"Ignacio Gonz\u00e1lez Orozco\",\"description\":\"Editor, periodista y escritor. Autor de libros como 'Annual: todas las guerras, todas las v\u00edctimas' o 'Amores y quebrantos', entre muchos otros.\",\"sameAs\":[\"https:\\\/\\\/www.facebook.com\\\/Ignacio.gonzalezorozco\",\"https:\\\/\\\/x.com\\\/iggonor\"]}]}<\/script>\n<!-- \/ Yoast SEO plugin. -->","yoast_head_json":{"title":"La vara de la justicia - Revista Rambla","robots":{"index":"index","follow":"follow","max-snippet":"max-snippet:-1","max-image-preview":"max-image-preview:large","max-video-preview":"max-video-preview:-1"},"canonical":"https:\/\/www.revistarambla.com\/en\/la-vara-de-la-justicia\/","og_locale":"en_GB","og_type":"article","og_title":"La vara de la justicia - Revista Rambla","og_description":"9 de julio. Tercer encierro de San Ferm\u00edn.","og_url":"https:\/\/www.revistarambla.com\/en\/la-vara-de-la-justicia\/","og_site_name":"Revista Rambla","article_publisher":"https:\/\/www.facebook.com\/revistarambla\/","article_author":"https:\/\/www.facebook.com\/Ignacio.gonzalezorozco","article_published_time":"2022-07-15T07:05:57+00:00","article_modified_time":"2023-12-29T12:39:07+00:00","og_image":[{"width":2362,"height":1574,"url":"https:\/\/www.revistarambla.com\/wp-content\/uploads\/2022\/07\/035A9154.jpg","type":"image\/jpeg"}],"author":"Ignacio Gonz\u00e1lez Orozco","twitter_card":"summary_large_image","twitter_creator":"@iggonor","twitter_site":"@revistarambla","twitter_misc":{"Written by":"Ignacio Gonz\u00e1lez Orozco","Estimated reading time":"3 minutes"},"schema":{"@context":"https:\/\/schema.org","@graph":[{"@type":"Article","@id":"https:\/\/www.revistarambla.com\/la-vara-de-la-justicia\/#article","isPartOf":{"@id":"https:\/\/www.revistarambla.com\/la-vara-de-la-justicia\/"},"author":{"name":"Ignacio Gonz\u00e1lez Orozco","@id":"https:\/\/www.revistarambla.com\/#\/schema\/person\/f57e0b5bc0173cd6b95a123fd3fcca75"},"headline":"La vara de la justicia","datePublished":"2022-07-15T07:05:57+00:00","dateModified":"2023-12-29T12:39:07+00:00","mainEntityOfPage":{"@id":"https:\/\/www.revistarambla.com\/la-vara-de-la-justicia\/"},"wordCount":642,"publisher":{"@id":"https:\/\/www.revistarambla.com\/#organization"},"image":{"@id":"https:\/\/www.revistarambla.com\/la-vara-de-la-justicia\/#primaryimage"},"thumbnailUrl":"https:\/\/www.revistarambla.com\/wp-content\/uploads\/2022\/07\/035A9154.jpg","articleSection":["Letras y Cuentos"],"inLanguage":"en-GB"},{"@type":"WebPage","@id":"https:\/\/www.revistarambla.com\/la-vara-de-la-justicia\/","url":"https:\/\/www.revistarambla.com\/la-vara-de-la-justicia\/","name":"La vara de la justicia - Revista Rambla","isPartOf":{"@id":"https:\/\/www.revistarambla.com\/#website"},"primaryImageOfPage":{"@id":"https:\/\/www.revistarambla.com\/la-vara-de-la-justicia\/#primaryimage"},"image":{"@id":"https:\/\/www.revistarambla.com\/la-vara-de-la-justicia\/#primaryimage"},"thumbnailUrl":"https:\/\/www.revistarambla.com\/wp-content\/uploads\/2022\/07\/035A9154.jpg","datePublished":"2022-07-15T07:05:57+00:00","dateModified":"2023-12-29T12:39:07+00:00","breadcrumb":{"@id":"https:\/\/www.revistarambla.com\/la-vara-de-la-justicia\/#breadcrumb"},"inLanguage":"en-GB","potentialAction":[{"@type":"ReadAction","target":["https:\/\/www.revistarambla.com\/la-vara-de-la-justicia\/"]}]},{"@type":"ImageObject","inLanguage":"en-GB","@id":"https:\/\/www.revistarambla.com\/la-vara-de-la-justicia\/#primaryimage","url":"https:\/\/www.revistarambla.com\/wp-content\/uploads\/2022\/07\/035A9154.jpg","contentUrl":"https:\/\/www.revistarambla.com\/wp-content\/uploads\/2022\/07\/035A9154.jpg","width":2362,"height":1574},{"@type":"BreadcrumbList","@id":"https:\/\/www.revistarambla.com\/la-vara-de-la-justicia\/#breadcrumb","itemListElement":[{"@type":"ListItem","position":1,"name":"Portada","item":"https:\/\/www.revistarambla.com\/"},{"@type":"ListItem","position":2,"name":"La vara de la justicia"}]},{"@type":"WebSite","@id":"https:\/\/www.revistarambla.com\/#website","url":"https:\/\/www.revistarambla.com\/","name":"Revista Rambla Barcelona","description":"Periodismo independiente","publisher":{"@id":"https:\/\/www.revistarambla.com\/#organization"},"potentialAction":[{"@type":"SearchAction","target":{"@type":"EntryPoint","urlTemplate":"https:\/\/www.revistarambla.com\/?s={search_term_string}"},"query-input":{"@type":"PropertyValueSpecification","valueRequired":true,"valueName":"search_term_string"}}],"inLanguage":"en-GB"},{"@type":"Organization","@id":"https:\/\/www.revistarambla.com\/#organization","name":"Revista Rambla","url":"https:\/\/www.revistarambla.com\/","logo":{"@type":"ImageObject","inLanguage":"en-GB","@id":"https:\/\/www.revistarambla.com\/#\/schema\/logo\/image\/","url":"https:\/\/www.revistarambla.com\/wp-content\/uploads\/2020\/09\/banner_rambla_1900x600_BB.png","contentUrl":"https:\/\/www.revistarambla.com\/wp-content\/uploads\/2020\/09\/banner_rambla_1900x600_BB.png","width":1900,"height":600,"caption":"Revista Rambla"},"image":{"@id":"https:\/\/www.revistarambla.com\/#\/schema\/logo\/image\/"},"sameAs":["https:\/\/www.facebook.com\/revistarambla\/","https:\/\/x.com\/revistarambla","https:\/\/www.instagram.com\/revista_rambla","https:\/\/es.linkedin.com\/company\/revista-rambla"]},{"@type":"Person","@id":"https:\/\/www.revistarambla.com\/#\/schema\/person\/f57e0b5bc0173cd6b95a123fd3fcca75","name":"Ignacio Gonz\u00e1lez Orozco","description":"Editor, periodista y escritor. Autor de libros como 'Annual: todas las guerras, todas las v\u00edctimas' o 'Amores y quebrantos', entre muchos otros.","sameAs":["https:\/\/www.facebook.com\/Ignacio.gonzalezorozco","https:\/\/x.com\/iggonor"]}]}},"_links":{"self":[{"href":"https:\/\/www.revistarambla.com\/en\/wp-json\/wp\/v2\/posts\/44331","targetHints":{"allow":["GET"]}}],"collection":[{"href":"https:\/\/www.revistarambla.com\/en\/wp-json\/wp\/v2\/posts"}],"about":[{"href":"https:\/\/www.revistarambla.com\/en\/wp-json\/wp\/v2\/types\/post"}],"author":[{"embeddable":true,"href":"https:\/\/www.revistarambla.com\/en\/wp-json\/wp\/v2\/users\/21"}],"replies":[{"embeddable":true,"href":"https:\/\/www.revistarambla.com\/en\/wp-json\/wp\/v2\/comments?post=44331"}],"version-history":[{"count":5,"href":"https:\/\/www.revistarambla.com\/en\/wp-json\/wp\/v2\/posts\/44331\/revisions"}],"predecessor-version":[{"id":44367,"href":"https:\/\/www.revistarambla.com\/en\/wp-json\/wp\/v2\/posts\/44331\/revisions\/44367"}],"wp:featuredmedia":[{"embeddable":true,"href":"https:\/\/www.revistarambla.com\/en\/wp-json\/wp\/v2\/media\/44337"}],"wp:attachment":[{"href":"https:\/\/www.revistarambla.com\/en\/wp-json\/wp\/v2\/media?parent=44331"}],"wp:term":[{"taxonomy":"category","embeddable":true,"href":"https:\/\/www.revistarambla.com\/en\/wp-json\/wp\/v2\/categories?post=44331"},{"taxonomy":"post_tag","embeddable":true,"href":"https:\/\/www.revistarambla.com\/en\/wp-json\/wp\/v2\/tags?post=44331"}],"curies":[{"name":"wp","href":"https:\/\/api.w.org\/{rel}","templated":true}]}}