{"id":44324,"date":"2022-07-15T09:07:29","date_gmt":"2022-07-15T07:07:29","guid":{"rendered":"https:\/\/www.revistarambla.com\/?p=44324"},"modified":"2023-12-29T13:39:06","modified_gmt":"2023-12-29T12:39:06","slug":"primer-encierro-y-primer-capotazo","status":"publish","type":"post","link":"https:\/\/www.revistarambla.com\/en\/primer-encierro-y-primer-capotazo\/","title":{"rendered":"Primer capotazo"},"content":{"rendered":"<p><strong>7 de julio. Primer encierro de San Ferm\u00edn.<\/strong> <!--more-->El mundo renace de la covid \u2014o eso nos han dicho\u2014 como el monte del incendio, y con \u00e9l las pamplonicas fiestas de San Ferm\u00edn, iniciadas el 6 de julio de 2022 con el tradicional txupinazo.<\/p>\n<p>Era tal la alegr\u00eda que el consumo de alcohol se dispar\u00f3 hasta dimensiones in\u00e9ditas incluso en los Sanfermines, donde, como es sabido, se bebe a destajo (doy fe de ello). La euforia et\u00edlica acompa\u00f1aba a la alegr\u00eda del alma rejuvenecida en el festejo, tras dos a\u00f1os de lutos y sinsabores.<\/p>\n<p>As\u00ed pues, vistas las borracheras del d\u00eda 6 y de sobra conocida la ejemplaridad con que el fiestero ebrio observa las recomendaciones de seguridad difundidas por el Consistorio pamplon\u00e9s, el primer encierro de estos Sanfermines 2022 ol\u00eda a desastre en los momentos previos a su inicio. Hasta la manada se dio cuenta de ello y remolone\u00f3 unos instantes, dubitativa, sobre si sal\u00eda o no de los corrales. Finalmente se impuso la autoridad patriarcal de los cabestros, vicarios del dios de la muerte ante el que rinden sus inocentes cuentas los toros.<\/p>\n<p>Luc\u00edan impecables testas los morlacos, como corresponde al animal destinado a Pamplona: las astas, inmensas, daban miedo hasta por televisi\u00f3n. \u00daltimo alarde por las calles antes del asesinato ritual de la tarde.<\/p>\n<p>Se da la circunstancia de que varios de los bravos eran de cornamenta muy amplia, tanta como altas sus respectivas cruces, rasgos que unidos a los claros tonos marrones de sus pieles, les confer\u00eda cierta estampa de cabestro. Esta similitud fue causa de confusi\u00f3n para m\u00e1s de un corredor, aunque muchos otros, llevados en volandas por los efluvios del alcohol, hab\u00edan perdido la capacidad de distinguir entre un toro y una cobaya; o un muro, porque son dignos de ver los trompazos que ellos solitos se dan contra los recios costillares de las reses.<\/p>\n<p>Tras los coscorrones habituales de la cuesta de Santo Domingo, donde corren los valientes \u2014o eso dicen\u2014 pero tambi\u00e9n los que debido a la edad ya tienen menos fuelle, la manada atraves\u00f3 con elogiable limpieza la plaza del Ayuntamiento y la calle de los Mercaderes, tramos donde algunos mozos se marcaron las primeras carreras de exhibici\u00f3n en esta fiesta de 2022.<\/p>\n<p>Superada la curva de Mercaderes sin incidentes, los morlacos enfilaron una calle Estafeta sorprendentemente despejada, donde hubo nuevas carreras de m\u00e9rito. Como es habitual en este tramo, la manada se estir\u00f3 y fue absorbida por el personal, pero los astados demostraron su car\u00e1cter noblote. Corr\u00edan entre la gente casi con timidez, renunciando a fijarse en sus potenciales v\u00edctimas, camino de ese refugio traidor (la plaza) del que solo saldr\u00e1n descuartizados. Y puede decirse que los golpes \u2014pocos\u2014 del tramo de Telef\u00f3nica se debieron a la incomodidad de los mansos, visiblemente cabreados por el estrujamiento, entre otras muchas ofensas a las que son sometidos por los humanos.<\/p>\n<p>Para terminar, el fantasma del mont\u00f3n se apareci\u00f3 en el callej\u00f3n de entrada a la plaza. Mal rollo por unos momentos, porque la memoria de la fiesta recuerda con tintes dram\u00e1ticos este tipo de aglomeraciones. Afortunadamente, el capote de San Ferm\u00edn despej\u00f3 la estrecha v\u00eda y el susto qued\u00f3 en nada. Si no fuera por \u00e9l\u2026<\/p>\n<p><em>(*) Foto de portada: Ayto. de Pamplona.<\/em><\/p>","protected":false},"excerpt":{"rendered":"<p>7 de julio. Primer encierro de San Ferm\u00edn.<\/p>","protected":false},"author":21,"featured_media":44325,"comment_status":"closed","ping_status":"open","sticky":false,"template":"","format":"standard","meta":{"footnotes":""},"categories":[75],"tags":[],"class_list":["post-44324","post","type-post","status-publish","format-standard","has-post-thumbnail","hentry","category-letras-y-cuentos"],"yoast_head":"<!-- This site is optimized with the Yoast SEO plugin v27.5 - https:\/\/yoast.com\/product\/yoast-seo-wordpress\/ -->\n<title>Primer capotazo - Revista Rambla<\/title>\n<meta name=\"robots\" content=\"index, follow, max-snippet:-1, max-image-preview:large, max-video-preview:-1\" \/>\n<link rel=\"canonical\" href=\"https:\/\/www.revistarambla.com\/en\/primer-encierro-y-primer-capotazo\/\" \/>\n<meta property=\"og:locale\" content=\"en_GB\" \/>\n<meta property=\"og:type\" content=\"article\" \/>\n<meta property=\"og:title\" content=\"Primer capotazo - Revista Rambla\" \/>\n<meta property=\"og:description\" content=\"7 de julio. Primer encierro de San Ferm\u00edn.\" \/>\n<meta property=\"og:url\" content=\"https:\/\/www.revistarambla.com\/en\/primer-encierro-y-primer-capotazo\/\" \/>\n<meta property=\"og:site_name\" content=\"Revista Rambla\" \/>\n<meta property=\"article:publisher\" content=\"https:\/\/www.facebook.com\/revistarambla\/\" \/>\n<meta property=\"article:author\" content=\"https:\/\/www.facebook.com\/Ignacio.gonzalezorozco\" \/>\n<meta property=\"article:published_time\" content=\"2022-07-15T07:07:29+00:00\" \/>\n<meta property=\"article:modified_time\" content=\"2023-12-29T12:39:06+00:00\" \/>\n<meta property=\"og:image\" content=\"https:\/\/www.revistarambla.com\/wp-content\/uploads\/2022\/07\/chupinzazosf224j0a0750-scaled.jpg\" \/>\n\t<meta property=\"og:image:width\" content=\"2560\" \/>\n\t<meta property=\"og:image:height\" content=\"1707\" \/>\n\t<meta property=\"og:image:type\" content=\"image\/jpeg\" \/>\n<meta name=\"author\" content=\"Ignacio Gonz\u00e1lez Orozco\" \/>\n<meta name=\"twitter:card\" content=\"summary_large_image\" \/>\n<meta name=\"twitter:creator\" content=\"@iggonor\" \/>\n<meta name=\"twitter:site\" content=\"@revistarambla\" \/>\n<meta name=\"twitter:label1\" content=\"Written by\" \/>\n\t<meta name=\"twitter:data1\" content=\"Ignacio Gonz\u00e1lez Orozco\" \/>\n\t<meta name=\"twitter:label2\" content=\"Estimated reading time\" \/>\n\t<meta name=\"twitter:data2\" content=\"3 minutes\" \/>\n<script type=\"application\/ld+json\" class=\"yoast-schema-graph\">{\"@context\":\"https:\\\/\\\/schema.org\",\"@graph\":[{\"@type\":\"Article\",\"@id\":\"https:\\\/\\\/www.revistarambla.com\\\/primer-encierro-y-primer-capotazo\\\/#article\",\"isPartOf\":{\"@id\":\"https:\\\/\\\/www.revistarambla.com\\\/primer-encierro-y-primer-capotazo\\\/\"},\"author\":{\"name\":\"Ignacio Gonz\u00e1lez Orozco\",\"@id\":\"https:\\\/\\\/www.revistarambla.com\\\/#\\\/schema\\\/person\\\/f57e0b5bc0173cd6b95a123fd3fcca75\"},\"headline\":\"Primer capotazo\",\"datePublished\":\"2022-07-15T07:07:29+00:00\",\"dateModified\":\"2023-12-29T12:39:06+00:00\",\"mainEntityOfPage\":{\"@id\":\"https:\\\/\\\/www.revistarambla.com\\\/primer-encierro-y-primer-capotazo\\\/\"},\"wordCount\":567,\"publisher\":{\"@id\":\"https:\\\/\\\/www.revistarambla.com\\\/#organization\"},\"image\":{\"@id\":\"https:\\\/\\\/www.revistarambla.com\\\/primer-encierro-y-primer-capotazo\\\/#primaryimage\"},\"thumbnailUrl\":\"https:\\\/\\\/www.revistarambla.com\\\/wp-content\\\/uploads\\\/2022\\\/07\\\/chupinzazosf224j0a0750-scaled.jpg\",\"articleSection\":[\"Letras y Cuentos\"],\"inLanguage\":\"en-GB\"},{\"@type\":\"WebPage\",\"@id\":\"https:\\\/\\\/www.revistarambla.com\\\/primer-encierro-y-primer-capotazo\\\/\",\"url\":\"https:\\\/\\\/www.revistarambla.com\\\/primer-encierro-y-primer-capotazo\\\/\",\"name\":\"Primer capotazo - Revista Rambla\",\"isPartOf\":{\"@id\":\"https:\\\/\\\/www.revistarambla.com\\\/#website\"},\"primaryImageOfPage\":{\"@id\":\"https:\\\/\\\/www.revistarambla.com\\\/primer-encierro-y-primer-capotazo\\\/#primaryimage\"},\"image\":{\"@id\":\"https:\\\/\\\/www.revistarambla.com\\\/primer-encierro-y-primer-capotazo\\\/#primaryimage\"},\"thumbnailUrl\":\"https:\\\/\\\/www.revistarambla.com\\\/wp-content\\\/uploads\\\/2022\\\/07\\\/chupinzazosf224j0a0750-scaled.jpg\",\"datePublished\":\"2022-07-15T07:07:29+00:00\",\"dateModified\":\"2023-12-29T12:39:06+00:00\",\"breadcrumb\":{\"@id\":\"https:\\\/\\\/www.revistarambla.com\\\/primer-encierro-y-primer-capotazo\\\/#breadcrumb\"},\"inLanguage\":\"en-GB\",\"potentialAction\":[{\"@type\":\"ReadAction\",\"target\":[\"https:\\\/\\\/www.revistarambla.com\\\/primer-encierro-y-primer-capotazo\\\/\"]}]},{\"@type\":\"ImageObject\",\"inLanguage\":\"en-GB\",\"@id\":\"https:\\\/\\\/www.revistarambla.com\\\/primer-encierro-y-primer-capotazo\\\/#primaryimage\",\"url\":\"https:\\\/\\\/www.revistarambla.com\\\/wp-content\\\/uploads\\\/2022\\\/07\\\/chupinzazosf224j0a0750-scaled.jpg\",\"contentUrl\":\"https:\\\/\\\/www.revistarambla.com\\\/wp-content\\\/uploads\\\/2022\\\/07\\\/chupinzazosf224j0a0750-scaled.jpg\",\"width\":2560,\"height\":1707},{\"@type\":\"BreadcrumbList\",\"@id\":\"https:\\\/\\\/www.revistarambla.com\\\/primer-encierro-y-primer-capotazo\\\/#breadcrumb\",\"itemListElement\":[{\"@type\":\"ListItem\",\"position\":1,\"name\":\"Portada\",\"item\":\"https:\\\/\\\/www.revistarambla.com\\\/\"},{\"@type\":\"ListItem\",\"position\":2,\"name\":\"Primer capotazo\"}]},{\"@type\":\"WebSite\",\"@id\":\"https:\\\/\\\/www.revistarambla.com\\\/#website\",\"url\":\"https:\\\/\\\/www.revistarambla.com\\\/\",\"name\":\"Revista Rambla Barcelona\",\"description\":\"Periodismo independiente\",\"publisher\":{\"@id\":\"https:\\\/\\\/www.revistarambla.com\\\/#organization\"},\"potentialAction\":[{\"@type\":\"SearchAction\",\"target\":{\"@type\":\"EntryPoint\",\"urlTemplate\":\"https:\\\/\\\/www.revistarambla.com\\\/?s={search_term_string}\"},\"query-input\":{\"@type\":\"PropertyValueSpecification\",\"valueRequired\":true,\"valueName\":\"search_term_string\"}}],\"inLanguage\":\"en-GB\"},{\"@type\":\"Organization\",\"@id\":\"https:\\\/\\\/www.revistarambla.com\\\/#organization\",\"name\":\"Revista Rambla\",\"url\":\"https:\\\/\\\/www.revistarambla.com\\\/\",\"logo\":{\"@type\":\"ImageObject\",\"inLanguage\":\"en-GB\",\"@id\":\"https:\\\/\\\/www.revistarambla.com\\\/#\\\/schema\\\/logo\\\/image\\\/\",\"url\":\"https:\\\/\\\/www.revistarambla.com\\\/wp-content\\\/uploads\\\/2020\\\/09\\\/banner_rambla_1900x600_BB.png\",\"contentUrl\":\"https:\\\/\\\/www.revistarambla.com\\\/wp-content\\\/uploads\\\/2020\\\/09\\\/banner_rambla_1900x600_BB.png\",\"width\":1900,\"height\":600,\"caption\":\"Revista Rambla\"},\"image\":{\"@id\":\"https:\\\/\\\/www.revistarambla.com\\\/#\\\/schema\\\/logo\\\/image\\\/\"},\"sameAs\":[\"https:\\\/\\\/www.facebook.com\\\/revistarambla\\\/\",\"https:\\\/\\\/x.com\\\/revistarambla\",\"https:\\\/\\\/www.instagram.com\\\/revista_rambla\",\"https:\\\/\\\/es.linkedin.com\\\/company\\\/revista-rambla\"]},{\"@type\":\"Person\",\"@id\":\"https:\\\/\\\/www.revistarambla.com\\\/#\\\/schema\\\/person\\\/f57e0b5bc0173cd6b95a123fd3fcca75\",\"name\":\"Ignacio Gonz\u00e1lez Orozco\",\"description\":\"Editor, periodista y escritor. Autor de libros como 'Annual: todas las guerras, todas las v\u00edctimas' o 'Amores y quebrantos', entre muchos otros.\",\"sameAs\":[\"https:\\\/\\\/www.facebook.com\\\/Ignacio.gonzalezorozco\",\"https:\\\/\\\/x.com\\\/iggonor\"]}]}<\/script>\n<!-- \/ Yoast SEO plugin. -->","yoast_head_json":{"title":"Primer capotazo - Revista Rambla","robots":{"index":"index","follow":"follow","max-snippet":"max-snippet:-1","max-image-preview":"max-image-preview:large","max-video-preview":"max-video-preview:-1"},"canonical":"https:\/\/www.revistarambla.com\/en\/primer-encierro-y-primer-capotazo\/","og_locale":"en_GB","og_type":"article","og_title":"Primer capotazo - Revista Rambla","og_description":"7 de julio. Primer encierro de San Ferm\u00edn.","og_url":"https:\/\/www.revistarambla.com\/en\/primer-encierro-y-primer-capotazo\/","og_site_name":"Revista Rambla","article_publisher":"https:\/\/www.facebook.com\/revistarambla\/","article_author":"https:\/\/www.facebook.com\/Ignacio.gonzalezorozco","article_published_time":"2022-07-15T07:07:29+00:00","article_modified_time":"2023-12-29T12:39:06+00:00","og_image":[{"width":2560,"height":1707,"url":"https:\/\/www.revistarambla.com\/wp-content\/uploads\/2022\/07\/chupinzazosf224j0a0750-scaled.jpg","type":"image\/jpeg"}],"author":"Ignacio Gonz\u00e1lez Orozco","twitter_card":"summary_large_image","twitter_creator":"@iggonor","twitter_site":"@revistarambla","twitter_misc":{"Written by":"Ignacio Gonz\u00e1lez Orozco","Estimated reading time":"3 minutes"},"schema":{"@context":"https:\/\/schema.org","@graph":[{"@type":"Article","@id":"https:\/\/www.revistarambla.com\/primer-encierro-y-primer-capotazo\/#article","isPartOf":{"@id":"https:\/\/www.revistarambla.com\/primer-encierro-y-primer-capotazo\/"},"author":{"name":"Ignacio Gonz\u00e1lez Orozco","@id":"https:\/\/www.revistarambla.com\/#\/schema\/person\/f57e0b5bc0173cd6b95a123fd3fcca75"},"headline":"Primer capotazo","datePublished":"2022-07-15T07:07:29+00:00","dateModified":"2023-12-29T12:39:06+00:00","mainEntityOfPage":{"@id":"https:\/\/www.revistarambla.com\/primer-encierro-y-primer-capotazo\/"},"wordCount":567,"publisher":{"@id":"https:\/\/www.revistarambla.com\/#organization"},"image":{"@id":"https:\/\/www.revistarambla.com\/primer-encierro-y-primer-capotazo\/#primaryimage"},"thumbnailUrl":"https:\/\/www.revistarambla.com\/wp-content\/uploads\/2022\/07\/chupinzazosf224j0a0750-scaled.jpg","articleSection":["Letras y Cuentos"],"inLanguage":"en-GB"},{"@type":"WebPage","@id":"https:\/\/www.revistarambla.com\/primer-encierro-y-primer-capotazo\/","url":"https:\/\/www.revistarambla.com\/primer-encierro-y-primer-capotazo\/","name":"Primer capotazo - Revista Rambla","isPartOf":{"@id":"https:\/\/www.revistarambla.com\/#website"},"primaryImageOfPage":{"@id":"https:\/\/www.revistarambla.com\/primer-encierro-y-primer-capotazo\/#primaryimage"},"image":{"@id":"https:\/\/www.revistarambla.com\/primer-encierro-y-primer-capotazo\/#primaryimage"},"thumbnailUrl":"https:\/\/www.revistarambla.com\/wp-content\/uploads\/2022\/07\/chupinzazosf224j0a0750-scaled.jpg","datePublished":"2022-07-15T07:07:29+00:00","dateModified":"2023-12-29T12:39:06+00:00","breadcrumb":{"@id":"https:\/\/www.revistarambla.com\/primer-encierro-y-primer-capotazo\/#breadcrumb"},"inLanguage":"en-GB","potentialAction":[{"@type":"ReadAction","target":["https:\/\/www.revistarambla.com\/primer-encierro-y-primer-capotazo\/"]}]},{"@type":"ImageObject","inLanguage":"en-GB","@id":"https:\/\/www.revistarambla.com\/primer-encierro-y-primer-capotazo\/#primaryimage","url":"https:\/\/www.revistarambla.com\/wp-content\/uploads\/2022\/07\/chupinzazosf224j0a0750-scaled.jpg","contentUrl":"https:\/\/www.revistarambla.com\/wp-content\/uploads\/2022\/07\/chupinzazosf224j0a0750-scaled.jpg","width":2560,"height":1707},{"@type":"BreadcrumbList","@id":"https:\/\/www.revistarambla.com\/primer-encierro-y-primer-capotazo\/#breadcrumb","itemListElement":[{"@type":"ListItem","position":1,"name":"Portada","item":"https:\/\/www.revistarambla.com\/"},{"@type":"ListItem","position":2,"name":"Primer capotazo"}]},{"@type":"WebSite","@id":"https:\/\/www.revistarambla.com\/#website","url":"https:\/\/www.revistarambla.com\/","name":"Revista Rambla Barcelona","description":"Periodismo independiente","publisher":{"@id":"https:\/\/www.revistarambla.com\/#organization"},"potentialAction":[{"@type":"SearchAction","target":{"@type":"EntryPoint","urlTemplate":"https:\/\/www.revistarambla.com\/?s={search_term_string}"},"query-input":{"@type":"PropertyValueSpecification","valueRequired":true,"valueName":"search_term_string"}}],"inLanguage":"en-GB"},{"@type":"Organization","@id":"https:\/\/www.revistarambla.com\/#organization","name":"Revista Rambla","url":"https:\/\/www.revistarambla.com\/","logo":{"@type":"ImageObject","inLanguage":"en-GB","@id":"https:\/\/www.revistarambla.com\/#\/schema\/logo\/image\/","url":"https:\/\/www.revistarambla.com\/wp-content\/uploads\/2020\/09\/banner_rambla_1900x600_BB.png","contentUrl":"https:\/\/www.revistarambla.com\/wp-content\/uploads\/2020\/09\/banner_rambla_1900x600_BB.png","width":1900,"height":600,"caption":"Revista Rambla"},"image":{"@id":"https:\/\/www.revistarambla.com\/#\/schema\/logo\/image\/"},"sameAs":["https:\/\/www.facebook.com\/revistarambla\/","https:\/\/x.com\/revistarambla","https:\/\/www.instagram.com\/revista_rambla","https:\/\/es.linkedin.com\/company\/revista-rambla"]},{"@type":"Person","@id":"https:\/\/www.revistarambla.com\/#\/schema\/person\/f57e0b5bc0173cd6b95a123fd3fcca75","name":"Ignacio Gonz\u00e1lez Orozco","description":"Editor, periodista y escritor. Autor de libros como 'Annual: todas las guerras, todas las v\u00edctimas' o 'Amores y quebrantos', entre muchos otros.","sameAs":["https:\/\/www.facebook.com\/Ignacio.gonzalezorozco","https:\/\/x.com\/iggonor"]}]}},"_links":{"self":[{"href":"https:\/\/www.revistarambla.com\/en\/wp-json\/wp\/v2\/posts\/44324","targetHints":{"allow":["GET"]}}],"collection":[{"href":"https:\/\/www.revistarambla.com\/en\/wp-json\/wp\/v2\/posts"}],"about":[{"href":"https:\/\/www.revistarambla.com\/en\/wp-json\/wp\/v2\/types\/post"}],"author":[{"embeddable":true,"href":"https:\/\/www.revistarambla.com\/en\/wp-json\/wp\/v2\/users\/21"}],"replies":[{"embeddable":true,"href":"https:\/\/www.revistarambla.com\/en\/wp-json\/wp\/v2\/comments?post=44324"}],"version-history":[{"count":5,"href":"https:\/\/www.revistarambla.com\/en\/wp-json\/wp\/v2\/posts\/44324\/revisions"}],"predecessor-version":[{"id":44365,"href":"https:\/\/www.revistarambla.com\/en\/wp-json\/wp\/v2\/posts\/44324\/revisions\/44365"}],"wp:featuredmedia":[{"embeddable":true,"href":"https:\/\/www.revistarambla.com\/en\/wp-json\/wp\/v2\/media\/44325"}],"wp:attachment":[{"href":"https:\/\/www.revistarambla.com\/en\/wp-json\/wp\/v2\/media?parent=44324"}],"wp:term":[{"taxonomy":"category","embeddable":true,"href":"https:\/\/www.revistarambla.com\/en\/wp-json\/wp\/v2\/categories?post=44324"},{"taxonomy":"post_tag","embeddable":true,"href":"https:\/\/www.revistarambla.com\/en\/wp-json\/wp\/v2\/tags?post=44324"}],"curies":[{"name":"wp","href":"https:\/\/api.w.org\/{rel}","templated":true}]}}