{"id":44263,"date":"2022-07-13T21:48:39","date_gmt":"2022-07-13T19:48:39","guid":{"rendered":"https:\/\/www.revistarambla.com\/?p=44263"},"modified":"2022-07-14T20:10:03","modified_gmt":"2022-07-14T18:10:03","slug":"el-fondo-buitre-blackrock-fija-su-expansion-en-las-energeticas-espanolas","status":"publish","type":"post","link":"https:\/\/www.revistarambla.com\/en\/el-fondo-buitre-blackrock-fija-su-expansion-en-las-energeticas-espanolas\/","title":{"rendered":"El fondo buitre Blackrock fija su expansi\u00f3n en las energ\u00e9ticas espa\u00f1olas"},"content":{"rendered":"<p>Blackrock acaba de entrar en el capital de Acciona, tras adquirir un paquete de acciones de forma indirecta y por medio de instrumentos financieros, hasta concentrar el 3% del capital de la compa\u00f1\u00eda espa\u00f1ola de infraestructuras y energ\u00eda, convirti\u00e9ndose as\u00ed en el \u00fanico accionista mayoritario al margen de la familia Entrecanales, seg\u00fan informa el diario financiero <em>El Nuevo Lunes<\/em>.<\/p>\n<p>En concreto, cuenta con 1,36 millones de acciones indirectas, 209.000 t\u00edtulos en pr\u00e9stamo y otros 74.000 en contratos por diferencias (CFD), lo que suma un total de 1,65 millones de acciones, con un valor actual de mercado de unos 300 millones de euros. Una inversi\u00f3n de calado que da una idea de la estrategia del superfondo que dirige Larry Fink, al que, claramente, le gustan las energ\u00e9ticas.<\/p>\n<p>De hecho, esta operaci\u00f3n se produce apenas un mes despu\u00e9s de que el fondo decidiera reforzar su apuesta como primer accionista de Repsol y aumentara su participaci\u00f3n en el grupo energ\u00e9tico espa\u00f1ol hasta el 5,475 %, una participaci\u00f3n que, a los precios actuales, rondar\u00eda los 1.200 millones de euros. Los analistas se\u00f1alan que, de acuerdo con los registros de la CNMV, nunca, desde su entrada en 2010, el fondo de inversi\u00f3n hab\u00eda alcanzado unos niveles tan elevados.<\/p>\n<p>Lo cierto es que lleva tiempo haci\u00e9ndose esta cartera energ\u00e9tica. En la actualidad, BlackRock es el segundo accionista de Iberdrola, con el 5,2% del capital, solo por detr\u00e1s del fondo soberano de Catar (Qatar Investment Authority, QIA) que ostenta el 8,6, seg\u00fan los registros oficiales de la CNMV. La participaci\u00f3n del fondo estadounidense est\u00e1 valorada en m\u00e1s de 3.400 millones de euros. Pero su relaci\u00f3n con Iberdrola se remonta a m\u00e1s de una d\u00e9cada atr\u00e1s, pues los primeros registros que aparecen en el regulador burs\u00e1til son del a\u00f1o 2010.<\/p>\n<p>Adem\u00e1s, en Enag\u00e1s, el fondo estadounidense es el cuarto mayor accionista, despu\u00e9s de Amancio Ortega, que tiene un 5%; la SEPI otro 5%; Bank of America, 3,6%; BlackRock, un 3,2%; Street Corporation, un 3,008% y el fondo Mubadala Investment, un 3,10%, y en Redeia (antes Grupo Red El\u00e9ctrica) es el tercero, con el 3,147%.<\/p>\n<p>Por su parte, en Naturgy, BlackRock Global Energy &amp; Power comparte como socio financiero al 50%, el 49% que la energ\u00e9tica tiene en el gasoducto Medgaz. El otro 51% es de la empresa estatal argelina Sonatrach.<\/p>\n<p>Este furor por la energ\u00eda, la descarbonizaci\u00f3n y las renovables, marca ahora en gran medida las acciones del fondo. Uno de los mensajes que puede leerse en la p\u00e1gina web afirma lo siguiente: \u201cel objetivo de la empresa de gesti\u00f3n es ayudar a nuestros clientes a invertir de forma sostenible\u201d. \u201cLa cuesti\u00f3n ya no es si la transici\u00f3n hacia las cero emisiones netas se producir\u00e1, sino c\u00f3mo, y lo que eso significa. Como fiduciarios, nos comprometemos a ayudar a nuestros clientes en el trayecto, el impulso y la concepci\u00f3n de esta transformaci\u00f3n econ\u00f3mica y financiera\u201d, a\u00f1ade. La sostenibilidad es el motor de sus inversiones.<\/p>","protected":false},"excerpt":{"rendered":"<p>Blackrock acaba de adquirir un 3% de las acciones de Acciona y todos los analistas lo han interpretado como una apuesta firme por el sector energ\u00e9tico espa\u00f1ol, donde tiene adem\u00e1s posiciones destacadas en Iberdrola, Redaia, Enag\u00e1s o Repsol. El fondo que dirige Larry Fonk lleva a\u00f1os comprando en empresas espa\u00f1olas hasta el punto de tener alguna participaci\u00f3n en todas las empresas del Ibex, y muy especialmente en bancos, el\u00e9ctricas y telecomunicaciones.<\/p>","protected":false},"author":3,"featured_media":44264,"comment_status":"closed","ping_status":"open","sticky":false,"template":"","format":"standard","meta":{"footnotes":""},"categories":[58],"tags":[],"class_list":["post-44263","post","type-post","status-publish","format-standard","has-post-thumbnail","hentry","category-estado-espanol"],"yoast_head":"<!-- This site is optimized with the Yoast SEO plugin v27.5 - https:\/\/yoast.com\/product\/yoast-seo-wordpress\/ -->\n<title>El fondo buitre Blackrock fija su expansi\u00f3n en las energ\u00e9ticas espa\u00f1olas - Revista Rambla<\/title>\n<meta name=\"robots\" content=\"index, follow, max-snippet:-1, max-image-preview:large, max-video-preview:-1\" \/>\n<link rel=\"canonical\" href=\"https:\/\/www.revistarambla.com\/en\/el-fondo-buitre-blackrock-fija-su-expansion-en-las-energeticas-espanolas\/\" \/>\n<meta property=\"og:locale\" content=\"en_GB\" \/>\n<meta property=\"og:type\" content=\"article\" \/>\n<meta property=\"og:title\" content=\"El fondo buitre Blackrock fija su expansi\u00f3n en las energ\u00e9ticas espa\u00f1olas - Revista Rambla\" \/>\n<meta property=\"og:description\" content=\"Blackrock acaba de adquirir un 3% de las acciones de Acciona y todos los analistas lo han interpretado como una apuesta firme por el sector energ\u00e9tico espa\u00f1ol, donde tiene adem\u00e1s posiciones destacadas en Iberdrola, Redaia, Enag\u00e1s o Repsol. El fondo que dirige Larry Fonk lleva a\u00f1os comprando en empresas espa\u00f1olas hasta el punto de tener alguna participaci\u00f3n en todas las empresas del Ibex, y muy especialmente en bancos, el\u00e9ctricas y telecomunicaciones.\" \/>\n<meta property=\"og:url\" content=\"https:\/\/www.revistarambla.com\/en\/el-fondo-buitre-blackrock-fija-su-expansion-en-las-energeticas-espanolas\/\" \/>\n<meta property=\"og:site_name\" content=\"Revista Rambla\" \/>\n<meta property=\"article:publisher\" content=\"https:\/\/www.facebook.com\/revistarambla\/\" \/>\n<meta property=\"article:author\" content=\"https:\/\/www.facebook.com\/revistarambla\" \/>\n<meta property=\"article:published_time\" content=\"2022-07-13T19:48:39+00:00\" \/>\n<meta property=\"article:modified_time\" content=\"2022-07-14T18:10:03+00:00\" \/>\n<meta property=\"og:image\" content=\"https:\/\/www.revistarambla.com\/wp-content\/uploads\/2022\/07\/Black-rock-hq.jpg\" \/>\n\t<meta property=\"og:image:width\" content=\"1086\" \/>\n\t<meta property=\"og:image:height\" content=\"839\" \/>\n\t<meta property=\"og:image:type\" content=\"image\/jpeg\" \/>\n<meta name=\"author\" content=\"R@mbla\" \/>\n<meta name=\"twitter:card\" content=\"summary_large_image\" \/>\n<meta name=\"twitter:creator\" content=\"@revistarambla\" \/>\n<meta name=\"twitter:site\" content=\"@revistarambla\" \/>\n<meta name=\"twitter:label1\" content=\"Written by\" \/>\n\t<meta name=\"twitter:data1\" content=\"R@mbla\" \/>\n\t<meta name=\"twitter:label2\" content=\"Estimated reading time\" \/>\n\t<meta name=\"twitter:data2\" content=\"3 minutes\" \/>\n<script type=\"application\/ld+json\" class=\"yoast-schema-graph\">{\"@context\":\"https:\\\/\\\/schema.org\",\"@graph\":[{\"@type\":\"Article\",\"@id\":\"https:\\\/\\\/www.revistarambla.com\\\/el-fondo-buitre-blackrock-fija-su-expansion-en-las-energeticas-espanolas\\\/#article\",\"isPartOf\":{\"@id\":\"https:\\\/\\\/www.revistarambla.com\\\/el-fondo-buitre-blackrock-fija-su-expansion-en-las-energeticas-espanolas\\\/\"},\"author\":{\"name\":\"R@mbla\",\"@id\":\"https:\\\/\\\/www.revistarambla.com\\\/#\\\/schema\\\/person\\\/a146a5a2550b94981a75131180e1bd9c\"},\"headline\":\"El fondo buitre Blackrock fija su expansi\u00f3n en las energ\u00e9ticas espa\u00f1olas\",\"datePublished\":\"2022-07-13T19:48:39+00:00\",\"dateModified\":\"2022-07-14T18:10:03+00:00\",\"mainEntityOfPage\":{\"@id\":\"https:\\\/\\\/www.revistarambla.com\\\/el-fondo-buitre-blackrock-fija-su-expansion-en-las-energeticas-espanolas\\\/\"},\"wordCount\":523,\"publisher\":{\"@id\":\"https:\\\/\\\/www.revistarambla.com\\\/#organization\"},\"image\":{\"@id\":\"https:\\\/\\\/www.revistarambla.com\\\/el-fondo-buitre-blackrock-fija-su-expansion-en-las-energeticas-espanolas\\\/#primaryimage\"},\"thumbnailUrl\":\"https:\\\/\\\/www.revistarambla.com\\\/wp-content\\\/uploads\\\/2022\\\/07\\\/Black-rock-hq.jpg\",\"articleSection\":[\"Estado Espa\u00f1ol\"],\"inLanguage\":\"en-GB\"},{\"@type\":\"WebPage\",\"@id\":\"https:\\\/\\\/www.revistarambla.com\\\/el-fondo-buitre-blackrock-fija-su-expansion-en-las-energeticas-espanolas\\\/\",\"url\":\"https:\\\/\\\/www.revistarambla.com\\\/el-fondo-buitre-blackrock-fija-su-expansion-en-las-energeticas-espanolas\\\/\",\"name\":\"El fondo buitre Blackrock fija su expansi\u00f3n en las energ\u00e9ticas espa\u00f1olas - Revista Rambla\",\"isPartOf\":{\"@id\":\"https:\\\/\\\/www.revistarambla.com\\\/#website\"},\"primaryImageOfPage\":{\"@id\":\"https:\\\/\\\/www.revistarambla.com\\\/el-fondo-buitre-blackrock-fija-su-expansion-en-las-energeticas-espanolas\\\/#primaryimage\"},\"image\":{\"@id\":\"https:\\\/\\\/www.revistarambla.com\\\/el-fondo-buitre-blackrock-fija-su-expansion-en-las-energeticas-espanolas\\\/#primaryimage\"},\"thumbnailUrl\":\"https:\\\/\\\/www.revistarambla.com\\\/wp-content\\\/uploads\\\/2022\\\/07\\\/Black-rock-hq.jpg\",\"datePublished\":\"2022-07-13T19:48:39+00:00\",\"dateModified\":\"2022-07-14T18:10:03+00:00\",\"breadcrumb\":{\"@id\":\"https:\\\/\\\/www.revistarambla.com\\\/el-fondo-buitre-blackrock-fija-su-expansion-en-las-energeticas-espanolas\\\/#breadcrumb\"},\"inLanguage\":\"en-GB\",\"potentialAction\":[{\"@type\":\"ReadAction\",\"target\":[\"https:\\\/\\\/www.revistarambla.com\\\/el-fondo-buitre-blackrock-fija-su-expansion-en-las-energeticas-espanolas\\\/\"]}]},{\"@type\":\"ImageObject\",\"inLanguage\":\"en-GB\",\"@id\":\"https:\\\/\\\/www.revistarambla.com\\\/el-fondo-buitre-blackrock-fija-su-expansion-en-las-energeticas-espanolas\\\/#primaryimage\",\"url\":\"https:\\\/\\\/www.revistarambla.com\\\/wp-content\\\/uploads\\\/2022\\\/07\\\/Black-rock-hq.jpg\",\"contentUrl\":\"https:\\\/\\\/www.revistarambla.com\\\/wp-content\\\/uploads\\\/2022\\\/07\\\/Black-rock-hq.jpg\",\"width\":1086,\"height\":839},{\"@type\":\"BreadcrumbList\",\"@id\":\"https:\\\/\\\/www.revistarambla.com\\\/el-fondo-buitre-blackrock-fija-su-expansion-en-las-energeticas-espanolas\\\/#breadcrumb\",\"itemListElement\":[{\"@type\":\"ListItem\",\"position\":1,\"name\":\"Portada\",\"item\":\"https:\\\/\\\/www.revistarambla.com\\\/\"},{\"@type\":\"ListItem\",\"position\":2,\"name\":\"El fondo buitre Blackrock fija su expansi\u00f3n en las energ\u00e9ticas espa\u00f1olas\"}]},{\"@type\":\"WebSite\",\"@id\":\"https:\\\/\\\/www.revistarambla.com\\\/#website\",\"url\":\"https:\\\/\\\/www.revistarambla.com\\\/\",\"name\":\"Revista Rambla Barcelona\",\"description\":\"Periodismo independiente\",\"publisher\":{\"@id\":\"https:\\\/\\\/www.revistarambla.com\\\/#organization\"},\"potentialAction\":[{\"@type\":\"SearchAction\",\"target\":{\"@type\":\"EntryPoint\",\"urlTemplate\":\"https:\\\/\\\/www.revistarambla.com\\\/?s={search_term_string}\"},\"query-input\":{\"@type\":\"PropertyValueSpecification\",\"valueRequired\":true,\"valueName\":\"search_term_string\"}}],\"inLanguage\":\"en-GB\"},{\"@type\":\"Organization\",\"@id\":\"https:\\\/\\\/www.revistarambla.com\\\/#organization\",\"name\":\"Revista Rambla\",\"url\":\"https:\\\/\\\/www.revistarambla.com\\\/\",\"logo\":{\"@type\":\"ImageObject\",\"inLanguage\":\"en-GB\",\"@id\":\"https:\\\/\\\/www.revistarambla.com\\\/#\\\/schema\\\/logo\\\/image\\\/\",\"url\":\"https:\\\/\\\/www.revistarambla.com\\\/wp-content\\\/uploads\\\/2020\\\/09\\\/banner_rambla_1900x600_BB.png\",\"contentUrl\":\"https:\\\/\\\/www.revistarambla.com\\\/wp-content\\\/uploads\\\/2020\\\/09\\\/banner_rambla_1900x600_BB.png\",\"width\":1900,\"height\":600,\"caption\":\"Revista Rambla\"},\"image\":{\"@id\":\"https:\\\/\\\/www.revistarambla.com\\\/#\\\/schema\\\/logo\\\/image\\\/\"},\"sameAs\":[\"https:\\\/\\\/www.facebook.com\\\/revistarambla\\\/\",\"https:\\\/\\\/x.com\\\/revistarambla\",\"https:\\\/\\\/www.instagram.com\\\/revista_rambla\",\"https:\\\/\\\/es.linkedin.com\\\/company\\\/revista-rambla\"]},{\"@type\":\"Person\",\"@id\":\"https:\\\/\\\/www.revistarambla.com\\\/#\\\/schema\\\/person\\\/a146a5a2550b94981a75131180e1bd9c\",\"name\":\"R@mbla\",\"description\":\"Este art\u00edculo ha sido redactado y\\\/o validado por el equipo de redacci\u00f3n de Revista Rambla.\",\"sameAs\":[\"https:\\\/\\\/www.revistarambla.com\\\/\",\"https:\\\/\\\/www.facebook.com\\\/revistarambla\",\"https:\\\/\\\/x.com\\\/revistarambla\"]}]}<\/script>\n<!-- \/ Yoast SEO plugin. -->","yoast_head_json":{"title":"El fondo buitre Blackrock fija su expansi\u00f3n en las energ\u00e9ticas espa\u00f1olas - Revista Rambla","robots":{"index":"index","follow":"follow","max-snippet":"max-snippet:-1","max-image-preview":"max-image-preview:large","max-video-preview":"max-video-preview:-1"},"canonical":"https:\/\/www.revistarambla.com\/en\/el-fondo-buitre-blackrock-fija-su-expansion-en-las-energeticas-espanolas\/","og_locale":"en_GB","og_type":"article","og_title":"El fondo buitre Blackrock fija su expansi\u00f3n en las energ\u00e9ticas espa\u00f1olas - Revista Rambla","og_description":"Blackrock acaba de adquirir un 3% de las acciones de Acciona y todos los analistas lo han interpretado como una apuesta firme por el sector energ\u00e9tico espa\u00f1ol, donde tiene adem\u00e1s posiciones destacadas en Iberdrola, Redaia, Enag\u00e1s o Repsol. El fondo que dirige Larry Fonk lleva a\u00f1os comprando en empresas espa\u00f1olas hasta el punto de tener alguna participaci\u00f3n en todas las empresas del Ibex, y muy especialmente en bancos, el\u00e9ctricas y telecomunicaciones.","og_url":"https:\/\/www.revistarambla.com\/en\/el-fondo-buitre-blackrock-fija-su-expansion-en-las-energeticas-espanolas\/","og_site_name":"Revista Rambla","article_publisher":"https:\/\/www.facebook.com\/revistarambla\/","article_author":"https:\/\/www.facebook.com\/revistarambla","article_published_time":"2022-07-13T19:48:39+00:00","article_modified_time":"2022-07-14T18:10:03+00:00","og_image":[{"width":1086,"height":839,"url":"https:\/\/www.revistarambla.com\/wp-content\/uploads\/2022\/07\/Black-rock-hq.jpg","type":"image\/jpeg"}],"author":"R@mbla","twitter_card":"summary_large_image","twitter_creator":"@revistarambla","twitter_site":"@revistarambla","twitter_misc":{"Written by":"R@mbla","Estimated reading time":"3 minutes"},"schema":{"@context":"https:\/\/schema.org","@graph":[{"@type":"Article","@id":"https:\/\/www.revistarambla.com\/el-fondo-buitre-blackrock-fija-su-expansion-en-las-energeticas-espanolas\/#article","isPartOf":{"@id":"https:\/\/www.revistarambla.com\/el-fondo-buitre-blackrock-fija-su-expansion-en-las-energeticas-espanolas\/"},"author":{"name":"R@mbla","@id":"https:\/\/www.revistarambla.com\/#\/schema\/person\/a146a5a2550b94981a75131180e1bd9c"},"headline":"El fondo buitre Blackrock fija su expansi\u00f3n en las energ\u00e9ticas espa\u00f1olas","datePublished":"2022-07-13T19:48:39+00:00","dateModified":"2022-07-14T18:10:03+00:00","mainEntityOfPage":{"@id":"https:\/\/www.revistarambla.com\/el-fondo-buitre-blackrock-fija-su-expansion-en-las-energeticas-espanolas\/"},"wordCount":523,"publisher":{"@id":"https:\/\/www.revistarambla.com\/#organization"},"image":{"@id":"https:\/\/www.revistarambla.com\/el-fondo-buitre-blackrock-fija-su-expansion-en-las-energeticas-espanolas\/#primaryimage"},"thumbnailUrl":"https:\/\/www.revistarambla.com\/wp-content\/uploads\/2022\/07\/Black-rock-hq.jpg","articleSection":["Estado Espa\u00f1ol"],"inLanguage":"en-GB"},{"@type":"WebPage","@id":"https:\/\/www.revistarambla.com\/el-fondo-buitre-blackrock-fija-su-expansion-en-las-energeticas-espanolas\/","url":"https:\/\/www.revistarambla.com\/el-fondo-buitre-blackrock-fija-su-expansion-en-las-energeticas-espanolas\/","name":"El fondo buitre Blackrock fija su expansi\u00f3n en las energ\u00e9ticas espa\u00f1olas - Revista Rambla","isPartOf":{"@id":"https:\/\/www.revistarambla.com\/#website"},"primaryImageOfPage":{"@id":"https:\/\/www.revistarambla.com\/el-fondo-buitre-blackrock-fija-su-expansion-en-las-energeticas-espanolas\/#primaryimage"},"image":{"@id":"https:\/\/www.revistarambla.com\/el-fondo-buitre-blackrock-fija-su-expansion-en-las-energeticas-espanolas\/#primaryimage"},"thumbnailUrl":"https:\/\/www.revistarambla.com\/wp-content\/uploads\/2022\/07\/Black-rock-hq.jpg","datePublished":"2022-07-13T19:48:39+00:00","dateModified":"2022-07-14T18:10:03+00:00","breadcrumb":{"@id":"https:\/\/www.revistarambla.com\/el-fondo-buitre-blackrock-fija-su-expansion-en-las-energeticas-espanolas\/#breadcrumb"},"inLanguage":"en-GB","potentialAction":[{"@type":"ReadAction","target":["https:\/\/www.revistarambla.com\/el-fondo-buitre-blackrock-fija-su-expansion-en-las-energeticas-espanolas\/"]}]},{"@type":"ImageObject","inLanguage":"en-GB","@id":"https:\/\/www.revistarambla.com\/el-fondo-buitre-blackrock-fija-su-expansion-en-las-energeticas-espanolas\/#primaryimage","url":"https:\/\/www.revistarambla.com\/wp-content\/uploads\/2022\/07\/Black-rock-hq.jpg","contentUrl":"https:\/\/www.revistarambla.com\/wp-content\/uploads\/2022\/07\/Black-rock-hq.jpg","width":1086,"height":839},{"@type":"BreadcrumbList","@id":"https:\/\/www.revistarambla.com\/el-fondo-buitre-blackrock-fija-su-expansion-en-las-energeticas-espanolas\/#breadcrumb","itemListElement":[{"@type":"ListItem","position":1,"name":"Portada","item":"https:\/\/www.revistarambla.com\/"},{"@type":"ListItem","position":2,"name":"El fondo buitre Blackrock fija su expansi\u00f3n en las energ\u00e9ticas espa\u00f1olas"}]},{"@type":"WebSite","@id":"https:\/\/www.revistarambla.com\/#website","url":"https:\/\/www.revistarambla.com\/","name":"Revista Rambla Barcelona","description":"Periodismo independiente","publisher":{"@id":"https:\/\/www.revistarambla.com\/#organization"},"potentialAction":[{"@type":"SearchAction","target":{"@type":"EntryPoint","urlTemplate":"https:\/\/www.revistarambla.com\/?s={search_term_string}"},"query-input":{"@type":"PropertyValueSpecification","valueRequired":true,"valueName":"search_term_string"}}],"inLanguage":"en-GB"},{"@type":"Organization","@id":"https:\/\/www.revistarambla.com\/#organization","name":"Revista Rambla","url":"https:\/\/www.revistarambla.com\/","logo":{"@type":"ImageObject","inLanguage":"en-GB","@id":"https:\/\/www.revistarambla.com\/#\/schema\/logo\/image\/","url":"https:\/\/www.revistarambla.com\/wp-content\/uploads\/2020\/09\/banner_rambla_1900x600_BB.png","contentUrl":"https:\/\/www.revistarambla.com\/wp-content\/uploads\/2020\/09\/banner_rambla_1900x600_BB.png","width":1900,"height":600,"caption":"Revista Rambla"},"image":{"@id":"https:\/\/www.revistarambla.com\/#\/schema\/logo\/image\/"},"sameAs":["https:\/\/www.facebook.com\/revistarambla\/","https:\/\/x.com\/revistarambla","https:\/\/www.instagram.com\/revista_rambla","https:\/\/es.linkedin.com\/company\/revista-rambla"]},{"@type":"Person","@id":"https:\/\/www.revistarambla.com\/#\/schema\/person\/a146a5a2550b94981a75131180e1bd9c","name":"R@mbla","description":"Este art\u00edculo ha sido redactado y\/o validado por el equipo de redacci\u00f3n de Revista Rambla.","sameAs":["https:\/\/www.revistarambla.com\/","https:\/\/www.facebook.com\/revistarambla","https:\/\/x.com\/revistarambla"]}]}},"_links":{"self":[{"href":"https:\/\/www.revistarambla.com\/en\/wp-json\/wp\/v2\/posts\/44263","targetHints":{"allow":["GET"]}}],"collection":[{"href":"https:\/\/www.revistarambla.com\/en\/wp-json\/wp\/v2\/posts"}],"about":[{"href":"https:\/\/www.revistarambla.com\/en\/wp-json\/wp\/v2\/types\/post"}],"author":[{"embeddable":true,"href":"https:\/\/www.revistarambla.com\/en\/wp-json\/wp\/v2\/users\/3"}],"replies":[{"embeddable":true,"href":"https:\/\/www.revistarambla.com\/en\/wp-json\/wp\/v2\/comments?post=44263"}],"version-history":[{"count":2,"href":"https:\/\/www.revistarambla.com\/en\/wp-json\/wp\/v2\/posts\/44263\/revisions"}],"predecessor-version":[{"id":44284,"href":"https:\/\/www.revistarambla.com\/en\/wp-json\/wp\/v2\/posts\/44263\/revisions\/44284"}],"wp:featuredmedia":[{"embeddable":true,"href":"https:\/\/www.revistarambla.com\/en\/wp-json\/wp\/v2\/media\/44264"}],"wp:attachment":[{"href":"https:\/\/www.revistarambla.com\/en\/wp-json\/wp\/v2\/media?parent=44263"}],"wp:term":[{"taxonomy":"category","embeddable":true,"href":"https:\/\/www.revistarambla.com\/en\/wp-json\/wp\/v2\/categories?post=44263"},{"taxonomy":"post_tag","embeddable":true,"href":"https:\/\/www.revistarambla.com\/en\/wp-json\/wp\/v2\/tags?post=44263"}],"curies":[{"name":"wp","href":"https:\/\/api.w.org\/{rel}","templated":true}]}}