{"id":44218,"date":"2022-07-12T19:25:27","date_gmt":"2022-07-12T17:25:27","guid":{"rendered":"https:\/\/www.revistarambla.com\/?p=44218"},"modified":"2022-07-12T19:25:27","modified_gmt":"2022-07-12T17:25:27","slug":"las-resbalosas","status":"publish","type":"post","link":"https:\/\/www.revistarambla.com\/en\/las-resbalosas\/","title":{"rendered":"Las resbalosas"},"content":{"rendered":"<p>Se conoce que anduvieron resbalosas las mujeres del PSOE. Y dieron \u2013 o provocaron \u2013 alg\u00fan que otro desafortunado traspi\u00e9s. Las palabras de V\u00edctor Guti\u00e9rrez, responsable del \u00e1rea LGTBI del partido, enfatizando as\u00ed su apoyo a la \u201cLey trans\u201c, han levantado un enorme revuelo en las filas socialistas\u2026 y m\u00e1s all\u00e1. Ven\u00eda a decir este reciente fichaje estrella que hab\u00eda sido necesario apartar de sus responsabilidades a unas cuantas trasnochadas feministas que entorpec\u00edan la adopci\u00f3n de dicho proyecto, pero que todo estaba ya en orden para sacarlo adelante. Las disculpas, obligadas, no tardaron en llegar. Hubo que reconocer que, sin el compromiso del feminismo militante, dif\u00edcilmente se hubiesen alcanzado los avances en derechos civiles para gays y lesbianas de que hace gala Espa\u00f1a. Sin embargo, el da\u00f1o estaba hecho y prevalec\u00eda un mensaje: \u201cEste cotarro lo hemos manejado siempre los hombres. Y s\u00ed, en un momento de debilidad, aflojamos las riendas y algunas mujeres se nos subieron a las barbas. Pero, ya las hemos puesto en su sitio\u201d. \u00bfExagerada percepci\u00f3n? En absoluto. El transgenerismo va de eso: de poner a las mujeres \u201cen su sitio\u201d.<\/p>\n<p>Haci\u00e9ndose eco de esas tensiones, el digital \u201cRep\u00fablica\u201d afirmaba: \u201cEstalla el enfrentamiento entre el colectivo LGTBI del PSOE y las feministas del partido\u201d. Un titular muy inexacto. Las feministas socialistas, por lo que se ve, no andan a la gre\u00f1a con ning\u00fan colectivo, sino con la misoginia y el machismo rampantes que usurpan esas siglas. Y es que nos hallamos ante una paradoja. Impugnando la realidad material inmutable del sexo biol\u00f3gico, el transgenerismo no s\u00f3lo amenaza las conquistas de las mujeres, sino que cuestiona tambi\u00e9n la homosexualidad \u2013 la atracci\u00f3n hacia personas del mismo sexo \u2013 e incluso la propia transexualidad. \u00bfC\u00f3mo se entiende que semejante corriente de pensamiento se haya atrincherado en organismos que se definen por la defensa de esos colectivos? La explicaci\u00f3n \u00faltima surgir\u00e1 sin duda de una clarificaci\u00f3n en sus propias filas. Me atrever\u00eda, no obstante, a aventurar una hip\u00f3tesis: estos marcos est\u00e1n mayoritariamente dominados por hombres \u2013 las lesbianas han ido quedando relegadas a un segundo plano e invisibilizadas. Y, probablemente, por hombres cuya posici\u00f3n econ\u00f3mica y cultural les permite vivir su orientaci\u00f3n sexual desde una posici\u00f3n de relativa comodidad, al abrigo de las discriminaciones y manifestaciones de homofobia que persisten en nuestra sociedad. Homosexuales o heterosexuales, todos los hombres hemos sido socializados en una cultura patriarcal, de preeminencia y violencia larvada contra las mujeres. Lo gay no quita per se lo machista, s\u00f3lo la conciencia puede hacerlo. Y las condiciones materiales de existencia determinan en gran medida la conciencia. As\u00ed, determinados segmentos expresan un suerte de homopatriarcado, potenciado por el triunfo del individualismo y el mercantilismo neoliberal. Es lo que refleja, por ejemplo, la actitud de quienes recurren a los vientres de alquiler \u2013 es decir, a la explotaci\u00f3n reproductiva de mujeres pobres -, convencidos de que sus deseos son fuente de derecho. El desfile del Orgullo en Madrid acogi\u00f3 este a\u00f1o un nutrido cortejo, casi exclusivamente formado por hombres, que exhib\u00edan a sus hijos reci\u00e9n comprados y reivindicaban el recurso a la \u201cmaternidad subrogada\u201d \u2013 sin que los organizadores de la marcha objetaran nada respecto a la celebraci\u00f3n de una pr\u00e1ctica delictiva. El delirio queer pretende instaurar la tiran\u00eda del deseo. De ah\u00ed su \u00e9xito entre quienes habitan esa burbuja hedonista. Para ellos, las feministas son unas impenitentes aguafiestas.<\/p>\n<p>Cada vez m\u00e1s gays se van percatando de la manipulaci\u00f3n de que son objeto. El anagrama LGTBI no para de incorporar letras e \u201cidentidades\u201d\u2026 \u201cQ\u201d, \u201cA\u201d y todo lo que d\u00e9 la imaginaci\u00f3n. La confusi\u00f3n generada de este modo no es inocente, sino que desdibuja luchas progresistas hist\u00f3ricas, las falsifica y las utiliza con una finalidad retr\u00f3grada. La homosexualidad no es ninguna \u201crareza\u201d (queer), las orientaciones sexuales (LGB) se sit\u00faan en un plano distinto al de una anomal\u00eda f\u00edsica (I)\u2026 Y todo ello es a su vez distinto de las manifestaciones de disforia, m\u00e1s all\u00e1 del enfoque que se d\u00e9 a ese fen\u00f3meno. Racionalmente, no tiene sentido referirse a ese mosaico de realidades como un \u201ccolectivo\u201d. Pero la mezcla entre lo objetivable y lo et\u00e9reo sirve para borrar la materialidad del sexo y afirmar la preeminencia del sentimiento. En nuestra sociedad patriarcal, son las mujeres \u2013 el sexo oprimido \u2013 quienes necesitan aferrarse al reconocimiento de esa materialidad para defenderse, pues sobre ella se yerguen la injusticia y la violencia que sufren por parte de los varones. Estos pueden permitirse fantasear, a base de estereotipos, con convertirse en mujeres; pueden invadir sus espacios. E incluso tratar de arrebatarles, merced a la ciencia, su entidad biol\u00f3gica como hembras de la especie humana\u2026 Nada de eso subvierte, sino antes bien conforta, la posici\u00f3n dominante de los hombres. He aqu\u00ed, en \u00faltima instancia, por qu\u00e9 son las feministas quienes est\u00e1n dando la voz de alarma contra el transgenerismo\u2026 y por qu\u00e9 a los hombres nos est\u00e1 costando tanto captar el peligro que representa.<\/p>\n<p>Es saludable que la gente \u201csalga del armario\u201d y viva su sexualidad con plenitud. Muy al contrario, la izquierda deber\u00eda encerrar en un armario la cultura woke y tirar la llave. La obsesi\u00f3n por lo pol\u00edticamente correcto hace que nos den gato por liebre. Quien se atreva a cuestionar las leyes trans, alertando acerca de su impacto en la coeducaci\u00f3n o en la salud de los menores, ser\u00e1 inmediatamente acusado de transfobia. Quien advierta de la colonizaci\u00f3n por parte del lobby transactivista de entidades que surgieron para combatir la discriminaci\u00f3n de gays y lesbianas, se arriesga a ser tachado de homofobia. Sea. Pero ya es hora de ir llamando a las cosas por su nombre. El machismo se manifiesta tanto en una reuni\u00f3n de cu\u00f1ados como en el Pride. No. Las feministas no tienen problemas con ning\u00fan colectivo. Ni en el PSOE, ni en ning\u00fan otro sitio. Tienen problemas con la misoginia\u2026 y con la indiferencia de los hombres de izquierdas. Veremos qu\u00e9 pasa con la tramitaci\u00f3n de la Ley Trans en el Congreso de los Diputados. Veremos tambi\u00e9n qu\u00e9 voces atiende Yolanda D\u00edaz en el proceso de escucha que acaba de iniciar. La izquierda en su conjunto a\u00fan no es consciente del traspi\u00e9s que puede dar como no se sacuda a tiempo el confeti y el brillibrilli.<\/p>","protected":false},"excerpt":{"rendered":"<p>Se conoce que anduvieron resbalosas las mujeres del PSOE. Y dieron \u2013 o provocaron \u2013 alg\u00fan que otro desafortunado traspi\u00e9s. Las palabras de V\u00edctor Guti\u00e9rrez, responsable del \u00e1rea LGTBI del partido, enfatizando as\u00ed su apoyo a la \u201cLey trans\u201c, han levantado un enorme revuelo en las filas socialistas\u2026 y m\u00e1s [&hellip;]<\/p>\n","protected":false},"author":207,"featured_media":43499,"comment_status":"closed","ping_status":"open","sticky":false,"template":"","format":"standard","meta":{"footnotes":""},"categories":[72],"tags":[],"class_list":["post-44218","post","type-post","status-publish","format-standard","has-post-thumbnail","hentry","category-opinion"],"yoast_head":"<!-- This site is optimized with the Yoast SEO plugin v27.5 - https:\/\/yoast.com\/product\/yoast-seo-wordpress\/ -->\n<title>Las resbalosas - Revista Rambla<\/title>\n<meta name=\"robots\" content=\"index, follow, max-snippet:-1, max-image-preview:large, max-video-preview:-1\" \/>\n<link rel=\"canonical\" href=\"https:\/\/www.revistarambla.com\/en\/las-resbalosas\/\" \/>\n<meta property=\"og:locale\" content=\"en_GB\" \/>\n<meta property=\"og:type\" content=\"article\" \/>\n<meta property=\"og:title\" content=\"Las resbalosas - Revista Rambla\" \/>\n<meta property=\"og:description\" content=\"Se conoce que anduvieron resbalosas las mujeres del PSOE. Y dieron \u2013 o provocaron \u2013 alg\u00fan que otro desafortunado traspi\u00e9s. Las palabras de V\u00edctor Guti\u00e9rrez, responsable del \u00e1rea LGTBI del partido, enfatizando as\u00ed su apoyo a la \u201cLey trans\u201c, han levantado un enorme revuelo en las filas socialistas\u2026 y m\u00e1s [&hellip;]\" \/>\n<meta property=\"og:url\" content=\"https:\/\/www.revistarambla.com\/en\/las-resbalosas\/\" \/>\n<meta property=\"og:site_name\" content=\"Revista Rambla\" \/>\n<meta property=\"article:publisher\" content=\"https:\/\/www.facebook.com\/revistarambla\/\" \/>\n<meta property=\"article:author\" content=\"https:\/\/www.facebook.com\/lluis.rabell\" \/>\n<meta property=\"article:published_time\" content=\"2022-07-12T17:25:27+00:00\" \/>\n<meta property=\"og:image\" content=\"https:\/\/www.revistarambla.com\/wp-content\/uploads\/2022\/06\/transgender-flags.jpg\" \/>\n\t<meta property=\"og:image:width\" content=\"2500\" \/>\n\t<meta property=\"og:image:height\" content=\"1250\" \/>\n\t<meta property=\"og:image:type\" content=\"image\/jpeg\" \/>\n<meta name=\"author\" content=\"Llu\u00eds Rabell\" \/>\n<meta name=\"twitter:card\" content=\"summary_large_image\" \/>\n<meta name=\"twitter:creator\" content=\"@LluisRabell\" \/>\n<meta name=\"twitter:site\" content=\"@revistarambla\" \/>\n<meta name=\"twitter:label1\" content=\"Written by\" \/>\n\t<meta name=\"twitter:data1\" content=\"Llu\u00eds Rabell\" \/>\n\t<meta name=\"twitter:label2\" content=\"Estimated reading time\" \/>\n\t<meta name=\"twitter:data2\" content=\"5 minutes\" \/>\n<script type=\"application\/ld+json\" class=\"yoast-schema-graph\">{\"@context\":\"https:\\\/\\\/schema.org\",\"@graph\":[{\"@type\":\"Article\",\"@id\":\"https:\\\/\\\/www.revistarambla.com\\\/las-resbalosas\\\/#article\",\"isPartOf\":{\"@id\":\"https:\\\/\\\/www.revistarambla.com\\\/las-resbalosas\\\/\"},\"author\":{\"name\":\"Llu\u00eds Rabell\",\"@id\":\"https:\\\/\\\/www.revistarambla.com\\\/#\\\/schema\\\/person\\\/3ba9277f13f33db9ef7848c9777ce347\"},\"headline\":\"Las resbalosas\",\"datePublished\":\"2022-07-12T17:25:27+00:00\",\"mainEntityOfPage\":{\"@id\":\"https:\\\/\\\/www.revistarambla.com\\\/las-resbalosas\\\/\"},\"wordCount\":1102,\"publisher\":{\"@id\":\"https:\\\/\\\/www.revistarambla.com\\\/#organization\"},\"image\":{\"@id\":\"https:\\\/\\\/www.revistarambla.com\\\/las-resbalosas\\\/#primaryimage\"},\"thumbnailUrl\":\"https:\\\/\\\/www.revistarambla.com\\\/wp-content\\\/uploads\\\/2022\\\/06\\\/transgender-flags.jpg\",\"articleSection\":[\"Opiniones\"],\"inLanguage\":\"en-GB\"},{\"@type\":\"WebPage\",\"@id\":\"https:\\\/\\\/www.revistarambla.com\\\/las-resbalosas\\\/\",\"url\":\"https:\\\/\\\/www.revistarambla.com\\\/las-resbalosas\\\/\",\"name\":\"Las resbalosas - Revista Rambla\",\"isPartOf\":{\"@id\":\"https:\\\/\\\/www.revistarambla.com\\\/#website\"},\"primaryImageOfPage\":{\"@id\":\"https:\\\/\\\/www.revistarambla.com\\\/las-resbalosas\\\/#primaryimage\"},\"image\":{\"@id\":\"https:\\\/\\\/www.revistarambla.com\\\/las-resbalosas\\\/#primaryimage\"},\"thumbnailUrl\":\"https:\\\/\\\/www.revistarambla.com\\\/wp-content\\\/uploads\\\/2022\\\/06\\\/transgender-flags.jpg\",\"datePublished\":\"2022-07-12T17:25:27+00:00\",\"breadcrumb\":{\"@id\":\"https:\\\/\\\/www.revistarambla.com\\\/las-resbalosas\\\/#breadcrumb\"},\"inLanguage\":\"en-GB\",\"potentialAction\":[{\"@type\":\"ReadAction\",\"target\":[\"https:\\\/\\\/www.revistarambla.com\\\/las-resbalosas\\\/\"]}]},{\"@type\":\"ImageObject\",\"inLanguage\":\"en-GB\",\"@id\":\"https:\\\/\\\/www.revistarambla.com\\\/las-resbalosas\\\/#primaryimage\",\"url\":\"https:\\\/\\\/www.revistarambla.com\\\/wp-content\\\/uploads\\\/2022\\\/06\\\/transgender-flags.jpg\",\"contentUrl\":\"https:\\\/\\\/www.revistarambla.com\\\/wp-content\\\/uploads\\\/2022\\\/06\\\/transgender-flags.jpg\",\"width\":2500,\"height\":1250},{\"@type\":\"BreadcrumbList\",\"@id\":\"https:\\\/\\\/www.revistarambla.com\\\/las-resbalosas\\\/#breadcrumb\",\"itemListElement\":[{\"@type\":\"ListItem\",\"position\":1,\"name\":\"Portada\",\"item\":\"https:\\\/\\\/www.revistarambla.com\\\/\"},{\"@type\":\"ListItem\",\"position\":2,\"name\":\"Las resbalosas\"}]},{\"@type\":\"WebSite\",\"@id\":\"https:\\\/\\\/www.revistarambla.com\\\/#website\",\"url\":\"https:\\\/\\\/www.revistarambla.com\\\/\",\"name\":\"Revista Rambla Barcelona\",\"description\":\"Periodismo independiente\",\"publisher\":{\"@id\":\"https:\\\/\\\/www.revistarambla.com\\\/#organization\"},\"potentialAction\":[{\"@type\":\"SearchAction\",\"target\":{\"@type\":\"EntryPoint\",\"urlTemplate\":\"https:\\\/\\\/www.revistarambla.com\\\/?s={search_term_string}\"},\"query-input\":{\"@type\":\"PropertyValueSpecification\",\"valueRequired\":true,\"valueName\":\"search_term_string\"}}],\"inLanguage\":\"en-GB\"},{\"@type\":\"Organization\",\"@id\":\"https:\\\/\\\/www.revistarambla.com\\\/#organization\",\"name\":\"Revista Rambla\",\"url\":\"https:\\\/\\\/www.revistarambla.com\\\/\",\"logo\":{\"@type\":\"ImageObject\",\"inLanguage\":\"en-GB\",\"@id\":\"https:\\\/\\\/www.revistarambla.com\\\/#\\\/schema\\\/logo\\\/image\\\/\",\"url\":\"https:\\\/\\\/www.revistarambla.com\\\/wp-content\\\/uploads\\\/2020\\\/09\\\/banner_rambla_1900x600_BB.png\",\"contentUrl\":\"https:\\\/\\\/www.revistarambla.com\\\/wp-content\\\/uploads\\\/2020\\\/09\\\/banner_rambla_1900x600_BB.png\",\"width\":1900,\"height\":600,\"caption\":\"Revista Rambla\"},\"image\":{\"@id\":\"https:\\\/\\\/www.revistarambla.com\\\/#\\\/schema\\\/logo\\\/image\\\/\"},\"sameAs\":[\"https:\\\/\\\/www.facebook.com\\\/revistarambla\\\/\",\"https:\\\/\\\/x.com\\\/revistarambla\",\"https:\\\/\\\/www.instagram.com\\\/revista_rambla\",\"https:\\\/\\\/es.linkedin.com\\\/company\\\/revista-rambla\"]},{\"@type\":\"Person\",\"@id\":\"https:\\\/\\\/www.revistarambla.com\\\/#\\\/schema\\\/person\\\/3ba9277f13f33db9ef7848c9777ce347\",\"name\":\"Llu\u00eds Rabell\",\"description\":\"Barcelona, 1954. Traductor, activista y pol\u00edtico. Diputado del Parlament de Catalunya entre 2015 y 2017, lider\u00f3 el grupo parlamentario de Catalunya S\u00ed que es Pot.\",\"sameAs\":[\"https:\\\/\\\/lluisrabell.com\\\/blog\\\/\",\"https:\\\/\\\/www.facebook.com\\\/lluis.rabell\",\"https:\\\/\\\/x.com\\\/LluisRabell\",\"https:\\\/\\\/es.wikipedia.org\\\/wiki\\\/Llus_Rabell\"]}]}<\/script>\n<!-- \/ Yoast SEO plugin. -->","yoast_head_json":{"title":"Las resbalosas - Revista Rambla","robots":{"index":"index","follow":"follow","max-snippet":"max-snippet:-1","max-image-preview":"max-image-preview:large","max-video-preview":"max-video-preview:-1"},"canonical":"https:\/\/www.revistarambla.com\/en\/las-resbalosas\/","og_locale":"en_GB","og_type":"article","og_title":"Las resbalosas - Revista Rambla","og_description":"Se conoce que anduvieron resbalosas las mujeres del PSOE. Y dieron \u2013 o provocaron \u2013 alg\u00fan que otro desafortunado traspi\u00e9s. Las palabras de V\u00edctor Guti\u00e9rrez, responsable del \u00e1rea LGTBI del partido, enfatizando as\u00ed su apoyo a la \u201cLey trans\u201c, han levantado un enorme revuelo en las filas socialistas\u2026 y m\u00e1s [&hellip;]","og_url":"https:\/\/www.revistarambla.com\/en\/las-resbalosas\/","og_site_name":"Revista Rambla","article_publisher":"https:\/\/www.facebook.com\/revistarambla\/","article_author":"https:\/\/www.facebook.com\/lluis.rabell","article_published_time":"2022-07-12T17:25:27+00:00","og_image":[{"width":2500,"height":1250,"url":"https:\/\/www.revistarambla.com\/wp-content\/uploads\/2022\/06\/transgender-flags.jpg","type":"image\/jpeg"}],"author":"Llu\u00eds Rabell","twitter_card":"summary_large_image","twitter_creator":"@LluisRabell","twitter_site":"@revistarambla","twitter_misc":{"Written by":"Llu\u00eds Rabell","Estimated reading time":"5 minutes"},"schema":{"@context":"https:\/\/schema.org","@graph":[{"@type":"Article","@id":"https:\/\/www.revistarambla.com\/las-resbalosas\/#article","isPartOf":{"@id":"https:\/\/www.revistarambla.com\/las-resbalosas\/"},"author":{"name":"Llu\u00eds Rabell","@id":"https:\/\/www.revistarambla.com\/#\/schema\/person\/3ba9277f13f33db9ef7848c9777ce347"},"headline":"Las resbalosas","datePublished":"2022-07-12T17:25:27+00:00","mainEntityOfPage":{"@id":"https:\/\/www.revistarambla.com\/las-resbalosas\/"},"wordCount":1102,"publisher":{"@id":"https:\/\/www.revistarambla.com\/#organization"},"image":{"@id":"https:\/\/www.revistarambla.com\/las-resbalosas\/#primaryimage"},"thumbnailUrl":"https:\/\/www.revistarambla.com\/wp-content\/uploads\/2022\/06\/transgender-flags.jpg","articleSection":["Opiniones"],"inLanguage":"en-GB"},{"@type":"WebPage","@id":"https:\/\/www.revistarambla.com\/las-resbalosas\/","url":"https:\/\/www.revistarambla.com\/las-resbalosas\/","name":"Las resbalosas - Revista Rambla","isPartOf":{"@id":"https:\/\/www.revistarambla.com\/#website"},"primaryImageOfPage":{"@id":"https:\/\/www.revistarambla.com\/las-resbalosas\/#primaryimage"},"image":{"@id":"https:\/\/www.revistarambla.com\/las-resbalosas\/#primaryimage"},"thumbnailUrl":"https:\/\/www.revistarambla.com\/wp-content\/uploads\/2022\/06\/transgender-flags.jpg","datePublished":"2022-07-12T17:25:27+00:00","breadcrumb":{"@id":"https:\/\/www.revistarambla.com\/las-resbalosas\/#breadcrumb"},"inLanguage":"en-GB","potentialAction":[{"@type":"ReadAction","target":["https:\/\/www.revistarambla.com\/las-resbalosas\/"]}]},{"@type":"ImageObject","inLanguage":"en-GB","@id":"https:\/\/www.revistarambla.com\/las-resbalosas\/#primaryimage","url":"https:\/\/www.revistarambla.com\/wp-content\/uploads\/2022\/06\/transgender-flags.jpg","contentUrl":"https:\/\/www.revistarambla.com\/wp-content\/uploads\/2022\/06\/transgender-flags.jpg","width":2500,"height":1250},{"@type":"BreadcrumbList","@id":"https:\/\/www.revistarambla.com\/las-resbalosas\/#breadcrumb","itemListElement":[{"@type":"ListItem","position":1,"name":"Portada","item":"https:\/\/www.revistarambla.com\/"},{"@type":"ListItem","position":2,"name":"Las resbalosas"}]},{"@type":"WebSite","@id":"https:\/\/www.revistarambla.com\/#website","url":"https:\/\/www.revistarambla.com\/","name":"Revista Rambla Barcelona","description":"Periodismo independiente","publisher":{"@id":"https:\/\/www.revistarambla.com\/#organization"},"potentialAction":[{"@type":"SearchAction","target":{"@type":"EntryPoint","urlTemplate":"https:\/\/www.revistarambla.com\/?s={search_term_string}"},"query-input":{"@type":"PropertyValueSpecification","valueRequired":true,"valueName":"search_term_string"}}],"inLanguage":"en-GB"},{"@type":"Organization","@id":"https:\/\/www.revistarambla.com\/#organization","name":"Revista Rambla","url":"https:\/\/www.revistarambla.com\/","logo":{"@type":"ImageObject","inLanguage":"en-GB","@id":"https:\/\/www.revistarambla.com\/#\/schema\/logo\/image\/","url":"https:\/\/www.revistarambla.com\/wp-content\/uploads\/2020\/09\/banner_rambla_1900x600_BB.png","contentUrl":"https:\/\/www.revistarambla.com\/wp-content\/uploads\/2020\/09\/banner_rambla_1900x600_BB.png","width":1900,"height":600,"caption":"Revista Rambla"},"image":{"@id":"https:\/\/www.revistarambla.com\/#\/schema\/logo\/image\/"},"sameAs":["https:\/\/www.facebook.com\/revistarambla\/","https:\/\/x.com\/revistarambla","https:\/\/www.instagram.com\/revista_rambla","https:\/\/es.linkedin.com\/company\/revista-rambla"]},{"@type":"Person","@id":"https:\/\/www.revistarambla.com\/#\/schema\/person\/3ba9277f13f33db9ef7848c9777ce347","name":"Llu\u00eds Rabell","description":"Barcelona, 1954. Traductor, activista y pol\u00edtico. Diputado del Parlament de Catalunya entre 2015 y 2017, lider\u00f3 el grupo parlamentario de Catalunya S\u00ed que es Pot.","sameAs":["https:\/\/lluisrabell.com\/blog\/","https:\/\/www.facebook.com\/lluis.rabell","https:\/\/x.com\/LluisRabell","https:\/\/es.wikipedia.org\/wiki\/Llus_Rabell"]}]}},"_links":{"self":[{"href":"https:\/\/www.revistarambla.com\/en\/wp-json\/wp\/v2\/posts\/44218","targetHints":{"allow":["GET"]}}],"collection":[{"href":"https:\/\/www.revistarambla.com\/en\/wp-json\/wp\/v2\/posts"}],"about":[{"href":"https:\/\/www.revistarambla.com\/en\/wp-json\/wp\/v2\/types\/post"}],"author":[{"embeddable":true,"href":"https:\/\/www.revistarambla.com\/en\/wp-json\/wp\/v2\/users\/207"}],"replies":[{"embeddable":true,"href":"https:\/\/www.revistarambla.com\/en\/wp-json\/wp\/v2\/comments?post=44218"}],"version-history":[{"count":1,"href":"https:\/\/www.revistarambla.com\/en\/wp-json\/wp\/v2\/posts\/44218\/revisions"}],"predecessor-version":[{"id":44219,"href":"https:\/\/www.revistarambla.com\/en\/wp-json\/wp\/v2\/posts\/44218\/revisions\/44219"}],"wp:featuredmedia":[{"embeddable":true,"href":"https:\/\/www.revistarambla.com\/en\/wp-json\/wp\/v2\/media\/43499"}],"wp:attachment":[{"href":"https:\/\/www.revistarambla.com\/en\/wp-json\/wp\/v2\/media?parent=44218"}],"wp:term":[{"taxonomy":"category","embeddable":true,"href":"https:\/\/www.revistarambla.com\/en\/wp-json\/wp\/v2\/categories?post=44218"},{"taxonomy":"post_tag","embeddable":true,"href":"https:\/\/www.revistarambla.com\/en\/wp-json\/wp\/v2\/tags?post=44218"}],"curies":[{"name":"wp","href":"https:\/\/api.w.org\/{rel}","templated":true}]}}