{"id":44150,"date":"2022-07-11T12:10:06","date_gmt":"2022-07-11T10:10:06","guid":{"rendered":"https:\/\/www.revistarambla.com\/?p=44150"},"modified":"2022-07-11T12:10:06","modified_gmt":"2022-07-11T10:10:06","slug":"claves-para-comprar-sofas-en-las-rebajas","status":"publish","type":"post","link":"https:\/\/www.revistarambla.com\/en\/claves-para-comprar-sofas-en-las-rebajas\/","title":{"rendered":"Claves para comprar sof\u00e1s en las rebajas"},"content":{"rendered":"<p><span style=\"font-weight: 400;\">Atr\u00e1s quedan los tiempos en los que se consideraban las rebajas como un per\u00edodo promocional id\u00f3neo solamente para la adquisici\u00f3n de productos de moda. Hoy en d\u00eda son mucho m\u00e1s numerosas las categor\u00edas que tambi\u00e9n pasan a verse beneficiadas de unos descuentos muy agresivos. La de tecnolog\u00eda es un claro ejemplo, as\u00ed como <\/span><b>la secci\u00f3n de mobiliario<\/b><span style=\"font-weight: 400;\">.<\/span><\/p>\n<p><span style=\"font-weight: 400;\">Precisamente hoy nos centraremos en esta \u00faltima, en concreto en los sof\u00e1s. Y es que son unos de los elementos m\u00e1s importantes en todo hogar. Los barceloneses son conscientes de ello, as\u00ed que no dudan en hacer el esfuerzo econ\u00f3mico oportuno con tal de obtener un modelo que merezca mucho la pena. <\/span><b>Ahora es la mejor \u00e9poca para comprarlos<\/b><span style=\"font-weight: 400;\">, por lo que si quieres acertar de lleno en la decisi\u00f3n adoptada, no dudes en aplicar las siguientes claves.<\/span><\/p>\n<h2><b>Aprovechar el porcentaje de descuento muy elevado al comprar sof\u00e1s de exposici\u00f3n<\/b><\/h2>\n<p><span style=\"font-weight: 400;\">Aquellos ciudadanos de Barcelona que tienen en mente gastar la menor cantidad posible de dinero sin que ello se traduzca en la obtenci\u00f3n de un sof\u00e1 que deje que desear, sino m\u00e1s bien todo lo contrario, saben que <\/span><b>una de las mejores opciones consiste en recurrir a las unidades de exposici\u00f3n<\/b><span style=\"font-weight: 400;\">.<\/span><\/p>\n<p><span style=\"font-weight: 400;\">\u00bfSab\u00edas que en las rebajas hay algunas tiendas que aplican descuentos muy agresivos? En efecto, siendo un buen ejemplo <\/span><span style=\"text-decoration: underline;\"><a href=\"https:\/\/www.sofassimo.com\/\"><b>Sofassimo<\/b><\/a><\/span><span style=\"font-weight: 400;\">. Estamos ante un comercio especializado que se decanta por fomentar las ventas de sof\u00e1s de exposici\u00f3n, rebaj\u00e1ndolos para ello un sesenta por ciento como m\u00e1ximo. Es decir, si compras un sof\u00e1 de exposici\u00f3n, respecto a su precio original, tan solo tendr\u00e1s que pagar el cuarenta por ciento.<\/span><\/p>\n<p><span style=\"font-weight: 400;\">Conviene destacar el hecho de que estos sof\u00e1s, cuando provienen de una tienda como la recientemente mencionada, hacen gala de un estado \u00f3ptimo. As\u00ed pues, las diferencias respecto a las unidades nuevas son dif\u00edcilmente apreciables, <\/span><b>teniendo por delante una ampl\u00edsima vida \u00fatil de la que podr\u00e1s disfrutar habi\u00e9ndote ahorrado mucho dinero<\/b><span style=\"font-weight: 400;\">.<\/span><\/p>\n<h2><b>Optar por modelos nuevos tambi\u00e9n es una buena alternativa aprovechando los descuentos actuales<\/b><\/h2>\n<p><span style=\"font-weight: 400;\">Si bien es cierto que no es viable alcanzar un porcentaje de descuento tan atractivo como el de las unidades de exposici\u00f3n, <\/span><b>julio de 2022 est\u00e1 convirti\u00e9ndose en uno de los mejores meses para adquirir un sof\u00e1 nuevo<\/b><span style=\"font-weight: 400;\">. As\u00ed lo demuestra nuevamente la tienda conocida bajo el nombre de Sofassimo.<\/span><\/p>\n<p><span style=\"font-weight: 400;\">En este caso, <\/span><b>un diez por ciento de ahorro es agradecido enormemente por los consumidores<\/b><span style=\"font-weight: 400;\">. Aunque depende del modelo, en algunos casos ello supone dejar de pagar cien euros o incluso m\u00e1s, los cuales pueden destinarse a cojines, fundas o productos que nada tienen que ver con el sof\u00e1 en cuesti\u00f3n.<\/span><\/p>\n<h2><b>Elegir el tipo de sof\u00e1 que m\u00e1s te convenga<\/b><\/h2>\n<p><span style=\"font-weight: 400;\">Esta clave se aplica no solo durante las rebajas, sino tambi\u00e9n el resto del a\u00f1o. Y es que de poco sirve pagar menos dinero por un sof\u00e1 si no compras <\/span><b>justo aquel que necesitas<\/b><span style=\"font-weight: 400;\">.<\/span><\/p>\n<p><span style=\"font-weight: 400;\">Por ejemplo, un <\/span><span style=\"text-decoration: underline;\"><a href=\"https:\/\/www.sofassimo.com\/chaise-longues\"><b>chaise longue<\/b><\/a><\/span><span style=\"font-weight: 400;\"> es la mezcla perfecta entre sof\u00e1 convencional y modelo rinconero. Es ideal para aprovechar el espacio, adapt\u00e1ndose perfectamente a todo tipo de salones. Por otra parte, destaca por ofrecer a los usuarios un alto nivel de comodidad.<\/span><\/p>\n<p><span style=\"font-weight: 400;\">Si el espacio del que dispones en tu hogar barcelon\u00e9s pretende ser aprovechado m\u00e1s si cabe, <\/span><b>las rinconeras son una muy buena opci\u00f3n, <\/b><span style=\"font-weight: 400;\">independientemente de si te decantas por las que tienen forma de U o las que imitan la letra L.<\/span><\/p>\n<p><span style=\"font-weight: 400;\">Aqu\u00ed no termina la lista de sof\u00e1s por los que puedes optar. Otros de los que est\u00e1n en pleno auge son los motorizados. Si bien es cierto que anta\u00f1o supon\u00edan un gran desembolso, algunos modelos de <\/span><a href=\"https:\/\/www.sofassimo.com\/ofertas-rebajas\"><b><span style=\"text-decoration: underline;\">sof\u00e1s en rebajas<\/span><\/b><\/a><span style=\"font-weight: 400;\"> te permiten disfrutar de esta tecnolog\u00eda sin obligarte a realizar un estratosf\u00e9rico desembolso, sino m\u00e1s bien justo lo contrario.<\/span><\/p>\n<p><span style=\"font-weight: 400;\">Por supuesto, los sof\u00e1s convencionales tambi\u00e9n forman parte del cat\u00e1logo de modelos rebajados, as\u00ed como los que <\/span><b>se convierten en cama y que son ideales para los barceloneses que suelen recibir visitas <\/b><span style=\"font-weight: 400;\">en sus casas o pisos.<\/span><\/p>\n<h2><b>Centrarse sobre todo en la relaci\u00f3n calidad-precio<\/b><\/h2>\n<p><span style=\"font-weight: 400;\">Cada vez es mayor la cifra de consumidores barceloneses que, <\/span><b>antes de hacer una compra<\/b><span style=\"font-weight: 400;\">, se aseguran de que el producto en cuesti\u00f3n hace gala de una buena relaci\u00f3n calidad-precio. Si ya de por s\u00ed esto es importante al hablar de otras categor\u00edas, m\u00e1s si cabe al hacerlo de sof\u00e1s.<\/span><\/p>\n<p><span style=\"font-weight: 400;\">No te dejes llevar por los descuentos, por muy agresivos que sean. Tras quedar seducido por el precio tan atractivo, llega el momento de analizar el sof\u00e1 que tienes entre ceja y ceja con un claro objetivo: averiguar si detr\u00e1s de \u00e9l hay un \u00f3ptimo proceso de fabricaci\u00f3n y unos buenos materiales utilizados para darle forma. En caso afirmativo, sabr\u00e1s que estar\u00e1s ante un sof\u00e1 que merecer\u00e1 mucho la pena, sobre todo por la <\/span><b>gran cantidad de a\u00f1os que se mantendr\u00e1 en perfecto estado<\/b><span style=\"font-weight: 400;\">.\u00a0<\/span><\/p>\n<p><span style=\"font-weight: 400;\">Gracias al alto nivel de competencia, <\/span><b>hoy en d\u00eda es f\u00e1cil encontrar sof\u00e1s con una muy buena relaci\u00f3n calidad-precio<\/b><span style=\"font-weight: 400;\">, sobre todo en plena \u00e9poca de rebajas.<\/span><\/p>","protected":false},"excerpt":{"rendered":"<p>Atr\u00e1s quedan los tiempos en los que se consideraban las rebajas como un per\u00edodo promocional id\u00f3neo solamente para la adquisici\u00f3n de productos de moda. Hoy en d\u00eda son mucho m\u00e1s numerosas las categor\u00edas que tambi\u00e9n pasan a verse beneficiadas de unos descuentos muy agresivos. La de tecnolog\u00eda es un claro [&hellip;]<\/p>\n","protected":false},"author":3,"featured_media":44151,"comment_status":"closed","ping_status":"open","sticky":false,"template":"","format":"standard","meta":{"footnotes":""},"categories":[3790],"tags":[],"class_list":["post-44150","post","type-post","status-publish","format-standard","has-post-thumbnail","hentry","category-otras-noticias"],"yoast_head":"<!-- This site is optimized with the Yoast SEO plugin v27.5 - https:\/\/yoast.com\/product\/yoast-seo-wordpress\/ -->\n<title>Claves para comprar sof\u00e1s en las rebajas - Revista Rambla<\/title>\n<meta name=\"robots\" content=\"index, follow, max-snippet:-1, max-image-preview:large, max-video-preview:-1\" \/>\n<link rel=\"canonical\" href=\"https:\/\/www.revistarambla.com\/en\/claves-para-comprar-sofas-en-las-rebajas\/\" \/>\n<meta property=\"og:locale\" content=\"en_GB\" \/>\n<meta property=\"og:type\" content=\"article\" \/>\n<meta property=\"og:title\" content=\"Claves para comprar sof\u00e1s en las rebajas - Revista Rambla\" \/>\n<meta property=\"og:description\" content=\"Atr\u00e1s quedan los tiempos en los que se consideraban las rebajas como un per\u00edodo promocional id\u00f3neo solamente para la adquisici\u00f3n de productos de moda. Hoy en d\u00eda son mucho m\u00e1s numerosas las categor\u00edas que tambi\u00e9n pasan a verse beneficiadas de unos descuentos muy agresivos. La de tecnolog\u00eda es un claro [&hellip;]\" \/>\n<meta property=\"og:url\" content=\"https:\/\/www.revistarambla.com\/en\/claves-para-comprar-sofas-en-las-rebajas\/\" \/>\n<meta property=\"og:site_name\" content=\"Revista Rambla\" \/>\n<meta property=\"article:publisher\" content=\"https:\/\/www.facebook.com\/revistarambla\/\" \/>\n<meta property=\"article:author\" content=\"https:\/\/www.facebook.com\/revistarambla\" \/>\n<meta property=\"article:published_time\" content=\"2022-07-11T10:10:06+00:00\" \/>\n<meta property=\"og:image\" content=\"https:\/\/www.revistarambla.com\/wp-content\/uploads\/2022\/07\/phppIePnI62cbcb935f66f.jpg\" \/>\n\t<meta property=\"og:image:width\" content=\"640\" \/>\n\t<meta property=\"og:image:height\" content=\"427\" \/>\n\t<meta property=\"og:image:type\" content=\"image\/jpeg\" \/>\n<meta name=\"author\" content=\"R@mbla\" \/>\n<meta name=\"twitter:card\" content=\"summary_large_image\" \/>\n<meta name=\"twitter:creator\" content=\"@revistarambla\" \/>\n<meta name=\"twitter:site\" content=\"@revistarambla\" \/>\n<meta name=\"twitter:label1\" content=\"Written by\" \/>\n\t<meta name=\"twitter:data1\" content=\"R@mbla\" \/>\n\t<meta name=\"twitter:label2\" content=\"Estimated reading time\" \/>\n\t<meta name=\"twitter:data2\" content=\"4 minutes\" \/>\n<script type=\"application\/ld+json\" class=\"yoast-schema-graph\">{\"@context\":\"https:\\\/\\\/schema.org\",\"@graph\":[{\"@type\":\"Article\",\"@id\":\"https:\\\/\\\/www.revistarambla.com\\\/claves-para-comprar-sofas-en-las-rebajas\\\/#article\",\"isPartOf\":{\"@id\":\"https:\\\/\\\/www.revistarambla.com\\\/claves-para-comprar-sofas-en-las-rebajas\\\/\"},\"author\":{\"name\":\"R@mbla\",\"@id\":\"https:\\\/\\\/www.revistarambla.com\\\/#\\\/schema\\\/person\\\/a146a5a2550b94981a75131180e1bd9c\"},\"headline\":\"Claves para comprar sof\u00e1s en las rebajas\",\"datePublished\":\"2022-07-11T10:10:06+00:00\",\"mainEntityOfPage\":{\"@id\":\"https:\\\/\\\/www.revistarambla.com\\\/claves-para-comprar-sofas-en-las-rebajas\\\/\"},\"wordCount\":895,\"publisher\":{\"@id\":\"https:\\\/\\\/www.revistarambla.com\\\/#organization\"},\"image\":{\"@id\":\"https:\\\/\\\/www.revistarambla.com\\\/claves-para-comprar-sofas-en-las-rebajas\\\/#primaryimage\"},\"thumbnailUrl\":\"https:\\\/\\\/www.revistarambla.com\\\/wp-content\\\/uploads\\\/2022\\\/07\\\/phppIePnI62cbcb935f66f.jpg\",\"articleSection\":[\"Otras Noticias\"],\"inLanguage\":\"en-GB\"},{\"@type\":\"WebPage\",\"@id\":\"https:\\\/\\\/www.revistarambla.com\\\/claves-para-comprar-sofas-en-las-rebajas\\\/\",\"url\":\"https:\\\/\\\/www.revistarambla.com\\\/claves-para-comprar-sofas-en-las-rebajas\\\/\",\"name\":\"Claves para comprar sof\u00e1s en las rebajas - Revista Rambla\",\"isPartOf\":{\"@id\":\"https:\\\/\\\/www.revistarambla.com\\\/#website\"},\"primaryImageOfPage\":{\"@id\":\"https:\\\/\\\/www.revistarambla.com\\\/claves-para-comprar-sofas-en-las-rebajas\\\/#primaryimage\"},\"image\":{\"@id\":\"https:\\\/\\\/www.revistarambla.com\\\/claves-para-comprar-sofas-en-las-rebajas\\\/#primaryimage\"},\"thumbnailUrl\":\"https:\\\/\\\/www.revistarambla.com\\\/wp-content\\\/uploads\\\/2022\\\/07\\\/phppIePnI62cbcb935f66f.jpg\",\"datePublished\":\"2022-07-11T10:10:06+00:00\",\"breadcrumb\":{\"@id\":\"https:\\\/\\\/www.revistarambla.com\\\/claves-para-comprar-sofas-en-las-rebajas\\\/#breadcrumb\"},\"inLanguage\":\"en-GB\",\"potentialAction\":[{\"@type\":\"ReadAction\",\"target\":[\"https:\\\/\\\/www.revistarambla.com\\\/claves-para-comprar-sofas-en-las-rebajas\\\/\"]}]},{\"@type\":\"ImageObject\",\"inLanguage\":\"en-GB\",\"@id\":\"https:\\\/\\\/www.revistarambla.com\\\/claves-para-comprar-sofas-en-las-rebajas\\\/#primaryimage\",\"url\":\"https:\\\/\\\/www.revistarambla.com\\\/wp-content\\\/uploads\\\/2022\\\/07\\\/phppIePnI62cbcb935f66f.jpg\",\"contentUrl\":\"https:\\\/\\\/www.revistarambla.com\\\/wp-content\\\/uploads\\\/2022\\\/07\\\/phppIePnI62cbcb935f66f.jpg\",\"width\":640,\"height\":427},{\"@type\":\"BreadcrumbList\",\"@id\":\"https:\\\/\\\/www.revistarambla.com\\\/claves-para-comprar-sofas-en-las-rebajas\\\/#breadcrumb\",\"itemListElement\":[{\"@type\":\"ListItem\",\"position\":1,\"name\":\"Portada\",\"item\":\"https:\\\/\\\/www.revistarambla.com\\\/\"},{\"@type\":\"ListItem\",\"position\":2,\"name\":\"Claves para comprar sof\u00e1s en las rebajas\"}]},{\"@type\":\"WebSite\",\"@id\":\"https:\\\/\\\/www.revistarambla.com\\\/#website\",\"url\":\"https:\\\/\\\/www.revistarambla.com\\\/\",\"name\":\"Revista Rambla Barcelona\",\"description\":\"Periodismo independiente\",\"publisher\":{\"@id\":\"https:\\\/\\\/www.revistarambla.com\\\/#organization\"},\"potentialAction\":[{\"@type\":\"SearchAction\",\"target\":{\"@type\":\"EntryPoint\",\"urlTemplate\":\"https:\\\/\\\/www.revistarambla.com\\\/?s={search_term_string}\"},\"query-input\":{\"@type\":\"PropertyValueSpecification\",\"valueRequired\":true,\"valueName\":\"search_term_string\"}}],\"inLanguage\":\"en-GB\"},{\"@type\":\"Organization\",\"@id\":\"https:\\\/\\\/www.revistarambla.com\\\/#organization\",\"name\":\"Revista Rambla\",\"url\":\"https:\\\/\\\/www.revistarambla.com\\\/\",\"logo\":{\"@type\":\"ImageObject\",\"inLanguage\":\"en-GB\",\"@id\":\"https:\\\/\\\/www.revistarambla.com\\\/#\\\/schema\\\/logo\\\/image\\\/\",\"url\":\"https:\\\/\\\/www.revistarambla.com\\\/wp-content\\\/uploads\\\/2020\\\/09\\\/banner_rambla_1900x600_BB.png\",\"contentUrl\":\"https:\\\/\\\/www.revistarambla.com\\\/wp-content\\\/uploads\\\/2020\\\/09\\\/banner_rambla_1900x600_BB.png\",\"width\":1900,\"height\":600,\"caption\":\"Revista Rambla\"},\"image\":{\"@id\":\"https:\\\/\\\/www.revistarambla.com\\\/#\\\/schema\\\/logo\\\/image\\\/\"},\"sameAs\":[\"https:\\\/\\\/www.facebook.com\\\/revistarambla\\\/\",\"https:\\\/\\\/x.com\\\/revistarambla\",\"https:\\\/\\\/www.instagram.com\\\/revista_rambla\",\"https:\\\/\\\/es.linkedin.com\\\/company\\\/revista-rambla\"]},{\"@type\":\"Person\",\"@id\":\"https:\\\/\\\/www.revistarambla.com\\\/#\\\/schema\\\/person\\\/a146a5a2550b94981a75131180e1bd9c\",\"name\":\"R@mbla\",\"description\":\"Este art\u00edculo ha sido redactado y\\\/o validado por el equipo de redacci\u00f3n de Revista Rambla.\",\"sameAs\":[\"https:\\\/\\\/www.revistarambla.com\\\/\",\"https:\\\/\\\/www.facebook.com\\\/revistarambla\",\"https:\\\/\\\/x.com\\\/revistarambla\"]}]}<\/script>\n<!-- \/ Yoast SEO plugin. -->","yoast_head_json":{"title":"Claves para comprar sof\u00e1s en las rebajas - Revista Rambla","robots":{"index":"index","follow":"follow","max-snippet":"max-snippet:-1","max-image-preview":"max-image-preview:large","max-video-preview":"max-video-preview:-1"},"canonical":"https:\/\/www.revistarambla.com\/en\/claves-para-comprar-sofas-en-las-rebajas\/","og_locale":"en_GB","og_type":"article","og_title":"Claves para comprar sof\u00e1s en las rebajas - Revista Rambla","og_description":"Atr\u00e1s quedan los tiempos en los que se consideraban las rebajas como un per\u00edodo promocional id\u00f3neo solamente para la adquisici\u00f3n de productos de moda. Hoy en d\u00eda son mucho m\u00e1s numerosas las categor\u00edas que tambi\u00e9n pasan a verse beneficiadas de unos descuentos muy agresivos. La de tecnolog\u00eda es un claro [&hellip;]","og_url":"https:\/\/www.revistarambla.com\/en\/claves-para-comprar-sofas-en-las-rebajas\/","og_site_name":"Revista Rambla","article_publisher":"https:\/\/www.facebook.com\/revistarambla\/","article_author":"https:\/\/www.facebook.com\/revistarambla","article_published_time":"2022-07-11T10:10:06+00:00","og_image":[{"width":640,"height":427,"url":"https:\/\/www.revistarambla.com\/wp-content\/uploads\/2022\/07\/phppIePnI62cbcb935f66f.jpg","type":"image\/jpeg"}],"author":"R@mbla","twitter_card":"summary_large_image","twitter_creator":"@revistarambla","twitter_site":"@revistarambla","twitter_misc":{"Written by":"R@mbla","Estimated reading time":"4 minutes"},"schema":{"@context":"https:\/\/schema.org","@graph":[{"@type":"Article","@id":"https:\/\/www.revistarambla.com\/claves-para-comprar-sofas-en-las-rebajas\/#article","isPartOf":{"@id":"https:\/\/www.revistarambla.com\/claves-para-comprar-sofas-en-las-rebajas\/"},"author":{"name":"R@mbla","@id":"https:\/\/www.revistarambla.com\/#\/schema\/person\/a146a5a2550b94981a75131180e1bd9c"},"headline":"Claves para comprar sof\u00e1s en las rebajas","datePublished":"2022-07-11T10:10:06+00:00","mainEntityOfPage":{"@id":"https:\/\/www.revistarambla.com\/claves-para-comprar-sofas-en-las-rebajas\/"},"wordCount":895,"publisher":{"@id":"https:\/\/www.revistarambla.com\/#organization"},"image":{"@id":"https:\/\/www.revistarambla.com\/claves-para-comprar-sofas-en-las-rebajas\/#primaryimage"},"thumbnailUrl":"https:\/\/www.revistarambla.com\/wp-content\/uploads\/2022\/07\/phppIePnI62cbcb935f66f.jpg","articleSection":["Otras Noticias"],"inLanguage":"en-GB"},{"@type":"WebPage","@id":"https:\/\/www.revistarambla.com\/claves-para-comprar-sofas-en-las-rebajas\/","url":"https:\/\/www.revistarambla.com\/claves-para-comprar-sofas-en-las-rebajas\/","name":"Claves para comprar sof\u00e1s en las rebajas - Revista Rambla","isPartOf":{"@id":"https:\/\/www.revistarambla.com\/#website"},"primaryImageOfPage":{"@id":"https:\/\/www.revistarambla.com\/claves-para-comprar-sofas-en-las-rebajas\/#primaryimage"},"image":{"@id":"https:\/\/www.revistarambla.com\/claves-para-comprar-sofas-en-las-rebajas\/#primaryimage"},"thumbnailUrl":"https:\/\/www.revistarambla.com\/wp-content\/uploads\/2022\/07\/phppIePnI62cbcb935f66f.jpg","datePublished":"2022-07-11T10:10:06+00:00","breadcrumb":{"@id":"https:\/\/www.revistarambla.com\/claves-para-comprar-sofas-en-las-rebajas\/#breadcrumb"},"inLanguage":"en-GB","potentialAction":[{"@type":"ReadAction","target":["https:\/\/www.revistarambla.com\/claves-para-comprar-sofas-en-las-rebajas\/"]}]},{"@type":"ImageObject","inLanguage":"en-GB","@id":"https:\/\/www.revistarambla.com\/claves-para-comprar-sofas-en-las-rebajas\/#primaryimage","url":"https:\/\/www.revistarambla.com\/wp-content\/uploads\/2022\/07\/phppIePnI62cbcb935f66f.jpg","contentUrl":"https:\/\/www.revistarambla.com\/wp-content\/uploads\/2022\/07\/phppIePnI62cbcb935f66f.jpg","width":640,"height":427},{"@type":"BreadcrumbList","@id":"https:\/\/www.revistarambla.com\/claves-para-comprar-sofas-en-las-rebajas\/#breadcrumb","itemListElement":[{"@type":"ListItem","position":1,"name":"Portada","item":"https:\/\/www.revistarambla.com\/"},{"@type":"ListItem","position":2,"name":"Claves para comprar sof\u00e1s en las rebajas"}]},{"@type":"WebSite","@id":"https:\/\/www.revistarambla.com\/#website","url":"https:\/\/www.revistarambla.com\/","name":"Revista Rambla Barcelona","description":"Periodismo independiente","publisher":{"@id":"https:\/\/www.revistarambla.com\/#organization"},"potentialAction":[{"@type":"SearchAction","target":{"@type":"EntryPoint","urlTemplate":"https:\/\/www.revistarambla.com\/?s={search_term_string}"},"query-input":{"@type":"PropertyValueSpecification","valueRequired":true,"valueName":"search_term_string"}}],"inLanguage":"en-GB"},{"@type":"Organization","@id":"https:\/\/www.revistarambla.com\/#organization","name":"Revista Rambla","url":"https:\/\/www.revistarambla.com\/","logo":{"@type":"ImageObject","inLanguage":"en-GB","@id":"https:\/\/www.revistarambla.com\/#\/schema\/logo\/image\/","url":"https:\/\/www.revistarambla.com\/wp-content\/uploads\/2020\/09\/banner_rambla_1900x600_BB.png","contentUrl":"https:\/\/www.revistarambla.com\/wp-content\/uploads\/2020\/09\/banner_rambla_1900x600_BB.png","width":1900,"height":600,"caption":"Revista Rambla"},"image":{"@id":"https:\/\/www.revistarambla.com\/#\/schema\/logo\/image\/"},"sameAs":["https:\/\/www.facebook.com\/revistarambla\/","https:\/\/x.com\/revistarambla","https:\/\/www.instagram.com\/revista_rambla","https:\/\/es.linkedin.com\/company\/revista-rambla"]},{"@type":"Person","@id":"https:\/\/www.revistarambla.com\/#\/schema\/person\/a146a5a2550b94981a75131180e1bd9c","name":"R@mbla","description":"Este art\u00edculo ha sido redactado y\/o validado por el equipo de redacci\u00f3n de Revista Rambla.","sameAs":["https:\/\/www.revistarambla.com\/","https:\/\/www.facebook.com\/revistarambla","https:\/\/x.com\/revistarambla"]}]}},"_links":{"self":[{"href":"https:\/\/www.revistarambla.com\/en\/wp-json\/wp\/v2\/posts\/44150","targetHints":{"allow":["GET"]}}],"collection":[{"href":"https:\/\/www.revistarambla.com\/en\/wp-json\/wp\/v2\/posts"}],"about":[{"href":"https:\/\/www.revistarambla.com\/en\/wp-json\/wp\/v2\/types\/post"}],"author":[{"embeddable":true,"href":"https:\/\/www.revistarambla.com\/en\/wp-json\/wp\/v2\/users\/3"}],"replies":[{"embeddable":true,"href":"https:\/\/www.revistarambla.com\/en\/wp-json\/wp\/v2\/comments?post=44150"}],"version-history":[{"count":1,"href":"https:\/\/www.revistarambla.com\/en\/wp-json\/wp\/v2\/posts\/44150\/revisions"}],"predecessor-version":[{"id":44152,"href":"https:\/\/www.revistarambla.com\/en\/wp-json\/wp\/v2\/posts\/44150\/revisions\/44152"}],"wp:featuredmedia":[{"embeddable":true,"href":"https:\/\/www.revistarambla.com\/en\/wp-json\/wp\/v2\/media\/44151"}],"wp:attachment":[{"href":"https:\/\/www.revistarambla.com\/en\/wp-json\/wp\/v2\/media?parent=44150"}],"wp:term":[{"taxonomy":"category","embeddable":true,"href":"https:\/\/www.revistarambla.com\/en\/wp-json\/wp\/v2\/categories?post=44150"},{"taxonomy":"post_tag","embeddable":true,"href":"https:\/\/www.revistarambla.com\/en\/wp-json\/wp\/v2\/tags?post=44150"}],"curies":[{"name":"wp","href":"https:\/\/api.w.org\/{rel}","templated":true}]}}