{"id":4400,"date":"2013-12-06T11:21:54","date_gmt":"2013-12-06T11:21:54","guid":{"rendered":"https:\/\/www.revistarambla.com\/moises-lopez-para-nosotros-el-consumo-es-un-derecho\/"},"modified":"2024-05-16T21:07:34","modified_gmt":"2024-05-16T19:07:34","slug":"moises-lopez-para-nosotros-el-consumo-es-un-derecho","status":"publish","type":"post","link":"https:\/\/www.revistarambla.com\/en\/moises-lopez-para-nosotros-el-consumo-es-un-derecho\/","title":{"rendered":"Mois\u00e9s L\u00f3pez: \u00abPara nosotros el consumo de marihuana es un derecho\u00bb"},"content":{"rendered":"<p>En varios pa\u00edses del mundo est\u00e1 abierto el debate sobre la regularizaci\u00f3n del uso de la marihuana. Incluso autoridades sanitarias hablan, como las de la Generalitat de Catalunya, de las ventajas de una regulaci\u00f3n y las desventajas de la situaci\u00f3n actual, desde el punto de vista de la salud p\u00fablica. Todo esto dentro del auge de las asociaciones cann\u00e1bicas que en el Estado espa\u00f1ol son unas 600, la mitad de ellas est\u00e1n en <a href=\"https:\/\/www.revistarambla.com\/en\/actualidad\/catalunya\/\">Catalunya<\/a>. Hablamos con Jaime Prats y Mois\u00e9s L\u00f3pez, editores de la veterana revista C\u00e1\u00f1amo, el derecho al consumo de marihuana.<\/p>\n<h2>Entrevista sobre el consumo de marihuana<\/h2>\n<p>La revista C\u00e1\u00f1amo nace en 1997, con el objetivo de ser el portavoz de un movimiento social por la legalizaci\u00f3n del cannabis. \u00bfC\u00f3mo est\u00e1 la cuesti\u00f3n?<\/p>\n<p>Jaime Prats: Hay una ley de 1967, que siguiendo un mandato de la ONU, incluy\u00f3 el cannabis en la lista de sustancias prohibidas, pero hab\u00eda tolerancia para la tenencia siempre que fuera para el consumo de marihuana propio. Fue hasta la Ley Corcuera de 1992, que se invent\u00f3 el concepto de \u201ctenencia il\u00edcita\u201d\u2026<\/p>\n<p>S\u00ed hay \u201ctenencia il\u00edcita\u201d, esto debe ser porque hay una tenencia l\u00edcita\u2026<\/p>\n<p>Jaime Prats: Claro que no, esta es una de las muchas incongruencias que hay en este asunto. Como te dec\u00eda, tras la ley toda tenencia era il\u00edcita y te sancionaban con multas que iban, y van, desde 300 hasta 3.000 euros. Como protesta por esto, se legaliz\u00f3 en Catalunya la Asociaci\u00f3n Ram\u00f3n Santos de Estudios del Cannabis (ARSEC) \u2013Ram\u00f3n Santos fue un abogado que defendi\u00f3 ante los tribunales a los consumidores de sustancias prohibidas-, que es la primera asociaci\u00f3n cann\u00e1bica legalmente constituida. Los objetivos de la asociaci\u00f3n es reclamar una regularizaci\u00f3n del consumo de marihuana y la autoproducci\u00f3n para acabar con el mercado negro, la adulteraci\u00f3n y el envenenamiento del producto, que en un marco legal y regularizado, se evitar\u00eda todo esto.\u00a0 Queremos que todo el mundo tenga la informaci\u00f3n para decidir y escoger con responsabilidad.<\/p>\n<p>Claro que un mercado ilegal supone mucho dinero negro en movimiento, un dinero sin control que quiz\u00e1 est\u00e9 en el fondo del mantenimiento de la prohibici\u00f3n, pero\u2026 \u00bfC\u00f3mo encaj\u00f3 esta asociaci\u00f3n con el marco legal existente?<\/p>\n<p>Jaime Prats: S\u00ed, s\u00ed. Sobre la asociaci\u00f3n, la inscribimos en el registro de asociaciones de la Generalitat de Catalunya. En principios quisimos registrarla como asociaci\u00f3n de consumidores, pero el registro civil nos dijo que eso era apolog\u00eda del consumo de marihuana, por lo que la registramos como una asociaci\u00f3n de estudios. En fin, una muestra m\u00e1s de la hipocres\u00eda y la estrechez moral con la que nos encontramos a diario en esta lucha. A partir de 2001, se fund\u00f3 el club\u00a0 de consumidores de cannabis, que naci\u00f3 en torno a los trabajadores que hacemos la revista C\u00e1\u00f1amo. Pero en 2005, podemos decir que hubo un boom de los clubes de fumadores. Sobre todo a ra\u00edz de que un club de Bilbao consigui\u00f3 que un juez le devolviera la hierba que hab\u00eda sido requisada por la polic\u00eda. Esto hizo que la gente se sintiera un poco m\u00e1s segura.<\/p>\n<p>La asociaci\u00f3n cont\u00f3 con 10 socios fundadores, pero en 2001, ya contaba con 3.000. Los estatutos legalizados sirvieron como modelo para otras asociaciones cann\u00e1bicas que aparecieron por todo el territorio espa\u00f1ol. \u00bfC\u00f3mo funcionan estos clubes de fumadores?<\/p>\n<p>Jaime Prats: Aqu\u00ed en <a href=\"https:\/\/www.revistarambla.com\/en\/actualidad\/barcelona\/\">Barcelona<\/a> debe haber unos 300, y el consumidor es socio de todos los clubes. Est\u00e1n registrados y pagan sus impuestos, en cambio son pocos los que reconoce el Departamento de Justicia. En una \u00faltima circular de la Fiscal\u00eda dec\u00edan: \u201cLos clubes cann\u00e1bicos pueden moverse en un marco muy estrecho\u201d, esto es lo que les dec\u00edan a fiscales y polic\u00edas. Los socios de los clubes son mayores de edad, pagan una cuota para sufragar el autocultivo y a los empleados que se encargan de ello. Hay consumidores l\u00fadicos, pero tambi\u00e9n terap\u00e9uticos. Se pagan impuestos, se sacan consumidores de las calles, se garantiza que el producto no sea adulterado\u2026<\/p>\n<p>\u00bfPero la polic\u00eda est\u00e1 cerrando algunos de estos clubes?<\/p>\n<p>Jaime Prats: S\u00ed, es una lucha continua. Hablas con polic\u00edas sobre lo que hacemos y nos comprenden, pero luego vienen y se llevan las plantas. Nosotros decimos que primero deber\u00eda ser un juez el que dictamine si lo que hacemos es malo. Estamos pidiendo al Ministerio de Interior que cambie estos protocolos, pero hasta ahora no lo hemos conseguido.<\/p>\n<p>\u00bfQuieres decir que la polic\u00eda act\u00faa sin orden judicial?<\/p>\n<p>Jaime Prats: S\u00ed, en la mayor\u00eda de los casos, es as\u00ed.<\/p>\n<p>Mois\u00e9s L\u00f3pez: S\u00ed, la circular de la Fiscal\u00eda que te contaba Jaime, que se emiti\u00f3 en el mes de agosto de este a\u00f1o, fue la que dio alas a los fiscales y polic\u00edas para estos controles indiscriminados.<\/p>\n<p>\u00bfHay alg\u00fan tipo de regulaci\u00f3n del autocultivo para consumo propio?<\/p>\n<p>Jaime Prats: No, no hay nada. Seg\u00fan la Fiscal\u00eda toda plantaci\u00f3n es ilegal.<\/p>\n<p>Mois\u00e9s L\u00f3pez: Tienes que tener permiso de la Agencia del Medicamento.<\/p>\n<p>Jaime Prats: Esta es otra incoherencia, porque nosotros pedimos ese permiso. Seg\u00fan plantean nuestros estatutos legales y como asociaci\u00f3n registrada de consumidores, solicitamos el permiso a la Agencia del Medicamento para la producci\u00f3n de plantas de marihuana para el consumo de marihuana de nuestros socios. Todo legal, sin \u00e1nimo de lucro, con una demanda establecida, y esa producci\u00f3n estar\u00eda en funci\u00f3n de esta demanda interna de los socios. En fin, la cuesti\u00f3n es que la Agencia del Medicamento nos dice que no se siente competente para respondernos, no es que niegue, es que no nos admite a tr\u00e1mite la pregunta. Mientras la Fiscal\u00eda y la polic\u00eda nos dice que tenemos que pedir permiso a dicha agencia para nuestros cultivos, la Agencia nos dice que ella no est\u00e1 para dar permiso a la gente o asociaciones que consumen, est\u00e1n para dar permiso a la industria farmac\u00e9utica. Esta es la incoherencia y el limbo legal en que nos encontramos. Adem\u00e1s ahora, con la gran proliferaci\u00f3n de clubes de fumadores est\u00e1n preocupados, quieren meterle mano pero no saben c\u00f3mo.<\/p>\n<p>\u00bfY qu\u00e9 dicen los pol\u00edticos?<\/p>\n<p>Jaime Prats: Nosotros hemos hablado con todos. Con la consejer\u00eda de Interior de la Generalitat, con la Direcci\u00f3n Nacional de la Polic\u00eda, con los Mossos d\u2019Escuadra, nos hemos reunido con todos los partidos pol\u00edticos. Mira, yo tengo m\u00e1s de 50 a\u00f1os y soy un consumidor consciente y responsable desde hace muchos a\u00f1os, s\u00e9 lo que quiero, y todo esto me parece il\u00f3gico. La semana pasada estaba en Holanda, pa\u00eds pionero en estos asuntos, y ahora tambi\u00e9n quieren dar marcha atr\u00e1s en algunas cosas, pero en este caso s\u00ed que se plantean regularizar las plantaciones controladas en algunos municipios. Todo esto debe hacer con la trazabilidad, que las plantas que se produzcan, no puedan ir a un mercado desconocido, aun colegio, por ejemplo. \u00a0En Estados Unidos, que es la punta de lanza en la llamada guerra contra las drogas, resulta que en Colorado, Washintong y California ya est\u00e1 el uso l\u00fadico permitido. \u00a0En Uruguay es legal. Nosotros presentamos un c\u00f3digo de buenas pr\u00e1cticas, y con las leyes actuales, podr\u00edamos tener cabida, sin cambiar ninguna ley, aunque para recoger el sentir de muchos sectores de la sociedad, habr\u00eda que cambiar leyes a largo plazo. Incluso cuando hablamos con Sanidad, nos dio la raz\u00f3n, porque se podr\u00eda evitar riesgos sanitarios en la poblaci\u00f3n. Con una visi\u00f3n m\u00e1s progresista de las leyes actuales podr\u00edamos evitar que se nos molestara. Hay asociaciones, por ejemplo, con 10.000 personas registradas, que con la ley actual podr\u00edan ser declaradas il\u00edcitas, lo cual es una barbaridad.<\/p>\n<p>\u00bfY fuisteis al Parlamento de Espa\u00f1a en 2001?<\/p>\n<p>Jaime Prats: S\u00ed, y aunque es una an\u00e9cdota, estuvimos en una comisi\u00f3n ense\u00f1\u00e1ndoles a sus se\u00f1or\u00edas c\u00f3mo se liaba un porro, les ense\u00f1amos la diferencia entre la marihuana y el hach\u00eds, las porquer\u00edas que llevan por culpa de la ilegalidad\u2026 Los pol\u00edticos todos, nos dan la raz\u00f3n, pero no saben c\u00f3mo hacerlo, y nosotros s\u00ed.<\/p>\n<p>\u00bfY s\u00ed se legalizaran m\u00e1s seriamente los clubes de fumadores?<\/p>\n<p>Jaime Prats: Pues el Estado podr\u00eda recaudar el 25% de impuestos de los clubes m\u00e1s grandes, que no tendr\u00edan que revertir en sanidad, porque no hay ning\u00fan problema de sanidad entre los consumidores, podr\u00eda ir para escuelas, la investigaci\u00f3n contra el c\u00e1ncer, carreteras\u2026 Con las leyes que hay, se podr\u00eda funcionar hasta cierto nivel, pero, repito, habr\u00eda que cambiar las leyes.<\/p>\n<p>Claro que las mafias y el tr\u00e1fico ilegal se ver\u00edan mermados, y quiz\u00e1 hay muchos intereses en que esto no acabe.<\/p>\n<p>Jaime Prats: Por ejemplo.<\/p>\n<p>\u00bfY la v\u00eda terap\u00e9utica?<\/p>\n<p>Mois\u00e9s L\u00f3pez: La v\u00eda terap\u00e9utica tiene sentido en Estados Unidos porque all\u00ed el consumo era, o es en algunos Estados, un delito muy grave. El uso terap\u00e9utico ya est\u00e1 contemplado, pero nosotros luchamos por derechos, para nosotros, el consumo es un derecho. Nuestro activismo es para que sea legal la utilizaci\u00f3n del <a href=\"https:\/\/www.revistarambla.com\/en\/300000-personas-usuarias-de-cannabis-en-barcelona\/\">cann\u00e1bis<\/a> en el \u00e1mbito l\u00fadico, industrial y terap\u00e9utico, y hasta alimentario, si quieres.<\/p>\n<p>\u00bfY al final, se acabar\u00e1 con la prohibici\u00f3n?<\/p>\n<p>Jaime Prats: Para eso estamos aqu\u00ed, las cosas han cambiado mucho. A trav\u00e9s de nuestra revista hemos conseguido aglutinar a mucha gente, quitarles el miedo a los consumidores. \u00a0Las sociedades siempre van por delante de las leyes. Queremos derogar la ley 17\/1967 y reinterpretarla para los tiempos modernos.<\/p>","protected":false},"excerpt":{"rendered":"<p>En varios pa\u00edses del mundo est\u00e1 abierto el debate sobre la regularizaci\u00f3n del uso de la marihuana. Incluso autoridades sanitarias hablan, como las de la Generalitat de Catalunya, de las ventajas de una regulaci\u00f3n y las desventajas de la situaci\u00f3n actual, desde el punto de vista de la salud p\u00fablica. [&hellip;]<\/p>\n","protected":false},"author":3,"featured_media":4398,"comment_status":"open","ping_status":"open","sticky":false,"template":"","format":"standard","meta":{"footnotes":""},"categories":[76],"tags":[],"class_list":["post-4400","post","type-post","status-publish","format-standard","has-post-thumbnail","hentry","category-barcelona"],"yoast_head":"<!-- This site is optimized with the Yoast SEO plugin v27.5 - https:\/\/yoast.com\/product\/yoast-seo-wordpress\/ -->\n<title>Mois\u00e9s L\u00f3pez: \u00abEl consumo de marihuana es un derecho\u00bb<\/title>\n<meta name=\"description\" content=\"Hablamos con Jaime Prats y Mois\u00e9s L\u00f3pez, editores de la veterana revista C\u00e1\u00f1amo, el derecho al consumo de marihuana.\" \/>\n<meta name=\"robots\" content=\"index, follow, max-snippet:-1, max-image-preview:large, max-video-preview:-1\" \/>\n<link rel=\"canonical\" href=\"https:\/\/www.revistarambla.com\/en\/moises-lopez-para-nosotros-el-consumo-es-un-derecho\/\" \/>\n<meta property=\"og:locale\" content=\"en_GB\" \/>\n<meta property=\"og:type\" content=\"article\" \/>\n<meta property=\"og:title\" content=\"Mois\u00e9s L\u00f3pez: \u00abEl consumo de marihuana es un derecho\u00bb\" \/>\n<meta property=\"og:description\" content=\"Hablamos con Jaime Prats y Mois\u00e9s L\u00f3pez, editores de la veterana revista C\u00e1\u00f1amo, el derecho al consumo de marihuana.\" \/>\n<meta property=\"og:url\" content=\"https:\/\/www.revistarambla.com\/en\/moises-lopez-para-nosotros-el-consumo-es-un-derecho\/\" \/>\n<meta property=\"og:site_name\" content=\"Revista Rambla\" \/>\n<meta property=\"article:publisher\" content=\"https:\/\/www.facebook.com\/revistarambla\/\" \/>\n<meta property=\"article:author\" content=\"https:\/\/www.facebook.com\/revistarambla\" \/>\n<meta property=\"article:published_time\" content=\"2013-12-06T11:21:54+00:00\" \/>\n<meta property=\"article:modified_time\" content=\"2024-05-16T19:07:34+00:00\" \/>\n<meta property=\"og:image\" content=\"https:\/\/www.revistarambla.com\/wp-content\/uploads\/2013\/12\/mariguana_revista_rambla_02.jpg\" \/>\n\t<meta property=\"og:image:width\" content=\"700\" \/>\n\t<meta property=\"og:image:height\" content=\"481\" \/>\n\t<meta property=\"og:image:type\" content=\"image\/jpeg\" \/>\n<meta name=\"author\" content=\"R@mbla\" \/>\n<meta name=\"twitter:card\" content=\"summary_large_image\" \/>\n<meta name=\"twitter:creator\" content=\"@revistarambla\" \/>\n<meta name=\"twitter:site\" content=\"@revistarambla\" \/>\n<meta name=\"twitter:label1\" content=\"Written by\" \/>\n\t<meta name=\"twitter:data1\" content=\"R@mbla\" \/>\n\t<meta name=\"twitter:label2\" content=\"Estimated reading time\" \/>\n\t<meta name=\"twitter:data2\" content=\"8 minutes\" \/>\n<script type=\"application\/ld+json\" class=\"yoast-schema-graph\">{\"@context\":\"https:\\\/\\\/schema.org\",\"@graph\":[{\"@type\":\"Article\",\"@id\":\"https:\\\/\\\/www.revistarambla.com\\\/moises-lopez-para-nosotros-el-consumo-es-un-derecho\\\/#article\",\"isPartOf\":{\"@id\":\"https:\\\/\\\/www.revistarambla.com\\\/moises-lopez-para-nosotros-el-consumo-es-un-derecho\\\/\"},\"author\":{\"name\":\"R@mbla\",\"@id\":\"https:\\\/\\\/www.revistarambla.com\\\/#\\\/schema\\\/person\\\/a146a5a2550b94981a75131180e1bd9c\"},\"headline\":\"Mois\u00e9s L\u00f3pez: \u00abPara nosotros el consumo de marihuana es un derecho\u00bb\",\"datePublished\":\"2013-12-06T11:21:54+00:00\",\"dateModified\":\"2024-05-16T19:07:34+00:00\",\"mainEntityOfPage\":{\"@id\":\"https:\\\/\\\/www.revistarambla.com\\\/moises-lopez-para-nosotros-el-consumo-es-un-derecho\\\/\"},\"wordCount\":1681,\"commentCount\":0,\"publisher\":{\"@id\":\"https:\\\/\\\/www.revistarambla.com\\\/#organization\"},\"image\":{\"@id\":\"https:\\\/\\\/www.revistarambla.com\\\/moises-lopez-para-nosotros-el-consumo-es-un-derecho\\\/#primaryimage\"},\"thumbnailUrl\":\"https:\\\/\\\/www.revistarambla.com\\\/wp-content\\\/uploads\\\/2013\\\/12\\\/mariguana_revista_rambla_02.jpg\",\"articleSection\":[\"Barcelona\"],\"inLanguage\":\"en-GB\",\"potentialAction\":[{\"@type\":\"CommentAction\",\"name\":\"Comment\",\"target\":[\"https:\\\/\\\/www.revistarambla.com\\\/moises-lopez-para-nosotros-el-consumo-es-un-derecho\\\/#respond\"]}]},{\"@type\":\"WebPage\",\"@id\":\"https:\\\/\\\/www.revistarambla.com\\\/moises-lopez-para-nosotros-el-consumo-es-un-derecho\\\/\",\"url\":\"https:\\\/\\\/www.revistarambla.com\\\/moises-lopez-para-nosotros-el-consumo-es-un-derecho\\\/\",\"name\":\"Mois\u00e9s L\u00f3pez: \u00abEl consumo de marihuana es un derecho\u00bb\",\"isPartOf\":{\"@id\":\"https:\\\/\\\/www.revistarambla.com\\\/#website\"},\"primaryImageOfPage\":{\"@id\":\"https:\\\/\\\/www.revistarambla.com\\\/moises-lopez-para-nosotros-el-consumo-es-un-derecho\\\/#primaryimage\"},\"image\":{\"@id\":\"https:\\\/\\\/www.revistarambla.com\\\/moises-lopez-para-nosotros-el-consumo-es-un-derecho\\\/#primaryimage\"},\"thumbnailUrl\":\"https:\\\/\\\/www.revistarambla.com\\\/wp-content\\\/uploads\\\/2013\\\/12\\\/mariguana_revista_rambla_02.jpg\",\"datePublished\":\"2013-12-06T11:21:54+00:00\",\"dateModified\":\"2024-05-16T19:07:34+00:00\",\"description\":\"Hablamos con Jaime Prats y Mois\u00e9s L\u00f3pez, editores de la veterana revista C\u00e1\u00f1amo, el derecho al consumo de marihuana.\",\"breadcrumb\":{\"@id\":\"https:\\\/\\\/www.revistarambla.com\\\/moises-lopez-para-nosotros-el-consumo-es-un-derecho\\\/#breadcrumb\"},\"inLanguage\":\"en-GB\",\"potentialAction\":[{\"@type\":\"ReadAction\",\"target\":[\"https:\\\/\\\/www.revistarambla.com\\\/moises-lopez-para-nosotros-el-consumo-es-un-derecho\\\/\"]}]},{\"@type\":\"ImageObject\",\"inLanguage\":\"en-GB\",\"@id\":\"https:\\\/\\\/www.revistarambla.com\\\/moises-lopez-para-nosotros-el-consumo-es-un-derecho\\\/#primaryimage\",\"url\":\"https:\\\/\\\/www.revistarambla.com\\\/wp-content\\\/uploads\\\/2013\\\/12\\\/mariguana_revista_rambla_02.jpg\",\"contentUrl\":\"https:\\\/\\\/www.revistarambla.com\\\/wp-content\\\/uploads\\\/2013\\\/12\\\/mariguana_revista_rambla_02.jpg\",\"width\":700,\"height\":481,\"caption\":\"CONSUMO DE MARIHUANA MOIS\u00c9S L\u00d3PEZ REVISTA C\u00c1\u00d1AMO\"},{\"@type\":\"BreadcrumbList\",\"@id\":\"https:\\\/\\\/www.revistarambla.com\\\/moises-lopez-para-nosotros-el-consumo-es-un-derecho\\\/#breadcrumb\",\"itemListElement\":[{\"@type\":\"ListItem\",\"position\":1,\"name\":\"Portada\",\"item\":\"https:\\\/\\\/www.revistarambla.com\\\/\"},{\"@type\":\"ListItem\",\"position\":2,\"name\":\"Mois\u00e9s L\u00f3pez: &#8220;Para nosotros el consumo de marihuana es un derecho&#8221;\"}]},{\"@type\":\"WebSite\",\"@id\":\"https:\\\/\\\/www.revistarambla.com\\\/#website\",\"url\":\"https:\\\/\\\/www.revistarambla.com\\\/\",\"name\":\"Revista Rambla Barcelona\",\"description\":\"Periodismo independiente\",\"publisher\":{\"@id\":\"https:\\\/\\\/www.revistarambla.com\\\/#organization\"},\"potentialAction\":[{\"@type\":\"SearchAction\",\"target\":{\"@type\":\"EntryPoint\",\"urlTemplate\":\"https:\\\/\\\/www.revistarambla.com\\\/?s={search_term_string}\"},\"query-input\":{\"@type\":\"PropertyValueSpecification\",\"valueRequired\":true,\"valueName\":\"search_term_string\"}}],\"inLanguage\":\"en-GB\"},{\"@type\":\"Organization\",\"@id\":\"https:\\\/\\\/www.revistarambla.com\\\/#organization\",\"name\":\"Revista Rambla\",\"url\":\"https:\\\/\\\/www.revistarambla.com\\\/\",\"logo\":{\"@type\":\"ImageObject\",\"inLanguage\":\"en-GB\",\"@id\":\"https:\\\/\\\/www.revistarambla.com\\\/#\\\/schema\\\/logo\\\/image\\\/\",\"url\":\"https:\\\/\\\/www.revistarambla.com\\\/wp-content\\\/uploads\\\/2020\\\/09\\\/banner_rambla_1900x600_BB.png\",\"contentUrl\":\"https:\\\/\\\/www.revistarambla.com\\\/wp-content\\\/uploads\\\/2020\\\/09\\\/banner_rambla_1900x600_BB.png\",\"width\":1900,\"height\":600,\"caption\":\"Revista Rambla\"},\"image\":{\"@id\":\"https:\\\/\\\/www.revistarambla.com\\\/#\\\/schema\\\/logo\\\/image\\\/\"},\"sameAs\":[\"https:\\\/\\\/www.facebook.com\\\/revistarambla\\\/\",\"https:\\\/\\\/x.com\\\/revistarambla\",\"https:\\\/\\\/www.instagram.com\\\/revista_rambla\",\"https:\\\/\\\/es.linkedin.com\\\/company\\\/revista-rambla\"]},{\"@type\":\"Person\",\"@id\":\"https:\\\/\\\/www.revistarambla.com\\\/#\\\/schema\\\/person\\\/a146a5a2550b94981a75131180e1bd9c\",\"name\":\"R@mbla\",\"description\":\"Este art\u00edculo ha sido redactado y\\\/o validado por el equipo de redacci\u00f3n de Revista Rambla.\",\"sameAs\":[\"https:\\\/\\\/www.revistarambla.com\\\/\",\"https:\\\/\\\/www.facebook.com\\\/revistarambla\",\"https:\\\/\\\/x.com\\\/revistarambla\"]}]}<\/script>\n<!-- \/ Yoast SEO plugin. -->","yoast_head_json":{"title":"Mois\u00e9s L\u00f3pez: \u00abEl consumo de marihuana es un derecho\u00bb","description":"Hablamos con Jaime Prats y Mois\u00e9s L\u00f3pez, editores de la veterana revista C\u00e1\u00f1amo, el derecho al consumo de marihuana.","robots":{"index":"index","follow":"follow","max-snippet":"max-snippet:-1","max-image-preview":"max-image-preview:large","max-video-preview":"max-video-preview:-1"},"canonical":"https:\/\/www.revistarambla.com\/en\/moises-lopez-para-nosotros-el-consumo-es-un-derecho\/","og_locale":"en_GB","og_type":"article","og_title":"Mois\u00e9s L\u00f3pez: \u00abEl consumo de marihuana es un derecho\u00bb","og_description":"Hablamos con Jaime Prats y Mois\u00e9s L\u00f3pez, editores de la veterana revista C\u00e1\u00f1amo, el derecho al consumo de marihuana.","og_url":"https:\/\/www.revistarambla.com\/en\/moises-lopez-para-nosotros-el-consumo-es-un-derecho\/","og_site_name":"Revista Rambla","article_publisher":"https:\/\/www.facebook.com\/revistarambla\/","article_author":"https:\/\/www.facebook.com\/revistarambla","article_published_time":"2013-12-06T11:21:54+00:00","article_modified_time":"2024-05-16T19:07:34+00:00","og_image":[{"width":700,"height":481,"url":"https:\/\/www.revistarambla.com\/wp-content\/uploads\/2013\/12\/mariguana_revista_rambla_02.jpg","type":"image\/jpeg"}],"author":"R@mbla","twitter_card":"summary_large_image","twitter_creator":"@revistarambla","twitter_site":"@revistarambla","twitter_misc":{"Written by":"R@mbla","Estimated reading time":"8 minutes"},"schema":{"@context":"https:\/\/schema.org","@graph":[{"@type":"Article","@id":"https:\/\/www.revistarambla.com\/moises-lopez-para-nosotros-el-consumo-es-un-derecho\/#article","isPartOf":{"@id":"https:\/\/www.revistarambla.com\/moises-lopez-para-nosotros-el-consumo-es-un-derecho\/"},"author":{"name":"R@mbla","@id":"https:\/\/www.revistarambla.com\/#\/schema\/person\/a146a5a2550b94981a75131180e1bd9c"},"headline":"Mois\u00e9s L\u00f3pez: \u00abPara nosotros el consumo de marihuana es un derecho\u00bb","datePublished":"2013-12-06T11:21:54+00:00","dateModified":"2024-05-16T19:07:34+00:00","mainEntityOfPage":{"@id":"https:\/\/www.revistarambla.com\/moises-lopez-para-nosotros-el-consumo-es-un-derecho\/"},"wordCount":1681,"commentCount":0,"publisher":{"@id":"https:\/\/www.revistarambla.com\/#organization"},"image":{"@id":"https:\/\/www.revistarambla.com\/moises-lopez-para-nosotros-el-consumo-es-un-derecho\/#primaryimage"},"thumbnailUrl":"https:\/\/www.revistarambla.com\/wp-content\/uploads\/2013\/12\/mariguana_revista_rambla_02.jpg","articleSection":["Barcelona"],"inLanguage":"en-GB","potentialAction":[{"@type":"CommentAction","name":"Comment","target":["https:\/\/www.revistarambla.com\/moises-lopez-para-nosotros-el-consumo-es-un-derecho\/#respond"]}]},{"@type":"WebPage","@id":"https:\/\/www.revistarambla.com\/moises-lopez-para-nosotros-el-consumo-es-un-derecho\/","url":"https:\/\/www.revistarambla.com\/moises-lopez-para-nosotros-el-consumo-es-un-derecho\/","name":"Mois\u00e9s L\u00f3pez: \u00abEl consumo de marihuana es un derecho\u00bb","isPartOf":{"@id":"https:\/\/www.revistarambla.com\/#website"},"primaryImageOfPage":{"@id":"https:\/\/www.revistarambla.com\/moises-lopez-para-nosotros-el-consumo-es-un-derecho\/#primaryimage"},"image":{"@id":"https:\/\/www.revistarambla.com\/moises-lopez-para-nosotros-el-consumo-es-un-derecho\/#primaryimage"},"thumbnailUrl":"https:\/\/www.revistarambla.com\/wp-content\/uploads\/2013\/12\/mariguana_revista_rambla_02.jpg","datePublished":"2013-12-06T11:21:54+00:00","dateModified":"2024-05-16T19:07:34+00:00","description":"Hablamos con Jaime Prats y Mois\u00e9s L\u00f3pez, editores de la veterana revista C\u00e1\u00f1amo, el derecho al consumo de marihuana.","breadcrumb":{"@id":"https:\/\/www.revistarambla.com\/moises-lopez-para-nosotros-el-consumo-es-un-derecho\/#breadcrumb"},"inLanguage":"en-GB","potentialAction":[{"@type":"ReadAction","target":["https:\/\/www.revistarambla.com\/moises-lopez-para-nosotros-el-consumo-es-un-derecho\/"]}]},{"@type":"ImageObject","inLanguage":"en-GB","@id":"https:\/\/www.revistarambla.com\/moises-lopez-para-nosotros-el-consumo-es-un-derecho\/#primaryimage","url":"https:\/\/www.revistarambla.com\/wp-content\/uploads\/2013\/12\/mariguana_revista_rambla_02.jpg","contentUrl":"https:\/\/www.revistarambla.com\/wp-content\/uploads\/2013\/12\/mariguana_revista_rambla_02.jpg","width":700,"height":481,"caption":"CONSUMO DE MARIHUANA MOIS\u00c9S L\u00d3PEZ REVISTA C\u00c1\u00d1AMO"},{"@type":"BreadcrumbList","@id":"https:\/\/www.revistarambla.com\/moises-lopez-para-nosotros-el-consumo-es-un-derecho\/#breadcrumb","itemListElement":[{"@type":"ListItem","position":1,"name":"Portada","item":"https:\/\/www.revistarambla.com\/"},{"@type":"ListItem","position":2,"name":"Mois\u00e9s L\u00f3pez: &#8220;Para nosotros el consumo de marihuana es un derecho&#8221;"}]},{"@type":"WebSite","@id":"https:\/\/www.revistarambla.com\/#website","url":"https:\/\/www.revistarambla.com\/","name":"Revista Rambla Barcelona","description":"Periodismo independiente","publisher":{"@id":"https:\/\/www.revistarambla.com\/#organization"},"potentialAction":[{"@type":"SearchAction","target":{"@type":"EntryPoint","urlTemplate":"https:\/\/www.revistarambla.com\/?s={search_term_string}"},"query-input":{"@type":"PropertyValueSpecification","valueRequired":true,"valueName":"search_term_string"}}],"inLanguage":"en-GB"},{"@type":"Organization","@id":"https:\/\/www.revistarambla.com\/#organization","name":"Revista Rambla","url":"https:\/\/www.revistarambla.com\/","logo":{"@type":"ImageObject","inLanguage":"en-GB","@id":"https:\/\/www.revistarambla.com\/#\/schema\/logo\/image\/","url":"https:\/\/www.revistarambla.com\/wp-content\/uploads\/2020\/09\/banner_rambla_1900x600_BB.png","contentUrl":"https:\/\/www.revistarambla.com\/wp-content\/uploads\/2020\/09\/banner_rambla_1900x600_BB.png","width":1900,"height":600,"caption":"Revista Rambla"},"image":{"@id":"https:\/\/www.revistarambla.com\/#\/schema\/logo\/image\/"},"sameAs":["https:\/\/www.facebook.com\/revistarambla\/","https:\/\/x.com\/revistarambla","https:\/\/www.instagram.com\/revista_rambla","https:\/\/es.linkedin.com\/company\/revista-rambla"]},{"@type":"Person","@id":"https:\/\/www.revistarambla.com\/#\/schema\/person\/a146a5a2550b94981a75131180e1bd9c","name":"R@mbla","description":"Este art\u00edculo ha sido redactado y\/o validado por el equipo de redacci\u00f3n de Revista Rambla.","sameAs":["https:\/\/www.revistarambla.com\/","https:\/\/www.facebook.com\/revistarambla","https:\/\/x.com\/revistarambla"]}]}},"_links":{"self":[{"href":"https:\/\/www.revistarambla.com\/en\/wp-json\/wp\/v2\/posts\/4400","targetHints":{"allow":["GET"]}}],"collection":[{"href":"https:\/\/www.revistarambla.com\/en\/wp-json\/wp\/v2\/posts"}],"about":[{"href":"https:\/\/www.revistarambla.com\/en\/wp-json\/wp\/v2\/types\/post"}],"author":[{"embeddable":true,"href":"https:\/\/www.revistarambla.com\/en\/wp-json\/wp\/v2\/users\/3"}],"replies":[{"embeddable":true,"href":"https:\/\/www.revistarambla.com\/en\/wp-json\/wp\/v2\/comments?post=4400"}],"version-history":[{"count":2,"href":"https:\/\/www.revistarambla.com\/en\/wp-json\/wp\/v2\/posts\/4400\/revisions"}],"predecessor-version":[{"id":60361,"href":"https:\/\/www.revistarambla.com\/en\/wp-json\/wp\/v2\/posts\/4400\/revisions\/60361"}],"wp:featuredmedia":[{"embeddable":true,"href":"https:\/\/www.revistarambla.com\/en\/wp-json\/wp\/v2\/media\/4398"}],"wp:attachment":[{"href":"https:\/\/www.revistarambla.com\/en\/wp-json\/wp\/v2\/media?parent=4400"}],"wp:term":[{"taxonomy":"category","embeddable":true,"href":"https:\/\/www.revistarambla.com\/en\/wp-json\/wp\/v2\/categories?post=4400"},{"taxonomy":"post_tag","embeddable":true,"href":"https:\/\/www.revistarambla.com\/en\/wp-json\/wp\/v2\/tags?post=4400"}],"curies":[{"name":"wp","href":"https:\/\/api.w.org\/{rel}","templated":true}]}}