{"id":43777,"date":"2022-07-04T20:33:29","date_gmt":"2022-07-04T18:33:29","guid":{"rendered":"https:\/\/www.revistarambla.com\/?p=43777"},"modified":"2022-07-05T00:04:26","modified_gmt":"2022-07-04T22:04:26","slug":"olivier-charlot-cuando-tu-voz-es-mas-importante-de-lo-que-crees","status":"publish","type":"post","link":"https:\/\/www.revistarambla.com\/en\/olivier-charlot-cuando-tu-voz-es-mas-importante-de-lo-que-crees\/","title":{"rendered":"Olivier Charlot: cuando tu voz es m\u00e1s importante de lo que crees"},"content":{"rendered":"<p><em>Como primera m\u00fasica humana, el canto est\u00e1 tan arraigado a nuestra esencia como el acto de respirar. Sin embargo, nuestros bloqueos, tanto f\u00edsicos como emocionales, son un lastre que impide su desarrollo y sublimaci\u00f3n. Por fortuna, profesores como Olivier Charlot han hecho de la cantoterapia una actividad necesaria. Porque cantar no s\u00f3lo expresa nuestras emociones: tambi\u00e9n reestructura quienes somos.<\/em><\/p>\n<h2>La voz como precursora elemental de la m\u00fasica<\/h2>\n<p>La m\u00fasica es y ha sido siempre uno de los engranajes que mejor significan la esencia del ser humano en todas sus etapas evolutivas. Un hermoso canal de comunicaci\u00f3n que <strong>nos conecta a nuestras emociones<\/strong>. No en vano, Nietzsche anunciaba que \u201cs\u00f3lo creer\u00eda en un dios que supiera bailar\u201d. Y es que <strong>la m\u00fasica trasciende el ocio y se sit\u00faa como una proyecci\u00f3n del alma misma <\/strong>sobre la que podemos aprender. Y mucho. Especialmente, a partir de nuestra propia voz, puesto que los investigadores acuerdan que <strong>el canto fue la primera m\u00fasica humana<\/strong>. Raz\u00f3n por la que los instrumentos que utilizamos para interpretarla son s\u00f3lo un medio mediante el que imitar la voz.<\/p>\n<p>De este modo, no es extra\u00f1o que el canto permita ciertos matices terap\u00e9uticos, donde el acto de <strong>proyectar bien nuestra voz depende de nuestro estado mental y f\u00edsico<\/strong>. Y he de ah\u00ed que <a href=\"https:\/\/www.vozviva.es\/como-encontrar-mi-propia-voz-escucha-tu-verdadera-voz\/\">encontrar tu propia voz<\/a>, reajustarla hasta la afinaci\u00f3n a trav\u00e9s de la reestructuraci\u00f3n de nuestro tejido an\u00edmico, debe pasar por <strong>un proceso de desarrollo y crecimiento personal<\/strong>. Concretamente, la llamada cantoterapia. Una disciplina de la que podemos encontrar grandes ejemplos de superaci\u00f3n y metamorfosis vital como el de <strong>Olivier Charlot<\/strong>. Un exingeniero industrial cuya propia vivencia nos sit\u00faa en el umbral de un emocionante camino a seguir: la necesaria b\u00fasqueda de nuestra propia voz.<\/p>\n<h2>Cantoterapia: m\u00e1s all\u00e1 de la afinaci\u00f3n de nuestra voz<\/h2>\n<p>Todos somos m\u00fasica. Una melod\u00eda que, bloqueada o a canal abierto, vertebra nuestra esencia desde su m\u00e1s m\u00ednima expresi\u00f3n. La funci\u00f3n de Olivier Charlot para con esa secreta sinfon\u00eda es clara: <strong>desbloquear nuestro potencial a trav\u00e9s del canto<\/strong>. Ya han pasado m\u00e1s de 10 a\u00f1os desde que este ingeniero centrado en detectar y evitar fallos en los componentes de televisores decidi\u00f3 <strong>rescatar voces \u201carreglando personas a nivel f\u00edsico, emocional, afectivo y energ\u00e9tico\u201d<\/strong>, como el mismo describi\u00f3 en una entrevista en <em>La Vanguardia<\/em> en 2019. Una operaci\u00f3n que, entre lo t\u00e9cnico y lo espiritual, no s\u00f3lo tiene como objeto cantantes aficionados o amateurs, sino tambi\u00e9n profesionales.<\/p>\n<p>Al fin y al cabo, todo se reduce a <strong>una ecuaci\u00f3n de fluidez<\/strong>: a mayor desbloqueo mental y f\u00edsico, m\u00e1s poderosa y, sobre todo, honesta, ser\u00e1 nuestra voz. Por ello, y adem\u00e1s de las distintas <strong>t\u00e9cnicas necesarias para afinar la voz<\/strong>, la cantoterapia que imparte Olivier Charlot en VozViva.es abraza el ala espiritual de la formaci\u00f3n vocal. Desde una <strong>limpieza emocional <\/strong>con la que poder centrarnos en esa proyecci\u00f3n sincera de la voz, pasando por la configuraci\u00f3n de una <strong>personalidad estable<\/strong> que deje espacio a nuestra evoluci\u00f3n, hasta un e anclaje al <em>hara <\/em>o vientre que parte de un trabajo dedicado a <strong>la meditaci\u00f3n y la respiraci\u00f3n<\/strong>. Una tr\u00edada emocional para crecer tanto personal como vocalmente.<\/p>\n<h2>La disciplina tambi\u00e9n puede ser tierna<\/h2>\n<p>Todo gran profesor fue alumno alguna vez. Y el caso de Olivier Charlot no es para nada una excepci\u00f3n. A\u00fan a caballo de <strong>una formaci\u00f3n continuada como profesor<\/strong> de canto, indispensable para seguir evolucionando y compartir conocimientos a sus alumnos, su formaci\u00f3n ha pasado por<strong> m\u00faltiples conservatorios en Francia, B\u00e9lgica y Espa\u00f1a<\/strong>. Y tambi\u00e9n por muchos nombres de profesionales de diversas ramas como Serge Wilfart, Dany Desjardins, Giuliana Menchini, Martine Reyners, Jacques Castermane o Concha Puente. Aprendiendo, adem\u00e1s, que <strong>la disciplina m\u00e1s efectiva es la que se ejerce con amor<\/strong> tanto de formador a alumno como por parte del alumno hacia s\u00ed mismo.<\/p>\n<p>Paso a paso, y a sabiendas de que la alacena de la sabidur\u00eda y el aprendizaje es infinita, Olivier Charlot afirma y corrobora que <strong>reconectar con uno mismo a trav\u00e9s del canto est\u00e1 al alcance de todos<\/strong>. Lejos del sue\u00f1o de hacer del canto un oficio profesional, bajo la premisa de ayudar a todos a encontrar a desentra\u00f1ar el alma a golpe de voz. Y no s\u00f3lo en Espa\u00f1a, ya que Charlot tambi\u00e9n cofund\u00f3 en 2007 <strong>el grupo internacional Vives Voix<\/strong>, aglutinando veinte profesores de canto enfocados en el mismo objetivo y ubicados en Francia, Suiza, B\u00e9lgica, Italia y Canad\u00e1.<\/p>\n<h2>Nuestro cuerpo es el instrumento<\/h2>\n<p>Como bien recuerda Olivier Charlot, nuestro cuerpo es un instrumento. Dicho de otro modo, y m\u00e1s all\u00e1 del aspecto fisiol\u00f3gico en s\u00ed mismo, <strong>cada fallo en nuestra voz tiene su ra\u00edz en una zona del cuerpo<\/strong>. En ese sentido, la tensi\u00f3n con la que a menudo vivimos nuestro d\u00eda a d\u00eda ya es origen del bloqueo de nuestra garganta. Raz\u00f3n por la que la cantoterapia, entre otros, se centra tambi\u00e9n en <strong>t\u00e9cnicas posturales, de proyecci\u00f3n de la voz e incluso psicoafectivas<\/strong>.<\/p>\n<p>Debemos entender el cuerpo como una m\u00e1quina. Y, del mismo modo que el malestar nos evita disfrutar de un buen momento, <strong>el bloqueo emocional y f\u00edsico frustra nuestra voz y, por ende, nuestra esencia<\/strong>. Sin embargo, gracias a labores como la de Olivier Charlot \u2014con clases particulares, cursos anuales y online, talleres y semanas de canto y meditaci\u00f3n\u2014 podemos dar un paso al frente. Poner un pie sobre <strong>un camino que nos ayudar\u00e1 a crecer y vivir la alegr\u00eda <\/strong>de ese canto nuestro todav\u00eda por nacer.<\/p>","protected":false},"excerpt":{"rendered":"<p>Como primera m\u00fasica humana, el canto est\u00e1 tan arraigado a nuestra esencia como el acto de respirar. Sin embargo, nuestros bloqueos, tanto f\u00edsicos como emocionales, son un lastre que impide su desarrollo y sublimaci\u00f3n. Por fortuna, profesores como Olivier Charlot han hecho de la cantoterapia una actividad necesaria. Porque cantar [&hellip;]<\/p>\n","protected":false},"author":3,"featured_media":43778,"comment_status":"closed","ping_status":"open","sticky":false,"template":"","format":"standard","meta":{"footnotes":""},"categories":[350],"tags":[],"class_list":["post-43777","post","type-post","status-publish","format-standard","has-post-thumbnail","hentry","category-miscelanea"],"yoast_head":"<!-- This site is optimized with the Yoast SEO plugin v27.5 - https:\/\/yoast.com\/product\/yoast-seo-wordpress\/ -->\n<title>Olivier Charlot: cuando tu voz es m\u00e1s importante de lo que crees - Revista Rambla<\/title>\n<meta name=\"robots\" content=\"index, follow, max-snippet:-1, max-image-preview:large, max-video-preview:-1\" \/>\n<link rel=\"canonical\" href=\"https:\/\/www.revistarambla.com\/en\/olivier-charlot-cuando-tu-voz-es-mas-importante-de-lo-que-crees\/\" \/>\n<meta property=\"og:locale\" content=\"en_GB\" \/>\n<meta property=\"og:type\" content=\"article\" \/>\n<meta property=\"og:title\" content=\"Olivier Charlot: cuando tu voz es m\u00e1s importante de lo que crees - Revista Rambla\" \/>\n<meta property=\"og:description\" content=\"Como primera m\u00fasica humana, el canto est\u00e1 tan arraigado a nuestra esencia como el acto de respirar. Sin embargo, nuestros bloqueos, tanto f\u00edsicos como emocionales, son un lastre que impide su desarrollo y sublimaci\u00f3n. Por fortuna, profesores como Olivier Charlot han hecho de la cantoterapia una actividad necesaria. Porque cantar [&hellip;]\" \/>\n<meta property=\"og:url\" content=\"https:\/\/www.revistarambla.com\/en\/olivier-charlot-cuando-tu-voz-es-mas-importante-de-lo-que-crees\/\" \/>\n<meta property=\"og:site_name\" content=\"Revista Rambla\" \/>\n<meta property=\"article:publisher\" content=\"https:\/\/www.facebook.com\/revistarambla\/\" \/>\n<meta property=\"article:author\" content=\"https:\/\/www.facebook.com\/revistarambla\" \/>\n<meta property=\"article:published_time\" content=\"2022-07-04T18:33:29+00:00\" \/>\n<meta property=\"article:modified_time\" content=\"2022-07-04T22:04:26+00:00\" \/>\n<meta property=\"og:image\" content=\"https:\/\/www.revistarambla.com\/wp-content\/uploads\/2022\/07\/31339.jpg\" \/>\n\t<meta property=\"og:image:width\" content=\"1037\" \/>\n\t<meta property=\"og:image:height\" content=\"692\" \/>\n\t<meta property=\"og:image:type\" content=\"image\/jpeg\" \/>\n<meta name=\"author\" content=\"R@mbla\" \/>\n<meta name=\"twitter:card\" content=\"summary_large_image\" \/>\n<meta name=\"twitter:creator\" content=\"@revistarambla\" \/>\n<meta name=\"twitter:site\" content=\"@revistarambla\" \/>\n<meta name=\"twitter:label1\" content=\"Written by\" \/>\n\t<meta name=\"twitter:data1\" content=\"R@mbla\" \/>\n\t<meta name=\"twitter:label2\" content=\"Estimated reading time\" \/>\n\t<meta name=\"twitter:data2\" content=\"5 minutes\" \/>\n<script type=\"application\/ld+json\" class=\"yoast-schema-graph\">{\"@context\":\"https:\\\/\\\/schema.org\",\"@graph\":[{\"@type\":\"Article\",\"@id\":\"https:\\\/\\\/www.revistarambla.com\\\/olivier-charlot-cuando-tu-voz-es-mas-importante-de-lo-que-crees\\\/#article\",\"isPartOf\":{\"@id\":\"https:\\\/\\\/www.revistarambla.com\\\/olivier-charlot-cuando-tu-voz-es-mas-importante-de-lo-que-crees\\\/\"},\"author\":{\"name\":\"R@mbla\",\"@id\":\"https:\\\/\\\/www.revistarambla.com\\\/#\\\/schema\\\/person\\\/a146a5a2550b94981a75131180e1bd9c\"},\"headline\":\"Olivier Charlot: cuando tu voz es m\u00e1s importante de lo que crees\",\"datePublished\":\"2022-07-04T18:33:29+00:00\",\"dateModified\":\"2022-07-04T22:04:26+00:00\",\"mainEntityOfPage\":{\"@id\":\"https:\\\/\\\/www.revistarambla.com\\\/olivier-charlot-cuando-tu-voz-es-mas-importante-de-lo-que-crees\\\/\"},\"wordCount\":999,\"publisher\":{\"@id\":\"https:\\\/\\\/www.revistarambla.com\\\/#organization\"},\"image\":{\"@id\":\"https:\\\/\\\/www.revistarambla.com\\\/olivier-charlot-cuando-tu-voz-es-mas-importante-de-lo-que-crees\\\/#primaryimage\"},\"thumbnailUrl\":\"https:\\\/\\\/www.revistarambla.com\\\/wp-content\\\/uploads\\\/2022\\\/07\\\/31339.jpg\",\"articleSection\":[\"Noticias de la vida\"],\"inLanguage\":\"en-GB\"},{\"@type\":\"WebPage\",\"@id\":\"https:\\\/\\\/www.revistarambla.com\\\/olivier-charlot-cuando-tu-voz-es-mas-importante-de-lo-que-crees\\\/\",\"url\":\"https:\\\/\\\/www.revistarambla.com\\\/olivier-charlot-cuando-tu-voz-es-mas-importante-de-lo-que-crees\\\/\",\"name\":\"Olivier Charlot: cuando tu voz es m\u00e1s importante de lo que crees - Revista Rambla\",\"isPartOf\":{\"@id\":\"https:\\\/\\\/www.revistarambla.com\\\/#website\"},\"primaryImageOfPage\":{\"@id\":\"https:\\\/\\\/www.revistarambla.com\\\/olivier-charlot-cuando-tu-voz-es-mas-importante-de-lo-que-crees\\\/#primaryimage\"},\"image\":{\"@id\":\"https:\\\/\\\/www.revistarambla.com\\\/olivier-charlot-cuando-tu-voz-es-mas-importante-de-lo-que-crees\\\/#primaryimage\"},\"thumbnailUrl\":\"https:\\\/\\\/www.revistarambla.com\\\/wp-content\\\/uploads\\\/2022\\\/07\\\/31339.jpg\",\"datePublished\":\"2022-07-04T18:33:29+00:00\",\"dateModified\":\"2022-07-04T22:04:26+00:00\",\"breadcrumb\":{\"@id\":\"https:\\\/\\\/www.revistarambla.com\\\/olivier-charlot-cuando-tu-voz-es-mas-importante-de-lo-que-crees\\\/#breadcrumb\"},\"inLanguage\":\"en-GB\",\"potentialAction\":[{\"@type\":\"ReadAction\",\"target\":[\"https:\\\/\\\/www.revistarambla.com\\\/olivier-charlot-cuando-tu-voz-es-mas-importante-de-lo-que-crees\\\/\"]}]},{\"@type\":\"ImageObject\",\"inLanguage\":\"en-GB\",\"@id\":\"https:\\\/\\\/www.revistarambla.com\\\/olivier-charlot-cuando-tu-voz-es-mas-importante-de-lo-que-crees\\\/#primaryimage\",\"url\":\"https:\\\/\\\/www.revistarambla.com\\\/wp-content\\\/uploads\\\/2022\\\/07\\\/31339.jpg\",\"contentUrl\":\"https:\\\/\\\/www.revistarambla.com\\\/wp-content\\\/uploads\\\/2022\\\/07\\\/31339.jpg\",\"width\":1037,\"height\":692},{\"@type\":\"BreadcrumbList\",\"@id\":\"https:\\\/\\\/www.revistarambla.com\\\/olivier-charlot-cuando-tu-voz-es-mas-importante-de-lo-que-crees\\\/#breadcrumb\",\"itemListElement\":[{\"@type\":\"ListItem\",\"position\":1,\"name\":\"Portada\",\"item\":\"https:\\\/\\\/www.revistarambla.com\\\/\"},{\"@type\":\"ListItem\",\"position\":2,\"name\":\"Olivier Charlot: cuando tu voz es m\u00e1s importante de lo que crees\"}]},{\"@type\":\"WebSite\",\"@id\":\"https:\\\/\\\/www.revistarambla.com\\\/#website\",\"url\":\"https:\\\/\\\/www.revistarambla.com\\\/\",\"name\":\"Revista Rambla Barcelona\",\"description\":\"Periodismo independiente\",\"publisher\":{\"@id\":\"https:\\\/\\\/www.revistarambla.com\\\/#organization\"},\"potentialAction\":[{\"@type\":\"SearchAction\",\"target\":{\"@type\":\"EntryPoint\",\"urlTemplate\":\"https:\\\/\\\/www.revistarambla.com\\\/?s={search_term_string}\"},\"query-input\":{\"@type\":\"PropertyValueSpecification\",\"valueRequired\":true,\"valueName\":\"search_term_string\"}}],\"inLanguage\":\"en-GB\"},{\"@type\":\"Organization\",\"@id\":\"https:\\\/\\\/www.revistarambla.com\\\/#organization\",\"name\":\"Revista Rambla\",\"url\":\"https:\\\/\\\/www.revistarambla.com\\\/\",\"logo\":{\"@type\":\"ImageObject\",\"inLanguage\":\"en-GB\",\"@id\":\"https:\\\/\\\/www.revistarambla.com\\\/#\\\/schema\\\/logo\\\/image\\\/\",\"url\":\"https:\\\/\\\/www.revistarambla.com\\\/wp-content\\\/uploads\\\/2020\\\/09\\\/banner_rambla_1900x600_BB.png\",\"contentUrl\":\"https:\\\/\\\/www.revistarambla.com\\\/wp-content\\\/uploads\\\/2020\\\/09\\\/banner_rambla_1900x600_BB.png\",\"width\":1900,\"height\":600,\"caption\":\"Revista Rambla\"},\"image\":{\"@id\":\"https:\\\/\\\/www.revistarambla.com\\\/#\\\/schema\\\/logo\\\/image\\\/\"},\"sameAs\":[\"https:\\\/\\\/www.facebook.com\\\/revistarambla\\\/\",\"https:\\\/\\\/x.com\\\/revistarambla\",\"https:\\\/\\\/www.instagram.com\\\/revista_rambla\",\"https:\\\/\\\/es.linkedin.com\\\/company\\\/revista-rambla\"]},{\"@type\":\"Person\",\"@id\":\"https:\\\/\\\/www.revistarambla.com\\\/#\\\/schema\\\/person\\\/a146a5a2550b94981a75131180e1bd9c\",\"name\":\"R@mbla\",\"description\":\"Este art\u00edculo ha sido redactado y\\\/o validado por el equipo de redacci\u00f3n de Revista Rambla.\",\"sameAs\":[\"https:\\\/\\\/www.revistarambla.com\\\/\",\"https:\\\/\\\/www.facebook.com\\\/revistarambla\",\"https:\\\/\\\/x.com\\\/revistarambla\"]}]}<\/script>\n<!-- \/ Yoast SEO plugin. -->","yoast_head_json":{"title":"Olivier Charlot: cuando tu voz es m\u00e1s importante de lo que crees - Revista Rambla","robots":{"index":"index","follow":"follow","max-snippet":"max-snippet:-1","max-image-preview":"max-image-preview:large","max-video-preview":"max-video-preview:-1"},"canonical":"https:\/\/www.revistarambla.com\/en\/olivier-charlot-cuando-tu-voz-es-mas-importante-de-lo-que-crees\/","og_locale":"en_GB","og_type":"article","og_title":"Olivier Charlot: cuando tu voz es m\u00e1s importante de lo que crees - Revista Rambla","og_description":"Como primera m\u00fasica humana, el canto est\u00e1 tan arraigado a nuestra esencia como el acto de respirar. Sin embargo, nuestros bloqueos, tanto f\u00edsicos como emocionales, son un lastre que impide su desarrollo y sublimaci\u00f3n. Por fortuna, profesores como Olivier Charlot han hecho de la cantoterapia una actividad necesaria. Porque cantar [&hellip;]","og_url":"https:\/\/www.revistarambla.com\/en\/olivier-charlot-cuando-tu-voz-es-mas-importante-de-lo-que-crees\/","og_site_name":"Revista Rambla","article_publisher":"https:\/\/www.facebook.com\/revistarambla\/","article_author":"https:\/\/www.facebook.com\/revistarambla","article_published_time":"2022-07-04T18:33:29+00:00","article_modified_time":"2022-07-04T22:04:26+00:00","og_image":[{"width":1037,"height":692,"url":"https:\/\/www.revistarambla.com\/wp-content\/uploads\/2022\/07\/31339.jpg","type":"image\/jpeg"}],"author":"R@mbla","twitter_card":"summary_large_image","twitter_creator":"@revistarambla","twitter_site":"@revistarambla","twitter_misc":{"Written by":"R@mbla","Estimated reading time":"5 minutes"},"schema":{"@context":"https:\/\/schema.org","@graph":[{"@type":"Article","@id":"https:\/\/www.revistarambla.com\/olivier-charlot-cuando-tu-voz-es-mas-importante-de-lo-que-crees\/#article","isPartOf":{"@id":"https:\/\/www.revistarambla.com\/olivier-charlot-cuando-tu-voz-es-mas-importante-de-lo-que-crees\/"},"author":{"name":"R@mbla","@id":"https:\/\/www.revistarambla.com\/#\/schema\/person\/a146a5a2550b94981a75131180e1bd9c"},"headline":"Olivier Charlot: cuando tu voz es m\u00e1s importante de lo que crees","datePublished":"2022-07-04T18:33:29+00:00","dateModified":"2022-07-04T22:04:26+00:00","mainEntityOfPage":{"@id":"https:\/\/www.revistarambla.com\/olivier-charlot-cuando-tu-voz-es-mas-importante-de-lo-que-crees\/"},"wordCount":999,"publisher":{"@id":"https:\/\/www.revistarambla.com\/#organization"},"image":{"@id":"https:\/\/www.revistarambla.com\/olivier-charlot-cuando-tu-voz-es-mas-importante-de-lo-que-crees\/#primaryimage"},"thumbnailUrl":"https:\/\/www.revistarambla.com\/wp-content\/uploads\/2022\/07\/31339.jpg","articleSection":["Noticias de la vida"],"inLanguage":"en-GB"},{"@type":"WebPage","@id":"https:\/\/www.revistarambla.com\/olivier-charlot-cuando-tu-voz-es-mas-importante-de-lo-que-crees\/","url":"https:\/\/www.revistarambla.com\/olivier-charlot-cuando-tu-voz-es-mas-importante-de-lo-que-crees\/","name":"Olivier Charlot: cuando tu voz es m\u00e1s importante de lo que crees - Revista Rambla","isPartOf":{"@id":"https:\/\/www.revistarambla.com\/#website"},"primaryImageOfPage":{"@id":"https:\/\/www.revistarambla.com\/olivier-charlot-cuando-tu-voz-es-mas-importante-de-lo-que-crees\/#primaryimage"},"image":{"@id":"https:\/\/www.revistarambla.com\/olivier-charlot-cuando-tu-voz-es-mas-importante-de-lo-que-crees\/#primaryimage"},"thumbnailUrl":"https:\/\/www.revistarambla.com\/wp-content\/uploads\/2022\/07\/31339.jpg","datePublished":"2022-07-04T18:33:29+00:00","dateModified":"2022-07-04T22:04:26+00:00","breadcrumb":{"@id":"https:\/\/www.revistarambla.com\/olivier-charlot-cuando-tu-voz-es-mas-importante-de-lo-que-crees\/#breadcrumb"},"inLanguage":"en-GB","potentialAction":[{"@type":"ReadAction","target":["https:\/\/www.revistarambla.com\/olivier-charlot-cuando-tu-voz-es-mas-importante-de-lo-que-crees\/"]}]},{"@type":"ImageObject","inLanguage":"en-GB","@id":"https:\/\/www.revistarambla.com\/olivier-charlot-cuando-tu-voz-es-mas-importante-de-lo-que-crees\/#primaryimage","url":"https:\/\/www.revistarambla.com\/wp-content\/uploads\/2022\/07\/31339.jpg","contentUrl":"https:\/\/www.revistarambla.com\/wp-content\/uploads\/2022\/07\/31339.jpg","width":1037,"height":692},{"@type":"BreadcrumbList","@id":"https:\/\/www.revistarambla.com\/olivier-charlot-cuando-tu-voz-es-mas-importante-de-lo-que-crees\/#breadcrumb","itemListElement":[{"@type":"ListItem","position":1,"name":"Portada","item":"https:\/\/www.revistarambla.com\/"},{"@type":"ListItem","position":2,"name":"Olivier Charlot: cuando tu voz es m\u00e1s importante de lo que crees"}]},{"@type":"WebSite","@id":"https:\/\/www.revistarambla.com\/#website","url":"https:\/\/www.revistarambla.com\/","name":"Revista Rambla Barcelona","description":"Periodismo independiente","publisher":{"@id":"https:\/\/www.revistarambla.com\/#organization"},"potentialAction":[{"@type":"SearchAction","target":{"@type":"EntryPoint","urlTemplate":"https:\/\/www.revistarambla.com\/?s={search_term_string}"},"query-input":{"@type":"PropertyValueSpecification","valueRequired":true,"valueName":"search_term_string"}}],"inLanguage":"en-GB"},{"@type":"Organization","@id":"https:\/\/www.revistarambla.com\/#organization","name":"Revista Rambla","url":"https:\/\/www.revistarambla.com\/","logo":{"@type":"ImageObject","inLanguage":"en-GB","@id":"https:\/\/www.revistarambla.com\/#\/schema\/logo\/image\/","url":"https:\/\/www.revistarambla.com\/wp-content\/uploads\/2020\/09\/banner_rambla_1900x600_BB.png","contentUrl":"https:\/\/www.revistarambla.com\/wp-content\/uploads\/2020\/09\/banner_rambla_1900x600_BB.png","width":1900,"height":600,"caption":"Revista Rambla"},"image":{"@id":"https:\/\/www.revistarambla.com\/#\/schema\/logo\/image\/"},"sameAs":["https:\/\/www.facebook.com\/revistarambla\/","https:\/\/x.com\/revistarambla","https:\/\/www.instagram.com\/revista_rambla","https:\/\/es.linkedin.com\/company\/revista-rambla"]},{"@type":"Person","@id":"https:\/\/www.revistarambla.com\/#\/schema\/person\/a146a5a2550b94981a75131180e1bd9c","name":"R@mbla","description":"Este art\u00edculo ha sido redactado y\/o validado por el equipo de redacci\u00f3n de Revista Rambla.","sameAs":["https:\/\/www.revistarambla.com\/","https:\/\/www.facebook.com\/revistarambla","https:\/\/x.com\/revistarambla"]}]}},"_links":{"self":[{"href":"https:\/\/www.revistarambla.com\/en\/wp-json\/wp\/v2\/posts\/43777","targetHints":{"allow":["GET"]}}],"collection":[{"href":"https:\/\/www.revistarambla.com\/en\/wp-json\/wp\/v2\/posts"}],"about":[{"href":"https:\/\/www.revistarambla.com\/en\/wp-json\/wp\/v2\/types\/post"}],"author":[{"embeddable":true,"href":"https:\/\/www.revistarambla.com\/en\/wp-json\/wp\/v2\/users\/3"}],"replies":[{"embeddable":true,"href":"https:\/\/www.revistarambla.com\/en\/wp-json\/wp\/v2\/comments?post=43777"}],"version-history":[{"count":1,"href":"https:\/\/www.revistarambla.com\/en\/wp-json\/wp\/v2\/posts\/43777\/revisions"}],"predecessor-version":[{"id":43779,"href":"https:\/\/www.revistarambla.com\/en\/wp-json\/wp\/v2\/posts\/43777\/revisions\/43779"}],"wp:featuredmedia":[{"embeddable":true,"href":"https:\/\/www.revistarambla.com\/en\/wp-json\/wp\/v2\/media\/43778"}],"wp:attachment":[{"href":"https:\/\/www.revistarambla.com\/en\/wp-json\/wp\/v2\/media?parent=43777"}],"wp:term":[{"taxonomy":"category","embeddable":true,"href":"https:\/\/www.revistarambla.com\/en\/wp-json\/wp\/v2\/categories?post=43777"},{"taxonomy":"post_tag","embeddable":true,"href":"https:\/\/www.revistarambla.com\/en\/wp-json\/wp\/v2\/tags?post=43777"}],"curies":[{"name":"wp","href":"https:\/\/api.w.org\/{rel}","templated":true}]}}