{"id":43565,"date":"2022-06-29T02:08:58","date_gmt":"2022-06-29T00:08:58","guid":{"rendered":"https:\/\/www.revistarambla.com\/?p=43565"},"modified":"2022-09-30T20:46:33","modified_gmt":"2022-09-30T18:46:33","slug":"rusia-publica-imagenes-satelitales-de-ifema-la-sede-de-la-cumbre-de-la-otan-en-madrid","status":"publish","type":"post","link":"https:\/\/www.revistarambla.com\/en\/rusia-publica-imagenes-satelitales-de-ifema-la-sede-de-la-cumbre-de-la-otan-en-madrid\/","title":{"rendered":"Rusia publica im\u00e1genes satelitales de IFEMA, la sede de la cumbre de la OTAN en Madrid"},"content":{"rendered":"<p>La agencia espacial rusa Roscosmos ha divulgado este martes, a trav\u00e9s de su canal de Telegram, im\u00e1genes satelitales del complejo de IFEMA en la capital espa\u00f1ola donde se lleva a cabo la cumbre de la OTAN, y lo ha identificado como un \u201ccentro de toma de decisiones\u201d que \u201capoya a los nacionalistas ucranianos\u201d.<\/p>\n<p>\u201cMientras representantes de los 30 pa\u00edses de la alianza [de OTAN], as\u00ed como socios y candidatos, tratar\u00e1n los asuntos estrat\u00e9gicos hasta 2030, Roscosmos publica fotograf\u00edas satelitales de la sede de la cumbre y de esos mismos centros de toma de decisiones que apoyan a los nacionalistas ucranianos\u201d, ha declarado la agencia rusa en su comunicado.<\/p>\n<p>Adem\u00e1s, Roscosmos ha publicado las coordenadas de los cuarteles generales de defensa y pol\u00edtica occidentales, entre ellos la Casa Blanca y el Pent\u00e1gono en Estados Unidos, los edificios del Gobierno brit\u00e1nico en el centro de Londres, la residencia del presidente franc\u00e9s y otros edificios gubernamentales en Par\u00eds, la Canciller\u00eda alemana y el edificio del Reichstag en Berl\u00edn y la sede de la OTAN en Bruselas.<\/p>\n<figure id=\"attachment_43567\" aria-describedby=\"caption-attachment-43567\" style=\"width: 1280px\" class=\"wp-caption alignnone\"><img decoding=\"async\" class=\"wp-image-43567 size-full\" src=\"https:\/\/www.revistarambla.com\/wp-content\/uploads\/2022\/06\/16295103.jpg\" alt=\"\" width=\"1280\" height=\"719\" srcset=\"https:\/\/www.revistarambla.com\/wp-content\/uploads\/2022\/06\/16295103.jpg 1280w, https:\/\/www.revistarambla.com\/wp-content\/uploads\/2022\/06\/16295103-650x365.jpg 650w, https:\/\/www.revistarambla.com\/wp-content\/uploads\/2022\/06\/16295103-840x472.jpg 840w, https:\/\/www.revistarambla.com\/wp-content\/uploads\/2022\/06\/16295103-500x280.jpg 500w, https:\/\/www.revistarambla.com\/wp-content\/uploads\/2022\/06\/16295103-768x431.jpg 768w, https:\/\/www.revistarambla.com\/wp-content\/uploads\/2022\/06\/16295103-18x10.jpg 18w, https:\/\/www.revistarambla.com\/wp-content\/uploads\/2022\/06\/16295103-1200x675.jpg 1200w\" sizes=\"(max-width: 1280px) 100vw, 1280px\" \/><figcaption id=\"caption-attachment-43567\" class=\"wp-caption-text\">Imagen satelital del Pent\u00e1gono publicada por la agencia espacial rusa Roscosmos, 28 de junio de 2022.<\/figcaption><\/figure>\n<p>\u201cHoy se abre la cumbre de la OTAN en Madrid, en la que los pa\u00edses occidentales declarar\u00e1n a Rusia su peor enemigo\u201d, ha escrito el jefe de Roscosmos, Dmitry Rogozin, en su canal de Telegram.<\/p>\n<p>Por otro lado, ha denunciado que los operadores de sat\u00e9lites occidentales est\u00e1n enviando informaci\u00f3n a la OTAN y en particular a Ucrania.<\/p>\n<p>La cumbre de la OTAN se celebrar\u00e1 en Madrid desde 28 hasta 30 de junio en medio de una escalada de tensi\u00f3n entre Rusia y Occidente por la operaci\u00f3n militar que lleva a cabo Mosc\u00fa en Ucrania. Seg\u00fan el Kremlin, uno de los objetivos de estas operaciones es impedir la expansi\u00f3n de la Alianza Atl\u00e1ntica en el este de Europa, que supone una amenaza para la seguridad rusa.<\/p>\n","protected":false},"excerpt":{"rendered":"<p>Rusia difunde im\u00e1genes satelitales de la sede de la cumbre de la OTAN en Madrid, as\u00ed como otros \u201ccentros de decisiones\u201d de los pa\u00edses occidentales, incluido el Pent\u00e1gono.<\/p>","protected":false},"author":3,"featured_media":43566,"comment_status":"closed","ping_status":"open","sticky":false,"template":"","format":"standard","meta":{"footnotes":""},"categories":[4005],"tags":[],"class_list":["post-43565","post","type-post","status-publish","format-standard","has-post-thumbnail","hentry","category-tambores-de-guerra"],"yoast_head":"<!-- This site is optimized with the Yoast SEO plugin v27.5 - https:\/\/yoast.com\/product\/yoast-seo-wordpress\/ -->\n<title>Rusia publica im\u00e1genes satelitales de IFEMA, la sede de la cumbre de la OTAN en Madrid - Revista Rambla<\/title>\n<meta name=\"robots\" content=\"index, follow, max-snippet:-1, max-image-preview:large, max-video-preview:-1\" \/>\n<link rel=\"canonical\" href=\"https:\/\/www.revistarambla.com\/en\/rusia-publica-imagenes-satelitales-de-ifema-la-sede-de-la-cumbre-de-la-otan-en-madrid\/\" \/>\n<meta property=\"og:locale\" content=\"en_GB\" \/>\n<meta property=\"og:type\" content=\"article\" \/>\n<meta property=\"og:title\" content=\"Rusia publica im\u00e1genes satelitales de IFEMA, la sede de la cumbre de la OTAN en Madrid - Revista Rambla\" \/>\n<meta property=\"og:description\" content=\"Rusia difunde im\u00e1genes satelitales de la sede de la cumbre de la OTAN en Madrid, as\u00ed como otros \u201ccentros de decisiones\u201d de los pa\u00edses occidentales, incluido el Pent\u00e1gono.\" \/>\n<meta property=\"og:url\" content=\"https:\/\/www.revistarambla.com\/en\/rusia-publica-imagenes-satelitales-de-ifema-la-sede-de-la-cumbre-de-la-otan-en-madrid\/\" \/>\n<meta property=\"og:site_name\" content=\"Revista Rambla\" \/>\n<meta property=\"article:publisher\" content=\"https:\/\/www.facebook.com\/revistarambla\/\" \/>\n<meta property=\"article:author\" content=\"https:\/\/www.facebook.com\/revistarambla\" \/>\n<meta property=\"article:published_time\" content=\"2022-06-29T00:08:58+00:00\" \/>\n<meta property=\"article:modified_time\" content=\"2022-09-30T18:46:33+00:00\" \/>\n<meta property=\"og:image\" content=\"https:\/\/www.revistarambla.com\/wp-content\/uploads\/2022\/06\/16293303_xl.jpg\" \/>\n\t<meta property=\"og:image:width\" content=\"880\" \/>\n\t<meta property=\"og:image:height\" content=\"495\" \/>\n\t<meta property=\"og:image:type\" content=\"image\/jpeg\" \/>\n<meta name=\"author\" content=\"R@mbla\" \/>\n<meta name=\"twitter:card\" content=\"summary_large_image\" \/>\n<meta name=\"twitter:creator\" content=\"@revistarambla\" \/>\n<meta name=\"twitter:site\" content=\"@revistarambla\" \/>\n<meta name=\"twitter:label1\" content=\"Written by\" \/>\n\t<meta name=\"twitter:data1\" content=\"R@mbla\" \/>\n\t<meta name=\"twitter:label2\" content=\"Estimated reading time\" \/>\n\t<meta name=\"twitter:data2\" content=\"2 minutes\" \/>\n<script type=\"application\/ld+json\" class=\"yoast-schema-graph\">{\"@context\":\"https:\\\/\\\/schema.org\",\"@graph\":[{\"@type\":\"Article\",\"@id\":\"https:\\\/\\\/www.revistarambla.com\\\/rusia-publica-imagenes-satelitales-de-ifema-la-sede-de-la-cumbre-de-la-otan-en-madrid\\\/#article\",\"isPartOf\":{\"@id\":\"https:\\\/\\\/www.revistarambla.com\\\/rusia-publica-imagenes-satelitales-de-ifema-la-sede-de-la-cumbre-de-la-otan-en-madrid\\\/\"},\"author\":{\"name\":\"R@mbla\",\"@id\":\"https:\\\/\\\/www.revistarambla.com\\\/#\\\/schema\\\/person\\\/a146a5a2550b94981a75131180e1bd9c\"},\"headline\":\"Rusia publica im\u00e1genes satelitales de IFEMA, la sede de la cumbre de la OTAN en Madrid\",\"datePublished\":\"2022-06-29T00:08:58+00:00\",\"dateModified\":\"2022-09-30T18:46:33+00:00\",\"mainEntityOfPage\":{\"@id\":\"https:\\\/\\\/www.revistarambla.com\\\/rusia-publica-imagenes-satelitales-de-ifema-la-sede-de-la-cumbre-de-la-otan-en-madrid\\\/\"},\"wordCount\":358,\"publisher\":{\"@id\":\"https:\\\/\\\/www.revistarambla.com\\\/#organization\"},\"image\":{\"@id\":\"https:\\\/\\\/www.revistarambla.com\\\/rusia-publica-imagenes-satelitales-de-ifema-la-sede-de-la-cumbre-de-la-otan-en-madrid\\\/#primaryimage\"},\"thumbnailUrl\":\"https:\\\/\\\/www.revistarambla.com\\\/wp-content\\\/uploads\\\/2022\\\/06\\\/16293303_xl.jpg\",\"articleSection\":[\"Tambores de Guerra\"],\"inLanguage\":\"en-GB\"},{\"@type\":\"WebPage\",\"@id\":\"https:\\\/\\\/www.revistarambla.com\\\/rusia-publica-imagenes-satelitales-de-ifema-la-sede-de-la-cumbre-de-la-otan-en-madrid\\\/\",\"url\":\"https:\\\/\\\/www.revistarambla.com\\\/rusia-publica-imagenes-satelitales-de-ifema-la-sede-de-la-cumbre-de-la-otan-en-madrid\\\/\",\"name\":\"Rusia publica im\u00e1genes satelitales de IFEMA, la sede de la cumbre de la OTAN en Madrid - Revista Rambla\",\"isPartOf\":{\"@id\":\"https:\\\/\\\/www.revistarambla.com\\\/#website\"},\"primaryImageOfPage\":{\"@id\":\"https:\\\/\\\/www.revistarambla.com\\\/rusia-publica-imagenes-satelitales-de-ifema-la-sede-de-la-cumbre-de-la-otan-en-madrid\\\/#primaryimage\"},\"image\":{\"@id\":\"https:\\\/\\\/www.revistarambla.com\\\/rusia-publica-imagenes-satelitales-de-ifema-la-sede-de-la-cumbre-de-la-otan-en-madrid\\\/#primaryimage\"},\"thumbnailUrl\":\"https:\\\/\\\/www.revistarambla.com\\\/wp-content\\\/uploads\\\/2022\\\/06\\\/16293303_xl.jpg\",\"datePublished\":\"2022-06-29T00:08:58+00:00\",\"dateModified\":\"2022-09-30T18:46:33+00:00\",\"breadcrumb\":{\"@id\":\"https:\\\/\\\/www.revistarambla.com\\\/rusia-publica-imagenes-satelitales-de-ifema-la-sede-de-la-cumbre-de-la-otan-en-madrid\\\/#breadcrumb\"},\"inLanguage\":\"en-GB\",\"potentialAction\":[{\"@type\":\"ReadAction\",\"target\":[\"https:\\\/\\\/www.revistarambla.com\\\/rusia-publica-imagenes-satelitales-de-ifema-la-sede-de-la-cumbre-de-la-otan-en-madrid\\\/\"]}]},{\"@type\":\"ImageObject\",\"inLanguage\":\"en-GB\",\"@id\":\"https:\\\/\\\/www.revistarambla.com\\\/rusia-publica-imagenes-satelitales-de-ifema-la-sede-de-la-cumbre-de-la-otan-en-madrid\\\/#primaryimage\",\"url\":\"https:\\\/\\\/www.revistarambla.com\\\/wp-content\\\/uploads\\\/2022\\\/06\\\/16293303_xl.jpg\",\"contentUrl\":\"https:\\\/\\\/www.revistarambla.com\\\/wp-content\\\/uploads\\\/2022\\\/06\\\/16293303_xl.jpg\",\"width\":880,\"height\":495},{\"@type\":\"BreadcrumbList\",\"@id\":\"https:\\\/\\\/www.revistarambla.com\\\/rusia-publica-imagenes-satelitales-de-ifema-la-sede-de-la-cumbre-de-la-otan-en-madrid\\\/#breadcrumb\",\"itemListElement\":[{\"@type\":\"ListItem\",\"position\":1,\"name\":\"Portada\",\"item\":\"https:\\\/\\\/www.revistarambla.com\\\/\"},{\"@type\":\"ListItem\",\"position\":2,\"name\":\"Rusia publica im\u00e1genes satelitales de IFEMA, la sede de la cumbre de la OTAN en Madrid\"}]},{\"@type\":\"WebSite\",\"@id\":\"https:\\\/\\\/www.revistarambla.com\\\/#website\",\"url\":\"https:\\\/\\\/www.revistarambla.com\\\/\",\"name\":\"Revista Rambla Barcelona\",\"description\":\"Periodismo independiente\",\"publisher\":{\"@id\":\"https:\\\/\\\/www.revistarambla.com\\\/#organization\"},\"potentialAction\":[{\"@type\":\"SearchAction\",\"target\":{\"@type\":\"EntryPoint\",\"urlTemplate\":\"https:\\\/\\\/www.revistarambla.com\\\/?s={search_term_string}\"},\"query-input\":{\"@type\":\"PropertyValueSpecification\",\"valueRequired\":true,\"valueName\":\"search_term_string\"}}],\"inLanguage\":\"en-GB\"},{\"@type\":\"Organization\",\"@id\":\"https:\\\/\\\/www.revistarambla.com\\\/#organization\",\"name\":\"Revista Rambla\",\"url\":\"https:\\\/\\\/www.revistarambla.com\\\/\",\"logo\":{\"@type\":\"ImageObject\",\"inLanguage\":\"en-GB\",\"@id\":\"https:\\\/\\\/www.revistarambla.com\\\/#\\\/schema\\\/logo\\\/image\\\/\",\"url\":\"https:\\\/\\\/www.revistarambla.com\\\/wp-content\\\/uploads\\\/2020\\\/09\\\/banner_rambla_1900x600_BB.png\",\"contentUrl\":\"https:\\\/\\\/www.revistarambla.com\\\/wp-content\\\/uploads\\\/2020\\\/09\\\/banner_rambla_1900x600_BB.png\",\"width\":1900,\"height\":600,\"caption\":\"Revista Rambla\"},\"image\":{\"@id\":\"https:\\\/\\\/www.revistarambla.com\\\/#\\\/schema\\\/logo\\\/image\\\/\"},\"sameAs\":[\"https:\\\/\\\/www.facebook.com\\\/revistarambla\\\/\",\"https:\\\/\\\/x.com\\\/revistarambla\",\"https:\\\/\\\/www.instagram.com\\\/revista_rambla\",\"https:\\\/\\\/es.linkedin.com\\\/company\\\/revista-rambla\"]},{\"@type\":\"Person\",\"@id\":\"https:\\\/\\\/www.revistarambla.com\\\/#\\\/schema\\\/person\\\/a146a5a2550b94981a75131180e1bd9c\",\"name\":\"R@mbla\",\"description\":\"Este art\u00edculo ha sido redactado y\\\/o validado por el equipo de redacci\u00f3n de Revista Rambla.\",\"sameAs\":[\"https:\\\/\\\/www.revistarambla.com\\\/\",\"https:\\\/\\\/www.facebook.com\\\/revistarambla\",\"https:\\\/\\\/x.com\\\/revistarambla\"]}]}<\/script>\n<!-- \/ Yoast SEO plugin. -->","yoast_head_json":{"title":"Rusia publica im\u00e1genes satelitales de IFEMA, la sede de la cumbre de la OTAN en Madrid - Revista Rambla","robots":{"index":"index","follow":"follow","max-snippet":"max-snippet:-1","max-image-preview":"max-image-preview:large","max-video-preview":"max-video-preview:-1"},"canonical":"https:\/\/www.revistarambla.com\/en\/rusia-publica-imagenes-satelitales-de-ifema-la-sede-de-la-cumbre-de-la-otan-en-madrid\/","og_locale":"en_GB","og_type":"article","og_title":"Rusia publica im\u00e1genes satelitales de IFEMA, la sede de la cumbre de la OTAN en Madrid - Revista Rambla","og_description":"Rusia difunde im\u00e1genes satelitales de la sede de la cumbre de la OTAN en Madrid, as\u00ed como otros \u201ccentros de decisiones\u201d de los pa\u00edses occidentales, incluido el Pent\u00e1gono.","og_url":"https:\/\/www.revistarambla.com\/en\/rusia-publica-imagenes-satelitales-de-ifema-la-sede-de-la-cumbre-de-la-otan-en-madrid\/","og_site_name":"Revista Rambla","article_publisher":"https:\/\/www.facebook.com\/revistarambla\/","article_author":"https:\/\/www.facebook.com\/revistarambla","article_published_time":"2022-06-29T00:08:58+00:00","article_modified_time":"2022-09-30T18:46:33+00:00","og_image":[{"width":880,"height":495,"url":"https:\/\/www.revistarambla.com\/wp-content\/uploads\/2022\/06\/16293303_xl.jpg","type":"image\/jpeg"}],"author":"R@mbla","twitter_card":"summary_large_image","twitter_creator":"@revistarambla","twitter_site":"@revistarambla","twitter_misc":{"Written by":"R@mbla","Estimated reading time":"2 minutes"},"schema":{"@context":"https:\/\/schema.org","@graph":[{"@type":"Article","@id":"https:\/\/www.revistarambla.com\/rusia-publica-imagenes-satelitales-de-ifema-la-sede-de-la-cumbre-de-la-otan-en-madrid\/#article","isPartOf":{"@id":"https:\/\/www.revistarambla.com\/rusia-publica-imagenes-satelitales-de-ifema-la-sede-de-la-cumbre-de-la-otan-en-madrid\/"},"author":{"name":"R@mbla","@id":"https:\/\/www.revistarambla.com\/#\/schema\/person\/a146a5a2550b94981a75131180e1bd9c"},"headline":"Rusia publica im\u00e1genes satelitales de IFEMA, la sede de la cumbre de la OTAN en Madrid","datePublished":"2022-06-29T00:08:58+00:00","dateModified":"2022-09-30T18:46:33+00:00","mainEntityOfPage":{"@id":"https:\/\/www.revistarambla.com\/rusia-publica-imagenes-satelitales-de-ifema-la-sede-de-la-cumbre-de-la-otan-en-madrid\/"},"wordCount":358,"publisher":{"@id":"https:\/\/www.revistarambla.com\/#organization"},"image":{"@id":"https:\/\/www.revistarambla.com\/rusia-publica-imagenes-satelitales-de-ifema-la-sede-de-la-cumbre-de-la-otan-en-madrid\/#primaryimage"},"thumbnailUrl":"https:\/\/www.revistarambla.com\/wp-content\/uploads\/2022\/06\/16293303_xl.jpg","articleSection":["Tambores de Guerra"],"inLanguage":"en-GB"},{"@type":"WebPage","@id":"https:\/\/www.revistarambla.com\/rusia-publica-imagenes-satelitales-de-ifema-la-sede-de-la-cumbre-de-la-otan-en-madrid\/","url":"https:\/\/www.revistarambla.com\/rusia-publica-imagenes-satelitales-de-ifema-la-sede-de-la-cumbre-de-la-otan-en-madrid\/","name":"Rusia publica im\u00e1genes satelitales de IFEMA, la sede de la cumbre de la OTAN en Madrid - Revista Rambla","isPartOf":{"@id":"https:\/\/www.revistarambla.com\/#website"},"primaryImageOfPage":{"@id":"https:\/\/www.revistarambla.com\/rusia-publica-imagenes-satelitales-de-ifema-la-sede-de-la-cumbre-de-la-otan-en-madrid\/#primaryimage"},"image":{"@id":"https:\/\/www.revistarambla.com\/rusia-publica-imagenes-satelitales-de-ifema-la-sede-de-la-cumbre-de-la-otan-en-madrid\/#primaryimage"},"thumbnailUrl":"https:\/\/www.revistarambla.com\/wp-content\/uploads\/2022\/06\/16293303_xl.jpg","datePublished":"2022-06-29T00:08:58+00:00","dateModified":"2022-09-30T18:46:33+00:00","breadcrumb":{"@id":"https:\/\/www.revistarambla.com\/rusia-publica-imagenes-satelitales-de-ifema-la-sede-de-la-cumbre-de-la-otan-en-madrid\/#breadcrumb"},"inLanguage":"en-GB","potentialAction":[{"@type":"ReadAction","target":["https:\/\/www.revistarambla.com\/rusia-publica-imagenes-satelitales-de-ifema-la-sede-de-la-cumbre-de-la-otan-en-madrid\/"]}]},{"@type":"ImageObject","inLanguage":"en-GB","@id":"https:\/\/www.revistarambla.com\/rusia-publica-imagenes-satelitales-de-ifema-la-sede-de-la-cumbre-de-la-otan-en-madrid\/#primaryimage","url":"https:\/\/www.revistarambla.com\/wp-content\/uploads\/2022\/06\/16293303_xl.jpg","contentUrl":"https:\/\/www.revistarambla.com\/wp-content\/uploads\/2022\/06\/16293303_xl.jpg","width":880,"height":495},{"@type":"BreadcrumbList","@id":"https:\/\/www.revistarambla.com\/rusia-publica-imagenes-satelitales-de-ifema-la-sede-de-la-cumbre-de-la-otan-en-madrid\/#breadcrumb","itemListElement":[{"@type":"ListItem","position":1,"name":"Portada","item":"https:\/\/www.revistarambla.com\/"},{"@type":"ListItem","position":2,"name":"Rusia publica im\u00e1genes satelitales de IFEMA, la sede de la cumbre de la OTAN en Madrid"}]},{"@type":"WebSite","@id":"https:\/\/www.revistarambla.com\/#website","url":"https:\/\/www.revistarambla.com\/","name":"Revista Rambla Barcelona","description":"Periodismo independiente","publisher":{"@id":"https:\/\/www.revistarambla.com\/#organization"},"potentialAction":[{"@type":"SearchAction","target":{"@type":"EntryPoint","urlTemplate":"https:\/\/www.revistarambla.com\/?s={search_term_string}"},"query-input":{"@type":"PropertyValueSpecification","valueRequired":true,"valueName":"search_term_string"}}],"inLanguage":"en-GB"},{"@type":"Organization","@id":"https:\/\/www.revistarambla.com\/#organization","name":"Revista Rambla","url":"https:\/\/www.revistarambla.com\/","logo":{"@type":"ImageObject","inLanguage":"en-GB","@id":"https:\/\/www.revistarambla.com\/#\/schema\/logo\/image\/","url":"https:\/\/www.revistarambla.com\/wp-content\/uploads\/2020\/09\/banner_rambla_1900x600_BB.png","contentUrl":"https:\/\/www.revistarambla.com\/wp-content\/uploads\/2020\/09\/banner_rambla_1900x600_BB.png","width":1900,"height":600,"caption":"Revista Rambla"},"image":{"@id":"https:\/\/www.revistarambla.com\/#\/schema\/logo\/image\/"},"sameAs":["https:\/\/www.facebook.com\/revistarambla\/","https:\/\/x.com\/revistarambla","https:\/\/www.instagram.com\/revista_rambla","https:\/\/es.linkedin.com\/company\/revista-rambla"]},{"@type":"Person","@id":"https:\/\/www.revistarambla.com\/#\/schema\/person\/a146a5a2550b94981a75131180e1bd9c","name":"R@mbla","description":"Este art\u00edculo ha sido redactado y\/o validado por el equipo de redacci\u00f3n de Revista Rambla.","sameAs":["https:\/\/www.revistarambla.com\/","https:\/\/www.facebook.com\/revistarambla","https:\/\/x.com\/revistarambla"]}]}},"_links":{"self":[{"href":"https:\/\/www.revistarambla.com\/en\/wp-json\/wp\/v2\/posts\/43565","targetHints":{"allow":["GET"]}}],"collection":[{"href":"https:\/\/www.revistarambla.com\/en\/wp-json\/wp\/v2\/posts"}],"about":[{"href":"https:\/\/www.revistarambla.com\/en\/wp-json\/wp\/v2\/types\/post"}],"author":[{"embeddable":true,"href":"https:\/\/www.revistarambla.com\/en\/wp-json\/wp\/v2\/users\/3"}],"replies":[{"embeddable":true,"href":"https:\/\/www.revistarambla.com\/en\/wp-json\/wp\/v2\/comments?post=43565"}],"version-history":[{"count":1,"href":"https:\/\/www.revistarambla.com\/en\/wp-json\/wp\/v2\/posts\/43565\/revisions"}],"predecessor-version":[{"id":43568,"href":"https:\/\/www.revistarambla.com\/en\/wp-json\/wp\/v2\/posts\/43565\/revisions\/43568"}],"wp:featuredmedia":[{"embeddable":true,"href":"https:\/\/www.revistarambla.com\/en\/wp-json\/wp\/v2\/media\/43566"}],"wp:attachment":[{"href":"https:\/\/www.revistarambla.com\/en\/wp-json\/wp\/v2\/media?parent=43565"}],"wp:term":[{"taxonomy":"category","embeddable":true,"href":"https:\/\/www.revistarambla.com\/en\/wp-json\/wp\/v2\/categories?post=43565"},{"taxonomy":"post_tag","embeddable":true,"href":"https:\/\/www.revistarambla.com\/en\/wp-json\/wp\/v2\/tags?post=43565"}],"curies":[{"name":"wp","href":"https:\/\/api.w.org\/{rel}","templated":true}]}}