{"id":43512,"date":"2022-06-27T21:22:22","date_gmt":"2022-06-27T19:22:22","guid":{"rendered":"https:\/\/www.revistarambla.com\/?p=43512"},"modified":"2022-06-27T21:22:22","modified_gmt":"2022-06-27T19:22:22","slug":"espana-peligra-el-derecho-al-aborto","status":"publish","type":"post","link":"https:\/\/www.revistarambla.com\/en\/espana-peligra-el-derecho-al-aborto\/","title":{"rendered":"Espa\u00f1a: \u00bfPeligra el derecho al aborto?"},"content":{"rendered":"<p>El establishment del Estado espa\u00f1ol estar\u00eda formado por las \u00e9lites financiera-empresarial, pol\u00edtica, judicial, militar, jerarqu\u00eda cat\u00f3lica, universitaria y mass media del Estado espa\u00f1ol, herederos naturales del legado del General Franco que habr\u00edan fagocitado todas las esferas de decisi\u00f3n (seg\u00fan se desprende de la lectura del libro \u201cOligarqu\u00eda financiera y poder pol\u00edtico en Espa\u00f1a\u201d escrito por el ex-banquero Manuel Puerto Ducet). Dichos lobbys de presi\u00f3n estar\u00edan interconectados mediante \u201cuna alianza inquieta basada en su comunidad de intereses econ\u00f3micos y amalgamada por la defensa a ultranza del R\u00e9gimen del 78 y de la \u201cunidad indisoluble de Espa\u00f1a\u201d y su objetivo confeso ser\u00eda implementar en Espa\u00f1a una \u201cdemocracia no liberal\u201d siguiendo la estela de la Hungr\u00eda de Orb\u00e1n.<\/p>\n<p>En este contexto, se enmarcar\u00eda la campa\u00f1a emprendida por el PP y Vox (Operaci\u00f3n Toga) y que contar\u00eda con la aquiescencia del Tribunal Supremo, del Tribunal de Cuentas y del Tribunal Constitucional para provocar la par\u00e1lisis legislativa y ejecutiva de la actual mayor\u00eda progresista y forzar la convocatoria de nuevas Elecciones Generales con la esperanza de lograr la mayor\u00eda absoluta e implementar una democracia no liberal que beber\u00e1 de las fuentes del centralismo bonapartitsta y del paternalismo de las dictaduras blandas y estar\u00e1 dotado de la triple enzima tardofranquista (mantenimiento de la unidad indisoluble de Espa\u00f1a, control estricto de la inmigraci\u00f3n y retorno al pensamiento \u00fanico heteropatriarcal).<\/p>\n<p>El lobby judicial tardofranquista habr\u00eda fagocitado los principales estamentos judiciales del Estado espa\u00f1ol (CGPJ, Tribunal Supremo, Tribunal de Cuentas y el Tribunal Constitucional) y a pesar de estar en funciones desde el 2018, el PP se niega a renovar la c\u00fapula judicial al seguir ostentando la mayor\u00eda en dichos Tribunales. El Tardofranquismo judicial tendr\u00eda al Tribunal Supremo como muro de contenci\u00f3n de los decretos-leyes aprobados por el \u201crodillo progresista\u201d del Congreso; a su Presidente Carlos Lesmes como crupier en la ruleta de adjudicaci\u00f3n de cargos y procesos judiciales; a los jueces Marchena, Lamela y Llarena como sus estrellas medi\u00e1ticas y a los fiscales del \u201cclan de los indomables\u201d como sus abnegados peones. Asimismo, el Tribunal Supremo estar\u00eda controlado por el llamado \u201cclan de los pol\u00edticos\u201d en palabras del expresidente de Sala del TS, Ram\u00f3n Trillo, y habr\u00eda devenido en un verdadero lobby o grupo de presi\u00f3n de la derecha tardo franquista que mediante controvertidas decisiones judiciales intentar\u00e1 paralizar o revertir las decisiones pol\u00edticas o econ\u00f3micas del Gobierno S\u00e1nchez.<\/p>\n<p>As\u00ed, tras el macrojuicio a los l\u00edderes del Proc\u00e9s y su posterior entrada en prisi\u00f3n, asistimos al intento de paralizar la concesi\u00f3n de indultos a los l\u00edderes del Proc\u00e9s mediante un informe del llamado \u201cclan de los indomables\u201d de la Fiscal\u00eda del Supremo en el que advert\u00eda al Gobierno que \u201cla Constituci\u00f3n proh\u00edbe los indultos generales\u201d. Fracasado el intento de paralizar la concesi\u00f3n de dichos indultos, llega el turno de la segunda pata del tr\u00edpode judicial tardo franquista, el Tribunal de Cuentas, que reclama a dichos l\u00edderes catalanes la friolera de 5,4 millones de Euros por supuestos gastos indebidos en la acci\u00f3n exterior del Govern en el per\u00edodo comprendido entre el 2011 y el 2017.<\/p>\n<p>Dicha ofensiva judicial involucionista buscar\u00eda convertir al Estado espa\u00f1ol en un Estado fallido, encorsetado y sometido a los dictados del Tardofranquismo judicial, con un Tribunal Constitucional devenido en el nuevo muro de contenci\u00f3n de la labor legislativa del Parlamento am\u00e9n de fiscalizador supremo de la gesti\u00f3n del Ejecutivo y cuya \u00faltima intervenci\u00f3n fue declarar inconstitucional la Declaraci\u00f3n del Estado de Alarma implementada por el Gobierno S\u00e1nchez en Marzo del 2020 con una exigua mayor\u00eda de 6 a 5. En el paroxismo de la ofensiva judicial, entra en escena de nuevo el Tribunal Supremo que con una espectacular cabriola se desdice a s\u00ed mismo y entrar\u00e1 a valorar la supuesta legalidad de los indultos concedidos por el Gobierno a los l\u00edderes del proc\u00e9s encarcelados, lo que supondr\u00eda desvirtuar la tradicional separaci\u00f3n de Poderes en una democracia formal al usurpar el TC y el Supremo la labor del Ejecutivo as\u00ed como asumir el control por el Parlamento de la gesti\u00f3n del Gobierno que quedar\u00eda en adelante sometida al albur de la mayor\u00eda conservadora de dichos Tribunales.<\/p>\n<p>Finalmente, en el supuesto de lograr el PP y Vox una mayor\u00eda absoluta en las Elecciones Generales del 2023, siguiendo la estela del Tribunal Supremo de EEUU, podr\u00edamos asistir a la derogaci\u00f3n por el Tribunal Constitucional de la vigente Ley del Aborto de Zapatero y que ser\u00eda el inicio de una deriva involucionista que podr\u00eda acabar enterrando todas las leyes progresistas en materia de derechos civiles en el Estado espa\u00f1ol, tales como la validez del matrimonio igualitario, con lo que se antoja urgente la renovaci\u00f3n de la caduca c\u00fapula judicial controlada por el lobby judicial tardo franquista.<\/p>","protected":false},"excerpt":{"rendered":"<p>En el supuesto de lograr el PP y Vox una mayor\u00eda absoluta en las Elecciones Generales del 2023, siguiendo la estela del Tribunal Supremo de EEUU, podr\u00edamos asistir a la derogaci\u00f3n por el Tribunal Constitucional de la vigente Ley del Aborto de Zapatero<\/p>","protected":false},"author":16,"featured_media":43513,"comment_status":"closed","ping_status":"open","sticky":false,"template":"","format":"standard","meta":{"footnotes":""},"categories":[72],"tags":[],"class_list":["post-43512","post","type-post","status-publish","format-standard","has-post-thumbnail","hentry","category-opinion"],"yoast_head":"<!-- This site is optimized with the Yoast SEO plugin v27.5 - https:\/\/yoast.com\/product\/yoast-seo-wordpress\/ -->\n<title>Espa\u00f1a: \u00bfPeligra el derecho al aborto? - Revista Rambla<\/title>\n<meta name=\"robots\" content=\"index, follow, max-snippet:-1, max-image-preview:large, max-video-preview:-1\" \/>\n<link rel=\"canonical\" href=\"https:\/\/www.revistarambla.com\/en\/espana-peligra-el-derecho-al-aborto\/\" \/>\n<meta property=\"og:locale\" content=\"en_GB\" \/>\n<meta property=\"og:type\" content=\"article\" \/>\n<meta property=\"og:title\" content=\"Espa\u00f1a: \u00bfPeligra el derecho al aborto? - Revista Rambla\" \/>\n<meta property=\"og:description\" content=\"En el supuesto de lograr el PP y Vox una mayor\u00eda absoluta en las Elecciones Generales del 2023, siguiendo la estela del Tribunal Supremo de EEUU, podr\u00edamos asistir a la derogaci\u00f3n por el Tribunal Constitucional de la vigente Ley del Aborto de Zapatero\" \/>\n<meta property=\"og:url\" content=\"https:\/\/www.revistarambla.com\/en\/espana-peligra-el-derecho-al-aborto\/\" \/>\n<meta property=\"og:site_name\" content=\"Revista Rambla\" \/>\n<meta property=\"article:publisher\" content=\"https:\/\/www.facebook.com\/revistarambla\/\" \/>\n<meta property=\"article:published_time\" content=\"2022-06-27T19:22:22+00:00\" \/>\n<meta property=\"og:image\" content=\"https:\/\/www.revistarambla.com\/wp-content\/uploads\/2022\/06\/aborto-espana.jpg\" \/>\n\t<meta property=\"og:image:width\" content=\"1320\" \/>\n\t<meta property=\"og:image:height\" content=\"743\" \/>\n\t<meta property=\"og:image:type\" content=\"image\/jpeg\" \/>\n<meta name=\"author\" content=\"Germ\u00e1n Gorraiz L\u00f3pez\" \/>\n<meta name=\"twitter:card\" content=\"summary_large_image\" \/>\n<meta name=\"twitter:creator\" content=\"@revistarambla\" \/>\n<meta name=\"twitter:site\" content=\"@revistarambla\" \/>\n<meta name=\"twitter:label1\" content=\"Written by\" \/>\n\t<meta name=\"twitter:data1\" content=\"Germ\u00e1n Gorraiz L\u00f3pez\" \/>\n\t<meta name=\"twitter:label2\" content=\"Estimated reading time\" \/>\n\t<meta name=\"twitter:data2\" content=\"4 minutes\" \/>\n<script type=\"application\/ld+json\" class=\"yoast-schema-graph\">{\"@context\":\"https:\\\/\\\/schema.org\",\"@graph\":[{\"@type\":\"Article\",\"@id\":\"https:\\\/\\\/www.revistarambla.com\\\/espana-peligra-el-derecho-al-aborto\\\/#article\",\"isPartOf\":{\"@id\":\"https:\\\/\\\/www.revistarambla.com\\\/espana-peligra-el-derecho-al-aborto\\\/\"},\"author\":{\"name\":\"Germ\u00e1n Gorraiz L\u00f3pez\",\"@id\":\"https:\\\/\\\/www.revistarambla.com\\\/#\\\/schema\\\/person\\\/23a7868ff10cd88f8fdb045c7b7e4a4d\"},\"headline\":\"Espa\u00f1a: \u00bfPeligra el derecho al aborto?\",\"datePublished\":\"2022-06-27T19:22:22+00:00\",\"mainEntityOfPage\":{\"@id\":\"https:\\\/\\\/www.revistarambla.com\\\/espana-peligra-el-derecho-al-aborto\\\/\"},\"wordCount\":859,\"publisher\":{\"@id\":\"https:\\\/\\\/www.revistarambla.com\\\/#organization\"},\"image\":{\"@id\":\"https:\\\/\\\/www.revistarambla.com\\\/espana-peligra-el-derecho-al-aborto\\\/#primaryimage\"},\"thumbnailUrl\":\"https:\\\/\\\/www.revistarambla.com\\\/wp-content\\\/uploads\\\/2022\\\/06\\\/aborto-espana.jpg\",\"articleSection\":[\"Opiniones\"],\"inLanguage\":\"en-GB\"},{\"@type\":\"WebPage\",\"@id\":\"https:\\\/\\\/www.revistarambla.com\\\/espana-peligra-el-derecho-al-aborto\\\/\",\"url\":\"https:\\\/\\\/www.revistarambla.com\\\/espana-peligra-el-derecho-al-aborto\\\/\",\"name\":\"Espa\u00f1a: \u00bfPeligra el derecho al aborto? - Revista Rambla\",\"isPartOf\":{\"@id\":\"https:\\\/\\\/www.revistarambla.com\\\/#website\"},\"primaryImageOfPage\":{\"@id\":\"https:\\\/\\\/www.revistarambla.com\\\/espana-peligra-el-derecho-al-aborto\\\/#primaryimage\"},\"image\":{\"@id\":\"https:\\\/\\\/www.revistarambla.com\\\/espana-peligra-el-derecho-al-aborto\\\/#primaryimage\"},\"thumbnailUrl\":\"https:\\\/\\\/www.revistarambla.com\\\/wp-content\\\/uploads\\\/2022\\\/06\\\/aborto-espana.jpg\",\"datePublished\":\"2022-06-27T19:22:22+00:00\",\"breadcrumb\":{\"@id\":\"https:\\\/\\\/www.revistarambla.com\\\/espana-peligra-el-derecho-al-aborto\\\/#breadcrumb\"},\"inLanguage\":\"en-GB\",\"potentialAction\":[{\"@type\":\"ReadAction\",\"target\":[\"https:\\\/\\\/www.revistarambla.com\\\/espana-peligra-el-derecho-al-aborto\\\/\"]}]},{\"@type\":\"ImageObject\",\"inLanguage\":\"en-GB\",\"@id\":\"https:\\\/\\\/www.revistarambla.com\\\/espana-peligra-el-derecho-al-aborto\\\/#primaryimage\",\"url\":\"https:\\\/\\\/www.revistarambla.com\\\/wp-content\\\/uploads\\\/2022\\\/06\\\/aborto-espana.jpg\",\"contentUrl\":\"https:\\\/\\\/www.revistarambla.com\\\/wp-content\\\/uploads\\\/2022\\\/06\\\/aborto-espana.jpg\",\"width\":1320,\"height\":743},{\"@type\":\"BreadcrumbList\",\"@id\":\"https:\\\/\\\/www.revistarambla.com\\\/espana-peligra-el-derecho-al-aborto\\\/#breadcrumb\",\"itemListElement\":[{\"@type\":\"ListItem\",\"position\":1,\"name\":\"Portada\",\"item\":\"https:\\\/\\\/www.revistarambla.com\\\/\"},{\"@type\":\"ListItem\",\"position\":2,\"name\":\"Espa\u00f1a: \u00bfPeligra el derecho al aborto?\"}]},{\"@type\":\"WebSite\",\"@id\":\"https:\\\/\\\/www.revistarambla.com\\\/#website\",\"url\":\"https:\\\/\\\/www.revistarambla.com\\\/\",\"name\":\"Revista Rambla Barcelona\",\"description\":\"Periodismo independiente\",\"publisher\":{\"@id\":\"https:\\\/\\\/www.revistarambla.com\\\/#organization\"},\"potentialAction\":[{\"@type\":\"SearchAction\",\"target\":{\"@type\":\"EntryPoint\",\"urlTemplate\":\"https:\\\/\\\/www.revistarambla.com\\\/?s={search_term_string}\"},\"query-input\":{\"@type\":\"PropertyValueSpecification\",\"valueRequired\":true,\"valueName\":\"search_term_string\"}}],\"inLanguage\":\"en-GB\"},{\"@type\":\"Organization\",\"@id\":\"https:\\\/\\\/www.revistarambla.com\\\/#organization\",\"name\":\"Revista Rambla\",\"url\":\"https:\\\/\\\/www.revistarambla.com\\\/\",\"logo\":{\"@type\":\"ImageObject\",\"inLanguage\":\"en-GB\",\"@id\":\"https:\\\/\\\/www.revistarambla.com\\\/#\\\/schema\\\/logo\\\/image\\\/\",\"url\":\"https:\\\/\\\/www.revistarambla.com\\\/wp-content\\\/uploads\\\/2020\\\/09\\\/banner_rambla_1900x600_BB.png\",\"contentUrl\":\"https:\\\/\\\/www.revistarambla.com\\\/wp-content\\\/uploads\\\/2020\\\/09\\\/banner_rambla_1900x600_BB.png\",\"width\":1900,\"height\":600,\"caption\":\"Revista Rambla\"},\"image\":{\"@id\":\"https:\\\/\\\/www.revistarambla.com\\\/#\\\/schema\\\/logo\\\/image\\\/\"},\"sameAs\":[\"https:\\\/\\\/www.facebook.com\\\/revistarambla\\\/\",\"https:\\\/\\\/x.com\\\/revistarambla\",\"https:\\\/\\\/www.instagram.com\\\/revista_rambla\",\"https:\\\/\\\/es.linkedin.com\\\/company\\\/revista-rambla\"]},{\"@type\":\"Person\",\"@id\":\"https:\\\/\\\/www.revistarambla.com\\\/#\\\/schema\\\/person\\\/23a7868ff10cd88f8fdb045c7b7e4a4d\",\"name\":\"Germ\u00e1n Gorraiz L\u00f3pez\",\"description\":\"Nacido en Navarra en 1957. Escribe an\u00e1lisis sobre temas econ\u00f3micos y geopol\u00edticos. Es miembro de Attac-Navarra. Colabora habitualmente en varios medios digitales e impresos espa\u00f1oles y latinoamericanos.\"}]}<\/script>\n<!-- \/ Yoast SEO plugin. -->","yoast_head_json":{"title":"Espa\u00f1a: \u00bfPeligra el derecho al aborto? - Revista Rambla","robots":{"index":"index","follow":"follow","max-snippet":"max-snippet:-1","max-image-preview":"max-image-preview:large","max-video-preview":"max-video-preview:-1"},"canonical":"https:\/\/www.revistarambla.com\/en\/espana-peligra-el-derecho-al-aborto\/","og_locale":"en_GB","og_type":"article","og_title":"Espa\u00f1a: \u00bfPeligra el derecho al aborto? - Revista Rambla","og_description":"En el supuesto de lograr el PP y Vox una mayor\u00eda absoluta en las Elecciones Generales del 2023, siguiendo la estela del Tribunal Supremo de EEUU, podr\u00edamos asistir a la derogaci\u00f3n por el Tribunal Constitucional de la vigente Ley del Aborto de Zapatero","og_url":"https:\/\/www.revistarambla.com\/en\/espana-peligra-el-derecho-al-aborto\/","og_site_name":"Revista Rambla","article_publisher":"https:\/\/www.facebook.com\/revistarambla\/","article_published_time":"2022-06-27T19:22:22+00:00","og_image":[{"width":1320,"height":743,"url":"https:\/\/www.revistarambla.com\/wp-content\/uploads\/2022\/06\/aborto-espana.jpg","type":"image\/jpeg"}],"author":"Germ\u00e1n Gorraiz L\u00f3pez","twitter_card":"summary_large_image","twitter_creator":"@revistarambla","twitter_site":"@revistarambla","twitter_misc":{"Written by":"Germ\u00e1n Gorraiz L\u00f3pez","Estimated reading time":"4 minutes"},"schema":{"@context":"https:\/\/schema.org","@graph":[{"@type":"Article","@id":"https:\/\/www.revistarambla.com\/espana-peligra-el-derecho-al-aborto\/#article","isPartOf":{"@id":"https:\/\/www.revistarambla.com\/espana-peligra-el-derecho-al-aborto\/"},"author":{"name":"Germ\u00e1n Gorraiz L\u00f3pez","@id":"https:\/\/www.revistarambla.com\/#\/schema\/person\/23a7868ff10cd88f8fdb045c7b7e4a4d"},"headline":"Espa\u00f1a: \u00bfPeligra el derecho al aborto?","datePublished":"2022-06-27T19:22:22+00:00","mainEntityOfPage":{"@id":"https:\/\/www.revistarambla.com\/espana-peligra-el-derecho-al-aborto\/"},"wordCount":859,"publisher":{"@id":"https:\/\/www.revistarambla.com\/#organization"},"image":{"@id":"https:\/\/www.revistarambla.com\/espana-peligra-el-derecho-al-aborto\/#primaryimage"},"thumbnailUrl":"https:\/\/www.revistarambla.com\/wp-content\/uploads\/2022\/06\/aborto-espana.jpg","articleSection":["Opiniones"],"inLanguage":"en-GB"},{"@type":"WebPage","@id":"https:\/\/www.revistarambla.com\/espana-peligra-el-derecho-al-aborto\/","url":"https:\/\/www.revistarambla.com\/espana-peligra-el-derecho-al-aborto\/","name":"Espa\u00f1a: \u00bfPeligra el derecho al aborto? - Revista Rambla","isPartOf":{"@id":"https:\/\/www.revistarambla.com\/#website"},"primaryImageOfPage":{"@id":"https:\/\/www.revistarambla.com\/espana-peligra-el-derecho-al-aborto\/#primaryimage"},"image":{"@id":"https:\/\/www.revistarambla.com\/espana-peligra-el-derecho-al-aborto\/#primaryimage"},"thumbnailUrl":"https:\/\/www.revistarambla.com\/wp-content\/uploads\/2022\/06\/aborto-espana.jpg","datePublished":"2022-06-27T19:22:22+00:00","breadcrumb":{"@id":"https:\/\/www.revistarambla.com\/espana-peligra-el-derecho-al-aborto\/#breadcrumb"},"inLanguage":"en-GB","potentialAction":[{"@type":"ReadAction","target":["https:\/\/www.revistarambla.com\/espana-peligra-el-derecho-al-aborto\/"]}]},{"@type":"ImageObject","inLanguage":"en-GB","@id":"https:\/\/www.revistarambla.com\/espana-peligra-el-derecho-al-aborto\/#primaryimage","url":"https:\/\/www.revistarambla.com\/wp-content\/uploads\/2022\/06\/aborto-espana.jpg","contentUrl":"https:\/\/www.revistarambla.com\/wp-content\/uploads\/2022\/06\/aborto-espana.jpg","width":1320,"height":743},{"@type":"BreadcrumbList","@id":"https:\/\/www.revistarambla.com\/espana-peligra-el-derecho-al-aborto\/#breadcrumb","itemListElement":[{"@type":"ListItem","position":1,"name":"Portada","item":"https:\/\/www.revistarambla.com\/"},{"@type":"ListItem","position":2,"name":"Espa\u00f1a: \u00bfPeligra el derecho al aborto?"}]},{"@type":"WebSite","@id":"https:\/\/www.revistarambla.com\/#website","url":"https:\/\/www.revistarambla.com\/","name":"Revista Rambla Barcelona","description":"Periodismo independiente","publisher":{"@id":"https:\/\/www.revistarambla.com\/#organization"},"potentialAction":[{"@type":"SearchAction","target":{"@type":"EntryPoint","urlTemplate":"https:\/\/www.revistarambla.com\/?s={search_term_string}"},"query-input":{"@type":"PropertyValueSpecification","valueRequired":true,"valueName":"search_term_string"}}],"inLanguage":"en-GB"},{"@type":"Organization","@id":"https:\/\/www.revistarambla.com\/#organization","name":"Revista Rambla","url":"https:\/\/www.revistarambla.com\/","logo":{"@type":"ImageObject","inLanguage":"en-GB","@id":"https:\/\/www.revistarambla.com\/#\/schema\/logo\/image\/","url":"https:\/\/www.revistarambla.com\/wp-content\/uploads\/2020\/09\/banner_rambla_1900x600_BB.png","contentUrl":"https:\/\/www.revistarambla.com\/wp-content\/uploads\/2020\/09\/banner_rambla_1900x600_BB.png","width":1900,"height":600,"caption":"Revista Rambla"},"image":{"@id":"https:\/\/www.revistarambla.com\/#\/schema\/logo\/image\/"},"sameAs":["https:\/\/www.facebook.com\/revistarambla\/","https:\/\/x.com\/revistarambla","https:\/\/www.instagram.com\/revista_rambla","https:\/\/es.linkedin.com\/company\/revista-rambla"]},{"@type":"Person","@id":"https:\/\/www.revistarambla.com\/#\/schema\/person\/23a7868ff10cd88f8fdb045c7b7e4a4d","name":"Germ\u00e1n Gorraiz L\u00f3pez","description":"Nacido en Navarra en 1957. Escribe an\u00e1lisis sobre temas econ\u00f3micos y geopol\u00edticos. Es miembro de Attac-Navarra. Colabora habitualmente en varios medios digitales e impresos espa\u00f1oles y latinoamericanos."}]}},"_links":{"self":[{"href":"https:\/\/www.revistarambla.com\/en\/wp-json\/wp\/v2\/posts\/43512","targetHints":{"allow":["GET"]}}],"collection":[{"href":"https:\/\/www.revistarambla.com\/en\/wp-json\/wp\/v2\/posts"}],"about":[{"href":"https:\/\/www.revistarambla.com\/en\/wp-json\/wp\/v2\/types\/post"}],"author":[{"embeddable":true,"href":"https:\/\/www.revistarambla.com\/en\/wp-json\/wp\/v2\/users\/16"}],"replies":[{"embeddable":true,"href":"https:\/\/www.revistarambla.com\/en\/wp-json\/wp\/v2\/comments?post=43512"}],"version-history":[{"count":1,"href":"https:\/\/www.revistarambla.com\/en\/wp-json\/wp\/v2\/posts\/43512\/revisions"}],"predecessor-version":[{"id":43514,"href":"https:\/\/www.revistarambla.com\/en\/wp-json\/wp\/v2\/posts\/43512\/revisions\/43514"}],"wp:featuredmedia":[{"embeddable":true,"href":"https:\/\/www.revistarambla.com\/en\/wp-json\/wp\/v2\/media\/43513"}],"wp:attachment":[{"href":"https:\/\/www.revistarambla.com\/en\/wp-json\/wp\/v2\/media?parent=43512"}],"wp:term":[{"taxonomy":"category","embeddable":true,"href":"https:\/\/www.revistarambla.com\/en\/wp-json\/wp\/v2\/categories?post=43512"},{"taxonomy":"post_tag","embeddable":true,"href":"https:\/\/www.revistarambla.com\/en\/wp-json\/wp\/v2\/tags?post=43512"}],"curies":[{"name":"wp","href":"https:\/\/api.w.org\/{rel}","templated":true}]}}