{"id":4351,"date":"2013-11-27T06:40:55","date_gmt":"2013-11-27T06:40:55","guid":{"rendered":"https:\/\/www.revistarambla.com\/la-bendita-condena-del-abuelito-del-aeropuerto\/"},"modified":"2024-05-12T18:01:03","modified_gmt":"2024-05-12T16:01:03","slug":"la-bendita-condena-del-abuelito-del-aeropuerto","status":"publish","type":"post","link":"https:\/\/www.revistarambla.com\/en\/la-bendita-condena-del-abuelito-del-aeropuerto\/","title":{"rendered":"Carlos Fabra: la bendita condena del abuelito del aeropuerto"},"content":{"rendered":"<p>Hay algunas condenas que son una bendici\u00f3n para quien las sufre. Ah\u00ed est\u00e1n esos exilios dorados hacia los que parten algunos reyes destronados para convertirse en emperadores de las revistas de papel couch\u00e9, bien a salvo de la cortante impertinencia de la guillotina. O esas penas que te permiten ser m\u00e1s sabio, como la vivida por Luis Rold\u00e1n que de las org\u00edas con el <em>g\u00fcevo<\/em> al aire sali\u00f3 del trullo hecho un estudioso de Sartre, Derrida, Nietzsche, Hanna Arendt o Walter Benjamin seg\u00fan nos desvel\u00f3 hace unos d\u00edas Juan Jos\u00e9 Mill\u00e1s en su estupenda entrevista al ex director General de la Guardia Civil. Igual que bendita es entre todas las condenas la que le ha ca\u00eddo a don Carlos Fabra.<\/p>\n<p>Cuatro a\u00f1itos de c\u00e1rcel que saben como agua de mayo no solo para el entra\u00f1able abuelito del aeropuerto de Castell\u00f3n, sino tambi\u00e9n para <a href=\"https:\/\/www.revistarambla.com\/en\/fabra-el-gran-timonel\/\">su tocayo<\/a> el molt honorable Alberto Fabra, para la vicepresidenta del gobierno Soraya S\u00e1ez de Santamar\u00eda y hasta para el bueno de don Mariano Rajoy que, con buen criterio, no dud\u00f3 en su d\u00eda en advertirnos de que el hoy condenado era un pol\u00edtico y un ciudadano ejemplar. Y no es para menos ese alivio. Al fin y al cabo, de todas las posibles alternativas esta era la m\u00e1s anhelada por los populares que, emulando al Cid, aspiran a ganar una nueva batalla en Valencia hasta despu\u00e9s de muertos.<\/p>\n<p>Al fin de cuentas, una sentencia absolutoria hubiera sido una tragedia, el descredito final hacia unas instituciones judiciales que ya hab\u00edan convertido la instrucci\u00f3n de caso Fabra en una pat\u00e9tica yincana que se prolong\u00f3 toda una d\u00e9cada, y el definitivo convencimiento colectivo de que el PP no era m\u00e1s que una franquicia de la familia Corleone en el Pa\u00eds Valenciano. Igualmente, una condena mayor, que incluyera los cargos de cohecho y tr\u00e1fico de influencias, confirmar\u00eda que el PP valenciano continuaba afianzando su estructura territorial sobre la tradici\u00f3n canovista del cacique impune y con derecho de pernada.<\/p>\n<p>Por eso, la soluci\u00f3n alcanzada es perfecta. Rajoy sigue pudiendo mantener en p\u00fablico que don Carlos es un pol\u00edtico ejemplar pues los jueces, firmes ante las presiones del rojer\u00edo desesperado, han rubricado la rectitud de la conducta institucional del virrey de Castell\u00f3n. Es cierto que, como Al Capone, puede acabar en la c\u00e1rcel por un problema con el fisco por defraudar 700.000 euros, si bien el tiempo y los recursos se encargan de hacer de ello una posibilidad todav\u00eda remota. Ahora bien, \u00bfle convierte eso en un ciudadano menos ejemplar? \u00bfAcaso el credo neoliberal no para de repetir que la presi\u00f3n fiscal est\u00e1 asfixiando a esa clase media que nutre de votos a los populares? De hecho, \u00bfno est\u00e1 trabajando el ministro Montoro en una reforma tributaria que, al menos, disminuya en algo el suplicio? \u00bfQui\u00e9n no ha emitido o pagado alguna vez una factura sin IVA? As\u00ed pues, lejos de ser un comportamiento bochornoso que le aleje de sus votantes, los cargos que condenan al expresidente de la diputaci\u00f3n, le permiten hasta presentarse como un hombre \u00edntegro, capaz de arriesgarse\u00a0 si es preciso por vivir en coherencia con su pensamiento. Casi un h\u00e9roe. No es extra\u00f1o pues que, incluso, adopte una actitud desafiante y orgullosa, para afirmar que no se le caer\u00e1n los anillos si finamente tiene que entrar en prisi\u00f3n.<\/p>\n<p>Y por si fuera poco, el fallo hasta ha permitido desde la calle G\u00e9nova de Madrid, poner en escena el sainete de la salida voluntaria de Carlos Fabra del partido, gesto nada banal dentro de la ofensiva simb\u00f3lica de golpes de efecto -que empez\u00f3 con el anuncio del cierre de RTVV y la posible devoluci\u00f3n de competencias- con la que los populares quieren dejar constancia de que no dan por perdido su feudo electoral en latierra de las flores de la luz y del amor. Una estrategia arriesgada, sin duda, por la crisis econ\u00f3mica y por los frentes judiciales, e incluso internos, que siguen abiertos para el PP valenciano. Pero no descabellada. As\u00ed las cosas, son muchos los que se han apresurado a brindar por la condena a don Carlos Fabra. Pueden que se hayan precipitado. Porque, a lo mejor, con esta condena, al PP y al abuelito les haya vuelto a tocar la loter\u00eda. Y es que ya se sabe, el azar siempre es impredecible.<\/p>","protected":false},"excerpt":{"rendered":"<p>Hay algunas condenas que son una bendici\u00f3n para quien las sufre. Ah\u00ed est\u00e1n esos exilios dorados hacia los que parten algunos reyes destronados para convertirse en emperadores de las revistas de papel couch\u00e9, bien a salvo de la cortante impertinencia de la guillotina. O esas penas que te permiten ser [&hellip;]<\/p>\n","protected":false},"author":3,"featured_media":4349,"comment_status":"open","ping_status":"open","sticky":false,"template":"","format":"standard","meta":{"footnotes":""},"categories":[72],"tags":[],"class_list":["post-4351","post","type-post","status-publish","format-standard","has-post-thumbnail","hentry","category-opinion"],"yoast_head":"<!-- This site is optimized with the Yoast SEO plugin v27.5 - https:\/\/yoast.com\/product\/yoast-seo-wordpress\/ -->\n<title>Carlos Fabra: la bendita condena del abuelito del aeropuerto - Revista Rambla<\/title>\n<meta name=\"description\" content=\"Bendita es entre todas las condenas la que le ha ca\u00eddo a don Carlos Fabra. Cuatro a\u00f1itos de c\u00e1rcel que saben como agua de mayo.\" \/>\n<meta name=\"robots\" content=\"index, follow, max-snippet:-1, max-image-preview:large, max-video-preview:-1\" \/>\n<link rel=\"canonical\" href=\"https:\/\/www.revistarambla.com\/en\/la-bendita-condena-del-abuelito-del-aeropuerto\/\" \/>\n<meta property=\"og:locale\" content=\"en_GB\" \/>\n<meta property=\"og:type\" content=\"article\" \/>\n<meta property=\"og:title\" content=\"Carlos Fabra: la bendita condena del abuelito del aeropuerto - Revista Rambla\" \/>\n<meta property=\"og:description\" content=\"Bendita es entre todas las condenas la que le ha ca\u00eddo a don Carlos Fabra. Cuatro a\u00f1itos de c\u00e1rcel que saben como agua de mayo.\" \/>\n<meta property=\"og:url\" content=\"https:\/\/www.revistarambla.com\/en\/la-bendita-condena-del-abuelito-del-aeropuerto\/\" \/>\n<meta property=\"og:site_name\" content=\"Revista Rambla\" \/>\n<meta property=\"article:publisher\" content=\"https:\/\/www.facebook.com\/revistarambla\/\" \/>\n<meta property=\"article:author\" content=\"https:\/\/www.facebook.com\/revistarambla\" \/>\n<meta property=\"article:published_time\" content=\"2013-11-27T06:40:55+00:00\" \/>\n<meta property=\"article:modified_time\" content=\"2024-05-12T16:01:03+00:00\" \/>\n<meta property=\"og:image\" content=\"https:\/\/www.revistarambla.com\/wp-content\/uploads\/2013\/11\/Fabra_rambla_02.jpg\" \/>\n\t<meta property=\"og:image:width\" content=\"700\" \/>\n\t<meta property=\"og:image:height\" content=\"292\" \/>\n\t<meta property=\"og:image:type\" content=\"image\/jpeg\" \/>\n<meta name=\"author\" content=\"R@mbla\" \/>\n<meta name=\"twitter:card\" content=\"summary_large_image\" \/>\n<meta name=\"twitter:creator\" content=\"@revistarambla\" \/>\n<meta name=\"twitter:site\" content=\"@revistarambla\" \/>\n<meta name=\"twitter:label1\" content=\"Written by\" \/>\n\t<meta name=\"twitter:data1\" content=\"R@mbla\" \/>\n\t<meta name=\"twitter:label2\" content=\"Estimated reading time\" \/>\n\t<meta name=\"twitter:data2\" content=\"4 minutes\" \/>\n<script type=\"application\/ld+json\" class=\"yoast-schema-graph\">{\"@context\":\"https:\\\/\\\/schema.org\",\"@graph\":[{\"@type\":\"Article\",\"@id\":\"https:\\\/\\\/www.revistarambla.com\\\/la-bendita-condena-del-abuelito-del-aeropuerto\\\/#article\",\"isPartOf\":{\"@id\":\"https:\\\/\\\/www.revistarambla.com\\\/la-bendita-condena-del-abuelito-del-aeropuerto\\\/\"},\"author\":{\"name\":\"R@mbla\",\"@id\":\"https:\\\/\\\/www.revistarambla.com\\\/#\\\/schema\\\/person\\\/a146a5a2550b94981a75131180e1bd9c\"},\"headline\":\"Carlos Fabra: la bendita condena del abuelito del aeropuerto\",\"datePublished\":\"2013-11-27T06:40:55+00:00\",\"dateModified\":\"2024-05-12T16:01:03+00:00\",\"mainEntityOfPage\":{\"@id\":\"https:\\\/\\\/www.revistarambla.com\\\/la-bendita-condena-del-abuelito-del-aeropuerto\\\/\"},\"wordCount\":773,\"commentCount\":0,\"publisher\":{\"@id\":\"https:\\\/\\\/www.revistarambla.com\\\/#organization\"},\"image\":{\"@id\":\"https:\\\/\\\/www.revistarambla.com\\\/la-bendita-condena-del-abuelito-del-aeropuerto\\\/#primaryimage\"},\"thumbnailUrl\":\"https:\\\/\\\/www.revistarambla.com\\\/wp-content\\\/uploads\\\/2013\\\/11\\\/Fabra_rambla_02.jpg\",\"articleSection\":[\"Opiniones\"],\"inLanguage\":\"en-GB\",\"potentialAction\":[{\"@type\":\"CommentAction\",\"name\":\"Comment\",\"target\":[\"https:\\\/\\\/www.revistarambla.com\\\/la-bendita-condena-del-abuelito-del-aeropuerto\\\/#respond\"]}]},{\"@type\":\"WebPage\",\"@id\":\"https:\\\/\\\/www.revistarambla.com\\\/la-bendita-condena-del-abuelito-del-aeropuerto\\\/\",\"url\":\"https:\\\/\\\/www.revistarambla.com\\\/la-bendita-condena-del-abuelito-del-aeropuerto\\\/\",\"name\":\"Carlos Fabra: la bendita condena del abuelito del aeropuerto - Revista Rambla\",\"isPartOf\":{\"@id\":\"https:\\\/\\\/www.revistarambla.com\\\/#website\"},\"primaryImageOfPage\":{\"@id\":\"https:\\\/\\\/www.revistarambla.com\\\/la-bendita-condena-del-abuelito-del-aeropuerto\\\/#primaryimage\"},\"image\":{\"@id\":\"https:\\\/\\\/www.revistarambla.com\\\/la-bendita-condena-del-abuelito-del-aeropuerto\\\/#primaryimage\"},\"thumbnailUrl\":\"https:\\\/\\\/www.revistarambla.com\\\/wp-content\\\/uploads\\\/2013\\\/11\\\/Fabra_rambla_02.jpg\",\"datePublished\":\"2013-11-27T06:40:55+00:00\",\"dateModified\":\"2024-05-12T16:01:03+00:00\",\"description\":\"Bendita es entre todas las condenas la que le ha ca\u00eddo a don Carlos Fabra. Cuatro a\u00f1itos de c\u00e1rcel que saben como agua de mayo.\",\"breadcrumb\":{\"@id\":\"https:\\\/\\\/www.revistarambla.com\\\/la-bendita-condena-del-abuelito-del-aeropuerto\\\/#breadcrumb\"},\"inLanguage\":\"en-GB\",\"potentialAction\":[{\"@type\":\"ReadAction\",\"target\":[\"https:\\\/\\\/www.revistarambla.com\\\/la-bendita-condena-del-abuelito-del-aeropuerto\\\/\"]}]},{\"@type\":\"ImageObject\",\"inLanguage\":\"en-GB\",\"@id\":\"https:\\\/\\\/www.revistarambla.com\\\/la-bendita-condena-del-abuelito-del-aeropuerto\\\/#primaryimage\",\"url\":\"https:\\\/\\\/www.revistarambla.com\\\/wp-content\\\/uploads\\\/2013\\\/11\\\/Fabra_rambla_02.jpg\",\"contentUrl\":\"https:\\\/\\\/www.revistarambla.com\\\/wp-content\\\/uploads\\\/2013\\\/11\\\/Fabra_rambla_02.jpg\",\"width\":700,\"height\":292,\"caption\":\"carlos fabra\"},{\"@type\":\"BreadcrumbList\",\"@id\":\"https:\\\/\\\/www.revistarambla.com\\\/la-bendita-condena-del-abuelito-del-aeropuerto\\\/#breadcrumb\",\"itemListElement\":[{\"@type\":\"ListItem\",\"position\":1,\"name\":\"Portada\",\"item\":\"https:\\\/\\\/www.revistarambla.com\\\/\"},{\"@type\":\"ListItem\",\"position\":2,\"name\":\"Carlos Fabra: la bendita condena del abuelito del aeropuerto\"}]},{\"@type\":\"WebSite\",\"@id\":\"https:\\\/\\\/www.revistarambla.com\\\/#website\",\"url\":\"https:\\\/\\\/www.revistarambla.com\\\/\",\"name\":\"Revista Rambla Barcelona\",\"description\":\"Periodismo independiente\",\"publisher\":{\"@id\":\"https:\\\/\\\/www.revistarambla.com\\\/#organization\"},\"potentialAction\":[{\"@type\":\"SearchAction\",\"target\":{\"@type\":\"EntryPoint\",\"urlTemplate\":\"https:\\\/\\\/www.revistarambla.com\\\/?s={search_term_string}\"},\"query-input\":{\"@type\":\"PropertyValueSpecification\",\"valueRequired\":true,\"valueName\":\"search_term_string\"}}],\"inLanguage\":\"en-GB\"},{\"@type\":\"Organization\",\"@id\":\"https:\\\/\\\/www.revistarambla.com\\\/#organization\",\"name\":\"Revista Rambla\",\"url\":\"https:\\\/\\\/www.revistarambla.com\\\/\",\"logo\":{\"@type\":\"ImageObject\",\"inLanguage\":\"en-GB\",\"@id\":\"https:\\\/\\\/www.revistarambla.com\\\/#\\\/schema\\\/logo\\\/image\\\/\",\"url\":\"https:\\\/\\\/www.revistarambla.com\\\/wp-content\\\/uploads\\\/2020\\\/09\\\/banner_rambla_1900x600_BB.png\",\"contentUrl\":\"https:\\\/\\\/www.revistarambla.com\\\/wp-content\\\/uploads\\\/2020\\\/09\\\/banner_rambla_1900x600_BB.png\",\"width\":1900,\"height\":600,\"caption\":\"Revista Rambla\"},\"image\":{\"@id\":\"https:\\\/\\\/www.revistarambla.com\\\/#\\\/schema\\\/logo\\\/image\\\/\"},\"sameAs\":[\"https:\\\/\\\/www.facebook.com\\\/revistarambla\\\/\",\"https:\\\/\\\/x.com\\\/revistarambla\",\"https:\\\/\\\/www.instagram.com\\\/revista_rambla\",\"https:\\\/\\\/es.linkedin.com\\\/company\\\/revista-rambla\"]},{\"@type\":\"Person\",\"@id\":\"https:\\\/\\\/www.revistarambla.com\\\/#\\\/schema\\\/person\\\/a146a5a2550b94981a75131180e1bd9c\",\"name\":\"R@mbla\",\"description\":\"Este art\u00edculo ha sido redactado y\\\/o validado por el equipo de redacci\u00f3n de Revista Rambla.\",\"sameAs\":[\"https:\\\/\\\/www.revistarambla.com\\\/\",\"https:\\\/\\\/www.facebook.com\\\/revistarambla\",\"https:\\\/\\\/x.com\\\/revistarambla\"]}]}<\/script>\n<!-- \/ Yoast SEO plugin. -->","yoast_head_json":{"title":"Carlos Fabra: la bendita condena del abuelito del aeropuerto - Revista Rambla","description":"Bendita es entre todas las condenas la que le ha ca\u00eddo a don Carlos Fabra. Cuatro a\u00f1itos de c\u00e1rcel que saben como agua de mayo.","robots":{"index":"index","follow":"follow","max-snippet":"max-snippet:-1","max-image-preview":"max-image-preview:large","max-video-preview":"max-video-preview:-1"},"canonical":"https:\/\/www.revistarambla.com\/en\/la-bendita-condena-del-abuelito-del-aeropuerto\/","og_locale":"en_GB","og_type":"article","og_title":"Carlos Fabra: la bendita condena del abuelito del aeropuerto - Revista Rambla","og_description":"Bendita es entre todas las condenas la que le ha ca\u00eddo a don Carlos Fabra. Cuatro a\u00f1itos de c\u00e1rcel que saben como agua de mayo.","og_url":"https:\/\/www.revistarambla.com\/en\/la-bendita-condena-del-abuelito-del-aeropuerto\/","og_site_name":"Revista Rambla","article_publisher":"https:\/\/www.facebook.com\/revistarambla\/","article_author":"https:\/\/www.facebook.com\/revistarambla","article_published_time":"2013-11-27T06:40:55+00:00","article_modified_time":"2024-05-12T16:01:03+00:00","og_image":[{"width":700,"height":292,"url":"https:\/\/www.revistarambla.com\/wp-content\/uploads\/2013\/11\/Fabra_rambla_02.jpg","type":"image\/jpeg"}],"author":"R@mbla","twitter_card":"summary_large_image","twitter_creator":"@revistarambla","twitter_site":"@revistarambla","twitter_misc":{"Written by":"R@mbla","Estimated reading time":"4 minutes"},"schema":{"@context":"https:\/\/schema.org","@graph":[{"@type":"Article","@id":"https:\/\/www.revistarambla.com\/la-bendita-condena-del-abuelito-del-aeropuerto\/#article","isPartOf":{"@id":"https:\/\/www.revistarambla.com\/la-bendita-condena-del-abuelito-del-aeropuerto\/"},"author":{"name":"R@mbla","@id":"https:\/\/www.revistarambla.com\/#\/schema\/person\/a146a5a2550b94981a75131180e1bd9c"},"headline":"Carlos Fabra: la bendita condena del abuelito del aeropuerto","datePublished":"2013-11-27T06:40:55+00:00","dateModified":"2024-05-12T16:01:03+00:00","mainEntityOfPage":{"@id":"https:\/\/www.revistarambla.com\/la-bendita-condena-del-abuelito-del-aeropuerto\/"},"wordCount":773,"commentCount":0,"publisher":{"@id":"https:\/\/www.revistarambla.com\/#organization"},"image":{"@id":"https:\/\/www.revistarambla.com\/la-bendita-condena-del-abuelito-del-aeropuerto\/#primaryimage"},"thumbnailUrl":"https:\/\/www.revistarambla.com\/wp-content\/uploads\/2013\/11\/Fabra_rambla_02.jpg","articleSection":["Opiniones"],"inLanguage":"en-GB","potentialAction":[{"@type":"CommentAction","name":"Comment","target":["https:\/\/www.revistarambla.com\/la-bendita-condena-del-abuelito-del-aeropuerto\/#respond"]}]},{"@type":"WebPage","@id":"https:\/\/www.revistarambla.com\/la-bendita-condena-del-abuelito-del-aeropuerto\/","url":"https:\/\/www.revistarambla.com\/la-bendita-condena-del-abuelito-del-aeropuerto\/","name":"Carlos Fabra: la bendita condena del abuelito del aeropuerto - Revista Rambla","isPartOf":{"@id":"https:\/\/www.revistarambla.com\/#website"},"primaryImageOfPage":{"@id":"https:\/\/www.revistarambla.com\/la-bendita-condena-del-abuelito-del-aeropuerto\/#primaryimage"},"image":{"@id":"https:\/\/www.revistarambla.com\/la-bendita-condena-del-abuelito-del-aeropuerto\/#primaryimage"},"thumbnailUrl":"https:\/\/www.revistarambla.com\/wp-content\/uploads\/2013\/11\/Fabra_rambla_02.jpg","datePublished":"2013-11-27T06:40:55+00:00","dateModified":"2024-05-12T16:01:03+00:00","description":"Bendita es entre todas las condenas la que le ha ca\u00eddo a don Carlos Fabra. Cuatro a\u00f1itos de c\u00e1rcel que saben como agua de mayo.","breadcrumb":{"@id":"https:\/\/www.revistarambla.com\/la-bendita-condena-del-abuelito-del-aeropuerto\/#breadcrumb"},"inLanguage":"en-GB","potentialAction":[{"@type":"ReadAction","target":["https:\/\/www.revistarambla.com\/la-bendita-condena-del-abuelito-del-aeropuerto\/"]}]},{"@type":"ImageObject","inLanguage":"en-GB","@id":"https:\/\/www.revistarambla.com\/la-bendita-condena-del-abuelito-del-aeropuerto\/#primaryimage","url":"https:\/\/www.revistarambla.com\/wp-content\/uploads\/2013\/11\/Fabra_rambla_02.jpg","contentUrl":"https:\/\/www.revistarambla.com\/wp-content\/uploads\/2013\/11\/Fabra_rambla_02.jpg","width":700,"height":292,"caption":"carlos fabra"},{"@type":"BreadcrumbList","@id":"https:\/\/www.revistarambla.com\/la-bendita-condena-del-abuelito-del-aeropuerto\/#breadcrumb","itemListElement":[{"@type":"ListItem","position":1,"name":"Portada","item":"https:\/\/www.revistarambla.com\/"},{"@type":"ListItem","position":2,"name":"Carlos Fabra: la bendita condena del abuelito del aeropuerto"}]},{"@type":"WebSite","@id":"https:\/\/www.revistarambla.com\/#website","url":"https:\/\/www.revistarambla.com\/","name":"Revista Rambla Barcelona","description":"Periodismo independiente","publisher":{"@id":"https:\/\/www.revistarambla.com\/#organization"},"potentialAction":[{"@type":"SearchAction","target":{"@type":"EntryPoint","urlTemplate":"https:\/\/www.revistarambla.com\/?s={search_term_string}"},"query-input":{"@type":"PropertyValueSpecification","valueRequired":true,"valueName":"search_term_string"}}],"inLanguage":"en-GB"},{"@type":"Organization","@id":"https:\/\/www.revistarambla.com\/#organization","name":"Revista Rambla","url":"https:\/\/www.revistarambla.com\/","logo":{"@type":"ImageObject","inLanguage":"en-GB","@id":"https:\/\/www.revistarambla.com\/#\/schema\/logo\/image\/","url":"https:\/\/www.revistarambla.com\/wp-content\/uploads\/2020\/09\/banner_rambla_1900x600_BB.png","contentUrl":"https:\/\/www.revistarambla.com\/wp-content\/uploads\/2020\/09\/banner_rambla_1900x600_BB.png","width":1900,"height":600,"caption":"Revista Rambla"},"image":{"@id":"https:\/\/www.revistarambla.com\/#\/schema\/logo\/image\/"},"sameAs":["https:\/\/www.facebook.com\/revistarambla\/","https:\/\/x.com\/revistarambla","https:\/\/www.instagram.com\/revista_rambla","https:\/\/es.linkedin.com\/company\/revista-rambla"]},{"@type":"Person","@id":"https:\/\/www.revistarambla.com\/#\/schema\/person\/a146a5a2550b94981a75131180e1bd9c","name":"R@mbla","description":"Este art\u00edculo ha sido redactado y\/o validado por el equipo de redacci\u00f3n de Revista Rambla.","sameAs":["https:\/\/www.revistarambla.com\/","https:\/\/www.facebook.com\/revistarambla","https:\/\/x.com\/revistarambla"]}]}},"_links":{"self":[{"href":"https:\/\/www.revistarambla.com\/en\/wp-json\/wp\/v2\/posts\/4351","targetHints":{"allow":["GET"]}}],"collection":[{"href":"https:\/\/www.revistarambla.com\/en\/wp-json\/wp\/v2\/posts"}],"about":[{"href":"https:\/\/www.revistarambla.com\/en\/wp-json\/wp\/v2\/types\/post"}],"author":[{"embeddable":true,"href":"https:\/\/www.revistarambla.com\/en\/wp-json\/wp\/v2\/users\/3"}],"replies":[{"embeddable":true,"href":"https:\/\/www.revistarambla.com\/en\/wp-json\/wp\/v2\/comments?post=4351"}],"version-history":[{"count":2,"href":"https:\/\/www.revistarambla.com\/en\/wp-json\/wp\/v2\/posts\/4351\/revisions"}],"predecessor-version":[{"id":60232,"href":"https:\/\/www.revistarambla.com\/en\/wp-json\/wp\/v2\/posts\/4351\/revisions\/60232"}],"wp:featuredmedia":[{"embeddable":true,"href":"https:\/\/www.revistarambla.com\/en\/wp-json\/wp\/v2\/media\/4349"}],"wp:attachment":[{"href":"https:\/\/www.revistarambla.com\/en\/wp-json\/wp\/v2\/media?parent=4351"}],"wp:term":[{"taxonomy":"category","embeddable":true,"href":"https:\/\/www.revistarambla.com\/en\/wp-json\/wp\/v2\/categories?post=4351"},{"taxonomy":"post_tag","embeddable":true,"href":"https:\/\/www.revistarambla.com\/en\/wp-json\/wp\/v2\/tags?post=4351"}],"curies":[{"name":"wp","href":"https:\/\/api.w.org\/{rel}","templated":true}]}}