{"id":4346,"date":"2013-11-26T15:00:09","date_gmt":"2013-11-26T15:00:09","guid":{"rendered":"https:\/\/www.revistarambla.com\/contra-la-violencia-machista-y-su-coctel-de-mitos-y-miedos\/"},"modified":"2024-05-12T17:54:11","modified_gmt":"2024-05-12T15:54:11","slug":"contra-la-violencia-machista-y-su-coctel-de-mitos-y-miedos","status":"publish","type":"post","link":"https:\/\/www.revistarambla.com\/en\/contra-la-violencia-machista-y-su-coctel-de-mitos-y-miedos\/","title":{"rendered":"Barcelona contra la violencia machista y su c\u00f3ctel de mitos y miedos"},"content":{"rendered":"<p>\u201cEstamos en una <a href=\"https:\/\/www.revistarambla.com\/en\/el-patriarcado-y-nosotros-los-hombres\/\">cultura patriarcal<\/a>. Formalmente, podemos ser m\u00e1s o menos iguales, pero en las relaciones \u00edntimas todav\u00eda hay una parte en la que se produce violencia. Debemos desmontar mitos y miedos\u201d contra la violencia machista. As\u00ed se expresa Laia Rosich, psic\u00f3loga y codirectora de la ONG El Safareig, en el acto reivindicativo del D\u00eda Internacional de la No Violencia Contra las Mujeres convocado por diferentes entidades sociales y <a href=\"https:\/\/www.revistarambla.com\/en\/jornadas-de-partidos-feministas-esclusion-de-los-partidos-feministas-de-espana\/\">feministas<\/a> en <a href=\"https:\/\/www.revistarambla.com\/en\/actualidad\/barcelona\/\">Barcelona<\/a>.<\/p>\n<h2>Marcha contra la violencia machista<\/h2>\n<p>Desde Canaletes, centenares de personas han bajado la Rambla hasta la Pla\u00e7a Reial, donde una bailarina ha realizado una performance simb\u00f3lica. La protesta ha finalizado en la Pla\u00e7a Sant Jaume, con la lectura de un manifiesto. Sus ejes, el rechazo a la violencia machista, la libertad de cada mujer de decidir sobre su cuerpo y su vida, la denuncia de la cultura del miedo y, especialmente, la exigencia de destinar m\u00e1s recursos a las <a href=\"https:\/\/www.revistarambla.com\/en\/cortar-de-raiz-la-violencia-machista\/\">v\u00edctimas<\/a> por parte de los gobiernos.<\/p>\n<p>\u201cSin la mujer no hay revoluci\u00f3n\u201d, \u201cSexual, econ\u00f3mica o institucional, es violencia igual\u201d o \u201cRevoluci\u00f3n es nombre de mujer\u201d han sido alguno de los c\u00e1nticos m\u00e1s recurrentes. En un lienzo morado, algunos datos para la reflexi\u00f3n: a nivel estatal se conceden el 62% de las \u00f3rdenes de protecci\u00f3n solicitadas e incoadas en los juzgados de violencia sobre la mujer y los <a href=\"https:\/\/www.revistarambla.com\/en\/el-pp-solo-acepta-tres-enmiendas-a-los-presupuestos-de-2014\/\">presupuestos<\/a> generales del Estado para el 2014 han recortado un 39% la prevenci\u00f3n en este \u00e1mbito. En el informe del pasado a\u00f1o del Observatorio de Violencia Dom\u00e9stica y de G\u00e9nero, adscrito al Consejo General del Poder Judicial, se constata que de las 33.814 denuncias por violencia de g\u00e9nero presentadas en el tercer trimestre del 2012 (una media de 367 al d\u00eda), 11.013 terminaron en sentencia y seis de cada diez fueron condenatorias. Por tribunales, un 81,4% fueron condenatorias en las Audiencias Provinciales, un 79% en los Juzgados de Violencia sobre la Mujer y s\u00f3lo un 49,4% en los Juzgados de lo Penal.<\/p>\n<p>Rosich tambi\u00e9n ha advertido de la notoria desigualdad en los sueldos o en la cuota femenina en consejos de administraci\u00f3n y recuerda que en el 2013 la cifra de mujeres fallecidas por violencia de g\u00e9nero se eleva a 50 (700 en la \u00faltima d\u00e9cada en el <a href=\"https:\/\/www.revistarambla.com\/en\/actualidad\/estado-espanol\/\">Estado espa\u00f1ol<\/a>). \u201cLo que hoy reivindicamos es un d\u00eda libre de violencia\u201d. Tan sencillo como dif\u00edcil de conseguir.<\/p>","protected":false},"excerpt":{"rendered":"<p>\u201cEstamos en una cultura patriarcal. Formalmente, podemos ser m\u00e1s o menos iguales, pero en las relaciones \u00edntimas todav\u00eda hay una parte en la que se produce violencia. Debemos desmontar mitos y miedos\u201d contra la violencia machista. As\u00ed se expresa Laia Rosich, psic\u00f3loga y codirectora de la ONG El Safareig, en [&hellip;]<\/p>\n","protected":false},"author":3,"featured_media":4344,"comment_status":"open","ping_status":"open","sticky":false,"template":"","format":"standard","meta":{"footnotes":""},"categories":[76],"tags":[],"class_list":["post-4346","post","type-post","status-publish","format-standard","has-post-thumbnail","hentry","category-barcelona"],"yoast_head":"<!-- This site is optimized with the Yoast SEO plugin v27.5 - https:\/\/yoast.com\/product\/yoast-seo-wordpress\/ -->\n<title>Barcelona contra la violencia machista - Revista Rambla<\/title>\n<meta name=\"description\" content=\"Debemos desmontar mitos y miedos contra la violencia machista. As\u00ed se expresa Laia Rosich, psic\u00f3loga y codirectora de la ONG El Safareig.\" \/>\n<meta name=\"robots\" content=\"index, follow, max-snippet:-1, max-image-preview:large, max-video-preview:-1\" \/>\n<link rel=\"canonical\" href=\"https:\/\/www.revistarambla.com\/en\/contra-la-violencia-machista-y-su-coctel-de-mitos-y-miedos\/\" \/>\n<meta property=\"og:locale\" content=\"en_GB\" \/>\n<meta property=\"og:type\" content=\"article\" \/>\n<meta property=\"og:title\" content=\"Barcelona contra la violencia machista - Revista Rambla\" \/>\n<meta property=\"og:description\" content=\"Debemos desmontar mitos y miedos contra la violencia machista. As\u00ed se expresa Laia Rosich, psic\u00f3loga y codirectora de la ONG El Safareig.\" \/>\n<meta property=\"og:url\" content=\"https:\/\/www.revistarambla.com\/en\/contra-la-violencia-machista-y-su-coctel-de-mitos-y-miedos\/\" \/>\n<meta property=\"og:site_name\" content=\"Revista Rambla\" \/>\n<meta property=\"article:publisher\" content=\"https:\/\/www.facebook.com\/revistarambla\/\" \/>\n<meta property=\"article:author\" content=\"https:\/\/www.facebook.com\/revistarambla\" \/>\n<meta property=\"article:published_time\" content=\"2013-11-26T15:00:09+00:00\" \/>\n<meta property=\"article:modified_time\" content=\"2024-05-12T15:54:11+00:00\" \/>\n<meta property=\"og:image\" content=\"https:\/\/www.revistarambla.com\/wp-content\/uploads\/2013\/11\/mujeres_rambla_02.jpg\" \/>\n\t<meta property=\"og:image:width\" content=\"700\" \/>\n\t<meta property=\"og:image:height\" content=\"329\" \/>\n\t<meta property=\"og:image:type\" content=\"image\/jpeg\" \/>\n<meta name=\"author\" content=\"R@mbla\" \/>\n<meta name=\"twitter:card\" content=\"summary_large_image\" \/>\n<meta name=\"twitter:creator\" content=\"@revistarambla\" \/>\n<meta name=\"twitter:site\" content=\"@revistarambla\" \/>\n<meta name=\"twitter:label1\" content=\"Written by\" \/>\n\t<meta name=\"twitter:data1\" content=\"R@mbla\" \/>\n\t<meta name=\"twitter:label2\" content=\"Estimated reading time\" \/>\n\t<meta name=\"twitter:data2\" content=\"2 minutes\" \/>\n<script type=\"application\/ld+json\" class=\"yoast-schema-graph\">{\"@context\":\"https:\\\/\\\/schema.org\",\"@graph\":[{\"@type\":\"Article\",\"@id\":\"https:\\\/\\\/www.revistarambla.com\\\/contra-la-violencia-machista-y-su-coctel-de-mitos-y-miedos\\\/#article\",\"isPartOf\":{\"@id\":\"https:\\\/\\\/www.revistarambla.com\\\/contra-la-violencia-machista-y-su-coctel-de-mitos-y-miedos\\\/\"},\"author\":{\"name\":\"R@mbla\",\"@id\":\"https:\\\/\\\/www.revistarambla.com\\\/#\\\/schema\\\/person\\\/a146a5a2550b94981a75131180e1bd9c\"},\"headline\":\"Barcelona contra la violencia machista y su c\u00f3ctel de mitos y miedos\",\"datePublished\":\"2013-11-26T15:00:09+00:00\",\"dateModified\":\"2024-05-12T15:54:11+00:00\",\"mainEntityOfPage\":{\"@id\":\"https:\\\/\\\/www.revistarambla.com\\\/contra-la-violencia-machista-y-su-coctel-de-mitos-y-miedos\\\/\"},\"wordCount\":414,\"commentCount\":0,\"publisher\":{\"@id\":\"https:\\\/\\\/www.revistarambla.com\\\/#organization\"},\"image\":{\"@id\":\"https:\\\/\\\/www.revistarambla.com\\\/contra-la-violencia-machista-y-su-coctel-de-mitos-y-miedos\\\/#primaryimage\"},\"thumbnailUrl\":\"https:\\\/\\\/www.revistarambla.com\\\/wp-content\\\/uploads\\\/2013\\\/11\\\/mujeres_rambla_02.jpg\",\"articleSection\":[\"Barcelona\"],\"inLanguage\":\"en-GB\",\"potentialAction\":[{\"@type\":\"CommentAction\",\"name\":\"Comment\",\"target\":[\"https:\\\/\\\/www.revistarambla.com\\\/contra-la-violencia-machista-y-su-coctel-de-mitos-y-miedos\\\/#respond\"]}]},{\"@type\":\"WebPage\",\"@id\":\"https:\\\/\\\/www.revistarambla.com\\\/contra-la-violencia-machista-y-su-coctel-de-mitos-y-miedos\\\/\",\"url\":\"https:\\\/\\\/www.revistarambla.com\\\/contra-la-violencia-machista-y-su-coctel-de-mitos-y-miedos\\\/\",\"name\":\"Barcelona contra la violencia machista - Revista Rambla\",\"isPartOf\":{\"@id\":\"https:\\\/\\\/www.revistarambla.com\\\/#website\"},\"primaryImageOfPage\":{\"@id\":\"https:\\\/\\\/www.revistarambla.com\\\/contra-la-violencia-machista-y-su-coctel-de-mitos-y-miedos\\\/#primaryimage\"},\"image\":{\"@id\":\"https:\\\/\\\/www.revistarambla.com\\\/contra-la-violencia-machista-y-su-coctel-de-mitos-y-miedos\\\/#primaryimage\"},\"thumbnailUrl\":\"https:\\\/\\\/www.revistarambla.com\\\/wp-content\\\/uploads\\\/2013\\\/11\\\/mujeres_rambla_02.jpg\",\"datePublished\":\"2013-11-26T15:00:09+00:00\",\"dateModified\":\"2024-05-12T15:54:11+00:00\",\"description\":\"Debemos desmontar mitos y miedos contra la violencia machista. As\u00ed se expresa Laia Rosich, psic\u00f3loga y codirectora de la ONG El Safareig.\",\"breadcrumb\":{\"@id\":\"https:\\\/\\\/www.revistarambla.com\\\/contra-la-violencia-machista-y-su-coctel-de-mitos-y-miedos\\\/#breadcrumb\"},\"inLanguage\":\"en-GB\",\"potentialAction\":[{\"@type\":\"ReadAction\",\"target\":[\"https:\\\/\\\/www.revistarambla.com\\\/contra-la-violencia-machista-y-su-coctel-de-mitos-y-miedos\\\/\"]}]},{\"@type\":\"ImageObject\",\"inLanguage\":\"en-GB\",\"@id\":\"https:\\\/\\\/www.revistarambla.com\\\/contra-la-violencia-machista-y-su-coctel-de-mitos-y-miedos\\\/#primaryimage\",\"url\":\"https:\\\/\\\/www.revistarambla.com\\\/wp-content\\\/uploads\\\/2013\\\/11\\\/mujeres_rambla_02.jpg\",\"contentUrl\":\"https:\\\/\\\/www.revistarambla.com\\\/wp-content\\\/uploads\\\/2013\\\/11\\\/mujeres_rambla_02.jpg\",\"width\":700,\"height\":329,\"caption\":\"Marcha en Barcelona contra la violencia machista\"},{\"@type\":\"BreadcrumbList\",\"@id\":\"https:\\\/\\\/www.revistarambla.com\\\/contra-la-violencia-machista-y-su-coctel-de-mitos-y-miedos\\\/#breadcrumb\",\"itemListElement\":[{\"@type\":\"ListItem\",\"position\":1,\"name\":\"Portada\",\"item\":\"https:\\\/\\\/www.revistarambla.com\\\/\"},{\"@type\":\"ListItem\",\"position\":2,\"name\":\"Barcelona contra la violencia machista y su c\u00f3ctel de mitos y miedos\"}]},{\"@type\":\"WebSite\",\"@id\":\"https:\\\/\\\/www.revistarambla.com\\\/#website\",\"url\":\"https:\\\/\\\/www.revistarambla.com\\\/\",\"name\":\"Revista Rambla Barcelona\",\"description\":\"Periodismo independiente\",\"publisher\":{\"@id\":\"https:\\\/\\\/www.revistarambla.com\\\/#organization\"},\"potentialAction\":[{\"@type\":\"SearchAction\",\"target\":{\"@type\":\"EntryPoint\",\"urlTemplate\":\"https:\\\/\\\/www.revistarambla.com\\\/?s={search_term_string}\"},\"query-input\":{\"@type\":\"PropertyValueSpecification\",\"valueRequired\":true,\"valueName\":\"search_term_string\"}}],\"inLanguage\":\"en-GB\"},{\"@type\":\"Organization\",\"@id\":\"https:\\\/\\\/www.revistarambla.com\\\/#organization\",\"name\":\"Revista Rambla\",\"url\":\"https:\\\/\\\/www.revistarambla.com\\\/\",\"logo\":{\"@type\":\"ImageObject\",\"inLanguage\":\"en-GB\",\"@id\":\"https:\\\/\\\/www.revistarambla.com\\\/#\\\/schema\\\/logo\\\/image\\\/\",\"url\":\"https:\\\/\\\/www.revistarambla.com\\\/wp-content\\\/uploads\\\/2020\\\/09\\\/banner_rambla_1900x600_BB.png\",\"contentUrl\":\"https:\\\/\\\/www.revistarambla.com\\\/wp-content\\\/uploads\\\/2020\\\/09\\\/banner_rambla_1900x600_BB.png\",\"width\":1900,\"height\":600,\"caption\":\"Revista Rambla\"},\"image\":{\"@id\":\"https:\\\/\\\/www.revistarambla.com\\\/#\\\/schema\\\/logo\\\/image\\\/\"},\"sameAs\":[\"https:\\\/\\\/www.facebook.com\\\/revistarambla\\\/\",\"https:\\\/\\\/x.com\\\/revistarambla\",\"https:\\\/\\\/www.instagram.com\\\/revista_rambla\",\"https:\\\/\\\/es.linkedin.com\\\/company\\\/revista-rambla\"]},{\"@type\":\"Person\",\"@id\":\"https:\\\/\\\/www.revistarambla.com\\\/#\\\/schema\\\/person\\\/a146a5a2550b94981a75131180e1bd9c\",\"name\":\"R@mbla\",\"description\":\"Este art\u00edculo ha sido redactado y\\\/o validado por el equipo de redacci\u00f3n de Revista Rambla.\",\"sameAs\":[\"https:\\\/\\\/www.revistarambla.com\\\/\",\"https:\\\/\\\/www.facebook.com\\\/revistarambla\",\"https:\\\/\\\/x.com\\\/revistarambla\"]}]}<\/script>\n<!-- \/ Yoast SEO plugin. -->","yoast_head_json":{"title":"Barcelona contra la violencia machista - Revista Rambla","description":"Debemos desmontar mitos y miedos contra la violencia machista. As\u00ed se expresa Laia Rosich, psic\u00f3loga y codirectora de la ONG El Safareig.","robots":{"index":"index","follow":"follow","max-snippet":"max-snippet:-1","max-image-preview":"max-image-preview:large","max-video-preview":"max-video-preview:-1"},"canonical":"https:\/\/www.revistarambla.com\/en\/contra-la-violencia-machista-y-su-coctel-de-mitos-y-miedos\/","og_locale":"en_GB","og_type":"article","og_title":"Barcelona contra la violencia machista - Revista Rambla","og_description":"Debemos desmontar mitos y miedos contra la violencia machista. As\u00ed se expresa Laia Rosich, psic\u00f3loga y codirectora de la ONG El Safareig.","og_url":"https:\/\/www.revistarambla.com\/en\/contra-la-violencia-machista-y-su-coctel-de-mitos-y-miedos\/","og_site_name":"Revista Rambla","article_publisher":"https:\/\/www.facebook.com\/revistarambla\/","article_author":"https:\/\/www.facebook.com\/revistarambla","article_published_time":"2013-11-26T15:00:09+00:00","article_modified_time":"2024-05-12T15:54:11+00:00","og_image":[{"width":700,"height":329,"url":"https:\/\/www.revistarambla.com\/wp-content\/uploads\/2013\/11\/mujeres_rambla_02.jpg","type":"image\/jpeg"}],"author":"R@mbla","twitter_card":"summary_large_image","twitter_creator":"@revistarambla","twitter_site":"@revistarambla","twitter_misc":{"Written by":"R@mbla","Estimated reading time":"2 minutes"},"schema":{"@context":"https:\/\/schema.org","@graph":[{"@type":"Article","@id":"https:\/\/www.revistarambla.com\/contra-la-violencia-machista-y-su-coctel-de-mitos-y-miedos\/#article","isPartOf":{"@id":"https:\/\/www.revistarambla.com\/contra-la-violencia-machista-y-su-coctel-de-mitos-y-miedos\/"},"author":{"name":"R@mbla","@id":"https:\/\/www.revistarambla.com\/#\/schema\/person\/a146a5a2550b94981a75131180e1bd9c"},"headline":"Barcelona contra la violencia machista y su c\u00f3ctel de mitos y miedos","datePublished":"2013-11-26T15:00:09+00:00","dateModified":"2024-05-12T15:54:11+00:00","mainEntityOfPage":{"@id":"https:\/\/www.revistarambla.com\/contra-la-violencia-machista-y-su-coctel-de-mitos-y-miedos\/"},"wordCount":414,"commentCount":0,"publisher":{"@id":"https:\/\/www.revistarambla.com\/#organization"},"image":{"@id":"https:\/\/www.revistarambla.com\/contra-la-violencia-machista-y-su-coctel-de-mitos-y-miedos\/#primaryimage"},"thumbnailUrl":"https:\/\/www.revistarambla.com\/wp-content\/uploads\/2013\/11\/mujeres_rambla_02.jpg","articleSection":["Barcelona"],"inLanguage":"en-GB","potentialAction":[{"@type":"CommentAction","name":"Comment","target":["https:\/\/www.revistarambla.com\/contra-la-violencia-machista-y-su-coctel-de-mitos-y-miedos\/#respond"]}]},{"@type":"WebPage","@id":"https:\/\/www.revistarambla.com\/contra-la-violencia-machista-y-su-coctel-de-mitos-y-miedos\/","url":"https:\/\/www.revistarambla.com\/contra-la-violencia-machista-y-su-coctel-de-mitos-y-miedos\/","name":"Barcelona contra la violencia machista - Revista Rambla","isPartOf":{"@id":"https:\/\/www.revistarambla.com\/#website"},"primaryImageOfPage":{"@id":"https:\/\/www.revistarambla.com\/contra-la-violencia-machista-y-su-coctel-de-mitos-y-miedos\/#primaryimage"},"image":{"@id":"https:\/\/www.revistarambla.com\/contra-la-violencia-machista-y-su-coctel-de-mitos-y-miedos\/#primaryimage"},"thumbnailUrl":"https:\/\/www.revistarambla.com\/wp-content\/uploads\/2013\/11\/mujeres_rambla_02.jpg","datePublished":"2013-11-26T15:00:09+00:00","dateModified":"2024-05-12T15:54:11+00:00","description":"Debemos desmontar mitos y miedos contra la violencia machista. As\u00ed se expresa Laia Rosich, psic\u00f3loga y codirectora de la ONG El Safareig.","breadcrumb":{"@id":"https:\/\/www.revistarambla.com\/contra-la-violencia-machista-y-su-coctel-de-mitos-y-miedos\/#breadcrumb"},"inLanguage":"en-GB","potentialAction":[{"@type":"ReadAction","target":["https:\/\/www.revistarambla.com\/contra-la-violencia-machista-y-su-coctel-de-mitos-y-miedos\/"]}]},{"@type":"ImageObject","inLanguage":"en-GB","@id":"https:\/\/www.revistarambla.com\/contra-la-violencia-machista-y-su-coctel-de-mitos-y-miedos\/#primaryimage","url":"https:\/\/www.revistarambla.com\/wp-content\/uploads\/2013\/11\/mujeres_rambla_02.jpg","contentUrl":"https:\/\/www.revistarambla.com\/wp-content\/uploads\/2013\/11\/mujeres_rambla_02.jpg","width":700,"height":329,"caption":"Marcha en Barcelona contra la violencia machista"},{"@type":"BreadcrumbList","@id":"https:\/\/www.revistarambla.com\/contra-la-violencia-machista-y-su-coctel-de-mitos-y-miedos\/#breadcrumb","itemListElement":[{"@type":"ListItem","position":1,"name":"Portada","item":"https:\/\/www.revistarambla.com\/"},{"@type":"ListItem","position":2,"name":"Barcelona contra la violencia machista y su c\u00f3ctel de mitos y miedos"}]},{"@type":"WebSite","@id":"https:\/\/www.revistarambla.com\/#website","url":"https:\/\/www.revistarambla.com\/","name":"Revista Rambla Barcelona","description":"Periodismo independiente","publisher":{"@id":"https:\/\/www.revistarambla.com\/#organization"},"potentialAction":[{"@type":"SearchAction","target":{"@type":"EntryPoint","urlTemplate":"https:\/\/www.revistarambla.com\/?s={search_term_string}"},"query-input":{"@type":"PropertyValueSpecification","valueRequired":true,"valueName":"search_term_string"}}],"inLanguage":"en-GB"},{"@type":"Organization","@id":"https:\/\/www.revistarambla.com\/#organization","name":"Revista Rambla","url":"https:\/\/www.revistarambla.com\/","logo":{"@type":"ImageObject","inLanguage":"en-GB","@id":"https:\/\/www.revistarambla.com\/#\/schema\/logo\/image\/","url":"https:\/\/www.revistarambla.com\/wp-content\/uploads\/2020\/09\/banner_rambla_1900x600_BB.png","contentUrl":"https:\/\/www.revistarambla.com\/wp-content\/uploads\/2020\/09\/banner_rambla_1900x600_BB.png","width":1900,"height":600,"caption":"Revista Rambla"},"image":{"@id":"https:\/\/www.revistarambla.com\/#\/schema\/logo\/image\/"},"sameAs":["https:\/\/www.facebook.com\/revistarambla\/","https:\/\/x.com\/revistarambla","https:\/\/www.instagram.com\/revista_rambla","https:\/\/es.linkedin.com\/company\/revista-rambla"]},{"@type":"Person","@id":"https:\/\/www.revistarambla.com\/#\/schema\/person\/a146a5a2550b94981a75131180e1bd9c","name":"R@mbla","description":"Este art\u00edculo ha sido redactado y\/o validado por el equipo de redacci\u00f3n de Revista Rambla.","sameAs":["https:\/\/www.revistarambla.com\/","https:\/\/www.facebook.com\/revistarambla","https:\/\/x.com\/revistarambla"]}]}},"_links":{"self":[{"href":"https:\/\/www.revistarambla.com\/en\/wp-json\/wp\/v2\/posts\/4346","targetHints":{"allow":["GET"]}}],"collection":[{"href":"https:\/\/www.revistarambla.com\/en\/wp-json\/wp\/v2\/posts"}],"about":[{"href":"https:\/\/www.revistarambla.com\/en\/wp-json\/wp\/v2\/types\/post"}],"author":[{"embeddable":true,"href":"https:\/\/www.revistarambla.com\/en\/wp-json\/wp\/v2\/users\/3"}],"replies":[{"embeddable":true,"href":"https:\/\/www.revistarambla.com\/en\/wp-json\/wp\/v2\/comments?post=4346"}],"version-history":[{"count":3,"href":"https:\/\/www.revistarambla.com\/en\/wp-json\/wp\/v2\/posts\/4346\/revisions"}],"predecessor-version":[{"id":60230,"href":"https:\/\/www.revistarambla.com\/en\/wp-json\/wp\/v2\/posts\/4346\/revisions\/60230"}],"wp:featuredmedia":[{"embeddable":true,"href":"https:\/\/www.revistarambla.com\/en\/wp-json\/wp\/v2\/media\/4344"}],"wp:attachment":[{"href":"https:\/\/www.revistarambla.com\/en\/wp-json\/wp\/v2\/media?parent=4346"}],"wp:term":[{"taxonomy":"category","embeddable":true,"href":"https:\/\/www.revistarambla.com\/en\/wp-json\/wp\/v2\/categories?post=4346"},{"taxonomy":"post_tag","embeddable":true,"href":"https:\/\/www.revistarambla.com\/en\/wp-json\/wp\/v2\/tags?post=4346"}],"curies":[{"name":"wp","href":"https:\/\/api.w.org\/{rel}","templated":true}]}}