{"id":4341,"date":"2013-11-26T14:39:08","date_gmt":"2013-11-26T14:39:08","guid":{"rendered":"https:\/\/www.revistarambla.com\/esquerra-aparca-la-cuestion-social-para-despues-de-la-independencia\/"},"modified":"2021-12-27T16:44:58","modified_gmt":"2021-12-27T15:44:58","slug":"esquerra-aparca-la-cuestion-social-para-despues-de-la-independencia","status":"publish","type":"post","link":"https:\/\/www.revistarambla.com\/en\/esquerra-aparca-la-cuestion-social-para-despues-de-la-independencia\/","title":{"rendered":"Esquerra aparca la cuesti\u00f3n social para despu\u00e9s de la independencia"},"content":{"rendered":"<p><img decoding=\"async\" class=\"aligncenter\" src=\"https:\/\/www.revistarambla.com\/wp-content\/uploads\/2013\/11\/erc_rambla_01.jpg\" alt=\"alt\" width=\"682\" height=\"450\" \/><\/p>\n<p>Esquerra considera que sin ser un estado independiente no se pueden hacer otro tipo de presupuestos m\u00e1s favorables a cuestiones sociales. As\u00ed, al menos, respondi\u00f3 la portavoz de ERC, Anna Sim\u00f3, a las cr\u00edticas de PSC e ICV-EUiA por la ausencia de ERC en la manifestaci\u00f3n contra los recortes y por su apoyo a las cuentas de la Generalitat para el pr\u00f3ximo a\u00f1o. Sim\u00f3 pidi\u00f3 a sus, formalmente, compa\u00f1eros de oposici\u00f3n, si \u00abcreen honestamente que sin la independencia es posible hacer otro tipo de presupuestos\u00bb.<\/p>\n<p>En rueda de prensa celebrada en la sede de la formaci\u00f3n, Sim\u00f3 a\u00f1adi\u00f3 que Esquerra \u201cescuchar\u00eda de manera muy atenta\u201d a PSC e Iniciativa si estos presentaban \u201cuna alternativa mejor para el incremento de ingresos\u201d y pidi\u00f3 a los dos grandes partidos de izquierda de Catalunya que \u00abreflexionen sobre qu\u00e9 marco pol\u00edtico creen que necesita Catalunya para hacer unos presupuestos diferentes a los de 2014\u00bb, en referencia a las posturas de socialistas y ecosocialistas sobre el derecho a decidir y la soberan\u00eda.<\/p>\n<p>Sim\u00f3 calific\u00f3 las cuentas p\u00fablicas para el 2014 como \u201cunos presupuestos de resistencia\u201d, y se mantuvo en el gui\u00f3n habitual de Esquerra insisitiendo en que no es posible \u00abdenunciar los presupuestos sin denunciar el d\u00e9ficit fiscal, el drenaje fiscal y la deslealtad del Gobierno\u00bb. Para la dirigente republicana, en este primer a\u00f1o de legislatura \u00abse ha hecho m\u00e1s evidente el margen de maniobra escas\u00edsimo de la Generalitat para dar respuesta a las necesidades del pa\u00eds\u00bb. Sim\u00f3 defendi\u00f3 que estos presupuestos no incluir\u00e1n ning\u00fan recorte adicional, gracias a ERC. \u00abDentro de este marco pol\u00edtico no son posibles ningunos otros presupuestos que atiendan las necesidades de este pa\u00eds y den a la ciudadan\u00eda lo que merece\u00bb, ha insistido Sim\u00f3 que ha reiterado que \u201cun nuevo Estado\u201d servir\u00eda para que los catalanes puedan gestionar sus impuestos.<\/p>\n<p>Anna Sim\u00f3 tambi\u00e9n se refiri\u00f3 a que est\u00e1n \u00aba punto\u00bb de fijar la fecha de la consulta, y que la pregunta que propone su partido coincide \u201cbastante\u201d con la de la Assemblea Nacional Catalana (ANC). ERC quiere una pregunta \u00abclara\u00bb, que aluda directamente a la independencia y que s\u00f3lo permita respuestas binarias, es decir o \u201cs\u00ed\u201d o \u201cno\u201d.\u00a0 Un tipo de respuesta adecuada a la pregunta propuesta por ANC: \u201c\u00bfQuiere que Catalunya sea un Estado independiente?\u201d<\/p>\n<p>Sim\u00f3 valor\u00f3 el primer a\u00f1o de legislatura del Govern Mas de forma positiva ya que \u00abpese a alg\u00fan ruido, se va avanzado hacia los compromisos pol\u00edticos adquiridos el 25 noviembre\u00bb, al estar, en su\u00a0 opini\u00f3n, m\u00e1s cercana la posibilidad de establecer la fecha y el enunciado de la pregunta de la consulta. La diputada republicana record\u00f3 que su partido manten\u00eda el compromiso sobre el l\u00edmite que se hab\u00edan marcado este diciembre para fechar la consulta y que las \u00abclaves\u00bb para ERC son: que los partidos sean claros para ejercer el derecho a decidir y que la gente mantenga su voluntad de votar. Sim\u00f3 insisit\u00f3 en la lectura que un 80% de los que votaron -en las pasadas elecciones al Parlament- se mostraron a favor de una consulta y \u00e9sta ha sido l\u201da prioridad de ERC en esta legislatura\u201d, junto con \u00abel giro social dentro del estrech\u00edsimo margen de maniobra de las instituciones catalanas\u00bb mientras Catalunya no tenga las herramientas de un Estado. Sim\u00f3 tambi\u00e9n quis\u00f3 apuntar que las distintas encuestas hechas p\u00fablicas en el \u00faltimo a\u00f1o indican que el apoyo de la ciudadan\u00eda a una consulta ha ido creciendo. \u00abLas personas favorables a que se pueda votar son cada vez m\u00e1s, y demuestra la madurez democr\u00e1tica de los catalanes, que se contrapone a la falta de madurez democr\u00e1tica del Gobierno espa\u00f1ol\u00bb, remach\u00f3, dejando de lado cualquier entendimiento con el Ejecutivo de Rajoy respondiendo a las palabras del ministro Montoro que ha asegurado que cabe el acuerdo con el Govern n el terreno econ\u00f3mico para salir de la crisis. El responsable de la Hacienda central opin\u00f3 que \u00absi vivimos la integraci\u00f3n europea no tiene sentido en un divorcio materialmente imposible de hacer\u00bb. Ante esta valoraci\u00f3n, la\u00a0 diputada al Parlament republicana ha lamentado que el Gobierno central \u00abse empe\u00f1a en decir que es imposible e inviable que en el marco del Estado espa\u00f1ol el pueblo de Catalunya pueda votar su futuro pol\u00edtico\u00bb. Adem\u00e1s, ha deplorado que el ministro haya vuelto a \u00abagitar el fantasma\u00bb de que Catalunya saldr\u00e1 del euro y habr\u00e1 m\u00e1s desigualdades si declara la independencia.<\/p>\n<p>Por \u00faltimo y sobre la posibilidad de que el Estado cree un impuesto sobre la banca tras haber recurrido el gravamen catal\u00e1n en este \u00e1mbito, ERC se ha quejado de \u00abla armonizaci\u00f3n tan a la baja\u00bb que plantea el Gobierno central y se han reafirmado en la necesidad de mantener el tipo que propone la Generalitat, de entre el 0,3 y el 0,5%.<\/p>","protected":false},"excerpt":{"rendered":"<p>Esquerra considera que sin ser un estado independiente no se pueden hacer otro tipo de presupuestos m\u00e1s favorables a cuestiones sociales. As\u00ed, al menos, respondi\u00f3 la portavoz de ERC, Anna Sim\u00f3, a las cr\u00edticas de PSC e ICV-EUiA por la ausencia de ERC en la manifestaci\u00f3n contra los recortes y [&hellip;]<\/p>\n","protected":false},"author":3,"featured_media":0,"comment_status":"open","ping_status":"open","sticky":false,"template":"","format":"standard","meta":{"footnotes":""},"categories":[3,59],"tags":[],"class_list":["post-4341","post","type-post","status-publish","format-standard","hentry","category-actualidad","category-catalunya"],"yoast_head":"<!-- This site is optimized with the Yoast SEO plugin v27.5 - https:\/\/yoast.com\/product\/yoast-seo-wordpress\/ -->\n<title>Esquerra aparca la cuesti\u00f3n social para despu\u00e9s de la independencia - Revista Rambla<\/title>\n<meta name=\"robots\" content=\"index, follow, max-snippet:-1, max-image-preview:large, max-video-preview:-1\" \/>\n<link rel=\"canonical\" href=\"https:\/\/www.revistarambla.com\/en\/esquerra-aparca-la-cuestion-social-para-despues-de-la-independencia\/\" \/>\n<meta property=\"og:locale\" content=\"en_GB\" \/>\n<meta property=\"og:type\" content=\"article\" \/>\n<meta property=\"og:title\" content=\"Esquerra aparca la cuesti\u00f3n social para despu\u00e9s de la independencia - Revista Rambla\" \/>\n<meta property=\"og:description\" content=\"Esquerra considera que sin ser un estado independiente no se pueden hacer otro tipo de presupuestos m\u00e1s favorables a cuestiones sociales. As\u00ed, al menos, respondi\u00f3 la portavoz de ERC, Anna Sim\u00f3, a las cr\u00edticas de PSC e ICV-EUiA por la ausencia de ERC en la manifestaci\u00f3n contra los recortes y [&hellip;]\" \/>\n<meta property=\"og:url\" content=\"https:\/\/www.revistarambla.com\/en\/esquerra-aparca-la-cuestion-social-para-despues-de-la-independencia\/\" \/>\n<meta property=\"og:site_name\" content=\"Revista Rambla\" \/>\n<meta property=\"article:publisher\" content=\"https:\/\/www.facebook.com\/revistarambla\/\" \/>\n<meta property=\"article:author\" content=\"https:\/\/www.facebook.com\/revistarambla\" \/>\n<meta property=\"article:published_time\" content=\"2013-11-26T14:39:08+00:00\" \/>\n<meta property=\"article:modified_time\" content=\"2021-12-27T15:44:58+00:00\" \/>\n<meta property=\"og:image\" content=\"https:\/\/www.revistarambla.com\/wp-content\/uploads\/2013\/11\/erc_rambla_01.jpg\" \/>\n\t<meta property=\"og:image:width\" content=\"682\" \/>\n\t<meta property=\"og:image:height\" content=\"450\" \/>\n\t<meta property=\"og:image:type\" content=\"image\/jpeg\" \/>\n<meta name=\"author\" content=\"R@mbla\" \/>\n<meta name=\"twitter:card\" content=\"summary_large_image\" \/>\n<meta name=\"twitter:creator\" content=\"@revistarambla\" \/>\n<meta name=\"twitter:site\" content=\"@revistarambla\" \/>\n<meta name=\"twitter:label1\" content=\"Written by\" \/>\n\t<meta name=\"twitter:data1\" content=\"R@mbla\" \/>\n\t<meta name=\"twitter:label2\" content=\"Estimated reading time\" \/>\n\t<meta name=\"twitter:data2\" content=\"4 minutes\" \/>\n<script type=\"application\/ld+json\" class=\"yoast-schema-graph\">{\"@context\":\"https:\\\/\\\/schema.org\",\"@graph\":[{\"@type\":\"Article\",\"@id\":\"https:\\\/\\\/www.revistarambla.com\\\/esquerra-aparca-la-cuestion-social-para-despues-de-la-independencia\\\/#article\",\"isPartOf\":{\"@id\":\"https:\\\/\\\/www.revistarambla.com\\\/esquerra-aparca-la-cuestion-social-para-despues-de-la-independencia\\\/\"},\"author\":{\"name\":\"R@mbla\",\"@id\":\"https:\\\/\\\/www.revistarambla.com\\\/#\\\/schema\\\/person\\\/a146a5a2550b94981a75131180e1bd9c\"},\"headline\":\"Esquerra aparca la cuesti\u00f3n social para despu\u00e9s de la independencia\",\"datePublished\":\"2013-11-26T14:39:08+00:00\",\"dateModified\":\"2021-12-27T15:44:58+00:00\",\"mainEntityOfPage\":{\"@id\":\"https:\\\/\\\/www.revistarambla.com\\\/esquerra-aparca-la-cuestion-social-para-despues-de-la-independencia\\\/\"},\"wordCount\":847,\"commentCount\":0,\"publisher\":{\"@id\":\"https:\\\/\\\/www.revistarambla.com\\\/#organization\"},\"image\":{\"@id\":\"https:\\\/\\\/www.revistarambla.com\\\/esquerra-aparca-la-cuestion-social-para-despues-de-la-independencia\\\/#primaryimage\"},\"thumbnailUrl\":\"https:\\\/\\\/www.revistarambla.com\\\/wp-content\\\/uploads\\\/2013\\\/11\\\/erc_rambla_01.jpg\",\"articleSection\":[\"Actualidad\",\"Catalunya\"],\"inLanguage\":\"en-GB\",\"potentialAction\":[{\"@type\":\"CommentAction\",\"name\":\"Comment\",\"target\":[\"https:\\\/\\\/www.revistarambla.com\\\/esquerra-aparca-la-cuestion-social-para-despues-de-la-independencia\\\/#respond\"]}]},{\"@type\":\"WebPage\",\"@id\":\"https:\\\/\\\/www.revistarambla.com\\\/esquerra-aparca-la-cuestion-social-para-despues-de-la-independencia\\\/\",\"url\":\"https:\\\/\\\/www.revistarambla.com\\\/esquerra-aparca-la-cuestion-social-para-despues-de-la-independencia\\\/\",\"name\":\"Esquerra aparca la cuesti\u00f3n social para despu\u00e9s de la independencia - Revista Rambla\",\"isPartOf\":{\"@id\":\"https:\\\/\\\/www.revistarambla.com\\\/#website\"},\"primaryImageOfPage\":{\"@id\":\"https:\\\/\\\/www.revistarambla.com\\\/esquerra-aparca-la-cuestion-social-para-despues-de-la-independencia\\\/#primaryimage\"},\"image\":{\"@id\":\"https:\\\/\\\/www.revistarambla.com\\\/esquerra-aparca-la-cuestion-social-para-despues-de-la-independencia\\\/#primaryimage\"},\"thumbnailUrl\":\"https:\\\/\\\/www.revistarambla.com\\\/wp-content\\\/uploads\\\/2013\\\/11\\\/erc_rambla_01.jpg\",\"datePublished\":\"2013-11-26T14:39:08+00:00\",\"dateModified\":\"2021-12-27T15:44:58+00:00\",\"breadcrumb\":{\"@id\":\"https:\\\/\\\/www.revistarambla.com\\\/esquerra-aparca-la-cuestion-social-para-despues-de-la-independencia\\\/#breadcrumb\"},\"inLanguage\":\"en-GB\",\"potentialAction\":[{\"@type\":\"ReadAction\",\"target\":[\"https:\\\/\\\/www.revistarambla.com\\\/esquerra-aparca-la-cuestion-social-para-despues-de-la-independencia\\\/\"]}]},{\"@type\":\"ImageObject\",\"inLanguage\":\"en-GB\",\"@id\":\"https:\\\/\\\/www.revistarambla.com\\\/esquerra-aparca-la-cuestion-social-para-despues-de-la-independencia\\\/#primaryimage\",\"url\":\"https:\\\/\\\/www.revistarambla.com\\\/wp-content\\\/uploads\\\/2013\\\/11\\\/erc_rambla_01.jpg\",\"contentUrl\":\"https:\\\/\\\/www.revistarambla.com\\\/wp-content\\\/uploads\\\/2013\\\/11\\\/erc_rambla_01.jpg\"},{\"@type\":\"BreadcrumbList\",\"@id\":\"https:\\\/\\\/www.revistarambla.com\\\/esquerra-aparca-la-cuestion-social-para-despues-de-la-independencia\\\/#breadcrumb\",\"itemListElement\":[{\"@type\":\"ListItem\",\"position\":1,\"name\":\"Portada\",\"item\":\"https:\\\/\\\/www.revistarambla.com\\\/\"},{\"@type\":\"ListItem\",\"position\":2,\"name\":\"Esquerra aparca la cuesti\u00f3n social para despu\u00e9s de la independencia\"}]},{\"@type\":\"WebSite\",\"@id\":\"https:\\\/\\\/www.revistarambla.com\\\/#website\",\"url\":\"https:\\\/\\\/www.revistarambla.com\\\/\",\"name\":\"Revista Rambla Barcelona\",\"description\":\"Periodismo independiente\",\"publisher\":{\"@id\":\"https:\\\/\\\/www.revistarambla.com\\\/#organization\"},\"potentialAction\":[{\"@type\":\"SearchAction\",\"target\":{\"@type\":\"EntryPoint\",\"urlTemplate\":\"https:\\\/\\\/www.revistarambla.com\\\/?s={search_term_string}\"},\"query-input\":{\"@type\":\"PropertyValueSpecification\",\"valueRequired\":true,\"valueName\":\"search_term_string\"}}],\"inLanguage\":\"en-GB\"},{\"@type\":\"Organization\",\"@id\":\"https:\\\/\\\/www.revistarambla.com\\\/#organization\",\"name\":\"Revista Rambla\",\"url\":\"https:\\\/\\\/www.revistarambla.com\\\/\",\"logo\":{\"@type\":\"ImageObject\",\"inLanguage\":\"en-GB\",\"@id\":\"https:\\\/\\\/www.revistarambla.com\\\/#\\\/schema\\\/logo\\\/image\\\/\",\"url\":\"https:\\\/\\\/www.revistarambla.com\\\/wp-content\\\/uploads\\\/2020\\\/09\\\/banner_rambla_1900x600_BB.png\",\"contentUrl\":\"https:\\\/\\\/www.revistarambla.com\\\/wp-content\\\/uploads\\\/2020\\\/09\\\/banner_rambla_1900x600_BB.png\",\"width\":1900,\"height\":600,\"caption\":\"Revista Rambla\"},\"image\":{\"@id\":\"https:\\\/\\\/www.revistarambla.com\\\/#\\\/schema\\\/logo\\\/image\\\/\"},\"sameAs\":[\"https:\\\/\\\/www.facebook.com\\\/revistarambla\\\/\",\"https:\\\/\\\/x.com\\\/revistarambla\",\"https:\\\/\\\/www.instagram.com\\\/revista_rambla\",\"https:\\\/\\\/es.linkedin.com\\\/company\\\/revista-rambla\"]},{\"@type\":\"Person\",\"@id\":\"https:\\\/\\\/www.revistarambla.com\\\/#\\\/schema\\\/person\\\/a146a5a2550b94981a75131180e1bd9c\",\"name\":\"R@mbla\",\"description\":\"Este art\u00edculo ha sido redactado y\\\/o validado por el equipo de redacci\u00f3n de Revista Rambla.\",\"sameAs\":[\"https:\\\/\\\/www.revistarambla.com\\\/\",\"https:\\\/\\\/www.facebook.com\\\/revistarambla\",\"https:\\\/\\\/x.com\\\/revistarambla\"]}]}<\/script>\n<!-- \/ Yoast SEO plugin. -->","yoast_head_json":{"title":"Esquerra aparca la cuesti\u00f3n social para despu\u00e9s de la independencia - Revista Rambla","robots":{"index":"index","follow":"follow","max-snippet":"max-snippet:-1","max-image-preview":"max-image-preview:large","max-video-preview":"max-video-preview:-1"},"canonical":"https:\/\/www.revistarambla.com\/en\/esquerra-aparca-la-cuestion-social-para-despues-de-la-independencia\/","og_locale":"en_GB","og_type":"article","og_title":"Esquerra aparca la cuesti\u00f3n social para despu\u00e9s de la independencia - Revista Rambla","og_description":"Esquerra considera que sin ser un estado independiente no se pueden hacer otro tipo de presupuestos m\u00e1s favorables a cuestiones sociales. As\u00ed, al menos, respondi\u00f3 la portavoz de ERC, Anna Sim\u00f3, a las cr\u00edticas de PSC e ICV-EUiA por la ausencia de ERC en la manifestaci\u00f3n contra los recortes y [&hellip;]","og_url":"https:\/\/www.revistarambla.com\/en\/esquerra-aparca-la-cuestion-social-para-despues-de-la-independencia\/","og_site_name":"Revista Rambla","article_publisher":"https:\/\/www.facebook.com\/revistarambla\/","article_author":"https:\/\/www.facebook.com\/revistarambla","article_published_time":"2013-11-26T14:39:08+00:00","article_modified_time":"2021-12-27T15:44:58+00:00","og_image":[{"width":682,"height":450,"url":"https:\/\/www.revistarambla.com\/wp-content\/uploads\/2013\/11\/erc_rambla_01.jpg","type":"image\/jpeg"}],"author":"R@mbla","twitter_card":"summary_large_image","twitter_creator":"@revistarambla","twitter_site":"@revistarambla","twitter_misc":{"Written by":"R@mbla","Estimated reading time":"4 minutes"},"schema":{"@context":"https:\/\/schema.org","@graph":[{"@type":"Article","@id":"https:\/\/www.revistarambla.com\/esquerra-aparca-la-cuestion-social-para-despues-de-la-independencia\/#article","isPartOf":{"@id":"https:\/\/www.revistarambla.com\/esquerra-aparca-la-cuestion-social-para-despues-de-la-independencia\/"},"author":{"name":"R@mbla","@id":"https:\/\/www.revistarambla.com\/#\/schema\/person\/a146a5a2550b94981a75131180e1bd9c"},"headline":"Esquerra aparca la cuesti\u00f3n social para despu\u00e9s de la independencia","datePublished":"2013-11-26T14:39:08+00:00","dateModified":"2021-12-27T15:44:58+00:00","mainEntityOfPage":{"@id":"https:\/\/www.revistarambla.com\/esquerra-aparca-la-cuestion-social-para-despues-de-la-independencia\/"},"wordCount":847,"commentCount":0,"publisher":{"@id":"https:\/\/www.revistarambla.com\/#organization"},"image":{"@id":"https:\/\/www.revistarambla.com\/esquerra-aparca-la-cuestion-social-para-despues-de-la-independencia\/#primaryimage"},"thumbnailUrl":"https:\/\/www.revistarambla.com\/wp-content\/uploads\/2013\/11\/erc_rambla_01.jpg","articleSection":["Actualidad","Catalunya"],"inLanguage":"en-GB","potentialAction":[{"@type":"CommentAction","name":"Comment","target":["https:\/\/www.revistarambla.com\/esquerra-aparca-la-cuestion-social-para-despues-de-la-independencia\/#respond"]}]},{"@type":"WebPage","@id":"https:\/\/www.revistarambla.com\/esquerra-aparca-la-cuestion-social-para-despues-de-la-independencia\/","url":"https:\/\/www.revistarambla.com\/esquerra-aparca-la-cuestion-social-para-despues-de-la-independencia\/","name":"Esquerra aparca la cuesti\u00f3n social para despu\u00e9s de la independencia - Revista Rambla","isPartOf":{"@id":"https:\/\/www.revistarambla.com\/#website"},"primaryImageOfPage":{"@id":"https:\/\/www.revistarambla.com\/esquerra-aparca-la-cuestion-social-para-despues-de-la-independencia\/#primaryimage"},"image":{"@id":"https:\/\/www.revistarambla.com\/esquerra-aparca-la-cuestion-social-para-despues-de-la-independencia\/#primaryimage"},"thumbnailUrl":"https:\/\/www.revistarambla.com\/wp-content\/uploads\/2013\/11\/erc_rambla_01.jpg","datePublished":"2013-11-26T14:39:08+00:00","dateModified":"2021-12-27T15:44:58+00:00","breadcrumb":{"@id":"https:\/\/www.revistarambla.com\/esquerra-aparca-la-cuestion-social-para-despues-de-la-independencia\/#breadcrumb"},"inLanguage":"en-GB","potentialAction":[{"@type":"ReadAction","target":["https:\/\/www.revistarambla.com\/esquerra-aparca-la-cuestion-social-para-despues-de-la-independencia\/"]}]},{"@type":"ImageObject","inLanguage":"en-GB","@id":"https:\/\/www.revistarambla.com\/esquerra-aparca-la-cuestion-social-para-despues-de-la-independencia\/#primaryimage","url":"https:\/\/www.revistarambla.com\/wp-content\/uploads\/2013\/11\/erc_rambla_01.jpg","contentUrl":"https:\/\/www.revistarambla.com\/wp-content\/uploads\/2013\/11\/erc_rambla_01.jpg"},{"@type":"BreadcrumbList","@id":"https:\/\/www.revistarambla.com\/esquerra-aparca-la-cuestion-social-para-despues-de-la-independencia\/#breadcrumb","itemListElement":[{"@type":"ListItem","position":1,"name":"Portada","item":"https:\/\/www.revistarambla.com\/"},{"@type":"ListItem","position":2,"name":"Esquerra aparca la cuesti\u00f3n social para despu\u00e9s de la independencia"}]},{"@type":"WebSite","@id":"https:\/\/www.revistarambla.com\/#website","url":"https:\/\/www.revistarambla.com\/","name":"Revista Rambla Barcelona","description":"Periodismo independiente","publisher":{"@id":"https:\/\/www.revistarambla.com\/#organization"},"potentialAction":[{"@type":"SearchAction","target":{"@type":"EntryPoint","urlTemplate":"https:\/\/www.revistarambla.com\/?s={search_term_string}"},"query-input":{"@type":"PropertyValueSpecification","valueRequired":true,"valueName":"search_term_string"}}],"inLanguage":"en-GB"},{"@type":"Organization","@id":"https:\/\/www.revistarambla.com\/#organization","name":"Revista Rambla","url":"https:\/\/www.revistarambla.com\/","logo":{"@type":"ImageObject","inLanguage":"en-GB","@id":"https:\/\/www.revistarambla.com\/#\/schema\/logo\/image\/","url":"https:\/\/www.revistarambla.com\/wp-content\/uploads\/2020\/09\/banner_rambla_1900x600_BB.png","contentUrl":"https:\/\/www.revistarambla.com\/wp-content\/uploads\/2020\/09\/banner_rambla_1900x600_BB.png","width":1900,"height":600,"caption":"Revista Rambla"},"image":{"@id":"https:\/\/www.revistarambla.com\/#\/schema\/logo\/image\/"},"sameAs":["https:\/\/www.facebook.com\/revistarambla\/","https:\/\/x.com\/revistarambla","https:\/\/www.instagram.com\/revista_rambla","https:\/\/es.linkedin.com\/company\/revista-rambla"]},{"@type":"Person","@id":"https:\/\/www.revistarambla.com\/#\/schema\/person\/a146a5a2550b94981a75131180e1bd9c","name":"R@mbla","description":"Este art\u00edculo ha sido redactado y\/o validado por el equipo de redacci\u00f3n de Revista Rambla.","sameAs":["https:\/\/www.revistarambla.com\/","https:\/\/www.facebook.com\/revistarambla","https:\/\/x.com\/revistarambla"]}]}},"_links":{"self":[{"href":"https:\/\/www.revistarambla.com\/en\/wp-json\/wp\/v2\/posts\/4341","targetHints":{"allow":["GET"]}}],"collection":[{"href":"https:\/\/www.revistarambla.com\/en\/wp-json\/wp\/v2\/posts"}],"about":[{"href":"https:\/\/www.revistarambla.com\/en\/wp-json\/wp\/v2\/types\/post"}],"author":[{"embeddable":true,"href":"https:\/\/www.revistarambla.com\/en\/wp-json\/wp\/v2\/users\/3"}],"replies":[{"embeddable":true,"href":"https:\/\/www.revistarambla.com\/en\/wp-json\/wp\/v2\/comments?post=4341"}],"version-history":[{"count":0,"href":"https:\/\/www.revistarambla.com\/en\/wp-json\/wp\/v2\/posts\/4341\/revisions"}],"wp:attachment":[{"href":"https:\/\/www.revistarambla.com\/en\/wp-json\/wp\/v2\/media?parent=4341"}],"wp:term":[{"taxonomy":"category","embeddable":true,"href":"https:\/\/www.revistarambla.com\/en\/wp-json\/wp\/v2\/categories?post=4341"},{"taxonomy":"post_tag","embeddable":true,"href":"https:\/\/www.revistarambla.com\/en\/wp-json\/wp\/v2\/tags?post=4341"}],"curies":[{"name":"wp","href":"https:\/\/api.w.org\/{rel}","templated":true}]}}