{"id":43336,"date":"2022-06-21T21:05:46","date_gmt":"2022-06-21T19:05:46","guid":{"rendered":"https:\/\/www.revistarambla.com\/?p=43336"},"modified":"2022-06-23T00:00:23","modified_gmt":"2022-06-22T22:00:23","slug":"usuarios-enfurecidos-porque-los-socorristas-de-les-borges-blanques-son-de-jaen-y-no-entienden-el-catalan","status":"publish","type":"post","link":"https:\/\/www.revistarambla.com\/en\/usuarios-enfurecidos-porque-los-socorristas-de-les-borges-blanques-son-de-jaen-y-no-entienden-el-catalan\/","title":{"rendered":"Usuarios enfurecidos porque los socorristas de Les Borges Blanques son de Ja\u00e9n y no entienden el catal\u00e1n"},"content":{"rendered":"<p>Pol\u00e9mica en Les Borges Blanques porque los socorristas de la piscina municipal no hablan ni entienden el catal\u00e1n. Despu\u00e9s de que lo haya se\u00f1alado un usuario en las redes sociales, el Ayuntamiento ha respondido que la normativa estatal los obliga a hacer el contrato de adjudicaci\u00f3n del servicio por concurso y que este lo ha ganado una empresa de Igualada. No obstante, por la falta de socorristas catalanes, la empresa ha tenido que contratarlos en Ja\u00e9n, por lo que no hablan ni entienden catal\u00e1n.<\/p>\n<p>Esta respuesta ha generado indignaci\u00f3n entre otros usuarios de la red e incluso la Plataforma per la Llengua se ha pronunciado apuntando que el Ayuntamiento puede establecer cl\u00e1usulas ling\u00fc\u00edsticas en la contrataci\u00f3n y que aunque estas no existan, en ning\u00fan caso, la empresa prestamista del servicio puede incumplir la ley.<\/p>\n<p>Tambi\u00e9n han querido apuntarse a la pol\u00e9mica algunos rostros conocidos del independentismo. Albano Dante Fach\u00edn, por ejemplo, ha pedido la expulsi\u00f3n de la alcaldesa de Junts:<\/p>\n<blockquote class=\"twitter-tweet\">\n<p dir=\"ltr\" lang=\"ca\">O <a href=\"https:\/\/twitter.com\/AjBorgesBlanque?ref_src=twsrc%5Etfw\">@AjBorgesBlanque<\/a> rectifica o <a href=\"https:\/\/twitter.com\/JuntsXCat?ref_src=twsrc%5Etfw\">@JuntsXCat<\/a> ha d&#8217;expulsar del partit l&#8217;alcaldessa. <a href=\"https:\/\/t.co\/HfpP7Iv3W8\">https:\/\/t.co\/HfpP7Iv3W8<\/a><\/p>\n<p>\u2014 Albano-Dante Fach\u00edn (@AlbanoDante76) <a href=\"https:\/\/twitter.com\/AlbanoDante76\/status\/1539190831772581888?ref_src=twsrc%5Etfw\">June 21, 2022<\/a><\/p><\/blockquote>\n<p><script async src=\"https:\/\/platform.twitter.com\/widgets.js\" charset=\"utf-8\"><\/script><\/p>\n<p>El ultra Santigo Espot, en cambio, ha recordado una de sus intervenciones televisivas:<\/p>\n<blockquote class=\"twitter-tweet\">\n<p dir=\"ltr\" lang=\"ca\">\u00abSi a Catalunya, en un bar, no volen entendre \u00abun entrep\u00e0 de pernil\u00bb, canvieu de bar\u00bb Els catalans no estem per solucionar els problemes ling\u00fc\u00edstics dels cambrers <a href=\"https:\/\/twitter.com\/CatOpina?ref_src=twsrc%5Etfw\">@CatOpina<\/a> <a href=\"https:\/\/twitter.com\/8tvcat?ref_src=twsrc%5Etfw\">@8tvcat<\/a> <a href=\"https:\/\/t.co\/ugJb9t2MDn\">pic.twitter.com\/ugJb9t2MDn<\/a><\/p>\n<p>\u2014 Santiago Espot (@santiagoespot) <a href=\"https:\/\/twitter.com\/santiagoespot\/status\/1538989849033719811?ref_src=twsrc%5Etfw\">June 20, 2022<\/a><\/p><\/blockquote>\n<p><script async src=\"https:\/\/platform.twitter.com\/widgets.js\" charset=\"utf-8\"><\/script><\/p>\n<h3>Cumplimiento de la normativa<\/h3>\n<p>Seg\u00fan marca la normativa, dada la superficie de l\u00e1mina de agua del recinto de las piscinas <em>borgenques<\/em>, se considera necesario disponer de tres socorristas para cubrir las necesidades del servicio de salvamento y socorrismo.<\/p>\n<p>Entre otros requisitos, el adjudicatario debe adscribir a la prestaci\u00f3n del servicio tres socorristas con la debida formaci\u00f3n, que est\u00e9n inscritos en el Registro Oficial de Profesionales del Deporte en Catalu\u00f1a y acreditar al menos dos temporadas de experiencia profesional. En ning\u00fan caso se habla de qu\u00e9 conocimientos ling\u00fc\u00edsticos deben tener.<\/p>\n<h3>[AMPLIACI\u00d3N 22\/06\/22]<\/h3>\n<h3>Clases de catal\u00e1n para los socorristas jiennenses<\/h3>\n<p>El Ayuntamiento de Les Borges Blanques, gobernado por Junts, ha asegurado que los socorristas de la piscina municipal han manifestado la voluntad de aprender catal\u00e1n despu\u00e9s de la pol\u00e9mica por el hecho de que no lo hablaban y no pod\u00edan atender a los usuarios en esta lengua.<\/p>\n<p>En este sentido, desde el consistorio se pondr\u00e1n todos los medios para que puedan atender en catal\u00e1n y de esta manera han salido al paso admitiendo que la informaci\u00f3n que han difundido al respecto hasta ahora ha sido \u00abpoco rigurosa y desafortunada\u00bb. Los responsables municipales se han comprometido a analizar el porqu\u00e9 de todo han pedido disculpas en nombre de todo el consistorio, por las dificultades que esta actuaci\u00f3n haya podido causar.<\/p>\n<p>En un comunicado difundido este mi\u00e9rcoles, desde el consistorio de la capital de las Garrigues apuntan que la empresa licitadora del servicio y encargada de la gesti\u00f3n de la piscina municipal es de Igualada y justifican que los socorristas no hablen catal\u00e1n por\u00a0la situaci\u00f3n de falta de este tipo de profesionales que actualmente vive Catalunya.<\/p>\n<p>El Ayuntamiento asegura que velar\u00e1 para que se preserven los derechos ling\u00fc\u00edsticos de todos los usuarios de la piscina. Asimismo, afirman que los mismos socorristas contratados han manifestado la voluntad de aprender catal\u00e1n y que desde el consistorio se pondr\u00e1 todos los medios para que puedan atender en catal\u00e1n a los usuarios de la piscina que as\u00ed lo quieran.<\/p>\n<p>La alcaldesa N\u00faria Palau indica que el compromiso del Ayuntamiento y su personal ha estado siempre con la lengua catalana y as\u00ed lo seguir\u00e1 siendo.<\/p>\n","protected":false},"excerpt":{"rendered":"<p>Pol\u00e9mica en Les Borges Blanques porque los socorristas de la piscina municipal no hablan ni entienden el catal\u00e1n. Despu\u00e9s de que lo haya se\u00f1alado un usuario en las redes sociales, el Ayuntamiento ha respondido que la normativa estatal los obliga a hacer el contrato de adjudicaci\u00f3n del servicio por concurso [&hellip;]<\/p>\n","protected":false},"author":3,"featured_media":43337,"comment_status":"closed","ping_status":"open","sticky":false,"template":"","format":"standard","meta":{"footnotes":""},"categories":[59],"tags":[],"class_list":["post-43336","post","type-post","status-publish","format-standard","has-post-thumbnail","hentry","category-catalunya"],"yoast_head":"<!-- This site is optimized with the Yoast SEO plugin v27.5 - https:\/\/yoast.com\/product\/yoast-seo-wordpress\/ -->\n<title>Usuarios enfurecidos porque los socorristas de Les Borges Blanques son de Ja\u00e9n y no entienden el catal\u00e1n - Revista Rambla<\/title>\n<meta name=\"robots\" content=\"index, follow, max-snippet:-1, max-image-preview:large, max-video-preview:-1\" \/>\n<link rel=\"canonical\" href=\"https:\/\/www.revistarambla.com\/en\/usuarios-enfurecidos-porque-los-socorristas-de-les-borges-blanques-son-de-jaen-y-no-entienden-el-catalan\/\" \/>\n<meta property=\"og:locale\" content=\"en_GB\" \/>\n<meta property=\"og:type\" content=\"article\" \/>\n<meta property=\"og:title\" content=\"Usuarios enfurecidos porque los socorristas de Les Borges Blanques son de Ja\u00e9n y no entienden el catal\u00e1n - Revista Rambla\" \/>\n<meta property=\"og:description\" content=\"Pol\u00e9mica en Les Borges Blanques porque los socorristas de la piscina municipal no hablan ni entienden el catal\u00e1n. Despu\u00e9s de que lo haya se\u00f1alado un usuario en las redes sociales, el Ayuntamiento ha respondido que la normativa estatal los obliga a hacer el contrato de adjudicaci\u00f3n del servicio por concurso [&hellip;]\" \/>\n<meta property=\"og:url\" content=\"https:\/\/www.revistarambla.com\/en\/usuarios-enfurecidos-porque-los-socorristas-de-les-borges-blanques-son-de-jaen-y-no-entienden-el-catalan\/\" \/>\n<meta property=\"og:site_name\" content=\"Revista Rambla\" \/>\n<meta property=\"article:publisher\" content=\"https:\/\/www.facebook.com\/revistarambla\/\" \/>\n<meta property=\"article:author\" content=\"https:\/\/www.facebook.com\/revistarambla\" \/>\n<meta property=\"article:published_time\" content=\"2022-06-21T19:05:46+00:00\" \/>\n<meta property=\"article:modified_time\" content=\"2022-06-22T22:00:23+00:00\" \/>\n<meta property=\"og:image\" content=\"https:\/\/www.revistarambla.com\/wp-content\/uploads\/2022\/06\/piscinaborgeseditora1242051700.jpg\" \/>\n\t<meta property=\"og:image:width\" content=\"650\" \/>\n\t<meta property=\"og:image:height\" content=\"487\" \/>\n\t<meta property=\"og:image:type\" content=\"image\/jpeg\" \/>\n<meta name=\"author\" content=\"R@mbla\" \/>\n<meta name=\"twitter:card\" content=\"summary_large_image\" \/>\n<meta name=\"twitter:creator\" content=\"@revistarambla\" \/>\n<meta name=\"twitter:site\" content=\"@revistarambla\" \/>\n<meta name=\"twitter:label1\" content=\"Written by\" \/>\n\t<meta name=\"twitter:data1\" content=\"R@mbla\" \/>\n\t<meta name=\"twitter:label2\" content=\"Estimated reading time\" \/>\n\t<meta name=\"twitter:data2\" content=\"3 minutes\" \/>\n<script type=\"application\/ld+json\" class=\"yoast-schema-graph\">{\"@context\":\"https:\\\/\\\/schema.org\",\"@graph\":[{\"@type\":\"Article\",\"@id\":\"https:\\\/\\\/www.revistarambla.com\\\/usuarios-enfurecidos-porque-los-socorristas-de-les-borges-blanques-son-de-jaen-y-no-entienden-el-catalan\\\/#article\",\"isPartOf\":{\"@id\":\"https:\\\/\\\/www.revistarambla.com\\\/usuarios-enfurecidos-porque-los-socorristas-de-les-borges-blanques-son-de-jaen-y-no-entienden-el-catalan\\\/\"},\"author\":{\"name\":\"R@mbla\",\"@id\":\"https:\\\/\\\/www.revistarambla.com\\\/#\\\/schema\\\/person\\\/a146a5a2550b94981a75131180e1bd9c\"},\"headline\":\"Usuarios enfurecidos porque los socorristas de Les Borges Blanques son de Ja\u00e9n y no entienden el catal\u00e1n\",\"datePublished\":\"2022-06-21T19:05:46+00:00\",\"dateModified\":\"2022-06-22T22:00:23+00:00\",\"mainEntityOfPage\":{\"@id\":\"https:\\\/\\\/www.revistarambla.com\\\/usuarios-enfurecidos-porque-los-socorristas-de-les-borges-blanques-son-de-jaen-y-no-entienden-el-catalan\\\/\"},\"wordCount\":653,\"publisher\":{\"@id\":\"https:\\\/\\\/www.revistarambla.com\\\/#organization\"},\"image\":{\"@id\":\"https:\\\/\\\/www.revistarambla.com\\\/usuarios-enfurecidos-porque-los-socorristas-de-les-borges-blanques-son-de-jaen-y-no-entienden-el-catalan\\\/#primaryimage\"},\"thumbnailUrl\":\"https:\\\/\\\/www.revistarambla.com\\\/wp-content\\\/uploads\\\/2022\\\/06\\\/piscinaborgeseditora1242051700.jpg\",\"articleSection\":[\"Catalunya\"],\"inLanguage\":\"en-GB\"},{\"@type\":\"WebPage\",\"@id\":\"https:\\\/\\\/www.revistarambla.com\\\/usuarios-enfurecidos-porque-los-socorristas-de-les-borges-blanques-son-de-jaen-y-no-entienden-el-catalan\\\/\",\"url\":\"https:\\\/\\\/www.revistarambla.com\\\/usuarios-enfurecidos-porque-los-socorristas-de-les-borges-blanques-son-de-jaen-y-no-entienden-el-catalan\\\/\",\"name\":\"Usuarios enfurecidos porque los socorristas de Les Borges Blanques son de Ja\u00e9n y no entienden el catal\u00e1n - Revista Rambla\",\"isPartOf\":{\"@id\":\"https:\\\/\\\/www.revistarambla.com\\\/#website\"},\"primaryImageOfPage\":{\"@id\":\"https:\\\/\\\/www.revistarambla.com\\\/usuarios-enfurecidos-porque-los-socorristas-de-les-borges-blanques-son-de-jaen-y-no-entienden-el-catalan\\\/#primaryimage\"},\"image\":{\"@id\":\"https:\\\/\\\/www.revistarambla.com\\\/usuarios-enfurecidos-porque-los-socorristas-de-les-borges-blanques-son-de-jaen-y-no-entienden-el-catalan\\\/#primaryimage\"},\"thumbnailUrl\":\"https:\\\/\\\/www.revistarambla.com\\\/wp-content\\\/uploads\\\/2022\\\/06\\\/piscinaborgeseditora1242051700.jpg\",\"datePublished\":\"2022-06-21T19:05:46+00:00\",\"dateModified\":\"2022-06-22T22:00:23+00:00\",\"breadcrumb\":{\"@id\":\"https:\\\/\\\/www.revistarambla.com\\\/usuarios-enfurecidos-porque-los-socorristas-de-les-borges-blanques-son-de-jaen-y-no-entienden-el-catalan\\\/#breadcrumb\"},\"inLanguage\":\"en-GB\",\"potentialAction\":[{\"@type\":\"ReadAction\",\"target\":[\"https:\\\/\\\/www.revistarambla.com\\\/usuarios-enfurecidos-porque-los-socorristas-de-les-borges-blanques-son-de-jaen-y-no-entienden-el-catalan\\\/\"]}]},{\"@type\":\"ImageObject\",\"inLanguage\":\"en-GB\",\"@id\":\"https:\\\/\\\/www.revistarambla.com\\\/usuarios-enfurecidos-porque-los-socorristas-de-les-borges-blanques-son-de-jaen-y-no-entienden-el-catalan\\\/#primaryimage\",\"url\":\"https:\\\/\\\/www.revistarambla.com\\\/wp-content\\\/uploads\\\/2022\\\/06\\\/piscinaborgeseditora1242051700.jpg\",\"contentUrl\":\"https:\\\/\\\/www.revistarambla.com\\\/wp-content\\\/uploads\\\/2022\\\/06\\\/piscinaborgeseditora1242051700.jpg\",\"width\":650,\"height\":487},{\"@type\":\"BreadcrumbList\",\"@id\":\"https:\\\/\\\/www.revistarambla.com\\\/usuarios-enfurecidos-porque-los-socorristas-de-les-borges-blanques-son-de-jaen-y-no-entienden-el-catalan\\\/#breadcrumb\",\"itemListElement\":[{\"@type\":\"ListItem\",\"position\":1,\"name\":\"Portada\",\"item\":\"https:\\\/\\\/www.revistarambla.com\\\/\"},{\"@type\":\"ListItem\",\"position\":2,\"name\":\"Usuarios enfurecidos porque los socorristas de Les Borges Blanques son de Ja\u00e9n y no entienden el catal\u00e1n\"}]},{\"@type\":\"WebSite\",\"@id\":\"https:\\\/\\\/www.revistarambla.com\\\/#website\",\"url\":\"https:\\\/\\\/www.revistarambla.com\\\/\",\"name\":\"Revista Rambla Barcelona\",\"description\":\"Periodismo independiente\",\"publisher\":{\"@id\":\"https:\\\/\\\/www.revistarambla.com\\\/#organization\"},\"potentialAction\":[{\"@type\":\"SearchAction\",\"target\":{\"@type\":\"EntryPoint\",\"urlTemplate\":\"https:\\\/\\\/www.revistarambla.com\\\/?s={search_term_string}\"},\"query-input\":{\"@type\":\"PropertyValueSpecification\",\"valueRequired\":true,\"valueName\":\"search_term_string\"}}],\"inLanguage\":\"en-GB\"},{\"@type\":\"Organization\",\"@id\":\"https:\\\/\\\/www.revistarambla.com\\\/#organization\",\"name\":\"Revista Rambla\",\"url\":\"https:\\\/\\\/www.revistarambla.com\\\/\",\"logo\":{\"@type\":\"ImageObject\",\"inLanguage\":\"en-GB\",\"@id\":\"https:\\\/\\\/www.revistarambla.com\\\/#\\\/schema\\\/logo\\\/image\\\/\",\"url\":\"https:\\\/\\\/www.revistarambla.com\\\/wp-content\\\/uploads\\\/2020\\\/09\\\/banner_rambla_1900x600_BB.png\",\"contentUrl\":\"https:\\\/\\\/www.revistarambla.com\\\/wp-content\\\/uploads\\\/2020\\\/09\\\/banner_rambla_1900x600_BB.png\",\"width\":1900,\"height\":600,\"caption\":\"Revista Rambla\"},\"image\":{\"@id\":\"https:\\\/\\\/www.revistarambla.com\\\/#\\\/schema\\\/logo\\\/image\\\/\"},\"sameAs\":[\"https:\\\/\\\/www.facebook.com\\\/revistarambla\\\/\",\"https:\\\/\\\/x.com\\\/revistarambla\",\"https:\\\/\\\/www.instagram.com\\\/revista_rambla\",\"https:\\\/\\\/es.linkedin.com\\\/company\\\/revista-rambla\"]},{\"@type\":\"Person\",\"@id\":\"https:\\\/\\\/www.revistarambla.com\\\/#\\\/schema\\\/person\\\/a146a5a2550b94981a75131180e1bd9c\",\"name\":\"R@mbla\",\"description\":\"Este art\u00edculo ha sido redactado y\\\/o validado por el equipo de redacci\u00f3n de Revista Rambla.\",\"sameAs\":[\"https:\\\/\\\/www.revistarambla.com\\\/\",\"https:\\\/\\\/www.facebook.com\\\/revistarambla\",\"https:\\\/\\\/x.com\\\/revistarambla\"]}]}<\/script>\n<!-- \/ Yoast SEO plugin. -->","yoast_head_json":{"title":"Usuarios enfurecidos porque los socorristas de Les Borges Blanques son de Ja\u00e9n y no entienden el catal\u00e1n - Revista Rambla","robots":{"index":"index","follow":"follow","max-snippet":"max-snippet:-1","max-image-preview":"max-image-preview:large","max-video-preview":"max-video-preview:-1"},"canonical":"https:\/\/www.revistarambla.com\/en\/usuarios-enfurecidos-porque-los-socorristas-de-les-borges-blanques-son-de-jaen-y-no-entienden-el-catalan\/","og_locale":"en_GB","og_type":"article","og_title":"Usuarios enfurecidos porque los socorristas de Les Borges Blanques son de Ja\u00e9n y no entienden el catal\u00e1n - Revista Rambla","og_description":"Pol\u00e9mica en Les Borges Blanques porque los socorristas de la piscina municipal no hablan ni entienden el catal\u00e1n. Despu\u00e9s de que lo haya se\u00f1alado un usuario en las redes sociales, el Ayuntamiento ha respondido que la normativa estatal los obliga a hacer el contrato de adjudicaci\u00f3n del servicio por concurso [&hellip;]","og_url":"https:\/\/www.revistarambla.com\/en\/usuarios-enfurecidos-porque-los-socorristas-de-les-borges-blanques-son-de-jaen-y-no-entienden-el-catalan\/","og_site_name":"Revista Rambla","article_publisher":"https:\/\/www.facebook.com\/revistarambla\/","article_author":"https:\/\/www.facebook.com\/revistarambla","article_published_time":"2022-06-21T19:05:46+00:00","article_modified_time":"2022-06-22T22:00:23+00:00","og_image":[{"width":650,"height":487,"url":"https:\/\/www.revistarambla.com\/wp-content\/uploads\/2022\/06\/piscinaborgeseditora1242051700.jpg","type":"image\/jpeg"}],"author":"R@mbla","twitter_card":"summary_large_image","twitter_creator":"@revistarambla","twitter_site":"@revistarambla","twitter_misc":{"Written by":"R@mbla","Estimated reading time":"3 minutes"},"schema":{"@context":"https:\/\/schema.org","@graph":[{"@type":"Article","@id":"https:\/\/www.revistarambla.com\/usuarios-enfurecidos-porque-los-socorristas-de-les-borges-blanques-son-de-jaen-y-no-entienden-el-catalan\/#article","isPartOf":{"@id":"https:\/\/www.revistarambla.com\/usuarios-enfurecidos-porque-los-socorristas-de-les-borges-blanques-son-de-jaen-y-no-entienden-el-catalan\/"},"author":{"name":"R@mbla","@id":"https:\/\/www.revistarambla.com\/#\/schema\/person\/a146a5a2550b94981a75131180e1bd9c"},"headline":"Usuarios enfurecidos porque los socorristas de Les Borges Blanques son de Ja\u00e9n y no entienden el catal\u00e1n","datePublished":"2022-06-21T19:05:46+00:00","dateModified":"2022-06-22T22:00:23+00:00","mainEntityOfPage":{"@id":"https:\/\/www.revistarambla.com\/usuarios-enfurecidos-porque-los-socorristas-de-les-borges-blanques-son-de-jaen-y-no-entienden-el-catalan\/"},"wordCount":653,"publisher":{"@id":"https:\/\/www.revistarambla.com\/#organization"},"image":{"@id":"https:\/\/www.revistarambla.com\/usuarios-enfurecidos-porque-los-socorristas-de-les-borges-blanques-son-de-jaen-y-no-entienden-el-catalan\/#primaryimage"},"thumbnailUrl":"https:\/\/www.revistarambla.com\/wp-content\/uploads\/2022\/06\/piscinaborgeseditora1242051700.jpg","articleSection":["Catalunya"],"inLanguage":"en-GB"},{"@type":"WebPage","@id":"https:\/\/www.revistarambla.com\/usuarios-enfurecidos-porque-los-socorristas-de-les-borges-blanques-son-de-jaen-y-no-entienden-el-catalan\/","url":"https:\/\/www.revistarambla.com\/usuarios-enfurecidos-porque-los-socorristas-de-les-borges-blanques-son-de-jaen-y-no-entienden-el-catalan\/","name":"Usuarios enfurecidos porque los socorristas de Les Borges Blanques son de Ja\u00e9n y no entienden el catal\u00e1n - Revista Rambla","isPartOf":{"@id":"https:\/\/www.revistarambla.com\/#website"},"primaryImageOfPage":{"@id":"https:\/\/www.revistarambla.com\/usuarios-enfurecidos-porque-los-socorristas-de-les-borges-blanques-son-de-jaen-y-no-entienden-el-catalan\/#primaryimage"},"image":{"@id":"https:\/\/www.revistarambla.com\/usuarios-enfurecidos-porque-los-socorristas-de-les-borges-blanques-son-de-jaen-y-no-entienden-el-catalan\/#primaryimage"},"thumbnailUrl":"https:\/\/www.revistarambla.com\/wp-content\/uploads\/2022\/06\/piscinaborgeseditora1242051700.jpg","datePublished":"2022-06-21T19:05:46+00:00","dateModified":"2022-06-22T22:00:23+00:00","breadcrumb":{"@id":"https:\/\/www.revistarambla.com\/usuarios-enfurecidos-porque-los-socorristas-de-les-borges-blanques-son-de-jaen-y-no-entienden-el-catalan\/#breadcrumb"},"inLanguage":"en-GB","potentialAction":[{"@type":"ReadAction","target":["https:\/\/www.revistarambla.com\/usuarios-enfurecidos-porque-los-socorristas-de-les-borges-blanques-son-de-jaen-y-no-entienden-el-catalan\/"]}]},{"@type":"ImageObject","inLanguage":"en-GB","@id":"https:\/\/www.revistarambla.com\/usuarios-enfurecidos-porque-los-socorristas-de-les-borges-blanques-son-de-jaen-y-no-entienden-el-catalan\/#primaryimage","url":"https:\/\/www.revistarambla.com\/wp-content\/uploads\/2022\/06\/piscinaborgeseditora1242051700.jpg","contentUrl":"https:\/\/www.revistarambla.com\/wp-content\/uploads\/2022\/06\/piscinaborgeseditora1242051700.jpg","width":650,"height":487},{"@type":"BreadcrumbList","@id":"https:\/\/www.revistarambla.com\/usuarios-enfurecidos-porque-los-socorristas-de-les-borges-blanques-son-de-jaen-y-no-entienden-el-catalan\/#breadcrumb","itemListElement":[{"@type":"ListItem","position":1,"name":"Portada","item":"https:\/\/www.revistarambla.com\/"},{"@type":"ListItem","position":2,"name":"Usuarios enfurecidos porque los socorristas de Les Borges Blanques son de Ja\u00e9n y no entienden el catal\u00e1n"}]},{"@type":"WebSite","@id":"https:\/\/www.revistarambla.com\/#website","url":"https:\/\/www.revistarambla.com\/","name":"Revista Rambla Barcelona","description":"Periodismo independiente","publisher":{"@id":"https:\/\/www.revistarambla.com\/#organization"},"potentialAction":[{"@type":"SearchAction","target":{"@type":"EntryPoint","urlTemplate":"https:\/\/www.revistarambla.com\/?s={search_term_string}"},"query-input":{"@type":"PropertyValueSpecification","valueRequired":true,"valueName":"search_term_string"}}],"inLanguage":"en-GB"},{"@type":"Organization","@id":"https:\/\/www.revistarambla.com\/#organization","name":"Revista Rambla","url":"https:\/\/www.revistarambla.com\/","logo":{"@type":"ImageObject","inLanguage":"en-GB","@id":"https:\/\/www.revistarambla.com\/#\/schema\/logo\/image\/","url":"https:\/\/www.revistarambla.com\/wp-content\/uploads\/2020\/09\/banner_rambla_1900x600_BB.png","contentUrl":"https:\/\/www.revistarambla.com\/wp-content\/uploads\/2020\/09\/banner_rambla_1900x600_BB.png","width":1900,"height":600,"caption":"Revista Rambla"},"image":{"@id":"https:\/\/www.revistarambla.com\/#\/schema\/logo\/image\/"},"sameAs":["https:\/\/www.facebook.com\/revistarambla\/","https:\/\/x.com\/revistarambla","https:\/\/www.instagram.com\/revista_rambla","https:\/\/es.linkedin.com\/company\/revista-rambla"]},{"@type":"Person","@id":"https:\/\/www.revistarambla.com\/#\/schema\/person\/a146a5a2550b94981a75131180e1bd9c","name":"R@mbla","description":"Este art\u00edculo ha sido redactado y\/o validado por el equipo de redacci\u00f3n de Revista Rambla.","sameAs":["https:\/\/www.revistarambla.com\/","https:\/\/www.facebook.com\/revistarambla","https:\/\/x.com\/revistarambla"]}]}},"_links":{"self":[{"href":"https:\/\/www.revistarambla.com\/en\/wp-json\/wp\/v2\/posts\/43336","targetHints":{"allow":["GET"]}}],"collection":[{"href":"https:\/\/www.revistarambla.com\/en\/wp-json\/wp\/v2\/posts"}],"about":[{"href":"https:\/\/www.revistarambla.com\/en\/wp-json\/wp\/v2\/types\/post"}],"author":[{"embeddable":true,"href":"https:\/\/www.revistarambla.com\/en\/wp-json\/wp\/v2\/users\/3"}],"replies":[{"embeddable":true,"href":"https:\/\/www.revistarambla.com\/en\/wp-json\/wp\/v2\/comments?post=43336"}],"version-history":[{"count":4,"href":"https:\/\/www.revistarambla.com\/en\/wp-json\/wp\/v2\/posts\/43336\/revisions"}],"predecessor-version":[{"id":43385,"href":"https:\/\/www.revistarambla.com\/en\/wp-json\/wp\/v2\/posts\/43336\/revisions\/43385"}],"wp:featuredmedia":[{"embeddable":true,"href":"https:\/\/www.revistarambla.com\/en\/wp-json\/wp\/v2\/media\/43337"}],"wp:attachment":[{"href":"https:\/\/www.revistarambla.com\/en\/wp-json\/wp\/v2\/media?parent=43336"}],"wp:term":[{"taxonomy":"category","embeddable":true,"href":"https:\/\/www.revistarambla.com\/en\/wp-json\/wp\/v2\/categories?post=43336"},{"taxonomy":"post_tag","embeddable":true,"href":"https:\/\/www.revistarambla.com\/en\/wp-json\/wp\/v2\/tags?post=43336"}],"curies":[{"name":"wp","href":"https:\/\/api.w.org\/{rel}","templated":true}]}}