{"id":4312,"date":"2013-11-24T18:46:21","date_gmt":"2013-11-24T18:46:21","guid":{"rendered":"https:\/\/www.revistarambla.com\/hartos-sin-pan\/"},"modified":"2021-12-27T17:06:09","modified_gmt":"2021-12-27T16:06:09","slug":"hartos-sin-pan","status":"publish","type":"post","link":"https:\/\/www.revistarambla.com\/en\/hartos-sin-pan\/","title":{"rendered":"Hartos, sin pan"},"content":{"rendered":"<p>Miles de personas han salido a las calles de Barcelona para protestar contra los presupuestos de 2014, los recortes en servicios sociales, la precariedad laboral y la reforma de las pensiones, en una marcha organizada por la Plataforma &#8216;Prou Retallades&#8217;, que engloba a sindicatos, entidades y asociaciones, entre otros. La marcha se ha iniciado pasadas las 12.00 horas de este domingo en el paseo de Gr\u00e0cia para terminar en Pla del palau, donde los convocantes leer\u00e1n un manifiesto que critica la \u00abobediencia\u00bb del Gobierno central y del catal\u00e1n con la Troika desde el a\u00f1o 2008. Gritos a favor de una nueva huelga general y esl\u00f3ganes como \u00abNos est\u00e1n hundiendo el pa\u00eds\u00bb o los ya habituales \u00abNo es una crisis es una estafa\u00bb y \u00abNo hay pan para tantos chorizos\u00bb han sido coreados por los participantes, muchos de ellos miembros de los sindicatos, vecinos de barrios barceloneses y yayoflautas y grupos de pensionistas que protestaban por la ca\u00edda de su poder adquisitivo.<\/p>\n<p><img decoding=\"async\" class=\"aligncenter\" src=\"https:\/\/www.revistarambla.com\/wp-content\/uploads\/2013\/11\/recortes_rambla_02.jpg\" alt=\"alt\" width=\"700\" height=\"373\" \/><\/p>\n<p>\u00abHoy es el d\u00eda para decir basta a unos recortes que lo \u00fanico que hacen es crear m\u00e1s paro y problemas sociales\u00bb, ha manifestado\u00a0Josep Maria \u00c0lvarez, secretario general d&#8217;UGT de Catalunya, al inicio de la marcha.\u00a0Joan Carles Gallego, rsercretaio general de CCOO\u00a0en Catalunya, ha hecho hincapi\u00e9 en elejemplo de los trabajadores de Panrico,que han echazado el preacuerdo de ERE \u201checho los empleados de Panrico,\u00a0tienen que plantar cara a unos recortes en los derechos laborales que est\u00e1n empezando a ser cont\u00ednuos\u00bb, ha subrayado Gallego.\u201d<\/p>\n<p>En el manifiesto oficial que se lee al final de Via Laietana , mientras todav\u00eda hay gente enfrente del Corte Ingl\u00e9s, en la Pla\u00e7a de Catalunya, se hace referencia a los presupuestos que, en Madrid, el PP y, en Barcelona, CiU tienen previsto implementar. En un mismo paquete se considera el contenido de las cuentas p\u00fablicas como una nueva acometida social. Se recuerdan los recortes en educaci\u00f3n, sanidad, servicios p\u00fablicos y se teme que dicha reforma de la Administraci\u00f3n local suponga que aumenten las personas en paro.<\/p>\n<p>Gente que ha perdido sus casas, gente expoliada por operaciones bancarias poco claras, parados y paradas, todos perdedores en la radical ruptura del acuerdo social fruto de la transici\u00f3n, son citados en el manifiesto. Se reclama tambi\u00e9n el derecho a decidir en especial para los trabajadores sometidos a la p\u00e9rdida de derechos y al autoritarismo empresarial fruto de una reforma laboral que propicia miles de despidos arbitrarios, rebajas salariales y precariedad.<\/p>\n<p>Aturem els pressupostos anrtisocials&#8217; ha rezado la pancarta de la cabecera a la que no se han a\u00f1adido ning\u00fan tipo de siglas con el objetivo de\u00a0aglutinar el mayor n\u00famero de participantes posible. Uno de los colectivos m\u00e1s numerosos ha sido el de la ense\u00f1anza, entre el que se encontraba el sindicato CGT, cuya marea amarilla ha destacado entre los manifestantes.<\/p>\n<p>Numerosos &#8216;yayoflautas&#8217; y movimientos vecinales han marchado entre unos manifestantes de m\u00faltiples procedencias que\u00a0han gritado contra el cierre de ambulatorios y escuelas y a favor de la convocatoria de una huelga general. Tambi\u00e9n han gritado contra las p\u00f2l\u00edticas de austeridad de los Gobiernos espa\u00f1ol y catal\u00e1n, a quienes han pedido\u00a0una nueva pol\u00edtica\u00a0que incentive la econom\u00eda y no se centre solo en\u00a0el equilibrio presupuestario.\u00a0Las consignas contra\u00a0la reforma de las pensiones y la p\u00e9rdida de poder adquisitivo de los actuales pensionistas han sido gritadas por los manifestantes.<\/p>\n<p>En la acera del Passeig de Gr\u00e0cia, Antonio muestra un cartel hecho en una impresora particular, con un lema : \u00abParado , mu\u00e9vete\u00bb, y a la pregunta del motivo de su presencia en la manifestaci\u00f3n, dice: \u00abEst\u00e1 claro, \u00bfno?\u00bb.<\/p>\n<p>Con estos contenidos no es de extra\u00f1ar que no se viera ning\u00fan dirigente de ERC y CiU en la manifestaci\u00f3n. Pocas siglas de partido y de estos, s\u00f3lo de izquierdas. Los m\u00e1ximos dirigentes de ICV-EUiA marchan casi al final de la manifestaci\u00f3n con parlamentarios y parlamentarias portando la pancarta: Dolors Camats, Ricard Gom\u00e0, Joan Coscubiela y Josep Nuet entre ellos. Y mucha sociedad civil, desde el Proc\u00e9s Constituyente hasta Ca la Dona<\/p>\n<p>En Girona, la convocatoria tambi\u00e9n ha se ha desarrollado este domingo y ha reunido a unas mil personas, que se han manifestado con el lema \u00abQue no nos quiten el futuro\u00bb y han proferido gritos contra los recortes de pensiones y salarios.<\/p>","protected":false},"excerpt":{"rendered":"<p>Miles de personas han salido a las calles de Barcelona para protestar contra los presupuestos de 2014, los recortes en servicios sociales, la precariedad laboral y la reforma de las pensiones, en una marcha organizada por la Plataforma &#8216;Prou Retallades&#8217;, que engloba a sindicatos, entidades y asociaciones, entre otros. La [&hellip;]<\/p>\n","protected":false},"author":3,"featured_media":0,"comment_status":"open","ping_status":"open","sticky":false,"template":"","format":"standard","meta":{"footnotes":""},"categories":[3,76],"tags":[],"class_list":["post-4312","post","type-post","status-publish","format-standard","hentry","category-actualidad","category-barcelona"],"yoast_head":"<!-- This site is optimized with the Yoast SEO plugin v27.5 - https:\/\/yoast.com\/product\/yoast-seo-wordpress\/ -->\n<title>Hartos, sin pan - Revista Rambla<\/title>\n<meta name=\"robots\" content=\"index, follow, max-snippet:-1, max-image-preview:large, max-video-preview:-1\" \/>\n<link rel=\"canonical\" href=\"https:\/\/www.revistarambla.com\/en\/hartos-sin-pan\/\" \/>\n<meta property=\"og:locale\" content=\"en_GB\" \/>\n<meta property=\"og:type\" content=\"article\" \/>\n<meta property=\"og:title\" content=\"Hartos, sin pan - Revista Rambla\" \/>\n<meta property=\"og:description\" content=\"Miles de personas han salido a las calles de Barcelona para protestar contra los presupuestos de 2014, los recortes en servicios sociales, la precariedad laboral y la reforma de las pensiones, en una marcha organizada por la Plataforma &#8216;Prou Retallades&#8217;, que engloba a sindicatos, entidades y asociaciones, entre otros. La [&hellip;]\" \/>\n<meta property=\"og:url\" content=\"https:\/\/www.revistarambla.com\/en\/hartos-sin-pan\/\" \/>\n<meta property=\"og:site_name\" content=\"Revista Rambla\" \/>\n<meta property=\"article:publisher\" content=\"https:\/\/www.facebook.com\/revistarambla\/\" \/>\n<meta property=\"article:author\" content=\"https:\/\/www.facebook.com\/revistarambla\" \/>\n<meta property=\"article:published_time\" content=\"2013-11-24T18:46:21+00:00\" \/>\n<meta property=\"article:modified_time\" content=\"2021-12-27T16:06:09+00:00\" \/>\n<meta property=\"og:image\" content=\"https:\/\/www.revistarambla.com\/wp-content\/uploads\/2013\/11\/recortes_rambla_01.jpg\" \/>\n\t<meta property=\"og:image:width\" content=\"682\" \/>\n\t<meta property=\"og:image:height\" content=\"450\" \/>\n\t<meta property=\"og:image:type\" content=\"image\/jpeg\" \/>\n<meta name=\"author\" content=\"R@mbla\" \/>\n<meta name=\"twitter:card\" content=\"summary_large_image\" \/>\n<meta name=\"twitter:creator\" content=\"@revistarambla\" \/>\n<meta name=\"twitter:site\" content=\"@revistarambla\" \/>\n<meta name=\"twitter:label1\" content=\"Written by\" \/>\n\t<meta name=\"twitter:data1\" content=\"R@mbla\" \/>\n\t<meta name=\"twitter:label2\" content=\"Estimated reading time\" \/>\n\t<meta name=\"twitter:data2\" content=\"4 minutes\" \/>\n<script type=\"application\/ld+json\" class=\"yoast-schema-graph\">{\"@context\":\"https:\\\/\\\/schema.org\",\"@graph\":[{\"@type\":\"Article\",\"@id\":\"https:\\\/\\\/www.revistarambla.com\\\/hartos-sin-pan\\\/#article\",\"isPartOf\":{\"@id\":\"https:\\\/\\\/www.revistarambla.com\\\/hartos-sin-pan\\\/\"},\"author\":{\"name\":\"R@mbla\",\"@id\":\"https:\\\/\\\/www.revistarambla.com\\\/#\\\/schema\\\/person\\\/a146a5a2550b94981a75131180e1bd9c\"},\"headline\":\"Hartos, sin pan\",\"datePublished\":\"2013-11-24T18:46:21+00:00\",\"dateModified\":\"2021-12-27T16:06:09+00:00\",\"mainEntityOfPage\":{\"@id\":\"https:\\\/\\\/www.revistarambla.com\\\/hartos-sin-pan\\\/\"},\"wordCount\":757,\"commentCount\":0,\"publisher\":{\"@id\":\"https:\\\/\\\/www.revistarambla.com\\\/#organization\"},\"image\":{\"@id\":\"https:\\\/\\\/www.revistarambla.com\\\/hartos-sin-pan\\\/#primaryimage\"},\"thumbnailUrl\":\"https:\\\/\\\/www.revistarambla.com\\\/wp-content\\\/uploads\\\/2013\\\/11\\\/recortes_rambla_02.jpg\",\"articleSection\":[\"Actualidad\",\"Barcelona\"],\"inLanguage\":\"en-GB\",\"potentialAction\":[{\"@type\":\"CommentAction\",\"name\":\"Comment\",\"target\":[\"https:\\\/\\\/www.revistarambla.com\\\/hartos-sin-pan\\\/#respond\"]}]},{\"@type\":\"WebPage\",\"@id\":\"https:\\\/\\\/www.revistarambla.com\\\/hartos-sin-pan\\\/\",\"url\":\"https:\\\/\\\/www.revistarambla.com\\\/hartos-sin-pan\\\/\",\"name\":\"Hartos, sin pan - Revista Rambla\",\"isPartOf\":{\"@id\":\"https:\\\/\\\/www.revistarambla.com\\\/#website\"},\"primaryImageOfPage\":{\"@id\":\"https:\\\/\\\/www.revistarambla.com\\\/hartos-sin-pan\\\/#primaryimage\"},\"image\":{\"@id\":\"https:\\\/\\\/www.revistarambla.com\\\/hartos-sin-pan\\\/#primaryimage\"},\"thumbnailUrl\":\"https:\\\/\\\/www.revistarambla.com\\\/wp-content\\\/uploads\\\/2013\\\/11\\\/recortes_rambla_02.jpg\",\"datePublished\":\"2013-11-24T18:46:21+00:00\",\"dateModified\":\"2021-12-27T16:06:09+00:00\",\"breadcrumb\":{\"@id\":\"https:\\\/\\\/www.revistarambla.com\\\/hartos-sin-pan\\\/#breadcrumb\"},\"inLanguage\":\"en-GB\",\"potentialAction\":[{\"@type\":\"ReadAction\",\"target\":[\"https:\\\/\\\/www.revistarambla.com\\\/hartos-sin-pan\\\/\"]}]},{\"@type\":\"ImageObject\",\"inLanguage\":\"en-GB\",\"@id\":\"https:\\\/\\\/www.revistarambla.com\\\/hartos-sin-pan\\\/#primaryimage\",\"url\":\"https:\\\/\\\/www.revistarambla.com\\\/wp-content\\\/uploads\\\/2013\\\/11\\\/recortes_rambla_02.jpg\",\"contentUrl\":\"https:\\\/\\\/www.revistarambla.com\\\/wp-content\\\/uploads\\\/2013\\\/11\\\/recortes_rambla_02.jpg\"},{\"@type\":\"BreadcrumbList\",\"@id\":\"https:\\\/\\\/www.revistarambla.com\\\/hartos-sin-pan\\\/#breadcrumb\",\"itemListElement\":[{\"@type\":\"ListItem\",\"position\":1,\"name\":\"Portada\",\"item\":\"https:\\\/\\\/www.revistarambla.com\\\/\"},{\"@type\":\"ListItem\",\"position\":2,\"name\":\"Hartos, sin pan\"}]},{\"@type\":\"WebSite\",\"@id\":\"https:\\\/\\\/www.revistarambla.com\\\/#website\",\"url\":\"https:\\\/\\\/www.revistarambla.com\\\/\",\"name\":\"Revista Rambla Barcelona\",\"description\":\"Periodismo independiente\",\"publisher\":{\"@id\":\"https:\\\/\\\/www.revistarambla.com\\\/#organization\"},\"potentialAction\":[{\"@type\":\"SearchAction\",\"target\":{\"@type\":\"EntryPoint\",\"urlTemplate\":\"https:\\\/\\\/www.revistarambla.com\\\/?s={search_term_string}\"},\"query-input\":{\"@type\":\"PropertyValueSpecification\",\"valueRequired\":true,\"valueName\":\"search_term_string\"}}],\"inLanguage\":\"en-GB\"},{\"@type\":\"Organization\",\"@id\":\"https:\\\/\\\/www.revistarambla.com\\\/#organization\",\"name\":\"Revista Rambla\",\"url\":\"https:\\\/\\\/www.revistarambla.com\\\/\",\"logo\":{\"@type\":\"ImageObject\",\"inLanguage\":\"en-GB\",\"@id\":\"https:\\\/\\\/www.revistarambla.com\\\/#\\\/schema\\\/logo\\\/image\\\/\",\"url\":\"https:\\\/\\\/www.revistarambla.com\\\/wp-content\\\/uploads\\\/2020\\\/09\\\/banner_rambla_1900x600_BB.png\",\"contentUrl\":\"https:\\\/\\\/www.revistarambla.com\\\/wp-content\\\/uploads\\\/2020\\\/09\\\/banner_rambla_1900x600_BB.png\",\"width\":1900,\"height\":600,\"caption\":\"Revista Rambla\"},\"image\":{\"@id\":\"https:\\\/\\\/www.revistarambla.com\\\/#\\\/schema\\\/logo\\\/image\\\/\"},\"sameAs\":[\"https:\\\/\\\/www.facebook.com\\\/revistarambla\\\/\",\"https:\\\/\\\/x.com\\\/revistarambla\",\"https:\\\/\\\/www.instagram.com\\\/revista_rambla\",\"https:\\\/\\\/es.linkedin.com\\\/company\\\/revista-rambla\"]},{\"@type\":\"Person\",\"@id\":\"https:\\\/\\\/www.revistarambla.com\\\/#\\\/schema\\\/person\\\/a146a5a2550b94981a75131180e1bd9c\",\"name\":\"R@mbla\",\"description\":\"Este art\u00edculo ha sido redactado y\\\/o validado por el equipo de redacci\u00f3n de Revista Rambla.\",\"sameAs\":[\"https:\\\/\\\/www.revistarambla.com\\\/\",\"https:\\\/\\\/www.facebook.com\\\/revistarambla\",\"https:\\\/\\\/x.com\\\/revistarambla\"]}]}<\/script>\n<!-- \/ Yoast SEO plugin. -->","yoast_head_json":{"title":"Hartos, sin pan - Revista Rambla","robots":{"index":"index","follow":"follow","max-snippet":"max-snippet:-1","max-image-preview":"max-image-preview:large","max-video-preview":"max-video-preview:-1"},"canonical":"https:\/\/www.revistarambla.com\/en\/hartos-sin-pan\/","og_locale":"en_GB","og_type":"article","og_title":"Hartos, sin pan - Revista Rambla","og_description":"Miles de personas han salido a las calles de Barcelona para protestar contra los presupuestos de 2014, los recortes en servicios sociales, la precariedad laboral y la reforma de las pensiones, en una marcha organizada por la Plataforma &#8216;Prou Retallades&#8217;, que engloba a sindicatos, entidades y asociaciones, entre otros. La [&hellip;]","og_url":"https:\/\/www.revistarambla.com\/en\/hartos-sin-pan\/","og_site_name":"Revista Rambla","article_publisher":"https:\/\/www.facebook.com\/revistarambla\/","article_author":"https:\/\/www.facebook.com\/revistarambla","article_published_time":"2013-11-24T18:46:21+00:00","article_modified_time":"2021-12-27T16:06:09+00:00","og_image":[{"width":682,"height":450,"url":"https:\/\/www.revistarambla.com\/wp-content\/uploads\/2013\/11\/recortes_rambla_01.jpg","type":"image\/jpeg"}],"author":"R@mbla","twitter_card":"summary_large_image","twitter_creator":"@revistarambla","twitter_site":"@revistarambla","twitter_misc":{"Written by":"R@mbla","Estimated reading time":"4 minutes"},"schema":{"@context":"https:\/\/schema.org","@graph":[{"@type":"Article","@id":"https:\/\/www.revistarambla.com\/hartos-sin-pan\/#article","isPartOf":{"@id":"https:\/\/www.revistarambla.com\/hartos-sin-pan\/"},"author":{"name":"R@mbla","@id":"https:\/\/www.revistarambla.com\/#\/schema\/person\/a146a5a2550b94981a75131180e1bd9c"},"headline":"Hartos, sin pan","datePublished":"2013-11-24T18:46:21+00:00","dateModified":"2021-12-27T16:06:09+00:00","mainEntityOfPage":{"@id":"https:\/\/www.revistarambla.com\/hartos-sin-pan\/"},"wordCount":757,"commentCount":0,"publisher":{"@id":"https:\/\/www.revistarambla.com\/#organization"},"image":{"@id":"https:\/\/www.revistarambla.com\/hartos-sin-pan\/#primaryimage"},"thumbnailUrl":"https:\/\/www.revistarambla.com\/wp-content\/uploads\/2013\/11\/recortes_rambla_02.jpg","articleSection":["Actualidad","Barcelona"],"inLanguage":"en-GB","potentialAction":[{"@type":"CommentAction","name":"Comment","target":["https:\/\/www.revistarambla.com\/hartos-sin-pan\/#respond"]}]},{"@type":"WebPage","@id":"https:\/\/www.revistarambla.com\/hartos-sin-pan\/","url":"https:\/\/www.revistarambla.com\/hartos-sin-pan\/","name":"Hartos, sin pan - Revista Rambla","isPartOf":{"@id":"https:\/\/www.revistarambla.com\/#website"},"primaryImageOfPage":{"@id":"https:\/\/www.revistarambla.com\/hartos-sin-pan\/#primaryimage"},"image":{"@id":"https:\/\/www.revistarambla.com\/hartos-sin-pan\/#primaryimage"},"thumbnailUrl":"https:\/\/www.revistarambla.com\/wp-content\/uploads\/2013\/11\/recortes_rambla_02.jpg","datePublished":"2013-11-24T18:46:21+00:00","dateModified":"2021-12-27T16:06:09+00:00","breadcrumb":{"@id":"https:\/\/www.revistarambla.com\/hartos-sin-pan\/#breadcrumb"},"inLanguage":"en-GB","potentialAction":[{"@type":"ReadAction","target":["https:\/\/www.revistarambla.com\/hartos-sin-pan\/"]}]},{"@type":"ImageObject","inLanguage":"en-GB","@id":"https:\/\/www.revistarambla.com\/hartos-sin-pan\/#primaryimage","url":"https:\/\/www.revistarambla.com\/wp-content\/uploads\/2013\/11\/recortes_rambla_02.jpg","contentUrl":"https:\/\/www.revistarambla.com\/wp-content\/uploads\/2013\/11\/recortes_rambla_02.jpg"},{"@type":"BreadcrumbList","@id":"https:\/\/www.revistarambla.com\/hartos-sin-pan\/#breadcrumb","itemListElement":[{"@type":"ListItem","position":1,"name":"Portada","item":"https:\/\/www.revistarambla.com\/"},{"@type":"ListItem","position":2,"name":"Hartos, sin pan"}]},{"@type":"WebSite","@id":"https:\/\/www.revistarambla.com\/#website","url":"https:\/\/www.revistarambla.com\/","name":"Revista Rambla Barcelona","description":"Periodismo independiente","publisher":{"@id":"https:\/\/www.revistarambla.com\/#organization"},"potentialAction":[{"@type":"SearchAction","target":{"@type":"EntryPoint","urlTemplate":"https:\/\/www.revistarambla.com\/?s={search_term_string}"},"query-input":{"@type":"PropertyValueSpecification","valueRequired":true,"valueName":"search_term_string"}}],"inLanguage":"en-GB"},{"@type":"Organization","@id":"https:\/\/www.revistarambla.com\/#organization","name":"Revista Rambla","url":"https:\/\/www.revistarambla.com\/","logo":{"@type":"ImageObject","inLanguage":"en-GB","@id":"https:\/\/www.revistarambla.com\/#\/schema\/logo\/image\/","url":"https:\/\/www.revistarambla.com\/wp-content\/uploads\/2020\/09\/banner_rambla_1900x600_BB.png","contentUrl":"https:\/\/www.revistarambla.com\/wp-content\/uploads\/2020\/09\/banner_rambla_1900x600_BB.png","width":1900,"height":600,"caption":"Revista Rambla"},"image":{"@id":"https:\/\/www.revistarambla.com\/#\/schema\/logo\/image\/"},"sameAs":["https:\/\/www.facebook.com\/revistarambla\/","https:\/\/x.com\/revistarambla","https:\/\/www.instagram.com\/revista_rambla","https:\/\/es.linkedin.com\/company\/revista-rambla"]},{"@type":"Person","@id":"https:\/\/www.revistarambla.com\/#\/schema\/person\/a146a5a2550b94981a75131180e1bd9c","name":"R@mbla","description":"Este art\u00edculo ha sido redactado y\/o validado por el equipo de redacci\u00f3n de Revista Rambla.","sameAs":["https:\/\/www.revistarambla.com\/","https:\/\/www.facebook.com\/revistarambla","https:\/\/x.com\/revistarambla"]}]}},"_links":{"self":[{"href":"https:\/\/www.revistarambla.com\/en\/wp-json\/wp\/v2\/posts\/4312","targetHints":{"allow":["GET"]}}],"collection":[{"href":"https:\/\/www.revistarambla.com\/en\/wp-json\/wp\/v2\/posts"}],"about":[{"href":"https:\/\/www.revistarambla.com\/en\/wp-json\/wp\/v2\/types\/post"}],"author":[{"embeddable":true,"href":"https:\/\/www.revistarambla.com\/en\/wp-json\/wp\/v2\/users\/3"}],"replies":[{"embeddable":true,"href":"https:\/\/www.revistarambla.com\/en\/wp-json\/wp\/v2\/comments?post=4312"}],"version-history":[{"count":0,"href":"https:\/\/www.revistarambla.com\/en\/wp-json\/wp\/v2\/posts\/4312\/revisions"}],"wp:attachment":[{"href":"https:\/\/www.revistarambla.com\/en\/wp-json\/wp\/v2\/media?parent=4312"}],"wp:term":[{"taxonomy":"category","embeddable":true,"href":"https:\/\/www.revistarambla.com\/en\/wp-json\/wp\/v2\/categories?post=4312"},{"taxonomy":"post_tag","embeddable":true,"href":"https:\/\/www.revistarambla.com\/en\/wp-json\/wp\/v2\/tags?post=4312"}],"curies":[{"name":"wp","href":"https:\/\/api.w.org\/{rel}","templated":true}]}}