{"id":42733,"date":"2022-06-01T20:56:10","date_gmt":"2022-06-01T18:56:10","guid":{"rendered":"https:\/\/www.revistarambla.com\/?p=42733"},"modified":"2022-06-01T20:58:20","modified_gmt":"2022-06-01T18:58:20","slug":"la-siniestra-vida-de-gilberto-rodriguez-orejuela-el-reinado-en-cali-su-guerra-con-pablo-escobar-y-una-tumba-en-estados-unidos","status":"publish","type":"post","link":"https:\/\/www.revistarambla.com\/en\/la-siniestra-vida-de-gilberto-rodriguez-orejuela-el-reinado-en-cali-su-guerra-con-pablo-escobar-y-una-tumba-en-estados-unidos\/","title":{"rendered":"La siniestra vida de Gilberto Rodr\u00edguez Orejuela: el reinado en Cali, su guerra con Pablo Escobar y una tumba en Estados Unidos"},"content":{"rendered":"<p>La primera etapa de la guerra hab\u00eda terminado. Y el ganador decidi\u00f3 cu\u00e1l ser\u00eda el destino del resto de la familia de Pablo Emilio Escobar Gaviria. Los popes del C\u00e1rtel de Cali, Gilberto y Miguel Rodr\u00edguez Orejuela, hab\u00edan ordenado a Mar\u00eda Victoria Henao \u2013viuda del ex jefe narco de Medell\u00edn\u2013 que viajara a la ciudad que acog\u00eda al triunfador. All\u00ed le comunicaron dos cosas: la primera, que deb\u00eda indemnizar a los traficantes que se hab\u00edan enfrentado con su marido. Eran los barones que conformaron los Pepes (Perseguidos por Pablo Escobar). La otra le cort\u00f3 el coraz\u00f3n: su hijo Juan Pablo Escobar Henao ser\u00eda ejecutado.<\/p>\n<p>Eran alrededor de 40 mafiosos colombianos reunidos en la finca de los Rodr\u00edguez Orejuela en Cali. Hasta all\u00ed lleg\u00f3 \u201cTata\u201d. Acept\u00f3 lo primero, pero reneg\u00f3 de entregar a su hijo. Pidi\u00f3 clemencia. Le dieron diez d\u00edas de gracia. Regres\u00f3 con los papeles de todas las propiedades que ten\u00eda Escobar y las reparti\u00f3. Entre ellas hab\u00eda campos de entre 10 mil y 100 mil hect\u00e1reas. Edificios enteros, propiedades en toda Colombia. Y algo de efectivo. Pero la amenaza contra su hijo continuaba.<\/p>\n<p>\u201cSe\u00f1ora, no se preocupe, que despu\u00e9s de esto va a haber paz, pero a su hijo s\u00ed se lo vamos a matar\u201d, prometi\u00f3 Gilberto, el fundador de la organizaci\u00f3n criminal. \u201cTata\u201d insisti\u00f3. Jur\u00f3 que Juan Pablo no mantendr\u00eda la guerra iniciada por su padre. Que era apenas un adolescente y que ella se encargar\u00eda de enderezar cualquier intento de desviaci\u00f3n hacia la vida criminal. Se ofreci\u00f3 como garante del posible pacto. Incluso les anunci\u00f3 que abandonar\u00edan Colombia para siempre. Le replicaron que la suerte del joven heredero se decidir\u00eda en una tercera reuni\u00f3n, quince d\u00edas despu\u00e9s.<\/p>\n<p>All\u00ed tuvo su cumbre. Fueron 20 minutos que marcar\u00edan el resto de sus vidas. El futuro de los herederos directos de \u201cEl Patr\u00f3n\u201d. Lo recibieron H\u00e9lmer \u201cPacho\u201d Herrera, Jos\u00e9 \u201cChepe\u201d Santacruz Londo\u00f1o y Miguel Rodr\u00edguez Orejuela. La c\u00fapula misma del C\u00e1rtel de Cali, sin Gilberto, quien no quiso ser esa vez parte. All\u00ed, Juan Pablo Escobar clam\u00f3 por su vida. Les asegur\u00f3 que para \u00e9l todo se trataba de una \u201cmaldici\u00f3n\u201d que le hab\u00eda arrebatado todo. Hasta pidi\u00f3 que lo ayudasen a escapar del pa\u00eds. \u201cNi las aerol\u00edneas nos quieren vender pasajes\u201d, les dijo. \u201cEst\u00e9 tranquilo. No tiene nada que temer. Lo \u00fanico que no podemos permitir es que se quede con mucha plata, para que no se vaya a enloquecer\u201d, le se\u00f1al\u00f3 \u201cPacho\u201d Herrera.<\/p>\n<p>Al terminar la reuni\u00f3n, Miguel, el hermano del jefe de Cali sentenci\u00f3: \u201cPase lo que pase de aqu\u00ed en adelante, en Colombia no volver\u00e1 a nacer un tigre como Pablo Escobar\u201d. La m\u00e1s sangrienta de las guerras intestinas de Colombia hab\u00eda llegado a su fin. O a una impasse.<\/p>\n<h2>Los Rodr\u00edguez Orejuela<\/h2>\n<p>Gilberto Jos\u00e9 Rodr\u00edguez Orejuela naci\u00f3 en Mariquita, Tolima, el 30 de enero de 1939. Muri\u00f3 hoy, 1\u00b0 de junio de 2022 muy lejos de all\u00ed: en una fr\u00eda celda de Butner, Carolina del Norte, Estados Unidos, a los 83 a\u00f1os. Cuando era a\u00fan un ni\u00f1o, debi\u00f3 hacerse cargo de su casa, de su madre, Ana Orejuela, y de sus hermanos. Eso le vali\u00f3 el respeto del resto de la familia. A los diez a\u00f1os, mientras vend\u00eda floreros de forma ambulante, ech\u00f3 de su propio hogar a su padre, Carlos Rodr\u00edguez, cansado del maltrato al que somet\u00eda a su madre y los dem\u00e1s. Lo \u00fanico que recibi\u00f3 como herencia fue pobreza.<\/p>\n<p>Ya mudados a Cali, Gilberto comenz\u00f3 a trabajar en una farmacia, donde hac\u00eda de mensajero. Era el encargado de vender y distribuir la medicaci\u00f3n que los clientes requer\u00edan en sus viviendas. Eso le aport\u00f3 conocimientos b\u00e1sicos: el manejo de la calle, observar las necesidades de las personas e interiorizarse sobre la importancia que las drogas ten\u00edan en la sociedad. Fue as\u00ed que comenz\u00f3 a generar su propio negocio paralelo. Vend\u00eda medicamentos de forma ilegal a quienes no pod\u00edan conseguir una autorizaci\u00f3n m\u00e9dica para consumirlos.<\/p>\n<p>Los a\u00f1os, la disciplina para el trabajo y el haber aprendido c\u00f3mo era el bajo mundo de Cali le sirvieron para saber que el dinero fresco estaba all\u00ed, en las calles. En el comercio. En la pirater\u00eda. En el tr\u00e1fico. De esa forma, les vend\u00eda remedios robados a sus amigos y al que lograra contactarlo. Al tiempo consigui\u00f3 montar su propia farmacia.<\/p>\n<p>Fue Jos\u00e9 \u00abChepe\u00bb Santacruz Londo\u00f1o quien lo guiar\u00eda al mundo del narcotr\u00e1fico. El hombre, pr\u00f3ximo n\u00famero tres en la jerarqu\u00eda del C\u00e1rtel de Cali, le marc\u00f3 el futuro: vender coca\u00edna en Estados Unidos. El negocio comenz\u00f3 a multiplicar las ganancias. Pero a\u00fan restaba otro integrante en la organizaci\u00f3n.<\/p>\n<p>Miguel \u00c1ngel Rodr\u00edguez Orejuela, cuatro a\u00f1os menor que Gilberto, permaneci\u00f3 varios a\u00f1os alejado del fundador del grupo narco. Sin la bendici\u00f3n del jefe de la familia, Miguel decidi\u00f3 casarse. La pelea fue instant\u00e1nea y su derrumbe econ\u00f3mico tambi\u00e9n. Trabaj\u00f3 en varias empresas, con suerte diversa. La reconciliaci\u00f3n se concretar\u00eda a\u00f1os despu\u00e9s. Fue el 31 de julio de 1965, cuando naci\u00f3 William Rodr\u00edguez Abad\u00eda, su primer hijo. Ese d\u00eda se lo present\u00f3 a Gilberto, quien decidi\u00f3 que ser\u00eda su padrino. A partir de entonces, se volvieron inseparables. Incluso, Miguel volvi\u00f3 a trabajar con su hermano en la farmacia Monserrate, de su propiedad. Nuevamente ganar\u00eda su confianza. Esta vez para siempre.<\/p>\n<p>Hacia finales de los 70, los Rodr\u00edguez Orejuela hab\u00edan logrado levantar un emporio empresarial: fundaron el Banco de los Trabajadores, adquirido Drogas la Rebaja y una decena de droguer\u00edas, Grupo Radial Colombiana, laboratorios Kressford, Financiera Boyac\u00e1, adem\u00e1s de las cadenas de farmacia a lo largo de toda la ciudad y cada vez m\u00e1s influencia en el club de su pasi\u00f3n: Am\u00e9rica de Cali. Detr\u00e1s de toda esa fachada financiera y de negocios, lat\u00eda oculto el verdadero coraz\u00f3n del negocio: la elaboraci\u00f3n y la venta de coca\u00edna.<\/p>\n<p>Camilo Chaparro, autor del libro Historia del C\u00e1rtel de Cali, explic\u00f3 -hace ya cinco a\u00f1os a Infobae- la diferencia de car\u00e1cter y de visi\u00f3n entre ambos hermanos: \u201cMiguel era impulsivo, radical, duro\u2026 Gilberto, en cambio, m\u00e1s reposado, pensante. M\u00e1s negociador. Prefer\u00eda hablar, convencer\u201d. El periodista describi\u00f3 cu\u00e1l era el cinematogr\u00e1fico horizonte al que apuntaba el mayor de los Rodr\u00edguez Orejuela: \u201cSu gu\u00eda era El Padrino, el libro de Mario Puzo. Lo llamaban \u2018El Ajedrecista\u2019. Si usted cruza la vida de Gilberto y El Padrino, concluye que quer\u00eda ser como \u00e9l y lograr sus objetivos\u201d.<\/p>\n<h2>Pablo Escobar, ese problema maldito<\/h2>\n<p>Los Rodr\u00edguez Orejuela -ya en la mira de la Agencia de Control de Drogas de los Estados Unidos (DEA, por sus siglas en ingl\u00e9s)- manten\u00edan un perfil subterr\u00e1neo, muy diferente al de su alter ego antioque\u00f1o. Si bien llevaban una vida c\u00f3moda, no sent\u00edan la necesidad de cometer torpezas de lujos y ostentaci\u00f3n. No aspiraban a levantar su propio zool\u00f3gico. Quer\u00edan mostrarse como empresarios exitosos gracias a las fachadas de sus m\u00faltiples empresas. Tampoco quer\u00edan involucrarse en pol\u00edtica. Sab\u00edan que era un territorio al que no pod\u00edan o deb\u00edan acceder.<\/p>\n<p>Pero a 420 kil\u00f3metros al norte de Cali, en el centro de Colombia, otro capo del narcotr\u00e1fico ten\u00eda una visi\u00f3n distinta del negocio y del poder. Pablo Emilio Escobar Gaviria, jefe del C\u00e1rtel de Medell\u00edn, decidi\u00f3 filtrarse en la pol\u00edtica. Su objetivo era ser en alg\u00fan momento presidente. Pero el particular c\u00edrculo p\u00fablico colombiano no se lo perdonar\u00eda. Tampoco los dem\u00e1s popes narcos, que vieron c\u00f3mo el joven traficante los expon\u00eda a todos ellos.<\/p>\n<p>El peri\u00f3dico El Espectador y el ministro de Justicia, Rodrigo Lara Bonilla, revelaron al mundo la verdadera actividad de Escobar, flamante diputado suplente. El 30 de abril de 1984 fue la fecha que eligi\u00f3 el todopoderoso de Medell\u00edn para que la vida del funcionario llegase a su fin. Dos sicarios fueron los encargados de acribillarlo en el norte de Bogot\u00e1. Pero la ejecuci\u00f3n fue no s\u00f3lo un b\u00fameran en la vida de \u00abEl Patr\u00f3n\u00bb, sino que represent\u00f3 un problema para los dem\u00e1s mafiosos.<\/p>\n<p>Gilberto Rodr\u00edguez Orejuela le comunic\u00f3 a una familia supuestamente ignorante de sus asuntos que se tomar\u00eda vacaciones. Ser\u00edan largas y en Espa\u00f1a. Nadie en el seno familiar pod\u00eda creer que el workaholic jefe decidiera descansar m\u00e1s de una semana. Al poco tiempo, el 15 de noviembre de ese a\u00f1o, fue detenido en Madrid. Estados Unidos pidi\u00f3 su inmediata extradici\u00f3n y as\u00ed podr\u00eda convertirse en el primer narco en enfrentar una corte norteamericana.<\/p>\n<p>Miguel, conocedor de las leyes y a cargo de los negocios, construy\u00f3 un plan maestro para evitarlo. Contrat\u00f3 a los mejores abogados madrile\u00f1os. Ide\u00f3 una estrategia en Colombia para que fuera el Gobierno de su pa\u00eds el que solicitara la repatriaci\u00f3n, argumentando que los delitos por los cuales se lo acusaba hab\u00edan sido cometidos en su territorio. Fueron casi dos a\u00f1os tras las rejas hasta que finalmente regres\u00f3 a Cali, donde purgar\u00eda pocos meses de reclusi\u00f3n.<\/p>\n<p>Mientras tanto, el menor de los hermanos hab\u00eda conseguido que los \u00abnegocios\u00bb mantuvieran su crecimiento sostenido. Fue as\u00ed que pact\u00f3 una sociedad con H\u00e9lmer \u00abPacho\u00bb Herrera, el m\u00e1s grande distribuidor de coca\u00edna en Nueva York. Tambi\u00e9n se deshizo de empresas que no ten\u00edan futuro y se concentr\u00f3 en aquellas que daban r\u00e9dito econ\u00f3mico y que serv\u00edan de fachada para la golpeada familia.<\/p>\n<p>Cuando Gilberto regres\u00f3 de su prisi\u00f3n en Espa\u00f1a, Miguel hizo su \u00faltima jugada maestra en su defensa. Consigui\u00f3, gracias a favores pol\u00edticos y dem\u00e1s artes, que el presidente Belisario Betancur no firmara la orden de extradici\u00f3n reclamada por la Justicia norteamericana. \u00abRodr\u00edguez Orejuela 2; Estados Unidos 0\u00bb, escribi\u00f3 en su libro Yo soy el hijo del C\u00e1rtel de Cali William Rodr\u00edguez Abad\u00eda, hijo y sobrino de los capos. El joven abogado se convertir\u00eda, con el tiempo, en el cabecilla del grupo. Pero para eso faltaban a\u00f1os, balas y sangre. Mucha sangre.<\/p>\n<p>Cuando las aguas se tranquilizaron y las olas comenzaban a disiparse, la leyenda cuenta que los hermanos quisieron salirse del negocio. Ten\u00edan suficiente dinero y recursos para tratar de armar una vida burguesa y travestirse en empresarios respetados. Sin embargo, el robo de un cargamento de coca\u00edna con destino a Nueva York provoc\u00f3 que Escobar les declarara una guerra abierta. Para hacer frente a esa lucha, necesitar\u00edan m\u00e1s millones de d\u00f3lares, los cuales s\u00f3lo podr\u00edan ser provistos por la actividad m\u00e1s lucrativa.<\/p>\n<p>El bautismo de fuego entre ambos fue siniestro y rompi\u00f3 con uno de los c\u00f3digos no escritos de los mafiosos del narcotr\u00e1fico. El C\u00e1rtel de Cali hab\u00eda colocado un autom\u00f3vil repleto con 80 kilogramos de explosivos, que deton\u00f3, frente al m\u00edtico Edificio M\u00f3naco, en el exclusivo barrio de Santa Mar\u00eda de los \u00c1ngeles, en Medell\u00edn. En el interior de la propiedad perteneciente al hijo preferido de Antioqu\u00eda, los dos hijos menores de Escobar y su esposa \u00abTata\u00bb Henao dorm\u00edan. Era la noche del 13 de enero de 1988 y esa fecha dar\u00eda inicio a una batalla que estremeci\u00f3 a toda Colombia. El estallido provoc\u00f3 conmoci\u00f3n en cuatro cuadras a la redonda. El saldo: tres muertos y m\u00e1s de diez heridos.<\/p>\n<p>Sobrevendr\u00edan los tiempos m\u00e1s oscuros de la historia reciente de Colombia. El atentado fallido \u2013que ten\u00eda por objeto sujetar al tigre\u2013 provoc\u00f3 una escalada de violencia fuera de control. Nadie conten\u00eda a \u00abEl Patr\u00f3n\u00bb. Nadie frenaba a los hermanos cale\u00f1os.<\/p>\n<h2>La uni\u00f3n contra \u00abel tigre\u00bb<\/h2>\n<p>Tras el asesinato del candidato presidencial Luis Carlos Gal\u00e1n el 18 de agosto de 1989 en Soacha, Bogot\u00e1, los sectores pol\u00edticos y empresariales del pa\u00eds comenzaron a sentirse cada vez m\u00e1s vulnerables a los ataques de Escobar, quien estaba decidido a terminar con la clase m\u00e1s alta de la burgues\u00eda colombiana y con sus enemigos en los negociados.<\/p>\n<p>\u00abDespu\u00e9s de la muerte de Gal\u00e1n, se dio un hecho que dar\u00eda un giro trascendental en la guerra contra el C\u00e1rtel de Medell\u00edn. Varios de los prohombres de la patria, intentando preservar sus intereses, le pidieron a otra organizaci\u00f3n delincuencial, el C\u00e1rtel de Cali, unir fuerzas para derrotar a Escobar. Aunque a muchos les duela reconocerlo, s\u00ed existi\u00f3 un pacto entre delincuentes y burgueses\u00bb, narr\u00f3 William Rodr\u00edguez Abad\u00eda en su libro. Ese nuevo grupo paraoficial estar\u00eda compuesto por fuerzas de seguridad colombianas, los narcos enfrentados al \u00abtigre\u00bb -como lo bautizar\u00eda al tiempo Miguel Rodr\u00edguez Orejuela\u2013 y grupos guerrilleros.<\/p>\n<p>Rodr\u00edguez Abad\u00eda recuerda en su obra un atentado frustrado planificado durante semanas. \u201cSe contrat\u00f3 a cuatro mercenarios ingleses para llevar a cabo un atentado contra Escobar en la Hacienda N\u00e1poles. Se hab\u00eda logrado infiltrar a un personaje que dar\u00eda aviso oportuno sobre un agasajo para celebrar la clasificaci\u00f3n a la final de la Copa Libertadores del Nacional de Medell\u00edn. Con apoyo armado por tierra, los ingleses iban a bombardear la finca a bordo de dos helic\u00f3pteros. Se presagiaba como el golpe final de esa guerra infernal\u201d. Estaba todo preparado y planificado a la perfecci\u00f3n. Pero una cuesti\u00f3n muy terrenal impidi\u00f3 el homicidio. \u201cUno de los pilotos, a causa de los nervios, se emborrach\u00f3 la noche anterior y el d\u00eda de la operaci\u00f3n colision\u00f3 con el \u00faltimo cerro antes de llegar a su destino\u201d.<\/p>\n<p>Cercado pero con el poder de fuego intacto, Escobar decidi\u00f3 que lo mejor por el momento era entregarse. Lo hizo bajo unas condiciones \u00fanicas y construy\u00f3 su propio centro penitenciario: la Catedral. Desde all\u00ed continu\u00f3 con sus atentados, pero su log\u00edstica y sus negocios comenzaban a desacelerarse. Los distribuidores prefer\u00edan a los Rodr\u00edguez Orejuela por sobre el malogrado hombre de Medell\u00edn. El poder de los hermanos cale\u00f1os crec\u00eda a medida que el de Escobar disminu\u00eda. Hacia 1991 el C\u00e1rtel de Cali controlaba el 80 por ciento del tr\u00e1fico de coca\u00edna en los Estados Unidos. Pol\u00edticos, jueces, fiscales, empresarios. Todos buscaban el calor de los popes que arrinconaron a \u00abEl Patr\u00f3n\u00bb.<\/p>\n<p>El 22 de julio de 1992 \u2013406 d\u00edas despu\u00e9s de que se entregara\u2013, Escobar huy\u00f3 de su propia c\u00e1rcel. Durante el operativo, la mayor\u00eda de sus lugartenientes y sicarios que lo acompa\u00f1aban en ese \u00abhotel\u00bb fueron ultimados por las fuerzas de seguridad. Pablo Emilio Escobar Gaviria ten\u00eda sus d\u00edas contados. Su ca\u00edda parec\u00eda inminente pero pudo esquivar el cerco del Ej\u00e9rcito, del Bloque de B\u00fasqueda y de los Pepes durante un a\u00f1o y medio.<\/p>\n<p>El 2 de diciembre de 1993, fue rodeado por oficiales colombianos y miembros de la DEA luego de que se le interceptara una llamada telef\u00f3nica que hab\u00eda hecho a su hijo. Los registros oficiales indicaron que muri\u00f3 en medio de un tiroteo por los techos de Medell\u00edn. A su lado estaba el \u00fanico hombre que a\u00fan le respond\u00eda ciego: \u00c1lvaro de Jes\u00fas Agudelo, m\u00e1s conocido como \u00abLim\u00f3n\u00bb. El hijo del capo narco sostiene, sin embargo, otra teor\u00eda. Juan Pablo Escobar Henao dice que, rodeado su padre prefiri\u00f3 suicidarse antes que caer en manos de sus enemigos.<\/p>\n<h2>La ca\u00edda de los hermanos<\/h2>\n<p>Tras la muerte de Escobar, hubo celebraci\u00f3n en toda Colombia. Los hermanos Rodr\u00edguez Orejuela, protagonistas de su cacer\u00eda, tambi\u00e9n formaron parte de los festejos. Y hasta sent\u00edan que el Gobierno y la sociedad estaban en deuda con ellos. Pero olvidaron que en verdad segu\u00edan siendo una amenaza.<\/p>\n<p>En 1994, la Justicia norteamericana insist\u00eda en su estrategia y manten\u00eda su pedido de extradici\u00f3n sobre los hermanos. Fue por eso que ambos encararon una negociaci\u00f3n con el fiscal general de la naci\u00f3n, Gustavo de Greiff. \u201cMi padre y mi t\u00edo hab\u00edan perdido la noci\u00f3n de la realidad. Se cre\u00edan invencibles por haber conseguido dos triunfos casi imposibles: la extradici\u00f3n de mi t\u00edo a Colombia y no a Estados Unidos y la ca\u00edda del C\u00e1rtel de Medell\u00edn\u201d, cont\u00f3 Rodr\u00edguez Abad\u00eda, quien pronto se convertir\u00eda en el nuevo cabecilla de la organizaci\u00f3n criminal.<\/p>\n<p>Los hermanos pasaron a la clandestinidad. Estaban recluidos en diferentes locaciones y hab\u00edan dise\u00f1ado una sofisticada red de informantes que les proporcionaba datos sobre posibles capturas. Infiltraron cada punto sensible de poder, con lo cual pudieron anticiparse a todos los movimientos. Sobre todo al Bloque de B\u00fasqueda. Se comunicaban con el nuevo jefe por medio de un sistema telef\u00f3nico encriptado, s\u00f3lo descubierto cuando Miguel fuera detenido.<\/p>\n<p>El Gobierno de Colombia dispuso al general Rosso Jos\u00e9 Serrano para que los cazara. El militar diagram\u00f3 una serie de allanamientos contra los familiares para poner en jaque a los capos narcos, sabiendo que ese pod\u00eda ser su punto d\u00e9bil. Tambi\u00e9n millones de d\u00f3lares en recompensa para aquellos que aportaran datos certeros sobre su paradero. Estados Unidos ayudaba financieramente y con informaci\u00f3n de inteligencia.<\/p>\n<p>El 9 de junio de 1995, luego de un operativo encubierto en el cual se despleg\u00f3 a oficiales mujeres vestidas con ropa de fitness, lograron identificar el lugar donde estaba recluido Gilberto Rodr\u00edguez Orejuela. La ca\u00edda de Miguel estaba cercana en el tiempo. M\u00e1s precavido, el otro jefe del C\u00e1rtel de Cali lograr\u00eda esquivar por poco a los hombres de Serrano dos veces m\u00e1s. Fue uno de sus c\u00f3mplices de m\u00e1xima confianza, Jorge Salcedo, quien lo entreg\u00f3 a las autoridades para cobrar una bolsa de dinero como recompensa. Fue el 6 de agosto, en el edificio Hacienda Buenos Aires, en Cali. A las pocas horas ser\u00eda trasladado a Bogot\u00e1, donde se reencontrar\u00eda con su hermano. Era el principio del fin del c\u00e1rtel.<\/p>\n<p>Luego de acordarlo con Gilberto, Miguel recibi\u00f3 a su hijo William. \u00abA lo mejor no est\u00e9s preparado, hijo, pero ha llegado el d\u00eda. Tienes que asumirlo y ayudarme en esta lucha jur\u00eddica y pol\u00edtica que debemos afrontar para salvar a nuestra familia\u00bb. Era la unci\u00f3n como nuevo jefe.<\/p>\n<h2>William, el \u00abcapo\u00bb ef\u00edmero<\/h2>\n<p>William Rodr\u00edguez Abad\u00eda debi\u00f3 tomar el tim\u00f3n del barco en medio de una tormenta. Casi sin tripulaci\u00f3n y con sus gu\u00edas en prisi\u00f3n, acept\u00f3 el reto. Quer\u00eda demostrarle a su padre que pod\u00eda hacerlo. Comenz\u00f3 a entrevistarse con ministros, legisladores y pol\u00edticos de todo color. Pretend\u00eda torcer voluntades y lograr un aplazamiento de leyes que convendr\u00eda a sus mentores.<\/p>\n<p>En ese tiempo, como \u00e9l lo relata en su libro, vivi\u00f3 \u00abdebati\u00e9ndose entre la vida, la muerte y la c\u00e1rcel\u00bb. Tambi\u00e9n tuvo contacto con el tr\u00e1fico de narc\u00f3ticos. Para ello debi\u00f3 participar en una cumbre secreta con Carlos Casta\u00f1o Gil (jefe de las Autodefensas Unidas de Colombia) y los barones del C\u00e1rtel del Norte del Valle, el nuevo jugador fuerte de la coca\u00edna. Fueron los mismos que el 24 de mayo de 1996 planificaron un atentado contra \u00e9l mientras almorzaba en un restaurante de Cali. A partir de all\u00ed, sabiendo de sus limitaciones en el mundo del hampa, intent\u00f3 abandonar. Sin embargo, no podr\u00eda hacerlo. Una circular roja de Interpol le imped\u00eda huir de su pa\u00eds.<\/p>\n<p>Debi\u00f3, nuevamente, volver a la rutina. Y una vez m\u00e1s, reunirse con sus renovados enemigos, por orden de su padre y su t\u00edo Gilberto. Pero las nuevas gestiones para evitar una ley de expropiaci\u00f3n retroactiva de los bienes de los narcos no tuvo \u00e9xito. La econom\u00eda de los Rodr\u00edguez Orejuela estaba jaqueada.<\/p>\n<p>Seg\u00fan \u00e9l mismo relata, el abogado de la familia hab\u00eda intentado retomar su vida \u00abnormal\u00bb, aunque manten\u00eda reuniones con capos narcos para intentar arreglar los problemas que a\u00fan los golpeaban. En diciembre de 2001, William ser\u00eda solicitado por la Fiscal\u00eda del Distrito Sur de Nueva York. Se iniciaba su propio pedido de extradici\u00f3n. Se esconder\u00eda durante a\u00f1os.<\/p>\n<h2>La extradici\u00f3n, el fin<\/h2>\n<p>Los Rodr\u00edguez Orejuela intentaban, desde su reclusi\u00f3n, digitar a la Justicia colombiana para que evitara el peor de los temores de los narcos durante los a\u00f1os 80: la extradici\u00f3n. Por a\u00f1os, compartieron ese miedo con su enemigo \u00edntimo Escobar, aunque no formaron parte del grupo \u201cLos Extraditables\u201d. En aquella \u00e9poca hab\u00eda nacido la escalofriante frase que ser\u00eda el pre\u00e1mbulo de la violencia: \u201cPreferimos una tumba en Colombia a una c\u00e1rcel en Estados Unidos\u201d. Los hermanos del C\u00e1rtel de Cali no tendr\u00edan la alternativa de la tumba.<\/p>\n<p>Por buena conducta, ambos estaban a punto de ser liberados. Y eso ocurri\u00f3 con Gilberto, quien respir\u00f3 aire fresco en noviembre de 2002, tras siete a\u00f1os y medio de prisi\u00f3n. Sin embargo, una causa en la Justicia norteamericana reabri\u00f3 el pedido de extradici\u00f3n. En marzo de 2003, en un megaoperativo en Cali, volvieron a detenerlo. Esta vez, su destino final ser\u00eda una c\u00e1rcel en Estados Unidos por pedido del distrito sur de Miami. En diciembre de 2004, fue extraditado el fundador del C\u00e1rtel de Cali. El 11 de marzo de 2005, ser\u00eda Miguel Rodr\u00edguez Orejuela quien subir\u00eda a un avi\u00f3n de la DEA. William, a\u00fan pr\u00f3fugo, se entregar\u00eda el 16 de enero de 2006 en Panam\u00e1. Tras acordar el reconocimiento de los delitos que se le imputaban por ser el tercero en la l\u00ednea de mando de la organizaci\u00f3n, purg\u00f3 cinco a\u00f1os en suelo norteamericano.<\/p>\n<p>Su t\u00edo y padre, en cambio, fueron sentenciados a treinta a\u00f1os de c\u00e1rcel. La tumba que imaginaron en Cali ser\u00e1 cavada primero en Estados Unidos. Al menos para Gilberto, muerto hoy a los 83 a\u00f1os en Carolina del Norte.<\/p>\n<p><em>(*) Publicado originalmente en InfoBae. <span style=\"text-decoration: underline;\"><a href=\"https:\/\/www.infobae.com\/america\/colombia\/2022\/06\/01\/la-siniestra-vida-de-gilberto-rodriguez-orejuela-el-reinado-en-cali-su-guerra-con-pablo-escobar-y-una-tumba-en-estados-unidos\/\">Lea aqu\u00ed el original<\/a><\/span>.<\/em><\/p>","protected":false},"excerpt":{"rendered":"<p>El capo narco muri\u00f3 a los 83 en una celda de Butner, Carolina del Norte. All\u00ed purgaba una pena por tr\u00e1fico de estupefacientes y otros delitos. La historia del clan que \u201cgobern\u00f3\u201d Cali durante a\u00f1os<\/p>","protected":false},"author":15,"featured_media":42736,"comment_status":"closed","ping_status":"open","sticky":false,"template":"","format":"standard","meta":{"footnotes":""},"categories":[57],"tags":[],"class_list":["post-42733","post","type-post","status-publish","format-standard","has-post-thumbnail","hentry","category-global"],"yoast_head":"<!-- This site is optimized with the Yoast SEO plugin v27.5 - https:\/\/yoast.com\/product\/yoast-seo-wordpress\/ -->\n<title>La siniestra vida de Gilberto Rodr\u00edguez Orejuela: el reinado en Cali, su guerra con Pablo Escobar y una tumba en Estados Unidos - Revista Rambla<\/title>\n<meta name=\"robots\" content=\"index, follow, max-snippet:-1, max-image-preview:large, max-video-preview:-1\" \/>\n<link rel=\"canonical\" href=\"https:\/\/www.revistarambla.com\/en\/la-siniestra-vida-de-gilberto-rodriguez-orejuela-el-reinado-en-cali-su-guerra-con-pablo-escobar-y-una-tumba-en-estados-unidos\/\" \/>\n<meta property=\"og:locale\" content=\"en_GB\" \/>\n<meta property=\"og:type\" content=\"article\" \/>\n<meta property=\"og:title\" content=\"La siniestra vida de Gilberto Rodr\u00edguez Orejuela: el reinado en Cali, su guerra con Pablo Escobar y una tumba en Estados Unidos - Revista Rambla\" \/>\n<meta property=\"og:description\" content=\"El capo narco muri\u00f3 a los 83 en una celda de Butner, Carolina del Norte. All\u00ed purgaba una pena por tr\u00e1fico de estupefacientes y otros delitos. La historia del clan que \u201cgobern\u00f3\u201d Cali durante a\u00f1os\" \/>\n<meta property=\"og:url\" content=\"https:\/\/www.revistarambla.com\/en\/la-siniestra-vida-de-gilberto-rodriguez-orejuela-el-reinado-en-cali-su-guerra-con-pablo-escobar-y-una-tumba-en-estados-unidos\/\" \/>\n<meta property=\"og:site_name\" content=\"Revista Rambla\" \/>\n<meta property=\"article:publisher\" content=\"https:\/\/www.facebook.com\/revistarambla\/\" \/>\n<meta property=\"article:published_time\" content=\"2022-06-01T18:56:10+00:00\" \/>\n<meta property=\"article:modified_time\" content=\"2022-06-01T18:58:20+00:00\" \/>\n<meta property=\"og:image\" content=\"https:\/\/www.revistarambla.com\/wp-content\/uploads\/2022\/06\/Gilberto-Rodriguez-Orejuela.jpg\" \/>\n\t<meta property=\"og:image:width\" content=\"1104\" \/>\n\t<meta property=\"og:image:height\" content=\"622\" \/>\n\t<meta property=\"og:image:type\" content=\"image\/jpeg\" \/>\n<meta name=\"author\" content=\"Laureano P\u00e9rez Izquierdo\" \/>\n<meta name=\"twitter:card\" content=\"summary_large_image\" \/>\n<meta name=\"twitter:creator\" content=\"@revistarambla\" \/>\n<meta name=\"twitter:site\" content=\"@revistarambla\" \/>\n<meta name=\"twitter:label1\" content=\"Written by\" \/>\n\t<meta name=\"twitter:data1\" content=\"Laureano P\u00e9rez Izquierdo\" \/>\n\t<meta name=\"twitter:label2\" content=\"Estimated reading time\" \/>\n\t<meta name=\"twitter:data2\" content=\"16 minutes\" \/>\n<script type=\"application\/ld+json\" class=\"yoast-schema-graph\">{\"@context\":\"https:\\\/\\\/schema.org\",\"@graph\":[{\"@type\":\"Article\",\"@id\":\"https:\\\/\\\/www.revistarambla.com\\\/la-siniestra-vida-de-gilberto-rodriguez-orejuela-el-reinado-en-cali-su-guerra-con-pablo-escobar-y-una-tumba-en-estados-unidos\\\/#article\",\"isPartOf\":{\"@id\":\"https:\\\/\\\/www.revistarambla.com\\\/la-siniestra-vida-de-gilberto-rodriguez-orejuela-el-reinado-en-cali-su-guerra-con-pablo-escobar-y-una-tumba-en-estados-unidos\\\/\"},\"author\":{\"name\":\"Laureano P\u00e9rez Izquierdo\",\"@id\":\"https:\\\/\\\/www.revistarambla.com\\\/#\\\/schema\\\/person\\\/2b19179a8ace334b829ad72cc6e6ce97\"},\"headline\":\"La siniestra vida de Gilberto Rodr\u00edguez Orejuela: el reinado en Cali, su guerra con Pablo Escobar y una tumba en Estados Unidos\",\"datePublished\":\"2022-06-01T18:56:10+00:00\",\"dateModified\":\"2022-06-01T18:58:20+00:00\",\"mainEntityOfPage\":{\"@id\":\"https:\\\/\\\/www.revistarambla.com\\\/la-siniestra-vida-de-gilberto-rodriguez-orejuela-el-reinado-en-cali-su-guerra-con-pablo-escobar-y-una-tumba-en-estados-unidos\\\/\"},\"wordCount\":3816,\"publisher\":{\"@id\":\"https:\\\/\\\/www.revistarambla.com\\\/#organization\"},\"image\":{\"@id\":\"https:\\\/\\\/www.revistarambla.com\\\/la-siniestra-vida-de-gilberto-rodriguez-orejuela-el-reinado-en-cali-su-guerra-con-pablo-escobar-y-una-tumba-en-estados-unidos\\\/#primaryimage\"},\"thumbnailUrl\":\"https:\\\/\\\/www.revistarambla.com\\\/wp-content\\\/uploads\\\/2022\\\/06\\\/Gilberto-Rodriguez-Orejuela.jpg\",\"articleSection\":[\"Global\"],\"inLanguage\":\"en-GB\"},{\"@type\":\"WebPage\",\"@id\":\"https:\\\/\\\/www.revistarambla.com\\\/la-siniestra-vida-de-gilberto-rodriguez-orejuela-el-reinado-en-cali-su-guerra-con-pablo-escobar-y-una-tumba-en-estados-unidos\\\/\",\"url\":\"https:\\\/\\\/www.revistarambla.com\\\/la-siniestra-vida-de-gilberto-rodriguez-orejuela-el-reinado-en-cali-su-guerra-con-pablo-escobar-y-una-tumba-en-estados-unidos\\\/\",\"name\":\"La siniestra vida de Gilberto Rodr\u00edguez Orejuela: el reinado en Cali, su guerra con Pablo Escobar y una tumba en Estados Unidos - Revista Rambla\",\"isPartOf\":{\"@id\":\"https:\\\/\\\/www.revistarambla.com\\\/#website\"},\"primaryImageOfPage\":{\"@id\":\"https:\\\/\\\/www.revistarambla.com\\\/la-siniestra-vida-de-gilberto-rodriguez-orejuela-el-reinado-en-cali-su-guerra-con-pablo-escobar-y-una-tumba-en-estados-unidos\\\/#primaryimage\"},\"image\":{\"@id\":\"https:\\\/\\\/www.revistarambla.com\\\/la-siniestra-vida-de-gilberto-rodriguez-orejuela-el-reinado-en-cali-su-guerra-con-pablo-escobar-y-una-tumba-en-estados-unidos\\\/#primaryimage\"},\"thumbnailUrl\":\"https:\\\/\\\/www.revistarambla.com\\\/wp-content\\\/uploads\\\/2022\\\/06\\\/Gilberto-Rodriguez-Orejuela.jpg\",\"datePublished\":\"2022-06-01T18:56:10+00:00\",\"dateModified\":\"2022-06-01T18:58:20+00:00\",\"breadcrumb\":{\"@id\":\"https:\\\/\\\/www.revistarambla.com\\\/la-siniestra-vida-de-gilberto-rodriguez-orejuela-el-reinado-en-cali-su-guerra-con-pablo-escobar-y-una-tumba-en-estados-unidos\\\/#breadcrumb\"},\"inLanguage\":\"en-GB\",\"potentialAction\":[{\"@type\":\"ReadAction\",\"target\":[\"https:\\\/\\\/www.revistarambla.com\\\/la-siniestra-vida-de-gilberto-rodriguez-orejuela-el-reinado-en-cali-su-guerra-con-pablo-escobar-y-una-tumba-en-estados-unidos\\\/\"]}]},{\"@type\":\"ImageObject\",\"inLanguage\":\"en-GB\",\"@id\":\"https:\\\/\\\/www.revistarambla.com\\\/la-siniestra-vida-de-gilberto-rodriguez-orejuela-el-reinado-en-cali-su-guerra-con-pablo-escobar-y-una-tumba-en-estados-unidos\\\/#primaryimage\",\"url\":\"https:\\\/\\\/www.revistarambla.com\\\/wp-content\\\/uploads\\\/2022\\\/06\\\/Gilberto-Rodriguez-Orejuela.jpg\",\"contentUrl\":\"https:\\\/\\\/www.revistarambla.com\\\/wp-content\\\/uploads\\\/2022\\\/06\\\/Gilberto-Rodriguez-Orejuela.jpg\",\"width\":1104,\"height\":622},{\"@type\":\"BreadcrumbList\",\"@id\":\"https:\\\/\\\/www.revistarambla.com\\\/la-siniestra-vida-de-gilberto-rodriguez-orejuela-el-reinado-en-cali-su-guerra-con-pablo-escobar-y-una-tumba-en-estados-unidos\\\/#breadcrumb\",\"itemListElement\":[{\"@type\":\"ListItem\",\"position\":1,\"name\":\"Portada\",\"item\":\"https:\\\/\\\/www.revistarambla.com\\\/\"},{\"@type\":\"ListItem\",\"position\":2,\"name\":\"La siniestra vida de Gilberto Rodr\u00edguez Orejuela: el reinado en Cali, su guerra con Pablo Escobar y una tumba en Estados Unidos\"}]},{\"@type\":\"WebSite\",\"@id\":\"https:\\\/\\\/www.revistarambla.com\\\/#website\",\"url\":\"https:\\\/\\\/www.revistarambla.com\\\/\",\"name\":\"Revista Rambla Barcelona\",\"description\":\"Periodismo independiente\",\"publisher\":{\"@id\":\"https:\\\/\\\/www.revistarambla.com\\\/#organization\"},\"potentialAction\":[{\"@type\":\"SearchAction\",\"target\":{\"@type\":\"EntryPoint\",\"urlTemplate\":\"https:\\\/\\\/www.revistarambla.com\\\/?s={search_term_string}\"},\"query-input\":{\"@type\":\"PropertyValueSpecification\",\"valueRequired\":true,\"valueName\":\"search_term_string\"}}],\"inLanguage\":\"en-GB\"},{\"@type\":\"Organization\",\"@id\":\"https:\\\/\\\/www.revistarambla.com\\\/#organization\",\"name\":\"Revista Rambla\",\"url\":\"https:\\\/\\\/www.revistarambla.com\\\/\",\"logo\":{\"@type\":\"ImageObject\",\"inLanguage\":\"en-GB\",\"@id\":\"https:\\\/\\\/www.revistarambla.com\\\/#\\\/schema\\\/logo\\\/image\\\/\",\"url\":\"https:\\\/\\\/www.revistarambla.com\\\/wp-content\\\/uploads\\\/2020\\\/09\\\/banner_rambla_1900x600_BB.png\",\"contentUrl\":\"https:\\\/\\\/www.revistarambla.com\\\/wp-content\\\/uploads\\\/2020\\\/09\\\/banner_rambla_1900x600_BB.png\",\"width\":1900,\"height\":600,\"caption\":\"Revista Rambla\"},\"image\":{\"@id\":\"https:\\\/\\\/www.revistarambla.com\\\/#\\\/schema\\\/logo\\\/image\\\/\"},\"sameAs\":[\"https:\\\/\\\/www.facebook.com\\\/revistarambla\\\/\",\"https:\\\/\\\/x.com\\\/revistarambla\",\"https:\\\/\\\/www.instagram.com\\\/revista_rambla\",\"https:\\\/\\\/es.linkedin.com\\\/company\\\/revista-rambla\"]},{\"@type\":\"Person\",\"@id\":\"https:\\\/\\\/www.revistarambla.com\\\/#\\\/schema\\\/person\\\/2b19179a8ace334b829ad72cc6e6ce97\",\"name\":\"Laureano P\u00e9rez Izquierdo\"}]}<\/script>\n<!-- \/ Yoast SEO plugin. -->","yoast_head_json":{"title":"La siniestra vida de Gilberto Rodr\u00edguez Orejuela: el reinado en Cali, su guerra con Pablo Escobar y una tumba en Estados Unidos - Revista Rambla","robots":{"index":"index","follow":"follow","max-snippet":"max-snippet:-1","max-image-preview":"max-image-preview:large","max-video-preview":"max-video-preview:-1"},"canonical":"https:\/\/www.revistarambla.com\/en\/la-siniestra-vida-de-gilberto-rodriguez-orejuela-el-reinado-en-cali-su-guerra-con-pablo-escobar-y-una-tumba-en-estados-unidos\/","og_locale":"en_GB","og_type":"article","og_title":"La siniestra vida de Gilberto Rodr\u00edguez Orejuela: el reinado en Cali, su guerra con Pablo Escobar y una tumba en Estados Unidos - Revista Rambla","og_description":"El capo narco muri\u00f3 a los 83 en una celda de Butner, Carolina del Norte. All\u00ed purgaba una pena por tr\u00e1fico de estupefacientes y otros delitos. La historia del clan que \u201cgobern\u00f3\u201d Cali durante a\u00f1os","og_url":"https:\/\/www.revistarambla.com\/en\/la-siniestra-vida-de-gilberto-rodriguez-orejuela-el-reinado-en-cali-su-guerra-con-pablo-escobar-y-una-tumba-en-estados-unidos\/","og_site_name":"Revista Rambla","article_publisher":"https:\/\/www.facebook.com\/revistarambla\/","article_published_time":"2022-06-01T18:56:10+00:00","article_modified_time":"2022-06-01T18:58:20+00:00","og_image":[{"width":1104,"height":622,"url":"https:\/\/www.revistarambla.com\/wp-content\/uploads\/2022\/06\/Gilberto-Rodriguez-Orejuela.jpg","type":"image\/jpeg"}],"author":"Laureano P\u00e9rez Izquierdo","twitter_card":"summary_large_image","twitter_creator":"@revistarambla","twitter_site":"@revistarambla","twitter_misc":{"Written by":"Laureano P\u00e9rez Izquierdo","Estimated reading time":"16 minutes"},"schema":{"@context":"https:\/\/schema.org","@graph":[{"@type":"Article","@id":"https:\/\/www.revistarambla.com\/la-siniestra-vida-de-gilberto-rodriguez-orejuela-el-reinado-en-cali-su-guerra-con-pablo-escobar-y-una-tumba-en-estados-unidos\/#article","isPartOf":{"@id":"https:\/\/www.revistarambla.com\/la-siniestra-vida-de-gilberto-rodriguez-orejuela-el-reinado-en-cali-su-guerra-con-pablo-escobar-y-una-tumba-en-estados-unidos\/"},"author":{"name":"Laureano P\u00e9rez Izquierdo","@id":"https:\/\/www.revistarambla.com\/#\/schema\/person\/2b19179a8ace334b829ad72cc6e6ce97"},"headline":"La siniestra vida de Gilberto Rodr\u00edguez Orejuela: el reinado en Cali, su guerra con Pablo Escobar y una tumba en Estados Unidos","datePublished":"2022-06-01T18:56:10+00:00","dateModified":"2022-06-01T18:58:20+00:00","mainEntityOfPage":{"@id":"https:\/\/www.revistarambla.com\/la-siniestra-vida-de-gilberto-rodriguez-orejuela-el-reinado-en-cali-su-guerra-con-pablo-escobar-y-una-tumba-en-estados-unidos\/"},"wordCount":3816,"publisher":{"@id":"https:\/\/www.revistarambla.com\/#organization"},"image":{"@id":"https:\/\/www.revistarambla.com\/la-siniestra-vida-de-gilberto-rodriguez-orejuela-el-reinado-en-cali-su-guerra-con-pablo-escobar-y-una-tumba-en-estados-unidos\/#primaryimage"},"thumbnailUrl":"https:\/\/www.revistarambla.com\/wp-content\/uploads\/2022\/06\/Gilberto-Rodriguez-Orejuela.jpg","articleSection":["Global"],"inLanguage":"en-GB"},{"@type":"WebPage","@id":"https:\/\/www.revistarambla.com\/la-siniestra-vida-de-gilberto-rodriguez-orejuela-el-reinado-en-cali-su-guerra-con-pablo-escobar-y-una-tumba-en-estados-unidos\/","url":"https:\/\/www.revistarambla.com\/la-siniestra-vida-de-gilberto-rodriguez-orejuela-el-reinado-en-cali-su-guerra-con-pablo-escobar-y-una-tumba-en-estados-unidos\/","name":"La siniestra vida de Gilberto Rodr\u00edguez Orejuela: el reinado en Cali, su guerra con Pablo Escobar y una tumba en Estados Unidos - Revista Rambla","isPartOf":{"@id":"https:\/\/www.revistarambla.com\/#website"},"primaryImageOfPage":{"@id":"https:\/\/www.revistarambla.com\/la-siniestra-vida-de-gilberto-rodriguez-orejuela-el-reinado-en-cali-su-guerra-con-pablo-escobar-y-una-tumba-en-estados-unidos\/#primaryimage"},"image":{"@id":"https:\/\/www.revistarambla.com\/la-siniestra-vida-de-gilberto-rodriguez-orejuela-el-reinado-en-cali-su-guerra-con-pablo-escobar-y-una-tumba-en-estados-unidos\/#primaryimage"},"thumbnailUrl":"https:\/\/www.revistarambla.com\/wp-content\/uploads\/2022\/06\/Gilberto-Rodriguez-Orejuela.jpg","datePublished":"2022-06-01T18:56:10+00:00","dateModified":"2022-06-01T18:58:20+00:00","breadcrumb":{"@id":"https:\/\/www.revistarambla.com\/la-siniestra-vida-de-gilberto-rodriguez-orejuela-el-reinado-en-cali-su-guerra-con-pablo-escobar-y-una-tumba-en-estados-unidos\/#breadcrumb"},"inLanguage":"en-GB","potentialAction":[{"@type":"ReadAction","target":["https:\/\/www.revistarambla.com\/la-siniestra-vida-de-gilberto-rodriguez-orejuela-el-reinado-en-cali-su-guerra-con-pablo-escobar-y-una-tumba-en-estados-unidos\/"]}]},{"@type":"ImageObject","inLanguage":"en-GB","@id":"https:\/\/www.revistarambla.com\/la-siniestra-vida-de-gilberto-rodriguez-orejuela-el-reinado-en-cali-su-guerra-con-pablo-escobar-y-una-tumba-en-estados-unidos\/#primaryimage","url":"https:\/\/www.revistarambla.com\/wp-content\/uploads\/2022\/06\/Gilberto-Rodriguez-Orejuela.jpg","contentUrl":"https:\/\/www.revistarambla.com\/wp-content\/uploads\/2022\/06\/Gilberto-Rodriguez-Orejuela.jpg","width":1104,"height":622},{"@type":"BreadcrumbList","@id":"https:\/\/www.revistarambla.com\/la-siniestra-vida-de-gilberto-rodriguez-orejuela-el-reinado-en-cali-su-guerra-con-pablo-escobar-y-una-tumba-en-estados-unidos\/#breadcrumb","itemListElement":[{"@type":"ListItem","position":1,"name":"Portada","item":"https:\/\/www.revistarambla.com\/"},{"@type":"ListItem","position":2,"name":"La siniestra vida de Gilberto Rodr\u00edguez Orejuela: el reinado en Cali, su guerra con Pablo Escobar y una tumba en Estados Unidos"}]},{"@type":"WebSite","@id":"https:\/\/www.revistarambla.com\/#website","url":"https:\/\/www.revistarambla.com\/","name":"Revista Rambla Barcelona","description":"Periodismo independiente","publisher":{"@id":"https:\/\/www.revistarambla.com\/#organization"},"potentialAction":[{"@type":"SearchAction","target":{"@type":"EntryPoint","urlTemplate":"https:\/\/www.revistarambla.com\/?s={search_term_string}"},"query-input":{"@type":"PropertyValueSpecification","valueRequired":true,"valueName":"search_term_string"}}],"inLanguage":"en-GB"},{"@type":"Organization","@id":"https:\/\/www.revistarambla.com\/#organization","name":"Revista Rambla","url":"https:\/\/www.revistarambla.com\/","logo":{"@type":"ImageObject","inLanguage":"en-GB","@id":"https:\/\/www.revistarambla.com\/#\/schema\/logo\/image\/","url":"https:\/\/www.revistarambla.com\/wp-content\/uploads\/2020\/09\/banner_rambla_1900x600_BB.png","contentUrl":"https:\/\/www.revistarambla.com\/wp-content\/uploads\/2020\/09\/banner_rambla_1900x600_BB.png","width":1900,"height":600,"caption":"Revista Rambla"},"image":{"@id":"https:\/\/www.revistarambla.com\/#\/schema\/logo\/image\/"},"sameAs":["https:\/\/www.facebook.com\/revistarambla\/","https:\/\/x.com\/revistarambla","https:\/\/www.instagram.com\/revista_rambla","https:\/\/es.linkedin.com\/company\/revista-rambla"]},{"@type":"Person","@id":"https:\/\/www.revistarambla.com\/#\/schema\/person\/2b19179a8ace334b829ad72cc6e6ce97","name":"Laureano P\u00e9rez Izquierdo"}]}},"_links":{"self":[{"href":"https:\/\/www.revistarambla.com\/en\/wp-json\/wp\/v2\/posts\/42733","targetHints":{"allow":["GET"]}}],"collection":[{"href":"https:\/\/www.revistarambla.com\/en\/wp-json\/wp\/v2\/posts"}],"about":[{"href":"https:\/\/www.revistarambla.com\/en\/wp-json\/wp\/v2\/types\/post"}],"author":[{"embeddable":true,"href":"https:\/\/www.revistarambla.com\/en\/wp-json\/wp\/v2\/users\/15"}],"replies":[{"embeddable":true,"href":"https:\/\/www.revistarambla.com\/en\/wp-json\/wp\/v2\/comments?post=42733"}],"version-history":[{"count":0,"href":"https:\/\/www.revistarambla.com\/en\/wp-json\/wp\/v2\/posts\/42733\/revisions"}],"wp:featuredmedia":[{"embeddable":true,"href":"https:\/\/www.revistarambla.com\/en\/wp-json\/wp\/v2\/media\/42736"}],"wp:attachment":[{"href":"https:\/\/www.revistarambla.com\/en\/wp-json\/wp\/v2\/media?parent=42733"}],"wp:term":[{"taxonomy":"category","embeddable":true,"href":"https:\/\/www.revistarambla.com\/en\/wp-json\/wp\/v2\/categories?post=42733"},{"taxonomy":"post_tag","embeddable":true,"href":"https:\/\/www.revistarambla.com\/en\/wp-json\/wp\/v2\/tags?post=42733"}],"curies":[{"name":"wp","href":"https:\/\/api.w.org\/{rel}","templated":true}]}}