{"id":42684,"date":"2022-06-01T11:46:33","date_gmt":"2022-06-01T09:46:33","guid":{"rendered":"https:\/\/www.revistarambla.com\/?p=42684"},"modified":"2022-06-01T11:46:33","modified_gmt":"2022-06-01T09:46:33","slug":"conflictos-sociales-en-el-peru","status":"publish","type":"post","link":"https:\/\/www.revistarambla.com\/en\/conflictos-sociales-en-el-peru\/","title":{"rendered":"Conflictos sociales en el Per\u00fa"},"content":{"rendered":"<p style=\"text-align: left;\" align=\"JUSTIFY\"><span lang=\"es-PE\">La Defensor\u00eda del Pueblo present\u00f3\u00a0el Reporte de Conflictos Sociales N\u00b0 218, correspondiente al mes de abril de 2022 (<a href=\"https:\/\/www.defensoria.gob.pe\/areas_tematicas\/paz-social-y-prevencion-de-conflictos\/\">https:\/\/www.defensoria.gob.pe\/areas_tematicas\/paz-social-y-prevencion-de-conflictos\/<\/a>), donde se informa sobre la existencia de <\/span>209 conflictos sociales registrados (160 activos y 49 latentes). Durante el cuarto mes del a\u00f1o surgieron cuatro nuevos conflictos y 220 acciones colectivas de protestas. <span lang=\"es-PE\">Seg\u00fan el informe, la regi\u00f3n Loreto, en la selva amaz\u00f3nica, concentra la mayor cantidad de conflictos (29), le siguen Cusco (19) y \u00c1ncash (15).<\/span><\/p>\n<p style=\"text-align: left;\" align=\"JUSTIFY\"><span lang=\"es-PE\">Realmente es preocupante. En su mayor\u00eda se trata de conflictos socioambientales, comunales y de asuntos de gobierno nacional, regional y local donde se aprecia el descontento de la poblaci\u00f3n respecto a problemas como la demanda de atenci\u00f3n de da\u00f1os causados por el desborde del canal de demas\u00edas de <\/span>la Central Hidroel\u00e9ctrica de Chapr\u00edn<span lang=\"es-PE\">; <\/span>el conflicto lim\u00edtrofe por la propiedad de un \u00e1rea ubicada entre las comunidades de Cochas y San Francisco de Macon; l<span lang=\"es-PE\">a agenda social y de inversi\u00f3n para obras de <\/span>saneamiento, electrificaci\u00f3n, telecomunicaciones e infraestructura en la prov. de Condorcanqui, y la demanda a la municipalidad provincial de Tocache para la adecuada ejecuci\u00f3n de la ampliaci\u00f3n y mejoramiento del proyecto de agua y alcantarillado.<\/p>\n<p style=\"text-align: left;\" align=\"JUSTIFY\"><span lang=\"es-PE\">En cuanto a la distribuci\u00f3n territorial de los conflictos reportados, Loreto concentra la mayor cantidad de conflictos sociales (29 casos) que se desarrollan en un s\u00f3lo departamento, seguido de Cusco (19) y \u00c1ncash (15). En relaci\u00f3n con la tipolog\u00eda, los casos socioambientales contin\u00faan siendo los m\u00e1s numerosos (63.2 %). Este tipo de conflicto mantiene esta ubicaci\u00f3n desde abril de 2007. Respecto de los conflictos vinculados a la miner\u00eda, el porcentaje de estos, con relaci\u00f3n a los socioambientales, es de 65.9 %.<\/span><\/p>\n<p style=\"text-align: left;\" align=\"JUSTIFY\"><span lang=\"es-PE\">La Defensor\u00eda del Pueblo indica que, respecto al mes anterior, se incorpor\u00f3 cuatro nuevos conflictos sociales. Un caso se desarrolla en el departamento de Amazonas, <\/span>donde organizaciones sociales demandan al gobierno nacional concretar la agenda social y de inversi\u00f3n en la provincia de Condorcanqui; relacionada con el financiamiento para las obras de saneamiento, electrificaci\u00f3n, telecomunicaciones e infraestructura. La agenda social de Condorcanqui, que forma parte del Vicariato Apost\u00f3lico de Ja\u00e9n en el Per\u00fa, tiene por tema de demanda social: Servicios p\u00fablicos y otras prestaciones del Estado, y por categor\u00eda: Acceso, regulaci\u00f3n, mejoramiento y financiamiento de servicios p\u00fablicos.<\/p>\n<p style=\"text-align: left;\" align=\"JUSTIFY\"><span lang=\"es-PE\">Respecto al mes anterior, se incorpor\u00f3 cuatro nuevos conflictos sociales. Un caso se desarrolla en Amazonas, organizaciones sociales demandan al gobierno desarrollar una agenda de inversiones para la prov. de Condorcanqui, relacionada con el financiamiento de las obras de saneamiento, electrificaci\u00f3n, telecomunicaciones e infraestructura. Otro, de tipo comunal, se registra en Jun\u00edn. En este caso, las comunidades campesinas de Cochas y San Francisco de Macon mantienen un conflicto lim\u00edtrofe por la propiedad de un \u00e1rea ubicada entre ambas comunidades.<\/span><\/p>\n<p style=\"text-align: left;\" align=\"JUSTIFY\">\u201cOtro nuevo conflicto de tipo socioambiental involucra a la comunidad campesina de Chinch\u00e1n, regi\u00f3n Pasco, que exige la atenci\u00f3n de da\u00f1os causados por el referido desborde del canal de demas\u00edas de la Central Hidroel\u00e9ctrica de Chapr\u00edn, y expresa desacuerdos respecto al uso de tierras comunales por parte de la empresa Nexa Resources S.A.A. Un cuarto caso se ubic\u00f3 en la regi\u00f3n en San Mart\u00edn, donde diferentes organizaciones sociales demandan a la Municipalidad Provincial de Tocache la adecuada ejecuci\u00f3n de la ampliaci\u00f3n y mejoramiento del proyecto de agua y alcantarillado\u201d<span lang=\"es-PE\">, se\u00f1ala el reporte.\u00a0<\/span><\/p>\n<p style=\"text-align: left;\" align=\"JUSTIFY\"><span lang=\"es-PE\">En el departamento de San Mart\u00edn, en la provincia de Tocache se comprob\u00f3 la existencia de un nuevo conflicto por asuntos de gobierno local. El caso involucra a <\/span>organizaciones sociales que demandan a la Municipalidad Provincial de Tocache la adecuada ejecuci\u00f3n de la ampliaci\u00f3n y mejoramiento del proyecto de agua y alcantarillado.<\/p>\n<p style=\"text-align: left;\" align=\"JUSTIFY\">En febrero de 2021 escrib\u00ed sobre el nuevo conflicto del <span lang=\"es-PE\">Reporte de Conflictos Sociales N\u00b0 203 (<a href=\"https:\/\/tinyurl.com\/yryvkx6s\">https:\/\/tinyurl.com\/yryvkx6s<\/a>)<\/span>: \u201c<span lang=\"es-PE\">En el departamento de Puno se comprob\u00f3 la existencia de un nuevo conflicto por <\/span><span lang=\"es-PE\">demarcaci\u00f3n<\/span><span lang=\"es-PE\"> territorial. El caso involucra a ciudadanas y ciudadanos de los distritos de Phara y Limbani, quienes reclaman la delimitaci\u00f3n interdistrital en el sector denominado Padre Orcco\u201d.<\/span><\/p>\n<p style=\"text-align: left;\" align=\"JUSTIFY\"><span lang=\"es-PE\">Aparentemente, son casos \u201clejanos\u201d a Lima y el Sill\u00f3n de Pizarro, donde el centralismo y la subversi\u00f3n nos hace olvidar que hay un Per\u00fa profundo esperando ser atendido en sus pedidos. No seamos indiferentes.<\/span><\/p>","protected":false},"excerpt":{"rendered":"<p>Mientras los peruanos enfrentamos la crisis pol\u00edtica y social, la corrupci\u00f3n de funcionarios del Estado, el incremento de la delincuencia y el crimen organizado, hay otros problemas que se asoman sigilosamente.<\/p>","protected":false},"author":18,"featured_media":42685,"comment_status":"closed","ping_status":"open","sticky":false,"template":"","format":"standard","meta":{"footnotes":""},"categories":[72],"tags":[],"class_list":["post-42684","post","type-post","status-publish","format-standard","has-post-thumbnail","hentry","category-opinion"],"yoast_head":"<!-- This site is optimized with the Yoast SEO plugin v27.5 - https:\/\/yoast.com\/product\/yoast-seo-wordpress\/ -->\n<title>Conflictos sociales en el Per\u00fa - Revista Rambla<\/title>\n<meta name=\"robots\" content=\"index, follow, max-snippet:-1, max-image-preview:large, max-video-preview:-1\" \/>\n<link rel=\"canonical\" href=\"https:\/\/www.revistarambla.com\/en\/conflictos-sociales-en-el-peru\/\" \/>\n<meta property=\"og:locale\" content=\"en_GB\" \/>\n<meta property=\"og:type\" content=\"article\" \/>\n<meta property=\"og:title\" content=\"Conflictos sociales en el Per\u00fa - Revista Rambla\" \/>\n<meta property=\"og:description\" content=\"Mientras los peruanos enfrentamos la crisis pol\u00edtica y social, la corrupci\u00f3n de funcionarios del Estado, el incremento de la delincuencia y el crimen organizado, hay otros problemas que se asoman sigilosamente.\" \/>\n<meta property=\"og:url\" content=\"https:\/\/www.revistarambla.com\/en\/conflictos-sociales-en-el-peru\/\" \/>\n<meta property=\"og:site_name\" content=\"Revista Rambla\" \/>\n<meta property=\"article:publisher\" content=\"https:\/\/www.facebook.com\/revistarambla\/\" \/>\n<meta property=\"article:author\" content=\"https:\/\/www.facebook.com\/raul.allainvega\" \/>\n<meta property=\"article:published_time\" content=\"2022-06-01T09:46:33+00:00\" \/>\n<meta property=\"og:image\" content=\"https:\/\/www.revistarambla.com\/wp-content\/uploads\/2022\/06\/14817957008_793deafdd5_k.jpg\" \/>\n\t<meta property=\"og:image:width\" content=\"2047\" \/>\n\t<meta property=\"og:image:height\" content=\"1365\" \/>\n\t<meta property=\"og:image:type\" content=\"image\/jpeg\" \/>\n<meta name=\"author\" content=\"Ra\u00fal Alfonso Allain Vega\" \/>\n<meta name=\"twitter:card\" content=\"summary_large_image\" \/>\n<meta name=\"twitter:creator\" content=\"@RaulAllain\" \/>\n<meta name=\"twitter:site\" content=\"@revistarambla\" \/>\n<meta name=\"twitter:label1\" content=\"Written by\" \/>\n\t<meta name=\"twitter:data1\" content=\"Ra\u00fal Alfonso Allain Vega\" \/>\n\t<meta name=\"twitter:label2\" content=\"Estimated reading time\" \/>\n\t<meta name=\"twitter:data2\" content=\"4 minutes\" \/>\n<script type=\"application\/ld+json\" class=\"yoast-schema-graph\">{\"@context\":\"https:\\\/\\\/schema.org\",\"@graph\":[{\"@type\":\"Article\",\"@id\":\"https:\\\/\\\/www.revistarambla.com\\\/conflictos-sociales-en-el-peru\\\/#article\",\"isPartOf\":{\"@id\":\"https:\\\/\\\/www.revistarambla.com\\\/conflictos-sociales-en-el-peru\\\/\"},\"author\":{\"name\":\"Ra\u00fal Alfonso Allain Vega\",\"@id\":\"https:\\\/\\\/www.revistarambla.com\\\/#\\\/schema\\\/person\\\/9b4378c82c48caa37acecffb9450e934\"},\"headline\":\"Conflictos sociales en el Per\u00fa\",\"datePublished\":\"2022-06-01T09:46:33+00:00\",\"mainEntityOfPage\":{\"@id\":\"https:\\\/\\\/www.revistarambla.com\\\/conflictos-sociales-en-el-peru\\\/\"},\"wordCount\":741,\"publisher\":{\"@id\":\"https:\\\/\\\/www.revistarambla.com\\\/#organization\"},\"image\":{\"@id\":\"https:\\\/\\\/www.revistarambla.com\\\/conflictos-sociales-en-el-peru\\\/#primaryimage\"},\"thumbnailUrl\":\"https:\\\/\\\/www.revistarambla.com\\\/wp-content\\\/uploads\\\/2022\\\/06\\\/14817957008_793deafdd5_k.jpg\",\"articleSection\":[\"Opiniones\"],\"inLanguage\":\"en-GB\"},{\"@type\":\"WebPage\",\"@id\":\"https:\\\/\\\/www.revistarambla.com\\\/conflictos-sociales-en-el-peru\\\/\",\"url\":\"https:\\\/\\\/www.revistarambla.com\\\/conflictos-sociales-en-el-peru\\\/\",\"name\":\"Conflictos sociales en el Per\u00fa - Revista Rambla\",\"isPartOf\":{\"@id\":\"https:\\\/\\\/www.revistarambla.com\\\/#website\"},\"primaryImageOfPage\":{\"@id\":\"https:\\\/\\\/www.revistarambla.com\\\/conflictos-sociales-en-el-peru\\\/#primaryimage\"},\"image\":{\"@id\":\"https:\\\/\\\/www.revistarambla.com\\\/conflictos-sociales-en-el-peru\\\/#primaryimage\"},\"thumbnailUrl\":\"https:\\\/\\\/www.revistarambla.com\\\/wp-content\\\/uploads\\\/2022\\\/06\\\/14817957008_793deafdd5_k.jpg\",\"datePublished\":\"2022-06-01T09:46:33+00:00\",\"breadcrumb\":{\"@id\":\"https:\\\/\\\/www.revistarambla.com\\\/conflictos-sociales-en-el-peru\\\/#breadcrumb\"},\"inLanguage\":\"en-GB\",\"potentialAction\":[{\"@type\":\"ReadAction\",\"target\":[\"https:\\\/\\\/www.revistarambla.com\\\/conflictos-sociales-en-el-peru\\\/\"]}]},{\"@type\":\"ImageObject\",\"inLanguage\":\"en-GB\",\"@id\":\"https:\\\/\\\/www.revistarambla.com\\\/conflictos-sociales-en-el-peru\\\/#primaryimage\",\"url\":\"https:\\\/\\\/www.revistarambla.com\\\/wp-content\\\/uploads\\\/2022\\\/06\\\/14817957008_793deafdd5_k.jpg\",\"contentUrl\":\"https:\\\/\\\/www.revistarambla.com\\\/wp-content\\\/uploads\\\/2022\\\/06\\\/14817957008_793deafdd5_k.jpg\",\"width\":2047,\"height\":1365,\"caption\":\"indigenas peru\"},{\"@type\":\"BreadcrumbList\",\"@id\":\"https:\\\/\\\/www.revistarambla.com\\\/conflictos-sociales-en-el-peru\\\/#breadcrumb\",\"itemListElement\":[{\"@type\":\"ListItem\",\"position\":1,\"name\":\"Portada\",\"item\":\"https:\\\/\\\/www.revistarambla.com\\\/\"},{\"@type\":\"ListItem\",\"position\":2,\"name\":\"Conflictos sociales en el Per\u00fa\"}]},{\"@type\":\"WebSite\",\"@id\":\"https:\\\/\\\/www.revistarambla.com\\\/#website\",\"url\":\"https:\\\/\\\/www.revistarambla.com\\\/\",\"name\":\"Revista Rambla Barcelona\",\"description\":\"Periodismo independiente\",\"publisher\":{\"@id\":\"https:\\\/\\\/www.revistarambla.com\\\/#organization\"},\"potentialAction\":[{\"@type\":\"SearchAction\",\"target\":{\"@type\":\"EntryPoint\",\"urlTemplate\":\"https:\\\/\\\/www.revistarambla.com\\\/?s={search_term_string}\"},\"query-input\":{\"@type\":\"PropertyValueSpecification\",\"valueRequired\":true,\"valueName\":\"search_term_string\"}}],\"inLanguage\":\"en-GB\"},{\"@type\":\"Organization\",\"@id\":\"https:\\\/\\\/www.revistarambla.com\\\/#organization\",\"name\":\"Revista Rambla\",\"url\":\"https:\\\/\\\/www.revistarambla.com\\\/\",\"logo\":{\"@type\":\"ImageObject\",\"inLanguage\":\"en-GB\",\"@id\":\"https:\\\/\\\/www.revistarambla.com\\\/#\\\/schema\\\/logo\\\/image\\\/\",\"url\":\"https:\\\/\\\/www.revistarambla.com\\\/wp-content\\\/uploads\\\/2020\\\/09\\\/banner_rambla_1900x600_BB.png\",\"contentUrl\":\"https:\\\/\\\/www.revistarambla.com\\\/wp-content\\\/uploads\\\/2020\\\/09\\\/banner_rambla_1900x600_BB.png\",\"width\":1900,\"height\":600,\"caption\":\"Revista Rambla\"},\"image\":{\"@id\":\"https:\\\/\\\/www.revistarambla.com\\\/#\\\/schema\\\/logo\\\/image\\\/\"},\"sameAs\":[\"https:\\\/\\\/www.facebook.com\\\/revistarambla\\\/\",\"https:\\\/\\\/x.com\\\/revistarambla\",\"https:\\\/\\\/www.instagram.com\\\/revista_rambla\",\"https:\\\/\\\/es.linkedin.com\\\/company\\\/revista-rambla\"]},{\"@type\":\"Person\",\"@id\":\"https:\\\/\\\/www.revistarambla.com\\\/#\\\/schema\\\/person\\\/9b4378c82c48caa37acecffb9450e934\",\"name\":\"Ra\u00fal Alfonso Allain Vega\",\"description\":\"Escritor, poeta, editor y soci\u00f3logo. Presidente del Instituto Peruano de la Juventud (IPJ) y director de Editorial R\u00edo Negro.\",\"sameAs\":[\"https:\\\/\\\/en.m.wikipedia.org\\\/wiki\\\/Ra%C3%BAl_Allain\",\"https:\\\/\\\/www.facebook.com\\\/raul.allainvega\",\"https:\\\/\\\/x.com\\\/RaulAllain\"]}]}<\/script>\n<!-- \/ Yoast SEO plugin. -->","yoast_head_json":{"title":"Conflictos sociales en el Per\u00fa - Revista Rambla","robots":{"index":"index","follow":"follow","max-snippet":"max-snippet:-1","max-image-preview":"max-image-preview:large","max-video-preview":"max-video-preview:-1"},"canonical":"https:\/\/www.revistarambla.com\/en\/conflictos-sociales-en-el-peru\/","og_locale":"en_GB","og_type":"article","og_title":"Conflictos sociales en el Per\u00fa - Revista Rambla","og_description":"Mientras los peruanos enfrentamos la crisis pol\u00edtica y social, la corrupci\u00f3n de funcionarios del Estado, el incremento de la delincuencia y el crimen organizado, hay otros problemas que se asoman sigilosamente.","og_url":"https:\/\/www.revistarambla.com\/en\/conflictos-sociales-en-el-peru\/","og_site_name":"Revista Rambla","article_publisher":"https:\/\/www.facebook.com\/revistarambla\/","article_author":"https:\/\/www.facebook.com\/raul.allainvega","article_published_time":"2022-06-01T09:46:33+00:00","og_image":[{"width":2047,"height":1365,"url":"https:\/\/www.revistarambla.com\/wp-content\/uploads\/2022\/06\/14817957008_793deafdd5_k.jpg","type":"image\/jpeg"}],"author":"Ra\u00fal Alfonso Allain Vega","twitter_card":"summary_large_image","twitter_creator":"@RaulAllain","twitter_site":"@revistarambla","twitter_misc":{"Written by":"Ra\u00fal Alfonso Allain Vega","Estimated reading time":"4 minutes"},"schema":{"@context":"https:\/\/schema.org","@graph":[{"@type":"Article","@id":"https:\/\/www.revistarambla.com\/conflictos-sociales-en-el-peru\/#article","isPartOf":{"@id":"https:\/\/www.revistarambla.com\/conflictos-sociales-en-el-peru\/"},"author":{"name":"Ra\u00fal Alfonso Allain Vega","@id":"https:\/\/www.revistarambla.com\/#\/schema\/person\/9b4378c82c48caa37acecffb9450e934"},"headline":"Conflictos sociales en el Per\u00fa","datePublished":"2022-06-01T09:46:33+00:00","mainEntityOfPage":{"@id":"https:\/\/www.revistarambla.com\/conflictos-sociales-en-el-peru\/"},"wordCount":741,"publisher":{"@id":"https:\/\/www.revistarambla.com\/#organization"},"image":{"@id":"https:\/\/www.revistarambla.com\/conflictos-sociales-en-el-peru\/#primaryimage"},"thumbnailUrl":"https:\/\/www.revistarambla.com\/wp-content\/uploads\/2022\/06\/14817957008_793deafdd5_k.jpg","articleSection":["Opiniones"],"inLanguage":"en-GB"},{"@type":"WebPage","@id":"https:\/\/www.revistarambla.com\/conflictos-sociales-en-el-peru\/","url":"https:\/\/www.revistarambla.com\/conflictos-sociales-en-el-peru\/","name":"Conflictos sociales en el Per\u00fa - Revista Rambla","isPartOf":{"@id":"https:\/\/www.revistarambla.com\/#website"},"primaryImageOfPage":{"@id":"https:\/\/www.revistarambla.com\/conflictos-sociales-en-el-peru\/#primaryimage"},"image":{"@id":"https:\/\/www.revistarambla.com\/conflictos-sociales-en-el-peru\/#primaryimage"},"thumbnailUrl":"https:\/\/www.revistarambla.com\/wp-content\/uploads\/2022\/06\/14817957008_793deafdd5_k.jpg","datePublished":"2022-06-01T09:46:33+00:00","breadcrumb":{"@id":"https:\/\/www.revistarambla.com\/conflictos-sociales-en-el-peru\/#breadcrumb"},"inLanguage":"en-GB","potentialAction":[{"@type":"ReadAction","target":["https:\/\/www.revistarambla.com\/conflictos-sociales-en-el-peru\/"]}]},{"@type":"ImageObject","inLanguage":"en-GB","@id":"https:\/\/www.revistarambla.com\/conflictos-sociales-en-el-peru\/#primaryimage","url":"https:\/\/www.revistarambla.com\/wp-content\/uploads\/2022\/06\/14817957008_793deafdd5_k.jpg","contentUrl":"https:\/\/www.revistarambla.com\/wp-content\/uploads\/2022\/06\/14817957008_793deafdd5_k.jpg","width":2047,"height":1365,"caption":"indigenas peru"},{"@type":"BreadcrumbList","@id":"https:\/\/www.revistarambla.com\/conflictos-sociales-en-el-peru\/#breadcrumb","itemListElement":[{"@type":"ListItem","position":1,"name":"Portada","item":"https:\/\/www.revistarambla.com\/"},{"@type":"ListItem","position":2,"name":"Conflictos sociales en el Per\u00fa"}]},{"@type":"WebSite","@id":"https:\/\/www.revistarambla.com\/#website","url":"https:\/\/www.revistarambla.com\/","name":"Revista Rambla Barcelona","description":"Periodismo independiente","publisher":{"@id":"https:\/\/www.revistarambla.com\/#organization"},"potentialAction":[{"@type":"SearchAction","target":{"@type":"EntryPoint","urlTemplate":"https:\/\/www.revistarambla.com\/?s={search_term_string}"},"query-input":{"@type":"PropertyValueSpecification","valueRequired":true,"valueName":"search_term_string"}}],"inLanguage":"en-GB"},{"@type":"Organization","@id":"https:\/\/www.revistarambla.com\/#organization","name":"Revista Rambla","url":"https:\/\/www.revistarambla.com\/","logo":{"@type":"ImageObject","inLanguage":"en-GB","@id":"https:\/\/www.revistarambla.com\/#\/schema\/logo\/image\/","url":"https:\/\/www.revistarambla.com\/wp-content\/uploads\/2020\/09\/banner_rambla_1900x600_BB.png","contentUrl":"https:\/\/www.revistarambla.com\/wp-content\/uploads\/2020\/09\/banner_rambla_1900x600_BB.png","width":1900,"height":600,"caption":"Revista Rambla"},"image":{"@id":"https:\/\/www.revistarambla.com\/#\/schema\/logo\/image\/"},"sameAs":["https:\/\/www.facebook.com\/revistarambla\/","https:\/\/x.com\/revistarambla","https:\/\/www.instagram.com\/revista_rambla","https:\/\/es.linkedin.com\/company\/revista-rambla"]},{"@type":"Person","@id":"https:\/\/www.revistarambla.com\/#\/schema\/person\/9b4378c82c48caa37acecffb9450e934","name":"Ra\u00fal Alfonso Allain Vega","description":"Escritor, poeta, editor y soci\u00f3logo. Presidente del Instituto Peruano de la Juventud (IPJ) y director de Editorial R\u00edo Negro.","sameAs":["https:\/\/en.m.wikipedia.org\/wiki\/Ra%C3%BAl_Allain","https:\/\/www.facebook.com\/raul.allainvega","https:\/\/x.com\/RaulAllain"]}]}},"_links":{"self":[{"href":"https:\/\/www.revistarambla.com\/en\/wp-json\/wp\/v2\/posts\/42684","targetHints":{"allow":["GET"]}}],"collection":[{"href":"https:\/\/www.revistarambla.com\/en\/wp-json\/wp\/v2\/posts"}],"about":[{"href":"https:\/\/www.revistarambla.com\/en\/wp-json\/wp\/v2\/types\/post"}],"author":[{"embeddable":true,"href":"https:\/\/www.revistarambla.com\/en\/wp-json\/wp\/v2\/users\/18"}],"replies":[{"embeddable":true,"href":"https:\/\/www.revistarambla.com\/en\/wp-json\/wp\/v2\/comments?post=42684"}],"version-history":[{"count":0,"href":"https:\/\/www.revistarambla.com\/en\/wp-json\/wp\/v2\/posts\/42684\/revisions"}],"wp:featuredmedia":[{"embeddable":true,"href":"https:\/\/www.revistarambla.com\/en\/wp-json\/wp\/v2\/media\/42685"}],"wp:attachment":[{"href":"https:\/\/www.revistarambla.com\/en\/wp-json\/wp\/v2\/media?parent=42684"}],"wp:term":[{"taxonomy":"category","embeddable":true,"href":"https:\/\/www.revistarambla.com\/en\/wp-json\/wp\/v2\/categories?post=42684"},{"taxonomy":"post_tag","embeddable":true,"href":"https:\/\/www.revistarambla.com\/en\/wp-json\/wp\/v2\/tags?post=42684"}],"curies":[{"name":"wp","href":"https:\/\/api.w.org\/{rel}","templated":true}]}}