{"id":42481,"date":"2022-05-25T19:45:08","date_gmt":"2022-05-25T17:45:08","guid":{"rendered":"https:\/\/www.revistarambla.com\/?p=42481"},"modified":"2025-01-23T21:40:33","modified_gmt":"2025-01-23T20:40:33","slug":"los-neoanalfabetos-espanoles","status":"publish","type":"post","link":"https:\/\/www.revistarambla.com\/en\/los-neoanalfabetos-espanoles\/","title":{"rendered":"Los neoanalfabetos espa\u00f1oles"},"content":{"rendered":"<p style=\"text-align: left;\" align=\"JUSTIFY\">En la introducci\u00f3n de uno de sus ensayos (*), C\u00e9sar Vidal relata su vivencia personal como profesor universitario. Entre 2003 y 2007, imparti\u00f3 docencia universitaria en cursos de posgrado. Sus alumnos, por lo tanto, eran licenciados, doctorandos o doctores, seleccionados entre los primeros de cada promoci\u00f3n de distintas universidades. \u201cEran la flor y la nata, sin duda, pero una flor y una nata que [\u2026] sab\u00eda muy poco\u201d, puntualiza.<\/p>\n<p style=\"text-align: left;\" align=\"JUSTIFY\">Por eso, ante la escandalosa carencia de conocimientos de sus alumnos, C. Vidal decidi\u00f3 comenzar cada clase con un sencillo test de 10 preguntas sobre el tema que se iba a abordar en clase. Los resultados obtenidos eran siempre \u201creveladores\u2026 y desoladores\u201d. Y lo peor, sigue puntualizando C. Vidal, es que todos los alumnos estaban infectados con el virus de lo pol\u00edticamente correcto. Adem\u00e1s, en sus trabajos escritos, se mostraban aventajados visitantes del \u201crinc\u00f3n del vago\u201d: entraban a saco en Internet, plagiando descaradamente lo primero que encontraban.<\/p>\n<p style=\"text-align: left;\" align=\"JUSTIFY\">Ante esta lamentable y criticable realidad, ratificada por expertos nacionales y por organismos internacionales (OCDE), C. Vidal no culpa de ello a los depauperados estudiantes, sino al desastroso sistema educativo espa\u00f1ol y al cuerpo docente que, en vez de ense\u00f1arles y hacerles adquirir conocimientos con fundamento, les hicieron perder el tiempo con frusler\u00edas. Por eso, para colmar las lagunas culturales de los j\u00f3venes universitarios y para aplacar la sed de cultura de buena parte de la sociedad espa\u00f1ola, C. Vidal escribi\u00f3 el ensayo precitado. En \u00e9l explicita el men\u00fa, la planificaci\u00f3n y la dosificaci\u00f3n de \u201clo que hay que leer\u201d, de \u201clo que se debe contemplar\u201d, de \u201clo que se debe escuchar\u201d y de \u201clo que se debe ver en teatro y en cine\u201d, para ser un \u201chonn\u00eate homme\u201d moderno.<\/p>\n<p style=\"text-align: left;\" align=\"JUSTIFY\">Siguiendo el programa propuesto, pero sin escatimar un esfuerzo constante y un trabajo sistem\u00e1tico, precisa C. Vidal, \u201cuna persona que comenzara absolutamente de cero, [\u2026], al cabo de un a\u00f1o, tendr\u00eda una cultura superior a la de la mayor\u00eda de los j\u00f3venes que entran en la universidad y, al cabo de otro a\u00f1o m\u00e1s, superar\u00eda a la aplastante mayor\u00eda de nuestros licenciados\u201d. E, incluso, a los profesores, seg\u00fan Gabriel Albiac, que es catedr\u00e1tico de filosof\u00eda en la universidad.<\/p>\n<p style=\"text-align: left;\" align=\"JUSTIFY\">Las graves y decepcionantes constataciones de C. Vidal puede hacerlas tambi\u00e9n cualquier honesto profesor universitario. Por lo que respecta a los contenidos culturales o enciclop\u00e9dicos, los estudiantes son, en general, como constata C. Vidal, aut\u00e9nticas \u201ctabula rasa\u201d. Por otro lado, y esto es a\u00fan mucho m\u00e1s grave, los nuevos estudiantes <a href=\"http:\/\/honrad.blogspot.com\/2020\/11\/que-se-ensena-y-que-se-aprende-en-las.html\">llegan a la universidad sin los conocimientos instrumentales absolutamente necesarios<\/a> para sacar provecho de la estancia en la universidad. En efecto, sus <a href=\"https:\/\/honrad.blogspot.com\/2020\/02\/que-cono-es-eso-de-la-lectura_1.html\">competencias en lectura<\/a> y en <a href=\"https:\/\/honrad.blogspot.com\/2020\/02\/que-cono-es-eso-de-la-escritura_12.html\">expresi\u00f3n oral y escrita<\/a> tienen m\u00e1s agujeros que un queso gruyer. Y, con alforjas tan livianas, no se pueden pedir peras al olmo ni ir muy lejos. Y lo m\u00e1s grave de todo es que no son conscientes de esto y, por eso, no manifiestan ning\u00fan inter\u00e9s en adquirir estos conocimientos instrumentales para llegar a ser aut\u00f3nomos en las ense\u00f1anzas y los aprendizajes universitarios y en la formaci\u00f3n continua o continuada posterior; y, as\u00ed, poder abandonar el estatus de aves de corral, siempre dependientes de esos lazarillos llamados profesores, y volar como \u00e1guilas reales.<\/p>\n<p align=\"JUSTIFY\"><img decoding=\"async\" class=\"aligncenter wp-image-42482 size-full\" src=\"https:\/\/www.revistarambla.com\/wp-content\/uploads\/2022\/05\/cartoon.jpg\" alt=\"\" width=\"353\" height=\"225\" srcset=\"https:\/\/www.revistarambla.com\/wp-content\/uploads\/2022\/05\/cartoon.jpg 353w, https:\/\/www.revistarambla.com\/wp-content\/uploads\/2022\/05\/cartoon-18x12.jpg 18w\" sizes=\"(max-width: 353px) 100vw, 353px\" \/><\/p>\n<p style=\"text-align: left;\" align=\"JUSTIFY\">La vivencia de C. Vidal y la m\u00eda propia me han tra\u00eddo a las mientes un ensayo (**) de Pedro Salinas sobre los analfabetos, los alfabetos y los neoanalfabetos. Para \u00e9l, la lectura y la escritura son dos aprendizajes escolares fundamentales, que transmutan a los seres humanos de \u201canalfabetos\u201d (no saber leer ni escribir), que es el estado cong\u00e9nito del ser humano, en \u201calfabetos\u201d (saber leer y escribir). Ahora bien, en Espa\u00f1a, demasiados espa\u00f1oles alfabetizados no leen y no escriben nunca o leen y escriben muy poco y s\u00f3lo sobre temas profesionales. Seg\u00fan P. Salinas, en ambos casos, por falta de uso, se produce una regresi\u00f3n, que devuelve a los \u201calfabetizados\u201d al \u201canalfabetismo pr\u00edstino\u201d, convirti\u00e9ndolos en \u201cneoanalfabetos\u201d o \u201canalfabetos funcionales\u201d.<\/p>\n<p style=\"text-align: left;\" align=\"JUSTIFY\">La vuelta al redil del neoanalfabetismo y de la incultura no es fruto de la casualidad sino de la causalidad. Sin \u00e1nimo de ser exhaustivo, s\u00f3lo quiero indicar dos causas. Por un lado, la calidad de la ense\u00f1anza en Espa\u00f1a, que deja much\u00edsimo que desear. En 40 a\u00f1os, ha habido 9 reformas educativas, para disimular los deplorables resultados educativos espa\u00f1oles (abandono escolar, porcentajes de repetidores y de suspensos, deficientes competencias adquiridas por los alumnos, etc.) en las evaluaciones internacionales. Estos cambios normativos han degradado progresiva e inexorablemente la educaci\u00f3n espa\u00f1ola. Para muestra, basta el bot\u00f3n de la \u00faltima reforma de la ministra Pilar Alegr\u00eda: se puede promocionar de curso con suspensos, las recuperaciones dejan de ser obligatorias, se puede obtener el t\u00edtulo de ESO y de Bachillerato con asignaturas suspensas, recorte de contenidos en historia, en filosof\u00eda, etc.<\/p>\n<p style=\"text-align: left;\" align=\"JUSTIFY\">Y, por el otro, el consumo desenfrenado y masivo de los productos accesibles por medio de pantallas (TV, m\u00f3viles, tabletas, ordenadores,\u2026) ha contribuido a degradar, a\u00fan m\u00e1s, las competencias culturales o enciclop\u00e9dicas y ling\u00fc\u00edsticas de la poblaci\u00f3n espa\u00f1ola. El mal uso y el abuso masivos de las pantallas, como ha quedado demostrado en otro lagar, son <a href=\"https:\/\/honrad.blogspot.com\/2021\/02\/las-pantallas-progenitoras-de-cretinos.html\">f\u00e1bricas de cretinos digitales<\/a>, empeoran los <a href=\"https:\/\/honrad.blogspot.com\/2021\/02\/las-pantallas-y-los-resultados-escolares.html\">resultados escolares<\/a>, dificultan el <a href=\"https:\/\/honrad.blogspot.com\/2021\/02\/las-pantallas-y-el-desarrollo-cognitivo.html\">desarrollo cognitivo<\/a>, degradan la <a href=\"https:\/\/honrad.blogspot.com\/2021\/03\/las-pantallas-y-la-degradacion-de-la.html\">salud de los usuarios<\/a> y, al <a href=\"https:\/\/honrad.blogspot.com\/2021\/03\/las-pantallas-y-la-multitarea.html\">propiciar la multitarea<\/a>, no contribuyen a hacer ninguna bien, seg\u00fan los principios de la \u201ccalidad total\u201d.<\/p>\n<p style=\"text-align: left;\" align=\"JUSTIFY\">Hoy, todos los espa\u00f1oles hemos pasado por la escuela y muchos o demasiados, por la universidad. Sin embargo, todo parece indicar que nuestro paso por el sistema educativo no ha permitido inocularnos el virus de la lectura y de la cultura. De ah\u00ed, el liliputiense bagaje cultural y ling\u00fc\u00edstico de las j\u00f3venes generaciones, universitarias o no. Y el desprecio hacia todo lo que huele a cultura y a buen saber-hacer ling\u00fc\u00edstico.<\/p>\n<p style=\"text-align: left;\" align=\"JUSTIFY\">Ahora bien, si seguimos el programa y el camino propuesto por C. Vidal en el ensayo precitado, conseguiremos tener, como hubiera dicho Michel de Montaigne, no s\u00f3lo \u201cune t\u00eate bien pleine\u201d sino tambi\u00e9n \u201cune t\u00eate bien faite\u201d. Para ello, como reza un mensaje publicitario de Atresmedia, para vacunarnos contra los estragos de las pantallas, \u201clevantemos la cabeza\u201d, que tenemos siempre ocupada por alguna de las numerosas y castrantes pantallas o \u201ccajas tontas\u201d. E inocul\u00e9monos a nosotros mismos el virus de la lectura y del comercio ling\u00fc\u00edstico tradicional, \u201cen t\u00eate \u00e0 t\u00eate\u201d, como fuentes prioritarias de divertimento, de ocio, de socializaci\u00f3n y de informaci\u00f3n-formaci\u00f3n.<\/p>\n<p style=\"text-align: left;\" align=\"JUSTIFY\"><em>(*) C\u00e9sar Vidal (2007), El Camino hacia la Cultura. Lo que hay que leer, ver y escuchar, Planeta, Barcelona.<\/em><\/p>\n<p style=\"text-align: left;\" align=\"JUSTIFY\"><em>(**) Pedro Salinas (1983), \u201cDefensa, impl\u00edcita, de los viejos analfabetos\u201d (pp. 255-274), in El defensor, Alianza Editorial, Madrid.<\/em><\/p>\n","protected":false},"excerpt":{"rendered":"<p>La vuelta al redil del neoanalfabetismo y de la incultura no es fruto de la casualidad sino de la causalidad<\/p>","protected":false},"author":17,"featured_media":42483,"comment_status":"closed","ping_status":"open","sticky":false,"template":"","format":"standard","meta":{"footnotes":""},"categories":[4114],"tags":[],"class_list":["post-42481","post","type-post","status-publish","format-standard","has-post-thumbnail","hentry","category-cantando-las-verdades"],"yoast_head":"<!-- This site is optimized with the Yoast SEO plugin v27.5 - https:\/\/yoast.com\/product\/yoast-seo-wordpress\/ -->\n<title>Los neoanalfabetos espa\u00f1oles - Revista Rambla<\/title>\n<meta name=\"robots\" content=\"index, follow, max-snippet:-1, max-image-preview:large, max-video-preview:-1\" \/>\n<link rel=\"canonical\" href=\"https:\/\/www.revistarambla.com\/en\/los-neoanalfabetos-espanoles\/\" \/>\n<meta property=\"og:locale\" content=\"en_GB\" \/>\n<meta property=\"og:type\" content=\"article\" \/>\n<meta property=\"og:title\" content=\"Los neoanalfabetos espa\u00f1oles - Revista Rambla\" \/>\n<meta property=\"og:description\" content=\"La vuelta al redil del neoanalfabetismo y de la incultura no es fruto de la casualidad sino de la causalidad\" \/>\n<meta property=\"og:url\" content=\"https:\/\/www.revistarambla.com\/en\/los-neoanalfabetos-espanoles\/\" \/>\n<meta property=\"og:site_name\" content=\"Revista Rambla\" \/>\n<meta property=\"article:publisher\" content=\"https:\/\/www.facebook.com\/revistarambla\/\" \/>\n<meta property=\"article:author\" content=\"https:\/\/www.facebook.com\/manuelignacio.cabezasgonzalez\" \/>\n<meta property=\"article:published_time\" content=\"2022-05-25T17:45:08+00:00\" \/>\n<meta property=\"article:modified_time\" content=\"2025-01-23T20:40:33+00:00\" \/>\n<meta property=\"og:image\" content=\"https:\/\/www.revistarambla.com\/wp-content\/uploads\/2022\/05\/children-g31409e62b_1920.jpg\" \/>\n\t<meta property=\"og:image:width\" content=\"1920\" \/>\n\t<meta property=\"og:image:height\" content=\"1277\" \/>\n\t<meta property=\"og:image:type\" content=\"image\/jpeg\" \/>\n<meta name=\"author\" content=\"Manuel Ignacio Cabezas Gonz\u00e1lez\" \/>\n<meta name=\"twitter:card\" content=\"summary_large_image\" \/>\n<meta name=\"twitter:creator\" content=\"@ManuelICabezas\" \/>\n<meta name=\"twitter:site\" content=\"@revistarambla\" \/>\n<meta name=\"twitter:label1\" content=\"Written by\" \/>\n\t<meta name=\"twitter:data1\" content=\"Manuel Ignacio Cabezas Gonz\u00e1lez\" \/>\n\t<meta name=\"twitter:label2\" content=\"Estimated reading time\" \/>\n\t<meta name=\"twitter:data2\" content=\"6 minutes\" \/>\n<script type=\"application\/ld+json\" class=\"yoast-schema-graph\">{\"@context\":\"https:\\\/\\\/schema.org\",\"@graph\":[{\"@type\":\"Article\",\"@id\":\"https:\\\/\\\/www.revistarambla.com\\\/los-neoanalfabetos-espanoles\\\/#article\",\"isPartOf\":{\"@id\":\"https:\\\/\\\/www.revistarambla.com\\\/los-neoanalfabetos-espanoles\\\/\"},\"author\":{\"name\":\"Manuel Ignacio Cabezas Gonz\u00e1lez\",\"@id\":\"https:\\\/\\\/www.revistarambla.com\\\/#\\\/schema\\\/person\\\/3d71c575842522757de7f4f9c9b40215\"},\"headline\":\"Los neoanalfabetos espa\u00f1oles\",\"datePublished\":\"2022-05-25T17:45:08+00:00\",\"dateModified\":\"2025-01-23T20:40:33+00:00\",\"mainEntityOfPage\":{\"@id\":\"https:\\\/\\\/www.revistarambla.com\\\/los-neoanalfabetos-espanoles\\\/\"},\"wordCount\":1174,\"publisher\":{\"@id\":\"https:\\\/\\\/www.revistarambla.com\\\/#organization\"},\"image\":{\"@id\":\"https:\\\/\\\/www.revistarambla.com\\\/los-neoanalfabetos-espanoles\\\/#primaryimage\"},\"thumbnailUrl\":\"https:\\\/\\\/www.revistarambla.com\\\/wp-content\\\/uploads\\\/2022\\\/05\\\/children-g31409e62b_1920.jpg\",\"articleSection\":[\"Cantando las verdades\"],\"inLanguage\":\"en-GB\"},{\"@type\":\"WebPage\",\"@id\":\"https:\\\/\\\/www.revistarambla.com\\\/los-neoanalfabetos-espanoles\\\/\",\"url\":\"https:\\\/\\\/www.revistarambla.com\\\/los-neoanalfabetos-espanoles\\\/\",\"name\":\"Los neoanalfabetos espa\u00f1oles - Revista Rambla\",\"isPartOf\":{\"@id\":\"https:\\\/\\\/www.revistarambla.com\\\/#website\"},\"primaryImageOfPage\":{\"@id\":\"https:\\\/\\\/www.revistarambla.com\\\/los-neoanalfabetos-espanoles\\\/#primaryimage\"},\"image\":{\"@id\":\"https:\\\/\\\/www.revistarambla.com\\\/los-neoanalfabetos-espanoles\\\/#primaryimage\"},\"thumbnailUrl\":\"https:\\\/\\\/www.revistarambla.com\\\/wp-content\\\/uploads\\\/2022\\\/05\\\/children-g31409e62b_1920.jpg\",\"datePublished\":\"2022-05-25T17:45:08+00:00\",\"dateModified\":\"2025-01-23T20:40:33+00:00\",\"breadcrumb\":{\"@id\":\"https:\\\/\\\/www.revistarambla.com\\\/los-neoanalfabetos-espanoles\\\/#breadcrumb\"},\"inLanguage\":\"en-GB\",\"potentialAction\":[{\"@type\":\"ReadAction\",\"target\":[\"https:\\\/\\\/www.revistarambla.com\\\/los-neoanalfabetos-espanoles\\\/\"]}]},{\"@type\":\"ImageObject\",\"inLanguage\":\"en-GB\",\"@id\":\"https:\\\/\\\/www.revistarambla.com\\\/los-neoanalfabetos-espanoles\\\/#primaryimage\",\"url\":\"https:\\\/\\\/www.revistarambla.com\\\/wp-content\\\/uploads\\\/2022\\\/05\\\/children-g31409e62b_1920.jpg\",\"contentUrl\":\"https:\\\/\\\/www.revistarambla.com\\\/wp-content\\\/uploads\\\/2022\\\/05\\\/children-g31409e62b_1920.jpg\",\"width\":1920,\"height\":1277},{\"@type\":\"BreadcrumbList\",\"@id\":\"https:\\\/\\\/www.revistarambla.com\\\/los-neoanalfabetos-espanoles\\\/#breadcrumb\",\"itemListElement\":[{\"@type\":\"ListItem\",\"position\":1,\"name\":\"Portada\",\"item\":\"https:\\\/\\\/www.revistarambla.com\\\/\"},{\"@type\":\"ListItem\",\"position\":2,\"name\":\"Los neoanalfabetos espa\u00f1oles\"}]},{\"@type\":\"WebSite\",\"@id\":\"https:\\\/\\\/www.revistarambla.com\\\/#website\",\"url\":\"https:\\\/\\\/www.revistarambla.com\\\/\",\"name\":\"Revista Rambla Barcelona\",\"description\":\"Periodismo independiente\",\"publisher\":{\"@id\":\"https:\\\/\\\/www.revistarambla.com\\\/#organization\"},\"potentialAction\":[{\"@type\":\"SearchAction\",\"target\":{\"@type\":\"EntryPoint\",\"urlTemplate\":\"https:\\\/\\\/www.revistarambla.com\\\/?s={search_term_string}\"},\"query-input\":{\"@type\":\"PropertyValueSpecification\",\"valueRequired\":true,\"valueName\":\"search_term_string\"}}],\"inLanguage\":\"en-GB\"},{\"@type\":\"Organization\",\"@id\":\"https:\\\/\\\/www.revistarambla.com\\\/#organization\",\"name\":\"Revista Rambla\",\"url\":\"https:\\\/\\\/www.revistarambla.com\\\/\",\"logo\":{\"@type\":\"ImageObject\",\"inLanguage\":\"en-GB\",\"@id\":\"https:\\\/\\\/www.revistarambla.com\\\/#\\\/schema\\\/logo\\\/image\\\/\",\"url\":\"https:\\\/\\\/www.revistarambla.com\\\/wp-content\\\/uploads\\\/2020\\\/09\\\/banner_rambla_1900x600_BB.png\",\"contentUrl\":\"https:\\\/\\\/www.revistarambla.com\\\/wp-content\\\/uploads\\\/2020\\\/09\\\/banner_rambla_1900x600_BB.png\",\"width\":1900,\"height\":600,\"caption\":\"Revista Rambla\"},\"image\":{\"@id\":\"https:\\\/\\\/www.revistarambla.com\\\/#\\\/schema\\\/logo\\\/image\\\/\"},\"sameAs\":[\"https:\\\/\\\/www.facebook.com\\\/revistarambla\\\/\",\"https:\\\/\\\/x.com\\\/revistarambla\",\"https:\\\/\\\/www.instagram.com\\\/revista_rambla\",\"https:\\\/\\\/es.linkedin.com\\\/company\\\/revista-rambla\"]},{\"@type\":\"Person\",\"@id\":\"https:\\\/\\\/www.revistarambla.com\\\/#\\\/schema\\\/person\\\/3d71c575842522757de7f4f9c9b40215\",\"name\":\"Manuel Ignacio Cabezas Gonz\u00e1lez\",\"description\":\"Doctor en Didactolog\u00eda de las Lenguas y de las Culturas. Profesor Titular de Ling\u00fc\u00edstica y de Ling\u00fc\u00edstica Aplicada. Departamento de Filolog\u00eda Francesa y Rom\u00e1nica (UAB).\",\"sameAs\":[\"http:\\\/\\\/honrad.blogspot.com\\\/\",\"https:\\\/\\\/www.facebook.com\\\/manuelignacio.cabezasgonzalez\",\"https:\\\/\\\/x.com\\\/ManuelICabezas\"]}]}<\/script>\n<!-- \/ Yoast SEO plugin. -->","yoast_head_json":{"title":"Los neoanalfabetos espa\u00f1oles - Revista Rambla","robots":{"index":"index","follow":"follow","max-snippet":"max-snippet:-1","max-image-preview":"max-image-preview:large","max-video-preview":"max-video-preview:-1"},"canonical":"https:\/\/www.revistarambla.com\/en\/los-neoanalfabetos-espanoles\/","og_locale":"en_GB","og_type":"article","og_title":"Los neoanalfabetos espa\u00f1oles - Revista Rambla","og_description":"La vuelta al redil del neoanalfabetismo y de la incultura no es fruto de la casualidad sino de la causalidad","og_url":"https:\/\/www.revistarambla.com\/en\/los-neoanalfabetos-espanoles\/","og_site_name":"Revista Rambla","article_publisher":"https:\/\/www.facebook.com\/revistarambla\/","article_author":"https:\/\/www.facebook.com\/manuelignacio.cabezasgonzalez","article_published_time":"2022-05-25T17:45:08+00:00","article_modified_time":"2025-01-23T20:40:33+00:00","og_image":[{"width":1920,"height":1277,"url":"https:\/\/www.revistarambla.com\/wp-content\/uploads\/2022\/05\/children-g31409e62b_1920.jpg","type":"image\/jpeg"}],"author":"Manuel Ignacio Cabezas Gonz\u00e1lez","twitter_card":"summary_large_image","twitter_creator":"@ManuelICabezas","twitter_site":"@revistarambla","twitter_misc":{"Written by":"Manuel Ignacio Cabezas Gonz\u00e1lez","Estimated reading time":"6 minutes"},"schema":{"@context":"https:\/\/schema.org","@graph":[{"@type":"Article","@id":"https:\/\/www.revistarambla.com\/los-neoanalfabetos-espanoles\/#article","isPartOf":{"@id":"https:\/\/www.revistarambla.com\/los-neoanalfabetos-espanoles\/"},"author":{"name":"Manuel Ignacio Cabezas Gonz\u00e1lez","@id":"https:\/\/www.revistarambla.com\/#\/schema\/person\/3d71c575842522757de7f4f9c9b40215"},"headline":"Los neoanalfabetos espa\u00f1oles","datePublished":"2022-05-25T17:45:08+00:00","dateModified":"2025-01-23T20:40:33+00:00","mainEntityOfPage":{"@id":"https:\/\/www.revistarambla.com\/los-neoanalfabetos-espanoles\/"},"wordCount":1174,"publisher":{"@id":"https:\/\/www.revistarambla.com\/#organization"},"image":{"@id":"https:\/\/www.revistarambla.com\/los-neoanalfabetos-espanoles\/#primaryimage"},"thumbnailUrl":"https:\/\/www.revistarambla.com\/wp-content\/uploads\/2022\/05\/children-g31409e62b_1920.jpg","articleSection":["Cantando las verdades"],"inLanguage":"en-GB"},{"@type":"WebPage","@id":"https:\/\/www.revistarambla.com\/los-neoanalfabetos-espanoles\/","url":"https:\/\/www.revistarambla.com\/los-neoanalfabetos-espanoles\/","name":"Los neoanalfabetos espa\u00f1oles - Revista Rambla","isPartOf":{"@id":"https:\/\/www.revistarambla.com\/#website"},"primaryImageOfPage":{"@id":"https:\/\/www.revistarambla.com\/los-neoanalfabetos-espanoles\/#primaryimage"},"image":{"@id":"https:\/\/www.revistarambla.com\/los-neoanalfabetos-espanoles\/#primaryimage"},"thumbnailUrl":"https:\/\/www.revistarambla.com\/wp-content\/uploads\/2022\/05\/children-g31409e62b_1920.jpg","datePublished":"2022-05-25T17:45:08+00:00","dateModified":"2025-01-23T20:40:33+00:00","breadcrumb":{"@id":"https:\/\/www.revistarambla.com\/los-neoanalfabetos-espanoles\/#breadcrumb"},"inLanguage":"en-GB","potentialAction":[{"@type":"ReadAction","target":["https:\/\/www.revistarambla.com\/los-neoanalfabetos-espanoles\/"]}]},{"@type":"ImageObject","inLanguage":"en-GB","@id":"https:\/\/www.revistarambla.com\/los-neoanalfabetos-espanoles\/#primaryimage","url":"https:\/\/www.revistarambla.com\/wp-content\/uploads\/2022\/05\/children-g31409e62b_1920.jpg","contentUrl":"https:\/\/www.revistarambla.com\/wp-content\/uploads\/2022\/05\/children-g31409e62b_1920.jpg","width":1920,"height":1277},{"@type":"BreadcrumbList","@id":"https:\/\/www.revistarambla.com\/los-neoanalfabetos-espanoles\/#breadcrumb","itemListElement":[{"@type":"ListItem","position":1,"name":"Portada","item":"https:\/\/www.revistarambla.com\/"},{"@type":"ListItem","position":2,"name":"Los neoanalfabetos espa\u00f1oles"}]},{"@type":"WebSite","@id":"https:\/\/www.revistarambla.com\/#website","url":"https:\/\/www.revistarambla.com\/","name":"Revista Rambla Barcelona","description":"Periodismo independiente","publisher":{"@id":"https:\/\/www.revistarambla.com\/#organization"},"potentialAction":[{"@type":"SearchAction","target":{"@type":"EntryPoint","urlTemplate":"https:\/\/www.revistarambla.com\/?s={search_term_string}"},"query-input":{"@type":"PropertyValueSpecification","valueRequired":true,"valueName":"search_term_string"}}],"inLanguage":"en-GB"},{"@type":"Organization","@id":"https:\/\/www.revistarambla.com\/#organization","name":"Revista Rambla","url":"https:\/\/www.revistarambla.com\/","logo":{"@type":"ImageObject","inLanguage":"en-GB","@id":"https:\/\/www.revistarambla.com\/#\/schema\/logo\/image\/","url":"https:\/\/www.revistarambla.com\/wp-content\/uploads\/2020\/09\/banner_rambla_1900x600_BB.png","contentUrl":"https:\/\/www.revistarambla.com\/wp-content\/uploads\/2020\/09\/banner_rambla_1900x600_BB.png","width":1900,"height":600,"caption":"Revista Rambla"},"image":{"@id":"https:\/\/www.revistarambla.com\/#\/schema\/logo\/image\/"},"sameAs":["https:\/\/www.facebook.com\/revistarambla\/","https:\/\/x.com\/revistarambla","https:\/\/www.instagram.com\/revista_rambla","https:\/\/es.linkedin.com\/company\/revista-rambla"]},{"@type":"Person","@id":"https:\/\/www.revistarambla.com\/#\/schema\/person\/3d71c575842522757de7f4f9c9b40215","name":"Manuel Ignacio Cabezas Gonz\u00e1lez","description":"Doctor en Didactolog\u00eda de las Lenguas y de las Culturas. Profesor Titular de Ling\u00fc\u00edstica y de Ling\u00fc\u00edstica Aplicada. Departamento de Filolog\u00eda Francesa y Rom\u00e1nica (UAB).","sameAs":["http:\/\/honrad.blogspot.com\/","https:\/\/www.facebook.com\/manuelignacio.cabezasgonzalez","https:\/\/x.com\/ManuelICabezas"]}]}},"_links":{"self":[{"href":"https:\/\/www.revistarambla.com\/en\/wp-json\/wp\/v2\/posts\/42481","targetHints":{"allow":["GET"]}}],"collection":[{"href":"https:\/\/www.revistarambla.com\/en\/wp-json\/wp\/v2\/posts"}],"about":[{"href":"https:\/\/www.revistarambla.com\/en\/wp-json\/wp\/v2\/types\/post"}],"author":[{"embeddable":true,"href":"https:\/\/www.revistarambla.com\/en\/wp-json\/wp\/v2\/users\/17"}],"replies":[{"embeddable":true,"href":"https:\/\/www.revistarambla.com\/en\/wp-json\/wp\/v2\/comments?post=42481"}],"version-history":[{"count":1,"href":"https:\/\/www.revistarambla.com\/en\/wp-json\/wp\/v2\/posts\/42481\/revisions"}],"predecessor-version":[{"id":64085,"href":"https:\/\/www.revistarambla.com\/en\/wp-json\/wp\/v2\/posts\/42481\/revisions\/64085"}],"wp:featuredmedia":[{"embeddable":true,"href":"https:\/\/www.revistarambla.com\/en\/wp-json\/wp\/v2\/media\/42483"}],"wp:attachment":[{"href":"https:\/\/www.revistarambla.com\/en\/wp-json\/wp\/v2\/media?parent=42481"}],"wp:term":[{"taxonomy":"category","embeddable":true,"href":"https:\/\/www.revistarambla.com\/en\/wp-json\/wp\/v2\/categories?post=42481"},{"taxonomy":"post_tag","embeddable":true,"href":"https:\/\/www.revistarambla.com\/en\/wp-json\/wp\/v2\/tags?post=42481"}],"curies":[{"name":"wp","href":"https:\/\/api.w.org\/{rel}","templated":true}]}}